{"id":31512,"date":"2021-09-21T08:02:53","date_gmt":"2021-09-21T06:02:53","guid":{"rendered":"https:\/\/guineediversite.com\/?p=31512"},"modified":"2021-09-21T10:35:54","modified_gmt":"2021-09-21T08:35:54","slug":"seize-jours-apres-le-coup-detat-le-prix-des-denrees-premieres-necessite-pourront-elle-connaitre-une-baisse","status":"publish","type":"post","link":"https:\/\/guineediversite.com\/index.php\/2021\/09\/21\/seize-jours-apres-le-coup-detat-le-prix-des-denrees-premieres-necessite-pourront-elle-connaitre-une-baisse\/","title":{"rendered":"Seize jours apr\u00e8s le coup d\u2019\u00c9tat, les prix des denr\u00e9es de premi\u00e8re n\u00e9cessit\u00e9 pourront-ils connaitre une baisse"},"content":{"rendered":"<p>Le pr\u00e9sident du Groupe des Organisations des Hommes d\u2019Affaires, s\u2019est exprim\u00e9 sur la prise du pouvoir par la junte militaire.<\/p>\n<p>Mr Ch\u00e9rif Abdalah a peine arriv\u00e9e dans le pays, apr\u00e8s le renversement du pouvoir Cond\u00e9, a dans cette interview accord\u00e9e \u00e0 notre r\u00e9daction \u00e9voqu\u00e9e la situation dans laquelle se trouvent les commer\u00e7ants bloqu\u00e9s dans les fronti\u00e8res avec leurs marchandises, il dira \u00ab <em>oui je suis en contact avec tous les commer\u00e7ants et transporteurs bloqu\u00e9s au niveau des fronti\u00e8res. D\u2019abord ils sont tr\u00e8s contents par rapport \u00e0 ce coup de paix op\u00e9r\u00e9 par le colonel Mamady Doumbouyah et son \u00e9quipe. Moi je ne qualifie pas \u00e7\u00e0 comme un coup d\u2019\u00c9tat, je l\u2019ai toujours dit que c\u2019est un coup de paix(\u2026). Comme toutes les fronti\u00e8res seront ouvertes bient\u00f4t, tous les commer\u00e7ants se pr\u00e9parent l\u00e0-bas pour rentrer au pays<\/em> \u00bb.<\/p>\n<p>il ( Cherif Abdalah Ndlr) dit avoir demand\u00e9 aux op\u00e9rateurs \u00e9conomiques d\u2019accompagner les militaires dans la transition.<\/p>\n<p>Sur la question de savoir apr\u00e8s ce coup D\u2019\u00c9tat qu\u2019il ( Cherif Abdalah Ndlr) qualifie de coup de paix, est-ce que les prix des denr\u00e9es de premi\u00e8re n\u00e9cessit\u00e9 conna\u00eetront une baisse ? Il r\u00e9pond \u00ab <em>vous savez le prix de marchandise est beaucoup li\u00e9 au carburant, l\u2019augmentation du carburant a tellement secou\u00e9 les op\u00e9rateurs \u00e9conomiques. Vous savez ce coup de paix op\u00e9r\u00e9 par l\u2019arm\u00e9e, nous avons trouv\u00e9s dans les difficult\u00e9s \u00e9normes et c\u2019est ce qui pose probl\u00e8me. Sinon si c\u2019est la volont\u00e9 seulement, l\u2019ensemble des op\u00e9rateurs ont \u00e7\u00e0. La douane co\u00fbte extr\u00eamement cher et ainsi que le prix du carburant. Mais malgr\u00e9 tout cela, nous avons lanc\u00e9 des appels \u00e0 l\u2019endroit des op\u00e9rateurs \u00e9conomiques de faire des efforts. je pense qu\u2019il est n\u00e9cessaire de se concerter avec les nouvelles autorit\u00e9s, voir dans quelle mesure on peut trouver des solutions pour que les taxes soient diminu\u00e9es, ainsi que le carburant. Pour le prix des denr\u00e9es baiss\u00e9 dans les march\u00e9s, il faut n\u00e9cessairement qu\u2019on travaille avec les autorit\u00e9s militaires<\/em> \u00bb, a-t-il martel\u00e9.<\/p>\n<p>Il faut rappeler que, le prix des denr\u00e9es de premi\u00e8re n\u00e9cessit\u00e9 n\u2019a toujours pas connu de baisse, nombreux sont ces citoyens qui peinent \u00e0 joindre les deux bouts.<\/p>\n","protected":false},"excerpt":{"rendered":"<p>Le pr\u00e9sident du Groupe des Organisations des Hommes d\u2019Affaires, s\u2019est exprim\u00e9 sur la prise du pouvoir par la junte militaire. Mr Ch\u00e9rif Abdalah a peine arriv\u00e9e dans le pays, apr\u00e8s le renversement du pouvoir Cond\u00e9, a dans cette interview accord\u00e9e \u00e0 notre r\u00e9daction \u00e9voqu\u00e9e la situation dans laquelle se trouvent les commer\u00e7ants bloqu\u00e9s dans les [&hellip;]<\/p>\n","protected":false},"author":10,"featured_media":30835,"comment_status":"closed","ping_status":"open","sticky":false,"template":"","format":"standard","meta":{"_exactmetrics_skip_tracking":false,"_exactmetrics_sitenote_active":false,"_exactmetrics_sitenote_note":"","_exactmetrics_sitenote_category":0,"tdm_status":"","tdm_grid_status":"","footnotes":""},"categories":[16],"tags":[],"class_list":{"0":"post-31512","1":"post","2":"type-post","3":"status-publish","4":"format-standard","5":"has-post-thumbnail","7":"category-societe"},"yoast_head":"<!-- This site is optimized with the Yoast SEO plugin v24.2 - https:\/\/yoast.com\/wordpress\/plugins\/seo\/ -->\n<title>Seize jours apr\u00e8s le coup d\u2019\u00c9tat, les prix des denr\u00e9es de premi\u00e8re n\u00e9cessit\u00e9 pourront-ils connaitre une baisse | Guin\u00e9e Diversit\u00e9<\/title>\n<meta name=\"robots\" content=\"index, follow, max-snippet:-1, max-image-preview:large, max-video-preview:-1\" \/>\n<link rel=\"canonical\" href=\"https:\/\/guineediversite.com\/index.php\/2021\/09\/21\/seize-jours-apres-le-coup-detat-le-prix-des-denrees-premieres-necessite-pourront-elle-connaitre-une-baisse\/\" \/>\n<meta property=\"og:locale\" content=\"fr_FR\" \/>\n<meta property=\"og:type\" content=\"article\" \/>\n<meta property=\"og:title\" content=\"Seize jours apr\u00e8s le coup d\u2019\u00c9tat, les prix des denr\u00e9es de premi\u00e8re n\u00e9cessit\u00e9 pourront-ils connaitre une baisse | Guin\u00e9e Diversit\u00e9\" \/>\n<meta property=\"og:description\" content=\"Le pr\u00e9sident du Groupe des Organisations des Hommes d\u2019Affaires, s\u2019est exprim\u00e9 sur la prise du pouvoir par la junte militaire. Mr Ch\u00e9rif Abdalah a peine arriv\u00e9e dans le pays, apr\u00e8s le renversement du pouvoir Cond\u00e9, a dans cette interview accord\u00e9e \u00e0 notre r\u00e9daction \u00e9voqu\u00e9e la situation dans laquelle se trouvent les commer\u00e7ants bloqu\u00e9s dans les [&hellip;]\" \/>\n<meta property=\"og:url\" content=\"https:\/\/guineediversite.com\/index.php\/2021\/09\/21\/seize-jours-apres-le-coup-detat-le-prix-des-denrees-premieres-necessite-pourront-elle-connaitre-une-baisse\/\" \/>\n<meta property=\"og:site_name\" content=\"Guin\u00e9e Diversit\u00e9\" \/>\n<meta property=\"article:publisher\" content=\"https:\/\/www.facebook.com\/guineediversite\/\" \/>\n<meta property=\"article:published_time\" content=\"2021-09-21T06:02:53+00:00\" \/>\n<meta property=\"article:modified_time\" content=\"2021-09-21T08:35:54+00:00\" \/>\n<meta property=\"og:image\" content=\"https:\/\/guineediversite.com\/wp-content\/uploads\/2021\/03\/le-president-du-GOHA.jpg\" \/>\n\t<meta property=\"og:image:width\" content=\"1500\" \/>\n\t<meta property=\"og:image:height\" content=\"930\" \/>\n\t<meta property=\"og:image:type\" content=\"image\/jpeg\" \/>\n<meta name=\"author\" content=\"Morcire Camara\" \/>\n<meta name=\"twitter:card\" content=\"summary_large_image\" \/>\n<meta name=\"twitter:creator\" content=\"@GuineeDiversite\" \/>\n<meta name=\"twitter:site\" content=\"@GuineeDiversite\" \/>\n<meta name=\"twitter:label1\" content=\"\u00c9crit par\" \/>\n\t<meta name=\"twitter:data1\" content=\"Morcire Camara\" \/>\n\t<meta name=\"twitter:label2\" content=\"Dur\u00e9e de lecture estim\u00e9e\" \/>\n\t<meta name=\"twitter:data2\" content=\"2 minutes\" \/>\n<script type=\"application\/ld+json\" class=\"yoast-schema-graph\">{\"@context\":\"https:\/\/schema.org\",\"@graph\":[{\"@type\":\"Article\",\"@id\":\"https:\/\/guineediversite.com\/index.php\/2021\/09\/21\/seize-jours-apres-le-coup-detat-le-prix-des-denrees-premieres-necessite-pourront-elle-connaitre-une-baisse\/#article\",\"isPartOf\":{\"@id\":\"https:\/\/guineediversite.com\/index.php\/2021\/09\/21\/seize-jours-apres-le-coup-detat-le-prix-des-denrees-premieres-necessite-pourront-elle-connaitre-une-baisse\/\"},\"author\":{\"name\":\"Morcire Camara\",\"@id\":\"https:\/\/guineediversite.com\/#\/schema\/person\/fa362494c47202ce4b3adf55abcc9d01\"},\"headline\":\"Seize jours apr\u00e8s le coup d\u2019\u00c9tat, les prix des denr\u00e9es de premi\u00e8re n\u00e9cessit\u00e9 pourront-ils connaitre une baisse\",\"datePublished\":\"2021-09-21T06:02:53+00:00\",\"dateModified\":\"2021-09-21T08:35:54+00:00\",\"mainEntityOfPage\":{\"@id\":\"https:\/\/guineediversite.com\/index.php\/2021\/09\/21\/seize-jours-apres-le-coup-detat-le-prix-des-denrees-premieres-necessite-pourront-elle-connaitre-une-baisse\/\"},\"wordCount\":426,\"publisher\":{\"@id\":\"https:\/\/guineediversite.com\/#organization\"},\"image\":{\"@id\":\"https:\/\/guineediversite.com\/index.php\/2021\/09\/21\/seize-jours-apres-le-coup-detat-le-prix-des-denrees-premieres-necessite-pourront-elle-connaitre-une-baisse\/#primaryimage\"},\"thumbnailUrl\":\"https:\/\/guineediversite.com\/wp-content\/uploads\/2021\/03\/le-president-du-GOHA.jpg\",\"articleSection\":[\"Soci\u00e9t\u00e9\"],\"inLanguage\":\"fr-FR\"},{\"@type\":\"WebPage\",\"@id\":\"https:\/\/guineediversite.com\/index.php\/2021\/09\/21\/seize-jours-apres-le-coup-detat-le-prix-des-denrees-premieres-necessite-pourront-elle-connaitre-une-baisse\/\",\"url\":\"https:\/\/guineediversite.com\/index.php\/2021\/09\/21\/seize-jours-apres-le-coup-detat-le-prix-des-denrees-premieres-necessite-pourront-elle-connaitre-une-baisse\/\",\"name\":\"Seize jours apr\u00e8s le coup d\u2019\u00c9tat, les prix des denr\u00e9es de premi\u00e8re n\u00e9cessit\u00e9 pourront-ils connaitre une baisse | Guin\u00e9e Diversit\u00e9\",\"isPartOf\":{\"@id\":\"https:\/\/guineediversite.com\/#website\"},\"primaryImageOfPage\":{\"@id\":\"https:\/\/guineediversite.com\/index.php\/2021\/09\/21\/seize-jours-apres-le-coup-detat-le-prix-des-denrees-premieres-necessite-pourront-elle-connaitre-une-baisse\/#primaryimage\"},\"image\":{\"@id\":\"https:\/\/guineediversite.com\/index.php\/2021\/09\/21\/seize-jours-apres-le-coup-detat-le-prix-des-denrees-premieres-necessite-pourront-elle-connaitre-une-baisse\/#primaryimage\"},\"thumbnailUrl\":\"https:\/\/guineediversite.com\/wp-content\/uploads\/2021\/03\/le-president-du-GOHA.jpg\",\"datePublished\":\"2021-09-21T06:02:53+00:00\",\"dateModified\":\"2021-09-21T08:35:54+00:00\",\"breadcrumb\":{\"@id\":\"https:\/\/guineediversite.com\/index.php\/2021\/09\/21\/seize-jours-apres-le-coup-detat-le-prix-des-denrees-premieres-necessite-pourront-elle-connaitre-une-baisse\/#breadcrumb\"},\"inLanguage\":\"fr-FR\",\"potentialAction\":[{\"@type\":\"ReadAction\",\"target\":[\"https:\/\/guineediversite.com\/index.php\/2021\/09\/21\/seize-jours-apres-le-coup-detat-le-prix-des-denrees-premieres-necessite-pourront-elle-connaitre-une-baisse\/\"]}]},{\"@type\":\"ImageObject\",\"inLanguage\":\"fr-FR\",\"@id\":\"https:\/\/guineediversite.com\/index.php\/2021\/09\/21\/seize-jours-apres-le-coup-detat-le-prix-des-denrees-premieres-necessite-pourront-elle-connaitre-une-baisse\/#primaryimage\",\"url\":\"https:\/\/guineediversite.com\/wp-content\/uploads\/2021\/03\/le-president-du-GOHA.jpg\",\"contentUrl\":\"https:\/\/guineediversite.com\/wp-content\/uploads\/2021\/03\/le-president-du-GOHA.jpg\",\"width\":1500,\"height\":930},{\"@type\":\"BreadcrumbList\",\"@id\":\"https:\/\/guineediversite.com\/index.php\/2021\/09\/21\/seize-jours-apres-le-coup-detat-le-prix-des-denrees-premieres-necessite-pourront-elle-connaitre-une-baisse\/#breadcrumb\",\"itemListElement\":[{\"@type\":\"ListItem\",\"position\":1,\"name\":\"Accueil\",\"item\":\"https:\/\/guineediversite.com\/\"},{\"@type\":\"ListItem\",\"position\":2,\"name\":\"Seize jours apr\u00e8s le coup d\u2019\u00c9tat, les prix des denr\u00e9es de premi\u00e8re n\u00e9cessit\u00e9 pourront-ils connaitre une baisse\"}]},{\"@type\":\"WebSite\",\"@id\":\"https:\/\/guineediversite.com\/#website\",\"url\":\"https:\/\/guineediversite.com\/\",\"name\":\"Guin\u00e9e Diversit\u00e9\",\"description\":\"L&#039;Info dans toute sa diversit\u00e9\",\"publisher\":{\"@id\":\"https:\/\/guineediversite.com\/#organization\"},\"potentialAction\":[{\"@type\":\"SearchAction\",\"target\":{\"@type\":\"EntryPoint\",\"urlTemplate\":\"https:\/\/guineediversite.com\/?s={search_term_string}\"},\"query-input\":{\"@type\":\"PropertyValueSpecification\",\"valueRequired\":true,\"valueName\":\"search_term_string\"}}],\"inLanguage\":\"fr-FR\"},{\"@type\":\"Organization\",\"@id\":\"https:\/\/guineediversite.com\/#organization\",\"name\":\"Guin\u00e9e Diversit\u00e9\",\"url\":\"https:\/\/guineediversite.com\/\",\"logo\":{\"@type\":\"ImageObject\",\"inLanguage\":\"fr-FR\",\"@id\":\"https:\/\/guineediversite.com\/#\/schema\/logo\/image\/\",\"url\":\"https:\/\/guineediversite.com\/wp-content\/uploads\/2017\/04\/cropped-1jojlxEOMkX9Wyqfhe43D6kjPOGqBBKmx3EwWJqZ0cMrFF54yM49.png\",\"contentUrl\":\"https:\/\/guineediversite.com\/wp-content\/uploads\/2017\/04\/cropped-1jojlxEOMkX9Wyqfhe43D6kjPOGqBBKmx3EwWJqZ0cMrFF54yM49.png\",\"width\":186,\"height\":112,\"caption\":\"Guin\u00e9e Diversit\u00e9\"},\"image\":{\"@id\":\"https:\/\/guineediversite.com\/#\/schema\/logo\/image\/\"},\"sameAs\":[\"https:\/\/www.facebook.com\/guineediversite\/\",\"https:\/\/x.com\/GuineeDiversite\",\"https:\/\/www.youtube.com\/channel\/UC8sUY16qelG5ge6_D5SB83g\"]},{\"@type\":\"Person\",\"@id\":\"https:\/\/guineediversite.com\/#\/schema\/person\/fa362494c47202ce4b3adf55abcc9d01\",\"name\":\"Morcire Camara\",\"image\":{\"@type\":\"ImageObject\",\"inLanguage\":\"fr-FR\",\"@id\":\"https:\/\/guineediversite.com\/#\/schema\/person\/image\/\",\"url\":\"https:\/\/secure.gravatar.com\/avatar\/3ec324f02295bbcebe03d99b39330ab4?s=96&d=mm&r=g\",\"contentUrl\":\"https:\/\/secure.gravatar.com\/avatar\/3ec324f02295bbcebe03d99b39330ab4?s=96&d=mm&r=g\",\"caption\":\"Morcire Camara\"},\"url\":\"https:\/\/guineediversite.com\/index.php\/author\/morcire\/\"}]}<\/script>\n<!-- \/ Yoast SEO plugin. -->","yoast_head_json":{"title":"Seize jours apr\u00e8s le coup d\u2019\u00c9tat, les prix des denr\u00e9es de premi\u00e8re n\u00e9cessit\u00e9 pourront-ils connaitre une baisse | Guin\u00e9e Diversit\u00e9","robots":{"index":"index","follow":"follow","max-snippet":"max-snippet:-1","max-image-preview":"max-image-preview:large","max-video-preview":"max-video-preview:-1"},"canonical":"https:\/\/guineediversite.com\/index.php\/2021\/09\/21\/seize-jours-apres-le-coup-detat-le-prix-des-denrees-premieres-necessite-pourront-elle-connaitre-une-baisse\/","og_locale":"fr_FR","og_type":"article","og_title":"Seize jours apr\u00e8s le coup d\u2019\u00c9tat, les prix des denr\u00e9es de premi\u00e8re n\u00e9cessit\u00e9 pourront-ils connaitre une baisse | Guin\u00e9e Diversit\u00e9","og_description":"Le pr\u00e9sident du Groupe des Organisations des Hommes d\u2019Affaires, s\u2019est exprim\u00e9 sur la prise du pouvoir par la junte militaire. Mr Ch\u00e9rif Abdalah a peine arriv\u00e9e dans le pays, apr\u00e8s le renversement du pouvoir Cond\u00e9, a dans cette interview accord\u00e9e \u00e0 notre r\u00e9daction \u00e9voqu\u00e9e la situation dans laquelle se trouvent les commer\u00e7ants bloqu\u00e9s dans les [&hellip;]","og_url":"https:\/\/guineediversite.com\/index.php\/2021\/09\/21\/seize-jours-apres-le-coup-detat-le-prix-des-denrees-premieres-necessite-pourront-elle-connaitre-une-baisse\/","og_site_name":"Guin\u00e9e Diversit\u00e9","article_publisher":"https:\/\/www.facebook.com\/guineediversite\/","article_published_time":"2021-09-21T06:02:53+00:00","article_modified_time":"2021-09-21T08:35:54+00:00","og_image":[{"width":1500,"height":930,"url":"https:\/\/guineediversite.com\/wp-content\/uploads\/2021\/03\/le-president-du-GOHA.jpg","type":"image\/jpeg"}],"author":"Morcire Camara","twitter_card":"summary_large_image","twitter_creator":"@GuineeDiversite","twitter_site":"@GuineeDiversite","twitter_misc":{"\u00c9crit par":"Morcire Camara","Dur\u00e9e de lecture estim\u00e9e":"2 minutes"},"schema":{"@context":"https:\/\/schema.org","@graph":[{"@type":"Article","@id":"https:\/\/guineediversite.com\/index.php\/2021\/09\/21\/seize-jours-apres-le-coup-detat-le-prix-des-denrees-premieres-necessite-pourront-elle-connaitre-une-baisse\/#article","isPartOf":{"@id":"https:\/\/guineediversite.com\/index.php\/2021\/09\/21\/seize-jours-apres-le-coup-detat-le-prix-des-denrees-premieres-necessite-pourront-elle-connaitre-une-baisse\/"},"author":{"name":"Morcire Camara","@id":"https:\/\/guineediversite.com\/#\/schema\/person\/fa362494c47202ce4b3adf55abcc9d01"},"headline":"Seize jours apr\u00e8s le coup d\u2019\u00c9tat, les prix des denr\u00e9es de premi\u00e8re n\u00e9cessit\u00e9 pourront-ils connaitre une baisse","datePublished":"2021-09-21T06:02:53+00:00","dateModified":"2021-09-21T08:35:54+00:00","mainEntityOfPage":{"@id":"https:\/\/guineediversite.com\/index.php\/2021\/09\/21\/seize-jours-apres-le-coup-detat-le-prix-des-denrees-premieres-necessite-pourront-elle-connaitre-une-baisse\/"},"wordCount":426,"publisher":{"@id":"https:\/\/guineediversite.com\/#organization"},"image":{"@id":"https:\/\/guineediversite.com\/index.php\/2021\/09\/21\/seize-jours-apres-le-coup-detat-le-prix-des-denrees-premieres-necessite-pourront-elle-connaitre-une-baisse\/#primaryimage"},"thumbnailUrl":"https:\/\/guineediversite.com\/wp-content\/uploads\/2021\/03\/le-president-du-GOHA.jpg","articleSection":["Soci\u00e9t\u00e9"],"inLanguage":"fr-FR"},{"@type":"WebPage","@id":"https:\/\/guineediversite.com\/index.php\/2021\/09\/21\/seize-jours-apres-le-coup-detat-le-prix-des-denrees-premieres-necessite-pourront-elle-connaitre-une-baisse\/","url":"https:\/\/guineediversite.com\/index.php\/2021\/09\/21\/seize-jours-apres-le-coup-detat-le-prix-des-denrees-premieres-necessite-pourront-elle-connaitre-une-baisse\/","name":"Seize jours apr\u00e8s le coup d\u2019\u00c9tat, les prix des denr\u00e9es de premi\u00e8re n\u00e9cessit\u00e9 pourront-ils connaitre une baisse | Guin\u00e9e Diversit\u00e9","isPartOf":{"@id":"https:\/\/guineediversite.com\/#website"},"primaryImageOfPage":{"@id":"https:\/\/guineediversite.com\/index.php\/2021\/09\/21\/seize-jours-apres-le-coup-detat-le-prix-des-denrees-premieres-necessite-pourront-elle-connaitre-une-baisse\/#primaryimage"},"image":{"@id":"https:\/\/guineediversite.com\/index.php\/2021\/09\/21\/seize-jours-apres-le-coup-detat-le-prix-des-denrees-premieres-necessite-pourront-elle-connaitre-une-baisse\/#primaryimage"},"thumbnailUrl":"https:\/\/guineediversite.com\/wp-content\/uploads\/2021\/03\/le-president-du-GOHA.jpg","datePublished":"2021-09-21T06:02:53+00:00","dateModified":"2021-09-21T08:35:54+00:00","breadcrumb":{"@id":"https:\/\/guineediversite.com\/index.php\/2021\/09\/21\/seize-jours-apres-le-coup-detat-le-prix-des-denrees-premieres-necessite-pourront-elle-connaitre-une-baisse\/#breadcrumb"},"inLanguage":"fr-FR","potentialAction":[{"@type":"ReadAction","target":["https:\/\/guineediversite.com\/index.php\/2021\/09\/21\/seize-jours-apres-le-coup-detat-le-prix-des-denrees-premieres-necessite-pourront-elle-connaitre-une-baisse\/"]}]},{"@type":"ImageObject","inLanguage":"fr-FR","@id":"https:\/\/guineediversite.com\/index.php\/2021\/09\/21\/seize-jours-apres-le-coup-detat-le-prix-des-denrees-premieres-necessite-pourront-elle-connaitre-une-baisse\/#primaryimage","url":"https:\/\/guineediversite.com\/wp-content\/uploads\/2021\/03\/le-president-du-GOHA.jpg","contentUrl":"https:\/\/guineediversite.com\/wp-content\/uploads\/2021\/03\/le-president-du-GOHA.jpg","width":1500,"height":930},{"@type":"BreadcrumbList","@id":"https:\/\/guineediversite.com\/index.php\/2021\/09\/21\/seize-jours-apres-le-coup-detat-le-prix-des-denrees-premieres-necessite-pourront-elle-connaitre-une-baisse\/#breadcrumb","itemListElement":[{"@type":"ListItem","position":1,"name":"Accueil","item":"https:\/\/guineediversite.com\/"},{"@type":"ListItem","position":2,"name":"Seize jours apr\u00e8s le coup d\u2019\u00c9tat, les prix des denr\u00e9es de premi\u00e8re n\u00e9cessit\u00e9 pourront-ils connaitre une baisse"}]},{"@type":"WebSite","@id":"https:\/\/guineediversite.com\/#website","url":"https:\/\/guineediversite.com\/","name":"Guin\u00e9e Diversit\u00e9","description":"L&#039;Info dans toute sa diversit\u00e9","publisher":{"@id":"https:\/\/guineediversite.com\/#organization"},"potentialAction":[{"@type":"SearchAction","target":{"@type":"EntryPoint","urlTemplate":"https:\/\/guineediversite.com\/?s={search_term_string}"},"query-input":{"@type":"PropertyValueSpecification","valueRequired":true,"valueName":"search_term_string"}}],"inLanguage":"fr-FR"},{"@type":"Organization","@id":"https:\/\/guineediversite.com\/#organization","name":"Guin\u00e9e Diversit\u00e9","url":"https:\/\/guineediversite.com\/","logo":{"@type":"ImageObject","inLanguage":"fr-FR","@id":"https:\/\/guineediversite.com\/#\/schema\/logo\/image\/","url":"https:\/\/guineediversite.com\/wp-content\/uploads\/2017\/04\/cropped-1jojlxEOMkX9Wyqfhe43D6kjPOGqBBKmx3EwWJqZ0cMrFF54yM49.png","contentUrl":"https:\/\/guineediversite.com\/wp-content\/uploads\/2017\/04\/cropped-1jojlxEOMkX9Wyqfhe43D6kjPOGqBBKmx3EwWJqZ0cMrFF54yM49.png","width":186,"height":112,"caption":"Guin\u00e9e Diversit\u00e9"},"image":{"@id":"https:\/\/guineediversite.com\/#\/schema\/logo\/image\/"},"sameAs":["https:\/\/www.facebook.com\/guineediversite\/","https:\/\/x.com\/GuineeDiversite","https:\/\/www.youtube.com\/channel\/UC8sUY16qelG5ge6_D5SB83g"]},{"@type":"Person","@id":"https:\/\/guineediversite.com\/#\/schema\/person\/fa362494c47202ce4b3adf55abcc9d01","name":"Morcire Camara","image":{"@type":"ImageObject","inLanguage":"fr-FR","@id":"https:\/\/guineediversite.com\/#\/schema\/person\/image\/","url":"https:\/\/secure.gravatar.com\/avatar\/3ec324f02295bbcebe03d99b39330ab4?s=96&d=mm&r=g","contentUrl":"https:\/\/secure.gravatar.com\/avatar\/3ec324f02295bbcebe03d99b39330ab4?s=96&d=mm&r=g","caption":"Morcire Camara"},"url":"https:\/\/guineediversite.com\/index.php\/author\/morcire\/"}]}},"_links":{"self":[{"href":"https:\/\/guineediversite.com\/index.php\/wp-json\/wp\/v2\/posts\/31512"}],"collection":[{"href":"https:\/\/guineediversite.com\/index.php\/wp-json\/wp\/v2\/posts"}],"about":[{"href":"https:\/\/guineediversite.com\/index.php\/wp-json\/wp\/v2\/types\/post"}],"author":[{"embeddable":true,"href":"https:\/\/guineediversite.com\/index.php\/wp-json\/wp\/v2\/users\/10"}],"replies":[{"embeddable":true,"href":"https:\/\/guineediversite.com\/index.php\/wp-json\/wp\/v2\/comments?post=31512"}],"version-history":[{"count":5,"href":"https:\/\/guineediversite.com\/index.php\/wp-json\/wp\/v2\/posts\/31512\/revisions"}],"predecessor-version":[{"id":31520,"href":"https:\/\/guineediversite.com\/index.php\/wp-json\/wp\/v2\/posts\/31512\/revisions\/31520"}],"wp:featuredmedia":[{"embeddable":true,"href":"https:\/\/guineediversite.com\/index.php\/wp-json\/wp\/v2\/media\/30835"}],"wp:attachment":[{"href":"https:\/\/guineediversite.com\/index.php\/wp-json\/wp\/v2\/media?parent=31512"}],"wp:term":[{"taxonomy":"category","embeddable":true,"href":"https:\/\/guineediversite.com\/index.php\/wp-json\/wp\/v2\/categories?post=31512"},{"taxonomy":"post_tag","embeddable":true,"href":"https:\/\/guineediversite.com\/index.php\/wp-json\/wp\/v2\/tags?post=31512"}],"curies":[{"name":"wp","href":"https:\/\/api.w.org\/{rel}","templated":true}]}}