{"id":31492,"date":"2021-09-19T19:04:46","date_gmt":"2021-09-19T17:04:46","guid":{"rendered":"https:\/\/guineediversite.com\/?p=31492"},"modified":"2021-09-19T19:04:46","modified_gmt":"2021-09-19T17:04:46","slug":"le-collectif-agissons-autrement-prend-acte-du-coup-detat-et-salue-la-liberation-des-detenus-politiques","status":"publish","type":"post","link":"https:\/\/guineediversite.com\/index.php\/2021\/09\/19\/le-collectif-agissons-autrement-prend-acte-du-coup-detat-et-salue-la-liberation-des-detenus-politiques\/","title":{"rendered":"Le collectif Agissons Autrement prend acte du coup d\u2019\u00c9tat et salue la lib\u00e9ration des d\u00e9tenus politiques"},"content":{"rendered":"<p><strong>Le collectif Agissons Autrement a rendu public ce dimanche 19 septembre, une d\u00e9claration sur la prise du pouvoir par l\u2019arm\u00e9e guin\u00e9enne. <\/strong><\/p>\n<p>Cette structure bas\u00e9e sur l\u2019axe Hamdanlaye-Kagbelen se fixe pour objectif l\u2019instauration du dialogue fraternel, inclusif et participatif entre les Guin\u00e9ens. Le collectif dit avoir pris acte du coup d\u2019\u00c9tat du CNRD.<\/p>\n<p>Ibrahima Sory T\u00e9lico Barry, est pr\u00e9sident du collectif \u00ab<em> faudrait-il rappeler que le collectif est n\u00e9 de la ferme volont\u00e9 des acteurs que nous sommes \u00e0 instaurer un dialogue fraternel, inclusif et participatif entre tous les citoyens du pays, \u00e0 promouvoir les vertus de la paix, de la d\u00e9mocratie, de la justice, de la concorde et de l\u2019unit\u00e9 de la Nation d&rsquo;une part et \u00e0 promouvoir l\u2019insertion et la r\u00e9insertion des jeunes et des femmes, promouvoir leur implication effective dans les diff\u00e9rentes instances de prise de d\u00e9cision et la protection de l\u2019environnement d\u2019autre part \u00e0 travers des plates-formes de concertations citoyennes(\u2026) <\/em>\u00bb, a mentionn\u00e9 Ibrahima Sory T\u00e9lico Barry, pr\u00e9sident du collectif dans la d\u00e9claration.<\/p>\n<p>Et de poursuivre en \u00e9lucidant les objectifs dudit collectif, \u00ab <em>le collectif a pour objectifs de: faire de nos diversit\u00e9s un v\u00e9ritable vecteur de d\u00e9veloppement et de progr\u00e8s social; promouvoir la paix, la citoyennet\u00e9, l\u2019\u00c9tat de droit, la coh\u00e9sion sociale et lutter contre toute forme de discrimination politique, ethnique ou r\u00e9gionaliste en R\u00e9publique de Guin\u00e9e;\u00a0 cr\u00e9er un cadre de dialogue et d\u2019acceptation entre des citoyens d&rsquo;ob\u00e9issances politiques diff\u00e9rentes en vue de promouvoir l\u2019unit\u00e9 Nationale, la concorde sociale et le civisme en R\u00e9publique de Guin\u00e9e ; \u0153uvrer pour le dialogue inclusif et efficient entre l\u2019ensemble des acteurs sociopolitiques du pays; promouvoir l\u2019insertion et la r\u00e9insertion des jeunes et des femmes dune part et formuler des plaidoyers en faveur de l\u2019implication effective des jeunes et des femmes dans les diff\u00e9rentes instances de prises de d\u00e9cisions d&rsquo;autre part (\u2026). Nous prenons acte et nous suivons avec beaucoup d\u2019int\u00e9r\u00eat dune par les r\u00e9actions de la communaut\u00e9 internationale et d\u2019autre part les diff\u00e9rents actes pos\u00e9s par les nouvelles autorit\u00e9s, le CNRD (\u2026) <\/em>\u00bb.<\/p>\n<p>Le collectif a dans cette m\u00eame d\u00e9claration salu\u00e9 la lib\u00e9ration des d\u00e9tenus us politiques des derni\u00e8res \u00e9lections dans le pays. Le pr\u00e9sident a exhort\u00e9 au CNRD plusieurs points allant dans le sens de la transition.<\/p>\n<p>\u00ab <em>le collectif salue la lib\u00e9ration des individus ayant \u00e9t\u00e9 incarc\u00e9r\u00e9s suite aux diff\u00e9rents \u00e9v\u00e9nements survenus lors des derni\u00e8res \u00e9lections dans notre pays, la lev\u00e9e des PA dans les diff\u00e9rents carrefours de l\u2019axe qui contribuent en partie \u00e0 la diabolisation des jeunes de la localit\u00e9, l\u2019ouverture d\u2019une s\u00e9rie de concertation avec les diff\u00e9rentes composantes sociopolitiques et \u00e9conomiques de notre Nation<\/em>\u00a0\u00bb.<\/p>\n<p>Loin le collectif a \u00e9num\u00e9r\u00e9 un certain nombre de points qui doivent \u00eatre pris en compte par les nouvelles autorit\u00e9s.<\/p>\n<p>Ibrahima Sory T\u00e9lico Barry dira, \u00ab <em>le collectif Agissons Autrement exhorte le Comit\u00e9 National pour le Rassemblement et le d\u00e9veloppement ( CNRD) \u00e0 : pr\u00e9server l\u2019int\u00e9grit\u00e9 physique et morale du professeur Alpha Cond\u00e9 et de tous les Guin\u00e9ens ; instruire la justice sociale pour r\u00e9tablir les victimes des derni\u00e8res violences dans leur droit; D\u00e9finir le programme et le contenu de la transition dans un d\u00e9lai raisonnable et accept\u00e9 ; r\u00e9tablir l&rsquo;ordre constitutionnel, pr\u00e9server nos acquis et prot\u00e9ger nos potentialit\u00e9s dans l\u2019int\u00e9r\u00eat Sup\u00e9rieur de la Nation; prendre des d\u00e9cisions justes, viables, r\u00e9alistes et tenables, respecter et appliquer tous engagements ; (\u2026)<\/em> \u00bb.<\/p>\n<p>Le collectif a rappel\u00e9 \u00e0 la junte que la localit\u00e9 de L\u2019axe Hamdanlaye-Kagbelen est en manque d&rsquo;infrastructure sociale publique.<\/p>\n","protected":false},"excerpt":{"rendered":"<p>Le collectif Agissons Autrement a rendu public ce dimanche 19 septembre, une d\u00e9claration sur la prise du pouvoir par l\u2019arm\u00e9e guin\u00e9enne. Cette structure bas\u00e9e sur l\u2019axe Hamdanlaye-Kagbelen se fixe pour objectif l\u2019instauration du dialogue fraternel, inclusif et participatif entre les Guin\u00e9ens. Le collectif dit avoir pris acte du coup d\u2019\u00c9tat du CNRD. Ibrahima Sory T\u00e9lico [&hellip;]<\/p>\n","protected":false},"author":10,"featured_media":31493,"comment_status":"closed","ping_status":"open","sticky":false,"template":"","format":"standard","meta":{"_exactmetrics_skip_tracking":false,"_exactmetrics_sitenote_active":false,"_exactmetrics_sitenote_note":"","_exactmetrics_sitenote_category":0,"tdm_status":"","tdm_grid_status":"","footnotes":""},"categories":[16],"tags":[],"class_list":{"0":"post-31492","1":"post","2":"type-post","3":"status-publish","4":"format-standard","5":"has-post-thumbnail","7":"category-societe"},"yoast_head":"<!-- This site is optimized with the Yoast SEO plugin v24.2 - https:\/\/yoast.com\/wordpress\/plugins\/seo\/ -->\n<title>Le collectif Agissons Autrement prend acte du coup d\u2019\u00c9tat et salue la lib\u00e9ration des d\u00e9tenus politiques | Guin\u00e9e Diversit\u00e9<\/title>\n<meta name=\"robots\" content=\"index, follow, max-snippet:-1, max-image-preview:large, max-video-preview:-1\" \/>\n<link rel=\"canonical\" href=\"https:\/\/guineediversite.com\/index.php\/2021\/09\/19\/le-collectif-agissons-autrement-prend-acte-du-coup-detat-et-salue-la-liberation-des-detenus-politiques\/\" \/>\n<meta property=\"og:locale\" content=\"fr_FR\" \/>\n<meta property=\"og:type\" content=\"article\" \/>\n<meta property=\"og:title\" content=\"Le collectif Agissons Autrement prend acte du coup d\u2019\u00c9tat et salue la lib\u00e9ration des d\u00e9tenus politiques | Guin\u00e9e Diversit\u00e9\" \/>\n<meta property=\"og:description\" content=\"Le collectif Agissons Autrement a rendu public ce dimanche 19 septembre, une d\u00e9claration sur la prise du pouvoir par l\u2019arm\u00e9e guin\u00e9enne. Cette structure bas\u00e9e sur l\u2019axe Hamdanlaye-Kagbelen se fixe pour objectif l\u2019instauration du dialogue fraternel, inclusif et participatif entre les Guin\u00e9ens. Le collectif dit avoir pris acte du coup d\u2019\u00c9tat du CNRD. Ibrahima Sory T\u00e9lico [&hellip;]\" \/>\n<meta property=\"og:url\" content=\"https:\/\/guineediversite.com\/index.php\/2021\/09\/19\/le-collectif-agissons-autrement-prend-acte-du-coup-detat-et-salue-la-liberation-des-detenus-politiques\/\" \/>\n<meta property=\"og:site_name\" content=\"Guin\u00e9e Diversit\u00e9\" \/>\n<meta property=\"article:publisher\" content=\"https:\/\/www.facebook.com\/guineediversite\/\" \/>\n<meta property=\"article:published_time\" content=\"2021-09-19T17:04:46+00:00\" \/>\n<meta property=\"og:image\" content=\"https:\/\/guineediversite.com\/wp-content\/uploads\/2021\/09\/WhatsApp-Image-2021-09-19-at-16.54.01.jpeg\" \/>\n\t<meta property=\"og:image:width\" content=\"1032\" \/>\n\t<meta property=\"og:image:height\" content=\"581\" \/>\n\t<meta property=\"og:image:type\" content=\"image\/jpeg\" \/>\n<meta name=\"author\" content=\"Morcire Camara\" \/>\n<meta name=\"twitter:card\" content=\"summary_large_image\" \/>\n<meta name=\"twitter:creator\" content=\"@GuineeDiversite\" \/>\n<meta name=\"twitter:site\" content=\"@GuineeDiversite\" \/>\n<meta name=\"twitter:label1\" content=\"\u00c9crit par\" \/>\n\t<meta name=\"twitter:data1\" content=\"Morcire Camara\" \/>\n\t<meta name=\"twitter:label2\" content=\"Dur\u00e9e de lecture estim\u00e9e\" \/>\n\t<meta name=\"twitter:data2\" content=\"3 minutes\" \/>\n<script type=\"application\/ld+json\" class=\"yoast-schema-graph\">{\"@context\":\"https:\/\/schema.org\",\"@graph\":[{\"@type\":\"Article\",\"@id\":\"https:\/\/guineediversite.com\/index.php\/2021\/09\/19\/le-collectif-agissons-autrement-prend-acte-du-coup-detat-et-salue-la-liberation-des-detenus-politiques\/#article\",\"isPartOf\":{\"@id\":\"https:\/\/guineediversite.com\/index.php\/2021\/09\/19\/le-collectif-agissons-autrement-prend-acte-du-coup-detat-et-salue-la-liberation-des-detenus-politiques\/\"},\"author\":{\"name\":\"Morcire Camara\",\"@id\":\"https:\/\/guineediversite.com\/#\/schema\/person\/fa362494c47202ce4b3adf55abcc9d01\"},\"headline\":\"Le collectif Agissons Autrement prend acte du coup d\u2019\u00c9tat et salue la lib\u00e9ration des d\u00e9tenus politiques\",\"datePublished\":\"2021-09-19T17:04:46+00:00\",\"dateModified\":\"2021-09-19T17:04:46+00:00\",\"mainEntityOfPage\":{\"@id\":\"https:\/\/guineediversite.com\/index.php\/2021\/09\/19\/le-collectif-agissons-autrement-prend-acte-du-coup-detat-et-salue-la-liberation-des-detenus-politiques\/\"},\"wordCount\":663,\"publisher\":{\"@id\":\"https:\/\/guineediversite.com\/#organization\"},\"image\":{\"@id\":\"https:\/\/guineediversite.com\/index.php\/2021\/09\/19\/le-collectif-agissons-autrement-prend-acte-du-coup-detat-et-salue-la-liberation-des-detenus-politiques\/#primaryimage\"},\"thumbnailUrl\":\"https:\/\/guineediversite.com\/wp-content\/uploads\/2021\/09\/WhatsApp-Image-2021-09-19-at-16.54.01.jpeg\",\"articleSection\":[\"Soci\u00e9t\u00e9\"],\"inLanguage\":\"fr-FR\"},{\"@type\":\"WebPage\",\"@id\":\"https:\/\/guineediversite.com\/index.php\/2021\/09\/19\/le-collectif-agissons-autrement-prend-acte-du-coup-detat-et-salue-la-liberation-des-detenus-politiques\/\",\"url\":\"https:\/\/guineediversite.com\/index.php\/2021\/09\/19\/le-collectif-agissons-autrement-prend-acte-du-coup-detat-et-salue-la-liberation-des-detenus-politiques\/\",\"name\":\"Le collectif Agissons Autrement prend acte du coup d\u2019\u00c9tat et salue la lib\u00e9ration des d\u00e9tenus politiques | Guin\u00e9e Diversit\u00e9\",\"isPartOf\":{\"@id\":\"https:\/\/guineediversite.com\/#website\"},\"primaryImageOfPage\":{\"@id\":\"https:\/\/guineediversite.com\/index.php\/2021\/09\/19\/le-collectif-agissons-autrement-prend-acte-du-coup-detat-et-salue-la-liberation-des-detenus-politiques\/#primaryimage\"},\"image\":{\"@id\":\"https:\/\/guineediversite.com\/index.php\/2021\/09\/19\/le-collectif-agissons-autrement-prend-acte-du-coup-detat-et-salue-la-liberation-des-detenus-politiques\/#primaryimage\"},\"thumbnailUrl\":\"https:\/\/guineediversite.com\/wp-content\/uploads\/2021\/09\/WhatsApp-Image-2021-09-19-at-16.54.01.jpeg\",\"datePublished\":\"2021-09-19T17:04:46+00:00\",\"dateModified\":\"2021-09-19T17:04:46+00:00\",\"breadcrumb\":{\"@id\":\"https:\/\/guineediversite.com\/index.php\/2021\/09\/19\/le-collectif-agissons-autrement-prend-acte-du-coup-detat-et-salue-la-liberation-des-detenus-politiques\/#breadcrumb\"},\"inLanguage\":\"fr-FR\",\"potentialAction\":[{\"@type\":\"ReadAction\",\"target\":[\"https:\/\/guineediversite.com\/index.php\/2021\/09\/19\/le-collectif-agissons-autrement-prend-acte-du-coup-detat-et-salue-la-liberation-des-detenus-politiques\/\"]}]},{\"@type\":\"ImageObject\",\"inLanguage\":\"fr-FR\",\"@id\":\"https:\/\/guineediversite.com\/index.php\/2021\/09\/19\/le-collectif-agissons-autrement-prend-acte-du-coup-detat-et-salue-la-liberation-des-detenus-politiques\/#primaryimage\",\"url\":\"https:\/\/guineediversite.com\/wp-content\/uploads\/2021\/09\/WhatsApp-Image-2021-09-19-at-16.54.01.jpeg\",\"contentUrl\":\"https:\/\/guineediversite.com\/wp-content\/uploads\/2021\/09\/WhatsApp-Image-2021-09-19-at-16.54.01.jpeg\",\"width\":1032,\"height\":581},{\"@type\":\"BreadcrumbList\",\"@id\":\"https:\/\/guineediversite.com\/index.php\/2021\/09\/19\/le-collectif-agissons-autrement-prend-acte-du-coup-detat-et-salue-la-liberation-des-detenus-politiques\/#breadcrumb\",\"itemListElement\":[{\"@type\":\"ListItem\",\"position\":1,\"name\":\"Accueil\",\"item\":\"https:\/\/guineediversite.com\/\"},{\"@type\":\"ListItem\",\"position\":2,\"name\":\"Le collectif Agissons Autrement prend acte du coup d\u2019\u00c9tat et salue la lib\u00e9ration des d\u00e9tenus politiques\"}]},{\"@type\":\"WebSite\",\"@id\":\"https:\/\/guineediversite.com\/#website\",\"url\":\"https:\/\/guineediversite.com\/\",\"name\":\"Guin\u00e9e Diversit\u00e9\",\"description\":\"L&#039;Info dans toute sa diversit\u00e9\",\"publisher\":{\"@id\":\"https:\/\/guineediversite.com\/#organization\"},\"potentialAction\":[{\"@type\":\"SearchAction\",\"target\":{\"@type\":\"EntryPoint\",\"urlTemplate\":\"https:\/\/guineediversite.com\/?s={search_term_string}\"},\"query-input\":{\"@type\":\"PropertyValueSpecification\",\"valueRequired\":true,\"valueName\":\"search_term_string\"}}],\"inLanguage\":\"fr-FR\"},{\"@type\":\"Organization\",\"@id\":\"https:\/\/guineediversite.com\/#organization\",\"name\":\"Guin\u00e9e Diversit\u00e9\",\"url\":\"https:\/\/guineediversite.com\/\",\"logo\":{\"@type\":\"ImageObject\",\"inLanguage\":\"fr-FR\",\"@id\":\"https:\/\/guineediversite.com\/#\/schema\/logo\/image\/\",\"url\":\"https:\/\/guineediversite.com\/wp-content\/uploads\/2017\/04\/cropped-1jojlxEOMkX9Wyqfhe43D6kjPOGqBBKmx3EwWJqZ0cMrFF54yM49.png\",\"contentUrl\":\"https:\/\/guineediversite.com\/wp-content\/uploads\/2017\/04\/cropped-1jojlxEOMkX9Wyqfhe43D6kjPOGqBBKmx3EwWJqZ0cMrFF54yM49.png\",\"width\":186,\"height\":112,\"caption\":\"Guin\u00e9e Diversit\u00e9\"},\"image\":{\"@id\":\"https:\/\/guineediversite.com\/#\/schema\/logo\/image\/\"},\"sameAs\":[\"https:\/\/www.facebook.com\/guineediversite\/\",\"https:\/\/x.com\/GuineeDiversite\",\"https:\/\/www.youtube.com\/channel\/UC8sUY16qelG5ge6_D5SB83g\"]},{\"@type\":\"Person\",\"@id\":\"https:\/\/guineediversite.com\/#\/schema\/person\/fa362494c47202ce4b3adf55abcc9d01\",\"name\":\"Morcire Camara\",\"image\":{\"@type\":\"ImageObject\",\"inLanguage\":\"fr-FR\",\"@id\":\"https:\/\/guineediversite.com\/#\/schema\/person\/image\/\",\"url\":\"https:\/\/secure.gravatar.com\/avatar\/3ec324f02295bbcebe03d99b39330ab4?s=96&d=mm&r=g\",\"contentUrl\":\"https:\/\/secure.gravatar.com\/avatar\/3ec324f02295bbcebe03d99b39330ab4?s=96&d=mm&r=g\",\"caption\":\"Morcire Camara\"},\"url\":\"https:\/\/guineediversite.com\/index.php\/author\/morcire\/\"}]}<\/script>\n<!-- \/ Yoast SEO plugin. -->","yoast_head_json":{"title":"Le collectif Agissons Autrement prend acte du coup d\u2019\u00c9tat et salue la lib\u00e9ration des d\u00e9tenus politiques | Guin\u00e9e Diversit\u00e9","robots":{"index":"index","follow":"follow","max-snippet":"max-snippet:-1","max-image-preview":"max-image-preview:large","max-video-preview":"max-video-preview:-1"},"canonical":"https:\/\/guineediversite.com\/index.php\/2021\/09\/19\/le-collectif-agissons-autrement-prend-acte-du-coup-detat-et-salue-la-liberation-des-detenus-politiques\/","og_locale":"fr_FR","og_type":"article","og_title":"Le collectif Agissons Autrement prend acte du coup d\u2019\u00c9tat et salue la lib\u00e9ration des d\u00e9tenus politiques | Guin\u00e9e Diversit\u00e9","og_description":"Le collectif Agissons Autrement a rendu public ce dimanche 19 septembre, une d\u00e9claration sur la prise du pouvoir par l\u2019arm\u00e9e guin\u00e9enne. Cette structure bas\u00e9e sur l\u2019axe Hamdanlaye-Kagbelen se fixe pour objectif l\u2019instauration du dialogue fraternel, inclusif et participatif entre les Guin\u00e9ens. Le collectif dit avoir pris acte du coup d\u2019\u00c9tat du CNRD. Ibrahima Sory T\u00e9lico [&hellip;]","og_url":"https:\/\/guineediversite.com\/index.php\/2021\/09\/19\/le-collectif-agissons-autrement-prend-acte-du-coup-detat-et-salue-la-liberation-des-detenus-politiques\/","og_site_name":"Guin\u00e9e Diversit\u00e9","article_publisher":"https:\/\/www.facebook.com\/guineediversite\/","article_published_time":"2021-09-19T17:04:46+00:00","og_image":[{"width":1032,"height":581,"url":"https:\/\/guineediversite.com\/wp-content\/uploads\/2021\/09\/WhatsApp-Image-2021-09-19-at-16.54.01.jpeg","type":"image\/jpeg"}],"author":"Morcire Camara","twitter_card":"summary_large_image","twitter_creator":"@GuineeDiversite","twitter_site":"@GuineeDiversite","twitter_misc":{"\u00c9crit par":"Morcire Camara","Dur\u00e9e de lecture estim\u00e9e":"3 minutes"},"schema":{"@context":"https:\/\/schema.org","@graph":[{"@type":"Article","@id":"https:\/\/guineediversite.com\/index.php\/2021\/09\/19\/le-collectif-agissons-autrement-prend-acte-du-coup-detat-et-salue-la-liberation-des-detenus-politiques\/#article","isPartOf":{"@id":"https:\/\/guineediversite.com\/index.php\/2021\/09\/19\/le-collectif-agissons-autrement-prend-acte-du-coup-detat-et-salue-la-liberation-des-detenus-politiques\/"},"author":{"name":"Morcire Camara","@id":"https:\/\/guineediversite.com\/#\/schema\/person\/fa362494c47202ce4b3adf55abcc9d01"},"headline":"Le collectif Agissons Autrement prend acte du coup d\u2019\u00c9tat et salue la lib\u00e9ration des d\u00e9tenus politiques","datePublished":"2021-09-19T17:04:46+00:00","dateModified":"2021-09-19T17:04:46+00:00","mainEntityOfPage":{"@id":"https:\/\/guineediversite.com\/index.php\/2021\/09\/19\/le-collectif-agissons-autrement-prend-acte-du-coup-detat-et-salue-la-liberation-des-detenus-politiques\/"},"wordCount":663,"publisher":{"@id":"https:\/\/guineediversite.com\/#organization"},"image":{"@id":"https:\/\/guineediversite.com\/index.php\/2021\/09\/19\/le-collectif-agissons-autrement-prend-acte-du-coup-detat-et-salue-la-liberation-des-detenus-politiques\/#primaryimage"},"thumbnailUrl":"https:\/\/guineediversite.com\/wp-content\/uploads\/2021\/09\/WhatsApp-Image-2021-09-19-at-16.54.01.jpeg","articleSection":["Soci\u00e9t\u00e9"],"inLanguage":"fr-FR"},{"@type":"WebPage","@id":"https:\/\/guineediversite.com\/index.php\/2021\/09\/19\/le-collectif-agissons-autrement-prend-acte-du-coup-detat-et-salue-la-liberation-des-detenus-politiques\/","url":"https:\/\/guineediversite.com\/index.php\/2021\/09\/19\/le-collectif-agissons-autrement-prend-acte-du-coup-detat-et-salue-la-liberation-des-detenus-politiques\/","name":"Le collectif Agissons Autrement prend acte du coup d\u2019\u00c9tat et salue la lib\u00e9ration des d\u00e9tenus politiques | Guin\u00e9e Diversit\u00e9","isPartOf":{"@id":"https:\/\/guineediversite.com\/#website"},"primaryImageOfPage":{"@id":"https:\/\/guineediversite.com\/index.php\/2021\/09\/19\/le-collectif-agissons-autrement-prend-acte-du-coup-detat-et-salue-la-liberation-des-detenus-politiques\/#primaryimage"},"image":{"@id":"https:\/\/guineediversite.com\/index.php\/2021\/09\/19\/le-collectif-agissons-autrement-prend-acte-du-coup-detat-et-salue-la-liberation-des-detenus-politiques\/#primaryimage"},"thumbnailUrl":"https:\/\/guineediversite.com\/wp-content\/uploads\/2021\/09\/WhatsApp-Image-2021-09-19-at-16.54.01.jpeg","datePublished":"2021-09-19T17:04:46+00:00","dateModified":"2021-09-19T17:04:46+00:00","breadcrumb":{"@id":"https:\/\/guineediversite.com\/index.php\/2021\/09\/19\/le-collectif-agissons-autrement-prend-acte-du-coup-detat-et-salue-la-liberation-des-detenus-politiques\/#breadcrumb"},"inLanguage":"fr-FR","potentialAction":[{"@type":"ReadAction","target":["https:\/\/guineediversite.com\/index.php\/2021\/09\/19\/le-collectif-agissons-autrement-prend-acte-du-coup-detat-et-salue-la-liberation-des-detenus-politiques\/"]}]},{"@type":"ImageObject","inLanguage":"fr-FR","@id":"https:\/\/guineediversite.com\/index.php\/2021\/09\/19\/le-collectif-agissons-autrement-prend-acte-du-coup-detat-et-salue-la-liberation-des-detenus-politiques\/#primaryimage","url":"https:\/\/guineediversite.com\/wp-content\/uploads\/2021\/09\/WhatsApp-Image-2021-09-19-at-16.54.01.jpeg","contentUrl":"https:\/\/guineediversite.com\/wp-content\/uploads\/2021\/09\/WhatsApp-Image-2021-09-19-at-16.54.01.jpeg","width":1032,"height":581},{"@type":"BreadcrumbList","@id":"https:\/\/guineediversite.com\/index.php\/2021\/09\/19\/le-collectif-agissons-autrement-prend-acte-du-coup-detat-et-salue-la-liberation-des-detenus-politiques\/#breadcrumb","itemListElement":[{"@type":"ListItem","position":1,"name":"Accueil","item":"https:\/\/guineediversite.com\/"},{"@type":"ListItem","position":2,"name":"Le collectif Agissons Autrement prend acte du coup d\u2019\u00c9tat et salue la lib\u00e9ration des d\u00e9tenus politiques"}]},{"@type":"WebSite","@id":"https:\/\/guineediversite.com\/#website","url":"https:\/\/guineediversite.com\/","name":"Guin\u00e9e Diversit\u00e9","description":"L&#039;Info dans toute sa diversit\u00e9","publisher":{"@id":"https:\/\/guineediversite.com\/#organization"},"potentialAction":[{"@type":"SearchAction","target":{"@type":"EntryPoint","urlTemplate":"https:\/\/guineediversite.com\/?s={search_term_string}"},"query-input":{"@type":"PropertyValueSpecification","valueRequired":true,"valueName":"search_term_string"}}],"inLanguage":"fr-FR"},{"@type":"Organization","@id":"https:\/\/guineediversite.com\/#organization","name":"Guin\u00e9e Diversit\u00e9","url":"https:\/\/guineediversite.com\/","logo":{"@type":"ImageObject","inLanguage":"fr-FR","@id":"https:\/\/guineediversite.com\/#\/schema\/logo\/image\/","url":"https:\/\/guineediversite.com\/wp-content\/uploads\/2017\/04\/cropped-1jojlxEOMkX9Wyqfhe43D6kjPOGqBBKmx3EwWJqZ0cMrFF54yM49.png","contentUrl":"https:\/\/guineediversite.com\/wp-content\/uploads\/2017\/04\/cropped-1jojlxEOMkX9Wyqfhe43D6kjPOGqBBKmx3EwWJqZ0cMrFF54yM49.png","width":186,"height":112,"caption":"Guin\u00e9e Diversit\u00e9"},"image":{"@id":"https:\/\/guineediversite.com\/#\/schema\/logo\/image\/"},"sameAs":["https:\/\/www.facebook.com\/guineediversite\/","https:\/\/x.com\/GuineeDiversite","https:\/\/www.youtube.com\/channel\/UC8sUY16qelG5ge6_D5SB83g"]},{"@type":"Person","@id":"https:\/\/guineediversite.com\/#\/schema\/person\/fa362494c47202ce4b3adf55abcc9d01","name":"Morcire Camara","image":{"@type":"ImageObject","inLanguage":"fr-FR","@id":"https:\/\/guineediversite.com\/#\/schema\/person\/image\/","url":"https:\/\/secure.gravatar.com\/avatar\/3ec324f02295bbcebe03d99b39330ab4?s=96&d=mm&r=g","contentUrl":"https:\/\/secure.gravatar.com\/avatar\/3ec324f02295bbcebe03d99b39330ab4?s=96&d=mm&r=g","caption":"Morcire Camara"},"url":"https:\/\/guineediversite.com\/index.php\/author\/morcire\/"}]}},"_links":{"self":[{"href":"https:\/\/guineediversite.com\/index.php\/wp-json\/wp\/v2\/posts\/31492"}],"collection":[{"href":"https:\/\/guineediversite.com\/index.php\/wp-json\/wp\/v2\/posts"}],"about":[{"href":"https:\/\/guineediversite.com\/index.php\/wp-json\/wp\/v2\/types\/post"}],"author":[{"embeddable":true,"href":"https:\/\/guineediversite.com\/index.php\/wp-json\/wp\/v2\/users\/10"}],"replies":[{"embeddable":true,"href":"https:\/\/guineediversite.com\/index.php\/wp-json\/wp\/v2\/comments?post=31492"}],"version-history":[{"count":1,"href":"https:\/\/guineediversite.com\/index.php\/wp-json\/wp\/v2\/posts\/31492\/revisions"}],"predecessor-version":[{"id":31494,"href":"https:\/\/guineediversite.com\/index.php\/wp-json\/wp\/v2\/posts\/31492\/revisions\/31494"}],"wp:featuredmedia":[{"embeddable":true,"href":"https:\/\/guineediversite.com\/index.php\/wp-json\/wp\/v2\/media\/31493"}],"wp:attachment":[{"href":"https:\/\/guineediversite.com\/index.php\/wp-json\/wp\/v2\/media?parent=31492"}],"wp:term":[{"taxonomy":"category","embeddable":true,"href":"https:\/\/guineediversite.com\/index.php\/wp-json\/wp\/v2\/categories?post=31492"},{"taxonomy":"post_tag","embeddable":true,"href":"https:\/\/guineediversite.com\/index.php\/wp-json\/wp\/v2\/tags?post=31492"}],"curies":[{"name":"wp","href":"https:\/\/api.w.org\/{rel}","templated":true}]}}