{"id":31475,"date":"2021-09-18T16:29:40","date_gmt":"2021-09-18T14:29:40","guid":{"rendered":"https:\/\/guineediversite.com\/?p=31475"},"modified":"2021-09-18T16:29:40","modified_gmt":"2021-09-18T14:29:40","slug":"transition-en-guinee-lancien-president-alpha-conde-demeurera-en-guinee-porte-parole-du-cnrd","status":"publish","type":"post","link":"https:\/\/guineediversite.com\/index.php\/2021\/09\/18\/transition-en-guinee-lancien-president-alpha-conde-demeurera-en-guinee-porte-parole-du-cnrd\/","title":{"rendered":"Transition en Guin\u00e9e : \u00ab L\u2019ancien pr\u00e9sident Alpha Cond\u00e9 demeurera en Guin\u00e9e\u2026 \u00bb porte-parole du CNRD"},"content":{"rendered":"<p><strong>Le Comit\u00e9 National pour le Rassemblement et du D\u00e9veloppement a tenu un point de presse ce samedi 18 septembre 2021. Il \u00e9tait question pour le porte-parole du CNRD Colonel Amara Camara de faire le compte rendu de la Mission des chefs d\u2019\u00c9tat de la CEDEAO. <\/strong><\/p>\n<p>A l\u2019entame de ces propos Colonel Amara Camara est devenu sur les d\u00e9cisions prises par la CEDEAO \u00e0 l\u2019encontre des membres du CNRD, il dira \u00ab <em>depuis la semaine derni\u00e8re un communiqu\u00e9 pass\u00e9 et la semaine les concertations ont d\u00e9but\u00e9. Elles se poursuivront jusqu\u2019\u00e0 la semaine prochaine et au m\u00eame moment la CEDEAO \u00e0 laquelle la Guin\u00e9e appartient \u00e0 conform\u00e9ment \u00e0 ses protocoles d\u00e9cid\u00e9s des mesures suivantes, 1-la suspension de la Guin\u00e9e a cette instance, \u00e9galement \u00e0 d\u00e9cider de l\u2019envoi d&rsquo;une mission de haut niveau pour renouveler les contacts avec le CNRD. <\/em><\/p>\n<p><em>Par la suite il s\u2019est tenu \u00e0 Accra le 16 septembre la r\u00e9union des chefs d\u2019\u00c9tat et des gouvernements sur la situation du mali et la Guin\u00e9e, au cours de cette rencontre il a \u00e9t\u00e9 pris d\u2019autres d\u00e9cisions dont entre autres la lib\u00e9ration imm\u00e9diate et sans condition de l\u2019ancien pr\u00e9sident, le retour rapide \u00e0 l&rsquo;ordre constitutionnel et l\u2019organisation des \u00e9lections dans un d\u00e9lai de six mois. Le gel des avoirs de tous les membres du CNRD, l\u2019interdiction de voyage pour tous les membres du CNRD et les membres de leurs familles <\/em>\u00bb, a-t-il rappel\u00e9 avant faire part de la r\u00e9ponse du CNRD sur les mesures prises par la CEDEAO.<\/p>\n<p>\u00ab<em> Cet ainsi qu&rsquo;hier nous avons re\u00e7u leurs excellences Nana Akufo Ado pr\u00e9sident du Ghana et pr\u00e9sident en exercice de la conf\u00e9rence des chefs d\u2019\u00c9tat et Alhassane Ouattara pr\u00e9sident de la C\u00f4te d\u2019Ivoire pour nous signifier de vive voix ces mesures il a eu des \u00e9changes tr\u00e8s franc entre la d\u00e9l\u00e9gation de la CEDEAO et le pr\u00e9sident Mamady Doumbouyah . Sur le premier point notamment la lib\u00e9ration imm\u00e9diate et sans condition de l\u2019ancien pr\u00e9sident, la d\u00e9l\u00e9gation a pu rencontrer l\u2019ancien pr\u00e9sident et a remerci\u00e9 le pr\u00e9sident Doumbouyah pour cette facilit\u00e9. Il est aussi pour toutes les parties que l\u2019ancien pr\u00e9sident demeure en Guin\u00e9e et au lieu de choix du CNRD, toutes les mesures seront prises pour le respect de son int\u00e9grit\u00e9 physique et morale. Pour le deuxi\u00e8me point concernant le retour de l\u2019ordre constitutionnel et l\u2019organisation des \u00e9lections dans un d\u00e9lai de six mois, il a \u00e9t\u00e9 rappel\u00e9 par le pr\u00e9sident de la R\u00e9publique \u00e0 ses h\u00f4tes, qu\u2019il \u00e9tait important que la CEDEAO \u00e9coute les aspirations du peuple de Guin\u00e9e.<\/em><\/p>\n<p><em>Il a insist\u00e9 de faire attention de ne pas commettre les m\u00eames erreurs du pass\u00e9 . Sur le troisi\u00e8me et le quatri\u00e8me point concernant le gel des avoirs et les interdictions de voyages, le pr\u00e9sident a r\u00e9pondu que nous CNRD nous sommes des soldats et que la mission pour nous c\u2019est la Guin\u00e9e. (\u2026) <\/em>\u00bb.<\/p>\n<p><img loading=\"lazy\" decoding=\"async\" class=\"alignnone size-medium wp-image-31478\" src=\"https:\/\/guineediversite.com.bwjx4292.odns.fr\/wp-content\/uploads\/2021\/09\/WhatsApp-Image-2021-09-18-at-14.13.59-1-300x169.jpeg\" alt=\"\" width=\"300\" height=\"169\" srcset=\"https:\/\/guineediversite.com\/wp-content\/uploads\/2021\/09\/WhatsApp-Image-2021-09-18-at-14.13.59-1-300x169.jpeg 300w, https:\/\/guineediversite.com\/wp-content\/uploads\/2021\/09\/WhatsApp-Image-2021-09-18-at-14.13.59-1-1024x576.jpeg 1024w, https:\/\/guineediversite.com\/wp-content\/uploads\/2021\/09\/WhatsApp-Image-2021-09-18-at-14.13.59-1-768x432.jpeg 768w, https:\/\/guineediversite.com\/wp-content\/uploads\/2021\/09\/WhatsApp-Image-2021-09-18-at-14.13.59-1-600x338.jpeg 600w, https:\/\/guineediversite.com\/wp-content\/uploads\/2021\/09\/WhatsApp-Image-2021-09-18-at-14.13.59-1-696x392.jpeg 696w, https:\/\/guineediversite.com\/wp-content\/uploads\/2021\/09\/WhatsApp-Image-2021-09-18-at-14.13.59-1-746x420.jpeg 746w, https:\/\/guineediversite.com\/wp-content\/uploads\/2021\/09\/WhatsApp-Image-2021-09-18-at-14.13.59-1.jpeg 1032w\" sizes=\"(max-width: 300px) 100vw, 300px\" \/><\/p>\n<p>&nbsp;<\/p>\n<p><img loading=\"lazy\" decoding=\"async\" class=\"alignnone size-medium wp-image-31476\" src=\"https:\/\/guineediversite.com.bwjx4292.odns.fr\/wp-content\/uploads\/2021\/09\/WhatsApp-Image-2021-09-18-at-14.13.59-2-300x169.jpeg\" alt=\"\" width=\"300\" height=\"169\" srcset=\"https:\/\/guineediversite.com\/wp-content\/uploads\/2021\/09\/WhatsApp-Image-2021-09-18-at-14.13.59-2-300x169.jpeg 300w, https:\/\/guineediversite.com\/wp-content\/uploads\/2021\/09\/WhatsApp-Image-2021-09-18-at-14.13.59-2-1024x576.jpeg 1024w, https:\/\/guineediversite.com\/wp-content\/uploads\/2021\/09\/WhatsApp-Image-2021-09-18-at-14.13.59-2-768x432.jpeg 768w, https:\/\/guineediversite.com\/wp-content\/uploads\/2021\/09\/WhatsApp-Image-2021-09-18-at-14.13.59-2-600x338.jpeg 600w, https:\/\/guineediversite.com\/wp-content\/uploads\/2021\/09\/WhatsApp-Image-2021-09-18-at-14.13.59-2-696x392.jpeg 696w, https:\/\/guineediversite.com\/wp-content\/uploads\/2021\/09\/WhatsApp-Image-2021-09-18-at-14.13.59-2-746x420.jpeg 746w, https:\/\/guineediversite.com\/wp-content\/uploads\/2021\/09\/WhatsApp-Image-2021-09-18-at-14.13.59-2.jpeg 1032w\" sizes=\"(max-width: 300px) 100vw, 300px\" \/><\/p>\n<p><img loading=\"lazy\" decoding=\"async\" class=\"size-medium wp-image-31477 alignright\" src=\"https:\/\/guineediversite.com.bwjx4292.odns.fr\/wp-content\/uploads\/2021\/09\/WhatsApp-Image-2021-09-18-at-14.13.59-3-300x169.jpeg\" alt=\"\" width=\"300\" height=\"169\" srcset=\"https:\/\/guineediversite.com\/wp-content\/uploads\/2021\/09\/WhatsApp-Image-2021-09-18-at-14.13.59-3-300x169.jpeg 300w, https:\/\/guineediversite.com\/wp-content\/uploads\/2021\/09\/WhatsApp-Image-2021-09-18-at-14.13.59-3-1024x576.jpeg 1024w, https:\/\/guineediversite.com\/wp-content\/uploads\/2021\/09\/WhatsApp-Image-2021-09-18-at-14.13.59-3-768x432.jpeg 768w, https:\/\/guineediversite.com\/wp-content\/uploads\/2021\/09\/WhatsApp-Image-2021-09-18-at-14.13.59-3-600x338.jpeg 600w, https:\/\/guineediversite.com\/wp-content\/uploads\/2021\/09\/WhatsApp-Image-2021-09-18-at-14.13.59-3-696x392.jpeg 696w, https:\/\/guineediversite.com\/wp-content\/uploads\/2021\/09\/WhatsApp-Image-2021-09-18-at-14.13.59-3-746x420.jpeg 746w, https:\/\/guineediversite.com\/wp-content\/uploads\/2021\/09\/WhatsApp-Image-2021-09-18-at-14.13.59-3.jpeg 1032w\" sizes=\"(max-width: 300px) 100vw, 300px\" \/><\/p>\n","protected":false},"excerpt":{"rendered":"<p>Le Comit\u00e9 National pour le Rassemblement et du D\u00e9veloppement a tenu un point de presse ce samedi 18 septembre 2021. Il \u00e9tait question pour le porte-parole du CNRD Colonel Amara Camara de faire le compte rendu de la Mission des chefs d\u2019\u00c9tat de la CEDEAO. A l\u2019entame de ces propos Colonel Amara Camara est devenu [&hellip;]<\/p>\n","protected":false},"author":10,"featured_media":31478,"comment_status":"closed","ping_status":"open","sticky":false,"template":"","format":"standard","meta":{"_exactmetrics_skip_tracking":false,"_exactmetrics_sitenote_active":false,"_exactmetrics_sitenote_note":"","_exactmetrics_sitenote_category":0,"tdm_status":"","tdm_grid_status":"","footnotes":""},"categories":[254,14],"tags":[],"class_list":{"0":"post-31475","1":"post","2":"type-post","3":"status-publish","4":"format-standard","5":"has-post-thumbnail","7":"category-derniere-minute","8":"category-politique"},"yoast_head":"<!-- This site is optimized with the Yoast SEO plugin v24.2 - https:\/\/yoast.com\/wordpress\/plugins\/seo\/ -->\n<title>Transition en Guin\u00e9e : \u00ab L\u2019ancien pr\u00e9sident Alpha Cond\u00e9 demeurera en Guin\u00e9e\u2026 \u00bb porte-parole du CNRD | Guin\u00e9e Diversit\u00e9<\/title>\n<meta name=\"robots\" content=\"index, follow, max-snippet:-1, max-image-preview:large, max-video-preview:-1\" \/>\n<link rel=\"canonical\" href=\"https:\/\/guineediversite.com\/index.php\/2021\/09\/18\/transition-en-guinee-lancien-president-alpha-conde-demeurera-en-guinee-porte-parole-du-cnrd\/\" \/>\n<meta property=\"og:locale\" content=\"fr_FR\" \/>\n<meta property=\"og:type\" content=\"article\" \/>\n<meta property=\"og:title\" content=\"Transition en Guin\u00e9e : \u00ab L\u2019ancien pr\u00e9sident Alpha Cond\u00e9 demeurera en Guin\u00e9e\u2026 \u00bb porte-parole du CNRD | Guin\u00e9e Diversit\u00e9\" \/>\n<meta property=\"og:description\" content=\"Le Comit\u00e9 National pour le Rassemblement et du D\u00e9veloppement a tenu un point de presse ce samedi 18 septembre 2021. Il \u00e9tait question pour le porte-parole du CNRD Colonel Amara Camara de faire le compte rendu de la Mission des chefs d\u2019\u00c9tat de la CEDEAO. A l\u2019entame de ces propos Colonel Amara Camara est devenu [&hellip;]\" \/>\n<meta property=\"og:url\" content=\"https:\/\/guineediversite.com\/index.php\/2021\/09\/18\/transition-en-guinee-lancien-president-alpha-conde-demeurera-en-guinee-porte-parole-du-cnrd\/\" \/>\n<meta property=\"og:site_name\" content=\"Guin\u00e9e Diversit\u00e9\" \/>\n<meta property=\"article:publisher\" content=\"https:\/\/www.facebook.com\/guineediversite\/\" \/>\n<meta property=\"article:published_time\" content=\"2021-09-18T14:29:40+00:00\" \/>\n<meta property=\"og:image\" content=\"https:\/\/guineediversite.com\/wp-content\/uploads\/2021\/09\/WhatsApp-Image-2021-09-18-at-14.13.59-1.jpeg\" \/>\n\t<meta property=\"og:image:width\" content=\"1032\" \/>\n\t<meta property=\"og:image:height\" content=\"581\" \/>\n\t<meta property=\"og:image:type\" content=\"image\/jpeg\" \/>\n<meta name=\"author\" content=\"Morcire Camara\" \/>\n<meta name=\"twitter:card\" content=\"summary_large_image\" \/>\n<meta name=\"twitter:creator\" content=\"@GuineeDiversite\" \/>\n<meta name=\"twitter:site\" content=\"@GuineeDiversite\" \/>\n<meta name=\"twitter:label1\" content=\"\u00c9crit par\" \/>\n\t<meta name=\"twitter:data1\" content=\"Morcire Camara\" \/>\n\t<meta name=\"twitter:label2\" content=\"Dur\u00e9e de lecture estim\u00e9e\" \/>\n\t<meta name=\"twitter:data2\" content=\"3 minutes\" \/>\n<script type=\"application\/ld+json\" class=\"yoast-schema-graph\">{\"@context\":\"https:\/\/schema.org\",\"@graph\":[{\"@type\":\"Article\",\"@id\":\"https:\/\/guineediversite.com\/index.php\/2021\/09\/18\/transition-en-guinee-lancien-president-alpha-conde-demeurera-en-guinee-porte-parole-du-cnrd\/#article\",\"isPartOf\":{\"@id\":\"https:\/\/guineediversite.com\/index.php\/2021\/09\/18\/transition-en-guinee-lancien-president-alpha-conde-demeurera-en-guinee-porte-parole-du-cnrd\/\"},\"author\":{\"name\":\"Morcire Camara\",\"@id\":\"https:\/\/guineediversite.com\/#\/schema\/person\/fa362494c47202ce4b3adf55abcc9d01\"},\"headline\":\"Transition en Guin\u00e9e : \u00ab L\u2019ancien pr\u00e9sident Alpha Cond\u00e9 demeurera en Guin\u00e9e\u2026 \u00bb porte-parole du CNRD\",\"datePublished\":\"2021-09-18T14:29:40+00:00\",\"dateModified\":\"2021-09-18T14:29:40+00:00\",\"mainEntityOfPage\":{\"@id\":\"https:\/\/guineediversite.com\/index.php\/2021\/09\/18\/transition-en-guinee-lancien-president-alpha-conde-demeurera-en-guinee-porte-parole-du-cnrd\/\"},\"wordCount\":544,\"publisher\":{\"@id\":\"https:\/\/guineediversite.com\/#organization\"},\"image\":{\"@id\":\"https:\/\/guineediversite.com\/index.php\/2021\/09\/18\/transition-en-guinee-lancien-president-alpha-conde-demeurera-en-guinee-porte-parole-du-cnrd\/#primaryimage\"},\"thumbnailUrl\":\"https:\/\/guineediversite.com\/wp-content\/uploads\/2021\/09\/WhatsApp-Image-2021-09-18-at-14.13.59-1.jpeg\",\"articleSection\":[\"Derni\u00e8re minute\",\"Politique\"],\"inLanguage\":\"fr-FR\"},{\"@type\":\"WebPage\",\"@id\":\"https:\/\/guineediversite.com\/index.php\/2021\/09\/18\/transition-en-guinee-lancien-president-alpha-conde-demeurera-en-guinee-porte-parole-du-cnrd\/\",\"url\":\"https:\/\/guineediversite.com\/index.php\/2021\/09\/18\/transition-en-guinee-lancien-president-alpha-conde-demeurera-en-guinee-porte-parole-du-cnrd\/\",\"name\":\"Transition en Guin\u00e9e : \u00ab L\u2019ancien pr\u00e9sident Alpha Cond\u00e9 demeurera en Guin\u00e9e\u2026 \u00bb porte-parole du CNRD | Guin\u00e9e Diversit\u00e9\",\"isPartOf\":{\"@id\":\"https:\/\/guineediversite.com\/#website\"},\"primaryImageOfPage\":{\"@id\":\"https:\/\/guineediversite.com\/index.php\/2021\/09\/18\/transition-en-guinee-lancien-president-alpha-conde-demeurera-en-guinee-porte-parole-du-cnrd\/#primaryimage\"},\"image\":{\"@id\":\"https:\/\/guineediversite.com\/index.php\/2021\/09\/18\/transition-en-guinee-lancien-president-alpha-conde-demeurera-en-guinee-porte-parole-du-cnrd\/#primaryimage\"},\"thumbnailUrl\":\"https:\/\/guineediversite.com\/wp-content\/uploads\/2021\/09\/WhatsApp-Image-2021-09-18-at-14.13.59-1.jpeg\",\"datePublished\":\"2021-09-18T14:29:40+00:00\",\"dateModified\":\"2021-09-18T14:29:40+00:00\",\"breadcrumb\":{\"@id\":\"https:\/\/guineediversite.com\/index.php\/2021\/09\/18\/transition-en-guinee-lancien-president-alpha-conde-demeurera-en-guinee-porte-parole-du-cnrd\/#breadcrumb\"},\"inLanguage\":\"fr-FR\",\"potentialAction\":[{\"@type\":\"ReadAction\",\"target\":[\"https:\/\/guineediversite.com\/index.php\/2021\/09\/18\/transition-en-guinee-lancien-president-alpha-conde-demeurera-en-guinee-porte-parole-du-cnrd\/\"]}]},{\"@type\":\"ImageObject\",\"inLanguage\":\"fr-FR\",\"@id\":\"https:\/\/guineediversite.com\/index.php\/2021\/09\/18\/transition-en-guinee-lancien-president-alpha-conde-demeurera-en-guinee-porte-parole-du-cnrd\/#primaryimage\",\"url\":\"https:\/\/guineediversite.com\/wp-content\/uploads\/2021\/09\/WhatsApp-Image-2021-09-18-at-14.13.59-1.jpeg\",\"contentUrl\":\"https:\/\/guineediversite.com\/wp-content\/uploads\/2021\/09\/WhatsApp-Image-2021-09-18-at-14.13.59-1.jpeg\",\"width\":1032,\"height\":581},{\"@type\":\"BreadcrumbList\",\"@id\":\"https:\/\/guineediversite.com\/index.php\/2021\/09\/18\/transition-en-guinee-lancien-president-alpha-conde-demeurera-en-guinee-porte-parole-du-cnrd\/#breadcrumb\",\"itemListElement\":[{\"@type\":\"ListItem\",\"position\":1,\"name\":\"Accueil\",\"item\":\"https:\/\/guineediversite.com\/\"},{\"@type\":\"ListItem\",\"position\":2,\"name\":\"Transition en Guin\u00e9e : \u00ab L\u2019ancien pr\u00e9sident Alpha Cond\u00e9 demeurera en Guin\u00e9e\u2026 \u00bb porte-parole du CNRD\"}]},{\"@type\":\"WebSite\",\"@id\":\"https:\/\/guineediversite.com\/#website\",\"url\":\"https:\/\/guineediversite.com\/\",\"name\":\"Guin\u00e9e Diversit\u00e9\",\"description\":\"L&#039;Info dans toute sa diversit\u00e9\",\"publisher\":{\"@id\":\"https:\/\/guineediversite.com\/#organization\"},\"potentialAction\":[{\"@type\":\"SearchAction\",\"target\":{\"@type\":\"EntryPoint\",\"urlTemplate\":\"https:\/\/guineediversite.com\/?s={search_term_string}\"},\"query-input\":{\"@type\":\"PropertyValueSpecification\",\"valueRequired\":true,\"valueName\":\"search_term_string\"}}],\"inLanguage\":\"fr-FR\"},{\"@type\":\"Organization\",\"@id\":\"https:\/\/guineediversite.com\/#organization\",\"name\":\"Guin\u00e9e Diversit\u00e9\",\"url\":\"https:\/\/guineediversite.com\/\",\"logo\":{\"@type\":\"ImageObject\",\"inLanguage\":\"fr-FR\",\"@id\":\"https:\/\/guineediversite.com\/#\/schema\/logo\/image\/\",\"url\":\"https:\/\/guineediversite.com\/wp-content\/uploads\/2017\/04\/cropped-1jojlxEOMkX9Wyqfhe43D6kjPOGqBBKmx3EwWJqZ0cMrFF54yM49.png\",\"contentUrl\":\"https:\/\/guineediversite.com\/wp-content\/uploads\/2017\/04\/cropped-1jojlxEOMkX9Wyqfhe43D6kjPOGqBBKmx3EwWJqZ0cMrFF54yM49.png\",\"width\":186,\"height\":112,\"caption\":\"Guin\u00e9e Diversit\u00e9\"},\"image\":{\"@id\":\"https:\/\/guineediversite.com\/#\/schema\/logo\/image\/\"},\"sameAs\":[\"https:\/\/www.facebook.com\/guineediversite\/\",\"https:\/\/x.com\/GuineeDiversite\",\"https:\/\/www.youtube.com\/channel\/UC8sUY16qelG5ge6_D5SB83g\"]},{\"@type\":\"Person\",\"@id\":\"https:\/\/guineediversite.com\/#\/schema\/person\/fa362494c47202ce4b3adf55abcc9d01\",\"name\":\"Morcire Camara\",\"image\":{\"@type\":\"ImageObject\",\"inLanguage\":\"fr-FR\",\"@id\":\"https:\/\/guineediversite.com\/#\/schema\/person\/image\/\",\"url\":\"https:\/\/secure.gravatar.com\/avatar\/3ec324f02295bbcebe03d99b39330ab4?s=96&d=mm&r=g\",\"contentUrl\":\"https:\/\/secure.gravatar.com\/avatar\/3ec324f02295bbcebe03d99b39330ab4?s=96&d=mm&r=g\",\"caption\":\"Morcire Camara\"},\"url\":\"https:\/\/guineediversite.com\/index.php\/author\/morcire\/\"}]}<\/script>\n<!-- \/ Yoast SEO plugin. -->","yoast_head_json":{"title":"Transition en Guin\u00e9e : \u00ab L\u2019ancien pr\u00e9sident Alpha Cond\u00e9 demeurera en Guin\u00e9e\u2026 \u00bb porte-parole du CNRD | Guin\u00e9e Diversit\u00e9","robots":{"index":"index","follow":"follow","max-snippet":"max-snippet:-1","max-image-preview":"max-image-preview:large","max-video-preview":"max-video-preview:-1"},"canonical":"https:\/\/guineediversite.com\/index.php\/2021\/09\/18\/transition-en-guinee-lancien-president-alpha-conde-demeurera-en-guinee-porte-parole-du-cnrd\/","og_locale":"fr_FR","og_type":"article","og_title":"Transition en Guin\u00e9e : \u00ab L\u2019ancien pr\u00e9sident Alpha Cond\u00e9 demeurera en Guin\u00e9e\u2026 \u00bb porte-parole du CNRD | Guin\u00e9e Diversit\u00e9","og_description":"Le Comit\u00e9 National pour le Rassemblement et du D\u00e9veloppement a tenu un point de presse ce samedi 18 septembre 2021. Il \u00e9tait question pour le porte-parole du CNRD Colonel Amara Camara de faire le compte rendu de la Mission des chefs d\u2019\u00c9tat de la CEDEAO. A l\u2019entame de ces propos Colonel Amara Camara est devenu [&hellip;]","og_url":"https:\/\/guineediversite.com\/index.php\/2021\/09\/18\/transition-en-guinee-lancien-president-alpha-conde-demeurera-en-guinee-porte-parole-du-cnrd\/","og_site_name":"Guin\u00e9e Diversit\u00e9","article_publisher":"https:\/\/www.facebook.com\/guineediversite\/","article_published_time":"2021-09-18T14:29:40+00:00","og_image":[{"width":1032,"height":581,"url":"https:\/\/guineediversite.com\/wp-content\/uploads\/2021\/09\/WhatsApp-Image-2021-09-18-at-14.13.59-1.jpeg","type":"image\/jpeg"}],"author":"Morcire Camara","twitter_card":"summary_large_image","twitter_creator":"@GuineeDiversite","twitter_site":"@GuineeDiversite","twitter_misc":{"\u00c9crit par":"Morcire Camara","Dur\u00e9e de lecture estim\u00e9e":"3 minutes"},"schema":{"@context":"https:\/\/schema.org","@graph":[{"@type":"Article","@id":"https:\/\/guineediversite.com\/index.php\/2021\/09\/18\/transition-en-guinee-lancien-president-alpha-conde-demeurera-en-guinee-porte-parole-du-cnrd\/#article","isPartOf":{"@id":"https:\/\/guineediversite.com\/index.php\/2021\/09\/18\/transition-en-guinee-lancien-president-alpha-conde-demeurera-en-guinee-porte-parole-du-cnrd\/"},"author":{"name":"Morcire Camara","@id":"https:\/\/guineediversite.com\/#\/schema\/person\/fa362494c47202ce4b3adf55abcc9d01"},"headline":"Transition en Guin\u00e9e : \u00ab L\u2019ancien pr\u00e9sident Alpha Cond\u00e9 demeurera en Guin\u00e9e\u2026 \u00bb porte-parole du CNRD","datePublished":"2021-09-18T14:29:40+00:00","dateModified":"2021-09-18T14:29:40+00:00","mainEntityOfPage":{"@id":"https:\/\/guineediversite.com\/index.php\/2021\/09\/18\/transition-en-guinee-lancien-president-alpha-conde-demeurera-en-guinee-porte-parole-du-cnrd\/"},"wordCount":544,"publisher":{"@id":"https:\/\/guineediversite.com\/#organization"},"image":{"@id":"https:\/\/guineediversite.com\/index.php\/2021\/09\/18\/transition-en-guinee-lancien-president-alpha-conde-demeurera-en-guinee-porte-parole-du-cnrd\/#primaryimage"},"thumbnailUrl":"https:\/\/guineediversite.com\/wp-content\/uploads\/2021\/09\/WhatsApp-Image-2021-09-18-at-14.13.59-1.jpeg","articleSection":["Derni\u00e8re minute","Politique"],"inLanguage":"fr-FR"},{"@type":"WebPage","@id":"https:\/\/guineediversite.com\/index.php\/2021\/09\/18\/transition-en-guinee-lancien-president-alpha-conde-demeurera-en-guinee-porte-parole-du-cnrd\/","url":"https:\/\/guineediversite.com\/index.php\/2021\/09\/18\/transition-en-guinee-lancien-president-alpha-conde-demeurera-en-guinee-porte-parole-du-cnrd\/","name":"Transition en Guin\u00e9e : \u00ab L\u2019ancien pr\u00e9sident Alpha Cond\u00e9 demeurera en Guin\u00e9e\u2026 \u00bb porte-parole du CNRD | Guin\u00e9e Diversit\u00e9","isPartOf":{"@id":"https:\/\/guineediversite.com\/#website"},"primaryImageOfPage":{"@id":"https:\/\/guineediversite.com\/index.php\/2021\/09\/18\/transition-en-guinee-lancien-president-alpha-conde-demeurera-en-guinee-porte-parole-du-cnrd\/#primaryimage"},"image":{"@id":"https:\/\/guineediversite.com\/index.php\/2021\/09\/18\/transition-en-guinee-lancien-president-alpha-conde-demeurera-en-guinee-porte-parole-du-cnrd\/#primaryimage"},"thumbnailUrl":"https:\/\/guineediversite.com\/wp-content\/uploads\/2021\/09\/WhatsApp-Image-2021-09-18-at-14.13.59-1.jpeg","datePublished":"2021-09-18T14:29:40+00:00","dateModified":"2021-09-18T14:29:40+00:00","breadcrumb":{"@id":"https:\/\/guineediversite.com\/index.php\/2021\/09\/18\/transition-en-guinee-lancien-president-alpha-conde-demeurera-en-guinee-porte-parole-du-cnrd\/#breadcrumb"},"inLanguage":"fr-FR","potentialAction":[{"@type":"ReadAction","target":["https:\/\/guineediversite.com\/index.php\/2021\/09\/18\/transition-en-guinee-lancien-president-alpha-conde-demeurera-en-guinee-porte-parole-du-cnrd\/"]}]},{"@type":"ImageObject","inLanguage":"fr-FR","@id":"https:\/\/guineediversite.com\/index.php\/2021\/09\/18\/transition-en-guinee-lancien-president-alpha-conde-demeurera-en-guinee-porte-parole-du-cnrd\/#primaryimage","url":"https:\/\/guineediversite.com\/wp-content\/uploads\/2021\/09\/WhatsApp-Image-2021-09-18-at-14.13.59-1.jpeg","contentUrl":"https:\/\/guineediversite.com\/wp-content\/uploads\/2021\/09\/WhatsApp-Image-2021-09-18-at-14.13.59-1.jpeg","width":1032,"height":581},{"@type":"BreadcrumbList","@id":"https:\/\/guineediversite.com\/index.php\/2021\/09\/18\/transition-en-guinee-lancien-president-alpha-conde-demeurera-en-guinee-porte-parole-du-cnrd\/#breadcrumb","itemListElement":[{"@type":"ListItem","position":1,"name":"Accueil","item":"https:\/\/guineediversite.com\/"},{"@type":"ListItem","position":2,"name":"Transition en Guin\u00e9e : \u00ab L\u2019ancien pr\u00e9sident Alpha Cond\u00e9 demeurera en Guin\u00e9e\u2026 \u00bb porte-parole du CNRD"}]},{"@type":"WebSite","@id":"https:\/\/guineediversite.com\/#website","url":"https:\/\/guineediversite.com\/","name":"Guin\u00e9e Diversit\u00e9","description":"L&#039;Info dans toute sa diversit\u00e9","publisher":{"@id":"https:\/\/guineediversite.com\/#organization"},"potentialAction":[{"@type":"SearchAction","target":{"@type":"EntryPoint","urlTemplate":"https:\/\/guineediversite.com\/?s={search_term_string}"},"query-input":{"@type":"PropertyValueSpecification","valueRequired":true,"valueName":"search_term_string"}}],"inLanguage":"fr-FR"},{"@type":"Organization","@id":"https:\/\/guineediversite.com\/#organization","name":"Guin\u00e9e Diversit\u00e9","url":"https:\/\/guineediversite.com\/","logo":{"@type":"ImageObject","inLanguage":"fr-FR","@id":"https:\/\/guineediversite.com\/#\/schema\/logo\/image\/","url":"https:\/\/guineediversite.com\/wp-content\/uploads\/2017\/04\/cropped-1jojlxEOMkX9Wyqfhe43D6kjPOGqBBKmx3EwWJqZ0cMrFF54yM49.png","contentUrl":"https:\/\/guineediversite.com\/wp-content\/uploads\/2017\/04\/cropped-1jojlxEOMkX9Wyqfhe43D6kjPOGqBBKmx3EwWJqZ0cMrFF54yM49.png","width":186,"height":112,"caption":"Guin\u00e9e Diversit\u00e9"},"image":{"@id":"https:\/\/guineediversite.com\/#\/schema\/logo\/image\/"},"sameAs":["https:\/\/www.facebook.com\/guineediversite\/","https:\/\/x.com\/GuineeDiversite","https:\/\/www.youtube.com\/channel\/UC8sUY16qelG5ge6_D5SB83g"]},{"@type":"Person","@id":"https:\/\/guineediversite.com\/#\/schema\/person\/fa362494c47202ce4b3adf55abcc9d01","name":"Morcire Camara","image":{"@type":"ImageObject","inLanguage":"fr-FR","@id":"https:\/\/guineediversite.com\/#\/schema\/person\/image\/","url":"https:\/\/secure.gravatar.com\/avatar\/3ec324f02295bbcebe03d99b39330ab4?s=96&d=mm&r=g","contentUrl":"https:\/\/secure.gravatar.com\/avatar\/3ec324f02295bbcebe03d99b39330ab4?s=96&d=mm&r=g","caption":"Morcire Camara"},"url":"https:\/\/guineediversite.com\/index.php\/author\/morcire\/"}]}},"_links":{"self":[{"href":"https:\/\/guineediversite.com\/index.php\/wp-json\/wp\/v2\/posts\/31475"}],"collection":[{"href":"https:\/\/guineediversite.com\/index.php\/wp-json\/wp\/v2\/posts"}],"about":[{"href":"https:\/\/guineediversite.com\/index.php\/wp-json\/wp\/v2\/types\/post"}],"author":[{"embeddable":true,"href":"https:\/\/guineediversite.com\/index.php\/wp-json\/wp\/v2\/users\/10"}],"replies":[{"embeddable":true,"href":"https:\/\/guineediversite.com\/index.php\/wp-json\/wp\/v2\/comments?post=31475"}],"version-history":[{"count":1,"href":"https:\/\/guineediversite.com\/index.php\/wp-json\/wp\/v2\/posts\/31475\/revisions"}],"predecessor-version":[{"id":31479,"href":"https:\/\/guineediversite.com\/index.php\/wp-json\/wp\/v2\/posts\/31475\/revisions\/31479"}],"wp:featuredmedia":[{"embeddable":true,"href":"https:\/\/guineediversite.com\/index.php\/wp-json\/wp\/v2\/media\/31478"}],"wp:attachment":[{"href":"https:\/\/guineediversite.com\/index.php\/wp-json\/wp\/v2\/media?parent=31475"}],"wp:term":[{"taxonomy":"category","embeddable":true,"href":"https:\/\/guineediversite.com\/index.php\/wp-json\/wp\/v2\/categories?post=31475"},{"taxonomy":"post_tag","embeddable":true,"href":"https:\/\/guineediversite.com\/index.php\/wp-json\/wp\/v2\/tags?post=31475"}],"curies":[{"name":"wp","href":"https:\/\/api.w.org\/{rel}","templated":true}]}}