{"id":31469,"date":"2021-09-18T09:21:21","date_gmt":"2021-09-18T07:21:21","guid":{"rendered":"https:\/\/guineediversite.com\/?p=31469"},"modified":"2021-09-18T09:21:21","modified_gmt":"2021-09-18T07:21:21","slug":"lancien-president-algerien-abdelaziz-bouteflika-est-mort","status":"publish","type":"post","link":"https:\/\/guineediversite.com\/index.php\/2021\/09\/18\/lancien-president-algerien-abdelaziz-bouteflika-est-mort\/","title":{"rendered":"L&rsquo;ancien pr\u00e9sident alg\u00e9rien Abdelaziz Bouteflika est mort"},"content":{"rendered":"<p><strong>La t\u00e9l\u00e9vision publique alg\u00e9rienne a annonc\u00e9 la mort de l\u2019ex-pr\u00e9sident Abdelaziz Bouteflika. Il est d\u00e9c\u00e9d\u00e9 ce vendredi \u00e0 l\u2019\u00e2ge de 84 ans.<\/strong><\/p>\n<p>La nouvelle de la mort d\u2019Abdelaziz Bouteflika a \u00e9t\u00e9 annonc\u00e9e par un bandeau d\u00e9roulant \u00e0 la t\u00e9l\u00e9vision nationale alg\u00e9rienne, citant un communiqu\u00e9 de la pr\u00e9sidence de la R\u00e9publique\u00a0: \u00ab\u00a0D\u00e9c\u00e8s de l&rsquo;ancien pr\u00e9sident Abdelaziz Bouteflika\u00a0\u00bb. Depuis sa chute spectaculaire en avril 2019 sous la pression de l&rsquo;arm\u00e9e et de la rue, l\u2019ancien chef de l\u2019\u00c9tat \u00e9tait rest\u00e9 retranch\u00e9 dans la solitude dans sa r\u00e9sidence m\u00e9dicalis\u00e9e de Zeralda, \u00e0 l&rsquo;ouest d&rsquo;Alger. Les t\u00e9l\u00e9visions officielles se sont content\u00e9es d&rsquo;annoncer le d\u00e9c\u00e8s de l&rsquo;ex-chef de l&rsquo;\u00c9tat, sans toutefois interrompre leurs programmes pour lui consacrer des \u00e9missions sp\u00e9ciales.<\/p>\n<p><strong>Jeune ministre<\/strong><\/p>\n<p>Abdelaziz Bouteflika na\u00eet en 1937 \u00e0 Oujda, au Maroc, o\u00f9 son p\u00e8re avait \u00e9migr\u00e9 tr\u00e8s jeune, mais il n\u2019oublie pas ses racines. Quand en 1956, en pleine guerre d\u2019Alg\u00e9rie, les ind\u00e9pendantistes demandent aux \u00e9tudiants de rejoindre le mouvement de lib\u00e9ration nationale, il entre tr\u00e8s vite au FLN. Il devient m\u00eame secr\u00e9taire particulier du colonel Boum\u00e9di\u00e8ne.<\/p>\n<p>En 1962, il n\u2019a que 25 ans lorsque l\u2019Alg\u00e9rie obtient son ind\u00e9pendance. Abdelaziz Bouteflika est nomm\u00e9 ministre de la Jeunesse puis ministre des Affaires \u00e9trang\u00e8res, le plus jeune \u00e0 ce poste dans le monde. Il l\u2019occupera pendant 16 ans, \u00e0 une \u00e9poque o\u00f9 son pays joue un r\u00f4le important au sein du mouvement des non-align\u00e9s.\u00a0Avec ses yeux clairs et ses costumes trois-pi\u00e8ces, il se fait appr\u00e9cier des pays du Sud dont il porte la parole, et notamment des gouvernements r\u00e9volutionnaires latino-am\u00e9ricains o\u00f9 il compte de puissants amis.<\/p>\n<p>\u00c0 la mort de son mentor Houari Boum\u00e9di\u00e8ne, il est \u00e9cart\u00e9 de la vie politique, poursuivi pour d\u00e9tournement de fonds. Abdelaziz Bouteflika laisse passer l\u2019orage. Il passe son exil en Suisse et aux \u00c9mirats arabes unis, jusqu&rsquo;\u00e0 son retour en en Alg\u00e9rie en 1987. Il entame une ascension politicienne de douze ans qui, apr\u00e8s la d\u00e9cennie noire, le conduit en 1999 \u00e0 la pr\u00e9sidence avec le soutien des militaires et apr\u00e8s le retrait de tous ses adversaires.<\/p>\n<p><strong>Un cinqui\u00e8me mandat de trop<\/strong><\/p>\n<p>Il arrive \u00e0 l&rsquo;\u00e2ge de 62 ans \u00e0 la t\u00eate d\u2019une Alg\u00e9rie meurtri par la guerre\u00a0civile qui a fait entre 90\u00a0000 et\u00a0150\u00a0000 morts. Abdelaziz Bouteflika s\u2019engage \u00e0 mettre fin \u00e0 la\u00a0fitna, la discorde. 6\u00a0000 hommes rendent les armes,\u00a0la tension se rel\u00e2che, m\u00eame si\u00a0le terrorisme est loin d\u2019\u00eatre \u00e9radiqu\u00e9.<\/p>\n<p>Apr\u00e8s deux mandats, il modifie la Constitution, ce qui l&rsquo;autorise \u00e0 rester au pouvoir pour un troisi\u00e8me, puis un quatri\u00e8me mandat qu\u2019il commencera dans un\u00a0fauteuil roulant, affaibli par un accident vasculaire c\u00e9r\u00e9bral en 2013.\u00a0Ce quatri\u00e8me mandat se d\u00e9roule sur fond de d\u00e9gringolade des prix du p\u00e9trole pour une \u00e9conomie tr\u00e8s d\u00e9pendante des hydrocarbures. Les caisses sont vides et il n&rsquo;est plus possible d&rsquo;acheter la paix sociale, comme en 2011 quand le Printemps arabe balaie la r\u00e9gion.<\/p>\n<p>\u00c0 l&rsquo;annonce de sa candidature pour un cinqui\u00e8me mandat, des\u00a0manifestations in\u00e9dites vont avoir lieu dans le pays et vont d\u00e9boucher sur le mouvement du \u00ab\u00a0Hirak\u00a0\u00bb.\u00a0Jusqu&rsquo;au bout, le pr\u00e9sident affaibli aura tent\u00e9 de s&rsquo;accrocher au pouvoir. Mutique et paralys\u00e9, il est finalement accul\u00e9 \u00e0 la d\u00e9mission par le chef de l&rsquo;arm\u00e9e, le 2 avril 2019, apr\u00e8s six semaines de mobilisation populaire massive.\u00a0Ce jour-l\u00e0, il \u00e9tait apparu pour la derni\u00e8re fois \u00e0 la t\u00e9l\u00e9vision pour annoncer qu&rsquo;il jetait l&rsquo;\u00e9ponge.<\/p>\n<p><strong>RFI<\/strong><\/p>\n","protected":false},"excerpt":{"rendered":"<p>La t\u00e9l\u00e9vision publique alg\u00e9rienne a annonc\u00e9 la mort de l\u2019ex-pr\u00e9sident Abdelaziz Bouteflika. Il est d\u00e9c\u00e9d\u00e9 ce vendredi \u00e0 l\u2019\u00e2ge de 84 ans. La nouvelle de la mort d\u2019Abdelaziz Bouteflika a \u00e9t\u00e9 annonc\u00e9e par un bandeau d\u00e9roulant \u00e0 la t\u00e9l\u00e9vision nationale alg\u00e9rienne, citant un communiqu\u00e9 de la pr\u00e9sidence de la R\u00e9publique\u00a0: \u00ab\u00a0D\u00e9c\u00e8s de l&rsquo;ancien pr\u00e9sident Abdelaziz [&hellip;]<\/p>\n","protected":false},"author":12,"featured_media":31470,"comment_status":"closed","ping_status":"open","sticky":false,"template":"","format":"standard","meta":{"_exactmetrics_skip_tracking":false,"_exactmetrics_sitenote_active":false,"_exactmetrics_sitenote_note":"","_exactmetrics_sitenote_category":0,"tdm_status":"","tdm_grid_status":"","footnotes":""},"categories":[21],"tags":[],"class_list":{"0":"post-31469","1":"post","2":"type-post","3":"status-publish","4":"format-standard","5":"has-post-thumbnail","7":"category-international"},"yoast_head":"<!-- This site is optimized with the Yoast SEO plugin v24.2 - https:\/\/yoast.com\/wordpress\/plugins\/seo\/ -->\n<title>L&#039;ancien pr\u00e9sident alg\u00e9rien Abdelaziz Bouteflika est mort | Guin\u00e9e Diversit\u00e9<\/title>\n<meta name=\"robots\" content=\"index, follow, max-snippet:-1, max-image-preview:large, max-video-preview:-1\" \/>\n<link rel=\"canonical\" href=\"https:\/\/guineediversite.com\/index.php\/2021\/09\/18\/lancien-president-algerien-abdelaziz-bouteflika-est-mort\/\" \/>\n<meta property=\"og:locale\" content=\"fr_FR\" \/>\n<meta property=\"og:type\" content=\"article\" \/>\n<meta property=\"og:title\" content=\"L&#039;ancien pr\u00e9sident alg\u00e9rien Abdelaziz Bouteflika est mort | Guin\u00e9e Diversit\u00e9\" \/>\n<meta property=\"og:description\" content=\"La t\u00e9l\u00e9vision publique alg\u00e9rienne a annonc\u00e9 la mort de l\u2019ex-pr\u00e9sident Abdelaziz Bouteflika. Il est d\u00e9c\u00e9d\u00e9 ce vendredi \u00e0 l\u2019\u00e2ge de 84 ans. La nouvelle de la mort d\u2019Abdelaziz Bouteflika a \u00e9t\u00e9 annonc\u00e9e par un bandeau d\u00e9roulant \u00e0 la t\u00e9l\u00e9vision nationale alg\u00e9rienne, citant un communiqu\u00e9 de la pr\u00e9sidence de la R\u00e9publique\u00a0: \u00ab\u00a0D\u00e9c\u00e8s de l&rsquo;ancien pr\u00e9sident Abdelaziz [&hellip;]\" \/>\n<meta property=\"og:url\" content=\"https:\/\/guineediversite.com\/index.php\/2021\/09\/18\/lancien-president-algerien-abdelaziz-bouteflika-est-mort\/\" \/>\n<meta property=\"og:site_name\" content=\"Guin\u00e9e Diversit\u00e9\" \/>\n<meta property=\"article:publisher\" content=\"https:\/\/www.facebook.com\/guineediversite\/\" \/>\n<meta property=\"article:published_time\" content=\"2021-09-18T07:21:21+00:00\" \/>\n<meta property=\"og:image\" content=\"https:\/\/guineediversite.com\/wp-content\/uploads\/2021\/09\/Abdelaziz-Bouteflika.jpg\" \/>\n\t<meta property=\"og:image:width\" content=\"1024\" \/>\n\t<meta property=\"og:image:height\" content=\"716\" \/>\n\t<meta property=\"og:image:type\" content=\"image\/jpeg\" \/>\n<meta name=\"author\" content=\"Guin\u00e9e Diversit\u00e9\" \/>\n<meta name=\"twitter:card\" content=\"summary_large_image\" \/>\n<meta name=\"twitter:creator\" content=\"@GuineeDiversite\" \/>\n<meta name=\"twitter:site\" content=\"@GuineeDiversite\" \/>\n<meta name=\"twitter:label1\" content=\"\u00c9crit par\" \/>\n\t<meta name=\"twitter:data1\" content=\"Guin\u00e9e Diversit\u00e9\" \/>\n\t<meta name=\"twitter:label2\" content=\"Dur\u00e9e de lecture estim\u00e9e\" \/>\n\t<meta name=\"twitter:data2\" content=\"3 minutes\" \/>\n<script type=\"application\/ld+json\" class=\"yoast-schema-graph\">{\"@context\":\"https:\/\/schema.org\",\"@graph\":[{\"@type\":\"Article\",\"@id\":\"https:\/\/guineediversite.com\/index.php\/2021\/09\/18\/lancien-president-algerien-abdelaziz-bouteflika-est-mort\/#article\",\"isPartOf\":{\"@id\":\"https:\/\/guineediversite.com\/index.php\/2021\/09\/18\/lancien-president-algerien-abdelaziz-bouteflika-est-mort\/\"},\"author\":{\"name\":\"Guin\u00e9e Diversit\u00e9\",\"@id\":\"https:\/\/guineediversite.com\/#\/schema\/person\/afa08fb34e7fc6e1feafc892612bc836\"},\"headline\":\"L&rsquo;ancien pr\u00e9sident alg\u00e9rien Abdelaziz Bouteflika est mort\",\"datePublished\":\"2021-09-18T07:21:21+00:00\",\"dateModified\":\"2021-09-18T07:21:21+00:00\",\"mainEntityOfPage\":{\"@id\":\"https:\/\/guineediversite.com\/index.php\/2021\/09\/18\/lancien-president-algerien-abdelaziz-bouteflika-est-mort\/\"},\"wordCount\":644,\"publisher\":{\"@id\":\"https:\/\/guineediversite.com\/#organization\"},\"image\":{\"@id\":\"https:\/\/guineediversite.com\/index.php\/2021\/09\/18\/lancien-president-algerien-abdelaziz-bouteflika-est-mort\/#primaryimage\"},\"thumbnailUrl\":\"https:\/\/guineediversite.com\/wp-content\/uploads\/2021\/09\/Abdelaziz-Bouteflika.jpg\",\"articleSection\":[\"International\"],\"inLanguage\":\"fr-FR\"},{\"@type\":\"WebPage\",\"@id\":\"https:\/\/guineediversite.com\/index.php\/2021\/09\/18\/lancien-president-algerien-abdelaziz-bouteflika-est-mort\/\",\"url\":\"https:\/\/guineediversite.com\/index.php\/2021\/09\/18\/lancien-president-algerien-abdelaziz-bouteflika-est-mort\/\",\"name\":\"L'ancien pr\u00e9sident alg\u00e9rien Abdelaziz Bouteflika est mort | Guin\u00e9e Diversit\u00e9\",\"isPartOf\":{\"@id\":\"https:\/\/guineediversite.com\/#website\"},\"primaryImageOfPage\":{\"@id\":\"https:\/\/guineediversite.com\/index.php\/2021\/09\/18\/lancien-president-algerien-abdelaziz-bouteflika-est-mort\/#primaryimage\"},\"image\":{\"@id\":\"https:\/\/guineediversite.com\/index.php\/2021\/09\/18\/lancien-president-algerien-abdelaziz-bouteflika-est-mort\/#primaryimage\"},\"thumbnailUrl\":\"https:\/\/guineediversite.com\/wp-content\/uploads\/2021\/09\/Abdelaziz-Bouteflika.jpg\",\"datePublished\":\"2021-09-18T07:21:21+00:00\",\"dateModified\":\"2021-09-18T07:21:21+00:00\",\"breadcrumb\":{\"@id\":\"https:\/\/guineediversite.com\/index.php\/2021\/09\/18\/lancien-president-algerien-abdelaziz-bouteflika-est-mort\/#breadcrumb\"},\"inLanguage\":\"fr-FR\",\"potentialAction\":[{\"@type\":\"ReadAction\",\"target\":[\"https:\/\/guineediversite.com\/index.php\/2021\/09\/18\/lancien-president-algerien-abdelaziz-bouteflika-est-mort\/\"]}]},{\"@type\":\"ImageObject\",\"inLanguage\":\"fr-FR\",\"@id\":\"https:\/\/guineediversite.com\/index.php\/2021\/09\/18\/lancien-president-algerien-abdelaziz-bouteflika-est-mort\/#primaryimage\",\"url\":\"https:\/\/guineediversite.com\/wp-content\/uploads\/2021\/09\/Abdelaziz-Bouteflika.jpg\",\"contentUrl\":\"https:\/\/guineediversite.com\/wp-content\/uploads\/2021\/09\/Abdelaziz-Bouteflika.jpg\",\"width\":1024,\"height\":716},{\"@type\":\"BreadcrumbList\",\"@id\":\"https:\/\/guineediversite.com\/index.php\/2021\/09\/18\/lancien-president-algerien-abdelaziz-bouteflika-est-mort\/#breadcrumb\",\"itemListElement\":[{\"@type\":\"ListItem\",\"position\":1,\"name\":\"Accueil\",\"item\":\"https:\/\/guineediversite.com\/\"},{\"@type\":\"ListItem\",\"position\":2,\"name\":\"L&rsquo;ancien pr\u00e9sident alg\u00e9rien Abdelaziz Bouteflika est mort\"}]},{\"@type\":\"WebSite\",\"@id\":\"https:\/\/guineediversite.com\/#website\",\"url\":\"https:\/\/guineediversite.com\/\",\"name\":\"Guin\u00e9e Diversit\u00e9\",\"description\":\"L&#039;Info dans toute sa diversit\u00e9\",\"publisher\":{\"@id\":\"https:\/\/guineediversite.com\/#organization\"},\"potentialAction\":[{\"@type\":\"SearchAction\",\"target\":{\"@type\":\"EntryPoint\",\"urlTemplate\":\"https:\/\/guineediversite.com\/?s={search_term_string}\"},\"query-input\":{\"@type\":\"PropertyValueSpecification\",\"valueRequired\":true,\"valueName\":\"search_term_string\"}}],\"inLanguage\":\"fr-FR\"},{\"@type\":\"Organization\",\"@id\":\"https:\/\/guineediversite.com\/#organization\",\"name\":\"Guin\u00e9e Diversit\u00e9\",\"url\":\"https:\/\/guineediversite.com\/\",\"logo\":{\"@type\":\"ImageObject\",\"inLanguage\":\"fr-FR\",\"@id\":\"https:\/\/guineediversite.com\/#\/schema\/logo\/image\/\",\"url\":\"https:\/\/guineediversite.com\/wp-content\/uploads\/2017\/04\/cropped-1jojlxEOMkX9Wyqfhe43D6kjPOGqBBKmx3EwWJqZ0cMrFF54yM49.png\",\"contentUrl\":\"https:\/\/guineediversite.com\/wp-content\/uploads\/2017\/04\/cropped-1jojlxEOMkX9Wyqfhe43D6kjPOGqBBKmx3EwWJqZ0cMrFF54yM49.png\",\"width\":186,\"height\":112,\"caption\":\"Guin\u00e9e Diversit\u00e9\"},\"image\":{\"@id\":\"https:\/\/guineediversite.com\/#\/schema\/logo\/image\/\"},\"sameAs\":[\"https:\/\/www.facebook.com\/guineediversite\/\",\"https:\/\/x.com\/GuineeDiversite\",\"https:\/\/www.youtube.com\/channel\/UC8sUY16qelG5ge6_D5SB83g\"]},{\"@type\":\"Person\",\"@id\":\"https:\/\/guineediversite.com\/#\/schema\/person\/afa08fb34e7fc6e1feafc892612bc836\",\"name\":\"Guin\u00e9e Diversit\u00e9\",\"image\":{\"@type\":\"ImageObject\",\"inLanguage\":\"fr-FR\",\"@id\":\"https:\/\/guineediversite.com\/#\/schema\/person\/image\/\",\"url\":\"https:\/\/secure.gravatar.com\/avatar\/50d5eb5b390f8b65ac30ac6f898eb83a?s=96&d=mm&r=g\",\"contentUrl\":\"https:\/\/secure.gravatar.com\/avatar\/50d5eb5b390f8b65ac30ac6f898eb83a?s=96&d=mm&r=g\",\"caption\":\"Guin\u00e9e Diversit\u00e9\"},\"url\":\"https:\/\/guineediversite.com\/index.php\/author\/guineediversite\/\"}]}<\/script>\n<!-- \/ Yoast SEO plugin. -->","yoast_head_json":{"title":"L'ancien pr\u00e9sident alg\u00e9rien Abdelaziz Bouteflika est mort | Guin\u00e9e Diversit\u00e9","robots":{"index":"index","follow":"follow","max-snippet":"max-snippet:-1","max-image-preview":"max-image-preview:large","max-video-preview":"max-video-preview:-1"},"canonical":"https:\/\/guineediversite.com\/index.php\/2021\/09\/18\/lancien-president-algerien-abdelaziz-bouteflika-est-mort\/","og_locale":"fr_FR","og_type":"article","og_title":"L'ancien pr\u00e9sident alg\u00e9rien Abdelaziz Bouteflika est mort | Guin\u00e9e Diversit\u00e9","og_description":"La t\u00e9l\u00e9vision publique alg\u00e9rienne a annonc\u00e9 la mort de l\u2019ex-pr\u00e9sident Abdelaziz Bouteflika. Il est d\u00e9c\u00e9d\u00e9 ce vendredi \u00e0 l\u2019\u00e2ge de 84 ans. La nouvelle de la mort d\u2019Abdelaziz Bouteflika a \u00e9t\u00e9 annonc\u00e9e par un bandeau d\u00e9roulant \u00e0 la t\u00e9l\u00e9vision nationale alg\u00e9rienne, citant un communiqu\u00e9 de la pr\u00e9sidence de la R\u00e9publique\u00a0: \u00ab\u00a0D\u00e9c\u00e8s de l&rsquo;ancien pr\u00e9sident Abdelaziz [&hellip;]","og_url":"https:\/\/guineediversite.com\/index.php\/2021\/09\/18\/lancien-president-algerien-abdelaziz-bouteflika-est-mort\/","og_site_name":"Guin\u00e9e Diversit\u00e9","article_publisher":"https:\/\/www.facebook.com\/guineediversite\/","article_published_time":"2021-09-18T07:21:21+00:00","og_image":[{"width":1024,"height":716,"url":"https:\/\/guineediversite.com\/wp-content\/uploads\/2021\/09\/Abdelaziz-Bouteflika.jpg","type":"image\/jpeg"}],"author":"Guin\u00e9e Diversit\u00e9","twitter_card":"summary_large_image","twitter_creator":"@GuineeDiversite","twitter_site":"@GuineeDiversite","twitter_misc":{"\u00c9crit par":"Guin\u00e9e Diversit\u00e9","Dur\u00e9e de lecture estim\u00e9e":"3 minutes"},"schema":{"@context":"https:\/\/schema.org","@graph":[{"@type":"Article","@id":"https:\/\/guineediversite.com\/index.php\/2021\/09\/18\/lancien-president-algerien-abdelaziz-bouteflika-est-mort\/#article","isPartOf":{"@id":"https:\/\/guineediversite.com\/index.php\/2021\/09\/18\/lancien-president-algerien-abdelaziz-bouteflika-est-mort\/"},"author":{"name":"Guin\u00e9e Diversit\u00e9","@id":"https:\/\/guineediversite.com\/#\/schema\/person\/afa08fb34e7fc6e1feafc892612bc836"},"headline":"L&rsquo;ancien pr\u00e9sident alg\u00e9rien Abdelaziz Bouteflika est mort","datePublished":"2021-09-18T07:21:21+00:00","dateModified":"2021-09-18T07:21:21+00:00","mainEntityOfPage":{"@id":"https:\/\/guineediversite.com\/index.php\/2021\/09\/18\/lancien-president-algerien-abdelaziz-bouteflika-est-mort\/"},"wordCount":644,"publisher":{"@id":"https:\/\/guineediversite.com\/#organization"},"image":{"@id":"https:\/\/guineediversite.com\/index.php\/2021\/09\/18\/lancien-president-algerien-abdelaziz-bouteflika-est-mort\/#primaryimage"},"thumbnailUrl":"https:\/\/guineediversite.com\/wp-content\/uploads\/2021\/09\/Abdelaziz-Bouteflika.jpg","articleSection":["International"],"inLanguage":"fr-FR"},{"@type":"WebPage","@id":"https:\/\/guineediversite.com\/index.php\/2021\/09\/18\/lancien-president-algerien-abdelaziz-bouteflika-est-mort\/","url":"https:\/\/guineediversite.com\/index.php\/2021\/09\/18\/lancien-president-algerien-abdelaziz-bouteflika-est-mort\/","name":"L'ancien pr\u00e9sident alg\u00e9rien Abdelaziz Bouteflika est mort | Guin\u00e9e Diversit\u00e9","isPartOf":{"@id":"https:\/\/guineediversite.com\/#website"},"primaryImageOfPage":{"@id":"https:\/\/guineediversite.com\/index.php\/2021\/09\/18\/lancien-president-algerien-abdelaziz-bouteflika-est-mort\/#primaryimage"},"image":{"@id":"https:\/\/guineediversite.com\/index.php\/2021\/09\/18\/lancien-president-algerien-abdelaziz-bouteflika-est-mort\/#primaryimage"},"thumbnailUrl":"https:\/\/guineediversite.com\/wp-content\/uploads\/2021\/09\/Abdelaziz-Bouteflika.jpg","datePublished":"2021-09-18T07:21:21+00:00","dateModified":"2021-09-18T07:21:21+00:00","breadcrumb":{"@id":"https:\/\/guineediversite.com\/index.php\/2021\/09\/18\/lancien-president-algerien-abdelaziz-bouteflika-est-mort\/#breadcrumb"},"inLanguage":"fr-FR","potentialAction":[{"@type":"ReadAction","target":["https:\/\/guineediversite.com\/index.php\/2021\/09\/18\/lancien-president-algerien-abdelaziz-bouteflika-est-mort\/"]}]},{"@type":"ImageObject","inLanguage":"fr-FR","@id":"https:\/\/guineediversite.com\/index.php\/2021\/09\/18\/lancien-president-algerien-abdelaziz-bouteflika-est-mort\/#primaryimage","url":"https:\/\/guineediversite.com\/wp-content\/uploads\/2021\/09\/Abdelaziz-Bouteflika.jpg","contentUrl":"https:\/\/guineediversite.com\/wp-content\/uploads\/2021\/09\/Abdelaziz-Bouteflika.jpg","width":1024,"height":716},{"@type":"BreadcrumbList","@id":"https:\/\/guineediversite.com\/index.php\/2021\/09\/18\/lancien-president-algerien-abdelaziz-bouteflika-est-mort\/#breadcrumb","itemListElement":[{"@type":"ListItem","position":1,"name":"Accueil","item":"https:\/\/guineediversite.com\/"},{"@type":"ListItem","position":2,"name":"L&rsquo;ancien pr\u00e9sident alg\u00e9rien Abdelaziz Bouteflika est mort"}]},{"@type":"WebSite","@id":"https:\/\/guineediversite.com\/#website","url":"https:\/\/guineediversite.com\/","name":"Guin\u00e9e Diversit\u00e9","description":"L&#039;Info dans toute sa diversit\u00e9","publisher":{"@id":"https:\/\/guineediversite.com\/#organization"},"potentialAction":[{"@type":"SearchAction","target":{"@type":"EntryPoint","urlTemplate":"https:\/\/guineediversite.com\/?s={search_term_string}"},"query-input":{"@type":"PropertyValueSpecification","valueRequired":true,"valueName":"search_term_string"}}],"inLanguage":"fr-FR"},{"@type":"Organization","@id":"https:\/\/guineediversite.com\/#organization","name":"Guin\u00e9e Diversit\u00e9","url":"https:\/\/guineediversite.com\/","logo":{"@type":"ImageObject","inLanguage":"fr-FR","@id":"https:\/\/guineediversite.com\/#\/schema\/logo\/image\/","url":"https:\/\/guineediversite.com\/wp-content\/uploads\/2017\/04\/cropped-1jojlxEOMkX9Wyqfhe43D6kjPOGqBBKmx3EwWJqZ0cMrFF54yM49.png","contentUrl":"https:\/\/guineediversite.com\/wp-content\/uploads\/2017\/04\/cropped-1jojlxEOMkX9Wyqfhe43D6kjPOGqBBKmx3EwWJqZ0cMrFF54yM49.png","width":186,"height":112,"caption":"Guin\u00e9e Diversit\u00e9"},"image":{"@id":"https:\/\/guineediversite.com\/#\/schema\/logo\/image\/"},"sameAs":["https:\/\/www.facebook.com\/guineediversite\/","https:\/\/x.com\/GuineeDiversite","https:\/\/www.youtube.com\/channel\/UC8sUY16qelG5ge6_D5SB83g"]},{"@type":"Person","@id":"https:\/\/guineediversite.com\/#\/schema\/person\/afa08fb34e7fc6e1feafc892612bc836","name":"Guin\u00e9e Diversit\u00e9","image":{"@type":"ImageObject","inLanguage":"fr-FR","@id":"https:\/\/guineediversite.com\/#\/schema\/person\/image\/","url":"https:\/\/secure.gravatar.com\/avatar\/50d5eb5b390f8b65ac30ac6f898eb83a?s=96&d=mm&r=g","contentUrl":"https:\/\/secure.gravatar.com\/avatar\/50d5eb5b390f8b65ac30ac6f898eb83a?s=96&d=mm&r=g","caption":"Guin\u00e9e Diversit\u00e9"},"url":"https:\/\/guineediversite.com\/index.php\/author\/guineediversite\/"}]}},"_links":{"self":[{"href":"https:\/\/guineediversite.com\/index.php\/wp-json\/wp\/v2\/posts\/31469"}],"collection":[{"href":"https:\/\/guineediversite.com\/index.php\/wp-json\/wp\/v2\/posts"}],"about":[{"href":"https:\/\/guineediversite.com\/index.php\/wp-json\/wp\/v2\/types\/post"}],"author":[{"embeddable":true,"href":"https:\/\/guineediversite.com\/index.php\/wp-json\/wp\/v2\/users\/12"}],"replies":[{"embeddable":true,"href":"https:\/\/guineediversite.com\/index.php\/wp-json\/wp\/v2\/comments?post=31469"}],"version-history":[{"count":1,"href":"https:\/\/guineediversite.com\/index.php\/wp-json\/wp\/v2\/posts\/31469\/revisions"}],"predecessor-version":[{"id":31471,"href":"https:\/\/guineediversite.com\/index.php\/wp-json\/wp\/v2\/posts\/31469\/revisions\/31471"}],"wp:featuredmedia":[{"embeddable":true,"href":"https:\/\/guineediversite.com\/index.php\/wp-json\/wp\/v2\/media\/31470"}],"wp:attachment":[{"href":"https:\/\/guineediversite.com\/index.php\/wp-json\/wp\/v2\/media?parent=31469"}],"wp:term":[{"taxonomy":"category","embeddable":true,"href":"https:\/\/guineediversite.com\/index.php\/wp-json\/wp\/v2\/categories?post=31469"},{"taxonomy":"post_tag","embeddable":true,"href":"https:\/\/guineediversite.com\/index.php\/wp-json\/wp\/v2\/tags?post=31469"}],"curies":[{"name":"wp","href":"https:\/\/api.w.org\/{rel}","templated":true}]}}