{"id":31464,"date":"2021-09-18T00:41:06","date_gmt":"2021-09-17T22:41:06","guid":{"rendered":"https:\/\/guineediversite.com\/?p=31464"},"modified":"2021-09-18T00:41:06","modified_gmt":"2021-09-17T22:41:06","slug":"transition-en-guinee-la-mission-de-la-cedeao-huee-a-laeroport","status":"publish","type":"post","link":"https:\/\/guineediversite.com\/index.php\/2021\/09\/18\/transition-en-guinee-la-mission-de-la-cedeao-huee-a-laeroport\/","title":{"rendered":"Transition en Guin\u00e9e : la mission de la CEDEAO hu\u00e9e \u00e0 l\u2019a\u00e9roport"},"content":{"rendered":"<p><strong>Les chefs de l\u2019\u00c9tat Ghan\u00e9en et Ivoirien ont \u00e9t\u00e9 re\u00e7u par le CNRD ce vendredi 17 septembre \u00e0 Conakry.<\/strong><\/p>\n<p>l\u2019actuel pr\u00e9sident en exercice de la Communaut\u00e9 \u00e9conomique des \u00c9tats de l\u2019Afrique de l\u2019Ouest (CEDEAO), Nana Akufo-Addo en compagnie de son homologue pr\u00e9sident Alhassane Dramane Ouattara de la C\u00f4te d\u2019Ivoire, ont \u00e9chang\u00e9 avec le colonel Mamady Doumbouya , des \u00e9changes qui se sont d\u00e9roul\u00e9 \u00e0 huis clos dans un r\u00e9ceptif h\u00f4telier de la place dans la matin\u00e9e.<\/p>\n<p>La rencontre a dur\u00e9 quelques heures, avant que la d\u00e9l\u00e9gation ne prend la direction de Kaloum, pr\u00e9cis\u00e9ment le palais Roi Mohammed V, pour s\u2019enqu\u00e9rir de l\u2019\u00e9tat de l\u2019ancien pr\u00e9sident guin\u00e9en Alpha Cond\u00e9.<\/p>\n<p>Le premier magistrat ivoirien s\u2019est exprim\u00e9 sur leur s\u00e9jour en Guin\u00e9e, il affirme, \u00ab <em>Nous avons eu un excellent s\u00e9jour, \u00e0 Conakry. Je voudrais remercier mon jeune fr\u00e8re, le pr\u00e9sident du CNRD et dire que nous avons eu un excellent entretien. Nous avons aussi rencontr\u00e9 mon fr\u00e8re Alpha Cond\u00e9 qui va bien. Et nous garderons le contact. Merci au peuple de Guin\u00e9e pour notre accueil et votre hospitalit\u00e9<\/em> \u00bb.<\/p>\n<p>Nana Akufo-Addo pr\u00e9sident Ghan\u00e9en, quant \u00e0 lui s\u2019est exprim\u00e9 sur les \u00e9changes qui ont lieu entre la junte et la mission de la CEDEAO, quand \u00e0 lui, il se dit rassurant de la qualit\u00e9 des entretiens avec le pr\u00e9sident du <em>\u00ab on a eu des entretiens tr\u00e8s franches, fraternels avec le colonel Doumbouya et ses associ\u00e9s, collaborateurs. Et je pense que la CEDEAO et la Guin\u00e9e vont trouver un moyen de marcher ensemble<\/em> \u00bb, a-t-il indiqu\u00e9.<\/p>\n<p>A pr\u00e9cis\u00e9 que, ces pr\u00e9sidents ont \u00e9t\u00e9 hu\u00e9 \u00e0 leur arriv\u00e9e \u00e0 l\u2019a\u00e9roport de Conakry par des jeunes qui scandaient \u00ab <em>CEDEAO z\u00e9ro, CEDEAO z\u00e9ro \u00bb.<\/em><\/p>\n<p><img loading=\"lazy\" decoding=\"async\" class=\"alignnone size-medium wp-image-31465\" src=\"https:\/\/guineediversite.com.bwjx4292.odns.fr\/wp-content\/uploads\/2021\/09\/IMG-20210917-WA0049-300x200.jpg\" alt=\"\" width=\"300\" height=\"200\" srcset=\"https:\/\/guineediversite.com\/wp-content\/uploads\/2021\/09\/IMG-20210917-WA0049-300x200.jpg 300w, https:\/\/guineediversite.com\/wp-content\/uploads\/2021\/09\/IMG-20210917-WA0049-1024x683.jpg 1024w, https:\/\/guineediversite.com\/wp-content\/uploads\/2021\/09\/IMG-20210917-WA0049-768x512.jpg 768w, https:\/\/guineediversite.com\/wp-content\/uploads\/2021\/09\/IMG-20210917-WA0049-600x400.jpg 600w, https:\/\/guineediversite.com\/wp-content\/uploads\/2021\/09\/IMG-20210917-WA0049-696x464.jpg 696w, https:\/\/guineediversite.com\/wp-content\/uploads\/2021\/09\/IMG-20210917-WA0049-1068x712.jpg 1068w, https:\/\/guineediversite.com\/wp-content\/uploads\/2021\/09\/IMG-20210917-WA0049-630x420.jpg 630w, https:\/\/guineediversite.com\/wp-content\/uploads\/2021\/09\/IMG-20210917-WA0049.jpg 1500w\" sizes=\"(max-width: 300px) 100vw, 300px\" \/> <img loading=\"lazy\" decoding=\"async\" class=\"alignnone size-medium wp-image-31466\" src=\"https:\/\/guineediversite.com.bwjx4292.odns.fr\/wp-content\/uploads\/2021\/09\/IMG-20210917-WA0053-300x200.jpg\" alt=\"\" width=\"300\" height=\"200\" srcset=\"https:\/\/guineediversite.com\/wp-content\/uploads\/2021\/09\/IMG-20210917-WA0053-300x200.jpg 300w, https:\/\/guineediversite.com\/wp-content\/uploads\/2021\/09\/IMG-20210917-WA0053-1024x683.jpg 1024w, https:\/\/guineediversite.com\/wp-content\/uploads\/2021\/09\/IMG-20210917-WA0053-768x512.jpg 768w, https:\/\/guineediversite.com\/wp-content\/uploads\/2021\/09\/IMG-20210917-WA0053-600x400.jpg 600w, https:\/\/guineediversite.com\/wp-content\/uploads\/2021\/09\/IMG-20210917-WA0053-696x464.jpg 696w, https:\/\/guineediversite.com\/wp-content\/uploads\/2021\/09\/IMG-20210917-WA0053-1068x712.jpg 1068w, https:\/\/guineediversite.com\/wp-content\/uploads\/2021\/09\/IMG-20210917-WA0053-630x420.jpg 630w, https:\/\/guineediversite.com\/wp-content\/uploads\/2021\/09\/IMG-20210917-WA0053.jpg 1500w\" sizes=\"(max-width: 300px) 100vw, 300px\" \/><\/p>\n","protected":false},"excerpt":{"rendered":"<p>Les chefs de l\u2019\u00c9tat Ghan\u00e9en et Ivoirien ont \u00e9t\u00e9 re\u00e7u par le CNRD ce vendredi 17 septembre \u00e0 Conakry. l\u2019actuel pr\u00e9sident en exercice de la Communaut\u00e9 \u00e9conomique des \u00c9tats de l\u2019Afrique de l\u2019Ouest (CEDEAO), Nana Akufo-Addo en compagnie de son homologue pr\u00e9sident Alhassane Dramane Ouattara de la C\u00f4te d\u2019Ivoire, ont \u00e9chang\u00e9 avec le colonel Mamady [&hellip;]<\/p>\n","protected":false},"author":7,"featured_media":31467,"comment_status":"closed","ping_status":"open","sticky":false,"template":"","format":"standard","meta":{"_exactmetrics_skip_tracking":false,"_exactmetrics_sitenote_active":false,"_exactmetrics_sitenote_note":"","_exactmetrics_sitenote_category":0,"tdm_status":"","tdm_grid_status":"","footnotes":""},"categories":[254,14],"tags":[],"class_list":{"0":"post-31464","1":"post","2":"type-post","3":"status-publish","4":"format-standard","5":"has-post-thumbnail","7":"category-derniere-minute","8":"category-politique"},"yoast_head":"<!-- This site is optimized with the Yoast SEO plugin v24.2 - https:\/\/yoast.com\/wordpress\/plugins\/seo\/ -->\n<title>Transition en Guin\u00e9e : la mission de la CEDEAO hu\u00e9e \u00e0 l\u2019a\u00e9roport | Guin\u00e9e Diversit\u00e9<\/title>\n<meta name=\"robots\" content=\"index, follow, max-snippet:-1, max-image-preview:large, max-video-preview:-1\" \/>\n<link rel=\"canonical\" href=\"https:\/\/guineediversite.com\/index.php\/2021\/09\/18\/transition-en-guinee-la-mission-de-la-cedeao-huee-a-laeroport\/\" \/>\n<meta property=\"og:locale\" content=\"fr_FR\" \/>\n<meta property=\"og:type\" content=\"article\" \/>\n<meta property=\"og:title\" content=\"Transition en Guin\u00e9e : la mission de la CEDEAO hu\u00e9e \u00e0 l\u2019a\u00e9roport | Guin\u00e9e Diversit\u00e9\" \/>\n<meta property=\"og:description\" content=\"Les chefs de l\u2019\u00c9tat Ghan\u00e9en et Ivoirien ont \u00e9t\u00e9 re\u00e7u par le CNRD ce vendredi 17 septembre \u00e0 Conakry. l\u2019actuel pr\u00e9sident en exercice de la Communaut\u00e9 \u00e9conomique des \u00c9tats de l\u2019Afrique de l\u2019Ouest (CEDEAO), Nana Akufo-Addo en compagnie de son homologue pr\u00e9sident Alhassane Dramane Ouattara de la C\u00f4te d\u2019Ivoire, ont \u00e9chang\u00e9 avec le colonel Mamady [&hellip;]\" \/>\n<meta property=\"og:url\" content=\"https:\/\/guineediversite.com\/index.php\/2021\/09\/18\/transition-en-guinee-la-mission-de-la-cedeao-huee-a-laeroport\/\" \/>\n<meta property=\"og:site_name\" content=\"Guin\u00e9e Diversit\u00e9\" \/>\n<meta property=\"article:publisher\" content=\"https:\/\/www.facebook.com\/guineediversite\/\" \/>\n<meta property=\"article:published_time\" content=\"2021-09-17T22:41:06+00:00\" \/>\n<meta property=\"og:image\" content=\"https:\/\/guineediversite.com\/wp-content\/uploads\/2021\/09\/IMG-20210917-WA0050.jpg\" \/>\n\t<meta property=\"og:image:width\" content=\"1500\" \/>\n\t<meta property=\"og:image:height\" content=\"1000\" \/>\n\t<meta property=\"og:image:type\" content=\"image\/jpeg\" \/>\n<meta name=\"author\" content=\"Bilguissa Diallo\" \/>\n<meta name=\"twitter:card\" content=\"summary_large_image\" \/>\n<meta name=\"twitter:creator\" content=\"@GuineeDiversite\" \/>\n<meta name=\"twitter:site\" content=\"@GuineeDiversite\" \/>\n<meta name=\"twitter:label1\" content=\"\u00c9crit par\" \/>\n\t<meta name=\"twitter:data1\" content=\"Bilguissa Diallo\" \/>\n\t<meta name=\"twitter:label2\" content=\"Dur\u00e9e de lecture estim\u00e9e\" \/>\n\t<meta name=\"twitter:data2\" content=\"2 minutes\" \/>\n<script type=\"application\/ld+json\" class=\"yoast-schema-graph\">{\"@context\":\"https:\/\/schema.org\",\"@graph\":[{\"@type\":\"Article\",\"@id\":\"https:\/\/guineediversite.com\/index.php\/2021\/09\/18\/transition-en-guinee-la-mission-de-la-cedeao-huee-a-laeroport\/#article\",\"isPartOf\":{\"@id\":\"https:\/\/guineediversite.com\/index.php\/2021\/09\/18\/transition-en-guinee-la-mission-de-la-cedeao-huee-a-laeroport\/\"},\"author\":{\"name\":\"Bilguissa Diallo\",\"@id\":\"https:\/\/guineediversite.com\/#\/schema\/person\/0e0e3e424768a50d025ac2218ccca73f\"},\"headline\":\"Transition en Guin\u00e9e : la mission de la CEDEAO hu\u00e9e \u00e0 l\u2019a\u00e9roport\",\"datePublished\":\"2021-09-17T22:41:06+00:00\",\"dateModified\":\"2021-09-17T22:41:06+00:00\",\"mainEntityOfPage\":{\"@id\":\"https:\/\/guineediversite.com\/index.php\/2021\/09\/18\/transition-en-guinee-la-mission-de-la-cedeao-huee-a-laeroport\/\"},\"wordCount\":324,\"publisher\":{\"@id\":\"https:\/\/guineediversite.com\/#organization\"},\"image\":{\"@id\":\"https:\/\/guineediversite.com\/index.php\/2021\/09\/18\/transition-en-guinee-la-mission-de-la-cedeao-huee-a-laeroport\/#primaryimage\"},\"thumbnailUrl\":\"https:\/\/guineediversite.com\/wp-content\/uploads\/2021\/09\/IMG-20210917-WA0050.jpg\",\"articleSection\":[\"Derni\u00e8re minute\",\"Politique\"],\"inLanguage\":\"fr-FR\"},{\"@type\":\"WebPage\",\"@id\":\"https:\/\/guineediversite.com\/index.php\/2021\/09\/18\/transition-en-guinee-la-mission-de-la-cedeao-huee-a-laeroport\/\",\"url\":\"https:\/\/guineediversite.com\/index.php\/2021\/09\/18\/transition-en-guinee-la-mission-de-la-cedeao-huee-a-laeroport\/\",\"name\":\"Transition en Guin\u00e9e : la mission de la CEDEAO hu\u00e9e \u00e0 l\u2019a\u00e9roport | Guin\u00e9e Diversit\u00e9\",\"isPartOf\":{\"@id\":\"https:\/\/guineediversite.com\/#website\"},\"primaryImageOfPage\":{\"@id\":\"https:\/\/guineediversite.com\/index.php\/2021\/09\/18\/transition-en-guinee-la-mission-de-la-cedeao-huee-a-laeroport\/#primaryimage\"},\"image\":{\"@id\":\"https:\/\/guineediversite.com\/index.php\/2021\/09\/18\/transition-en-guinee-la-mission-de-la-cedeao-huee-a-laeroport\/#primaryimage\"},\"thumbnailUrl\":\"https:\/\/guineediversite.com\/wp-content\/uploads\/2021\/09\/IMG-20210917-WA0050.jpg\",\"datePublished\":\"2021-09-17T22:41:06+00:00\",\"dateModified\":\"2021-09-17T22:41:06+00:00\",\"breadcrumb\":{\"@id\":\"https:\/\/guineediversite.com\/index.php\/2021\/09\/18\/transition-en-guinee-la-mission-de-la-cedeao-huee-a-laeroport\/#breadcrumb\"},\"inLanguage\":\"fr-FR\",\"potentialAction\":[{\"@type\":\"ReadAction\",\"target\":[\"https:\/\/guineediversite.com\/index.php\/2021\/09\/18\/transition-en-guinee-la-mission-de-la-cedeao-huee-a-laeroport\/\"]}]},{\"@type\":\"ImageObject\",\"inLanguage\":\"fr-FR\",\"@id\":\"https:\/\/guineediversite.com\/index.php\/2021\/09\/18\/transition-en-guinee-la-mission-de-la-cedeao-huee-a-laeroport\/#primaryimage\",\"url\":\"https:\/\/guineediversite.com\/wp-content\/uploads\/2021\/09\/IMG-20210917-WA0050.jpg\",\"contentUrl\":\"https:\/\/guineediversite.com\/wp-content\/uploads\/2021\/09\/IMG-20210917-WA0050.jpg\",\"width\":1500,\"height\":1000},{\"@type\":\"BreadcrumbList\",\"@id\":\"https:\/\/guineediversite.com\/index.php\/2021\/09\/18\/transition-en-guinee-la-mission-de-la-cedeao-huee-a-laeroport\/#breadcrumb\",\"itemListElement\":[{\"@type\":\"ListItem\",\"position\":1,\"name\":\"Accueil\",\"item\":\"https:\/\/guineediversite.com\/\"},{\"@type\":\"ListItem\",\"position\":2,\"name\":\"Transition en Guin\u00e9e : la mission de la CEDEAO hu\u00e9e \u00e0 l\u2019a\u00e9roport\"}]},{\"@type\":\"WebSite\",\"@id\":\"https:\/\/guineediversite.com\/#website\",\"url\":\"https:\/\/guineediversite.com\/\",\"name\":\"Guin\u00e9e Diversit\u00e9\",\"description\":\"L&#039;Info dans toute sa diversit\u00e9\",\"publisher\":{\"@id\":\"https:\/\/guineediversite.com\/#organization\"},\"potentialAction\":[{\"@type\":\"SearchAction\",\"target\":{\"@type\":\"EntryPoint\",\"urlTemplate\":\"https:\/\/guineediversite.com\/?s={search_term_string}\"},\"query-input\":{\"@type\":\"PropertyValueSpecification\",\"valueRequired\":true,\"valueName\":\"search_term_string\"}}],\"inLanguage\":\"fr-FR\"},{\"@type\":\"Organization\",\"@id\":\"https:\/\/guineediversite.com\/#organization\",\"name\":\"Guin\u00e9e Diversit\u00e9\",\"url\":\"https:\/\/guineediversite.com\/\",\"logo\":{\"@type\":\"ImageObject\",\"inLanguage\":\"fr-FR\",\"@id\":\"https:\/\/guineediversite.com\/#\/schema\/logo\/image\/\",\"url\":\"https:\/\/guineediversite.com\/wp-content\/uploads\/2017\/04\/cropped-1jojlxEOMkX9Wyqfhe43D6kjPOGqBBKmx3EwWJqZ0cMrFF54yM49.png\",\"contentUrl\":\"https:\/\/guineediversite.com\/wp-content\/uploads\/2017\/04\/cropped-1jojlxEOMkX9Wyqfhe43D6kjPOGqBBKmx3EwWJqZ0cMrFF54yM49.png\",\"width\":186,\"height\":112,\"caption\":\"Guin\u00e9e Diversit\u00e9\"},\"image\":{\"@id\":\"https:\/\/guineediversite.com\/#\/schema\/logo\/image\/\"},\"sameAs\":[\"https:\/\/www.facebook.com\/guineediversite\/\",\"https:\/\/x.com\/GuineeDiversite\",\"https:\/\/www.youtube.com\/channel\/UC8sUY16qelG5ge6_D5SB83g\"]},{\"@type\":\"Person\",\"@id\":\"https:\/\/guineediversite.com\/#\/schema\/person\/0e0e3e424768a50d025ac2218ccca73f\",\"name\":\"Bilguissa Diallo\",\"image\":{\"@type\":\"ImageObject\",\"inLanguage\":\"fr-FR\",\"@id\":\"https:\/\/guineediversite.com\/#\/schema\/person\/image\/\",\"url\":\"https:\/\/secure.gravatar.com\/avatar\/49bbbd2420ee34d62b1b191791f4b5df?s=96&d=mm&r=g\",\"contentUrl\":\"https:\/\/secure.gravatar.com\/avatar\/49bbbd2420ee34d62b1b191791f4b5df?s=96&d=mm&r=g\",\"caption\":\"Bilguissa Diallo\"},\"url\":\"https:\/\/guineediversite.com\/index.php\/author\/bilguissa\/\"}]}<\/script>\n<!-- \/ Yoast SEO plugin. -->","yoast_head_json":{"title":"Transition en Guin\u00e9e : la mission de la CEDEAO hu\u00e9e \u00e0 l\u2019a\u00e9roport | Guin\u00e9e Diversit\u00e9","robots":{"index":"index","follow":"follow","max-snippet":"max-snippet:-1","max-image-preview":"max-image-preview:large","max-video-preview":"max-video-preview:-1"},"canonical":"https:\/\/guineediversite.com\/index.php\/2021\/09\/18\/transition-en-guinee-la-mission-de-la-cedeao-huee-a-laeroport\/","og_locale":"fr_FR","og_type":"article","og_title":"Transition en Guin\u00e9e : la mission de la CEDEAO hu\u00e9e \u00e0 l\u2019a\u00e9roport | Guin\u00e9e Diversit\u00e9","og_description":"Les chefs de l\u2019\u00c9tat Ghan\u00e9en et Ivoirien ont \u00e9t\u00e9 re\u00e7u par le CNRD ce vendredi 17 septembre \u00e0 Conakry. l\u2019actuel pr\u00e9sident en exercice de la Communaut\u00e9 \u00e9conomique des \u00c9tats de l\u2019Afrique de l\u2019Ouest (CEDEAO), Nana Akufo-Addo en compagnie de son homologue pr\u00e9sident Alhassane Dramane Ouattara de la C\u00f4te d\u2019Ivoire, ont \u00e9chang\u00e9 avec le colonel Mamady [&hellip;]","og_url":"https:\/\/guineediversite.com\/index.php\/2021\/09\/18\/transition-en-guinee-la-mission-de-la-cedeao-huee-a-laeroport\/","og_site_name":"Guin\u00e9e Diversit\u00e9","article_publisher":"https:\/\/www.facebook.com\/guineediversite\/","article_published_time":"2021-09-17T22:41:06+00:00","og_image":[{"width":1500,"height":1000,"url":"https:\/\/guineediversite.com\/wp-content\/uploads\/2021\/09\/IMG-20210917-WA0050.jpg","type":"image\/jpeg"}],"author":"Bilguissa Diallo","twitter_card":"summary_large_image","twitter_creator":"@GuineeDiversite","twitter_site":"@GuineeDiversite","twitter_misc":{"\u00c9crit par":"Bilguissa Diallo","Dur\u00e9e de lecture estim\u00e9e":"2 minutes"},"schema":{"@context":"https:\/\/schema.org","@graph":[{"@type":"Article","@id":"https:\/\/guineediversite.com\/index.php\/2021\/09\/18\/transition-en-guinee-la-mission-de-la-cedeao-huee-a-laeroport\/#article","isPartOf":{"@id":"https:\/\/guineediversite.com\/index.php\/2021\/09\/18\/transition-en-guinee-la-mission-de-la-cedeao-huee-a-laeroport\/"},"author":{"name":"Bilguissa Diallo","@id":"https:\/\/guineediversite.com\/#\/schema\/person\/0e0e3e424768a50d025ac2218ccca73f"},"headline":"Transition en Guin\u00e9e : la mission de la CEDEAO hu\u00e9e \u00e0 l\u2019a\u00e9roport","datePublished":"2021-09-17T22:41:06+00:00","dateModified":"2021-09-17T22:41:06+00:00","mainEntityOfPage":{"@id":"https:\/\/guineediversite.com\/index.php\/2021\/09\/18\/transition-en-guinee-la-mission-de-la-cedeao-huee-a-laeroport\/"},"wordCount":324,"publisher":{"@id":"https:\/\/guineediversite.com\/#organization"},"image":{"@id":"https:\/\/guineediversite.com\/index.php\/2021\/09\/18\/transition-en-guinee-la-mission-de-la-cedeao-huee-a-laeroport\/#primaryimage"},"thumbnailUrl":"https:\/\/guineediversite.com\/wp-content\/uploads\/2021\/09\/IMG-20210917-WA0050.jpg","articleSection":["Derni\u00e8re minute","Politique"],"inLanguage":"fr-FR"},{"@type":"WebPage","@id":"https:\/\/guineediversite.com\/index.php\/2021\/09\/18\/transition-en-guinee-la-mission-de-la-cedeao-huee-a-laeroport\/","url":"https:\/\/guineediversite.com\/index.php\/2021\/09\/18\/transition-en-guinee-la-mission-de-la-cedeao-huee-a-laeroport\/","name":"Transition en Guin\u00e9e : la mission de la CEDEAO hu\u00e9e \u00e0 l\u2019a\u00e9roport | Guin\u00e9e Diversit\u00e9","isPartOf":{"@id":"https:\/\/guineediversite.com\/#website"},"primaryImageOfPage":{"@id":"https:\/\/guineediversite.com\/index.php\/2021\/09\/18\/transition-en-guinee-la-mission-de-la-cedeao-huee-a-laeroport\/#primaryimage"},"image":{"@id":"https:\/\/guineediversite.com\/index.php\/2021\/09\/18\/transition-en-guinee-la-mission-de-la-cedeao-huee-a-laeroport\/#primaryimage"},"thumbnailUrl":"https:\/\/guineediversite.com\/wp-content\/uploads\/2021\/09\/IMG-20210917-WA0050.jpg","datePublished":"2021-09-17T22:41:06+00:00","dateModified":"2021-09-17T22:41:06+00:00","breadcrumb":{"@id":"https:\/\/guineediversite.com\/index.php\/2021\/09\/18\/transition-en-guinee-la-mission-de-la-cedeao-huee-a-laeroport\/#breadcrumb"},"inLanguage":"fr-FR","potentialAction":[{"@type":"ReadAction","target":["https:\/\/guineediversite.com\/index.php\/2021\/09\/18\/transition-en-guinee-la-mission-de-la-cedeao-huee-a-laeroport\/"]}]},{"@type":"ImageObject","inLanguage":"fr-FR","@id":"https:\/\/guineediversite.com\/index.php\/2021\/09\/18\/transition-en-guinee-la-mission-de-la-cedeao-huee-a-laeroport\/#primaryimage","url":"https:\/\/guineediversite.com\/wp-content\/uploads\/2021\/09\/IMG-20210917-WA0050.jpg","contentUrl":"https:\/\/guineediversite.com\/wp-content\/uploads\/2021\/09\/IMG-20210917-WA0050.jpg","width":1500,"height":1000},{"@type":"BreadcrumbList","@id":"https:\/\/guineediversite.com\/index.php\/2021\/09\/18\/transition-en-guinee-la-mission-de-la-cedeao-huee-a-laeroport\/#breadcrumb","itemListElement":[{"@type":"ListItem","position":1,"name":"Accueil","item":"https:\/\/guineediversite.com\/"},{"@type":"ListItem","position":2,"name":"Transition en Guin\u00e9e : la mission de la CEDEAO hu\u00e9e \u00e0 l\u2019a\u00e9roport"}]},{"@type":"WebSite","@id":"https:\/\/guineediversite.com\/#website","url":"https:\/\/guineediversite.com\/","name":"Guin\u00e9e Diversit\u00e9","description":"L&#039;Info dans toute sa diversit\u00e9","publisher":{"@id":"https:\/\/guineediversite.com\/#organization"},"potentialAction":[{"@type":"SearchAction","target":{"@type":"EntryPoint","urlTemplate":"https:\/\/guineediversite.com\/?s={search_term_string}"},"query-input":{"@type":"PropertyValueSpecification","valueRequired":true,"valueName":"search_term_string"}}],"inLanguage":"fr-FR"},{"@type":"Organization","@id":"https:\/\/guineediversite.com\/#organization","name":"Guin\u00e9e Diversit\u00e9","url":"https:\/\/guineediversite.com\/","logo":{"@type":"ImageObject","inLanguage":"fr-FR","@id":"https:\/\/guineediversite.com\/#\/schema\/logo\/image\/","url":"https:\/\/guineediversite.com\/wp-content\/uploads\/2017\/04\/cropped-1jojlxEOMkX9Wyqfhe43D6kjPOGqBBKmx3EwWJqZ0cMrFF54yM49.png","contentUrl":"https:\/\/guineediversite.com\/wp-content\/uploads\/2017\/04\/cropped-1jojlxEOMkX9Wyqfhe43D6kjPOGqBBKmx3EwWJqZ0cMrFF54yM49.png","width":186,"height":112,"caption":"Guin\u00e9e Diversit\u00e9"},"image":{"@id":"https:\/\/guineediversite.com\/#\/schema\/logo\/image\/"},"sameAs":["https:\/\/www.facebook.com\/guineediversite\/","https:\/\/x.com\/GuineeDiversite","https:\/\/www.youtube.com\/channel\/UC8sUY16qelG5ge6_D5SB83g"]},{"@type":"Person","@id":"https:\/\/guineediversite.com\/#\/schema\/person\/0e0e3e424768a50d025ac2218ccca73f","name":"Bilguissa Diallo","image":{"@type":"ImageObject","inLanguage":"fr-FR","@id":"https:\/\/guineediversite.com\/#\/schema\/person\/image\/","url":"https:\/\/secure.gravatar.com\/avatar\/49bbbd2420ee34d62b1b191791f4b5df?s=96&d=mm&r=g","contentUrl":"https:\/\/secure.gravatar.com\/avatar\/49bbbd2420ee34d62b1b191791f4b5df?s=96&d=mm&r=g","caption":"Bilguissa Diallo"},"url":"https:\/\/guineediversite.com\/index.php\/author\/bilguissa\/"}]}},"_links":{"self":[{"href":"https:\/\/guineediversite.com\/index.php\/wp-json\/wp\/v2\/posts\/31464"}],"collection":[{"href":"https:\/\/guineediversite.com\/index.php\/wp-json\/wp\/v2\/posts"}],"about":[{"href":"https:\/\/guineediversite.com\/index.php\/wp-json\/wp\/v2\/types\/post"}],"author":[{"embeddable":true,"href":"https:\/\/guineediversite.com\/index.php\/wp-json\/wp\/v2\/users\/7"}],"replies":[{"embeddable":true,"href":"https:\/\/guineediversite.com\/index.php\/wp-json\/wp\/v2\/comments?post=31464"}],"version-history":[{"count":1,"href":"https:\/\/guineediversite.com\/index.php\/wp-json\/wp\/v2\/posts\/31464\/revisions"}],"predecessor-version":[{"id":31468,"href":"https:\/\/guineediversite.com\/index.php\/wp-json\/wp\/v2\/posts\/31464\/revisions\/31468"}],"wp:featuredmedia":[{"embeddable":true,"href":"https:\/\/guineediversite.com\/index.php\/wp-json\/wp\/v2\/media\/31467"}],"wp:attachment":[{"href":"https:\/\/guineediversite.com\/index.php\/wp-json\/wp\/v2\/media?parent=31464"}],"wp:term":[{"taxonomy":"category","embeddable":true,"href":"https:\/\/guineediversite.com\/index.php\/wp-json\/wp\/v2\/categories?post=31464"},{"taxonomy":"post_tag","embeddable":true,"href":"https:\/\/guineediversite.com\/index.php\/wp-json\/wp\/v2\/tags?post=31464"}],"curies":[{"name":"wp","href":"https:\/\/api.w.org\/{rel}","templated":true}]}}