{"id":31459,"date":"2021-09-17T23:51:16","date_gmt":"2021-09-17T21:51:16","guid":{"rendered":"https:\/\/guineediversite.com\/?p=31459"},"modified":"2021-09-17T23:59:18","modified_gmt":"2021-09-17T21:59:18","slug":"transition-en-guinee-la-societe-civile-guineenne-sera-t-elle-unie","status":"publish","type":"post","link":"https:\/\/guineediversite.com\/index.php\/2021\/09\/17\/transition-en-guinee-la-societe-civile-guineenne-sera-t-elle-unie\/","title":{"rendered":"Transition en Guin\u00e9e : la soci\u00e9t\u00e9 civile guin\u00e9enne sera-t-elle unie ?"},"content":{"rendered":"<p><strong>La concertation nationale initi\u00e9e par la junte militaire apr\u00e8s avoir renvers\u00e9 le pouvoir d\u2019Alpha Cond\u00e9, fait couler beaucoup d\u2019encre et de salive entre certaines structures de la soci\u00e9t\u00e9 civile guin\u00e9enne. <\/strong><\/p>\n<p>Le secr\u00e9taire ex\u00e9cutif du Conseil des Organisations de la Soci\u00e9t\u00e9 Civile Guin\u00e9enne, s\u2019est exprim\u00e9 sur les maux qui gangr\u00e8nent la soci\u00e9t\u00e9 civile guin\u00e9enne.<\/p>\n<p>A rappeler que, les organisations de la soci\u00e9t\u00e9 civile et des associations ont \u00e9t\u00e9 re\u00e7u ce mercredi 15 septembre par le pr\u00e9sident de la CNRD. Apr\u00e8s cette rencontre, Gabriel Haba estime que les organisations de la soci\u00e9t\u00e9 civile doivent \u00eatre unies, s\u2019ils veulent se faire respecter par les nouvelles autorit\u00e9s.<\/p>\n<p>Il affirme, \u00ab<em> notre pays est dans une situation exceptionnelle, o\u00f9 tous les acteurs \u00e0 commencer par la soci\u00e9t\u00e9 civile doivent prendre conscience de cela. Faire un examen de conscience pour faire face \u00e0 l\u2019urgence, profiter de l\u2019occasion mettre les vrais fondamentaux d\u2019une nation, d\u2019un \u00c9tat de droit et d\u2019une d\u00e9mocratie. Mais tr\u00e8s malheureusement, il est regrettable de voir aujourd\u2019hui des jeunes qui sont manipul\u00e9s par les partis politiques, d\u2019autres qui ont des agendas \u00e9go\u00efstes et haineux qui rentrent dans les guerres de positionnement, de leadership, au lieu de faire face au probl\u00e8me qu\u2019engage la Guin\u00e9e (\u2026).<\/em><\/p>\n<p><em>Il est \u00e9vident aujourd\u2019hui que toutes les organisations de la soci\u00e9t\u00e9 civile se donnent les mains pour conjuguer le m\u00eame verbe pour parler d\u2019une seule voix et c\u2019est ce qui va emmener les nouvelles autorit\u00e9s \u00e0 respecter le peuple(\u2026). Mais si les gens s\u2019aventurent dans ces guerres de positionnement, \u00e0 Guin\u00e9e conna\u00eetra le m\u00eame sort que le pass\u00e9. Et c\u2019est ce que nous devrons \u00e9viter surtout, nous nous sommes dans l\u2019optique \u00e0 f\u00e9d\u00e9rer toutes les organisations (\u2026)\u00a0<\/em>\u00bb, a fait savoir le secr\u00e9taire ex\u00e9cutif du CNOSCG, avant de r\u00e9pondre \u00e0 la question sur la limitation de la transition, une d\u00e9cision de la CEDEAO.<\/p>\n<p>Il (Gabriel Haba Ndlr) dira ceci : \u00ab <em>il faut qu\u2019on fasse tr\u00e8s attention, la CEDEAO est dans une position classique, la CEDEAO est gouvern\u00e9e par des r\u00e8gles et des principes qui l\u2019emm\u00e8nent toujours \u00e0 opter pour des positions tr\u00e8s limitatives en ce qui concerne la prise du pouvoir par des militaires dans les \u00c9tats africains. Ce qu\u2019il faut faire constater c\u2019est quoi, c\u2019est que la Guin\u00e9e \u00e0 une situation tr\u00e8s exceptionnelle par rapport aux autres pays, parce que nous avons beaucoup de vide en mati\u00e8re institutionnelle. Aujourd\u2019hui, la constitution a \u00e9t\u00e9 suspendue et les Guin\u00e9ens aspirent aujourd\u2019hui \u00e0 un profond changement, \u00e0 une refondation institutionnelle, une refondation m\u00eame de la nation (\u2026). <\/em>\u00bb<\/p>\n<p style=\"text-align: center;\"><strong>\u2018\u2019La limitation de la transition\u2019\u2019<\/strong><\/p>\n<p>Pour Gabriel Haba, il est primordial que l\u2019on se pose les questions avant de donner un d\u00e9lai de la transition du CNRD, \u00ab <em>ils La premi\u00e8re question qu\u2019il faut se poser, c\u2019est de savoir qu\u2019est que nous voulons r\u00e9gler pendant cette transition? Quelles sont les charges qu\u2019on incombe \u00e0 la transition. Alors il faut d\u00e9finir tout ce que la transition doit prendre en charge comme action, pour planifier la transition dans le temps (\u2026)<\/em> \u00bb, a-t-il soulign\u00e9.<\/p>\n<p>&nbsp;<\/p>\n","protected":false},"excerpt":{"rendered":"<p>La concertation nationale initi\u00e9e par la junte militaire apr\u00e8s avoir renvers\u00e9 le pouvoir d\u2019Alpha Cond\u00e9, fait couler beaucoup d\u2019encre et de salive entre certaines structures de la soci\u00e9t\u00e9 civile guin\u00e9enne. Le secr\u00e9taire ex\u00e9cutif du Conseil des Organisations de la Soci\u00e9t\u00e9 Civile Guin\u00e9enne, s\u2019est exprim\u00e9 sur les maux qui gangr\u00e8nent la soci\u00e9t\u00e9 civile guin\u00e9enne. A rappeler [&hellip;]<\/p>\n","protected":false},"author":10,"featured_media":31460,"comment_status":"closed","ping_status":"open","sticky":false,"template":"","format":"standard","meta":{"_exactmetrics_skip_tracking":false,"_exactmetrics_sitenote_active":false,"_exactmetrics_sitenote_note":"","_exactmetrics_sitenote_category":0,"tdm_status":"","tdm_grid_status":"","footnotes":""},"categories":[16],"tags":[],"class_list":{"0":"post-31459","1":"post","2":"type-post","3":"status-publish","4":"format-standard","5":"has-post-thumbnail","7":"category-societe"},"yoast_head":"<!-- This site is optimized with the Yoast SEO plugin v24.2 - https:\/\/yoast.com\/wordpress\/plugins\/seo\/ -->\n<title>Transition en Guin\u00e9e : la soci\u00e9t\u00e9 civile guin\u00e9enne sera-t-elle unie ? | Guin\u00e9e Diversit\u00e9<\/title>\n<meta name=\"robots\" content=\"index, follow, max-snippet:-1, max-image-preview:large, max-video-preview:-1\" \/>\n<link rel=\"canonical\" href=\"https:\/\/guineediversite.com\/index.php\/2021\/09\/17\/transition-en-guinee-la-societe-civile-guineenne-sera-t-elle-unie\/\" \/>\n<meta property=\"og:locale\" content=\"fr_FR\" \/>\n<meta property=\"og:type\" content=\"article\" \/>\n<meta property=\"og:title\" content=\"Transition en Guin\u00e9e : la soci\u00e9t\u00e9 civile guin\u00e9enne sera-t-elle unie ? | Guin\u00e9e Diversit\u00e9\" \/>\n<meta property=\"og:description\" content=\"La concertation nationale initi\u00e9e par la junte militaire apr\u00e8s avoir renvers\u00e9 le pouvoir d\u2019Alpha Cond\u00e9, fait couler beaucoup d\u2019encre et de salive entre certaines structures de la soci\u00e9t\u00e9 civile guin\u00e9enne. Le secr\u00e9taire ex\u00e9cutif du Conseil des Organisations de la Soci\u00e9t\u00e9 Civile Guin\u00e9enne, s\u2019est exprim\u00e9 sur les maux qui gangr\u00e8nent la soci\u00e9t\u00e9 civile guin\u00e9enne. A rappeler [&hellip;]\" \/>\n<meta property=\"og:url\" content=\"https:\/\/guineediversite.com\/index.php\/2021\/09\/17\/transition-en-guinee-la-societe-civile-guineenne-sera-t-elle-unie\/\" \/>\n<meta property=\"og:site_name\" content=\"Guin\u00e9e Diversit\u00e9\" \/>\n<meta property=\"article:publisher\" content=\"https:\/\/www.facebook.com\/guineediversite\/\" \/>\n<meta property=\"article:published_time\" content=\"2021-09-17T21:51:16+00:00\" \/>\n<meta property=\"article:modified_time\" content=\"2021-09-17T21:59:18+00:00\" \/>\n<meta property=\"og:image\" content=\"https:\/\/guineediversite.com\/wp-content\/uploads\/2021\/09\/WhatsApp-Image-2021-09-17-at-21.47.44.jpeg\" \/>\n\t<meta property=\"og:image:width\" content=\"1059\" \/>\n\t<meta property=\"og:image:height\" content=\"900\" \/>\n\t<meta property=\"og:image:type\" content=\"image\/jpeg\" \/>\n<meta name=\"author\" content=\"Morcire Camara\" \/>\n<meta name=\"twitter:card\" content=\"summary_large_image\" \/>\n<meta name=\"twitter:creator\" content=\"@GuineeDiversite\" \/>\n<meta name=\"twitter:site\" content=\"@GuineeDiversite\" \/>\n<meta name=\"twitter:label1\" content=\"\u00c9crit par\" \/>\n\t<meta name=\"twitter:data1\" content=\"Morcire Camara\" \/>\n\t<meta name=\"twitter:label2\" content=\"Dur\u00e9e de lecture estim\u00e9e\" \/>\n\t<meta name=\"twitter:data2\" content=\"3 minutes\" \/>\n<script type=\"application\/ld+json\" class=\"yoast-schema-graph\">{\"@context\":\"https:\/\/schema.org\",\"@graph\":[{\"@type\":\"Article\",\"@id\":\"https:\/\/guineediversite.com\/index.php\/2021\/09\/17\/transition-en-guinee-la-societe-civile-guineenne-sera-t-elle-unie\/#article\",\"isPartOf\":{\"@id\":\"https:\/\/guineediversite.com\/index.php\/2021\/09\/17\/transition-en-guinee-la-societe-civile-guineenne-sera-t-elle-unie\/\"},\"author\":{\"name\":\"Morcire Camara\",\"@id\":\"https:\/\/guineediversite.com\/#\/schema\/person\/fa362494c47202ce4b3adf55abcc9d01\"},\"headline\":\"Transition en Guin\u00e9e : la soci\u00e9t\u00e9 civile guin\u00e9enne sera-t-elle unie ?\",\"datePublished\":\"2021-09-17T21:51:16+00:00\",\"dateModified\":\"2021-09-17T21:59:18+00:00\",\"mainEntityOfPage\":{\"@id\":\"https:\/\/guineediversite.com\/index.php\/2021\/09\/17\/transition-en-guinee-la-societe-civile-guineenne-sera-t-elle-unie\/\"},\"wordCount\":569,\"publisher\":{\"@id\":\"https:\/\/guineediversite.com\/#organization\"},\"image\":{\"@id\":\"https:\/\/guineediversite.com\/index.php\/2021\/09\/17\/transition-en-guinee-la-societe-civile-guineenne-sera-t-elle-unie\/#primaryimage\"},\"thumbnailUrl\":\"https:\/\/guineediversite.com\/wp-content\/uploads\/2021\/09\/WhatsApp-Image-2021-09-17-at-21.47.44.jpeg\",\"articleSection\":[\"Soci\u00e9t\u00e9\"],\"inLanguage\":\"fr-FR\"},{\"@type\":\"WebPage\",\"@id\":\"https:\/\/guineediversite.com\/index.php\/2021\/09\/17\/transition-en-guinee-la-societe-civile-guineenne-sera-t-elle-unie\/\",\"url\":\"https:\/\/guineediversite.com\/index.php\/2021\/09\/17\/transition-en-guinee-la-societe-civile-guineenne-sera-t-elle-unie\/\",\"name\":\"Transition en Guin\u00e9e : la soci\u00e9t\u00e9 civile guin\u00e9enne sera-t-elle unie ? | Guin\u00e9e Diversit\u00e9\",\"isPartOf\":{\"@id\":\"https:\/\/guineediversite.com\/#website\"},\"primaryImageOfPage\":{\"@id\":\"https:\/\/guineediversite.com\/index.php\/2021\/09\/17\/transition-en-guinee-la-societe-civile-guineenne-sera-t-elle-unie\/#primaryimage\"},\"image\":{\"@id\":\"https:\/\/guineediversite.com\/index.php\/2021\/09\/17\/transition-en-guinee-la-societe-civile-guineenne-sera-t-elle-unie\/#primaryimage\"},\"thumbnailUrl\":\"https:\/\/guineediversite.com\/wp-content\/uploads\/2021\/09\/WhatsApp-Image-2021-09-17-at-21.47.44.jpeg\",\"datePublished\":\"2021-09-17T21:51:16+00:00\",\"dateModified\":\"2021-09-17T21:59:18+00:00\",\"breadcrumb\":{\"@id\":\"https:\/\/guineediversite.com\/index.php\/2021\/09\/17\/transition-en-guinee-la-societe-civile-guineenne-sera-t-elle-unie\/#breadcrumb\"},\"inLanguage\":\"fr-FR\",\"potentialAction\":[{\"@type\":\"ReadAction\",\"target\":[\"https:\/\/guineediversite.com\/index.php\/2021\/09\/17\/transition-en-guinee-la-societe-civile-guineenne-sera-t-elle-unie\/\"]}]},{\"@type\":\"ImageObject\",\"inLanguage\":\"fr-FR\",\"@id\":\"https:\/\/guineediversite.com\/index.php\/2021\/09\/17\/transition-en-guinee-la-societe-civile-guineenne-sera-t-elle-unie\/#primaryimage\",\"url\":\"https:\/\/guineediversite.com\/wp-content\/uploads\/2021\/09\/WhatsApp-Image-2021-09-17-at-21.47.44.jpeg\",\"contentUrl\":\"https:\/\/guineediversite.com\/wp-content\/uploads\/2021\/09\/WhatsApp-Image-2021-09-17-at-21.47.44.jpeg\",\"width\":1059,\"height\":900},{\"@type\":\"BreadcrumbList\",\"@id\":\"https:\/\/guineediversite.com\/index.php\/2021\/09\/17\/transition-en-guinee-la-societe-civile-guineenne-sera-t-elle-unie\/#breadcrumb\",\"itemListElement\":[{\"@type\":\"ListItem\",\"position\":1,\"name\":\"Accueil\",\"item\":\"https:\/\/guineediversite.com\/\"},{\"@type\":\"ListItem\",\"position\":2,\"name\":\"Transition en Guin\u00e9e : la soci\u00e9t\u00e9 civile guin\u00e9enne sera-t-elle unie ?\"}]},{\"@type\":\"WebSite\",\"@id\":\"https:\/\/guineediversite.com\/#website\",\"url\":\"https:\/\/guineediversite.com\/\",\"name\":\"Guin\u00e9e Diversit\u00e9\",\"description\":\"L&#039;Info dans toute sa diversit\u00e9\",\"publisher\":{\"@id\":\"https:\/\/guineediversite.com\/#organization\"},\"potentialAction\":[{\"@type\":\"SearchAction\",\"target\":{\"@type\":\"EntryPoint\",\"urlTemplate\":\"https:\/\/guineediversite.com\/?s={search_term_string}\"},\"query-input\":{\"@type\":\"PropertyValueSpecification\",\"valueRequired\":true,\"valueName\":\"search_term_string\"}}],\"inLanguage\":\"fr-FR\"},{\"@type\":\"Organization\",\"@id\":\"https:\/\/guineediversite.com\/#organization\",\"name\":\"Guin\u00e9e Diversit\u00e9\",\"url\":\"https:\/\/guineediversite.com\/\",\"logo\":{\"@type\":\"ImageObject\",\"inLanguage\":\"fr-FR\",\"@id\":\"https:\/\/guineediversite.com\/#\/schema\/logo\/image\/\",\"url\":\"https:\/\/guineediversite.com\/wp-content\/uploads\/2017\/04\/cropped-1jojlxEOMkX9Wyqfhe43D6kjPOGqBBKmx3EwWJqZ0cMrFF54yM49.png\",\"contentUrl\":\"https:\/\/guineediversite.com\/wp-content\/uploads\/2017\/04\/cropped-1jojlxEOMkX9Wyqfhe43D6kjPOGqBBKmx3EwWJqZ0cMrFF54yM49.png\",\"width\":186,\"height\":112,\"caption\":\"Guin\u00e9e Diversit\u00e9\"},\"image\":{\"@id\":\"https:\/\/guineediversite.com\/#\/schema\/logo\/image\/\"},\"sameAs\":[\"https:\/\/www.facebook.com\/guineediversite\/\",\"https:\/\/x.com\/GuineeDiversite\",\"https:\/\/www.youtube.com\/channel\/UC8sUY16qelG5ge6_D5SB83g\"]},{\"@type\":\"Person\",\"@id\":\"https:\/\/guineediversite.com\/#\/schema\/person\/fa362494c47202ce4b3adf55abcc9d01\",\"name\":\"Morcire Camara\",\"image\":{\"@type\":\"ImageObject\",\"inLanguage\":\"fr-FR\",\"@id\":\"https:\/\/guineediversite.com\/#\/schema\/person\/image\/\",\"url\":\"https:\/\/secure.gravatar.com\/avatar\/3ec324f02295bbcebe03d99b39330ab4?s=96&d=mm&r=g\",\"contentUrl\":\"https:\/\/secure.gravatar.com\/avatar\/3ec324f02295bbcebe03d99b39330ab4?s=96&d=mm&r=g\",\"caption\":\"Morcire Camara\"},\"url\":\"https:\/\/guineediversite.com\/index.php\/author\/morcire\/\"}]}<\/script>\n<!-- \/ Yoast SEO plugin. -->","yoast_head_json":{"title":"Transition en Guin\u00e9e : la soci\u00e9t\u00e9 civile guin\u00e9enne sera-t-elle unie ? | Guin\u00e9e Diversit\u00e9","robots":{"index":"index","follow":"follow","max-snippet":"max-snippet:-1","max-image-preview":"max-image-preview:large","max-video-preview":"max-video-preview:-1"},"canonical":"https:\/\/guineediversite.com\/index.php\/2021\/09\/17\/transition-en-guinee-la-societe-civile-guineenne-sera-t-elle-unie\/","og_locale":"fr_FR","og_type":"article","og_title":"Transition en Guin\u00e9e : la soci\u00e9t\u00e9 civile guin\u00e9enne sera-t-elle unie ? | Guin\u00e9e Diversit\u00e9","og_description":"La concertation nationale initi\u00e9e par la junte militaire apr\u00e8s avoir renvers\u00e9 le pouvoir d\u2019Alpha Cond\u00e9, fait couler beaucoup d\u2019encre et de salive entre certaines structures de la soci\u00e9t\u00e9 civile guin\u00e9enne. Le secr\u00e9taire ex\u00e9cutif du Conseil des Organisations de la Soci\u00e9t\u00e9 Civile Guin\u00e9enne, s\u2019est exprim\u00e9 sur les maux qui gangr\u00e8nent la soci\u00e9t\u00e9 civile guin\u00e9enne. A rappeler [&hellip;]","og_url":"https:\/\/guineediversite.com\/index.php\/2021\/09\/17\/transition-en-guinee-la-societe-civile-guineenne-sera-t-elle-unie\/","og_site_name":"Guin\u00e9e Diversit\u00e9","article_publisher":"https:\/\/www.facebook.com\/guineediversite\/","article_published_time":"2021-09-17T21:51:16+00:00","article_modified_time":"2021-09-17T21:59:18+00:00","og_image":[{"width":1059,"height":900,"url":"https:\/\/guineediversite.com\/wp-content\/uploads\/2021\/09\/WhatsApp-Image-2021-09-17-at-21.47.44.jpeg","type":"image\/jpeg"}],"author":"Morcire Camara","twitter_card":"summary_large_image","twitter_creator":"@GuineeDiversite","twitter_site":"@GuineeDiversite","twitter_misc":{"\u00c9crit par":"Morcire Camara","Dur\u00e9e de lecture estim\u00e9e":"3 minutes"},"schema":{"@context":"https:\/\/schema.org","@graph":[{"@type":"Article","@id":"https:\/\/guineediversite.com\/index.php\/2021\/09\/17\/transition-en-guinee-la-societe-civile-guineenne-sera-t-elle-unie\/#article","isPartOf":{"@id":"https:\/\/guineediversite.com\/index.php\/2021\/09\/17\/transition-en-guinee-la-societe-civile-guineenne-sera-t-elle-unie\/"},"author":{"name":"Morcire Camara","@id":"https:\/\/guineediversite.com\/#\/schema\/person\/fa362494c47202ce4b3adf55abcc9d01"},"headline":"Transition en Guin\u00e9e : la soci\u00e9t\u00e9 civile guin\u00e9enne sera-t-elle unie ?","datePublished":"2021-09-17T21:51:16+00:00","dateModified":"2021-09-17T21:59:18+00:00","mainEntityOfPage":{"@id":"https:\/\/guineediversite.com\/index.php\/2021\/09\/17\/transition-en-guinee-la-societe-civile-guineenne-sera-t-elle-unie\/"},"wordCount":569,"publisher":{"@id":"https:\/\/guineediversite.com\/#organization"},"image":{"@id":"https:\/\/guineediversite.com\/index.php\/2021\/09\/17\/transition-en-guinee-la-societe-civile-guineenne-sera-t-elle-unie\/#primaryimage"},"thumbnailUrl":"https:\/\/guineediversite.com\/wp-content\/uploads\/2021\/09\/WhatsApp-Image-2021-09-17-at-21.47.44.jpeg","articleSection":["Soci\u00e9t\u00e9"],"inLanguage":"fr-FR"},{"@type":"WebPage","@id":"https:\/\/guineediversite.com\/index.php\/2021\/09\/17\/transition-en-guinee-la-societe-civile-guineenne-sera-t-elle-unie\/","url":"https:\/\/guineediversite.com\/index.php\/2021\/09\/17\/transition-en-guinee-la-societe-civile-guineenne-sera-t-elle-unie\/","name":"Transition en Guin\u00e9e : la soci\u00e9t\u00e9 civile guin\u00e9enne sera-t-elle unie ? | Guin\u00e9e Diversit\u00e9","isPartOf":{"@id":"https:\/\/guineediversite.com\/#website"},"primaryImageOfPage":{"@id":"https:\/\/guineediversite.com\/index.php\/2021\/09\/17\/transition-en-guinee-la-societe-civile-guineenne-sera-t-elle-unie\/#primaryimage"},"image":{"@id":"https:\/\/guineediversite.com\/index.php\/2021\/09\/17\/transition-en-guinee-la-societe-civile-guineenne-sera-t-elle-unie\/#primaryimage"},"thumbnailUrl":"https:\/\/guineediversite.com\/wp-content\/uploads\/2021\/09\/WhatsApp-Image-2021-09-17-at-21.47.44.jpeg","datePublished":"2021-09-17T21:51:16+00:00","dateModified":"2021-09-17T21:59:18+00:00","breadcrumb":{"@id":"https:\/\/guineediversite.com\/index.php\/2021\/09\/17\/transition-en-guinee-la-societe-civile-guineenne-sera-t-elle-unie\/#breadcrumb"},"inLanguage":"fr-FR","potentialAction":[{"@type":"ReadAction","target":["https:\/\/guineediversite.com\/index.php\/2021\/09\/17\/transition-en-guinee-la-societe-civile-guineenne-sera-t-elle-unie\/"]}]},{"@type":"ImageObject","inLanguage":"fr-FR","@id":"https:\/\/guineediversite.com\/index.php\/2021\/09\/17\/transition-en-guinee-la-societe-civile-guineenne-sera-t-elle-unie\/#primaryimage","url":"https:\/\/guineediversite.com\/wp-content\/uploads\/2021\/09\/WhatsApp-Image-2021-09-17-at-21.47.44.jpeg","contentUrl":"https:\/\/guineediversite.com\/wp-content\/uploads\/2021\/09\/WhatsApp-Image-2021-09-17-at-21.47.44.jpeg","width":1059,"height":900},{"@type":"BreadcrumbList","@id":"https:\/\/guineediversite.com\/index.php\/2021\/09\/17\/transition-en-guinee-la-societe-civile-guineenne-sera-t-elle-unie\/#breadcrumb","itemListElement":[{"@type":"ListItem","position":1,"name":"Accueil","item":"https:\/\/guineediversite.com\/"},{"@type":"ListItem","position":2,"name":"Transition en Guin\u00e9e : la soci\u00e9t\u00e9 civile guin\u00e9enne sera-t-elle unie ?"}]},{"@type":"WebSite","@id":"https:\/\/guineediversite.com\/#website","url":"https:\/\/guineediversite.com\/","name":"Guin\u00e9e Diversit\u00e9","description":"L&#039;Info dans toute sa diversit\u00e9","publisher":{"@id":"https:\/\/guineediversite.com\/#organization"},"potentialAction":[{"@type":"SearchAction","target":{"@type":"EntryPoint","urlTemplate":"https:\/\/guineediversite.com\/?s={search_term_string}"},"query-input":{"@type":"PropertyValueSpecification","valueRequired":true,"valueName":"search_term_string"}}],"inLanguage":"fr-FR"},{"@type":"Organization","@id":"https:\/\/guineediversite.com\/#organization","name":"Guin\u00e9e Diversit\u00e9","url":"https:\/\/guineediversite.com\/","logo":{"@type":"ImageObject","inLanguage":"fr-FR","@id":"https:\/\/guineediversite.com\/#\/schema\/logo\/image\/","url":"https:\/\/guineediversite.com\/wp-content\/uploads\/2017\/04\/cropped-1jojlxEOMkX9Wyqfhe43D6kjPOGqBBKmx3EwWJqZ0cMrFF54yM49.png","contentUrl":"https:\/\/guineediversite.com\/wp-content\/uploads\/2017\/04\/cropped-1jojlxEOMkX9Wyqfhe43D6kjPOGqBBKmx3EwWJqZ0cMrFF54yM49.png","width":186,"height":112,"caption":"Guin\u00e9e Diversit\u00e9"},"image":{"@id":"https:\/\/guineediversite.com\/#\/schema\/logo\/image\/"},"sameAs":["https:\/\/www.facebook.com\/guineediversite\/","https:\/\/x.com\/GuineeDiversite","https:\/\/www.youtube.com\/channel\/UC8sUY16qelG5ge6_D5SB83g"]},{"@type":"Person","@id":"https:\/\/guineediversite.com\/#\/schema\/person\/fa362494c47202ce4b3adf55abcc9d01","name":"Morcire Camara","image":{"@type":"ImageObject","inLanguage":"fr-FR","@id":"https:\/\/guineediversite.com\/#\/schema\/person\/image\/","url":"https:\/\/secure.gravatar.com\/avatar\/3ec324f02295bbcebe03d99b39330ab4?s=96&d=mm&r=g","contentUrl":"https:\/\/secure.gravatar.com\/avatar\/3ec324f02295bbcebe03d99b39330ab4?s=96&d=mm&r=g","caption":"Morcire Camara"},"url":"https:\/\/guineediversite.com\/index.php\/author\/morcire\/"}]}},"_links":{"self":[{"href":"https:\/\/guineediversite.com\/index.php\/wp-json\/wp\/v2\/posts\/31459"}],"collection":[{"href":"https:\/\/guineediversite.com\/index.php\/wp-json\/wp\/v2\/posts"}],"about":[{"href":"https:\/\/guineediversite.com\/index.php\/wp-json\/wp\/v2\/types\/post"}],"author":[{"embeddable":true,"href":"https:\/\/guineediversite.com\/index.php\/wp-json\/wp\/v2\/users\/10"}],"replies":[{"embeddable":true,"href":"https:\/\/guineediversite.com\/index.php\/wp-json\/wp\/v2\/comments?post=31459"}],"version-history":[{"count":3,"href":"https:\/\/guineediversite.com\/index.php\/wp-json\/wp\/v2\/posts\/31459\/revisions"}],"predecessor-version":[{"id":31463,"href":"https:\/\/guineediversite.com\/index.php\/wp-json\/wp\/v2\/posts\/31459\/revisions\/31463"}],"wp:featuredmedia":[{"embeddable":true,"href":"https:\/\/guineediversite.com\/index.php\/wp-json\/wp\/v2\/media\/31460"}],"wp:attachment":[{"href":"https:\/\/guineediversite.com\/index.php\/wp-json\/wp\/v2\/media?parent=31459"}],"wp:term":[{"taxonomy":"category","embeddable":true,"href":"https:\/\/guineediversite.com\/index.php\/wp-json\/wp\/v2\/categories?post=31459"},{"taxonomy":"post_tag","embeddable":true,"href":"https:\/\/guineediversite.com\/index.php\/wp-json\/wp\/v2\/tags?post=31459"}],"curies":[{"name":"wp","href":"https:\/\/api.w.org\/{rel}","templated":true}]}}