{"id":31408,"date":"2021-05-18T20:08:24","date_gmt":"2021-05-18T18:08:24","guid":{"rendered":"https:\/\/guineediversite.com\/?p=31408"},"modified":"2021-05-18T20:08:24","modified_gmt":"2021-05-18T18:08:24","slug":"sommet-de-de-paris-alpha-conde-parmi-les-grands-absents","status":"publish","type":"post","link":"https:\/\/guineediversite.com\/index.php\/2021\/05\/18\/sommet-de-de-paris-alpha-conde-parmi-les-grands-absents\/","title":{"rendered":"Sommet de de Paris: Alpha Cond\u00e9 parmi les grands absents"},"content":{"rendered":"<p><strong>Ce mardi 18 mai se tient \u00e0 Paris un sommet consacr\u00e9 au financement des \u00e9conomies africaines et \u00e0 l\u2019\u00e9pineuse question de la dette. La pand\u00e9mie de Covid-19 a plong\u00e9 l\u2019an dernier le continent dans une r\u00e9cession sans pr\u00e9c\u00e9dent. Les pays africains ont besoin de financer leur relance, mais contrairement aux grandes puissances, ils n\u2019ont pas les m\u00eames capacit\u00e9s. Le sommet de Paris doit notamment examiner les d\u00e9cisions prises par la communaut\u00e9 internationale \u00e0 propos d\u2019une r\u00e9allocation de DTS, les fameux droits de tirage <\/strong><\/p>\n<p>Pour \u00e9viter que l\u2019Afrique meurt\u00a0de ne plus pouvoir emprunter, les pays riches, la France en t\u00eate, se penchent aujourd\u2019hui avec leurs partenaires du continent sur les m\u00e9canismes devant permettre aux \u00c9tats d\u2019Afrique de financer leur relance post-Covid-19 sans accro\u00eetre le fardeau de la dette.<\/p>\n<p>Le sommet doit confirmer une dynamique impuls\u00e9e l\u2019an dernier par les pays du G7 et du G20. Le pr\u00e9sident fran\u00e7ais, Emmanuel Macron, fut l\u2019un des premiers \u00e0 se mobiliser. \u00ab\u00a0D<em>\u00e8s les d\u00e9buts de la pand\u00e9mie, il \u00e9tait convaincu que le choc \u00e9conomique serait durable et profond pour les \u00e9conomies africaines qui ne disposent pas, contrairement aux \u00c9tats-Unis, \u00e0 la Chine ou l\u2019Europe, d\u2019une banque centrale capable de financer des plans de relance pesant des centaines ou des milliers de milliards de dollars<\/em>\u00a0\u00bb, explique un conseiller \u00e0 l\u2019\u00c9lys\u00e9e. De fait, le\u00a0FMI estime dans sa derni\u00e8re note de conjoncture\u00a0que l\u2019Afrique conna\u00eetra la reprise \u00e9conomique la plus faible en 2021, compar\u00e9 aux autres zones g\u00e9ographiques. Il s\u2019agit donc \u00ab\u00a0<em>d\u2019aller plus loin que le simple soutien aux \u00e9conomies africaines, en posant les bases d\u2019une croissance p\u00e9renne. Mais une croissance qui ne repose pas sur un nouvel endettement des pays\u00a0\u00bb<\/em>, poursuit l\u2019une des conseillers du pr\u00e9sident fran\u00e7ais.<\/p>\n<p>&nbsp;<\/p>\n<p>Depuis plusieurs mois, les quatre envoy\u00e9s sp\u00e9ciaux d\u00e9sign\u00e9s par l\u2019Union africaine, Tidjane Thiam, Donald Kaberuka, Ngozi Okonjo Iweala et Trevor Manuel, travaillent d\u2019arrache-pied avec l\u2019\u00c9lys\u00e9e, mais aussi le FMI, la Banque mondiale, les \u00c9tats-Unis et la Chine pour mettre sur pied des solutions innovantes. Plusieurs pays africains se sont aussi fermement engag\u00e9s dans ce travail, au premier rang desquels figure le S\u00e9n\u00e9gal et son ministre de l\u2019\u00c9conomie et des finances, Amadou Hott.<\/p>\n<p>Au total dix-huit\u00a0chefs d\u2019\u00c9tat\u00a0et de gouvernement seront pr\u00e9sent \u00e0 Paris. Citons l\u2019Angolais Joao Louren\u00e7o, le pr\u00e9sident en exercice de l\u2019Union africaine et pr\u00e9sident de la RDC, F\u00e9lix Tshisekedi, le Mozambicain Felipe Nyusi, le Rwandais Paul Kagame et les habitu\u00e9s du palais de l\u2019\u00c9lys\u00e9e que sont Alassane Ouattara et Macky Sall, les pr\u00e9sidents de C\u00f4te d\u2019Ivoire et du S\u00e9n\u00e9gal. Washington sera repr\u00e9sent\u00e9 par la secr\u00e9taire au Tr\u00e9sor, Janet Yellen, qui participera en visio-conf\u00e9rence, de m\u00eame que la Chine, et le Kenya. C\u00f4t\u00e9 institutions, l\u2019armada europ\u00e9enne sera emmen\u00e9e par la pr\u00e9sidente de sa commission, Ursula von der Leyen et le pr\u00e9sident du Conseil europ\u00e9en Charles Michel. Le FMI sera repr\u00e9sent\u00e9 par sa directrice g\u00e9n\u00e9rale, la Bulgare Kristalina Gueorguieva, et la Banque mondiale par le directeur g\u00e9n\u00e9ral de sa branche priv\u00e9e &#8211; l\u2019IFC- le S\u00e9n\u00e9galais Makhtar Diop. Le pr\u00e9sident David Malpass assistera aux d\u00e9bats en visio-conf\u00e9rence.<\/p>\n<p>Parmi les grands absents, on peut noter \u00a0celle d\u2019Alpha Cond\u00e9 le pr\u00e9sident guin\u00e9en qui a vu son invitation annul\u00e9 \u00e0 la derni\u00e8re minute par l\u2019Elys\u00e9e.<\/p>\n","protected":false},"excerpt":{"rendered":"<p>Ce mardi 18 mai se tient \u00e0 Paris un sommet consacr\u00e9 au financement des \u00e9conomies africaines et \u00e0 l\u2019\u00e9pineuse question de la dette. La pand\u00e9mie de Covid-19 a plong\u00e9 l\u2019an dernier le continent dans une r\u00e9cession sans pr\u00e9c\u00e9dent. Les pays africains ont besoin de financer leur relance, mais contrairement aux grandes puissances, ils n\u2019ont pas [&hellip;]<\/p>\n","protected":false},"author":12,"featured_media":31409,"comment_status":"closed","ping_status":"open","sticky":false,"template":"","format":"standard","meta":{"_exactmetrics_skip_tracking":false,"_exactmetrics_sitenote_active":false,"_exactmetrics_sitenote_note":"","_exactmetrics_sitenote_category":0,"tdm_status":"","tdm_grid_status":"","footnotes":""},"categories":[254,21],"tags":[479,478],"class_list":{"0":"post-31408","1":"post","2":"type-post","3":"status-publish","4":"format-standard","5":"has-post-thumbnail","7":"category-derniere-minute","8":"category-international","9":"tag-afrique","10":"tag-sommet-de-paris"},"yoast_head":"<!-- This site is optimized with the Yoast SEO plugin v24.2 - https:\/\/yoast.com\/wordpress\/plugins\/seo\/ -->\n<title>Sommet de de Paris: Alpha Cond\u00e9 parmi les grands absents | Guin\u00e9e Diversit\u00e9<\/title>\n<meta name=\"robots\" content=\"index, follow, max-snippet:-1, max-image-preview:large, max-video-preview:-1\" \/>\n<link rel=\"canonical\" href=\"https:\/\/guineediversite.com\/index.php\/2021\/05\/18\/sommet-de-de-paris-alpha-conde-parmi-les-grands-absents\/\" \/>\n<meta property=\"og:locale\" content=\"fr_FR\" \/>\n<meta property=\"og:type\" content=\"article\" \/>\n<meta property=\"og:title\" content=\"Sommet de de Paris: Alpha Cond\u00e9 parmi les grands absents | Guin\u00e9e Diversit\u00e9\" \/>\n<meta property=\"og:description\" content=\"Ce mardi 18 mai se tient \u00e0 Paris un sommet consacr\u00e9 au financement des \u00e9conomies africaines et \u00e0 l\u2019\u00e9pineuse question de la dette. La pand\u00e9mie de Covid-19 a plong\u00e9 l\u2019an dernier le continent dans une r\u00e9cession sans pr\u00e9c\u00e9dent. Les pays africains ont besoin de financer leur relance, mais contrairement aux grandes puissances, ils n\u2019ont pas [&hellip;]\" \/>\n<meta property=\"og:url\" content=\"https:\/\/guineediversite.com\/index.php\/2021\/05\/18\/sommet-de-de-paris-alpha-conde-parmi-les-grands-absents\/\" \/>\n<meta property=\"og:site_name\" content=\"Guin\u00e9e Diversit\u00e9\" \/>\n<meta property=\"article:publisher\" content=\"https:\/\/www.facebook.com\/guineediversite\/\" \/>\n<meta property=\"article:published_time\" content=\"2021-05-18T18:08:24+00:00\" \/>\n<meta property=\"og:image\" content=\"https:\/\/guineediversite.com\/wp-content\/uploads\/2021\/05\/sommet-de-paris-scaled.jpg\" \/>\n\t<meta property=\"og:image:width\" content=\"2560\" \/>\n\t<meta property=\"og:image:height\" content=\"1707\" \/>\n\t<meta property=\"og:image:type\" content=\"image\/jpeg\" \/>\n<meta name=\"author\" content=\"Guin\u00e9e Diversit\u00e9\" \/>\n<meta name=\"twitter:card\" content=\"summary_large_image\" \/>\n<meta name=\"twitter:creator\" content=\"@GuineeDiversite\" \/>\n<meta name=\"twitter:site\" content=\"@GuineeDiversite\" \/>\n<meta name=\"twitter:label1\" content=\"\u00c9crit par\" \/>\n\t<meta name=\"twitter:data1\" content=\"Guin\u00e9e Diversit\u00e9\" \/>\n\t<meta name=\"twitter:label2\" content=\"Dur\u00e9e de lecture estim\u00e9e\" \/>\n\t<meta name=\"twitter:data2\" content=\"3 minutes\" \/>\n<script type=\"application\/ld+json\" class=\"yoast-schema-graph\">{\"@context\":\"https:\/\/schema.org\",\"@graph\":[{\"@type\":\"Article\",\"@id\":\"https:\/\/guineediversite.com\/index.php\/2021\/05\/18\/sommet-de-de-paris-alpha-conde-parmi-les-grands-absents\/#article\",\"isPartOf\":{\"@id\":\"https:\/\/guineediversite.com\/index.php\/2021\/05\/18\/sommet-de-de-paris-alpha-conde-parmi-les-grands-absents\/\"},\"author\":{\"name\":\"Guin\u00e9e Diversit\u00e9\",\"@id\":\"https:\/\/guineediversite.com\/#\/schema\/person\/afa08fb34e7fc6e1feafc892612bc836\"},\"headline\":\"Sommet de de Paris: Alpha Cond\u00e9 parmi les grands absents\",\"datePublished\":\"2021-05-18T18:08:24+00:00\",\"dateModified\":\"2021-05-18T18:08:24+00:00\",\"mainEntityOfPage\":{\"@id\":\"https:\/\/guineediversite.com\/index.php\/2021\/05\/18\/sommet-de-de-paris-alpha-conde-parmi-les-grands-absents\/\"},\"wordCount\":624,\"publisher\":{\"@id\":\"https:\/\/guineediversite.com\/#organization\"},\"image\":{\"@id\":\"https:\/\/guineediversite.com\/index.php\/2021\/05\/18\/sommet-de-de-paris-alpha-conde-parmi-les-grands-absents\/#primaryimage\"},\"thumbnailUrl\":\"https:\/\/guineediversite.com\/wp-content\/uploads\/2021\/05\/sommet-de-paris-scaled.jpg\",\"keywords\":[\"Afrique\",\"Sommet de Paris\"],\"articleSection\":[\"Derni\u00e8re minute\",\"International\"],\"inLanguage\":\"fr-FR\"},{\"@type\":\"WebPage\",\"@id\":\"https:\/\/guineediversite.com\/index.php\/2021\/05\/18\/sommet-de-de-paris-alpha-conde-parmi-les-grands-absents\/\",\"url\":\"https:\/\/guineediversite.com\/index.php\/2021\/05\/18\/sommet-de-de-paris-alpha-conde-parmi-les-grands-absents\/\",\"name\":\"Sommet de de Paris: Alpha Cond\u00e9 parmi les grands absents | Guin\u00e9e Diversit\u00e9\",\"isPartOf\":{\"@id\":\"https:\/\/guineediversite.com\/#website\"},\"primaryImageOfPage\":{\"@id\":\"https:\/\/guineediversite.com\/index.php\/2021\/05\/18\/sommet-de-de-paris-alpha-conde-parmi-les-grands-absents\/#primaryimage\"},\"image\":{\"@id\":\"https:\/\/guineediversite.com\/index.php\/2021\/05\/18\/sommet-de-de-paris-alpha-conde-parmi-les-grands-absents\/#primaryimage\"},\"thumbnailUrl\":\"https:\/\/guineediversite.com\/wp-content\/uploads\/2021\/05\/sommet-de-paris-scaled.jpg\",\"datePublished\":\"2021-05-18T18:08:24+00:00\",\"dateModified\":\"2021-05-18T18:08:24+00:00\",\"breadcrumb\":{\"@id\":\"https:\/\/guineediversite.com\/index.php\/2021\/05\/18\/sommet-de-de-paris-alpha-conde-parmi-les-grands-absents\/#breadcrumb\"},\"inLanguage\":\"fr-FR\",\"potentialAction\":[{\"@type\":\"ReadAction\",\"target\":[\"https:\/\/guineediversite.com\/index.php\/2021\/05\/18\/sommet-de-de-paris-alpha-conde-parmi-les-grands-absents\/\"]}]},{\"@type\":\"ImageObject\",\"inLanguage\":\"fr-FR\",\"@id\":\"https:\/\/guineediversite.com\/index.php\/2021\/05\/18\/sommet-de-de-paris-alpha-conde-parmi-les-grands-absents\/#primaryimage\",\"url\":\"https:\/\/guineediversite.com\/wp-content\/uploads\/2021\/05\/sommet-de-paris-scaled.jpg\",\"contentUrl\":\"https:\/\/guineediversite.com\/wp-content\/uploads\/2021\/05\/sommet-de-paris-scaled.jpg\",\"width\":2560,\"height\":1707},{\"@type\":\"BreadcrumbList\",\"@id\":\"https:\/\/guineediversite.com\/index.php\/2021\/05\/18\/sommet-de-de-paris-alpha-conde-parmi-les-grands-absents\/#breadcrumb\",\"itemListElement\":[{\"@type\":\"ListItem\",\"position\":1,\"name\":\"Accueil\",\"item\":\"https:\/\/guineediversite.com\/\"},{\"@type\":\"ListItem\",\"position\":2,\"name\":\"Sommet de de Paris: Alpha Cond\u00e9 parmi les grands absents\"}]},{\"@type\":\"WebSite\",\"@id\":\"https:\/\/guineediversite.com\/#website\",\"url\":\"https:\/\/guineediversite.com\/\",\"name\":\"Guin\u00e9e Diversit\u00e9\",\"description\":\"L&#039;Info dans toute sa diversit\u00e9\",\"publisher\":{\"@id\":\"https:\/\/guineediversite.com\/#organization\"},\"potentialAction\":[{\"@type\":\"SearchAction\",\"target\":{\"@type\":\"EntryPoint\",\"urlTemplate\":\"https:\/\/guineediversite.com\/?s={search_term_string}\"},\"query-input\":{\"@type\":\"PropertyValueSpecification\",\"valueRequired\":true,\"valueName\":\"search_term_string\"}}],\"inLanguage\":\"fr-FR\"},{\"@type\":\"Organization\",\"@id\":\"https:\/\/guineediversite.com\/#organization\",\"name\":\"Guin\u00e9e Diversit\u00e9\",\"url\":\"https:\/\/guineediversite.com\/\",\"logo\":{\"@type\":\"ImageObject\",\"inLanguage\":\"fr-FR\",\"@id\":\"https:\/\/guineediversite.com\/#\/schema\/logo\/image\/\",\"url\":\"https:\/\/guineediversite.com\/wp-content\/uploads\/2017\/04\/cropped-1jojlxEOMkX9Wyqfhe43D6kjPOGqBBKmx3EwWJqZ0cMrFF54yM49.png\",\"contentUrl\":\"https:\/\/guineediversite.com\/wp-content\/uploads\/2017\/04\/cropped-1jojlxEOMkX9Wyqfhe43D6kjPOGqBBKmx3EwWJqZ0cMrFF54yM49.png\",\"width\":186,\"height\":112,\"caption\":\"Guin\u00e9e Diversit\u00e9\"},\"image\":{\"@id\":\"https:\/\/guineediversite.com\/#\/schema\/logo\/image\/\"},\"sameAs\":[\"https:\/\/www.facebook.com\/guineediversite\/\",\"https:\/\/x.com\/GuineeDiversite\",\"https:\/\/www.youtube.com\/channel\/UC8sUY16qelG5ge6_D5SB83g\"]},{\"@type\":\"Person\",\"@id\":\"https:\/\/guineediversite.com\/#\/schema\/person\/afa08fb34e7fc6e1feafc892612bc836\",\"name\":\"Guin\u00e9e Diversit\u00e9\",\"image\":{\"@type\":\"ImageObject\",\"inLanguage\":\"fr-FR\",\"@id\":\"https:\/\/guineediversite.com\/#\/schema\/person\/image\/\",\"url\":\"https:\/\/secure.gravatar.com\/avatar\/50d5eb5b390f8b65ac30ac6f898eb83a?s=96&d=mm&r=g\",\"contentUrl\":\"https:\/\/secure.gravatar.com\/avatar\/50d5eb5b390f8b65ac30ac6f898eb83a?s=96&d=mm&r=g\",\"caption\":\"Guin\u00e9e Diversit\u00e9\"},\"url\":\"https:\/\/guineediversite.com\/index.php\/author\/guineediversite\/\"}]}<\/script>\n<!-- \/ Yoast SEO plugin. -->","yoast_head_json":{"title":"Sommet de de Paris: Alpha Cond\u00e9 parmi les grands absents | Guin\u00e9e Diversit\u00e9","robots":{"index":"index","follow":"follow","max-snippet":"max-snippet:-1","max-image-preview":"max-image-preview:large","max-video-preview":"max-video-preview:-1"},"canonical":"https:\/\/guineediversite.com\/index.php\/2021\/05\/18\/sommet-de-de-paris-alpha-conde-parmi-les-grands-absents\/","og_locale":"fr_FR","og_type":"article","og_title":"Sommet de de Paris: Alpha Cond\u00e9 parmi les grands absents | Guin\u00e9e Diversit\u00e9","og_description":"Ce mardi 18 mai se tient \u00e0 Paris un sommet consacr\u00e9 au financement des \u00e9conomies africaines et \u00e0 l\u2019\u00e9pineuse question de la dette. La pand\u00e9mie de Covid-19 a plong\u00e9 l\u2019an dernier le continent dans une r\u00e9cession sans pr\u00e9c\u00e9dent. Les pays africains ont besoin de financer leur relance, mais contrairement aux grandes puissances, ils n\u2019ont pas [&hellip;]","og_url":"https:\/\/guineediversite.com\/index.php\/2021\/05\/18\/sommet-de-de-paris-alpha-conde-parmi-les-grands-absents\/","og_site_name":"Guin\u00e9e Diversit\u00e9","article_publisher":"https:\/\/www.facebook.com\/guineediversite\/","article_published_time":"2021-05-18T18:08:24+00:00","og_image":[{"width":2560,"height":1707,"url":"https:\/\/guineediversite.com\/wp-content\/uploads\/2021\/05\/sommet-de-paris-scaled.jpg","type":"image\/jpeg"}],"author":"Guin\u00e9e Diversit\u00e9","twitter_card":"summary_large_image","twitter_creator":"@GuineeDiversite","twitter_site":"@GuineeDiversite","twitter_misc":{"\u00c9crit par":"Guin\u00e9e Diversit\u00e9","Dur\u00e9e de lecture estim\u00e9e":"3 minutes"},"schema":{"@context":"https:\/\/schema.org","@graph":[{"@type":"Article","@id":"https:\/\/guineediversite.com\/index.php\/2021\/05\/18\/sommet-de-de-paris-alpha-conde-parmi-les-grands-absents\/#article","isPartOf":{"@id":"https:\/\/guineediversite.com\/index.php\/2021\/05\/18\/sommet-de-de-paris-alpha-conde-parmi-les-grands-absents\/"},"author":{"name":"Guin\u00e9e Diversit\u00e9","@id":"https:\/\/guineediversite.com\/#\/schema\/person\/afa08fb34e7fc6e1feafc892612bc836"},"headline":"Sommet de de Paris: Alpha Cond\u00e9 parmi les grands absents","datePublished":"2021-05-18T18:08:24+00:00","dateModified":"2021-05-18T18:08:24+00:00","mainEntityOfPage":{"@id":"https:\/\/guineediversite.com\/index.php\/2021\/05\/18\/sommet-de-de-paris-alpha-conde-parmi-les-grands-absents\/"},"wordCount":624,"publisher":{"@id":"https:\/\/guineediversite.com\/#organization"},"image":{"@id":"https:\/\/guineediversite.com\/index.php\/2021\/05\/18\/sommet-de-de-paris-alpha-conde-parmi-les-grands-absents\/#primaryimage"},"thumbnailUrl":"https:\/\/guineediversite.com\/wp-content\/uploads\/2021\/05\/sommet-de-paris-scaled.jpg","keywords":["Afrique","Sommet de Paris"],"articleSection":["Derni\u00e8re minute","International"],"inLanguage":"fr-FR"},{"@type":"WebPage","@id":"https:\/\/guineediversite.com\/index.php\/2021\/05\/18\/sommet-de-de-paris-alpha-conde-parmi-les-grands-absents\/","url":"https:\/\/guineediversite.com\/index.php\/2021\/05\/18\/sommet-de-de-paris-alpha-conde-parmi-les-grands-absents\/","name":"Sommet de de Paris: Alpha Cond\u00e9 parmi les grands absents | Guin\u00e9e Diversit\u00e9","isPartOf":{"@id":"https:\/\/guineediversite.com\/#website"},"primaryImageOfPage":{"@id":"https:\/\/guineediversite.com\/index.php\/2021\/05\/18\/sommet-de-de-paris-alpha-conde-parmi-les-grands-absents\/#primaryimage"},"image":{"@id":"https:\/\/guineediversite.com\/index.php\/2021\/05\/18\/sommet-de-de-paris-alpha-conde-parmi-les-grands-absents\/#primaryimage"},"thumbnailUrl":"https:\/\/guineediversite.com\/wp-content\/uploads\/2021\/05\/sommet-de-paris-scaled.jpg","datePublished":"2021-05-18T18:08:24+00:00","dateModified":"2021-05-18T18:08:24+00:00","breadcrumb":{"@id":"https:\/\/guineediversite.com\/index.php\/2021\/05\/18\/sommet-de-de-paris-alpha-conde-parmi-les-grands-absents\/#breadcrumb"},"inLanguage":"fr-FR","potentialAction":[{"@type":"ReadAction","target":["https:\/\/guineediversite.com\/index.php\/2021\/05\/18\/sommet-de-de-paris-alpha-conde-parmi-les-grands-absents\/"]}]},{"@type":"ImageObject","inLanguage":"fr-FR","@id":"https:\/\/guineediversite.com\/index.php\/2021\/05\/18\/sommet-de-de-paris-alpha-conde-parmi-les-grands-absents\/#primaryimage","url":"https:\/\/guineediversite.com\/wp-content\/uploads\/2021\/05\/sommet-de-paris-scaled.jpg","contentUrl":"https:\/\/guineediversite.com\/wp-content\/uploads\/2021\/05\/sommet-de-paris-scaled.jpg","width":2560,"height":1707},{"@type":"BreadcrumbList","@id":"https:\/\/guineediversite.com\/index.php\/2021\/05\/18\/sommet-de-de-paris-alpha-conde-parmi-les-grands-absents\/#breadcrumb","itemListElement":[{"@type":"ListItem","position":1,"name":"Accueil","item":"https:\/\/guineediversite.com\/"},{"@type":"ListItem","position":2,"name":"Sommet de de Paris: Alpha Cond\u00e9 parmi les grands absents"}]},{"@type":"WebSite","@id":"https:\/\/guineediversite.com\/#website","url":"https:\/\/guineediversite.com\/","name":"Guin\u00e9e Diversit\u00e9","description":"L&#039;Info dans toute sa diversit\u00e9","publisher":{"@id":"https:\/\/guineediversite.com\/#organization"},"potentialAction":[{"@type":"SearchAction","target":{"@type":"EntryPoint","urlTemplate":"https:\/\/guineediversite.com\/?s={search_term_string}"},"query-input":{"@type":"PropertyValueSpecification","valueRequired":true,"valueName":"search_term_string"}}],"inLanguage":"fr-FR"},{"@type":"Organization","@id":"https:\/\/guineediversite.com\/#organization","name":"Guin\u00e9e Diversit\u00e9","url":"https:\/\/guineediversite.com\/","logo":{"@type":"ImageObject","inLanguage":"fr-FR","@id":"https:\/\/guineediversite.com\/#\/schema\/logo\/image\/","url":"https:\/\/guineediversite.com\/wp-content\/uploads\/2017\/04\/cropped-1jojlxEOMkX9Wyqfhe43D6kjPOGqBBKmx3EwWJqZ0cMrFF54yM49.png","contentUrl":"https:\/\/guineediversite.com\/wp-content\/uploads\/2017\/04\/cropped-1jojlxEOMkX9Wyqfhe43D6kjPOGqBBKmx3EwWJqZ0cMrFF54yM49.png","width":186,"height":112,"caption":"Guin\u00e9e Diversit\u00e9"},"image":{"@id":"https:\/\/guineediversite.com\/#\/schema\/logo\/image\/"},"sameAs":["https:\/\/www.facebook.com\/guineediversite\/","https:\/\/x.com\/GuineeDiversite","https:\/\/www.youtube.com\/channel\/UC8sUY16qelG5ge6_D5SB83g"]},{"@type":"Person","@id":"https:\/\/guineediversite.com\/#\/schema\/person\/afa08fb34e7fc6e1feafc892612bc836","name":"Guin\u00e9e Diversit\u00e9","image":{"@type":"ImageObject","inLanguage":"fr-FR","@id":"https:\/\/guineediversite.com\/#\/schema\/person\/image\/","url":"https:\/\/secure.gravatar.com\/avatar\/50d5eb5b390f8b65ac30ac6f898eb83a?s=96&d=mm&r=g","contentUrl":"https:\/\/secure.gravatar.com\/avatar\/50d5eb5b390f8b65ac30ac6f898eb83a?s=96&d=mm&r=g","caption":"Guin\u00e9e Diversit\u00e9"},"url":"https:\/\/guineediversite.com\/index.php\/author\/guineediversite\/"}]}},"_links":{"self":[{"href":"https:\/\/guineediversite.com\/index.php\/wp-json\/wp\/v2\/posts\/31408"}],"collection":[{"href":"https:\/\/guineediversite.com\/index.php\/wp-json\/wp\/v2\/posts"}],"about":[{"href":"https:\/\/guineediversite.com\/index.php\/wp-json\/wp\/v2\/types\/post"}],"author":[{"embeddable":true,"href":"https:\/\/guineediversite.com\/index.php\/wp-json\/wp\/v2\/users\/12"}],"replies":[{"embeddable":true,"href":"https:\/\/guineediversite.com\/index.php\/wp-json\/wp\/v2\/comments?post=31408"}],"version-history":[{"count":1,"href":"https:\/\/guineediversite.com\/index.php\/wp-json\/wp\/v2\/posts\/31408\/revisions"}],"predecessor-version":[{"id":31410,"href":"https:\/\/guineediversite.com\/index.php\/wp-json\/wp\/v2\/posts\/31408\/revisions\/31410"}],"wp:featuredmedia":[{"embeddable":true,"href":"https:\/\/guineediversite.com\/index.php\/wp-json\/wp\/v2\/media\/31409"}],"wp:attachment":[{"href":"https:\/\/guineediversite.com\/index.php\/wp-json\/wp\/v2\/media?parent=31408"}],"wp:term":[{"taxonomy":"category","embeddable":true,"href":"https:\/\/guineediversite.com\/index.php\/wp-json\/wp\/v2\/categories?post=31408"},{"taxonomy":"post_tag","embeddable":true,"href":"https:\/\/guineediversite.com\/index.php\/wp-json\/wp\/v2\/tags?post=31408"}],"curies":[{"name":"wp","href":"https:\/\/api.w.org\/{rel}","templated":true}]}}