{"id":31370,"date":"2021-05-05T11:16:39","date_gmt":"2021-05-05T09:16:39","guid":{"rendered":"https:\/\/guineediversite.com\/?p=31370"},"modified":"2021-05-05T11:16:39","modified_gmt":"2021-05-05T09:16:39","slug":"tribune-lhistoire-est-tetue-tibou-kamara-le-sait-bien-ibrahima-diallo","status":"publish","type":"post","link":"https:\/\/guineediversite.com\/index.php\/2021\/05\/05\/tribune-lhistoire-est-tetue-tibou-kamara-le-sait-bien-ibrahima-diallo\/","title":{"rendered":"Tribune: L\u2019histoire est t\u00eatue, Tibou Kamara le sait bien (Ibrahima Diallo)"},"content":{"rendered":"<p>S\u2019il y a un domaine dans lequel Alpha Cond\u00e9 semble avoir incontestablement du talent, c\u2019est dans celui de pousser ses adversaires \u00e0 ravaler tout ce qu\u2019ils avaient d\u00e9clar\u00e9 hier.<\/p>\n<p>Parmi eux, Tibou Kamara, autrefois virulent envers le dictateur, se pr\u00e9sente comme le plus m\u00e9prisant vis-\u00e0-vis de la m\u00e9moire des Guin\u00e9ens. Lui qui disait que \u201d le mandat de Alpha Cond\u00e9 est une punition collective \u201d feint d\u2019oublier tout ce qu\u2019il racontait il y a quelque temps sur le dictateur Alpha Cond\u00e9 dont il est devenu aujourd\u2019hui l\u2019un des plus grands thurif\u00e9raires et courtisans serviles. Le poste de ministre et les avantages y aff\u00e9rents sont pass\u00e9s par l\u00e0.<\/p>\n<p>Il pense s\u00fbrement que c\u2019est \u00e0 coup de tribunes d\u00e9magogiques qu\u2019il pourra restaurer l\u2019image d\u2019un homme honni comme le dictateur Alpha Cond\u00e9.<\/p>\n<p>Arrive-t-il \u00e0 Tibou Camara, lorsqu\u2019il se regarde dans son miroir tous les matins, de se rem\u00e9morer toutes ses diatribes et ses tribunes au vitriol contre Alpha Cond\u00e9 quand il \u00e9tait en exil et comment parvient-il \u00e0 faire face \u00e0 tant de reniements ? Quelle image veut-il que sa propre prog\u00e9niture retienne de lui un jour ? Celle d\u2019un homme qui crache et qui ravale ses crachats ?<\/p>\n<p>Ils sont des dizaines de Tibou Kamara qui peuplent aujourd\u2019hui le microcosme politique guin\u00e9en et qui donnent aux jeunes une image tr\u00e8s peu flatteuse de la politique. Pour cette cat\u00e9gorie de personnages, la fin justifie les moyens en politique et l\u2019essentiel est de se hisser au sommet quel qu\u2019en soit le prix.<\/p>\n<p>Beaucoup de personnes se demandent quel talent particulier Tibou Camara a pour s\u2019accommoder de tous les r\u00e9gimes de ces derni\u00e8res ann\u00e9es, de Lansana Cont\u00e9 \u00e0 Alpha Cond\u00e9 ? C\u2019est au prix de quelle compromission ? Pour Tibou Kamara tous les moyens sont bons pour \u00eatre dans les bonnes gr\u00e2ces du Chef, m\u00eame au prix de l\u2019honneur et de la dignit\u00e9.<\/p>\n<p>L\u2019un des probl\u00e8mes de la Guin\u00e9e actuelle est \u00e9galement le fait que certains personnages comme Tibou Kamara s\u2019imaginent que les Guin\u00e9ens n\u2019ont pas de m\u00e9moire. Mais s\u2019ils ont oubli\u00e9 leurs discours, les Guin\u00e9ens quant \u00e0 eux ont suffisamment de m\u00e9moire pour ne pas les oublier.\u00a0 Et au moment venu, chacun fera face \u00e0 ses actes.<\/p>\n<p>Ibrahima DIALLO<\/p>\n<p>Responsable des Op\u00e9rations du FNDC<\/p>\n<p>Coordinateur du Mouvement Tournons La Page en Guin\u00e9e<\/p>\n<p><strong>\u00a0<\/strong><\/p>\n","protected":false},"excerpt":{"rendered":"<p>S\u2019il y a un domaine dans lequel Alpha Cond\u00e9 semble avoir incontestablement du talent, c\u2019est dans celui de pousser ses adversaires \u00e0 ravaler tout ce qu\u2019ils avaient d\u00e9clar\u00e9 hier. Parmi eux, Tibou Kamara, autrefois virulent envers le dictateur, se pr\u00e9sente comme le plus m\u00e9prisant vis-\u00e0-vis de la m\u00e9moire des Guin\u00e9ens. Lui qui disait que \u201d [&hellip;]<\/p>\n","protected":false},"author":12,"featured_media":31371,"comment_status":"closed","ping_status":"open","sticky":false,"template":"","format":"standard","meta":{"_exactmetrics_skip_tracking":false,"_exactmetrics_sitenote_active":false,"_exactmetrics_sitenote_note":"","_exactmetrics_sitenote_category":0,"tdm_status":"","tdm_grid_status":"","footnotes":""},"categories":[254,14],"tags":[],"class_list":{"0":"post-31370","1":"post","2":"type-post","3":"status-publish","4":"format-standard","5":"has-post-thumbnail","7":"category-derniere-minute","8":"category-politique"},"yoast_head":"<!-- This site is optimized with the Yoast SEO plugin v24.2 - https:\/\/yoast.com\/wordpress\/plugins\/seo\/ -->\n<title>Tribune: L\u2019histoire est t\u00eatue, Tibou Kamara le sait bien (Ibrahima Diallo) | Guin\u00e9e Diversit\u00e9<\/title>\n<meta name=\"robots\" content=\"index, follow, max-snippet:-1, max-image-preview:large, max-video-preview:-1\" \/>\n<link rel=\"canonical\" href=\"https:\/\/guineediversite.com\/index.php\/2021\/05\/05\/tribune-lhistoire-est-tetue-tibou-kamara-le-sait-bien-ibrahima-diallo\/\" \/>\n<meta property=\"og:locale\" content=\"fr_FR\" \/>\n<meta property=\"og:type\" content=\"article\" \/>\n<meta property=\"og:title\" content=\"Tribune: L\u2019histoire est t\u00eatue, Tibou Kamara le sait bien (Ibrahima Diallo) | Guin\u00e9e Diversit\u00e9\" \/>\n<meta property=\"og:description\" content=\"S\u2019il y a un domaine dans lequel Alpha Cond\u00e9 semble avoir incontestablement du talent, c\u2019est dans celui de pousser ses adversaires \u00e0 ravaler tout ce qu\u2019ils avaient d\u00e9clar\u00e9 hier. Parmi eux, Tibou Kamara, autrefois virulent envers le dictateur, se pr\u00e9sente comme le plus m\u00e9prisant vis-\u00e0-vis de la m\u00e9moire des Guin\u00e9ens. Lui qui disait que \u201d [&hellip;]\" \/>\n<meta property=\"og:url\" content=\"https:\/\/guineediversite.com\/index.php\/2021\/05\/05\/tribune-lhistoire-est-tetue-tibou-kamara-le-sait-bien-ibrahima-diallo\/\" \/>\n<meta property=\"og:site_name\" content=\"Guin\u00e9e Diversit\u00e9\" \/>\n<meta property=\"article:publisher\" content=\"https:\/\/www.facebook.com\/guineediversite\/\" \/>\n<meta property=\"article:published_time\" content=\"2021-05-05T09:16:39+00:00\" \/>\n<meta property=\"og:image\" content=\"https:\/\/guineediversite.com\/wp-content\/uploads\/2021\/05\/Ibrahima-Diallo.jpeg\" \/>\n\t<meta property=\"og:image:width\" content=\"1000\" \/>\n\t<meta property=\"og:image:height\" content=\"600\" \/>\n\t<meta property=\"og:image:type\" content=\"image\/jpeg\" \/>\n<meta name=\"author\" content=\"Guin\u00e9e Diversit\u00e9\" \/>\n<meta name=\"twitter:card\" content=\"summary_large_image\" \/>\n<meta name=\"twitter:creator\" content=\"@GuineeDiversite\" \/>\n<meta name=\"twitter:site\" content=\"@GuineeDiversite\" \/>\n<meta name=\"twitter:label1\" content=\"\u00c9crit par\" \/>\n\t<meta name=\"twitter:data1\" content=\"Guin\u00e9e Diversit\u00e9\" \/>\n\t<meta name=\"twitter:label2\" content=\"Dur\u00e9e de lecture estim\u00e9e\" \/>\n\t<meta name=\"twitter:data2\" content=\"2 minutes\" \/>\n<script type=\"application\/ld+json\" class=\"yoast-schema-graph\">{\"@context\":\"https:\/\/schema.org\",\"@graph\":[{\"@type\":\"Article\",\"@id\":\"https:\/\/guineediversite.com\/index.php\/2021\/05\/05\/tribune-lhistoire-est-tetue-tibou-kamara-le-sait-bien-ibrahima-diallo\/#article\",\"isPartOf\":{\"@id\":\"https:\/\/guineediversite.com\/index.php\/2021\/05\/05\/tribune-lhistoire-est-tetue-tibou-kamara-le-sait-bien-ibrahima-diallo\/\"},\"author\":{\"name\":\"Guin\u00e9e Diversit\u00e9\",\"@id\":\"https:\/\/guineediversite.com\/#\/schema\/person\/afa08fb34e7fc6e1feafc892612bc836\"},\"headline\":\"Tribune: L\u2019histoire est t\u00eatue, Tibou Kamara le sait bien (Ibrahima Diallo)\",\"datePublished\":\"2021-05-05T09:16:39+00:00\",\"dateModified\":\"2021-05-05T09:16:39+00:00\",\"mainEntityOfPage\":{\"@id\":\"https:\/\/guineediversite.com\/index.php\/2021\/05\/05\/tribune-lhistoire-est-tetue-tibou-kamara-le-sait-bien-ibrahima-diallo\/\"},\"wordCount\":428,\"publisher\":{\"@id\":\"https:\/\/guineediversite.com\/#organization\"},\"image\":{\"@id\":\"https:\/\/guineediversite.com\/index.php\/2021\/05\/05\/tribune-lhistoire-est-tetue-tibou-kamara-le-sait-bien-ibrahima-diallo\/#primaryimage\"},\"thumbnailUrl\":\"https:\/\/guineediversite.com\/wp-content\/uploads\/2021\/05\/Ibrahima-Diallo.jpeg\",\"articleSection\":[\"Derni\u00e8re minute\",\"Politique\"],\"inLanguage\":\"fr-FR\"},{\"@type\":\"WebPage\",\"@id\":\"https:\/\/guineediversite.com\/index.php\/2021\/05\/05\/tribune-lhistoire-est-tetue-tibou-kamara-le-sait-bien-ibrahima-diallo\/\",\"url\":\"https:\/\/guineediversite.com\/index.php\/2021\/05\/05\/tribune-lhistoire-est-tetue-tibou-kamara-le-sait-bien-ibrahima-diallo\/\",\"name\":\"Tribune: L\u2019histoire est t\u00eatue, Tibou Kamara le sait bien (Ibrahima Diallo) | Guin\u00e9e Diversit\u00e9\",\"isPartOf\":{\"@id\":\"https:\/\/guineediversite.com\/#website\"},\"primaryImageOfPage\":{\"@id\":\"https:\/\/guineediversite.com\/index.php\/2021\/05\/05\/tribune-lhistoire-est-tetue-tibou-kamara-le-sait-bien-ibrahima-diallo\/#primaryimage\"},\"image\":{\"@id\":\"https:\/\/guineediversite.com\/index.php\/2021\/05\/05\/tribune-lhistoire-est-tetue-tibou-kamara-le-sait-bien-ibrahima-diallo\/#primaryimage\"},\"thumbnailUrl\":\"https:\/\/guineediversite.com\/wp-content\/uploads\/2021\/05\/Ibrahima-Diallo.jpeg\",\"datePublished\":\"2021-05-05T09:16:39+00:00\",\"dateModified\":\"2021-05-05T09:16:39+00:00\",\"breadcrumb\":{\"@id\":\"https:\/\/guineediversite.com\/index.php\/2021\/05\/05\/tribune-lhistoire-est-tetue-tibou-kamara-le-sait-bien-ibrahima-diallo\/#breadcrumb\"},\"inLanguage\":\"fr-FR\",\"potentialAction\":[{\"@type\":\"ReadAction\",\"target\":[\"https:\/\/guineediversite.com\/index.php\/2021\/05\/05\/tribune-lhistoire-est-tetue-tibou-kamara-le-sait-bien-ibrahima-diallo\/\"]}]},{\"@type\":\"ImageObject\",\"inLanguage\":\"fr-FR\",\"@id\":\"https:\/\/guineediversite.com\/index.php\/2021\/05\/05\/tribune-lhistoire-est-tetue-tibou-kamara-le-sait-bien-ibrahima-diallo\/#primaryimage\",\"url\":\"https:\/\/guineediversite.com\/wp-content\/uploads\/2021\/05\/Ibrahima-Diallo.jpeg\",\"contentUrl\":\"https:\/\/guineediversite.com\/wp-content\/uploads\/2021\/05\/Ibrahima-Diallo.jpeg\",\"width\":1000,\"height\":600},{\"@type\":\"BreadcrumbList\",\"@id\":\"https:\/\/guineediversite.com\/index.php\/2021\/05\/05\/tribune-lhistoire-est-tetue-tibou-kamara-le-sait-bien-ibrahima-diallo\/#breadcrumb\",\"itemListElement\":[{\"@type\":\"ListItem\",\"position\":1,\"name\":\"Accueil\",\"item\":\"https:\/\/guineediversite.com\/\"},{\"@type\":\"ListItem\",\"position\":2,\"name\":\"Tribune: L\u2019histoire est t\u00eatue, Tibou Kamara le sait bien (Ibrahima Diallo)\"}]},{\"@type\":\"WebSite\",\"@id\":\"https:\/\/guineediversite.com\/#website\",\"url\":\"https:\/\/guineediversite.com\/\",\"name\":\"Guin\u00e9e Diversit\u00e9\",\"description\":\"L&#039;Info dans toute sa diversit\u00e9\",\"publisher\":{\"@id\":\"https:\/\/guineediversite.com\/#organization\"},\"potentialAction\":[{\"@type\":\"SearchAction\",\"target\":{\"@type\":\"EntryPoint\",\"urlTemplate\":\"https:\/\/guineediversite.com\/?s={search_term_string}\"},\"query-input\":{\"@type\":\"PropertyValueSpecification\",\"valueRequired\":true,\"valueName\":\"search_term_string\"}}],\"inLanguage\":\"fr-FR\"},{\"@type\":\"Organization\",\"@id\":\"https:\/\/guineediversite.com\/#organization\",\"name\":\"Guin\u00e9e Diversit\u00e9\",\"url\":\"https:\/\/guineediversite.com\/\",\"logo\":{\"@type\":\"ImageObject\",\"inLanguage\":\"fr-FR\",\"@id\":\"https:\/\/guineediversite.com\/#\/schema\/logo\/image\/\",\"url\":\"https:\/\/guineediversite.com\/wp-content\/uploads\/2017\/04\/cropped-1jojlxEOMkX9Wyqfhe43D6kjPOGqBBKmx3EwWJqZ0cMrFF54yM49.png\",\"contentUrl\":\"https:\/\/guineediversite.com\/wp-content\/uploads\/2017\/04\/cropped-1jojlxEOMkX9Wyqfhe43D6kjPOGqBBKmx3EwWJqZ0cMrFF54yM49.png\",\"width\":186,\"height\":112,\"caption\":\"Guin\u00e9e Diversit\u00e9\"},\"image\":{\"@id\":\"https:\/\/guineediversite.com\/#\/schema\/logo\/image\/\"},\"sameAs\":[\"https:\/\/www.facebook.com\/guineediversite\/\",\"https:\/\/x.com\/GuineeDiversite\",\"https:\/\/www.youtube.com\/channel\/UC8sUY16qelG5ge6_D5SB83g\"]},{\"@type\":\"Person\",\"@id\":\"https:\/\/guineediversite.com\/#\/schema\/person\/afa08fb34e7fc6e1feafc892612bc836\",\"name\":\"Guin\u00e9e Diversit\u00e9\",\"image\":{\"@type\":\"ImageObject\",\"inLanguage\":\"fr-FR\",\"@id\":\"https:\/\/guineediversite.com\/#\/schema\/person\/image\/\",\"url\":\"https:\/\/secure.gravatar.com\/avatar\/50d5eb5b390f8b65ac30ac6f898eb83a?s=96&d=mm&r=g\",\"contentUrl\":\"https:\/\/secure.gravatar.com\/avatar\/50d5eb5b390f8b65ac30ac6f898eb83a?s=96&d=mm&r=g\",\"caption\":\"Guin\u00e9e Diversit\u00e9\"},\"url\":\"https:\/\/guineediversite.com\/index.php\/author\/guineediversite\/\"}]}<\/script>\n<!-- \/ Yoast SEO plugin. -->","yoast_head_json":{"title":"Tribune: L\u2019histoire est t\u00eatue, Tibou Kamara le sait bien (Ibrahima Diallo) | Guin\u00e9e Diversit\u00e9","robots":{"index":"index","follow":"follow","max-snippet":"max-snippet:-1","max-image-preview":"max-image-preview:large","max-video-preview":"max-video-preview:-1"},"canonical":"https:\/\/guineediversite.com\/index.php\/2021\/05\/05\/tribune-lhistoire-est-tetue-tibou-kamara-le-sait-bien-ibrahima-diallo\/","og_locale":"fr_FR","og_type":"article","og_title":"Tribune: L\u2019histoire est t\u00eatue, Tibou Kamara le sait bien (Ibrahima Diallo) | Guin\u00e9e Diversit\u00e9","og_description":"S\u2019il y a un domaine dans lequel Alpha Cond\u00e9 semble avoir incontestablement du talent, c\u2019est dans celui de pousser ses adversaires \u00e0 ravaler tout ce qu\u2019ils avaient d\u00e9clar\u00e9 hier. Parmi eux, Tibou Kamara, autrefois virulent envers le dictateur, se pr\u00e9sente comme le plus m\u00e9prisant vis-\u00e0-vis de la m\u00e9moire des Guin\u00e9ens. Lui qui disait que \u201d [&hellip;]","og_url":"https:\/\/guineediversite.com\/index.php\/2021\/05\/05\/tribune-lhistoire-est-tetue-tibou-kamara-le-sait-bien-ibrahima-diallo\/","og_site_name":"Guin\u00e9e Diversit\u00e9","article_publisher":"https:\/\/www.facebook.com\/guineediversite\/","article_published_time":"2021-05-05T09:16:39+00:00","og_image":[{"width":1000,"height":600,"url":"https:\/\/guineediversite.com\/wp-content\/uploads\/2021\/05\/Ibrahima-Diallo.jpeg","type":"image\/jpeg"}],"author":"Guin\u00e9e Diversit\u00e9","twitter_card":"summary_large_image","twitter_creator":"@GuineeDiversite","twitter_site":"@GuineeDiversite","twitter_misc":{"\u00c9crit par":"Guin\u00e9e Diversit\u00e9","Dur\u00e9e de lecture estim\u00e9e":"2 minutes"},"schema":{"@context":"https:\/\/schema.org","@graph":[{"@type":"Article","@id":"https:\/\/guineediversite.com\/index.php\/2021\/05\/05\/tribune-lhistoire-est-tetue-tibou-kamara-le-sait-bien-ibrahima-diallo\/#article","isPartOf":{"@id":"https:\/\/guineediversite.com\/index.php\/2021\/05\/05\/tribune-lhistoire-est-tetue-tibou-kamara-le-sait-bien-ibrahima-diallo\/"},"author":{"name":"Guin\u00e9e Diversit\u00e9","@id":"https:\/\/guineediversite.com\/#\/schema\/person\/afa08fb34e7fc6e1feafc892612bc836"},"headline":"Tribune: L\u2019histoire est t\u00eatue, Tibou Kamara le sait bien (Ibrahima Diallo)","datePublished":"2021-05-05T09:16:39+00:00","dateModified":"2021-05-05T09:16:39+00:00","mainEntityOfPage":{"@id":"https:\/\/guineediversite.com\/index.php\/2021\/05\/05\/tribune-lhistoire-est-tetue-tibou-kamara-le-sait-bien-ibrahima-diallo\/"},"wordCount":428,"publisher":{"@id":"https:\/\/guineediversite.com\/#organization"},"image":{"@id":"https:\/\/guineediversite.com\/index.php\/2021\/05\/05\/tribune-lhistoire-est-tetue-tibou-kamara-le-sait-bien-ibrahima-diallo\/#primaryimage"},"thumbnailUrl":"https:\/\/guineediversite.com\/wp-content\/uploads\/2021\/05\/Ibrahima-Diallo.jpeg","articleSection":["Derni\u00e8re minute","Politique"],"inLanguage":"fr-FR"},{"@type":"WebPage","@id":"https:\/\/guineediversite.com\/index.php\/2021\/05\/05\/tribune-lhistoire-est-tetue-tibou-kamara-le-sait-bien-ibrahima-diallo\/","url":"https:\/\/guineediversite.com\/index.php\/2021\/05\/05\/tribune-lhistoire-est-tetue-tibou-kamara-le-sait-bien-ibrahima-diallo\/","name":"Tribune: L\u2019histoire est t\u00eatue, Tibou Kamara le sait bien (Ibrahima Diallo) | Guin\u00e9e Diversit\u00e9","isPartOf":{"@id":"https:\/\/guineediversite.com\/#website"},"primaryImageOfPage":{"@id":"https:\/\/guineediversite.com\/index.php\/2021\/05\/05\/tribune-lhistoire-est-tetue-tibou-kamara-le-sait-bien-ibrahima-diallo\/#primaryimage"},"image":{"@id":"https:\/\/guineediversite.com\/index.php\/2021\/05\/05\/tribune-lhistoire-est-tetue-tibou-kamara-le-sait-bien-ibrahima-diallo\/#primaryimage"},"thumbnailUrl":"https:\/\/guineediversite.com\/wp-content\/uploads\/2021\/05\/Ibrahima-Diallo.jpeg","datePublished":"2021-05-05T09:16:39+00:00","dateModified":"2021-05-05T09:16:39+00:00","breadcrumb":{"@id":"https:\/\/guineediversite.com\/index.php\/2021\/05\/05\/tribune-lhistoire-est-tetue-tibou-kamara-le-sait-bien-ibrahima-diallo\/#breadcrumb"},"inLanguage":"fr-FR","potentialAction":[{"@type":"ReadAction","target":["https:\/\/guineediversite.com\/index.php\/2021\/05\/05\/tribune-lhistoire-est-tetue-tibou-kamara-le-sait-bien-ibrahima-diallo\/"]}]},{"@type":"ImageObject","inLanguage":"fr-FR","@id":"https:\/\/guineediversite.com\/index.php\/2021\/05\/05\/tribune-lhistoire-est-tetue-tibou-kamara-le-sait-bien-ibrahima-diallo\/#primaryimage","url":"https:\/\/guineediversite.com\/wp-content\/uploads\/2021\/05\/Ibrahima-Diallo.jpeg","contentUrl":"https:\/\/guineediversite.com\/wp-content\/uploads\/2021\/05\/Ibrahima-Diallo.jpeg","width":1000,"height":600},{"@type":"BreadcrumbList","@id":"https:\/\/guineediversite.com\/index.php\/2021\/05\/05\/tribune-lhistoire-est-tetue-tibou-kamara-le-sait-bien-ibrahima-diallo\/#breadcrumb","itemListElement":[{"@type":"ListItem","position":1,"name":"Accueil","item":"https:\/\/guineediversite.com\/"},{"@type":"ListItem","position":2,"name":"Tribune: L\u2019histoire est t\u00eatue, Tibou Kamara le sait bien (Ibrahima Diallo)"}]},{"@type":"WebSite","@id":"https:\/\/guineediversite.com\/#website","url":"https:\/\/guineediversite.com\/","name":"Guin\u00e9e Diversit\u00e9","description":"L&#039;Info dans toute sa diversit\u00e9","publisher":{"@id":"https:\/\/guineediversite.com\/#organization"},"potentialAction":[{"@type":"SearchAction","target":{"@type":"EntryPoint","urlTemplate":"https:\/\/guineediversite.com\/?s={search_term_string}"},"query-input":{"@type":"PropertyValueSpecification","valueRequired":true,"valueName":"search_term_string"}}],"inLanguage":"fr-FR"},{"@type":"Organization","@id":"https:\/\/guineediversite.com\/#organization","name":"Guin\u00e9e Diversit\u00e9","url":"https:\/\/guineediversite.com\/","logo":{"@type":"ImageObject","inLanguage":"fr-FR","@id":"https:\/\/guineediversite.com\/#\/schema\/logo\/image\/","url":"https:\/\/guineediversite.com\/wp-content\/uploads\/2017\/04\/cropped-1jojlxEOMkX9Wyqfhe43D6kjPOGqBBKmx3EwWJqZ0cMrFF54yM49.png","contentUrl":"https:\/\/guineediversite.com\/wp-content\/uploads\/2017\/04\/cropped-1jojlxEOMkX9Wyqfhe43D6kjPOGqBBKmx3EwWJqZ0cMrFF54yM49.png","width":186,"height":112,"caption":"Guin\u00e9e Diversit\u00e9"},"image":{"@id":"https:\/\/guineediversite.com\/#\/schema\/logo\/image\/"},"sameAs":["https:\/\/www.facebook.com\/guineediversite\/","https:\/\/x.com\/GuineeDiversite","https:\/\/www.youtube.com\/channel\/UC8sUY16qelG5ge6_D5SB83g"]},{"@type":"Person","@id":"https:\/\/guineediversite.com\/#\/schema\/person\/afa08fb34e7fc6e1feafc892612bc836","name":"Guin\u00e9e Diversit\u00e9","image":{"@type":"ImageObject","inLanguage":"fr-FR","@id":"https:\/\/guineediversite.com\/#\/schema\/person\/image\/","url":"https:\/\/secure.gravatar.com\/avatar\/50d5eb5b390f8b65ac30ac6f898eb83a?s=96&d=mm&r=g","contentUrl":"https:\/\/secure.gravatar.com\/avatar\/50d5eb5b390f8b65ac30ac6f898eb83a?s=96&d=mm&r=g","caption":"Guin\u00e9e Diversit\u00e9"},"url":"https:\/\/guineediversite.com\/index.php\/author\/guineediversite\/"}]}},"_links":{"self":[{"href":"https:\/\/guineediversite.com\/index.php\/wp-json\/wp\/v2\/posts\/31370"}],"collection":[{"href":"https:\/\/guineediversite.com\/index.php\/wp-json\/wp\/v2\/posts"}],"about":[{"href":"https:\/\/guineediversite.com\/index.php\/wp-json\/wp\/v2\/types\/post"}],"author":[{"embeddable":true,"href":"https:\/\/guineediversite.com\/index.php\/wp-json\/wp\/v2\/users\/12"}],"replies":[{"embeddable":true,"href":"https:\/\/guineediversite.com\/index.php\/wp-json\/wp\/v2\/comments?post=31370"}],"version-history":[{"count":1,"href":"https:\/\/guineediversite.com\/index.php\/wp-json\/wp\/v2\/posts\/31370\/revisions"}],"predecessor-version":[{"id":31372,"href":"https:\/\/guineediversite.com\/index.php\/wp-json\/wp\/v2\/posts\/31370\/revisions\/31372"}],"wp:featuredmedia":[{"embeddable":true,"href":"https:\/\/guineediversite.com\/index.php\/wp-json\/wp\/v2\/media\/31371"}],"wp:attachment":[{"href":"https:\/\/guineediversite.com\/index.php\/wp-json\/wp\/v2\/media?parent=31370"}],"wp:term":[{"taxonomy":"category","embeddable":true,"href":"https:\/\/guineediversite.com\/index.php\/wp-json\/wp\/v2\/categories?post=31370"},{"taxonomy":"post_tag","embeddable":true,"href":"https:\/\/guineediversite.com\/index.php\/wp-json\/wp\/v2\/tags?post=31370"}],"curies":[{"name":"wp","href":"https:\/\/api.w.org\/{rel}","templated":true}]}}