{"id":31329,"date":"2021-04-27T11:26:10","date_gmt":"2021-04-27T09:26:10","guid":{"rendered":"https:\/\/guineediversite.com\/?p=31329"},"modified":"2021-04-27T11:26:10","modified_gmt":"2021-04-27T09:26:10","slug":"tchad-reaction-mitigee-de-la-classe-politique-a-la-nomination-dalbert-pahimi","status":"publish","type":"post","link":"https:\/\/guineediversite.com\/index.php\/2021\/04\/27\/tchad-reaction-mitigee-de-la-classe-politique-a-la-nomination-dalbert-pahimi\/","title":{"rendered":"Tchad: r\u00e9action mitig\u00e9e de la classe politique \u00e0 la nomination d\u2019Albert Pahimi"},"content":{"rendered":"<p><strong>La transition tchadienne a donc choisi son Premier ministre. Le chef du Conseil militaire de transition, Mahamat Idriss D\u00e9by a nomm\u00e9 Albert Pahimi Padack\u00e9 \u00e0 cette fonction. Un poste qu\u2019il conna\u00eet bien, puisqu\u2019il en a \u00e9t\u00e9 le dernier occupant, de 2016 \u00e0 2018, avant qu\u2019une r\u00e9forme constitutionnelle ne supprime ce poste.<\/strong><\/p>\n<p>Dans les rangs de la majorit\u00e9, on dit \u00ab\u00a0<em>prendre acte<\/em>\u00a0\u00bb du choix du chef du Conseil militaire de transition.\u00a0Si Albert Pahimi Padack\u00e9 n\u2019est pas membre du parti pr\u00e9sidentiel, le MPS, il a \u00e9t\u00e9 un pilier de la majorit\u00e9 et des diff\u00e9rents gouvernements durant les trente derni\u00e8res ann\u00e9es.<\/p>\n<p>Il fallait une personnalit\u00e9 qui connaisse les dossiers et la sc\u00e8ne politique et institutionnelle, estime Jean-Bernard Padar\u00e9, le porte-parole du MPS.<\/p>\n<p>\u00ab\u00a0<em>Cela nous para\u00eet raisonnable et \u00eatre un bon choix dans la mesure o\u00f9 c\u2019est quelqu\u2019un qui conna\u00eet un peu les arcanes de la classe politique tchadienne. Je pense que c\u2019est quelqu\u2019un qui pourra, par rapport \u00e0 son temp\u00e9rament, \u00eatre amen\u00e9 \u00e0 appeler les uns et autres \u00e0 travailler ensemble dans un gouvernement de transition<\/em>\u00a0\u00bb, explique-t-il.<\/p>\n<p>Le profil d\u2019Albert Pahimi Padack\u00e9, qui a pass\u00e9 pr\u00e8s de trente\u00a0ans dans les arcanes du pouvoir avant de devenir un opposant mod\u00e9r\u00e9, pourrait permettre de discuter avec les opposants.\u00a0Saleh Kebzabo, le leader de l\u2019UNDR, a ainsi d\u00e9clar\u00e9 \u00e0 l\u2019AFP qu\u2019il fallait \u00ab\u00a0<em>accompagner<\/em>\u00a0\u00bb M.Pahimi, et il lui a souhait\u00e9 \u00ab\u00a0<em>beaucoup de r\u00e9ussite\u00a0<\/em>\u00bb.<\/p>\n<p>Un avis que ne partage pas Succ\u00e8s Masra, du parti Les Transformateurs. \u00ab\u00a0<em>Le recyclage ne peut pas nous permettre d\u2019aller de l\u2019avant. L\u2019esp\u00e8ce de mutation de l\u2019ancien syst\u00e8me pour continuer ne peut\u00a0pas nous permettre d\u2019aller de l\u2019avant,<\/em>\u00a0analyse-t-il.\u00a0<em>Je crois qu\u2019il faut sortir de la bo\u00eete, \u00eatre capable de se poser les vraies questions sur \u201cpourquoi nous en sommes arriv\u00e9s \u00e0 \u00e7a\u201d et \u201ccomment on sort de cela d\u00e9finitivement\u201d<\/em>\u00a0\u00bb.<\/p>\n<p>La coalition d\u2019opposants et de la soci\u00e9t\u00e9 civile Wakit Tamma, \u00e0 laquelle il appartient, appelle \u00e0 manifester ce mardi 27 avril au matin \u00e0 Ndjamena pour exiger la d\u00e9mission du CMT.<\/p>\n<p>Nous disons que c\u2019est un moment historique et qu\u2019il faut que la voix de la jeunesse soit prise en compte.<\/p>\n<p>Enfin du c\u00f4t\u00e9 de l\u2019URD de F\u00e9lix Nialb\u00e9 Romadoumngar, chef de file officiel de l\u2019opposition \u00e0 l\u2019Assembl\u00e9e dissoute, on doit s\u2019exprimer ce mardi, mais le profil du Premier ministre semble s\u2019accorder avec celui de ce parti.<\/p>\n<p>RFI<\/p>\n<p>&nbsp;<\/p>\n","protected":false},"excerpt":{"rendered":"<p>La transition tchadienne a donc choisi son Premier ministre. Le chef du Conseil militaire de transition, Mahamat Idriss D\u00e9by a nomm\u00e9 Albert Pahimi Padack\u00e9 \u00e0 cette fonction. Un poste qu\u2019il conna\u00eet bien, puisqu\u2019il en a \u00e9t\u00e9 le dernier occupant, de 2016 \u00e0 2018, avant qu\u2019une r\u00e9forme constitutionnelle ne supprime ce poste. Dans les rangs de [&hellip;]<\/p>\n","protected":false},"author":12,"featured_media":31330,"comment_status":"closed","ping_status":"open","sticky":false,"template":"","format":"standard","meta":{"_exactmetrics_skip_tracking":false,"_exactmetrics_sitenote_active":false,"_exactmetrics_sitenote_note":"","_exactmetrics_sitenote_category":0,"tdm_status":"","tdm_grid_status":"","footnotes":""},"categories":[21],"tags":[],"class_list":{"0":"post-31329","1":"post","2":"type-post","3":"status-publish","4":"format-standard","5":"has-post-thumbnail","7":"category-international"},"yoast_head":"<!-- This site is optimized with the Yoast SEO plugin v24.2 - https:\/\/yoast.com\/wordpress\/plugins\/seo\/ -->\n<title>Tchad: r\u00e9action mitig\u00e9e de la classe politique \u00e0 la nomination d\u2019Albert Pahimi | Guin\u00e9e Diversit\u00e9<\/title>\n<meta name=\"robots\" content=\"index, follow, max-snippet:-1, max-image-preview:large, max-video-preview:-1\" \/>\n<link rel=\"canonical\" href=\"https:\/\/guineediversite.com\/index.php\/2021\/04\/27\/tchad-reaction-mitigee-de-la-classe-politique-a-la-nomination-dalbert-pahimi\/\" \/>\n<meta property=\"og:locale\" content=\"fr_FR\" \/>\n<meta property=\"og:type\" content=\"article\" \/>\n<meta property=\"og:title\" content=\"Tchad: r\u00e9action mitig\u00e9e de la classe politique \u00e0 la nomination d\u2019Albert Pahimi | Guin\u00e9e Diversit\u00e9\" \/>\n<meta property=\"og:description\" content=\"La transition tchadienne a donc choisi son Premier ministre. Le chef du Conseil militaire de transition, Mahamat Idriss D\u00e9by a nomm\u00e9 Albert Pahimi Padack\u00e9 \u00e0 cette fonction. Un poste qu\u2019il conna\u00eet bien, puisqu\u2019il en a \u00e9t\u00e9 le dernier occupant, de 2016 \u00e0 2018, avant qu\u2019une r\u00e9forme constitutionnelle ne supprime ce poste. Dans les rangs de [&hellip;]\" \/>\n<meta property=\"og:url\" content=\"https:\/\/guineediversite.com\/index.php\/2021\/04\/27\/tchad-reaction-mitigee-de-la-classe-politique-a-la-nomination-dalbert-pahimi\/\" \/>\n<meta property=\"og:site_name\" content=\"Guin\u00e9e Diversit\u00e9\" \/>\n<meta property=\"article:publisher\" content=\"https:\/\/www.facebook.com\/guineediversite\/\" \/>\n<meta property=\"article:published_time\" content=\"2021-04-27T09:26:10+00:00\" \/>\n<meta property=\"og:image\" content=\"https:\/\/guineediversite.com\/wp-content\/uploads\/2021\/04\/TCHAD-ALBERT-PAHIMI-scaled-1.jpg\" \/>\n\t<meta property=\"og:image:width\" content=\"1000\" \/>\n\t<meta property=\"og:image:height\" content=\"561\" \/>\n\t<meta property=\"og:image:type\" content=\"image\/jpeg\" \/>\n<meta name=\"author\" content=\"Guin\u00e9e Diversit\u00e9\" \/>\n<meta name=\"twitter:card\" content=\"summary_large_image\" \/>\n<meta name=\"twitter:creator\" content=\"@GuineeDiversite\" \/>\n<meta name=\"twitter:site\" content=\"@GuineeDiversite\" \/>\n<meta name=\"twitter:label1\" content=\"\u00c9crit par\" \/>\n\t<meta name=\"twitter:data1\" content=\"Guin\u00e9e Diversit\u00e9\" \/>\n\t<meta name=\"twitter:label2\" content=\"Dur\u00e9e de lecture estim\u00e9e\" \/>\n\t<meta name=\"twitter:data2\" content=\"2 minutes\" \/>\n<script type=\"application\/ld+json\" class=\"yoast-schema-graph\">{\"@context\":\"https:\/\/schema.org\",\"@graph\":[{\"@type\":\"Article\",\"@id\":\"https:\/\/guineediversite.com\/index.php\/2021\/04\/27\/tchad-reaction-mitigee-de-la-classe-politique-a-la-nomination-dalbert-pahimi\/#article\",\"isPartOf\":{\"@id\":\"https:\/\/guineediversite.com\/index.php\/2021\/04\/27\/tchad-reaction-mitigee-de-la-classe-politique-a-la-nomination-dalbert-pahimi\/\"},\"author\":{\"name\":\"Guin\u00e9e Diversit\u00e9\",\"@id\":\"https:\/\/guineediversite.com\/#\/schema\/person\/afa08fb34e7fc6e1feafc892612bc836\"},\"headline\":\"Tchad: r\u00e9action mitig\u00e9e de la classe politique \u00e0 la nomination d\u2019Albert Pahimi\",\"datePublished\":\"2021-04-27T09:26:10+00:00\",\"dateModified\":\"2021-04-27T09:26:10+00:00\",\"mainEntityOfPage\":{\"@id\":\"https:\/\/guineediversite.com\/index.php\/2021\/04\/27\/tchad-reaction-mitigee-de-la-classe-politique-a-la-nomination-dalbert-pahimi\/\"},\"wordCount\":441,\"publisher\":{\"@id\":\"https:\/\/guineediversite.com\/#organization\"},\"image\":{\"@id\":\"https:\/\/guineediversite.com\/index.php\/2021\/04\/27\/tchad-reaction-mitigee-de-la-classe-politique-a-la-nomination-dalbert-pahimi\/#primaryimage\"},\"thumbnailUrl\":\"https:\/\/guineediversite.com\/wp-content\/uploads\/2021\/04\/TCHAD-ALBERT-PAHIMI-scaled-1.jpg\",\"articleSection\":[\"International\"],\"inLanguage\":\"fr-FR\"},{\"@type\":\"WebPage\",\"@id\":\"https:\/\/guineediversite.com\/index.php\/2021\/04\/27\/tchad-reaction-mitigee-de-la-classe-politique-a-la-nomination-dalbert-pahimi\/\",\"url\":\"https:\/\/guineediversite.com\/index.php\/2021\/04\/27\/tchad-reaction-mitigee-de-la-classe-politique-a-la-nomination-dalbert-pahimi\/\",\"name\":\"Tchad: r\u00e9action mitig\u00e9e de la classe politique \u00e0 la nomination d\u2019Albert Pahimi | Guin\u00e9e Diversit\u00e9\",\"isPartOf\":{\"@id\":\"https:\/\/guineediversite.com\/#website\"},\"primaryImageOfPage\":{\"@id\":\"https:\/\/guineediversite.com\/index.php\/2021\/04\/27\/tchad-reaction-mitigee-de-la-classe-politique-a-la-nomination-dalbert-pahimi\/#primaryimage\"},\"image\":{\"@id\":\"https:\/\/guineediversite.com\/index.php\/2021\/04\/27\/tchad-reaction-mitigee-de-la-classe-politique-a-la-nomination-dalbert-pahimi\/#primaryimage\"},\"thumbnailUrl\":\"https:\/\/guineediversite.com\/wp-content\/uploads\/2021\/04\/TCHAD-ALBERT-PAHIMI-scaled-1.jpg\",\"datePublished\":\"2021-04-27T09:26:10+00:00\",\"dateModified\":\"2021-04-27T09:26:10+00:00\",\"breadcrumb\":{\"@id\":\"https:\/\/guineediversite.com\/index.php\/2021\/04\/27\/tchad-reaction-mitigee-de-la-classe-politique-a-la-nomination-dalbert-pahimi\/#breadcrumb\"},\"inLanguage\":\"fr-FR\",\"potentialAction\":[{\"@type\":\"ReadAction\",\"target\":[\"https:\/\/guineediversite.com\/index.php\/2021\/04\/27\/tchad-reaction-mitigee-de-la-classe-politique-a-la-nomination-dalbert-pahimi\/\"]}]},{\"@type\":\"ImageObject\",\"inLanguage\":\"fr-FR\",\"@id\":\"https:\/\/guineediversite.com\/index.php\/2021\/04\/27\/tchad-reaction-mitigee-de-la-classe-politique-a-la-nomination-dalbert-pahimi\/#primaryimage\",\"url\":\"https:\/\/guineediversite.com\/wp-content\/uploads\/2021\/04\/TCHAD-ALBERT-PAHIMI-scaled-1.jpg\",\"contentUrl\":\"https:\/\/guineediversite.com\/wp-content\/uploads\/2021\/04\/TCHAD-ALBERT-PAHIMI-scaled-1.jpg\",\"width\":1000,\"height\":561},{\"@type\":\"BreadcrumbList\",\"@id\":\"https:\/\/guineediversite.com\/index.php\/2021\/04\/27\/tchad-reaction-mitigee-de-la-classe-politique-a-la-nomination-dalbert-pahimi\/#breadcrumb\",\"itemListElement\":[{\"@type\":\"ListItem\",\"position\":1,\"name\":\"Accueil\",\"item\":\"https:\/\/guineediversite.com\/\"},{\"@type\":\"ListItem\",\"position\":2,\"name\":\"Tchad: r\u00e9action mitig\u00e9e de la classe politique \u00e0 la nomination d\u2019Albert Pahimi\"}]},{\"@type\":\"WebSite\",\"@id\":\"https:\/\/guineediversite.com\/#website\",\"url\":\"https:\/\/guineediversite.com\/\",\"name\":\"Guin\u00e9e Diversit\u00e9\",\"description\":\"L&#039;Info dans toute sa diversit\u00e9\",\"publisher\":{\"@id\":\"https:\/\/guineediversite.com\/#organization\"},\"potentialAction\":[{\"@type\":\"SearchAction\",\"target\":{\"@type\":\"EntryPoint\",\"urlTemplate\":\"https:\/\/guineediversite.com\/?s={search_term_string}\"},\"query-input\":{\"@type\":\"PropertyValueSpecification\",\"valueRequired\":true,\"valueName\":\"search_term_string\"}}],\"inLanguage\":\"fr-FR\"},{\"@type\":\"Organization\",\"@id\":\"https:\/\/guineediversite.com\/#organization\",\"name\":\"Guin\u00e9e Diversit\u00e9\",\"url\":\"https:\/\/guineediversite.com\/\",\"logo\":{\"@type\":\"ImageObject\",\"inLanguage\":\"fr-FR\",\"@id\":\"https:\/\/guineediversite.com\/#\/schema\/logo\/image\/\",\"url\":\"https:\/\/guineediversite.com\/wp-content\/uploads\/2017\/04\/cropped-1jojlxEOMkX9Wyqfhe43D6kjPOGqBBKmx3EwWJqZ0cMrFF54yM49.png\",\"contentUrl\":\"https:\/\/guineediversite.com\/wp-content\/uploads\/2017\/04\/cropped-1jojlxEOMkX9Wyqfhe43D6kjPOGqBBKmx3EwWJqZ0cMrFF54yM49.png\",\"width\":186,\"height\":112,\"caption\":\"Guin\u00e9e Diversit\u00e9\"},\"image\":{\"@id\":\"https:\/\/guineediversite.com\/#\/schema\/logo\/image\/\"},\"sameAs\":[\"https:\/\/www.facebook.com\/guineediversite\/\",\"https:\/\/x.com\/GuineeDiversite\",\"https:\/\/www.youtube.com\/channel\/UC8sUY16qelG5ge6_D5SB83g\"]},{\"@type\":\"Person\",\"@id\":\"https:\/\/guineediversite.com\/#\/schema\/person\/afa08fb34e7fc6e1feafc892612bc836\",\"name\":\"Guin\u00e9e Diversit\u00e9\",\"image\":{\"@type\":\"ImageObject\",\"inLanguage\":\"fr-FR\",\"@id\":\"https:\/\/guineediversite.com\/#\/schema\/person\/image\/\",\"url\":\"https:\/\/secure.gravatar.com\/avatar\/50d5eb5b390f8b65ac30ac6f898eb83a?s=96&d=mm&r=g\",\"contentUrl\":\"https:\/\/secure.gravatar.com\/avatar\/50d5eb5b390f8b65ac30ac6f898eb83a?s=96&d=mm&r=g\",\"caption\":\"Guin\u00e9e Diversit\u00e9\"},\"url\":\"https:\/\/guineediversite.com\/index.php\/author\/guineediversite\/\"}]}<\/script>\n<!-- \/ Yoast SEO plugin. -->","yoast_head_json":{"title":"Tchad: r\u00e9action mitig\u00e9e de la classe politique \u00e0 la nomination d\u2019Albert Pahimi | Guin\u00e9e Diversit\u00e9","robots":{"index":"index","follow":"follow","max-snippet":"max-snippet:-1","max-image-preview":"max-image-preview:large","max-video-preview":"max-video-preview:-1"},"canonical":"https:\/\/guineediversite.com\/index.php\/2021\/04\/27\/tchad-reaction-mitigee-de-la-classe-politique-a-la-nomination-dalbert-pahimi\/","og_locale":"fr_FR","og_type":"article","og_title":"Tchad: r\u00e9action mitig\u00e9e de la classe politique \u00e0 la nomination d\u2019Albert Pahimi | Guin\u00e9e Diversit\u00e9","og_description":"La transition tchadienne a donc choisi son Premier ministre. Le chef du Conseil militaire de transition, Mahamat Idriss D\u00e9by a nomm\u00e9 Albert Pahimi Padack\u00e9 \u00e0 cette fonction. Un poste qu\u2019il conna\u00eet bien, puisqu\u2019il en a \u00e9t\u00e9 le dernier occupant, de 2016 \u00e0 2018, avant qu\u2019une r\u00e9forme constitutionnelle ne supprime ce poste. Dans les rangs de [&hellip;]","og_url":"https:\/\/guineediversite.com\/index.php\/2021\/04\/27\/tchad-reaction-mitigee-de-la-classe-politique-a-la-nomination-dalbert-pahimi\/","og_site_name":"Guin\u00e9e Diversit\u00e9","article_publisher":"https:\/\/www.facebook.com\/guineediversite\/","article_published_time":"2021-04-27T09:26:10+00:00","og_image":[{"width":1000,"height":561,"url":"https:\/\/guineediversite.com\/wp-content\/uploads\/2021\/04\/TCHAD-ALBERT-PAHIMI-scaled-1.jpg","type":"image\/jpeg"}],"author":"Guin\u00e9e Diversit\u00e9","twitter_card":"summary_large_image","twitter_creator":"@GuineeDiversite","twitter_site":"@GuineeDiversite","twitter_misc":{"\u00c9crit par":"Guin\u00e9e Diversit\u00e9","Dur\u00e9e de lecture estim\u00e9e":"2 minutes"},"schema":{"@context":"https:\/\/schema.org","@graph":[{"@type":"Article","@id":"https:\/\/guineediversite.com\/index.php\/2021\/04\/27\/tchad-reaction-mitigee-de-la-classe-politique-a-la-nomination-dalbert-pahimi\/#article","isPartOf":{"@id":"https:\/\/guineediversite.com\/index.php\/2021\/04\/27\/tchad-reaction-mitigee-de-la-classe-politique-a-la-nomination-dalbert-pahimi\/"},"author":{"name":"Guin\u00e9e Diversit\u00e9","@id":"https:\/\/guineediversite.com\/#\/schema\/person\/afa08fb34e7fc6e1feafc892612bc836"},"headline":"Tchad: r\u00e9action mitig\u00e9e de la classe politique \u00e0 la nomination d\u2019Albert Pahimi","datePublished":"2021-04-27T09:26:10+00:00","dateModified":"2021-04-27T09:26:10+00:00","mainEntityOfPage":{"@id":"https:\/\/guineediversite.com\/index.php\/2021\/04\/27\/tchad-reaction-mitigee-de-la-classe-politique-a-la-nomination-dalbert-pahimi\/"},"wordCount":441,"publisher":{"@id":"https:\/\/guineediversite.com\/#organization"},"image":{"@id":"https:\/\/guineediversite.com\/index.php\/2021\/04\/27\/tchad-reaction-mitigee-de-la-classe-politique-a-la-nomination-dalbert-pahimi\/#primaryimage"},"thumbnailUrl":"https:\/\/guineediversite.com\/wp-content\/uploads\/2021\/04\/TCHAD-ALBERT-PAHIMI-scaled-1.jpg","articleSection":["International"],"inLanguage":"fr-FR"},{"@type":"WebPage","@id":"https:\/\/guineediversite.com\/index.php\/2021\/04\/27\/tchad-reaction-mitigee-de-la-classe-politique-a-la-nomination-dalbert-pahimi\/","url":"https:\/\/guineediversite.com\/index.php\/2021\/04\/27\/tchad-reaction-mitigee-de-la-classe-politique-a-la-nomination-dalbert-pahimi\/","name":"Tchad: r\u00e9action mitig\u00e9e de la classe politique \u00e0 la nomination d\u2019Albert Pahimi | Guin\u00e9e Diversit\u00e9","isPartOf":{"@id":"https:\/\/guineediversite.com\/#website"},"primaryImageOfPage":{"@id":"https:\/\/guineediversite.com\/index.php\/2021\/04\/27\/tchad-reaction-mitigee-de-la-classe-politique-a-la-nomination-dalbert-pahimi\/#primaryimage"},"image":{"@id":"https:\/\/guineediversite.com\/index.php\/2021\/04\/27\/tchad-reaction-mitigee-de-la-classe-politique-a-la-nomination-dalbert-pahimi\/#primaryimage"},"thumbnailUrl":"https:\/\/guineediversite.com\/wp-content\/uploads\/2021\/04\/TCHAD-ALBERT-PAHIMI-scaled-1.jpg","datePublished":"2021-04-27T09:26:10+00:00","dateModified":"2021-04-27T09:26:10+00:00","breadcrumb":{"@id":"https:\/\/guineediversite.com\/index.php\/2021\/04\/27\/tchad-reaction-mitigee-de-la-classe-politique-a-la-nomination-dalbert-pahimi\/#breadcrumb"},"inLanguage":"fr-FR","potentialAction":[{"@type":"ReadAction","target":["https:\/\/guineediversite.com\/index.php\/2021\/04\/27\/tchad-reaction-mitigee-de-la-classe-politique-a-la-nomination-dalbert-pahimi\/"]}]},{"@type":"ImageObject","inLanguage":"fr-FR","@id":"https:\/\/guineediversite.com\/index.php\/2021\/04\/27\/tchad-reaction-mitigee-de-la-classe-politique-a-la-nomination-dalbert-pahimi\/#primaryimage","url":"https:\/\/guineediversite.com\/wp-content\/uploads\/2021\/04\/TCHAD-ALBERT-PAHIMI-scaled-1.jpg","contentUrl":"https:\/\/guineediversite.com\/wp-content\/uploads\/2021\/04\/TCHAD-ALBERT-PAHIMI-scaled-1.jpg","width":1000,"height":561},{"@type":"BreadcrumbList","@id":"https:\/\/guineediversite.com\/index.php\/2021\/04\/27\/tchad-reaction-mitigee-de-la-classe-politique-a-la-nomination-dalbert-pahimi\/#breadcrumb","itemListElement":[{"@type":"ListItem","position":1,"name":"Accueil","item":"https:\/\/guineediversite.com\/"},{"@type":"ListItem","position":2,"name":"Tchad: r\u00e9action mitig\u00e9e de la classe politique \u00e0 la nomination d\u2019Albert Pahimi"}]},{"@type":"WebSite","@id":"https:\/\/guineediversite.com\/#website","url":"https:\/\/guineediversite.com\/","name":"Guin\u00e9e Diversit\u00e9","description":"L&#039;Info dans toute sa diversit\u00e9","publisher":{"@id":"https:\/\/guineediversite.com\/#organization"},"potentialAction":[{"@type":"SearchAction","target":{"@type":"EntryPoint","urlTemplate":"https:\/\/guineediversite.com\/?s={search_term_string}"},"query-input":{"@type":"PropertyValueSpecification","valueRequired":true,"valueName":"search_term_string"}}],"inLanguage":"fr-FR"},{"@type":"Organization","@id":"https:\/\/guineediversite.com\/#organization","name":"Guin\u00e9e Diversit\u00e9","url":"https:\/\/guineediversite.com\/","logo":{"@type":"ImageObject","inLanguage":"fr-FR","@id":"https:\/\/guineediversite.com\/#\/schema\/logo\/image\/","url":"https:\/\/guineediversite.com\/wp-content\/uploads\/2017\/04\/cropped-1jojlxEOMkX9Wyqfhe43D6kjPOGqBBKmx3EwWJqZ0cMrFF54yM49.png","contentUrl":"https:\/\/guineediversite.com\/wp-content\/uploads\/2017\/04\/cropped-1jojlxEOMkX9Wyqfhe43D6kjPOGqBBKmx3EwWJqZ0cMrFF54yM49.png","width":186,"height":112,"caption":"Guin\u00e9e Diversit\u00e9"},"image":{"@id":"https:\/\/guineediversite.com\/#\/schema\/logo\/image\/"},"sameAs":["https:\/\/www.facebook.com\/guineediversite\/","https:\/\/x.com\/GuineeDiversite","https:\/\/www.youtube.com\/channel\/UC8sUY16qelG5ge6_D5SB83g"]},{"@type":"Person","@id":"https:\/\/guineediversite.com\/#\/schema\/person\/afa08fb34e7fc6e1feafc892612bc836","name":"Guin\u00e9e Diversit\u00e9","image":{"@type":"ImageObject","inLanguage":"fr-FR","@id":"https:\/\/guineediversite.com\/#\/schema\/person\/image\/","url":"https:\/\/secure.gravatar.com\/avatar\/50d5eb5b390f8b65ac30ac6f898eb83a?s=96&d=mm&r=g","contentUrl":"https:\/\/secure.gravatar.com\/avatar\/50d5eb5b390f8b65ac30ac6f898eb83a?s=96&d=mm&r=g","caption":"Guin\u00e9e Diversit\u00e9"},"url":"https:\/\/guineediversite.com\/index.php\/author\/guineediversite\/"}]}},"_links":{"self":[{"href":"https:\/\/guineediversite.com\/index.php\/wp-json\/wp\/v2\/posts\/31329"}],"collection":[{"href":"https:\/\/guineediversite.com\/index.php\/wp-json\/wp\/v2\/posts"}],"about":[{"href":"https:\/\/guineediversite.com\/index.php\/wp-json\/wp\/v2\/types\/post"}],"author":[{"embeddable":true,"href":"https:\/\/guineediversite.com\/index.php\/wp-json\/wp\/v2\/users\/12"}],"replies":[{"embeddable":true,"href":"https:\/\/guineediversite.com\/index.php\/wp-json\/wp\/v2\/comments?post=31329"}],"version-history":[{"count":1,"href":"https:\/\/guineediversite.com\/index.php\/wp-json\/wp\/v2\/posts\/31329\/revisions"}],"predecessor-version":[{"id":31331,"href":"https:\/\/guineediversite.com\/index.php\/wp-json\/wp\/v2\/posts\/31329\/revisions\/31331"}],"wp:featuredmedia":[{"embeddable":true,"href":"https:\/\/guineediversite.com\/index.php\/wp-json\/wp\/v2\/media\/31330"}],"wp:attachment":[{"href":"https:\/\/guineediversite.com\/index.php\/wp-json\/wp\/v2\/media?parent=31329"}],"wp:term":[{"taxonomy":"category","embeddable":true,"href":"https:\/\/guineediversite.com\/index.php\/wp-json\/wp\/v2\/categories?post=31329"},{"taxonomy":"post_tag","embeddable":true,"href":"https:\/\/guineediversite.com\/index.php\/wp-json\/wp\/v2\/tags?post=31329"}],"curies":[{"name":"wp","href":"https:\/\/api.w.org\/{rel}","templated":true}]}}