{"id":31323,"date":"2021-04-23T17:25:17","date_gmt":"2021-04-23T15:25:17","guid":{"rendered":"https:\/\/guineediversite.com\/?p=31323"},"modified":"2021-04-23T17:25:17","modified_gmt":"2021-04-23T15:25:17","slug":"compte-rendu-du-conseil-des-ministres-du-jeudi-22-avril-2021","status":"publish","type":"post","link":"https:\/\/guineediversite.com\/index.php\/2021\/04\/23\/compte-rendu-du-conseil-des-ministres-du-jeudi-22-avril-2021\/","title":{"rendered":"COMPTE RENDU DU CONSEIL DES MINISTRES DU JEUDI, 22 AVRIL 2021"},"content":{"rendered":"<p>Sous la pr\u00e9sidence de son Excellence Monsieur le Pr\u00e9sident de la R\u00e9publique, le Conseil des Ministres a tenu sa session ordinaire ce jeudi, 22 Avril 2021, de 08h \u00e0 10H, par visioconf\u00e9rence, avec l\u2019ordre du Jour suivant :<\/p>\n<ol>\n<li>MESSAGE DE SON EXCELLENCE MONSIEUR LE PRESIDENT DE LA REPUBLIQUE<\/li>\n<li>COMPTE RENDU DE LA SESSION ORDINAIRE DU CONSEIL INTERMINISTERIEL DU MARDI, 20 AVRIL 2021 ET DECISIONS<\/li>\n<\/ol>\n<p>III. QUESTIONS DIVERSES<\/p>\n<p>Au titre du premier point de l\u2019ordre du jour<\/p>\n<p>Le Pr\u00e9sident de la R\u00e9publique\u00a0a rappel\u00e9 les r\u00e8gles qui doivent r\u00e9gir les relations entre les membres du Gouvernement qui se doivent d\u2019observer le respect mutuel, la courtoisie, la bonne collaboration et la solidarit\u00e9 dans leurs contacts r\u00e9ciproques. Il a insist\u00e9 sur la n\u00e9cessit\u00e9 pour chacun, d\u2019\u0153uvrer \u00e0 la promotion de l\u2019esprit d\u2019\u00e9quipe sans lequel le travail gouvernemental ne saurait enregistrer de succ\u00e8s<\/p>\n<p>Le Chef de l\u2019Etat\u00a0a instruit les Ministres en charge des Finances et du Budget de toujours privil\u00e9gier les r\u00e8glements des Fonds de contrepartie aux administrations concern\u00e9es afin d\u2019\u00e9viter le gel ou le retard de d\u00e9caissement des cr\u00e9dits ou dons obtenus dans le cadre des financements ext\u00e9rieurs<\/p>\n<p>Le Chef de l\u2019Etat\u00a0a rappel\u00e9 que les avantages particuliers figurant dans les conventions conclues par l\u2019Etat et ratifi\u00e9es par l\u2019Assembl\u00e9e Nationale ne peuvent \u00eatre affect\u00e9es par les dispositions du Code de l\u2019Eau et d\u2019autres Codes en vigueur, le Gouvernement devant veiller \u00e0 cr\u00e9dibiliser l\u2019Etat par le respect de ses engagements l\u00e9gitim\u00e9s par le Parlement<\/p>\n<p>Le Pr\u00e9sident de la R\u00e9publique\u00a0a donn\u00e9 au Ministre en charge des sports des directives interdisant aux autorit\u00e9s guin\u00e9ennes toute ing\u00e9rence dans le processus de d\u00e9signation des membres de la F\u00e9d\u00e9ration Guin\u00e9enne de football (FGF), dans le respect de l\u2019ind\u00e9pendance de cette institution. Il a cependant appel\u00e9 les membres de la F\u00e9d\u00e9ration au sens de responsabilit\u00e9 et au respect scrupuleux de ses statuts et des r\u00e8gles \u00e9dict\u00e9es par la CAF et la FIFA auxquelles la FGF demeure affili\u00e9e.<\/p>\n<p>Le Chef de l\u2019Etat\u00a0a instruit les autorit\u00e9s sanitaires et les services de s\u00e9curit\u00e9 \u00e0 ne pas baisser la garde dans la lutte contre la pand\u00e9mie \u00e0 la Covid-19 et l\u2019\u00e9pid\u00e9mie \u00e0 virus Ebola. Il a invit\u00e9 les d\u00e9partements concern\u00e9s \u00e0 intensifier les campagnes de sensibilisation, de d\u00e9pistage et de vaccination, notamment dans les \u00e9tablissements scolaires et universitaires. Il a donn\u00e9 au Ministre en charge de la S\u00e9curit\u00e9 des directives pour l\u2019application rigoureuse des mesures barri\u00e8res \u00e9dict\u00e9es et le respect strict des interdictions d\u2019ouverture de certains lieux de r\u00e9jouissance.<\/p>\n<p>Le Pr\u00e9sident de la R\u00e9publique\u00a0a invit\u00e9 les membres du Conseil \u00e0 tenir syst\u00e9matiquement tenir compte du contexte pand\u00e9mique qui pr\u00e9vaut lors de la programmation d\u2019\u00e9v\u00e8nements\u00a0\u00a0ou de c\u00e9r\u00e9monies officiels. Une collaboration \u00e9troite avec l\u2019ANSS est imp\u00e9rative et tout regroupement pr\u00e9sentant des risques potentiels de contamination doit \u00eatre annul\u00e9 ou report\u00e9, sans h\u00e9sitation<\/p>\n<p>Au deuxi\u00e8me point de l\u2019ordre du jour, Monsieur le Premier Ministre a fait le compte rendu de la session ordinaire du Conseil Interminist\u00e9riel du 20 Avril 2021.<\/p>\n<p>A ce titre,<\/p>\n<p>Le Conseil a entendu successivement<\/p>\n<p>1-\u00a0\u00a0\u00a0Monsieur le Premier Ministre qui a annonc\u00e9 aux membres du Conseil les deux points d\u2019informations suivants\u00a0:<\/p>\n<p>&#8211;\u00a0\u00a0\u00a0\u00a0\u00a0\u00a0\u00a0\u00a0a) La fin des arbitrages des lettres de missions des membres du Gouvernement. Au terme de la validation des documents par le Chef de l\u2019Etat, le Ministre de la fonction publique se chargera de la r\u00e9vision des d\u00e9crets portant attributions et organisation des D\u00e9partements conform\u00e9ment \u00e0 ces versions d\u00e9finitives, pour \u00e9viter tout chevauchement dans le futur.<\/p>\n<p>&#8211;\u00a0\u00a0\u00a0\u00a0\u00a0\u00a0\u00a0\u00a0b) Les conclusions de sa concertation avec le Ministre d\u2019Etat, Aboubacar Sylla, qui apr\u00e8s trois ann\u00e9es d\u2019exercice du porte-parolat du Gouvernement, convient avec lui que cette t\u00e2che soit exerc\u00e9e par un autre Ministre, la charge de coordination du secteur \u00e9ducatif en termes de r\u00e9formes hardies venant de lui \u00eatre confi\u00e9e par Monsieur le Pr\u00e9sident de la R\u00e9publique et le Premier Ministre. Ainsi, apr\u00e8s consultation du chef de l\u2019Etat, une d\u00e9signation d\u2019un nouveau porte-parole interviendra dans les meilleurs d\u00e9lais.<\/p>\n<p>2-\u00a0\u00a0\u00a0Le Ministre des Affaires Etrang\u00e8res et des Guin\u00e9ens de l\u2019Etranger\u00a0qui a soumis\u00a0deux\u00a0projets de D\u00e9crets portant :<\/p>\n<p>\u00d8\u00a0cr\u00e9ation, attributions et organisation du Haut Conseil des Guin\u00e9ens de l\u2019Etranger\u00a0;<\/p>\n<p>\u00d8\u00a0cr\u00e9ation, attributions, organisation et fonctionnement\u00a0\u00a0de la Commission Nationale de la Francophonie.<\/p>\n<p>3-\u00a0\u00a0\u00a0Le Ministre des Hydrocarbures\u00a0qui a soumis au Conseil\u00a0un\u00a0projet de D\u00e9cret portant cadre r\u00e9glementaire des op\u00e9rations de soutage en R\u00e9publique de Guin\u00e9e.<\/p>\n<p>4-\u00a0\u00a0\u00a0Le Ministre de l\u2019Hydraulique et de l\u2019Assainissement\u00a0qui a pr\u00e9sent\u00e9 une\u00a0Communication relative \u00e0 la probl\u00e9matique de la mobilisation des redevances d\u2019utilisation des ressources en eau.<\/p>\n<p>5-\u00a0\u00a0\u00a0La Ministre de la Culture et du Patrimoine Historique\u00a0qui a fait une\u00a0Communication relative \u00e0 l\u2019organisation des \u00ab72 heures du livre 2021 \u00bb.<\/p>\n<p>6-\u00a0\u00a0\u00a0Le Ministre de la Sant\u00e9\u00a0qui a fait le\u00a0Compte rendu relatif \u00e0\u00a0l\u2019\u00e9volution de la riposte\u00a0\u00e0 la pand\u00e9mie de la Covid-19 et de l\u2019\u00e9pid\u00e9mie d\u2019Ebola\u00a0en R\u00e9publique de Guin\u00e9e.<\/p>\n<p>Dans ce cadre,<\/p>\n<p>Le Ministre des Affaires Etrang\u00e8res et des Guin\u00e9ens de l\u2019Etranger\u00a0a soumis pour examen deux projets de D\u00e9crets portant cr\u00e9ation, attributions et organisation du Haut Conseil des Guin\u00e9ens de l\u2019Etranger et de la Commission Nationale de la Francophonie.<\/p>\n<p>\u00d8\u00a0S\u2019agissant du Haut Conseil des Guin\u00e9ens de l\u2019Etranger (HCGE), il a rappel\u00e9 que depuis plus de 10 ans, le D\u00e9partement en charge des Guin\u00e9ens de l\u2019Etranger a entrepris diverses initiatives visant \u00e0 organiser la diaspora guin\u00e9enne en vue de mieux d\u00e9fendre ses droits et ses int\u00e9r\u00eats mais aussi faciliter et soutenir sa pleine participation au d\u00e9veloppement national.<\/p>\n<p>C\u2019est dans ce cadre que des structures de base d\u00e9nomm\u00e9es \u00ab\u00a0Conseils des Guin\u00e9ens de l\u2019Etranger\u00a0\u00bb (CGE) ont \u00e9t\u00e9 mises en place dans tous les pays o\u00f9 la Guin\u00e9e dispose d\u2019une Mission diplomatique (une quarantaine au total). L\u2019\u00e9tablissement de ces Conseils avait conduit \u00e0 l\u2019organisation en janvier 2018, du premier forum de la Diaspora guin\u00e9enne \u00e0 Conakry, sous l\u2019\u00e9gide du Gouvernement.<\/p>\n<p>La derni\u00e8re phase de ce processus d\u2019int\u00e9gration consiste \u00e0 mettre en place la structure faiti\u00e8re charg\u00e9e de f\u00e9d\u00e9rer tous les Conseils Guin\u00e9ens de l\u2019Etranger et servir d\u2019organe repr\u00e9sentatif\u00a0des Guin\u00e9ens de l\u2019\u00e9tranger.\u00a0D\u2019o\u00f9 l\u2019objet du projet de D\u00e9cret soumis, qui comporte 13 articles repartis en 4 chapitres.<\/p>\n<p>Ainsi, le Haut Conseil des Guin\u00e9ens de l\u2019Etranger est plac\u00e9 sous l\u2019autorit\u00e9 du Minist\u00e8re en charge des Guin\u00e9ens de l\u2019Etranger. Il a le statut d\u2019organe consultatif, est apolitique, \u00e0 but non lucratif, la\u00efc et non discriminatoire.<\/p>\n<p>Les attributions du HCGE sont entre autres\u00a0:<\/p>\n<p>&#8211;\u00a0\u00a0\u00a0\u00a0\u00a0\u00a0donner son avis et formuler des recommandations dans le cadre de l&rsquo;\u00e9laboration et la mise en application de la politique gouvernementale en mati\u00e8re de gestion, de promotion et de protection des Guin\u00e9ens de l&rsquo;\u00e9tranger\u00a0;<\/p>\n<p>&#8211;\u00a0\u00a0\u00a0\u00a0\u00a0\u00a0promouvoir l&rsquo;unit\u00e9 et la solidarit\u00e9 entre les Guin\u00e9ens de l\u2019\u00e9tranger sans distinction\u00a0;<\/p>\n<p>&#8211;\u00a0\u00a0\u00a0\u00a0\u00a0\u00a0contribuer \u00e0 une meilleure prise en charge des pr\u00e9occupations des Guin\u00e9ens vivant \u00e0 l&rsquo;\u00e9tranger\u00a0;<\/p>\n<p>&#8211;\u00a0\u00a0\u00a0\u00a0\u00a0\u00a0stimuler leur contribution au d\u00e9veloppement socio-\u00e9conomique et culturel de la Guin\u00e9e.<\/p>\n<p>Le Ministre a par ailleurs d\u00e9fini les instances du HCGE et leur composition<\/p>\n<p>\u00d8\u00a0En ce qui concerne la Commission Nationale de la Francophonie, le Ministre a indiqu\u00e9 que suite \u00e0 l\u2019\u00e9largissement des actions de l\u2019OIF sur le champ Politique, de\u00a0D\u00e9veloppement durable, de l\u2019Economie\u00a0et les\u00a0Technologies num\u00e9riques, les Etats membres ont mis en place des dispositifs au niveau national pour b\u00e9n\u00e9ficier des opportunit\u00e9s offertes par les programmes de coop\u00e9ration et les investissements.<\/p>\n<p>C\u2019est ainsi qu\u2019ont \u00e9t\u00e9 cr\u00e9\u00e9es des Agences nationales et des Commissions nationales de la Francophonie dans plusieurs pays d\u2019Afrique.<\/p>\n<p>Il a indiqu\u00e9 que la Guin\u00e9e qui a adh\u00e9r\u00e9 \u00e0 cette Organisation depuis quatre d\u00e9cennies, n\u2019avait jusque-l\u00e0 pas mis en place un tel dispositif. C\u2019est pour corriger cette insuffisance que le D\u00e9cret 249 portant Attributions et Organisation du Minist\u00e8re des Affaires Etrang\u00e8res et des Guin\u00e9ens de l\u2019Etranger a pr\u00e9vu la \u00ab\u00a0Commission Nationale de la Francophonie\u00a0\u00bb (CNF) comme organe consultatif, au m\u00eame titre que le Haut Conseil des Guin\u00e9ens de l\u2019Etranger.<\/p>\n<p>Le Ministre a expliqu\u00e9 que le projet de D\u00e9cret soumis \u00e0 l\u2019approbation du Conseil porte sur la mise en place de cette structure dont les attributions, sont entre autres\u00a0:<\/p>\n<p>&#8211;\u00a0\u00a0\u00a0\u00a0\u00a0\u00a0organiser la participation de la Guin\u00e9e \u00e0 toutes les instances de l\u2019OIF\u00a0(Sommets des Chefs d\u2019Etat, Conf\u00e9rences des Ministres, Ev\u00e8nements th\u00e9matiques)\u00a0;<\/p>\n<p>&#8211;\u00a0\u00a0\u00a0\u00a0\u00a0\u00a0proposer et donner son avis sur les programmes et activit\u00e9s relatifs \u00e0 l\u2019OIF\u00a0;<\/p>\n<p>&#8211;\u00a0\u00a0\u00a0\u00a0\u00a0\u00a0coordonner au niveau national les activit\u00e9s relevant de l\u2019OIF, y compris la Journ\u00e9e annuelle de la Francophonie\u00a0;<\/p>\n<p>&#8211;\u00a0\u00a0\u00a0\u00a0\u00a0\u00a0participer \u00e0 la promotion des investissements francophones en Guin\u00e9e en facilitant les \u00e9changes entre les organismes d\u2019investissement de l\u2019OIF et les promoteurs de projets nationaux.<\/p>\n<p>Au terme des d\u00e9bats,\u00a0le conseil a soutenu le Ministre pour ces deux initiatives et adopt\u00e9 les deux projets de D\u00e9crets.<\/p>\n<p>Le Ministre des Hydrocarbures\u00a0a soumis pour\u00a0examen le projet de D\u00e9cret portant cadre r\u00e9glementaire des op\u00e9rations de soutage en R\u00e9publique de Guin\u00e9e.<\/p>\n<p>Le Ministre a expliqu\u00e9 que le soutage consiste en une op\u00e9ration d\u2019avitaillement d\u2019un navire ou d\u2019une installation offshore (en mer) en produits p\u00e9troliers et d\u00e9riv\u00e9s dans les zones maritimes sous souverainet\u00e9 ou juridiction de la R\u00e9publique de Guin\u00e9e.<\/p>\n<p>Il a indiqu\u00e9 que l\u2019objectif vis\u00e9 par ce d\u00e9cret est de normaliser les op\u00e9rations de soutage dans les eaux guin\u00e9ennes avec pour double effet d\u2019arriver \u00e0 lutter efficacement contre les pratiques ill\u00e9gales d\u2019avitaillement, et de pouvoir faire b\u00e9n\u00e9ficier le budget de l\u2019Etat des recettes li\u00e9es \u00e0 cette activit\u00e9.<\/p>\n<p>Le soutage se fera par un Partenaire technique principal qui sera l\u2019importateur et le distributeur exclusif des produits cibl\u00e9s par le soutage, et par des avitailleurs locaux.<\/p>\n<p>Au terme des d\u00e9bats,\u00a0le conseil a encourag\u00e9 le Ministre \u00e0 poursuivre les efforts d\u2019am\u00e9lioration du cadre r\u00e9glementaire des activit\u00e9s du D\u00e9partement des Hydrocarbures et proc\u00e9d\u00e9 \u00e0 l\u2019adoption du projet de D\u00e9cret soumis.<\/p>\n<p>&nbsp;<\/p>\n<p>Le\u00a0Ministre de l\u2019Hydraulique et de l\u2019Assainissement\u00a0a fait une communication relative \u00e0 la probl\u00e9matique de la mobilisation des redevances d\u2019utilisation des ressources en eau.<\/p>\n<p>Il a inform\u00e9 le conseil des difficult\u00e9s rencontr\u00e9es par la Direction du Fonds de l\u2019Hydraulique, dans sa mission de recouvrement de la redevance d\u2019utilisation des ressources en eau aupr\u00e8s des usagers professionnels d\u2019eau\u00a0dont l\u2019utilisation est industrielle, mini\u00e8re ou commerciale.<\/p>\n<p>En d\u00e9pit des dispositifs qui traduisent une r\u00e9elle volont\u00e9 politique de mobiliser les ressources financi\u00e8res internes pour contribuer \u00e0 la gestion int\u00e9gr\u00e9e des ressources en eau, la capacit\u00e9 de mobilisation \u00e0 grande \u00e9chelle par le Fonds de l\u2019Hydraulique reste entrav\u00e9e par le probl\u00e8me d\u2019exon\u00e9ration\u00a0de gros usagers.<\/p>\n<p>Le motif invoqu\u00e9 pour le non-paiement des redevances d\u2019eau par ces gros usagers soumis au r\u00e9gime de concession, est l\u2019exon\u00e9ration qui leur a \u00e9t\u00e9 accord\u00e9e par l\u2019Etat Guin\u00e9en dans leurs conventions respectives.<\/p>\n<p>Cet \u00e9tat de fait accentu\u00e9 par le caract\u00e8re social du secteur, prive la Direction G\u00e9n\u00e9rale du Fonds de l\u2019Hydraulique de sa principale ressource financi\u00e8re interne qui devrait \u00eatre destin\u00e9e au financement d\u2019actions visant \u00e0\u00a0favoriser le d\u00e9veloppement des ressources en eau et la mise en \u0153uvre de la politique nationale de l\u2019eau.<\/p>\n<p>Pour faire face \u00e0 cette probl\u00e9matique, le Ministre a propos\u00e9 la mise en place d\u2019une commission de r\u00e9flexion et de n\u00e9gociation avec les usagers professionnels d\u2019eau.<\/p>\n<p>Cette commission aura pour mission d\u2019amener les usagers professionnels d\u2019eau exon\u00e9r\u00e9s \u00e0 se conformer aux dispositions des Chapitres II et III du Code de l\u2019eau, et \u00e0 s\u2019acquitter des redevances dues par l\u2019application de l\u2019Arr\u00eat\u00e9 conjoint N\u00b02017\/1756\/MEH\/MEEF\/SGG en date du 07 Mai 2017 au titre de l\u2019utilisation de l\u2019eau dans leurs op\u00e9rations commerciales, industrielles, mini\u00e8res et de production d\u2019\u00e9nergie hydro\u00e9lectrique.<\/p>\n<p>Elle sera compos\u00e9e des Minist\u00e8res en charge de l\u2019Hydraulique, de l\u2019Energie, des Mines, des Finances, du Budget et de l\u2019Industrie.<\/p>\n<p>Au terme de l\u2019expos\u00e9,\u00a0le conseil a donn\u00e9 son soutien au Ministre et l\u2019a encourag\u00e9 \u00e0 travailler \u00e0 la mise en place d\u2019une commission qui se limitera \u00e0 \u00e9valuer la situation et \u00e0 faire des recommandations aux Ministres concern\u00e9s pour prise de d\u00e9cision.<\/p>\n<p>La\u00a0Ministre de la Culture et du Patrimoine Historique\u00a0a fait une communication relative \u00e0 l\u2019organisation de la\u00a013\u00e8me\u00a0\u00e9dition des 72Heures du Livre, pr\u00e9vue \u00e0 Conakry les 23, 24 et 25 Avril 2021.<\/p>\n<p>Elle a inform\u00e9 que sous l\u2019\u00e9gide de son D\u00e9partement, les 72h du livre 2021 sont coupl\u00e9es \u00e0 la c\u00e9l\u00e9bration de la journ\u00e9e mondiale du livre et du droit d\u2019auteur. Elles sont port\u00e9es par la maison d\u2019\u00e9dition l\u2019Harmattan-Guin\u00e9e et l\u2019Association Guin\u00e9e-Culture avec le soutien de l\u2019Ambassade de France, de l\u2019Ambassade d\u2019Espagne, des Nations Unies et bien d\u2019autres partenaires priv\u00e9s.<\/p>\n<p>La Ministre a indiqu\u00e9 que les 72 h du livre impliquent de nombreux repr\u00e9sentants d\u2019institutions internationales, du corps diplomatique et consulaire accr\u00e9dit\u00e9s en Guin\u00e9e, de nombreux professionnels du livre des pays fr\u00e8res africains et d\u2019autres r\u00e9gions du monde.<\/p>\n<p>En guise de rappel, c\u2019est autour des 72h du livre que la Guin\u00e9e a organis\u00e9 avec succ\u00e8s l\u2019autre grand \u00e9v\u00e8nement international \u00ab Conakry, Capitale Mondiale du livre 2017 \u00bb.<\/p>\n<p>Etant donn\u00e9 que les 72h du livre sont devenues un \u00e9v\u00e8nement national majeur dont l\u2019organisation engage n\u00e9cessairement l\u2019Etat, la Ministre a sollicit\u00e9 du Gouvernement un accompagnement financier par le r\u00e9tablissement de l\u2019allocation d\u2019une subvention.<\/p>\n<p>Pour cette \u00e9dition 2021, en compl\u00e9ment du soutien des partenaires, l\u2019apport de l\u2019Etat pour la prise en charge de certaines rubriques de l\u2019organisation, est sollicit\u00e9.<\/p>\n<p>Par ailleurs, la Ministre a inform\u00e9 de la volont\u00e9 du Minist\u00e8re de la Culture de faire des 72h du livre et d\u2019autres activit\u00e9s phares similaires, le point de d\u00e9part d\u2019une grande ambition de promotion durable de l\u2019industrie du livre en Guin\u00e9e, en vue de faire de Conakry, la capitale africaine du livre.<\/p>\n<p>Au terme de l\u2019expos\u00e9,\u00a0le conseil a invit\u00e9 la Ministre \u00e0 assurer une collaboration \u00e9troite entre ses services et l\u2019ANSS en vue de garantir un d\u00e9roulement de l\u2019\u00e9v\u00e8nement dans les conditions strictes de s\u00e9curit\u00e9 sanitaire<\/p>\n<p>Le Ministre de la Sant\u00e9\u00a0a fait le compte rendu relatif \u00e0\u00a0l\u2019\u00e9volution de la riposte\u00a0\u00e0 la pand\u00e9mie de la Covid-19 et de l\u2019\u00e9pid\u00e9mie d\u2019Ebola\u00a0en R\u00e9publique de Guin\u00e9e<\/p>\n<p>AU TITRE DES QUESTIONS DIVERSES<\/p>\n<p>Le Conseil\u00a0a pr\u00e9sent\u00e9 \u00e0 Monsieur le Pr\u00e9sident de la R\u00e9publique ses condol\u00e9ances \u00e9mues suite au d\u00e9c\u00e8s de Monsieur Idriss D\u00e9by Itno, Pr\u00e9sident de la R\u00e9publique du Tchad, d\u00e9c\u00e9d\u00e9 au front, dans des conditions tragiques. Il a d\u00e9plor\u00e9 la perte de cette figure majeure de sc\u00e8ne politique africaine et rappel\u00e9 le r\u00f4le important jou\u00e9 par ce dirigeant dans la lutte contre l\u2019expansion de l\u2019int\u00e9grisme et du terrorisme sur le continent<\/p>\n<p>Le Ministre de l\u2019Economie et des Finances\u00a0a inform\u00e9 le conseil du d\u00e9marrage de la mission virtuelle du FMI en Guin\u00e9e, dans le cadre de la consultation au titre de l\u2019article 4 des statuts du Fonds. La mission a d\u00e9marr\u00e9 le 14 avril et se poursuivra jusqu\u2019au 28 avril 2021.<\/p>\n<p>Le Ministre d\u2019Etat des Sports\u00a0a inform\u00e9 le conseil sur les conditions d\u2019organisation par la F\u00e9d\u00e9ration Guin\u00e9enne de Football de son congr\u00e8s \u00e9lectif pour le renouvellement de son instance dirigeante (Comit\u00e9 Ex\u00e9cutif)<\/p>\n<p>Le Ministre Secr\u00e9taire General des Affaires Religieuses,\u00a0a inform\u00e9 le conseil de l\u2019organisation du concours national de r\u00e9citation et d\u2019interpr\u00e9tation du Saint Coran du 24 Avril au 1er\u00a0Mai 2021, sous le haut patronage de Son Excellence Monsieur le Pr\u00e9sident de la R\u00e9publique.<\/p>\n<p>Avant de lever la s\u00e9ance, Monsieur le Pr\u00e9sident de la R\u00e9publique a donn\u00e9 au Conseil de larges informations sur la situation nationale, africaine et internationale.<\/p>\n<p>Le conseil des Ministres<\/p>\n<p>Transmis par la Cellule de Communication du Gouvernement<\/p>\n","protected":false},"excerpt":{"rendered":"<p>Sous la pr\u00e9sidence de son Excellence Monsieur le Pr\u00e9sident de la R\u00e9publique, le Conseil des Ministres a tenu sa session ordinaire ce jeudi, 22 Avril 2021, de 08h \u00e0 10H, par visioconf\u00e9rence, avec l\u2019ordre du Jour suivant : MESSAGE DE SON EXCELLENCE MONSIEUR LE PRESIDENT DE LA REPUBLIQUE COMPTE RENDU DE LA SESSION ORDINAIRE DU [&hellip;]<\/p>\n","protected":false},"author":12,"featured_media":31324,"comment_status":"closed","ping_status":"open","sticky":false,"template":"","format":"standard","meta":{"_exactmetrics_skip_tracking":false,"_exactmetrics_sitenote_active":false,"_exactmetrics_sitenote_note":"","_exactmetrics_sitenote_category":0,"tdm_status":"","tdm_grid_status":"","footnotes":""},"categories":[254,14],"tags":[],"class_list":{"0":"post-31323","1":"post","2":"type-post","3":"status-publish","4":"format-standard","5":"has-post-thumbnail","7":"category-derniere-minute","8":"category-politique"},"yoast_head":"<!-- This site is optimized with the Yoast SEO plugin v24.2 - https:\/\/yoast.com\/wordpress\/plugins\/seo\/ -->\n<title>COMPTE RENDU DU CONSEIL DES MINISTRES DU JEUDI, 22 AVRIL 2021 | Guin\u00e9e Diversit\u00e9<\/title>\n<meta name=\"robots\" content=\"index, follow, max-snippet:-1, max-image-preview:large, max-video-preview:-1\" \/>\n<link rel=\"canonical\" href=\"https:\/\/guineediversite.com\/index.php\/2021\/04\/23\/compte-rendu-du-conseil-des-ministres-du-jeudi-22-avril-2021\/\" \/>\n<meta property=\"og:locale\" content=\"fr_FR\" \/>\n<meta property=\"og:type\" content=\"article\" \/>\n<meta property=\"og:title\" content=\"COMPTE RENDU DU CONSEIL DES MINISTRES DU JEUDI, 22 AVRIL 2021 | Guin\u00e9e Diversit\u00e9\" \/>\n<meta property=\"og:description\" content=\"Sous la pr\u00e9sidence de son Excellence Monsieur le Pr\u00e9sident de la R\u00e9publique, le Conseil des Ministres a tenu sa session ordinaire ce jeudi, 22 Avril 2021, de 08h \u00e0 10H, par visioconf\u00e9rence, avec l\u2019ordre du Jour suivant : MESSAGE DE SON EXCELLENCE MONSIEUR LE PRESIDENT DE LA REPUBLIQUE COMPTE RENDU DE LA SESSION ORDINAIRE DU [&hellip;]\" \/>\n<meta property=\"og:url\" content=\"https:\/\/guineediversite.com\/index.php\/2021\/04\/23\/compte-rendu-du-conseil-des-ministres-du-jeudi-22-avril-2021\/\" \/>\n<meta property=\"og:site_name\" content=\"Guin\u00e9e Diversit\u00e9\" \/>\n<meta property=\"article:publisher\" content=\"https:\/\/www.facebook.com\/guineediversite\/\" \/>\n<meta property=\"article:published_time\" content=\"2021-04-23T15:25:17+00:00\" \/>\n<meta property=\"og:image\" content=\"https:\/\/guineediversite.com\/wp-content\/uploads\/2021\/04\/WhatsApp-Image-2021-04-23-at-15.22.38.jpeg\" \/>\n\t<meta property=\"og:image:width\" content=\"1000\" \/>\n\t<meta property=\"og:image:height\" content=\"667\" \/>\n\t<meta property=\"og:image:type\" content=\"image\/jpeg\" \/>\n<meta name=\"author\" content=\"Guin\u00e9e Diversit\u00e9\" \/>\n<meta name=\"twitter:card\" content=\"summary_large_image\" \/>\n<meta name=\"twitter:creator\" content=\"@GuineeDiversite\" \/>\n<meta name=\"twitter:site\" content=\"@GuineeDiversite\" \/>\n<meta name=\"twitter:label1\" content=\"\u00c9crit par\" \/>\n\t<meta name=\"twitter:data1\" content=\"Guin\u00e9e Diversit\u00e9\" \/>\n\t<meta name=\"twitter:label2\" content=\"Dur\u00e9e de lecture estim\u00e9e\" \/>\n\t<meta name=\"twitter:data2\" content=\"14 minutes\" \/>\n<script type=\"application\/ld+json\" class=\"yoast-schema-graph\">{\"@context\":\"https:\/\/schema.org\",\"@graph\":[{\"@type\":\"Article\",\"@id\":\"https:\/\/guineediversite.com\/index.php\/2021\/04\/23\/compte-rendu-du-conseil-des-ministres-du-jeudi-22-avril-2021\/#article\",\"isPartOf\":{\"@id\":\"https:\/\/guineediversite.com\/index.php\/2021\/04\/23\/compte-rendu-du-conseil-des-ministres-du-jeudi-22-avril-2021\/\"},\"author\":{\"name\":\"Guin\u00e9e Diversit\u00e9\",\"@id\":\"https:\/\/guineediversite.com\/#\/schema\/person\/afa08fb34e7fc6e1feafc892612bc836\"},\"headline\":\"COMPTE RENDU DU CONSEIL DES MINISTRES DU JEUDI, 22 AVRIL 2021\",\"datePublished\":\"2021-04-23T15:25:17+00:00\",\"dateModified\":\"2021-04-23T15:25:17+00:00\",\"mainEntityOfPage\":{\"@id\":\"https:\/\/guineediversite.com\/index.php\/2021\/04\/23\/compte-rendu-du-conseil-des-ministres-du-jeudi-22-avril-2021\/\"},\"wordCount\":2885,\"publisher\":{\"@id\":\"https:\/\/guineediversite.com\/#organization\"},\"image\":{\"@id\":\"https:\/\/guineediversite.com\/index.php\/2021\/04\/23\/compte-rendu-du-conseil-des-ministres-du-jeudi-22-avril-2021\/#primaryimage\"},\"thumbnailUrl\":\"https:\/\/guineediversite.com\/wp-content\/uploads\/2021\/04\/WhatsApp-Image-2021-04-23-at-15.22.38.jpeg\",\"articleSection\":[\"Derni\u00e8re minute\",\"Politique\"],\"inLanguage\":\"fr-FR\"},{\"@type\":\"WebPage\",\"@id\":\"https:\/\/guineediversite.com\/index.php\/2021\/04\/23\/compte-rendu-du-conseil-des-ministres-du-jeudi-22-avril-2021\/\",\"url\":\"https:\/\/guineediversite.com\/index.php\/2021\/04\/23\/compte-rendu-du-conseil-des-ministres-du-jeudi-22-avril-2021\/\",\"name\":\"COMPTE RENDU DU CONSEIL DES MINISTRES DU JEUDI, 22 AVRIL 2021 | Guin\u00e9e Diversit\u00e9\",\"isPartOf\":{\"@id\":\"https:\/\/guineediversite.com\/#website\"},\"primaryImageOfPage\":{\"@id\":\"https:\/\/guineediversite.com\/index.php\/2021\/04\/23\/compte-rendu-du-conseil-des-ministres-du-jeudi-22-avril-2021\/#primaryimage\"},\"image\":{\"@id\":\"https:\/\/guineediversite.com\/index.php\/2021\/04\/23\/compte-rendu-du-conseil-des-ministres-du-jeudi-22-avril-2021\/#primaryimage\"},\"thumbnailUrl\":\"https:\/\/guineediversite.com\/wp-content\/uploads\/2021\/04\/WhatsApp-Image-2021-04-23-at-15.22.38.jpeg\",\"datePublished\":\"2021-04-23T15:25:17+00:00\",\"dateModified\":\"2021-04-23T15:25:17+00:00\",\"breadcrumb\":{\"@id\":\"https:\/\/guineediversite.com\/index.php\/2021\/04\/23\/compte-rendu-du-conseil-des-ministres-du-jeudi-22-avril-2021\/#breadcrumb\"},\"inLanguage\":\"fr-FR\",\"potentialAction\":[{\"@type\":\"ReadAction\",\"target\":[\"https:\/\/guineediversite.com\/index.php\/2021\/04\/23\/compte-rendu-du-conseil-des-ministres-du-jeudi-22-avril-2021\/\"]}]},{\"@type\":\"ImageObject\",\"inLanguage\":\"fr-FR\",\"@id\":\"https:\/\/guineediversite.com\/index.php\/2021\/04\/23\/compte-rendu-du-conseil-des-ministres-du-jeudi-22-avril-2021\/#primaryimage\",\"url\":\"https:\/\/guineediversite.com\/wp-content\/uploads\/2021\/04\/WhatsApp-Image-2021-04-23-at-15.22.38.jpeg\",\"contentUrl\":\"https:\/\/guineediversite.com\/wp-content\/uploads\/2021\/04\/WhatsApp-Image-2021-04-23-at-15.22.38.jpeg\",\"width\":1000,\"height\":667},{\"@type\":\"BreadcrumbList\",\"@id\":\"https:\/\/guineediversite.com\/index.php\/2021\/04\/23\/compte-rendu-du-conseil-des-ministres-du-jeudi-22-avril-2021\/#breadcrumb\",\"itemListElement\":[{\"@type\":\"ListItem\",\"position\":1,\"name\":\"Accueil\",\"item\":\"https:\/\/guineediversite.com\/\"},{\"@type\":\"ListItem\",\"position\":2,\"name\":\"COMPTE RENDU DU CONSEIL DES MINISTRES DU JEUDI, 22 AVRIL 2021\"}]},{\"@type\":\"WebSite\",\"@id\":\"https:\/\/guineediversite.com\/#website\",\"url\":\"https:\/\/guineediversite.com\/\",\"name\":\"Guin\u00e9e Diversit\u00e9\",\"description\":\"L&#039;Info dans toute sa diversit\u00e9\",\"publisher\":{\"@id\":\"https:\/\/guineediversite.com\/#organization\"},\"potentialAction\":[{\"@type\":\"SearchAction\",\"target\":{\"@type\":\"EntryPoint\",\"urlTemplate\":\"https:\/\/guineediversite.com\/?s={search_term_string}\"},\"query-input\":{\"@type\":\"PropertyValueSpecification\",\"valueRequired\":true,\"valueName\":\"search_term_string\"}}],\"inLanguage\":\"fr-FR\"},{\"@type\":\"Organization\",\"@id\":\"https:\/\/guineediversite.com\/#organization\",\"name\":\"Guin\u00e9e Diversit\u00e9\",\"url\":\"https:\/\/guineediversite.com\/\",\"logo\":{\"@type\":\"ImageObject\",\"inLanguage\":\"fr-FR\",\"@id\":\"https:\/\/guineediversite.com\/#\/schema\/logo\/image\/\",\"url\":\"https:\/\/guineediversite.com\/wp-content\/uploads\/2017\/04\/cropped-1jojlxEOMkX9Wyqfhe43D6kjPOGqBBKmx3EwWJqZ0cMrFF54yM49.png\",\"contentUrl\":\"https:\/\/guineediversite.com\/wp-content\/uploads\/2017\/04\/cropped-1jojlxEOMkX9Wyqfhe43D6kjPOGqBBKmx3EwWJqZ0cMrFF54yM49.png\",\"width\":186,\"height\":112,\"caption\":\"Guin\u00e9e Diversit\u00e9\"},\"image\":{\"@id\":\"https:\/\/guineediversite.com\/#\/schema\/logo\/image\/\"},\"sameAs\":[\"https:\/\/www.facebook.com\/guineediversite\/\",\"https:\/\/x.com\/GuineeDiversite\",\"https:\/\/www.youtube.com\/channel\/UC8sUY16qelG5ge6_D5SB83g\"]},{\"@type\":\"Person\",\"@id\":\"https:\/\/guineediversite.com\/#\/schema\/person\/afa08fb34e7fc6e1feafc892612bc836\",\"name\":\"Guin\u00e9e Diversit\u00e9\",\"image\":{\"@type\":\"ImageObject\",\"inLanguage\":\"fr-FR\",\"@id\":\"https:\/\/guineediversite.com\/#\/schema\/person\/image\/\",\"url\":\"https:\/\/secure.gravatar.com\/avatar\/50d5eb5b390f8b65ac30ac6f898eb83a?s=96&d=mm&r=g\",\"contentUrl\":\"https:\/\/secure.gravatar.com\/avatar\/50d5eb5b390f8b65ac30ac6f898eb83a?s=96&d=mm&r=g\",\"caption\":\"Guin\u00e9e Diversit\u00e9\"},\"url\":\"https:\/\/guineediversite.com\/index.php\/author\/guineediversite\/\"}]}<\/script>\n<!-- \/ Yoast SEO plugin. -->","yoast_head_json":{"title":"COMPTE RENDU DU CONSEIL DES MINISTRES DU JEUDI, 22 AVRIL 2021 | Guin\u00e9e Diversit\u00e9","robots":{"index":"index","follow":"follow","max-snippet":"max-snippet:-1","max-image-preview":"max-image-preview:large","max-video-preview":"max-video-preview:-1"},"canonical":"https:\/\/guineediversite.com\/index.php\/2021\/04\/23\/compte-rendu-du-conseil-des-ministres-du-jeudi-22-avril-2021\/","og_locale":"fr_FR","og_type":"article","og_title":"COMPTE RENDU DU CONSEIL DES MINISTRES DU JEUDI, 22 AVRIL 2021 | Guin\u00e9e Diversit\u00e9","og_description":"Sous la pr\u00e9sidence de son Excellence Monsieur le Pr\u00e9sident de la R\u00e9publique, le Conseil des Ministres a tenu sa session ordinaire ce jeudi, 22 Avril 2021, de 08h \u00e0 10H, par visioconf\u00e9rence, avec l\u2019ordre du Jour suivant : MESSAGE DE SON EXCELLENCE MONSIEUR LE PRESIDENT DE LA REPUBLIQUE COMPTE RENDU DE LA SESSION ORDINAIRE DU [&hellip;]","og_url":"https:\/\/guineediversite.com\/index.php\/2021\/04\/23\/compte-rendu-du-conseil-des-ministres-du-jeudi-22-avril-2021\/","og_site_name":"Guin\u00e9e Diversit\u00e9","article_publisher":"https:\/\/www.facebook.com\/guineediversite\/","article_published_time":"2021-04-23T15:25:17+00:00","og_image":[{"width":1000,"height":667,"url":"https:\/\/guineediversite.com\/wp-content\/uploads\/2021\/04\/WhatsApp-Image-2021-04-23-at-15.22.38.jpeg","type":"image\/jpeg"}],"author":"Guin\u00e9e Diversit\u00e9","twitter_card":"summary_large_image","twitter_creator":"@GuineeDiversite","twitter_site":"@GuineeDiversite","twitter_misc":{"\u00c9crit par":"Guin\u00e9e Diversit\u00e9","Dur\u00e9e de lecture estim\u00e9e":"14 minutes"},"schema":{"@context":"https:\/\/schema.org","@graph":[{"@type":"Article","@id":"https:\/\/guineediversite.com\/index.php\/2021\/04\/23\/compte-rendu-du-conseil-des-ministres-du-jeudi-22-avril-2021\/#article","isPartOf":{"@id":"https:\/\/guineediversite.com\/index.php\/2021\/04\/23\/compte-rendu-du-conseil-des-ministres-du-jeudi-22-avril-2021\/"},"author":{"name":"Guin\u00e9e Diversit\u00e9","@id":"https:\/\/guineediversite.com\/#\/schema\/person\/afa08fb34e7fc6e1feafc892612bc836"},"headline":"COMPTE RENDU DU CONSEIL DES MINISTRES DU JEUDI, 22 AVRIL 2021","datePublished":"2021-04-23T15:25:17+00:00","dateModified":"2021-04-23T15:25:17+00:00","mainEntityOfPage":{"@id":"https:\/\/guineediversite.com\/index.php\/2021\/04\/23\/compte-rendu-du-conseil-des-ministres-du-jeudi-22-avril-2021\/"},"wordCount":2885,"publisher":{"@id":"https:\/\/guineediversite.com\/#organization"},"image":{"@id":"https:\/\/guineediversite.com\/index.php\/2021\/04\/23\/compte-rendu-du-conseil-des-ministres-du-jeudi-22-avril-2021\/#primaryimage"},"thumbnailUrl":"https:\/\/guineediversite.com\/wp-content\/uploads\/2021\/04\/WhatsApp-Image-2021-04-23-at-15.22.38.jpeg","articleSection":["Derni\u00e8re minute","Politique"],"inLanguage":"fr-FR"},{"@type":"WebPage","@id":"https:\/\/guineediversite.com\/index.php\/2021\/04\/23\/compte-rendu-du-conseil-des-ministres-du-jeudi-22-avril-2021\/","url":"https:\/\/guineediversite.com\/index.php\/2021\/04\/23\/compte-rendu-du-conseil-des-ministres-du-jeudi-22-avril-2021\/","name":"COMPTE RENDU DU CONSEIL DES MINISTRES DU JEUDI, 22 AVRIL 2021 | Guin\u00e9e Diversit\u00e9","isPartOf":{"@id":"https:\/\/guineediversite.com\/#website"},"primaryImageOfPage":{"@id":"https:\/\/guineediversite.com\/index.php\/2021\/04\/23\/compte-rendu-du-conseil-des-ministres-du-jeudi-22-avril-2021\/#primaryimage"},"image":{"@id":"https:\/\/guineediversite.com\/index.php\/2021\/04\/23\/compte-rendu-du-conseil-des-ministres-du-jeudi-22-avril-2021\/#primaryimage"},"thumbnailUrl":"https:\/\/guineediversite.com\/wp-content\/uploads\/2021\/04\/WhatsApp-Image-2021-04-23-at-15.22.38.jpeg","datePublished":"2021-04-23T15:25:17+00:00","dateModified":"2021-04-23T15:25:17+00:00","breadcrumb":{"@id":"https:\/\/guineediversite.com\/index.php\/2021\/04\/23\/compte-rendu-du-conseil-des-ministres-du-jeudi-22-avril-2021\/#breadcrumb"},"inLanguage":"fr-FR","potentialAction":[{"@type":"ReadAction","target":["https:\/\/guineediversite.com\/index.php\/2021\/04\/23\/compte-rendu-du-conseil-des-ministres-du-jeudi-22-avril-2021\/"]}]},{"@type":"ImageObject","inLanguage":"fr-FR","@id":"https:\/\/guineediversite.com\/index.php\/2021\/04\/23\/compte-rendu-du-conseil-des-ministres-du-jeudi-22-avril-2021\/#primaryimage","url":"https:\/\/guineediversite.com\/wp-content\/uploads\/2021\/04\/WhatsApp-Image-2021-04-23-at-15.22.38.jpeg","contentUrl":"https:\/\/guineediversite.com\/wp-content\/uploads\/2021\/04\/WhatsApp-Image-2021-04-23-at-15.22.38.jpeg","width":1000,"height":667},{"@type":"BreadcrumbList","@id":"https:\/\/guineediversite.com\/index.php\/2021\/04\/23\/compte-rendu-du-conseil-des-ministres-du-jeudi-22-avril-2021\/#breadcrumb","itemListElement":[{"@type":"ListItem","position":1,"name":"Accueil","item":"https:\/\/guineediversite.com\/"},{"@type":"ListItem","position":2,"name":"COMPTE RENDU DU CONSEIL DES MINISTRES DU JEUDI, 22 AVRIL 2021"}]},{"@type":"WebSite","@id":"https:\/\/guineediversite.com\/#website","url":"https:\/\/guineediversite.com\/","name":"Guin\u00e9e Diversit\u00e9","description":"L&#039;Info dans toute sa diversit\u00e9","publisher":{"@id":"https:\/\/guineediversite.com\/#organization"},"potentialAction":[{"@type":"SearchAction","target":{"@type":"EntryPoint","urlTemplate":"https:\/\/guineediversite.com\/?s={search_term_string}"},"query-input":{"@type":"PropertyValueSpecification","valueRequired":true,"valueName":"search_term_string"}}],"inLanguage":"fr-FR"},{"@type":"Organization","@id":"https:\/\/guineediversite.com\/#organization","name":"Guin\u00e9e Diversit\u00e9","url":"https:\/\/guineediversite.com\/","logo":{"@type":"ImageObject","inLanguage":"fr-FR","@id":"https:\/\/guineediversite.com\/#\/schema\/logo\/image\/","url":"https:\/\/guineediversite.com\/wp-content\/uploads\/2017\/04\/cropped-1jojlxEOMkX9Wyqfhe43D6kjPOGqBBKmx3EwWJqZ0cMrFF54yM49.png","contentUrl":"https:\/\/guineediversite.com\/wp-content\/uploads\/2017\/04\/cropped-1jojlxEOMkX9Wyqfhe43D6kjPOGqBBKmx3EwWJqZ0cMrFF54yM49.png","width":186,"height":112,"caption":"Guin\u00e9e Diversit\u00e9"},"image":{"@id":"https:\/\/guineediversite.com\/#\/schema\/logo\/image\/"},"sameAs":["https:\/\/www.facebook.com\/guineediversite\/","https:\/\/x.com\/GuineeDiversite","https:\/\/www.youtube.com\/channel\/UC8sUY16qelG5ge6_D5SB83g"]},{"@type":"Person","@id":"https:\/\/guineediversite.com\/#\/schema\/person\/afa08fb34e7fc6e1feafc892612bc836","name":"Guin\u00e9e Diversit\u00e9","image":{"@type":"ImageObject","inLanguage":"fr-FR","@id":"https:\/\/guineediversite.com\/#\/schema\/person\/image\/","url":"https:\/\/secure.gravatar.com\/avatar\/50d5eb5b390f8b65ac30ac6f898eb83a?s=96&d=mm&r=g","contentUrl":"https:\/\/secure.gravatar.com\/avatar\/50d5eb5b390f8b65ac30ac6f898eb83a?s=96&d=mm&r=g","caption":"Guin\u00e9e Diversit\u00e9"},"url":"https:\/\/guineediversite.com\/index.php\/author\/guineediversite\/"}]}},"_links":{"self":[{"href":"https:\/\/guineediversite.com\/index.php\/wp-json\/wp\/v2\/posts\/31323"}],"collection":[{"href":"https:\/\/guineediversite.com\/index.php\/wp-json\/wp\/v2\/posts"}],"about":[{"href":"https:\/\/guineediversite.com\/index.php\/wp-json\/wp\/v2\/types\/post"}],"author":[{"embeddable":true,"href":"https:\/\/guineediversite.com\/index.php\/wp-json\/wp\/v2\/users\/12"}],"replies":[{"embeddable":true,"href":"https:\/\/guineediversite.com\/index.php\/wp-json\/wp\/v2\/comments?post=31323"}],"version-history":[{"count":1,"href":"https:\/\/guineediversite.com\/index.php\/wp-json\/wp\/v2\/posts\/31323\/revisions"}],"predecessor-version":[{"id":31325,"href":"https:\/\/guineediversite.com\/index.php\/wp-json\/wp\/v2\/posts\/31323\/revisions\/31325"}],"wp:featuredmedia":[{"embeddable":true,"href":"https:\/\/guineediversite.com\/index.php\/wp-json\/wp\/v2\/media\/31324"}],"wp:attachment":[{"href":"https:\/\/guineediversite.com\/index.php\/wp-json\/wp\/v2\/media?parent=31323"}],"wp:term":[{"taxonomy":"category","embeddable":true,"href":"https:\/\/guineediversite.com\/index.php\/wp-json\/wp\/v2\/categories?post=31323"},{"taxonomy":"post_tag","embeddable":true,"href":"https:\/\/guineediversite.com\/index.php\/wp-json\/wp\/v2\/tags?post=31323"}],"curies":[{"name":"wp","href":"https:\/\/api.w.org\/{rel}","templated":true}]}}