{"id":31318,"date":"2021-04-22T15:01:09","date_gmt":"2021-04-22T13:01:09","guid":{"rendered":"https:\/\/guineediversite.com\/?p=31318"},"modified":"2021-04-22T15:01:09","modified_gmt":"2021-04-22T13:01:09","slug":"fermeture-des-cimetieres-de-kaporo-cellou-dallein-diallo-sexprime","status":"publish","type":"post","link":"https:\/\/guineediversite.com\/index.php\/2021\/04\/22\/fermeture-des-cimetieres-de-kaporo-cellou-dallein-diallo-sexprime\/","title":{"rendered":"Fermeture des cimeti\u00e8res de Kaporo : Cellou Dallein Diallo s\u2019exprime"},"content":{"rendered":"<p style=\"background: white; margin: 0cm 0cm 15.0pt 0cm;\"><span style=\"font-size: 13.0pt; font-family: 'Arial','sans-serif'; color: #333333;\">Le leader du parti de l\u2019Union des Forces D\u00e9mocratiques de Guin\u00e9e (l\u2019UFDG) s\u2019est prononc\u00e9 ce jeudi 22 avril, sur la d\u00e9cision prise par le ministre de la ville et de l\u2019am\u00e9nagement du territoire, par rapport \u00e0 la fermeture des cimeti\u00e8res de Kaporo. Il l\u2019a fait savoir sur les ondes de nos confr\u00e8res de FIM Fm. Cellou Dalein Diallo, a affirm\u00e9 que cette d\u00e9cision est une d\u00e9ception. <\/span><\/p>\n<p style=\"background: white; margin: 0cm 0cm 15.0pt 0cm;\"><span style=\"font-size: 13.0pt; font-family: 'Arial','sans-serif'; color: #333333;\">\u00ab\u00a0<em style=\"box-sizing: border-box;\"><span style=\"font-family: 'Arial','sans-serif';\">Nous sommes d\u00e9\u00e7us par une telle d\u00e9cision, les cimeti\u00e8res font l\u2019objet de beaucoup de respect. Mais lorsqu\u2019on sait aussi qu\u2019\u00e0 Bamb\u00e9to il y\u2019a un carr\u00e9 r\u00e9serv\u00e9 aux victimes d\u2019Alpha Cond\u00e9, est ce que ce n\u2019est pas une tentative de faire dispara\u00eetre les preuves? Parce qu\u2019aujourd\u2019hui il est en train de solliciter les Nations Unies pour l\u2019aider \u00e0 authentifier les \u2026 ensevelis dans les fausses communes cr\u00e9\u00e9es au temps du PDG. Mais n\u2019est-il pas en train de faire dispara\u00eetre les preuves? En tout cas, nous c\u2019est le sentiment qu\u2019on a eu \u00e0 ce qui concerne ce cimeti\u00e8re de Bamb\u00e9to\u00a0<\/span><\/em>\u00bb, a-t-il affirm\u00e9.<\/span><\/p>\n<p style=\"background: white; margin: 0cm 0cm 15.0pt 0cm;\"><span style=\"font-size: 13.0pt; font-family: 'Arial','sans-serif'; color: #333333;\">Et poursuivre\u00a0:<\/span><\/p>\n<p style=\"background: white; box-sizing: border-box; font-variant-ligatures: normal; font-variant-caps: normal; orphans: 2; text-align: start; widows: 2; -webkit-text-stroke-width: 0px; text-decoration-thickness: initial; text-decoration-style: initial; text-decoration-color: initial; word-spacing: 0px; margin: 0cm 0cm 15.0pt 0cm;\"><span style=\"font-size: 13.0pt; font-family: 'Arial','sans-serif'; color: #333333;\">\u00ab\u00a0<em style=\"box-sizing: border-box;\"><span style=\"font-family: 'Arial','sans-serif';\">Dans toute soci\u00e9t\u00e9, on a les cimeti\u00e8res (\u2026) je ne vois pas pourquoi sauf si monsieur Alpha Cond\u00e9 veut faire dispara\u00eetre les preuves, parce que quand- m\u00eame il y\u2019a pr\u00e8s de plus de 200 personnes jeunes abattues pendant les manifestations qui sont ensevelis l\u00e0. Si maintenant telle est son intention naturellement \u00e7a signifie que c\u2019est une entreprise qu\u2019il faut d\u00e9noncer et je pense d\u00e9j\u00e0 que la CPI a \u00e9t\u00e9 saisie par rapport \u00e0 cette vell\u00e9it\u00e9 de faire dispara\u00eetre une preuve d\u2019une violation flagrante des droits humains<\/span><\/em>\u00a0\u00bb. <\/span><\/p>\n","protected":false},"excerpt":{"rendered":"<p>Le leader du parti de l\u2019Union des Forces D\u00e9mocratiques de Guin\u00e9e (l\u2019UFDG) s\u2019est prononc\u00e9 ce jeudi 22 avril, sur la d\u00e9cision prise par le ministre de la ville et de l\u2019am\u00e9nagement du territoire, par rapport \u00e0 la fermeture des cimeti\u00e8res de Kaporo. Il l\u2019a fait savoir sur les ondes de nos confr\u00e8res de FIM Fm. [&hellip;]<\/p>\n","protected":false},"author":10,"featured_media":31319,"comment_status":"closed","ping_status":"open","sticky":false,"template":"","format":"standard","meta":{"_exactmetrics_skip_tracking":false,"_exactmetrics_sitenote_active":false,"_exactmetrics_sitenote_note":"","_exactmetrics_sitenote_category":0,"tdm_status":"","tdm_grid_status":"","footnotes":""},"categories":[14],"tags":[],"class_list":{"0":"post-31318","1":"post","2":"type-post","3":"status-publish","4":"format-standard","5":"has-post-thumbnail","7":"category-politique"},"yoast_head":"<!-- This site is optimized with the Yoast SEO plugin v24.2 - https:\/\/yoast.com\/wordpress\/plugins\/seo\/ -->\n<title>Fermeture des cimeti\u00e8res de Kaporo : Cellou Dallein Diallo s\u2019exprime | Guin\u00e9e Diversit\u00e9<\/title>\n<meta name=\"robots\" content=\"index, follow, max-snippet:-1, max-image-preview:large, max-video-preview:-1\" \/>\n<link rel=\"canonical\" href=\"https:\/\/guineediversite.com\/index.php\/2021\/04\/22\/fermeture-des-cimetieres-de-kaporo-cellou-dallein-diallo-sexprime\/\" \/>\n<meta property=\"og:locale\" content=\"fr_FR\" \/>\n<meta property=\"og:type\" content=\"article\" \/>\n<meta property=\"og:title\" content=\"Fermeture des cimeti\u00e8res de Kaporo : Cellou Dallein Diallo s\u2019exprime | Guin\u00e9e Diversit\u00e9\" \/>\n<meta property=\"og:description\" content=\"Le leader du parti de l\u2019Union des Forces D\u00e9mocratiques de Guin\u00e9e (l\u2019UFDG) s\u2019est prononc\u00e9 ce jeudi 22 avril, sur la d\u00e9cision prise par le ministre de la ville et de l\u2019am\u00e9nagement du territoire, par rapport \u00e0 la fermeture des cimeti\u00e8res de Kaporo. Il l\u2019a fait savoir sur les ondes de nos confr\u00e8res de FIM Fm. [&hellip;]\" \/>\n<meta property=\"og:url\" content=\"https:\/\/guineediversite.com\/index.php\/2021\/04\/22\/fermeture-des-cimetieres-de-kaporo-cellou-dallein-diallo-sexprime\/\" \/>\n<meta property=\"og:site_name\" content=\"Guin\u00e9e Diversit\u00e9\" \/>\n<meta property=\"article:publisher\" content=\"https:\/\/www.facebook.com\/guineediversite\/\" \/>\n<meta property=\"article:published_time\" content=\"2021-04-22T13:01:09+00:00\" \/>\n<meta property=\"og:image\" content=\"https:\/\/guineediversite.com\/wp-content\/uploads\/2021\/04\/CELLOU-BALDE-UFDG-1-1.jpg\" \/>\n\t<meta property=\"og:image:width\" content=\"1000\" \/>\n\t<meta property=\"og:image:height\" content=\"804\" \/>\n\t<meta property=\"og:image:type\" content=\"image\/jpeg\" \/>\n<meta name=\"author\" content=\"Morcire Camara\" \/>\n<meta name=\"twitter:card\" content=\"summary_large_image\" \/>\n<meta name=\"twitter:creator\" content=\"@GuineeDiversite\" \/>\n<meta name=\"twitter:site\" content=\"@GuineeDiversite\" \/>\n<meta name=\"twitter:label1\" content=\"\u00c9crit par\" \/>\n\t<meta name=\"twitter:data1\" content=\"Morcire Camara\" \/>\n\t<meta name=\"twitter:label2\" content=\"Dur\u00e9e de lecture estim\u00e9e\" \/>\n\t<meta name=\"twitter:data2\" content=\"1 minute\" \/>\n<script type=\"application\/ld+json\" class=\"yoast-schema-graph\">{\"@context\":\"https:\/\/schema.org\",\"@graph\":[{\"@type\":\"Article\",\"@id\":\"https:\/\/guineediversite.com\/index.php\/2021\/04\/22\/fermeture-des-cimetieres-de-kaporo-cellou-dallein-diallo-sexprime\/#article\",\"isPartOf\":{\"@id\":\"https:\/\/guineediversite.com\/index.php\/2021\/04\/22\/fermeture-des-cimetieres-de-kaporo-cellou-dallein-diallo-sexprime\/\"},\"author\":{\"name\":\"Morcire Camara\",\"@id\":\"https:\/\/guineediversite.com\/#\/schema\/person\/fa362494c47202ce4b3adf55abcc9d01\"},\"headline\":\"Fermeture des cimeti\u00e8res de Kaporo : Cellou Dallein Diallo s\u2019exprime\",\"datePublished\":\"2021-04-22T13:01:09+00:00\",\"dateModified\":\"2021-04-22T13:01:09+00:00\",\"mainEntityOfPage\":{\"@id\":\"https:\/\/guineediversite.com\/index.php\/2021\/04\/22\/fermeture-des-cimetieres-de-kaporo-cellou-dallein-diallo-sexprime\/\"},\"wordCount\":304,\"publisher\":{\"@id\":\"https:\/\/guineediversite.com\/#organization\"},\"image\":{\"@id\":\"https:\/\/guineediversite.com\/index.php\/2021\/04\/22\/fermeture-des-cimetieres-de-kaporo-cellou-dallein-diallo-sexprime\/#primaryimage\"},\"thumbnailUrl\":\"https:\/\/guineediversite.com\/wp-content\/uploads\/2021\/04\/CELLOU-BALDE-UFDG-1-1.jpg\",\"articleSection\":[\"Politique\"],\"inLanguage\":\"fr-FR\"},{\"@type\":\"WebPage\",\"@id\":\"https:\/\/guineediversite.com\/index.php\/2021\/04\/22\/fermeture-des-cimetieres-de-kaporo-cellou-dallein-diallo-sexprime\/\",\"url\":\"https:\/\/guineediversite.com\/index.php\/2021\/04\/22\/fermeture-des-cimetieres-de-kaporo-cellou-dallein-diallo-sexprime\/\",\"name\":\"Fermeture des cimeti\u00e8res de Kaporo : Cellou Dallein Diallo s\u2019exprime | Guin\u00e9e Diversit\u00e9\",\"isPartOf\":{\"@id\":\"https:\/\/guineediversite.com\/#website\"},\"primaryImageOfPage\":{\"@id\":\"https:\/\/guineediversite.com\/index.php\/2021\/04\/22\/fermeture-des-cimetieres-de-kaporo-cellou-dallein-diallo-sexprime\/#primaryimage\"},\"image\":{\"@id\":\"https:\/\/guineediversite.com\/index.php\/2021\/04\/22\/fermeture-des-cimetieres-de-kaporo-cellou-dallein-diallo-sexprime\/#primaryimage\"},\"thumbnailUrl\":\"https:\/\/guineediversite.com\/wp-content\/uploads\/2021\/04\/CELLOU-BALDE-UFDG-1-1.jpg\",\"datePublished\":\"2021-04-22T13:01:09+00:00\",\"dateModified\":\"2021-04-22T13:01:09+00:00\",\"breadcrumb\":{\"@id\":\"https:\/\/guineediversite.com\/index.php\/2021\/04\/22\/fermeture-des-cimetieres-de-kaporo-cellou-dallein-diallo-sexprime\/#breadcrumb\"},\"inLanguage\":\"fr-FR\",\"potentialAction\":[{\"@type\":\"ReadAction\",\"target\":[\"https:\/\/guineediversite.com\/index.php\/2021\/04\/22\/fermeture-des-cimetieres-de-kaporo-cellou-dallein-diallo-sexprime\/\"]}]},{\"@type\":\"ImageObject\",\"inLanguage\":\"fr-FR\",\"@id\":\"https:\/\/guineediversite.com\/index.php\/2021\/04\/22\/fermeture-des-cimetieres-de-kaporo-cellou-dallein-diallo-sexprime\/#primaryimage\",\"url\":\"https:\/\/guineediversite.com\/wp-content\/uploads\/2021\/04\/CELLOU-BALDE-UFDG-1-1.jpg\",\"contentUrl\":\"https:\/\/guineediversite.com\/wp-content\/uploads\/2021\/04\/CELLOU-BALDE-UFDG-1-1.jpg\",\"width\":1000,\"height\":804},{\"@type\":\"BreadcrumbList\",\"@id\":\"https:\/\/guineediversite.com\/index.php\/2021\/04\/22\/fermeture-des-cimetieres-de-kaporo-cellou-dallein-diallo-sexprime\/#breadcrumb\",\"itemListElement\":[{\"@type\":\"ListItem\",\"position\":1,\"name\":\"Accueil\",\"item\":\"https:\/\/guineediversite.com\/\"},{\"@type\":\"ListItem\",\"position\":2,\"name\":\"Fermeture des cimeti\u00e8res de Kaporo : Cellou Dallein Diallo s\u2019exprime\"}]},{\"@type\":\"WebSite\",\"@id\":\"https:\/\/guineediversite.com\/#website\",\"url\":\"https:\/\/guineediversite.com\/\",\"name\":\"Guin\u00e9e Diversit\u00e9\",\"description\":\"L&#039;Info dans toute sa diversit\u00e9\",\"publisher\":{\"@id\":\"https:\/\/guineediversite.com\/#organization\"},\"potentialAction\":[{\"@type\":\"SearchAction\",\"target\":{\"@type\":\"EntryPoint\",\"urlTemplate\":\"https:\/\/guineediversite.com\/?s={search_term_string}\"},\"query-input\":{\"@type\":\"PropertyValueSpecification\",\"valueRequired\":true,\"valueName\":\"search_term_string\"}}],\"inLanguage\":\"fr-FR\"},{\"@type\":\"Organization\",\"@id\":\"https:\/\/guineediversite.com\/#organization\",\"name\":\"Guin\u00e9e Diversit\u00e9\",\"url\":\"https:\/\/guineediversite.com\/\",\"logo\":{\"@type\":\"ImageObject\",\"inLanguage\":\"fr-FR\",\"@id\":\"https:\/\/guineediversite.com\/#\/schema\/logo\/image\/\",\"url\":\"https:\/\/guineediversite.com\/wp-content\/uploads\/2017\/04\/cropped-1jojlxEOMkX9Wyqfhe43D6kjPOGqBBKmx3EwWJqZ0cMrFF54yM49.png\",\"contentUrl\":\"https:\/\/guineediversite.com\/wp-content\/uploads\/2017\/04\/cropped-1jojlxEOMkX9Wyqfhe43D6kjPOGqBBKmx3EwWJqZ0cMrFF54yM49.png\",\"width\":186,\"height\":112,\"caption\":\"Guin\u00e9e Diversit\u00e9\"},\"image\":{\"@id\":\"https:\/\/guineediversite.com\/#\/schema\/logo\/image\/\"},\"sameAs\":[\"https:\/\/www.facebook.com\/guineediversite\/\",\"https:\/\/x.com\/GuineeDiversite\",\"https:\/\/www.youtube.com\/channel\/UC8sUY16qelG5ge6_D5SB83g\"]},{\"@type\":\"Person\",\"@id\":\"https:\/\/guineediversite.com\/#\/schema\/person\/fa362494c47202ce4b3adf55abcc9d01\",\"name\":\"Morcire Camara\",\"image\":{\"@type\":\"ImageObject\",\"inLanguage\":\"fr-FR\",\"@id\":\"https:\/\/guineediversite.com\/#\/schema\/person\/image\/\",\"url\":\"https:\/\/secure.gravatar.com\/avatar\/3ec324f02295bbcebe03d99b39330ab4?s=96&d=mm&r=g\",\"contentUrl\":\"https:\/\/secure.gravatar.com\/avatar\/3ec324f02295bbcebe03d99b39330ab4?s=96&d=mm&r=g\",\"caption\":\"Morcire Camara\"},\"url\":\"https:\/\/guineediversite.com\/index.php\/author\/morcire\/\"}]}<\/script>\n<!-- \/ Yoast SEO plugin. -->","yoast_head_json":{"title":"Fermeture des cimeti\u00e8res de Kaporo : Cellou Dallein Diallo s\u2019exprime | Guin\u00e9e Diversit\u00e9","robots":{"index":"index","follow":"follow","max-snippet":"max-snippet:-1","max-image-preview":"max-image-preview:large","max-video-preview":"max-video-preview:-1"},"canonical":"https:\/\/guineediversite.com\/index.php\/2021\/04\/22\/fermeture-des-cimetieres-de-kaporo-cellou-dallein-diallo-sexprime\/","og_locale":"fr_FR","og_type":"article","og_title":"Fermeture des cimeti\u00e8res de Kaporo : Cellou Dallein Diallo s\u2019exprime | Guin\u00e9e Diversit\u00e9","og_description":"Le leader du parti de l\u2019Union des Forces D\u00e9mocratiques de Guin\u00e9e (l\u2019UFDG) s\u2019est prononc\u00e9 ce jeudi 22 avril, sur la d\u00e9cision prise par le ministre de la ville et de l\u2019am\u00e9nagement du territoire, par rapport \u00e0 la fermeture des cimeti\u00e8res de Kaporo. Il l\u2019a fait savoir sur les ondes de nos confr\u00e8res de FIM Fm. [&hellip;]","og_url":"https:\/\/guineediversite.com\/index.php\/2021\/04\/22\/fermeture-des-cimetieres-de-kaporo-cellou-dallein-diallo-sexprime\/","og_site_name":"Guin\u00e9e Diversit\u00e9","article_publisher":"https:\/\/www.facebook.com\/guineediversite\/","article_published_time":"2021-04-22T13:01:09+00:00","og_image":[{"width":1000,"height":804,"url":"https:\/\/guineediversite.com\/wp-content\/uploads\/2021\/04\/CELLOU-BALDE-UFDG-1-1.jpg","type":"image\/jpeg"}],"author":"Morcire Camara","twitter_card":"summary_large_image","twitter_creator":"@GuineeDiversite","twitter_site":"@GuineeDiversite","twitter_misc":{"\u00c9crit par":"Morcire Camara","Dur\u00e9e de lecture estim\u00e9e":"1 minute"},"schema":{"@context":"https:\/\/schema.org","@graph":[{"@type":"Article","@id":"https:\/\/guineediversite.com\/index.php\/2021\/04\/22\/fermeture-des-cimetieres-de-kaporo-cellou-dallein-diallo-sexprime\/#article","isPartOf":{"@id":"https:\/\/guineediversite.com\/index.php\/2021\/04\/22\/fermeture-des-cimetieres-de-kaporo-cellou-dallein-diallo-sexprime\/"},"author":{"name":"Morcire Camara","@id":"https:\/\/guineediversite.com\/#\/schema\/person\/fa362494c47202ce4b3adf55abcc9d01"},"headline":"Fermeture des cimeti\u00e8res de Kaporo : Cellou Dallein Diallo s\u2019exprime","datePublished":"2021-04-22T13:01:09+00:00","dateModified":"2021-04-22T13:01:09+00:00","mainEntityOfPage":{"@id":"https:\/\/guineediversite.com\/index.php\/2021\/04\/22\/fermeture-des-cimetieres-de-kaporo-cellou-dallein-diallo-sexprime\/"},"wordCount":304,"publisher":{"@id":"https:\/\/guineediversite.com\/#organization"},"image":{"@id":"https:\/\/guineediversite.com\/index.php\/2021\/04\/22\/fermeture-des-cimetieres-de-kaporo-cellou-dallein-diallo-sexprime\/#primaryimage"},"thumbnailUrl":"https:\/\/guineediversite.com\/wp-content\/uploads\/2021\/04\/CELLOU-BALDE-UFDG-1-1.jpg","articleSection":["Politique"],"inLanguage":"fr-FR"},{"@type":"WebPage","@id":"https:\/\/guineediversite.com\/index.php\/2021\/04\/22\/fermeture-des-cimetieres-de-kaporo-cellou-dallein-diallo-sexprime\/","url":"https:\/\/guineediversite.com\/index.php\/2021\/04\/22\/fermeture-des-cimetieres-de-kaporo-cellou-dallein-diallo-sexprime\/","name":"Fermeture des cimeti\u00e8res de Kaporo : Cellou Dallein Diallo s\u2019exprime | Guin\u00e9e Diversit\u00e9","isPartOf":{"@id":"https:\/\/guineediversite.com\/#website"},"primaryImageOfPage":{"@id":"https:\/\/guineediversite.com\/index.php\/2021\/04\/22\/fermeture-des-cimetieres-de-kaporo-cellou-dallein-diallo-sexprime\/#primaryimage"},"image":{"@id":"https:\/\/guineediversite.com\/index.php\/2021\/04\/22\/fermeture-des-cimetieres-de-kaporo-cellou-dallein-diallo-sexprime\/#primaryimage"},"thumbnailUrl":"https:\/\/guineediversite.com\/wp-content\/uploads\/2021\/04\/CELLOU-BALDE-UFDG-1-1.jpg","datePublished":"2021-04-22T13:01:09+00:00","dateModified":"2021-04-22T13:01:09+00:00","breadcrumb":{"@id":"https:\/\/guineediversite.com\/index.php\/2021\/04\/22\/fermeture-des-cimetieres-de-kaporo-cellou-dallein-diallo-sexprime\/#breadcrumb"},"inLanguage":"fr-FR","potentialAction":[{"@type":"ReadAction","target":["https:\/\/guineediversite.com\/index.php\/2021\/04\/22\/fermeture-des-cimetieres-de-kaporo-cellou-dallein-diallo-sexprime\/"]}]},{"@type":"ImageObject","inLanguage":"fr-FR","@id":"https:\/\/guineediversite.com\/index.php\/2021\/04\/22\/fermeture-des-cimetieres-de-kaporo-cellou-dallein-diallo-sexprime\/#primaryimage","url":"https:\/\/guineediversite.com\/wp-content\/uploads\/2021\/04\/CELLOU-BALDE-UFDG-1-1.jpg","contentUrl":"https:\/\/guineediversite.com\/wp-content\/uploads\/2021\/04\/CELLOU-BALDE-UFDG-1-1.jpg","width":1000,"height":804},{"@type":"BreadcrumbList","@id":"https:\/\/guineediversite.com\/index.php\/2021\/04\/22\/fermeture-des-cimetieres-de-kaporo-cellou-dallein-diallo-sexprime\/#breadcrumb","itemListElement":[{"@type":"ListItem","position":1,"name":"Accueil","item":"https:\/\/guineediversite.com\/"},{"@type":"ListItem","position":2,"name":"Fermeture des cimeti\u00e8res de Kaporo : Cellou Dallein Diallo s\u2019exprime"}]},{"@type":"WebSite","@id":"https:\/\/guineediversite.com\/#website","url":"https:\/\/guineediversite.com\/","name":"Guin\u00e9e Diversit\u00e9","description":"L&#039;Info dans toute sa diversit\u00e9","publisher":{"@id":"https:\/\/guineediversite.com\/#organization"},"potentialAction":[{"@type":"SearchAction","target":{"@type":"EntryPoint","urlTemplate":"https:\/\/guineediversite.com\/?s={search_term_string}"},"query-input":{"@type":"PropertyValueSpecification","valueRequired":true,"valueName":"search_term_string"}}],"inLanguage":"fr-FR"},{"@type":"Organization","@id":"https:\/\/guineediversite.com\/#organization","name":"Guin\u00e9e Diversit\u00e9","url":"https:\/\/guineediversite.com\/","logo":{"@type":"ImageObject","inLanguage":"fr-FR","@id":"https:\/\/guineediversite.com\/#\/schema\/logo\/image\/","url":"https:\/\/guineediversite.com\/wp-content\/uploads\/2017\/04\/cropped-1jojlxEOMkX9Wyqfhe43D6kjPOGqBBKmx3EwWJqZ0cMrFF54yM49.png","contentUrl":"https:\/\/guineediversite.com\/wp-content\/uploads\/2017\/04\/cropped-1jojlxEOMkX9Wyqfhe43D6kjPOGqBBKmx3EwWJqZ0cMrFF54yM49.png","width":186,"height":112,"caption":"Guin\u00e9e Diversit\u00e9"},"image":{"@id":"https:\/\/guineediversite.com\/#\/schema\/logo\/image\/"},"sameAs":["https:\/\/www.facebook.com\/guineediversite\/","https:\/\/x.com\/GuineeDiversite","https:\/\/www.youtube.com\/channel\/UC8sUY16qelG5ge6_D5SB83g"]},{"@type":"Person","@id":"https:\/\/guineediversite.com\/#\/schema\/person\/fa362494c47202ce4b3adf55abcc9d01","name":"Morcire Camara","image":{"@type":"ImageObject","inLanguage":"fr-FR","@id":"https:\/\/guineediversite.com\/#\/schema\/person\/image\/","url":"https:\/\/secure.gravatar.com\/avatar\/3ec324f02295bbcebe03d99b39330ab4?s=96&d=mm&r=g","contentUrl":"https:\/\/secure.gravatar.com\/avatar\/3ec324f02295bbcebe03d99b39330ab4?s=96&d=mm&r=g","caption":"Morcire Camara"},"url":"https:\/\/guineediversite.com\/index.php\/author\/morcire\/"}]}},"_links":{"self":[{"href":"https:\/\/guineediversite.com\/index.php\/wp-json\/wp\/v2\/posts\/31318"}],"collection":[{"href":"https:\/\/guineediversite.com\/index.php\/wp-json\/wp\/v2\/posts"}],"about":[{"href":"https:\/\/guineediversite.com\/index.php\/wp-json\/wp\/v2\/types\/post"}],"author":[{"embeddable":true,"href":"https:\/\/guineediversite.com\/index.php\/wp-json\/wp\/v2\/users\/10"}],"replies":[{"embeddable":true,"href":"https:\/\/guineediversite.com\/index.php\/wp-json\/wp\/v2\/comments?post=31318"}],"version-history":[{"count":1,"href":"https:\/\/guineediversite.com\/index.php\/wp-json\/wp\/v2\/posts\/31318\/revisions"}],"predecessor-version":[{"id":31320,"href":"https:\/\/guineediversite.com\/index.php\/wp-json\/wp\/v2\/posts\/31318\/revisions\/31320"}],"wp:featuredmedia":[{"embeddable":true,"href":"https:\/\/guineediversite.com\/index.php\/wp-json\/wp\/v2\/media\/31319"}],"wp:attachment":[{"href":"https:\/\/guineediversite.com\/index.php\/wp-json\/wp\/v2\/media?parent=31318"}],"wp:term":[{"taxonomy":"category","embeddable":true,"href":"https:\/\/guineediversite.com\/index.php\/wp-json\/wp\/v2\/categories?post=31318"},{"taxonomy":"post_tag","embeddable":true,"href":"https:\/\/guineediversite.com\/index.php\/wp-json\/wp\/v2\/tags?post=31318"}],"curies":[{"name":"wp","href":"https:\/\/api.w.org\/{rel}","templated":true}]}}