{"id":31214,"date":"2021-04-05T17:24:43","date_gmt":"2021-04-05T15:24:43","guid":{"rendered":"https:\/\/guineediversite.com\/?p=31214"},"modified":"2021-04-05T17:24:43","modified_gmt":"2021-04-05T15:24:43","slug":"deces-du-pere-de-cellou-balde-sekou-koundouno-presente-ses-condoleances","status":"publish","type":"post","link":"https:\/\/guineediversite.com\/index.php\/2021\/04\/05\/deces-du-pere-de-cellou-balde-sekou-koundouno-presente-ses-condoleances\/","title":{"rendered":"D\u00e9c\u00e8s du p\u00e8re de Cellou Bald\u00e9 : Sekou Koundouno pr\u00e9sente ses condol\u00e9ances"},"content":{"rendered":"<p>Sekou Koundouno actuellement exil\u00e9 au S\u00e9n\u00e9gal, a pr\u00e9sent\u00e9 ses condol\u00e9ances \u00e0 la famille de l\u2019illustre disparu, ce, \u00e0 travers sa page Facebook.<\/p>\n<p>Il a mentionn\u00e9 ceci : \u00ab <em>mes sinc\u00e8res condol\u00e9ances \u00e0 mon fr\u00e8re Cellou Balde suite au d\u00e9c\u00e8s de son cher p\u00e8re. Que l\u2019\u00e2me du d\u00e9funt repose en paix et que le seigneur l\u2019accueille dans son paradis c\u00e9leste. Au camarade Cellou Balde courage surtout en cette p\u00e9riode difficile et de profonde tristesse. Ainsi va la vie des d\u00e9mocrates\u00a0<\/em>\u00bb.<\/p>\n","protected":false},"excerpt":{"rendered":"<p>Sekou Koundouno actuellement exil\u00e9 au S\u00e9n\u00e9gal, a pr\u00e9sent\u00e9 ses condol\u00e9ances \u00e0 la famille de l\u2019illustre disparu, ce, \u00e0 travers sa page Facebook. Il a mentionn\u00e9 ceci : \u00ab mes sinc\u00e8res condol\u00e9ances \u00e0 mon fr\u00e8re Cellou Balde suite au d\u00e9c\u00e8s de son cher p\u00e8re. Que l\u2019\u00e2me du d\u00e9funt repose en paix et que le seigneur l\u2019accueille [&hellip;]<\/p>\n","protected":false},"author":7,"featured_media":31159,"comment_status":"closed","ping_status":"open","sticky":false,"template":"","format":"standard","meta":{"_exactmetrics_skip_tracking":false,"_exactmetrics_sitenote_active":false,"_exactmetrics_sitenote_note":"","_exactmetrics_sitenote_category":0,"tdm_status":"","tdm_grid_status":"","footnotes":""},"categories":[16],"tags":[],"class_list":{"0":"post-31214","1":"post","2":"type-post","3":"status-publish","4":"format-standard","5":"has-post-thumbnail","7":"category-societe"},"yoast_head":"<!-- This site is optimized with the Yoast SEO plugin v24.2 - https:\/\/yoast.com\/wordpress\/plugins\/seo\/ -->\n<title>D\u00e9c\u00e8s du p\u00e8re de Cellou Bald\u00e9 : Sekou Koundouno pr\u00e9sente ses condol\u00e9ances | Guin\u00e9e Diversit\u00e9<\/title>\n<meta name=\"robots\" content=\"index, follow, max-snippet:-1, max-image-preview:large, max-video-preview:-1\" \/>\n<link rel=\"canonical\" href=\"https:\/\/guineediversite.com\/index.php\/2021\/04\/05\/deces-du-pere-de-cellou-balde-sekou-koundouno-presente-ses-condoleances\/\" \/>\n<meta property=\"og:locale\" content=\"fr_FR\" \/>\n<meta property=\"og:type\" content=\"article\" \/>\n<meta property=\"og:title\" content=\"D\u00e9c\u00e8s du p\u00e8re de Cellou Bald\u00e9 : Sekou Koundouno pr\u00e9sente ses condol\u00e9ances | Guin\u00e9e Diversit\u00e9\" \/>\n<meta property=\"og:description\" content=\"Sekou Koundouno actuellement exil\u00e9 au S\u00e9n\u00e9gal, a pr\u00e9sent\u00e9 ses condol\u00e9ances \u00e0 la famille de l\u2019illustre disparu, ce, \u00e0 travers sa page Facebook. Il a mentionn\u00e9 ceci : \u00ab mes sinc\u00e8res condol\u00e9ances \u00e0 mon fr\u00e8re Cellou Balde suite au d\u00e9c\u00e8s de son cher p\u00e8re. Que l\u2019\u00e2me du d\u00e9funt repose en paix et que le seigneur l\u2019accueille [&hellip;]\" \/>\n<meta property=\"og:url\" content=\"https:\/\/guineediversite.com\/index.php\/2021\/04\/05\/deces-du-pere-de-cellou-balde-sekou-koundouno-presente-ses-condoleances\/\" \/>\n<meta property=\"og:site_name\" content=\"Guin\u00e9e Diversit\u00e9\" \/>\n<meta property=\"article:publisher\" content=\"https:\/\/www.facebook.com\/guineediversite\/\" \/>\n<meta property=\"article:published_time\" content=\"2021-04-05T15:24:43+00:00\" \/>\n<meta property=\"og:image\" content=\"https:\/\/guineediversite.com\/wp-content\/uploads\/2021\/03\/WhatsApp-Image-2021-03-31-at-13.18.55.jpeg\" \/>\n\t<meta property=\"og:image:width\" content=\"1100\" \/>\n\t<meta property=\"og:image:height\" content=\"733\" \/>\n\t<meta property=\"og:image:type\" content=\"image\/jpeg\" \/>\n<meta name=\"author\" content=\"Bilguissa Diallo\" \/>\n<meta name=\"twitter:card\" content=\"summary_large_image\" \/>\n<meta name=\"twitter:creator\" content=\"@GuineeDiversite\" \/>\n<meta name=\"twitter:site\" content=\"@GuineeDiversite\" \/>\n<meta name=\"twitter:label1\" content=\"\u00c9crit par\" \/>\n\t<meta name=\"twitter:data1\" content=\"Bilguissa Diallo\" \/>\n<script type=\"application\/ld+json\" class=\"yoast-schema-graph\">{\"@context\":\"https:\/\/schema.org\",\"@graph\":[{\"@type\":\"Article\",\"@id\":\"https:\/\/guineediversite.com\/index.php\/2021\/04\/05\/deces-du-pere-de-cellou-balde-sekou-koundouno-presente-ses-condoleances\/#article\",\"isPartOf\":{\"@id\":\"https:\/\/guineediversite.com\/index.php\/2021\/04\/05\/deces-du-pere-de-cellou-balde-sekou-koundouno-presente-ses-condoleances\/\"},\"author\":{\"name\":\"Bilguissa Diallo\",\"@id\":\"https:\/\/guineediversite.com\/#\/schema\/person\/0e0e3e424768a50d025ac2218ccca73f\"},\"headline\":\"D\u00e9c\u00e8s du p\u00e8re de Cellou Bald\u00e9 : Sekou Koundouno pr\u00e9sente ses condol\u00e9ances\",\"datePublished\":\"2021-04-05T15:24:43+00:00\",\"dateModified\":\"2021-04-05T15:24:43+00:00\",\"mainEntityOfPage\":{\"@id\":\"https:\/\/guineediversite.com\/index.php\/2021\/04\/05\/deces-du-pere-de-cellou-balde-sekou-koundouno-presente-ses-condoleances\/\"},\"wordCount\":107,\"publisher\":{\"@id\":\"https:\/\/guineediversite.com\/#organization\"},\"image\":{\"@id\":\"https:\/\/guineediversite.com\/index.php\/2021\/04\/05\/deces-du-pere-de-cellou-balde-sekou-koundouno-presente-ses-condoleances\/#primaryimage\"},\"thumbnailUrl\":\"https:\/\/guineediversite.com\/wp-content\/uploads\/2021\/03\/WhatsApp-Image-2021-03-31-at-13.18.55.jpeg\",\"articleSection\":[\"Soci\u00e9t\u00e9\"],\"inLanguage\":\"fr-FR\"},{\"@type\":\"WebPage\",\"@id\":\"https:\/\/guineediversite.com\/index.php\/2021\/04\/05\/deces-du-pere-de-cellou-balde-sekou-koundouno-presente-ses-condoleances\/\",\"url\":\"https:\/\/guineediversite.com\/index.php\/2021\/04\/05\/deces-du-pere-de-cellou-balde-sekou-koundouno-presente-ses-condoleances\/\",\"name\":\"D\u00e9c\u00e8s du p\u00e8re de Cellou Bald\u00e9 : Sekou Koundouno pr\u00e9sente ses condol\u00e9ances | Guin\u00e9e Diversit\u00e9\",\"isPartOf\":{\"@id\":\"https:\/\/guineediversite.com\/#website\"},\"primaryImageOfPage\":{\"@id\":\"https:\/\/guineediversite.com\/index.php\/2021\/04\/05\/deces-du-pere-de-cellou-balde-sekou-koundouno-presente-ses-condoleances\/#primaryimage\"},\"image\":{\"@id\":\"https:\/\/guineediversite.com\/index.php\/2021\/04\/05\/deces-du-pere-de-cellou-balde-sekou-koundouno-presente-ses-condoleances\/#primaryimage\"},\"thumbnailUrl\":\"https:\/\/guineediversite.com\/wp-content\/uploads\/2021\/03\/WhatsApp-Image-2021-03-31-at-13.18.55.jpeg\",\"datePublished\":\"2021-04-05T15:24:43+00:00\",\"dateModified\":\"2021-04-05T15:24:43+00:00\",\"breadcrumb\":{\"@id\":\"https:\/\/guineediversite.com\/index.php\/2021\/04\/05\/deces-du-pere-de-cellou-balde-sekou-koundouno-presente-ses-condoleances\/#breadcrumb\"},\"inLanguage\":\"fr-FR\",\"potentialAction\":[{\"@type\":\"ReadAction\",\"target\":[\"https:\/\/guineediversite.com\/index.php\/2021\/04\/05\/deces-du-pere-de-cellou-balde-sekou-koundouno-presente-ses-condoleances\/\"]}]},{\"@type\":\"ImageObject\",\"inLanguage\":\"fr-FR\",\"@id\":\"https:\/\/guineediversite.com\/index.php\/2021\/04\/05\/deces-du-pere-de-cellou-balde-sekou-koundouno-presente-ses-condoleances\/#primaryimage\",\"url\":\"https:\/\/guineediversite.com\/wp-content\/uploads\/2021\/03\/WhatsApp-Image-2021-03-31-at-13.18.55.jpeg\",\"contentUrl\":\"https:\/\/guineediversite.com\/wp-content\/uploads\/2021\/03\/WhatsApp-Image-2021-03-31-at-13.18.55.jpeg\",\"width\":1100,\"height\":733},{\"@type\":\"BreadcrumbList\",\"@id\":\"https:\/\/guineediversite.com\/index.php\/2021\/04\/05\/deces-du-pere-de-cellou-balde-sekou-koundouno-presente-ses-condoleances\/#breadcrumb\",\"itemListElement\":[{\"@type\":\"ListItem\",\"position\":1,\"name\":\"Accueil\",\"item\":\"https:\/\/guineediversite.com\/\"},{\"@type\":\"ListItem\",\"position\":2,\"name\":\"D\u00e9c\u00e8s du p\u00e8re de Cellou Bald\u00e9 : Sekou Koundouno pr\u00e9sente ses condol\u00e9ances\"}]},{\"@type\":\"WebSite\",\"@id\":\"https:\/\/guineediversite.com\/#website\",\"url\":\"https:\/\/guineediversite.com\/\",\"name\":\"Guin\u00e9e Diversit\u00e9\",\"description\":\"L&#039;Info dans toute sa diversit\u00e9\",\"publisher\":{\"@id\":\"https:\/\/guineediversite.com\/#organization\"},\"potentialAction\":[{\"@type\":\"SearchAction\",\"target\":{\"@type\":\"EntryPoint\",\"urlTemplate\":\"https:\/\/guineediversite.com\/?s={search_term_string}\"},\"query-input\":{\"@type\":\"PropertyValueSpecification\",\"valueRequired\":true,\"valueName\":\"search_term_string\"}}],\"inLanguage\":\"fr-FR\"},{\"@type\":\"Organization\",\"@id\":\"https:\/\/guineediversite.com\/#organization\",\"name\":\"Guin\u00e9e Diversit\u00e9\",\"url\":\"https:\/\/guineediversite.com\/\",\"logo\":{\"@type\":\"ImageObject\",\"inLanguage\":\"fr-FR\",\"@id\":\"https:\/\/guineediversite.com\/#\/schema\/logo\/image\/\",\"url\":\"https:\/\/guineediversite.com\/wp-content\/uploads\/2017\/04\/cropped-1jojlxEOMkX9Wyqfhe43D6kjPOGqBBKmx3EwWJqZ0cMrFF54yM49.png\",\"contentUrl\":\"https:\/\/guineediversite.com\/wp-content\/uploads\/2017\/04\/cropped-1jojlxEOMkX9Wyqfhe43D6kjPOGqBBKmx3EwWJqZ0cMrFF54yM49.png\",\"width\":186,\"height\":112,\"caption\":\"Guin\u00e9e Diversit\u00e9\"},\"image\":{\"@id\":\"https:\/\/guineediversite.com\/#\/schema\/logo\/image\/\"},\"sameAs\":[\"https:\/\/www.facebook.com\/guineediversite\/\",\"https:\/\/x.com\/GuineeDiversite\",\"https:\/\/www.youtube.com\/channel\/UC8sUY16qelG5ge6_D5SB83g\"]},{\"@type\":\"Person\",\"@id\":\"https:\/\/guineediversite.com\/#\/schema\/person\/0e0e3e424768a50d025ac2218ccca73f\",\"name\":\"Bilguissa Diallo\",\"image\":{\"@type\":\"ImageObject\",\"inLanguage\":\"fr-FR\",\"@id\":\"https:\/\/guineediversite.com\/#\/schema\/person\/image\/\",\"url\":\"https:\/\/secure.gravatar.com\/avatar\/49bbbd2420ee34d62b1b191791f4b5df?s=96&d=mm&r=g\",\"contentUrl\":\"https:\/\/secure.gravatar.com\/avatar\/49bbbd2420ee34d62b1b191791f4b5df?s=96&d=mm&r=g\",\"caption\":\"Bilguissa Diallo\"},\"url\":\"https:\/\/guineediversite.com\/index.php\/author\/bilguissa\/\"}]}<\/script>\n<!-- \/ Yoast SEO plugin. -->","yoast_head_json":{"title":"D\u00e9c\u00e8s du p\u00e8re de Cellou Bald\u00e9 : Sekou Koundouno pr\u00e9sente ses condol\u00e9ances | Guin\u00e9e Diversit\u00e9","robots":{"index":"index","follow":"follow","max-snippet":"max-snippet:-1","max-image-preview":"max-image-preview:large","max-video-preview":"max-video-preview:-1"},"canonical":"https:\/\/guineediversite.com\/index.php\/2021\/04\/05\/deces-du-pere-de-cellou-balde-sekou-koundouno-presente-ses-condoleances\/","og_locale":"fr_FR","og_type":"article","og_title":"D\u00e9c\u00e8s du p\u00e8re de Cellou Bald\u00e9 : Sekou Koundouno pr\u00e9sente ses condol\u00e9ances | Guin\u00e9e Diversit\u00e9","og_description":"Sekou Koundouno actuellement exil\u00e9 au S\u00e9n\u00e9gal, a pr\u00e9sent\u00e9 ses condol\u00e9ances \u00e0 la famille de l\u2019illustre disparu, ce, \u00e0 travers sa page Facebook. Il a mentionn\u00e9 ceci : \u00ab mes sinc\u00e8res condol\u00e9ances \u00e0 mon fr\u00e8re Cellou Balde suite au d\u00e9c\u00e8s de son cher p\u00e8re. Que l\u2019\u00e2me du d\u00e9funt repose en paix et que le seigneur l\u2019accueille [&hellip;]","og_url":"https:\/\/guineediversite.com\/index.php\/2021\/04\/05\/deces-du-pere-de-cellou-balde-sekou-koundouno-presente-ses-condoleances\/","og_site_name":"Guin\u00e9e Diversit\u00e9","article_publisher":"https:\/\/www.facebook.com\/guineediversite\/","article_published_time":"2021-04-05T15:24:43+00:00","og_image":[{"width":1100,"height":733,"url":"https:\/\/guineediversite.com\/wp-content\/uploads\/2021\/03\/WhatsApp-Image-2021-03-31-at-13.18.55.jpeg","type":"image\/jpeg"}],"author":"Bilguissa Diallo","twitter_card":"summary_large_image","twitter_creator":"@GuineeDiversite","twitter_site":"@GuineeDiversite","twitter_misc":{"\u00c9crit par":"Bilguissa Diallo"},"schema":{"@context":"https:\/\/schema.org","@graph":[{"@type":"Article","@id":"https:\/\/guineediversite.com\/index.php\/2021\/04\/05\/deces-du-pere-de-cellou-balde-sekou-koundouno-presente-ses-condoleances\/#article","isPartOf":{"@id":"https:\/\/guineediversite.com\/index.php\/2021\/04\/05\/deces-du-pere-de-cellou-balde-sekou-koundouno-presente-ses-condoleances\/"},"author":{"name":"Bilguissa Diallo","@id":"https:\/\/guineediversite.com\/#\/schema\/person\/0e0e3e424768a50d025ac2218ccca73f"},"headline":"D\u00e9c\u00e8s du p\u00e8re de Cellou Bald\u00e9 : Sekou Koundouno pr\u00e9sente ses condol\u00e9ances","datePublished":"2021-04-05T15:24:43+00:00","dateModified":"2021-04-05T15:24:43+00:00","mainEntityOfPage":{"@id":"https:\/\/guineediversite.com\/index.php\/2021\/04\/05\/deces-du-pere-de-cellou-balde-sekou-koundouno-presente-ses-condoleances\/"},"wordCount":107,"publisher":{"@id":"https:\/\/guineediversite.com\/#organization"},"image":{"@id":"https:\/\/guineediversite.com\/index.php\/2021\/04\/05\/deces-du-pere-de-cellou-balde-sekou-koundouno-presente-ses-condoleances\/#primaryimage"},"thumbnailUrl":"https:\/\/guineediversite.com\/wp-content\/uploads\/2021\/03\/WhatsApp-Image-2021-03-31-at-13.18.55.jpeg","articleSection":["Soci\u00e9t\u00e9"],"inLanguage":"fr-FR"},{"@type":"WebPage","@id":"https:\/\/guineediversite.com\/index.php\/2021\/04\/05\/deces-du-pere-de-cellou-balde-sekou-koundouno-presente-ses-condoleances\/","url":"https:\/\/guineediversite.com\/index.php\/2021\/04\/05\/deces-du-pere-de-cellou-balde-sekou-koundouno-presente-ses-condoleances\/","name":"D\u00e9c\u00e8s du p\u00e8re de Cellou Bald\u00e9 : Sekou Koundouno pr\u00e9sente ses condol\u00e9ances | Guin\u00e9e Diversit\u00e9","isPartOf":{"@id":"https:\/\/guineediversite.com\/#website"},"primaryImageOfPage":{"@id":"https:\/\/guineediversite.com\/index.php\/2021\/04\/05\/deces-du-pere-de-cellou-balde-sekou-koundouno-presente-ses-condoleances\/#primaryimage"},"image":{"@id":"https:\/\/guineediversite.com\/index.php\/2021\/04\/05\/deces-du-pere-de-cellou-balde-sekou-koundouno-presente-ses-condoleances\/#primaryimage"},"thumbnailUrl":"https:\/\/guineediversite.com\/wp-content\/uploads\/2021\/03\/WhatsApp-Image-2021-03-31-at-13.18.55.jpeg","datePublished":"2021-04-05T15:24:43+00:00","dateModified":"2021-04-05T15:24:43+00:00","breadcrumb":{"@id":"https:\/\/guineediversite.com\/index.php\/2021\/04\/05\/deces-du-pere-de-cellou-balde-sekou-koundouno-presente-ses-condoleances\/#breadcrumb"},"inLanguage":"fr-FR","potentialAction":[{"@type":"ReadAction","target":["https:\/\/guineediversite.com\/index.php\/2021\/04\/05\/deces-du-pere-de-cellou-balde-sekou-koundouno-presente-ses-condoleances\/"]}]},{"@type":"ImageObject","inLanguage":"fr-FR","@id":"https:\/\/guineediversite.com\/index.php\/2021\/04\/05\/deces-du-pere-de-cellou-balde-sekou-koundouno-presente-ses-condoleances\/#primaryimage","url":"https:\/\/guineediversite.com\/wp-content\/uploads\/2021\/03\/WhatsApp-Image-2021-03-31-at-13.18.55.jpeg","contentUrl":"https:\/\/guineediversite.com\/wp-content\/uploads\/2021\/03\/WhatsApp-Image-2021-03-31-at-13.18.55.jpeg","width":1100,"height":733},{"@type":"BreadcrumbList","@id":"https:\/\/guineediversite.com\/index.php\/2021\/04\/05\/deces-du-pere-de-cellou-balde-sekou-koundouno-presente-ses-condoleances\/#breadcrumb","itemListElement":[{"@type":"ListItem","position":1,"name":"Accueil","item":"https:\/\/guineediversite.com\/"},{"@type":"ListItem","position":2,"name":"D\u00e9c\u00e8s du p\u00e8re de Cellou Bald\u00e9 : Sekou Koundouno pr\u00e9sente ses condol\u00e9ances"}]},{"@type":"WebSite","@id":"https:\/\/guineediversite.com\/#website","url":"https:\/\/guineediversite.com\/","name":"Guin\u00e9e Diversit\u00e9","description":"L&#039;Info dans toute sa diversit\u00e9","publisher":{"@id":"https:\/\/guineediversite.com\/#organization"},"potentialAction":[{"@type":"SearchAction","target":{"@type":"EntryPoint","urlTemplate":"https:\/\/guineediversite.com\/?s={search_term_string}"},"query-input":{"@type":"PropertyValueSpecification","valueRequired":true,"valueName":"search_term_string"}}],"inLanguage":"fr-FR"},{"@type":"Organization","@id":"https:\/\/guineediversite.com\/#organization","name":"Guin\u00e9e Diversit\u00e9","url":"https:\/\/guineediversite.com\/","logo":{"@type":"ImageObject","inLanguage":"fr-FR","@id":"https:\/\/guineediversite.com\/#\/schema\/logo\/image\/","url":"https:\/\/guineediversite.com\/wp-content\/uploads\/2017\/04\/cropped-1jojlxEOMkX9Wyqfhe43D6kjPOGqBBKmx3EwWJqZ0cMrFF54yM49.png","contentUrl":"https:\/\/guineediversite.com\/wp-content\/uploads\/2017\/04\/cropped-1jojlxEOMkX9Wyqfhe43D6kjPOGqBBKmx3EwWJqZ0cMrFF54yM49.png","width":186,"height":112,"caption":"Guin\u00e9e Diversit\u00e9"},"image":{"@id":"https:\/\/guineediversite.com\/#\/schema\/logo\/image\/"},"sameAs":["https:\/\/www.facebook.com\/guineediversite\/","https:\/\/x.com\/GuineeDiversite","https:\/\/www.youtube.com\/channel\/UC8sUY16qelG5ge6_D5SB83g"]},{"@type":"Person","@id":"https:\/\/guineediversite.com\/#\/schema\/person\/0e0e3e424768a50d025ac2218ccca73f","name":"Bilguissa Diallo","image":{"@type":"ImageObject","inLanguage":"fr-FR","@id":"https:\/\/guineediversite.com\/#\/schema\/person\/image\/","url":"https:\/\/secure.gravatar.com\/avatar\/49bbbd2420ee34d62b1b191791f4b5df?s=96&d=mm&r=g","contentUrl":"https:\/\/secure.gravatar.com\/avatar\/49bbbd2420ee34d62b1b191791f4b5df?s=96&d=mm&r=g","caption":"Bilguissa Diallo"},"url":"https:\/\/guineediversite.com\/index.php\/author\/bilguissa\/"}]}},"_links":{"self":[{"href":"https:\/\/guineediversite.com\/index.php\/wp-json\/wp\/v2\/posts\/31214"}],"collection":[{"href":"https:\/\/guineediversite.com\/index.php\/wp-json\/wp\/v2\/posts"}],"about":[{"href":"https:\/\/guineediversite.com\/index.php\/wp-json\/wp\/v2\/types\/post"}],"author":[{"embeddable":true,"href":"https:\/\/guineediversite.com\/index.php\/wp-json\/wp\/v2\/users\/7"}],"replies":[{"embeddable":true,"href":"https:\/\/guineediversite.com\/index.php\/wp-json\/wp\/v2\/comments?post=31214"}],"version-history":[{"count":1,"href":"https:\/\/guineediversite.com\/index.php\/wp-json\/wp\/v2\/posts\/31214\/revisions"}],"predecessor-version":[{"id":31215,"href":"https:\/\/guineediversite.com\/index.php\/wp-json\/wp\/v2\/posts\/31214\/revisions\/31215"}],"wp:featuredmedia":[{"embeddable":true,"href":"https:\/\/guineediversite.com\/index.php\/wp-json\/wp\/v2\/media\/31159"}],"wp:attachment":[{"href":"https:\/\/guineediversite.com\/index.php\/wp-json\/wp\/v2\/media?parent=31214"}],"wp:term":[{"taxonomy":"category","embeddable":true,"href":"https:\/\/guineediversite.com\/index.php\/wp-json\/wp\/v2\/categories?post=31214"},{"taxonomy":"post_tag","embeddable":true,"href":"https:\/\/guineediversite.com\/index.php\/wp-json\/wp\/v2\/tags?post=31214"}],"curies":[{"name":"wp","href":"https:\/\/api.w.org\/{rel}","templated":true}]}}