{"id":31211,"date":"2021-04-05T17:12:22","date_gmt":"2021-04-05T15:12:22","guid":{"rendered":"https:\/\/guineediversite.com\/?p=31211"},"modified":"2021-04-05T17:12:22","modified_gmt":"2021-04-05T15:12:22","slug":"necrologie-ufdg-le-pere-de-cellou-bade-a-tire-sa-reverence","status":"publish","type":"post","link":"https:\/\/guineediversite.com\/index.php\/2021\/04\/05\/necrologie-ufdg-le-pere-de-cellou-bade-a-tire-sa-reverence\/","title":{"rendered":"N\u00e9crologie (UFDG) : Le p\u00e8re de Cellou Bad\u00e9 a tir\u00e9 sa r\u00e9v\u00e9rence"},"content":{"rendered":"<p>La Direction Nationale de l\u2019UFDG a la profonde douleur d\u2019annoncer le d\u00e9c\u00e8s de Eh BOUBACAR BALDE, p\u00e8re de CELLOU BALDE membre du Conseil Politique et responsable des f\u00e9d\u00e9rations de l\u2019int\u00e9rieur. Le d\u00e9c\u00e8s a eu lieu ce jour \u00e0 12h30 \u00e0 Lab\u00e9.<\/p>\n<p>Cellou Bald\u00e9 fait partie des opposants d\u00e9tenus \u00e0 la maison centrale de Conakry.<\/p>\n<p>&nbsp;<\/p>\n","protected":false},"excerpt":{"rendered":"<p>La Direction Nationale de l\u2019UFDG a la profonde douleur d\u2019annoncer le d\u00e9c\u00e8s de Eh BOUBACAR BALDE, p\u00e8re de CELLOU BALDE membre du Conseil Politique et responsable des f\u00e9d\u00e9rations de l\u2019int\u00e9rieur. Le d\u00e9c\u00e8s a eu lieu ce jour \u00e0 12h30 \u00e0 Lab\u00e9. Cellou Bald\u00e9 fait partie des opposants d\u00e9tenus \u00e0 la maison centrale de Conakry. &nbsp;<\/p>\n","protected":false},"author":12,"featured_media":31212,"comment_status":"closed","ping_status":"open","sticky":false,"template":"","format":"standard","meta":{"_exactmetrics_skip_tracking":false,"_exactmetrics_sitenote_active":false,"_exactmetrics_sitenote_note":"","_exactmetrics_sitenote_category":0,"tdm_status":"","tdm_grid_status":"","footnotes":""},"categories":[16],"tags":[],"class_list":{"0":"post-31211","1":"post","2":"type-post","3":"status-publish","4":"format-standard","5":"has-post-thumbnail","7":"category-societe"},"yoast_head":"<!-- This site is optimized with the Yoast SEO plugin v24.2 - https:\/\/yoast.com\/wordpress\/plugins\/seo\/ -->\n<title>N\u00e9crologie (UFDG) : Le p\u00e8re de Cellou Bad\u00e9 a tir\u00e9 sa r\u00e9v\u00e9rence | Guin\u00e9e Diversit\u00e9<\/title>\n<meta name=\"robots\" content=\"index, follow, max-snippet:-1, max-image-preview:large, max-video-preview:-1\" \/>\n<link rel=\"canonical\" href=\"https:\/\/guineediversite.com\/index.php\/2021\/04\/05\/necrologie-ufdg-le-pere-de-cellou-bade-a-tire-sa-reverence\/\" \/>\n<meta property=\"og:locale\" content=\"fr_FR\" \/>\n<meta property=\"og:type\" content=\"article\" \/>\n<meta property=\"og:title\" content=\"N\u00e9crologie (UFDG) : Le p\u00e8re de Cellou Bad\u00e9 a tir\u00e9 sa r\u00e9v\u00e9rence | Guin\u00e9e Diversit\u00e9\" \/>\n<meta property=\"og:description\" content=\"La Direction Nationale de l\u2019UFDG a la profonde douleur d\u2019annoncer le d\u00e9c\u00e8s de Eh BOUBACAR BALDE, p\u00e8re de CELLOU BALDE membre du Conseil Politique et responsable des f\u00e9d\u00e9rations de l\u2019int\u00e9rieur. Le d\u00e9c\u00e8s a eu lieu ce jour \u00e0 12h30 \u00e0 Lab\u00e9. Cellou Bald\u00e9 fait partie des opposants d\u00e9tenus \u00e0 la maison centrale de Conakry. &nbsp;\" \/>\n<meta property=\"og:url\" content=\"https:\/\/guineediversite.com\/index.php\/2021\/04\/05\/necrologie-ufdg-le-pere-de-cellou-bade-a-tire-sa-reverence\/\" \/>\n<meta property=\"og:site_name\" content=\"Guin\u00e9e Diversit\u00e9\" \/>\n<meta property=\"article:publisher\" content=\"https:\/\/www.facebook.com\/guineediversite\/\" \/>\n<meta property=\"article:published_time\" content=\"2021-04-05T15:12:22+00:00\" \/>\n<meta property=\"og:image\" content=\"https:\/\/guineediversite.com\/wp-content\/uploads\/2021\/04\/CELLOU-BALDE-UFDG-1.jpg\" \/>\n\t<meta property=\"og:image:width\" content=\"1000\" \/>\n\t<meta property=\"og:image:height\" content=\"600\" \/>\n\t<meta property=\"og:image:type\" content=\"image\/jpeg\" \/>\n<meta name=\"author\" content=\"Guin\u00e9e Diversit\u00e9\" \/>\n<meta name=\"twitter:card\" content=\"summary_large_image\" \/>\n<meta name=\"twitter:creator\" content=\"@GuineeDiversite\" \/>\n<meta name=\"twitter:site\" content=\"@GuineeDiversite\" \/>\n<meta name=\"twitter:label1\" content=\"\u00c9crit par\" \/>\n\t<meta name=\"twitter:data1\" content=\"Guin\u00e9e Diversit\u00e9\" \/>\n<script type=\"application\/ld+json\" class=\"yoast-schema-graph\">{\"@context\":\"https:\/\/schema.org\",\"@graph\":[{\"@type\":\"Article\",\"@id\":\"https:\/\/guineediversite.com\/index.php\/2021\/04\/05\/necrologie-ufdg-le-pere-de-cellou-bade-a-tire-sa-reverence\/#article\",\"isPartOf\":{\"@id\":\"https:\/\/guineediversite.com\/index.php\/2021\/04\/05\/necrologie-ufdg-le-pere-de-cellou-bade-a-tire-sa-reverence\/\"},\"author\":{\"name\":\"Guin\u00e9e Diversit\u00e9\",\"@id\":\"https:\/\/guineediversite.com\/#\/schema\/person\/afa08fb34e7fc6e1feafc892612bc836\"},\"headline\":\"N\u00e9crologie (UFDG) : Le p\u00e8re de Cellou Bad\u00e9 a tir\u00e9 sa r\u00e9v\u00e9rence\",\"datePublished\":\"2021-04-05T15:12:22+00:00\",\"dateModified\":\"2021-04-05T15:12:22+00:00\",\"mainEntityOfPage\":{\"@id\":\"https:\/\/guineediversite.com\/index.php\/2021\/04\/05\/necrologie-ufdg-le-pere-de-cellou-bade-a-tire-sa-reverence\/\"},\"wordCount\":79,\"publisher\":{\"@id\":\"https:\/\/guineediversite.com\/#organization\"},\"image\":{\"@id\":\"https:\/\/guineediversite.com\/index.php\/2021\/04\/05\/necrologie-ufdg-le-pere-de-cellou-bade-a-tire-sa-reverence\/#primaryimage\"},\"thumbnailUrl\":\"https:\/\/guineediversite.com\/wp-content\/uploads\/2021\/04\/CELLOU-BALDE-UFDG-1.jpg\",\"articleSection\":[\"Soci\u00e9t\u00e9\"],\"inLanguage\":\"fr-FR\"},{\"@type\":\"WebPage\",\"@id\":\"https:\/\/guineediversite.com\/index.php\/2021\/04\/05\/necrologie-ufdg-le-pere-de-cellou-bade-a-tire-sa-reverence\/\",\"url\":\"https:\/\/guineediversite.com\/index.php\/2021\/04\/05\/necrologie-ufdg-le-pere-de-cellou-bade-a-tire-sa-reverence\/\",\"name\":\"N\u00e9crologie (UFDG) : Le p\u00e8re de Cellou Bad\u00e9 a tir\u00e9 sa r\u00e9v\u00e9rence | Guin\u00e9e Diversit\u00e9\",\"isPartOf\":{\"@id\":\"https:\/\/guineediversite.com\/#website\"},\"primaryImageOfPage\":{\"@id\":\"https:\/\/guineediversite.com\/index.php\/2021\/04\/05\/necrologie-ufdg-le-pere-de-cellou-bade-a-tire-sa-reverence\/#primaryimage\"},\"image\":{\"@id\":\"https:\/\/guineediversite.com\/index.php\/2021\/04\/05\/necrologie-ufdg-le-pere-de-cellou-bade-a-tire-sa-reverence\/#primaryimage\"},\"thumbnailUrl\":\"https:\/\/guineediversite.com\/wp-content\/uploads\/2021\/04\/CELLOU-BALDE-UFDG-1.jpg\",\"datePublished\":\"2021-04-05T15:12:22+00:00\",\"dateModified\":\"2021-04-05T15:12:22+00:00\",\"breadcrumb\":{\"@id\":\"https:\/\/guineediversite.com\/index.php\/2021\/04\/05\/necrologie-ufdg-le-pere-de-cellou-bade-a-tire-sa-reverence\/#breadcrumb\"},\"inLanguage\":\"fr-FR\",\"potentialAction\":[{\"@type\":\"ReadAction\",\"target\":[\"https:\/\/guineediversite.com\/index.php\/2021\/04\/05\/necrologie-ufdg-le-pere-de-cellou-bade-a-tire-sa-reverence\/\"]}]},{\"@type\":\"ImageObject\",\"inLanguage\":\"fr-FR\",\"@id\":\"https:\/\/guineediversite.com\/index.php\/2021\/04\/05\/necrologie-ufdg-le-pere-de-cellou-bade-a-tire-sa-reverence\/#primaryimage\",\"url\":\"https:\/\/guineediversite.com\/wp-content\/uploads\/2021\/04\/CELLOU-BALDE-UFDG-1.jpg\",\"contentUrl\":\"https:\/\/guineediversite.com\/wp-content\/uploads\/2021\/04\/CELLOU-BALDE-UFDG-1.jpg\",\"width\":1000,\"height\":600},{\"@type\":\"BreadcrumbList\",\"@id\":\"https:\/\/guineediversite.com\/index.php\/2021\/04\/05\/necrologie-ufdg-le-pere-de-cellou-bade-a-tire-sa-reverence\/#breadcrumb\",\"itemListElement\":[{\"@type\":\"ListItem\",\"position\":1,\"name\":\"Accueil\",\"item\":\"https:\/\/guineediversite.com\/\"},{\"@type\":\"ListItem\",\"position\":2,\"name\":\"N\u00e9crologie (UFDG) : Le p\u00e8re de Cellou Bad\u00e9 a tir\u00e9 sa r\u00e9v\u00e9rence\"}]},{\"@type\":\"WebSite\",\"@id\":\"https:\/\/guineediversite.com\/#website\",\"url\":\"https:\/\/guineediversite.com\/\",\"name\":\"Guin\u00e9e Diversit\u00e9\",\"description\":\"L&#039;Info dans toute sa diversit\u00e9\",\"publisher\":{\"@id\":\"https:\/\/guineediversite.com\/#organization\"},\"potentialAction\":[{\"@type\":\"SearchAction\",\"target\":{\"@type\":\"EntryPoint\",\"urlTemplate\":\"https:\/\/guineediversite.com\/?s={search_term_string}\"},\"query-input\":{\"@type\":\"PropertyValueSpecification\",\"valueRequired\":true,\"valueName\":\"search_term_string\"}}],\"inLanguage\":\"fr-FR\"},{\"@type\":\"Organization\",\"@id\":\"https:\/\/guineediversite.com\/#organization\",\"name\":\"Guin\u00e9e Diversit\u00e9\",\"url\":\"https:\/\/guineediversite.com\/\",\"logo\":{\"@type\":\"ImageObject\",\"inLanguage\":\"fr-FR\",\"@id\":\"https:\/\/guineediversite.com\/#\/schema\/logo\/image\/\",\"url\":\"https:\/\/guineediversite.com\/wp-content\/uploads\/2017\/04\/cropped-1jojlxEOMkX9Wyqfhe43D6kjPOGqBBKmx3EwWJqZ0cMrFF54yM49.png\",\"contentUrl\":\"https:\/\/guineediversite.com\/wp-content\/uploads\/2017\/04\/cropped-1jojlxEOMkX9Wyqfhe43D6kjPOGqBBKmx3EwWJqZ0cMrFF54yM49.png\",\"width\":186,\"height\":112,\"caption\":\"Guin\u00e9e Diversit\u00e9\"},\"image\":{\"@id\":\"https:\/\/guineediversite.com\/#\/schema\/logo\/image\/\"},\"sameAs\":[\"https:\/\/www.facebook.com\/guineediversite\/\",\"https:\/\/x.com\/GuineeDiversite\",\"https:\/\/www.youtube.com\/channel\/UC8sUY16qelG5ge6_D5SB83g\"]},{\"@type\":\"Person\",\"@id\":\"https:\/\/guineediversite.com\/#\/schema\/person\/afa08fb34e7fc6e1feafc892612bc836\",\"name\":\"Guin\u00e9e Diversit\u00e9\",\"image\":{\"@type\":\"ImageObject\",\"inLanguage\":\"fr-FR\",\"@id\":\"https:\/\/guineediversite.com\/#\/schema\/person\/image\/\",\"url\":\"https:\/\/secure.gravatar.com\/avatar\/50d5eb5b390f8b65ac30ac6f898eb83a?s=96&d=mm&r=g\",\"contentUrl\":\"https:\/\/secure.gravatar.com\/avatar\/50d5eb5b390f8b65ac30ac6f898eb83a?s=96&d=mm&r=g\",\"caption\":\"Guin\u00e9e Diversit\u00e9\"},\"url\":\"https:\/\/guineediversite.com\/index.php\/author\/guineediversite\/\"}]}<\/script>\n<!-- \/ Yoast SEO plugin. -->","yoast_head_json":{"title":"N\u00e9crologie (UFDG) : Le p\u00e8re de Cellou Bad\u00e9 a tir\u00e9 sa r\u00e9v\u00e9rence | Guin\u00e9e Diversit\u00e9","robots":{"index":"index","follow":"follow","max-snippet":"max-snippet:-1","max-image-preview":"max-image-preview:large","max-video-preview":"max-video-preview:-1"},"canonical":"https:\/\/guineediversite.com\/index.php\/2021\/04\/05\/necrologie-ufdg-le-pere-de-cellou-bade-a-tire-sa-reverence\/","og_locale":"fr_FR","og_type":"article","og_title":"N\u00e9crologie (UFDG) : Le p\u00e8re de Cellou Bad\u00e9 a tir\u00e9 sa r\u00e9v\u00e9rence | Guin\u00e9e Diversit\u00e9","og_description":"La Direction Nationale de l\u2019UFDG a la profonde douleur d\u2019annoncer le d\u00e9c\u00e8s de Eh BOUBACAR BALDE, p\u00e8re de CELLOU BALDE membre du Conseil Politique et responsable des f\u00e9d\u00e9rations de l\u2019int\u00e9rieur. Le d\u00e9c\u00e8s a eu lieu ce jour \u00e0 12h30 \u00e0 Lab\u00e9. Cellou Bald\u00e9 fait partie des opposants d\u00e9tenus \u00e0 la maison centrale de Conakry. &nbsp;","og_url":"https:\/\/guineediversite.com\/index.php\/2021\/04\/05\/necrologie-ufdg-le-pere-de-cellou-bade-a-tire-sa-reverence\/","og_site_name":"Guin\u00e9e Diversit\u00e9","article_publisher":"https:\/\/www.facebook.com\/guineediversite\/","article_published_time":"2021-04-05T15:12:22+00:00","og_image":[{"width":1000,"height":600,"url":"https:\/\/guineediversite.com\/wp-content\/uploads\/2021\/04\/CELLOU-BALDE-UFDG-1.jpg","type":"image\/jpeg"}],"author":"Guin\u00e9e Diversit\u00e9","twitter_card":"summary_large_image","twitter_creator":"@GuineeDiversite","twitter_site":"@GuineeDiversite","twitter_misc":{"\u00c9crit par":"Guin\u00e9e Diversit\u00e9"},"schema":{"@context":"https:\/\/schema.org","@graph":[{"@type":"Article","@id":"https:\/\/guineediversite.com\/index.php\/2021\/04\/05\/necrologie-ufdg-le-pere-de-cellou-bade-a-tire-sa-reverence\/#article","isPartOf":{"@id":"https:\/\/guineediversite.com\/index.php\/2021\/04\/05\/necrologie-ufdg-le-pere-de-cellou-bade-a-tire-sa-reverence\/"},"author":{"name":"Guin\u00e9e Diversit\u00e9","@id":"https:\/\/guineediversite.com\/#\/schema\/person\/afa08fb34e7fc6e1feafc892612bc836"},"headline":"N\u00e9crologie (UFDG) : Le p\u00e8re de Cellou Bad\u00e9 a tir\u00e9 sa r\u00e9v\u00e9rence","datePublished":"2021-04-05T15:12:22+00:00","dateModified":"2021-04-05T15:12:22+00:00","mainEntityOfPage":{"@id":"https:\/\/guineediversite.com\/index.php\/2021\/04\/05\/necrologie-ufdg-le-pere-de-cellou-bade-a-tire-sa-reverence\/"},"wordCount":79,"publisher":{"@id":"https:\/\/guineediversite.com\/#organization"},"image":{"@id":"https:\/\/guineediversite.com\/index.php\/2021\/04\/05\/necrologie-ufdg-le-pere-de-cellou-bade-a-tire-sa-reverence\/#primaryimage"},"thumbnailUrl":"https:\/\/guineediversite.com\/wp-content\/uploads\/2021\/04\/CELLOU-BALDE-UFDG-1.jpg","articleSection":["Soci\u00e9t\u00e9"],"inLanguage":"fr-FR"},{"@type":"WebPage","@id":"https:\/\/guineediversite.com\/index.php\/2021\/04\/05\/necrologie-ufdg-le-pere-de-cellou-bade-a-tire-sa-reverence\/","url":"https:\/\/guineediversite.com\/index.php\/2021\/04\/05\/necrologie-ufdg-le-pere-de-cellou-bade-a-tire-sa-reverence\/","name":"N\u00e9crologie (UFDG) : Le p\u00e8re de Cellou Bad\u00e9 a tir\u00e9 sa r\u00e9v\u00e9rence | Guin\u00e9e Diversit\u00e9","isPartOf":{"@id":"https:\/\/guineediversite.com\/#website"},"primaryImageOfPage":{"@id":"https:\/\/guineediversite.com\/index.php\/2021\/04\/05\/necrologie-ufdg-le-pere-de-cellou-bade-a-tire-sa-reverence\/#primaryimage"},"image":{"@id":"https:\/\/guineediversite.com\/index.php\/2021\/04\/05\/necrologie-ufdg-le-pere-de-cellou-bade-a-tire-sa-reverence\/#primaryimage"},"thumbnailUrl":"https:\/\/guineediversite.com\/wp-content\/uploads\/2021\/04\/CELLOU-BALDE-UFDG-1.jpg","datePublished":"2021-04-05T15:12:22+00:00","dateModified":"2021-04-05T15:12:22+00:00","breadcrumb":{"@id":"https:\/\/guineediversite.com\/index.php\/2021\/04\/05\/necrologie-ufdg-le-pere-de-cellou-bade-a-tire-sa-reverence\/#breadcrumb"},"inLanguage":"fr-FR","potentialAction":[{"@type":"ReadAction","target":["https:\/\/guineediversite.com\/index.php\/2021\/04\/05\/necrologie-ufdg-le-pere-de-cellou-bade-a-tire-sa-reverence\/"]}]},{"@type":"ImageObject","inLanguage":"fr-FR","@id":"https:\/\/guineediversite.com\/index.php\/2021\/04\/05\/necrologie-ufdg-le-pere-de-cellou-bade-a-tire-sa-reverence\/#primaryimage","url":"https:\/\/guineediversite.com\/wp-content\/uploads\/2021\/04\/CELLOU-BALDE-UFDG-1.jpg","contentUrl":"https:\/\/guineediversite.com\/wp-content\/uploads\/2021\/04\/CELLOU-BALDE-UFDG-1.jpg","width":1000,"height":600},{"@type":"BreadcrumbList","@id":"https:\/\/guineediversite.com\/index.php\/2021\/04\/05\/necrologie-ufdg-le-pere-de-cellou-bade-a-tire-sa-reverence\/#breadcrumb","itemListElement":[{"@type":"ListItem","position":1,"name":"Accueil","item":"https:\/\/guineediversite.com\/"},{"@type":"ListItem","position":2,"name":"N\u00e9crologie (UFDG) : Le p\u00e8re de Cellou Bad\u00e9 a tir\u00e9 sa r\u00e9v\u00e9rence"}]},{"@type":"WebSite","@id":"https:\/\/guineediversite.com\/#website","url":"https:\/\/guineediversite.com\/","name":"Guin\u00e9e Diversit\u00e9","description":"L&#039;Info dans toute sa diversit\u00e9","publisher":{"@id":"https:\/\/guineediversite.com\/#organization"},"potentialAction":[{"@type":"SearchAction","target":{"@type":"EntryPoint","urlTemplate":"https:\/\/guineediversite.com\/?s={search_term_string}"},"query-input":{"@type":"PropertyValueSpecification","valueRequired":true,"valueName":"search_term_string"}}],"inLanguage":"fr-FR"},{"@type":"Organization","@id":"https:\/\/guineediversite.com\/#organization","name":"Guin\u00e9e Diversit\u00e9","url":"https:\/\/guineediversite.com\/","logo":{"@type":"ImageObject","inLanguage":"fr-FR","@id":"https:\/\/guineediversite.com\/#\/schema\/logo\/image\/","url":"https:\/\/guineediversite.com\/wp-content\/uploads\/2017\/04\/cropped-1jojlxEOMkX9Wyqfhe43D6kjPOGqBBKmx3EwWJqZ0cMrFF54yM49.png","contentUrl":"https:\/\/guineediversite.com\/wp-content\/uploads\/2017\/04\/cropped-1jojlxEOMkX9Wyqfhe43D6kjPOGqBBKmx3EwWJqZ0cMrFF54yM49.png","width":186,"height":112,"caption":"Guin\u00e9e Diversit\u00e9"},"image":{"@id":"https:\/\/guineediversite.com\/#\/schema\/logo\/image\/"},"sameAs":["https:\/\/www.facebook.com\/guineediversite\/","https:\/\/x.com\/GuineeDiversite","https:\/\/www.youtube.com\/channel\/UC8sUY16qelG5ge6_D5SB83g"]},{"@type":"Person","@id":"https:\/\/guineediversite.com\/#\/schema\/person\/afa08fb34e7fc6e1feafc892612bc836","name":"Guin\u00e9e Diversit\u00e9","image":{"@type":"ImageObject","inLanguage":"fr-FR","@id":"https:\/\/guineediversite.com\/#\/schema\/person\/image\/","url":"https:\/\/secure.gravatar.com\/avatar\/50d5eb5b390f8b65ac30ac6f898eb83a?s=96&d=mm&r=g","contentUrl":"https:\/\/secure.gravatar.com\/avatar\/50d5eb5b390f8b65ac30ac6f898eb83a?s=96&d=mm&r=g","caption":"Guin\u00e9e Diversit\u00e9"},"url":"https:\/\/guineediversite.com\/index.php\/author\/guineediversite\/"}]}},"_links":{"self":[{"href":"https:\/\/guineediversite.com\/index.php\/wp-json\/wp\/v2\/posts\/31211"}],"collection":[{"href":"https:\/\/guineediversite.com\/index.php\/wp-json\/wp\/v2\/posts"}],"about":[{"href":"https:\/\/guineediversite.com\/index.php\/wp-json\/wp\/v2\/types\/post"}],"author":[{"embeddable":true,"href":"https:\/\/guineediversite.com\/index.php\/wp-json\/wp\/v2\/users\/12"}],"replies":[{"embeddable":true,"href":"https:\/\/guineediversite.com\/index.php\/wp-json\/wp\/v2\/comments?post=31211"}],"version-history":[{"count":1,"href":"https:\/\/guineediversite.com\/index.php\/wp-json\/wp\/v2\/posts\/31211\/revisions"}],"predecessor-version":[{"id":31213,"href":"https:\/\/guineediversite.com\/index.php\/wp-json\/wp\/v2\/posts\/31211\/revisions\/31213"}],"wp:featuredmedia":[{"embeddable":true,"href":"https:\/\/guineediversite.com\/index.php\/wp-json\/wp\/v2\/media\/31212"}],"wp:attachment":[{"href":"https:\/\/guineediversite.com\/index.php\/wp-json\/wp\/v2\/media?parent=31211"}],"wp:term":[{"taxonomy":"category","embeddable":true,"href":"https:\/\/guineediversite.com\/index.php\/wp-json\/wp\/v2\/categories?post=31211"},{"taxonomy":"post_tag","embeddable":true,"href":"https:\/\/guineediversite.com\/index.php\/wp-json\/wp\/v2\/tags?post=31211"}],"curies":[{"name":"wp","href":"https:\/\/api.w.org\/{rel}","templated":true}]}}