{"id":31208,"date":"2021-04-03T12:39:55","date_gmt":"2021-04-03T10:39:55","guid":{"rendered":"https:\/\/guineediversite.com\/?p=31208"},"modified":"2021-04-03T12:39:55","modified_gmt":"2021-04-03T10:39:55","slug":"proces-derek-chauvin-le-temoignage-accablant-du-chef-de-la-division-homicide-de-la-police","status":"publish","type":"post","link":"https:\/\/guineediversite.com\/index.php\/2021\/04\/03\/proces-derek-chauvin-le-temoignage-accablant-du-chef-de-la-division-homicide-de-la-police\/","title":{"rendered":"Proc\u00e8s Derek Chauvin: le t\u00e9moignage accablant du chef de la division homicide de la police"},"content":{"rendered":"<p>Au cinqui\u00e8me jour du proc\u00e8s de Derek Chauvin, le mur du silence au sein de la police semble se briser. Deux chefs de brigade ont d\u00e9j\u00e0 t\u00e9moign\u00e9 contre leur ancien coll\u00e8gue pour d\u00e9noncer son usage de la force contre George Floyd.<\/p>\n<p>Chef de la brigade criminelle, le lieutenant Richard Zimmermann,\u00a0policier depuis pr\u00e8s de 30 ans dont 25 dans la grande ville du nord des \u00c9tats-Unis, est un v\u00e9t\u00e9ran de la police de Minneapolis. Appel\u00e9 \u00e0 t\u00e9moigner par l\u2019accusation, il qualifie de \u00ab\u00a0<em>totalement inutile<\/em>\u00a0\u00bb le niveau de force dont Derek Chauvin a fait usage contre George Floyd. Une force excessive, dit-il, parce que mortelle.<\/p>\n<p>\u00ab\u00a0<em>Le placer ainsi face contre terre avec un genou sur le cou et ce, si longtemps, n\u2019est pas justifi\u00e9. Je ne vois pas de raison qui pourrait faire que les policiers se sentent en danger<\/em>\u00a0\u00bb, explique encore le chef de la brigade criminelle.\u00a0En effet, une fois un suspect menott\u00e9, \u00ab\u00a0<em>le risque d&rsquo;\u00eatre bless\u00e9 diminue fortement<\/em>\u00a0\u00bb, a-t-il soulign\u00e9.<\/p>\n<p>Richard Zimmerman a \u00e9galement expliqu\u00e9 avoir, lors de la formation continue, \u00e9t\u00e9 inform\u00e9 des risques de laisser quelqu&rsquo;un \u00e0 plat ventre. \u00ab\u00a0<em>Il faut en sortir le plus vite possible, parce que cela rend la respiration plus difficile<\/em>\u00a0\u00bb. Et, a-t-il insist\u00e9, \u00ab\u00a0<em>quand vous menottez une personne, elle est \u00e0 vous, sa s\u00e9curit\u00e9 et sa sant\u00e9 sont votre responsabilit\u00e9<\/em>\u00a0\u00bb, m\u00eame si une ambulance a \u00e9t\u00e9 appel\u00e9e.<\/p>\n<p>Le lieutenant Zimmermann est le second haut grad\u00e9 de la police de Minneapolis \u00e0 t\u00e9moigner contre Derek Chauvin. Son t\u00e9moignage conclut une semaine \u00e9prouvante pour les jur\u00e9s, qui ont \u00e9t\u00e9 confront\u00e9s \u00e0 des t\u00e9moins du drame toujours boulevers\u00e9s et \u00e0 une avalanche de vid\u00e9os chocs. La mort de George Floyd a en effet \u00e9t\u00e9 film\u00e9e sous tous les angles par des cam\u00e9ras de surveillance, par les cam\u00e9ras-pi\u00e9tons des policiers et par les t\u00e9l\u00e9phones portables des passants.<\/p>\n<p>Un chef de police attendu \u00e0 la barre<\/p>\n<p>La semaine prochaine, un autre poids lourd est attendu \u00e0 la barre, il s\u2019agit du chef du Minneapolis Police Department en personne. Medaria Arradondo est le premier Afro-Am\u00e9ricain \u00e0 ce poste, promu apr\u00e8s la mort de Geroge Floyd, en promettant de r\u00e9former cette institution d\u00e9test\u00e9e.<\/p>\n<p>Un chef de police t\u00e9moignant dans une affaire de meurtre contre l\u2019un de ses agents constituera une premi\u00e8re aux \u00c9tats-Unis, signe que l\u2019omerta au sein de la police am\u00e9ricaine commence peut-\u00eatre \u00e0 se fissurer.<\/p>\n<p>Le proc\u00e8s, qui reprendra lundi matin, doit se poursuivre deux ou trois semaines et les jur\u00e9s devraient rendre leur verdict vers la fin avril ou d\u00e9but mai. Les trois autres policiers impliqu\u00e9s, Alexander Kueng, Thomas Lane et Tou Thao, seront jug\u00e9s en ao\u00fbt pour \u00ab\u00a0complicit\u00e9 de meurtre\u00a0\u00bb.<\/p>\n<p><strong>RFI<\/strong><\/p>\n","protected":false},"excerpt":{"rendered":"<p>Au cinqui\u00e8me jour du proc\u00e8s de Derek Chauvin, le mur du silence au sein de la police semble se briser. Deux chefs de brigade ont d\u00e9j\u00e0 t\u00e9moign\u00e9 contre leur ancien coll\u00e8gue pour d\u00e9noncer son usage de la force contre George Floyd. Chef de la brigade criminelle, le lieutenant Richard Zimmermann,\u00a0policier depuis pr\u00e8s de 30 ans [&hellip;]<\/p>\n","protected":false},"author":12,"featured_media":31209,"comment_status":"closed","ping_status":"open","sticky":false,"template":"","format":"standard","meta":{"_exactmetrics_skip_tracking":false,"_exactmetrics_sitenote_active":false,"_exactmetrics_sitenote_note":"","_exactmetrics_sitenote_category":0,"tdm_status":"","tdm_grid_status":"","footnotes":""},"categories":[21],"tags":[],"class_list":{"0":"post-31208","1":"post","2":"type-post","3":"status-publish","4":"format-standard","5":"has-post-thumbnail","7":"category-international"},"yoast_head":"<!-- This site is optimized with the Yoast SEO plugin v24.2 - https:\/\/yoast.com\/wordpress\/plugins\/seo\/ -->\n<title>Proc\u00e8s Derek Chauvin: le t\u00e9moignage accablant du chef de la division homicide de la police | Guin\u00e9e Diversit\u00e9<\/title>\n<meta name=\"robots\" content=\"index, follow, max-snippet:-1, max-image-preview:large, max-video-preview:-1\" \/>\n<link rel=\"canonical\" href=\"https:\/\/guineediversite.com\/index.php\/2021\/04\/03\/proces-derek-chauvin-le-temoignage-accablant-du-chef-de-la-division-homicide-de-la-police\/\" \/>\n<meta property=\"og:locale\" content=\"fr_FR\" \/>\n<meta property=\"og:type\" content=\"article\" \/>\n<meta property=\"og:title\" content=\"Proc\u00e8s Derek Chauvin: le t\u00e9moignage accablant du chef de la division homicide de la police | Guin\u00e9e Diversit\u00e9\" \/>\n<meta property=\"og:description\" content=\"Au cinqui\u00e8me jour du proc\u00e8s de Derek Chauvin, le mur du silence au sein de la police semble se briser. Deux chefs de brigade ont d\u00e9j\u00e0 t\u00e9moign\u00e9 contre leur ancien coll\u00e8gue pour d\u00e9noncer son usage de la force contre George Floyd. Chef de la brigade criminelle, le lieutenant Richard Zimmermann,\u00a0policier depuis pr\u00e8s de 30 ans [&hellip;]\" \/>\n<meta property=\"og:url\" content=\"https:\/\/guineediversite.com\/index.php\/2021\/04\/03\/proces-derek-chauvin-le-temoignage-accablant-du-chef-de-la-division-homicide-de-la-police\/\" \/>\n<meta property=\"og:site_name\" content=\"Guin\u00e9e Diversit\u00e9\" \/>\n<meta property=\"article:publisher\" content=\"https:\/\/www.facebook.com\/guineediversite\/\" \/>\n<meta property=\"article:published_time\" content=\"2021-04-03T10:39:55+00:00\" \/>\n<meta property=\"og:image\" content=\"https:\/\/guineediversite.com\/wp-content\/uploads\/2021\/04\/le-temoignage-accablant-du-chef-de-la-division-homicide-de-la-police.jpg\" \/>\n\t<meta property=\"og:image:width\" content=\"1000\" \/>\n\t<meta property=\"og:image:height\" content=\"749\" \/>\n\t<meta property=\"og:image:type\" content=\"image\/jpeg\" \/>\n<meta name=\"author\" content=\"Guin\u00e9e Diversit\u00e9\" \/>\n<meta name=\"twitter:card\" content=\"summary_large_image\" \/>\n<meta name=\"twitter:creator\" content=\"@GuineeDiversite\" \/>\n<meta name=\"twitter:site\" content=\"@GuineeDiversite\" \/>\n<meta name=\"twitter:label1\" content=\"\u00c9crit par\" \/>\n\t<meta name=\"twitter:data1\" content=\"Guin\u00e9e Diversit\u00e9\" \/>\n\t<meta name=\"twitter:label2\" content=\"Dur\u00e9e de lecture estim\u00e9e\" \/>\n\t<meta name=\"twitter:data2\" content=\"2 minutes\" \/>\n<script type=\"application\/ld+json\" class=\"yoast-schema-graph\">{\"@context\":\"https:\/\/schema.org\",\"@graph\":[{\"@type\":\"Article\",\"@id\":\"https:\/\/guineediversite.com\/index.php\/2021\/04\/03\/proces-derek-chauvin-le-temoignage-accablant-du-chef-de-la-division-homicide-de-la-police\/#article\",\"isPartOf\":{\"@id\":\"https:\/\/guineediversite.com\/index.php\/2021\/04\/03\/proces-derek-chauvin-le-temoignage-accablant-du-chef-de-la-division-homicide-de-la-police\/\"},\"author\":{\"name\":\"Guin\u00e9e Diversit\u00e9\",\"@id\":\"https:\/\/guineediversite.com\/#\/schema\/person\/afa08fb34e7fc6e1feafc892612bc836\"},\"headline\":\"Proc\u00e8s Derek Chauvin: le t\u00e9moignage accablant du chef de la division homicide de la police\",\"datePublished\":\"2021-04-03T10:39:55+00:00\",\"dateModified\":\"2021-04-03T10:39:55+00:00\",\"mainEntityOfPage\":{\"@id\":\"https:\/\/guineediversite.com\/index.php\/2021\/04\/03\/proces-derek-chauvin-le-temoignage-accablant-du-chef-de-la-division-homicide-de-la-police\/\"},\"wordCount\":490,\"publisher\":{\"@id\":\"https:\/\/guineediversite.com\/#organization\"},\"image\":{\"@id\":\"https:\/\/guineediversite.com\/index.php\/2021\/04\/03\/proces-derek-chauvin-le-temoignage-accablant-du-chef-de-la-division-homicide-de-la-police\/#primaryimage\"},\"thumbnailUrl\":\"https:\/\/guineediversite.com\/wp-content\/uploads\/2021\/04\/le-temoignage-accablant-du-chef-de-la-division-homicide-de-la-police.jpg\",\"articleSection\":[\"International\"],\"inLanguage\":\"fr-FR\"},{\"@type\":\"WebPage\",\"@id\":\"https:\/\/guineediversite.com\/index.php\/2021\/04\/03\/proces-derek-chauvin-le-temoignage-accablant-du-chef-de-la-division-homicide-de-la-police\/\",\"url\":\"https:\/\/guineediversite.com\/index.php\/2021\/04\/03\/proces-derek-chauvin-le-temoignage-accablant-du-chef-de-la-division-homicide-de-la-police\/\",\"name\":\"Proc\u00e8s Derek Chauvin: le t\u00e9moignage accablant du chef de la division homicide de la police | Guin\u00e9e Diversit\u00e9\",\"isPartOf\":{\"@id\":\"https:\/\/guineediversite.com\/#website\"},\"primaryImageOfPage\":{\"@id\":\"https:\/\/guineediversite.com\/index.php\/2021\/04\/03\/proces-derek-chauvin-le-temoignage-accablant-du-chef-de-la-division-homicide-de-la-police\/#primaryimage\"},\"image\":{\"@id\":\"https:\/\/guineediversite.com\/index.php\/2021\/04\/03\/proces-derek-chauvin-le-temoignage-accablant-du-chef-de-la-division-homicide-de-la-police\/#primaryimage\"},\"thumbnailUrl\":\"https:\/\/guineediversite.com\/wp-content\/uploads\/2021\/04\/le-temoignage-accablant-du-chef-de-la-division-homicide-de-la-police.jpg\",\"datePublished\":\"2021-04-03T10:39:55+00:00\",\"dateModified\":\"2021-04-03T10:39:55+00:00\",\"breadcrumb\":{\"@id\":\"https:\/\/guineediversite.com\/index.php\/2021\/04\/03\/proces-derek-chauvin-le-temoignage-accablant-du-chef-de-la-division-homicide-de-la-police\/#breadcrumb\"},\"inLanguage\":\"fr-FR\",\"potentialAction\":[{\"@type\":\"ReadAction\",\"target\":[\"https:\/\/guineediversite.com\/index.php\/2021\/04\/03\/proces-derek-chauvin-le-temoignage-accablant-du-chef-de-la-division-homicide-de-la-police\/\"]}]},{\"@type\":\"ImageObject\",\"inLanguage\":\"fr-FR\",\"@id\":\"https:\/\/guineediversite.com\/index.php\/2021\/04\/03\/proces-derek-chauvin-le-temoignage-accablant-du-chef-de-la-division-homicide-de-la-police\/#primaryimage\",\"url\":\"https:\/\/guineediversite.com\/wp-content\/uploads\/2021\/04\/le-temoignage-accablant-du-chef-de-la-division-homicide-de-la-police.jpg\",\"contentUrl\":\"https:\/\/guineediversite.com\/wp-content\/uploads\/2021\/04\/le-temoignage-accablant-du-chef-de-la-division-homicide-de-la-police.jpg\",\"width\":1000,\"height\":749},{\"@type\":\"BreadcrumbList\",\"@id\":\"https:\/\/guineediversite.com\/index.php\/2021\/04\/03\/proces-derek-chauvin-le-temoignage-accablant-du-chef-de-la-division-homicide-de-la-police\/#breadcrumb\",\"itemListElement\":[{\"@type\":\"ListItem\",\"position\":1,\"name\":\"Accueil\",\"item\":\"https:\/\/guineediversite.com\/\"},{\"@type\":\"ListItem\",\"position\":2,\"name\":\"Proc\u00e8s Derek Chauvin: le t\u00e9moignage accablant du chef de la division homicide de la police\"}]},{\"@type\":\"WebSite\",\"@id\":\"https:\/\/guineediversite.com\/#website\",\"url\":\"https:\/\/guineediversite.com\/\",\"name\":\"Guin\u00e9e Diversit\u00e9\",\"description\":\"L&#039;Info dans toute sa diversit\u00e9\",\"publisher\":{\"@id\":\"https:\/\/guineediversite.com\/#organization\"},\"potentialAction\":[{\"@type\":\"SearchAction\",\"target\":{\"@type\":\"EntryPoint\",\"urlTemplate\":\"https:\/\/guineediversite.com\/?s={search_term_string}\"},\"query-input\":{\"@type\":\"PropertyValueSpecification\",\"valueRequired\":true,\"valueName\":\"search_term_string\"}}],\"inLanguage\":\"fr-FR\"},{\"@type\":\"Organization\",\"@id\":\"https:\/\/guineediversite.com\/#organization\",\"name\":\"Guin\u00e9e Diversit\u00e9\",\"url\":\"https:\/\/guineediversite.com\/\",\"logo\":{\"@type\":\"ImageObject\",\"inLanguage\":\"fr-FR\",\"@id\":\"https:\/\/guineediversite.com\/#\/schema\/logo\/image\/\",\"url\":\"https:\/\/guineediversite.com\/wp-content\/uploads\/2017\/04\/cropped-1jojlxEOMkX9Wyqfhe43D6kjPOGqBBKmx3EwWJqZ0cMrFF54yM49.png\",\"contentUrl\":\"https:\/\/guineediversite.com\/wp-content\/uploads\/2017\/04\/cropped-1jojlxEOMkX9Wyqfhe43D6kjPOGqBBKmx3EwWJqZ0cMrFF54yM49.png\",\"width\":186,\"height\":112,\"caption\":\"Guin\u00e9e Diversit\u00e9\"},\"image\":{\"@id\":\"https:\/\/guineediversite.com\/#\/schema\/logo\/image\/\"},\"sameAs\":[\"https:\/\/www.facebook.com\/guineediversite\/\",\"https:\/\/x.com\/GuineeDiversite\",\"https:\/\/www.youtube.com\/channel\/UC8sUY16qelG5ge6_D5SB83g\"]},{\"@type\":\"Person\",\"@id\":\"https:\/\/guineediversite.com\/#\/schema\/person\/afa08fb34e7fc6e1feafc892612bc836\",\"name\":\"Guin\u00e9e Diversit\u00e9\",\"image\":{\"@type\":\"ImageObject\",\"inLanguage\":\"fr-FR\",\"@id\":\"https:\/\/guineediversite.com\/#\/schema\/person\/image\/\",\"url\":\"https:\/\/secure.gravatar.com\/avatar\/50d5eb5b390f8b65ac30ac6f898eb83a?s=96&d=mm&r=g\",\"contentUrl\":\"https:\/\/secure.gravatar.com\/avatar\/50d5eb5b390f8b65ac30ac6f898eb83a?s=96&d=mm&r=g\",\"caption\":\"Guin\u00e9e Diversit\u00e9\"},\"url\":\"https:\/\/guineediversite.com\/index.php\/author\/guineediversite\/\"}]}<\/script>\n<!-- \/ Yoast SEO plugin. -->","yoast_head_json":{"title":"Proc\u00e8s Derek Chauvin: le t\u00e9moignage accablant du chef de la division homicide de la police | Guin\u00e9e Diversit\u00e9","robots":{"index":"index","follow":"follow","max-snippet":"max-snippet:-1","max-image-preview":"max-image-preview:large","max-video-preview":"max-video-preview:-1"},"canonical":"https:\/\/guineediversite.com\/index.php\/2021\/04\/03\/proces-derek-chauvin-le-temoignage-accablant-du-chef-de-la-division-homicide-de-la-police\/","og_locale":"fr_FR","og_type":"article","og_title":"Proc\u00e8s Derek Chauvin: le t\u00e9moignage accablant du chef de la division homicide de la police | Guin\u00e9e Diversit\u00e9","og_description":"Au cinqui\u00e8me jour du proc\u00e8s de Derek Chauvin, le mur du silence au sein de la police semble se briser. Deux chefs de brigade ont d\u00e9j\u00e0 t\u00e9moign\u00e9 contre leur ancien coll\u00e8gue pour d\u00e9noncer son usage de la force contre George Floyd. Chef de la brigade criminelle, le lieutenant Richard Zimmermann,\u00a0policier depuis pr\u00e8s de 30 ans [&hellip;]","og_url":"https:\/\/guineediversite.com\/index.php\/2021\/04\/03\/proces-derek-chauvin-le-temoignage-accablant-du-chef-de-la-division-homicide-de-la-police\/","og_site_name":"Guin\u00e9e Diversit\u00e9","article_publisher":"https:\/\/www.facebook.com\/guineediversite\/","article_published_time":"2021-04-03T10:39:55+00:00","og_image":[{"width":1000,"height":749,"url":"https:\/\/guineediversite.com\/wp-content\/uploads\/2021\/04\/le-temoignage-accablant-du-chef-de-la-division-homicide-de-la-police.jpg","type":"image\/jpeg"}],"author":"Guin\u00e9e Diversit\u00e9","twitter_card":"summary_large_image","twitter_creator":"@GuineeDiversite","twitter_site":"@GuineeDiversite","twitter_misc":{"\u00c9crit par":"Guin\u00e9e Diversit\u00e9","Dur\u00e9e de lecture estim\u00e9e":"2 minutes"},"schema":{"@context":"https:\/\/schema.org","@graph":[{"@type":"Article","@id":"https:\/\/guineediversite.com\/index.php\/2021\/04\/03\/proces-derek-chauvin-le-temoignage-accablant-du-chef-de-la-division-homicide-de-la-police\/#article","isPartOf":{"@id":"https:\/\/guineediversite.com\/index.php\/2021\/04\/03\/proces-derek-chauvin-le-temoignage-accablant-du-chef-de-la-division-homicide-de-la-police\/"},"author":{"name":"Guin\u00e9e Diversit\u00e9","@id":"https:\/\/guineediversite.com\/#\/schema\/person\/afa08fb34e7fc6e1feafc892612bc836"},"headline":"Proc\u00e8s Derek Chauvin: le t\u00e9moignage accablant du chef de la division homicide de la police","datePublished":"2021-04-03T10:39:55+00:00","dateModified":"2021-04-03T10:39:55+00:00","mainEntityOfPage":{"@id":"https:\/\/guineediversite.com\/index.php\/2021\/04\/03\/proces-derek-chauvin-le-temoignage-accablant-du-chef-de-la-division-homicide-de-la-police\/"},"wordCount":490,"publisher":{"@id":"https:\/\/guineediversite.com\/#organization"},"image":{"@id":"https:\/\/guineediversite.com\/index.php\/2021\/04\/03\/proces-derek-chauvin-le-temoignage-accablant-du-chef-de-la-division-homicide-de-la-police\/#primaryimage"},"thumbnailUrl":"https:\/\/guineediversite.com\/wp-content\/uploads\/2021\/04\/le-temoignage-accablant-du-chef-de-la-division-homicide-de-la-police.jpg","articleSection":["International"],"inLanguage":"fr-FR"},{"@type":"WebPage","@id":"https:\/\/guineediversite.com\/index.php\/2021\/04\/03\/proces-derek-chauvin-le-temoignage-accablant-du-chef-de-la-division-homicide-de-la-police\/","url":"https:\/\/guineediversite.com\/index.php\/2021\/04\/03\/proces-derek-chauvin-le-temoignage-accablant-du-chef-de-la-division-homicide-de-la-police\/","name":"Proc\u00e8s Derek Chauvin: le t\u00e9moignage accablant du chef de la division homicide de la police | Guin\u00e9e Diversit\u00e9","isPartOf":{"@id":"https:\/\/guineediversite.com\/#website"},"primaryImageOfPage":{"@id":"https:\/\/guineediversite.com\/index.php\/2021\/04\/03\/proces-derek-chauvin-le-temoignage-accablant-du-chef-de-la-division-homicide-de-la-police\/#primaryimage"},"image":{"@id":"https:\/\/guineediversite.com\/index.php\/2021\/04\/03\/proces-derek-chauvin-le-temoignage-accablant-du-chef-de-la-division-homicide-de-la-police\/#primaryimage"},"thumbnailUrl":"https:\/\/guineediversite.com\/wp-content\/uploads\/2021\/04\/le-temoignage-accablant-du-chef-de-la-division-homicide-de-la-police.jpg","datePublished":"2021-04-03T10:39:55+00:00","dateModified":"2021-04-03T10:39:55+00:00","breadcrumb":{"@id":"https:\/\/guineediversite.com\/index.php\/2021\/04\/03\/proces-derek-chauvin-le-temoignage-accablant-du-chef-de-la-division-homicide-de-la-police\/#breadcrumb"},"inLanguage":"fr-FR","potentialAction":[{"@type":"ReadAction","target":["https:\/\/guineediversite.com\/index.php\/2021\/04\/03\/proces-derek-chauvin-le-temoignage-accablant-du-chef-de-la-division-homicide-de-la-police\/"]}]},{"@type":"ImageObject","inLanguage":"fr-FR","@id":"https:\/\/guineediversite.com\/index.php\/2021\/04\/03\/proces-derek-chauvin-le-temoignage-accablant-du-chef-de-la-division-homicide-de-la-police\/#primaryimage","url":"https:\/\/guineediversite.com\/wp-content\/uploads\/2021\/04\/le-temoignage-accablant-du-chef-de-la-division-homicide-de-la-police.jpg","contentUrl":"https:\/\/guineediversite.com\/wp-content\/uploads\/2021\/04\/le-temoignage-accablant-du-chef-de-la-division-homicide-de-la-police.jpg","width":1000,"height":749},{"@type":"BreadcrumbList","@id":"https:\/\/guineediversite.com\/index.php\/2021\/04\/03\/proces-derek-chauvin-le-temoignage-accablant-du-chef-de-la-division-homicide-de-la-police\/#breadcrumb","itemListElement":[{"@type":"ListItem","position":1,"name":"Accueil","item":"https:\/\/guineediversite.com\/"},{"@type":"ListItem","position":2,"name":"Proc\u00e8s Derek Chauvin: le t\u00e9moignage accablant du chef de la division homicide de la police"}]},{"@type":"WebSite","@id":"https:\/\/guineediversite.com\/#website","url":"https:\/\/guineediversite.com\/","name":"Guin\u00e9e Diversit\u00e9","description":"L&#039;Info dans toute sa diversit\u00e9","publisher":{"@id":"https:\/\/guineediversite.com\/#organization"},"potentialAction":[{"@type":"SearchAction","target":{"@type":"EntryPoint","urlTemplate":"https:\/\/guineediversite.com\/?s={search_term_string}"},"query-input":{"@type":"PropertyValueSpecification","valueRequired":true,"valueName":"search_term_string"}}],"inLanguage":"fr-FR"},{"@type":"Organization","@id":"https:\/\/guineediversite.com\/#organization","name":"Guin\u00e9e Diversit\u00e9","url":"https:\/\/guineediversite.com\/","logo":{"@type":"ImageObject","inLanguage":"fr-FR","@id":"https:\/\/guineediversite.com\/#\/schema\/logo\/image\/","url":"https:\/\/guineediversite.com\/wp-content\/uploads\/2017\/04\/cropped-1jojlxEOMkX9Wyqfhe43D6kjPOGqBBKmx3EwWJqZ0cMrFF54yM49.png","contentUrl":"https:\/\/guineediversite.com\/wp-content\/uploads\/2017\/04\/cropped-1jojlxEOMkX9Wyqfhe43D6kjPOGqBBKmx3EwWJqZ0cMrFF54yM49.png","width":186,"height":112,"caption":"Guin\u00e9e Diversit\u00e9"},"image":{"@id":"https:\/\/guineediversite.com\/#\/schema\/logo\/image\/"},"sameAs":["https:\/\/www.facebook.com\/guineediversite\/","https:\/\/x.com\/GuineeDiversite","https:\/\/www.youtube.com\/channel\/UC8sUY16qelG5ge6_D5SB83g"]},{"@type":"Person","@id":"https:\/\/guineediversite.com\/#\/schema\/person\/afa08fb34e7fc6e1feafc892612bc836","name":"Guin\u00e9e Diversit\u00e9","image":{"@type":"ImageObject","inLanguage":"fr-FR","@id":"https:\/\/guineediversite.com\/#\/schema\/person\/image\/","url":"https:\/\/secure.gravatar.com\/avatar\/50d5eb5b390f8b65ac30ac6f898eb83a?s=96&d=mm&r=g","contentUrl":"https:\/\/secure.gravatar.com\/avatar\/50d5eb5b390f8b65ac30ac6f898eb83a?s=96&d=mm&r=g","caption":"Guin\u00e9e Diversit\u00e9"},"url":"https:\/\/guineediversite.com\/index.php\/author\/guineediversite\/"}]}},"_links":{"self":[{"href":"https:\/\/guineediversite.com\/index.php\/wp-json\/wp\/v2\/posts\/31208"}],"collection":[{"href":"https:\/\/guineediversite.com\/index.php\/wp-json\/wp\/v2\/posts"}],"about":[{"href":"https:\/\/guineediversite.com\/index.php\/wp-json\/wp\/v2\/types\/post"}],"author":[{"embeddable":true,"href":"https:\/\/guineediversite.com\/index.php\/wp-json\/wp\/v2\/users\/12"}],"replies":[{"embeddable":true,"href":"https:\/\/guineediversite.com\/index.php\/wp-json\/wp\/v2\/comments?post=31208"}],"version-history":[{"count":1,"href":"https:\/\/guineediversite.com\/index.php\/wp-json\/wp\/v2\/posts\/31208\/revisions"}],"predecessor-version":[{"id":31210,"href":"https:\/\/guineediversite.com\/index.php\/wp-json\/wp\/v2\/posts\/31208\/revisions\/31210"}],"wp:featuredmedia":[{"embeddable":true,"href":"https:\/\/guineediversite.com\/index.php\/wp-json\/wp\/v2\/media\/31209"}],"wp:attachment":[{"href":"https:\/\/guineediversite.com\/index.php\/wp-json\/wp\/v2\/media?parent=31208"}],"wp:term":[{"taxonomy":"category","embeddable":true,"href":"https:\/\/guineediversite.com\/index.php\/wp-json\/wp\/v2\/categories?post=31208"},{"taxonomy":"post_tag","embeddable":true,"href":"https:\/\/guineediversite.com\/index.php\/wp-json\/wp\/v2\/tags?post=31208"}],"curies":[{"name":"wp","href":"https:\/\/api.w.org\/{rel}","templated":true}]}}