{"id":31192,"date":"2021-04-02T11:42:48","date_gmt":"2021-04-02T09:42:48","guid":{"rendered":"https:\/\/guineediversite.com\/?p=31192"},"modified":"2021-04-02T11:42:48","modified_gmt":"2021-04-02T09:42:48","slug":"proces-derek-chauvin-deux-secouristes-confirment-que-george-floyd-etait-mort-a-leur-arrivee","status":"publish","type":"post","link":"https:\/\/guineediversite.com\/index.php\/2021\/04\/02\/proces-derek-chauvin-deux-secouristes-confirment-que-george-floyd-etait-mort-a-leur-arrivee\/","title":{"rendered":"Proc\u00e8s Derek Chauvin: deux secouristes confirment que George Floyd \u00e9tait mort \u00e0 leur arriv\u00e9e"},"content":{"rendered":"<p>Apr\u00e8s les t\u00e9moins oculaires du drame, la veille, deux ambulanciers et la compagne de George Floyd ont livr\u00e9 leur t\u00e9moignage, jeudi 1er avril, \u00e0 Minneapolis.\u00a0Enjeu principal de cette quatri\u00e8me journ\u00e9e d&rsquo;audience : d\u00e9terminer quand et comment il\u00a0est mort. C\u2019est sur ces deux questions cruciales que les douze\u00a0jur\u00e9s vont devoir d\u00e9cider de la culpabilit\u00e9 ou non de l&rsquo;ex-policier\u00a0Derek Chauvin dans le meurtre de l\u2019Afro-Am\u00e9ricain.<\/p>\n<p>L&rsquo;un des moments forts de cette journ\u00e9e\u00a0a \u00e9t\u00e9 le t\u00e9moignage\u00a0des deux ambulanciers qui sont intervenus pour amener George Floyd a l\u2019h\u00f4pital.\u00a0Tous deux ont confirm\u00e9 qu&rsquo;il\u00a0\u00e9tait d\u00e9j\u00e0 mort \u00e0 leur arriv\u00e9e.\u00a0Mort,\u00a0disent-ils, alors qu\u2019il \u00e9tait encore menott\u00e9 et immobilis\u00e9 sous le genou de Derek Chauvin.<\/p>\n<p>Lorsque l\u2019ambulance arrive sur les lieux,\u00a0les trois\u00a0policiers\u00a0sont agenouill\u00e9s sur le corps inerte de George Floyd.\u00a0Un secouriste prend le pouls de l\u2019Afro-Am\u00e9ricain,\u00a0mais ne d\u00e9tecte aucune pulsation.\u00a0Pourtant Dereck Chauvin maintient son genou sur son cou pendant encore trois\u00a0longue minutes.\u00a0La d\u00e9fense voulait d\u00e9montrer que George Floyd est mort dans l\u2019ambulance et pas sous le genou de l\u2019ex-policier.\u00a0Une version r\u00e9fut\u00e9e par l\u2019ambulancier. \u00ab <em>Quand je suis arriv\u00e9, il \u00e9tait d\u00e9c\u00e9d\u00e9,<\/em> affirme\u00a0Derek Smith.\u00a0<em>Quand je l\u2019ai d\u00e9pos\u00e9 \u00e0 l\u2019h\u00f4pital, il \u00e9tait toujours en arr\u00eat cardiaque. <\/em>\u00bb<\/p>\n<p>Appel\u00e9 en renfort sur les lieux,\u00a0le sup\u00e9rieur de Derek Chauvin t\u00e9moigne \u00e0 son tour.\u00a0Le sergent Pleoger,\u00a027 ans d\u2019exp\u00e9rience,\u00a0affirme que cette technique d\u2019interpellation est r\u00e9glementaire,\u00a0mais jamais aussi longtemps.<\/p>\n<p>Addiction aux\u00a0opio\u00efdes<\/p>\n<p>Autre moment cl\u00e9, le t\u00e9moignage de la compagne \u00e9plor\u00e9e de George Floyd,\u00a0Courtney Ross, l\u2019humanise,\u00a0le d\u00e9peint en p\u00e8re aimant et en homme de foi, mais raconte aussi leur\u00a0addiction\u00a0aux opio\u00efdes. \u00ab<em> C\u2019est une histoire d\u2019addiction aux opiac\u00e9s classique, comme tant d\u2019autres personnes,<\/em> raconte-t-elle.<em>\u00a0On souffrait tous les deux de douleurs chroniques. Moi dans le cou, lui dans le dos. On avait tous les deux des prescriptions m\u00e9dicales. Et on est devenus addict. On a vraiment essay\u00e9 dur de nous en sortir.\u00a0<\/em>\u00bb<\/p>\n<p>Une histoire classique qui s\u2019est termin\u00e9e en mars par un s\u00e9jour \u00e0 l\u2019h\u00f4pital pour overdose.\u00a0Sa compagne a confirm\u00e9 que George Floyd continuait de consommer des drogues les jours pr\u00e9c\u00e9dant son interpellation,\u00a0mais il \u00e9tait tr\u00e8s sportif,\u00a0dit-elle, sans aucun\u00a0probl\u00e8me de respiration.<\/p>\n<p>La d\u00e9fense\u00a0tente de prouver que ces opio\u00efdes sont la vraie cause du d\u00e9c\u00e8s de George Floyd.\u00a0Son autopsie confirme en effet la pr\u00e9sence de drogues dans son sang, mais conclut surtout \u00e0 un homicide par \u00e9touffement.<\/p>\n<p><strong>RFI<\/strong><\/p>\n","protected":false},"excerpt":{"rendered":"<p>Apr\u00e8s les t\u00e9moins oculaires du drame, la veille, deux ambulanciers et la compagne de George Floyd ont livr\u00e9 leur t\u00e9moignage, jeudi 1er avril, \u00e0 Minneapolis.\u00a0Enjeu principal de cette quatri\u00e8me journ\u00e9e d&rsquo;audience : d\u00e9terminer quand et comment il\u00a0est mort. C\u2019est sur ces deux questions cruciales que les douze\u00a0jur\u00e9s vont devoir d\u00e9cider de la culpabilit\u00e9 ou non [&hellip;]<\/p>\n","protected":false},"author":12,"featured_media":31193,"comment_status":"closed","ping_status":"open","sticky":false,"template":"","format":"standard","meta":{"_exactmetrics_skip_tracking":false,"_exactmetrics_sitenote_active":false,"_exactmetrics_sitenote_note":"","_exactmetrics_sitenote_category":0,"tdm_status":"","tdm_grid_status":"","footnotes":""},"categories":[21],"tags":[],"class_list":{"0":"post-31192","1":"post","2":"type-post","3":"status-publish","4":"format-standard","5":"has-post-thumbnail","7":"category-international"},"yoast_head":"<!-- This site is optimized with the Yoast SEO plugin v24.2 - https:\/\/yoast.com\/wordpress\/plugins\/seo\/ -->\n<title>Proc\u00e8s Derek Chauvin: deux secouristes confirment que George Floyd \u00e9tait mort \u00e0 leur arriv\u00e9e | Guin\u00e9e Diversit\u00e9<\/title>\n<meta name=\"robots\" content=\"index, follow, max-snippet:-1, max-image-preview:large, max-video-preview:-1\" \/>\n<link rel=\"canonical\" href=\"https:\/\/guineediversite.com\/index.php\/2021\/04\/02\/proces-derek-chauvin-deux-secouristes-confirment-que-george-floyd-etait-mort-a-leur-arrivee\/\" \/>\n<meta property=\"og:locale\" content=\"fr_FR\" \/>\n<meta property=\"og:type\" content=\"article\" \/>\n<meta property=\"og:title\" content=\"Proc\u00e8s Derek Chauvin: deux secouristes confirment que George Floyd \u00e9tait mort \u00e0 leur arriv\u00e9e | Guin\u00e9e Diversit\u00e9\" \/>\n<meta property=\"og:description\" content=\"Apr\u00e8s les t\u00e9moins oculaires du drame, la veille, deux ambulanciers et la compagne de George Floyd ont livr\u00e9 leur t\u00e9moignage, jeudi 1er avril, \u00e0 Minneapolis.\u00a0Enjeu principal de cette quatri\u00e8me journ\u00e9e d&rsquo;audience : d\u00e9terminer quand et comment il\u00a0est mort. C\u2019est sur ces deux questions cruciales que les douze\u00a0jur\u00e9s vont devoir d\u00e9cider de la culpabilit\u00e9 ou non [&hellip;]\" \/>\n<meta property=\"og:url\" content=\"https:\/\/guineediversite.com\/index.php\/2021\/04\/02\/proces-derek-chauvin-deux-secouristes-confirment-que-george-floyd-etait-mort-a-leur-arrivee\/\" \/>\n<meta property=\"og:site_name\" content=\"Guin\u00e9e Diversit\u00e9\" \/>\n<meta property=\"article:publisher\" content=\"https:\/\/www.facebook.com\/guineediversite\/\" \/>\n<meta property=\"article:published_time\" content=\"2021-04-02T09:42:48+00:00\" \/>\n<meta property=\"og:image\" content=\"https:\/\/guineediversite.com\/wp-content\/uploads\/2021\/04\/Proces-Derek-Chauvin-deux-secouristes-confirment-que-George-Floyd-etait-mort-a-leur-arrivee.jpg\" \/>\n\t<meta property=\"og:image:width\" content=\"1000\" \/>\n\t<meta property=\"og:image:height\" content=\"560\" \/>\n\t<meta property=\"og:image:type\" content=\"image\/jpeg\" \/>\n<meta name=\"author\" content=\"Guin\u00e9e Diversit\u00e9\" \/>\n<meta name=\"twitter:card\" content=\"summary_large_image\" \/>\n<meta name=\"twitter:creator\" content=\"@GuineeDiversite\" \/>\n<meta name=\"twitter:site\" content=\"@GuineeDiversite\" \/>\n<meta name=\"twitter:label1\" content=\"\u00c9crit par\" \/>\n\t<meta name=\"twitter:data1\" content=\"Guin\u00e9e Diversit\u00e9\" \/>\n\t<meta name=\"twitter:label2\" content=\"Dur\u00e9e de lecture estim\u00e9e\" \/>\n\t<meta name=\"twitter:data2\" content=\"2 minutes\" \/>\n<script type=\"application\/ld+json\" class=\"yoast-schema-graph\">{\"@context\":\"https:\/\/schema.org\",\"@graph\":[{\"@type\":\"Article\",\"@id\":\"https:\/\/guineediversite.com\/index.php\/2021\/04\/02\/proces-derek-chauvin-deux-secouristes-confirment-que-george-floyd-etait-mort-a-leur-arrivee\/#article\",\"isPartOf\":{\"@id\":\"https:\/\/guineediversite.com\/index.php\/2021\/04\/02\/proces-derek-chauvin-deux-secouristes-confirment-que-george-floyd-etait-mort-a-leur-arrivee\/\"},\"author\":{\"name\":\"Guin\u00e9e Diversit\u00e9\",\"@id\":\"https:\/\/guineediversite.com\/#\/schema\/person\/afa08fb34e7fc6e1feafc892612bc836\"},\"headline\":\"Proc\u00e8s Derek Chauvin: deux secouristes confirment que George Floyd \u00e9tait mort \u00e0 leur arriv\u00e9e\",\"datePublished\":\"2021-04-02T09:42:48+00:00\",\"dateModified\":\"2021-04-02T09:42:48+00:00\",\"mainEntityOfPage\":{\"@id\":\"https:\/\/guineediversite.com\/index.php\/2021\/04\/02\/proces-derek-chauvin-deux-secouristes-confirment-que-george-floyd-etait-mort-a-leur-arrivee\/\"},\"wordCount\":483,\"publisher\":{\"@id\":\"https:\/\/guineediversite.com\/#organization\"},\"image\":{\"@id\":\"https:\/\/guineediversite.com\/index.php\/2021\/04\/02\/proces-derek-chauvin-deux-secouristes-confirment-que-george-floyd-etait-mort-a-leur-arrivee\/#primaryimage\"},\"thumbnailUrl\":\"https:\/\/guineediversite.com\/wp-content\/uploads\/2021\/04\/Proces-Derek-Chauvin-deux-secouristes-confirment-que-George-Floyd-etait-mort-a-leur-arrivee.jpg\",\"articleSection\":[\"International\"],\"inLanguage\":\"fr-FR\"},{\"@type\":\"WebPage\",\"@id\":\"https:\/\/guineediversite.com\/index.php\/2021\/04\/02\/proces-derek-chauvin-deux-secouristes-confirment-que-george-floyd-etait-mort-a-leur-arrivee\/\",\"url\":\"https:\/\/guineediversite.com\/index.php\/2021\/04\/02\/proces-derek-chauvin-deux-secouristes-confirment-que-george-floyd-etait-mort-a-leur-arrivee\/\",\"name\":\"Proc\u00e8s Derek Chauvin: deux secouristes confirment que George Floyd \u00e9tait mort \u00e0 leur arriv\u00e9e | Guin\u00e9e Diversit\u00e9\",\"isPartOf\":{\"@id\":\"https:\/\/guineediversite.com\/#website\"},\"primaryImageOfPage\":{\"@id\":\"https:\/\/guineediversite.com\/index.php\/2021\/04\/02\/proces-derek-chauvin-deux-secouristes-confirment-que-george-floyd-etait-mort-a-leur-arrivee\/#primaryimage\"},\"image\":{\"@id\":\"https:\/\/guineediversite.com\/index.php\/2021\/04\/02\/proces-derek-chauvin-deux-secouristes-confirment-que-george-floyd-etait-mort-a-leur-arrivee\/#primaryimage\"},\"thumbnailUrl\":\"https:\/\/guineediversite.com\/wp-content\/uploads\/2021\/04\/Proces-Derek-Chauvin-deux-secouristes-confirment-que-George-Floyd-etait-mort-a-leur-arrivee.jpg\",\"datePublished\":\"2021-04-02T09:42:48+00:00\",\"dateModified\":\"2021-04-02T09:42:48+00:00\",\"breadcrumb\":{\"@id\":\"https:\/\/guineediversite.com\/index.php\/2021\/04\/02\/proces-derek-chauvin-deux-secouristes-confirment-que-george-floyd-etait-mort-a-leur-arrivee\/#breadcrumb\"},\"inLanguage\":\"fr-FR\",\"potentialAction\":[{\"@type\":\"ReadAction\",\"target\":[\"https:\/\/guineediversite.com\/index.php\/2021\/04\/02\/proces-derek-chauvin-deux-secouristes-confirment-que-george-floyd-etait-mort-a-leur-arrivee\/\"]}]},{\"@type\":\"ImageObject\",\"inLanguage\":\"fr-FR\",\"@id\":\"https:\/\/guineediversite.com\/index.php\/2021\/04\/02\/proces-derek-chauvin-deux-secouristes-confirment-que-george-floyd-etait-mort-a-leur-arrivee\/#primaryimage\",\"url\":\"https:\/\/guineediversite.com\/wp-content\/uploads\/2021\/04\/Proces-Derek-Chauvin-deux-secouristes-confirment-que-George-Floyd-etait-mort-a-leur-arrivee.jpg\",\"contentUrl\":\"https:\/\/guineediversite.com\/wp-content\/uploads\/2021\/04\/Proces-Derek-Chauvin-deux-secouristes-confirment-que-George-Floyd-etait-mort-a-leur-arrivee.jpg\",\"width\":1000,\"height\":560},{\"@type\":\"BreadcrumbList\",\"@id\":\"https:\/\/guineediversite.com\/index.php\/2021\/04\/02\/proces-derek-chauvin-deux-secouristes-confirment-que-george-floyd-etait-mort-a-leur-arrivee\/#breadcrumb\",\"itemListElement\":[{\"@type\":\"ListItem\",\"position\":1,\"name\":\"Accueil\",\"item\":\"https:\/\/guineediversite.com\/\"},{\"@type\":\"ListItem\",\"position\":2,\"name\":\"Proc\u00e8s Derek Chauvin: deux secouristes confirment que George Floyd \u00e9tait mort \u00e0 leur arriv\u00e9e\"}]},{\"@type\":\"WebSite\",\"@id\":\"https:\/\/guineediversite.com\/#website\",\"url\":\"https:\/\/guineediversite.com\/\",\"name\":\"Guin\u00e9e Diversit\u00e9\",\"description\":\"L&#039;Info dans toute sa diversit\u00e9\",\"publisher\":{\"@id\":\"https:\/\/guineediversite.com\/#organization\"},\"potentialAction\":[{\"@type\":\"SearchAction\",\"target\":{\"@type\":\"EntryPoint\",\"urlTemplate\":\"https:\/\/guineediversite.com\/?s={search_term_string}\"},\"query-input\":{\"@type\":\"PropertyValueSpecification\",\"valueRequired\":true,\"valueName\":\"search_term_string\"}}],\"inLanguage\":\"fr-FR\"},{\"@type\":\"Organization\",\"@id\":\"https:\/\/guineediversite.com\/#organization\",\"name\":\"Guin\u00e9e Diversit\u00e9\",\"url\":\"https:\/\/guineediversite.com\/\",\"logo\":{\"@type\":\"ImageObject\",\"inLanguage\":\"fr-FR\",\"@id\":\"https:\/\/guineediversite.com\/#\/schema\/logo\/image\/\",\"url\":\"https:\/\/guineediversite.com\/wp-content\/uploads\/2017\/04\/cropped-1jojlxEOMkX9Wyqfhe43D6kjPOGqBBKmx3EwWJqZ0cMrFF54yM49.png\",\"contentUrl\":\"https:\/\/guineediversite.com\/wp-content\/uploads\/2017\/04\/cropped-1jojlxEOMkX9Wyqfhe43D6kjPOGqBBKmx3EwWJqZ0cMrFF54yM49.png\",\"width\":186,\"height\":112,\"caption\":\"Guin\u00e9e Diversit\u00e9\"},\"image\":{\"@id\":\"https:\/\/guineediversite.com\/#\/schema\/logo\/image\/\"},\"sameAs\":[\"https:\/\/www.facebook.com\/guineediversite\/\",\"https:\/\/x.com\/GuineeDiversite\",\"https:\/\/www.youtube.com\/channel\/UC8sUY16qelG5ge6_D5SB83g\"]},{\"@type\":\"Person\",\"@id\":\"https:\/\/guineediversite.com\/#\/schema\/person\/afa08fb34e7fc6e1feafc892612bc836\",\"name\":\"Guin\u00e9e Diversit\u00e9\",\"image\":{\"@type\":\"ImageObject\",\"inLanguage\":\"fr-FR\",\"@id\":\"https:\/\/guineediversite.com\/#\/schema\/person\/image\/\",\"url\":\"https:\/\/secure.gravatar.com\/avatar\/50d5eb5b390f8b65ac30ac6f898eb83a?s=96&d=mm&r=g\",\"contentUrl\":\"https:\/\/secure.gravatar.com\/avatar\/50d5eb5b390f8b65ac30ac6f898eb83a?s=96&d=mm&r=g\",\"caption\":\"Guin\u00e9e Diversit\u00e9\"},\"url\":\"https:\/\/guineediversite.com\/index.php\/author\/guineediversite\/\"}]}<\/script>\n<!-- \/ Yoast SEO plugin. -->","yoast_head_json":{"title":"Proc\u00e8s Derek Chauvin: deux secouristes confirment que George Floyd \u00e9tait mort \u00e0 leur arriv\u00e9e | Guin\u00e9e Diversit\u00e9","robots":{"index":"index","follow":"follow","max-snippet":"max-snippet:-1","max-image-preview":"max-image-preview:large","max-video-preview":"max-video-preview:-1"},"canonical":"https:\/\/guineediversite.com\/index.php\/2021\/04\/02\/proces-derek-chauvin-deux-secouristes-confirment-que-george-floyd-etait-mort-a-leur-arrivee\/","og_locale":"fr_FR","og_type":"article","og_title":"Proc\u00e8s Derek Chauvin: deux secouristes confirment que George Floyd \u00e9tait mort \u00e0 leur arriv\u00e9e | Guin\u00e9e Diversit\u00e9","og_description":"Apr\u00e8s les t\u00e9moins oculaires du drame, la veille, deux ambulanciers et la compagne de George Floyd ont livr\u00e9 leur t\u00e9moignage, jeudi 1er avril, \u00e0 Minneapolis.\u00a0Enjeu principal de cette quatri\u00e8me journ\u00e9e d&rsquo;audience : d\u00e9terminer quand et comment il\u00a0est mort. C\u2019est sur ces deux questions cruciales que les douze\u00a0jur\u00e9s vont devoir d\u00e9cider de la culpabilit\u00e9 ou non [&hellip;]","og_url":"https:\/\/guineediversite.com\/index.php\/2021\/04\/02\/proces-derek-chauvin-deux-secouristes-confirment-que-george-floyd-etait-mort-a-leur-arrivee\/","og_site_name":"Guin\u00e9e Diversit\u00e9","article_publisher":"https:\/\/www.facebook.com\/guineediversite\/","article_published_time":"2021-04-02T09:42:48+00:00","og_image":[{"width":1000,"height":560,"url":"https:\/\/guineediversite.com\/wp-content\/uploads\/2021\/04\/Proces-Derek-Chauvin-deux-secouristes-confirment-que-George-Floyd-etait-mort-a-leur-arrivee.jpg","type":"image\/jpeg"}],"author":"Guin\u00e9e Diversit\u00e9","twitter_card":"summary_large_image","twitter_creator":"@GuineeDiversite","twitter_site":"@GuineeDiversite","twitter_misc":{"\u00c9crit par":"Guin\u00e9e Diversit\u00e9","Dur\u00e9e de lecture estim\u00e9e":"2 minutes"},"schema":{"@context":"https:\/\/schema.org","@graph":[{"@type":"Article","@id":"https:\/\/guineediversite.com\/index.php\/2021\/04\/02\/proces-derek-chauvin-deux-secouristes-confirment-que-george-floyd-etait-mort-a-leur-arrivee\/#article","isPartOf":{"@id":"https:\/\/guineediversite.com\/index.php\/2021\/04\/02\/proces-derek-chauvin-deux-secouristes-confirment-que-george-floyd-etait-mort-a-leur-arrivee\/"},"author":{"name":"Guin\u00e9e Diversit\u00e9","@id":"https:\/\/guineediversite.com\/#\/schema\/person\/afa08fb34e7fc6e1feafc892612bc836"},"headline":"Proc\u00e8s Derek Chauvin: deux secouristes confirment que George Floyd \u00e9tait mort \u00e0 leur arriv\u00e9e","datePublished":"2021-04-02T09:42:48+00:00","dateModified":"2021-04-02T09:42:48+00:00","mainEntityOfPage":{"@id":"https:\/\/guineediversite.com\/index.php\/2021\/04\/02\/proces-derek-chauvin-deux-secouristes-confirment-que-george-floyd-etait-mort-a-leur-arrivee\/"},"wordCount":483,"publisher":{"@id":"https:\/\/guineediversite.com\/#organization"},"image":{"@id":"https:\/\/guineediversite.com\/index.php\/2021\/04\/02\/proces-derek-chauvin-deux-secouristes-confirment-que-george-floyd-etait-mort-a-leur-arrivee\/#primaryimage"},"thumbnailUrl":"https:\/\/guineediversite.com\/wp-content\/uploads\/2021\/04\/Proces-Derek-Chauvin-deux-secouristes-confirment-que-George-Floyd-etait-mort-a-leur-arrivee.jpg","articleSection":["International"],"inLanguage":"fr-FR"},{"@type":"WebPage","@id":"https:\/\/guineediversite.com\/index.php\/2021\/04\/02\/proces-derek-chauvin-deux-secouristes-confirment-que-george-floyd-etait-mort-a-leur-arrivee\/","url":"https:\/\/guineediversite.com\/index.php\/2021\/04\/02\/proces-derek-chauvin-deux-secouristes-confirment-que-george-floyd-etait-mort-a-leur-arrivee\/","name":"Proc\u00e8s Derek Chauvin: deux secouristes confirment que George Floyd \u00e9tait mort \u00e0 leur arriv\u00e9e | Guin\u00e9e Diversit\u00e9","isPartOf":{"@id":"https:\/\/guineediversite.com\/#website"},"primaryImageOfPage":{"@id":"https:\/\/guineediversite.com\/index.php\/2021\/04\/02\/proces-derek-chauvin-deux-secouristes-confirment-que-george-floyd-etait-mort-a-leur-arrivee\/#primaryimage"},"image":{"@id":"https:\/\/guineediversite.com\/index.php\/2021\/04\/02\/proces-derek-chauvin-deux-secouristes-confirment-que-george-floyd-etait-mort-a-leur-arrivee\/#primaryimage"},"thumbnailUrl":"https:\/\/guineediversite.com\/wp-content\/uploads\/2021\/04\/Proces-Derek-Chauvin-deux-secouristes-confirment-que-George-Floyd-etait-mort-a-leur-arrivee.jpg","datePublished":"2021-04-02T09:42:48+00:00","dateModified":"2021-04-02T09:42:48+00:00","breadcrumb":{"@id":"https:\/\/guineediversite.com\/index.php\/2021\/04\/02\/proces-derek-chauvin-deux-secouristes-confirment-que-george-floyd-etait-mort-a-leur-arrivee\/#breadcrumb"},"inLanguage":"fr-FR","potentialAction":[{"@type":"ReadAction","target":["https:\/\/guineediversite.com\/index.php\/2021\/04\/02\/proces-derek-chauvin-deux-secouristes-confirment-que-george-floyd-etait-mort-a-leur-arrivee\/"]}]},{"@type":"ImageObject","inLanguage":"fr-FR","@id":"https:\/\/guineediversite.com\/index.php\/2021\/04\/02\/proces-derek-chauvin-deux-secouristes-confirment-que-george-floyd-etait-mort-a-leur-arrivee\/#primaryimage","url":"https:\/\/guineediversite.com\/wp-content\/uploads\/2021\/04\/Proces-Derek-Chauvin-deux-secouristes-confirment-que-George-Floyd-etait-mort-a-leur-arrivee.jpg","contentUrl":"https:\/\/guineediversite.com\/wp-content\/uploads\/2021\/04\/Proces-Derek-Chauvin-deux-secouristes-confirment-que-George-Floyd-etait-mort-a-leur-arrivee.jpg","width":1000,"height":560},{"@type":"BreadcrumbList","@id":"https:\/\/guineediversite.com\/index.php\/2021\/04\/02\/proces-derek-chauvin-deux-secouristes-confirment-que-george-floyd-etait-mort-a-leur-arrivee\/#breadcrumb","itemListElement":[{"@type":"ListItem","position":1,"name":"Accueil","item":"https:\/\/guineediversite.com\/"},{"@type":"ListItem","position":2,"name":"Proc\u00e8s Derek Chauvin: deux secouristes confirment que George Floyd \u00e9tait mort \u00e0 leur arriv\u00e9e"}]},{"@type":"WebSite","@id":"https:\/\/guineediversite.com\/#website","url":"https:\/\/guineediversite.com\/","name":"Guin\u00e9e Diversit\u00e9","description":"L&#039;Info dans toute sa diversit\u00e9","publisher":{"@id":"https:\/\/guineediversite.com\/#organization"},"potentialAction":[{"@type":"SearchAction","target":{"@type":"EntryPoint","urlTemplate":"https:\/\/guineediversite.com\/?s={search_term_string}"},"query-input":{"@type":"PropertyValueSpecification","valueRequired":true,"valueName":"search_term_string"}}],"inLanguage":"fr-FR"},{"@type":"Organization","@id":"https:\/\/guineediversite.com\/#organization","name":"Guin\u00e9e Diversit\u00e9","url":"https:\/\/guineediversite.com\/","logo":{"@type":"ImageObject","inLanguage":"fr-FR","@id":"https:\/\/guineediversite.com\/#\/schema\/logo\/image\/","url":"https:\/\/guineediversite.com\/wp-content\/uploads\/2017\/04\/cropped-1jojlxEOMkX9Wyqfhe43D6kjPOGqBBKmx3EwWJqZ0cMrFF54yM49.png","contentUrl":"https:\/\/guineediversite.com\/wp-content\/uploads\/2017\/04\/cropped-1jojlxEOMkX9Wyqfhe43D6kjPOGqBBKmx3EwWJqZ0cMrFF54yM49.png","width":186,"height":112,"caption":"Guin\u00e9e Diversit\u00e9"},"image":{"@id":"https:\/\/guineediversite.com\/#\/schema\/logo\/image\/"},"sameAs":["https:\/\/www.facebook.com\/guineediversite\/","https:\/\/x.com\/GuineeDiversite","https:\/\/www.youtube.com\/channel\/UC8sUY16qelG5ge6_D5SB83g"]},{"@type":"Person","@id":"https:\/\/guineediversite.com\/#\/schema\/person\/afa08fb34e7fc6e1feafc892612bc836","name":"Guin\u00e9e Diversit\u00e9","image":{"@type":"ImageObject","inLanguage":"fr-FR","@id":"https:\/\/guineediversite.com\/#\/schema\/person\/image\/","url":"https:\/\/secure.gravatar.com\/avatar\/50d5eb5b390f8b65ac30ac6f898eb83a?s=96&d=mm&r=g","contentUrl":"https:\/\/secure.gravatar.com\/avatar\/50d5eb5b390f8b65ac30ac6f898eb83a?s=96&d=mm&r=g","caption":"Guin\u00e9e Diversit\u00e9"},"url":"https:\/\/guineediversite.com\/index.php\/author\/guineediversite\/"}]}},"_links":{"self":[{"href":"https:\/\/guineediversite.com\/index.php\/wp-json\/wp\/v2\/posts\/31192"}],"collection":[{"href":"https:\/\/guineediversite.com\/index.php\/wp-json\/wp\/v2\/posts"}],"about":[{"href":"https:\/\/guineediversite.com\/index.php\/wp-json\/wp\/v2\/types\/post"}],"author":[{"embeddable":true,"href":"https:\/\/guineediversite.com\/index.php\/wp-json\/wp\/v2\/users\/12"}],"replies":[{"embeddable":true,"href":"https:\/\/guineediversite.com\/index.php\/wp-json\/wp\/v2\/comments?post=31192"}],"version-history":[{"count":1,"href":"https:\/\/guineediversite.com\/index.php\/wp-json\/wp\/v2\/posts\/31192\/revisions"}],"predecessor-version":[{"id":31194,"href":"https:\/\/guineediversite.com\/index.php\/wp-json\/wp\/v2\/posts\/31192\/revisions\/31194"}],"wp:featuredmedia":[{"embeddable":true,"href":"https:\/\/guineediversite.com\/index.php\/wp-json\/wp\/v2\/media\/31193"}],"wp:attachment":[{"href":"https:\/\/guineediversite.com\/index.php\/wp-json\/wp\/v2\/media?parent=31192"}],"wp:term":[{"taxonomy":"category","embeddable":true,"href":"https:\/\/guineediversite.com\/index.php\/wp-json\/wp\/v2\/categories?post=31192"},{"taxonomy":"post_tag","embeddable":true,"href":"https:\/\/guineediversite.com\/index.php\/wp-json\/wp\/v2\/tags?post=31192"}],"curies":[{"name":"wp","href":"https:\/\/api.w.org\/{rel}","templated":true}]}}