{"id":31180,"date":"2021-04-01T19:30:56","date_gmt":"2021-04-01T17:30:56","guid":{"rendered":"https:\/\/guineediversite.com\/?p=31180"},"modified":"2021-04-01T21:01:56","modified_gmt":"2021-04-01T19:01:56","slug":"monarch-lance-le-programme-dinsertion-des-jeunes-creatifs","status":"publish","type":"post","link":"https:\/\/guineediversite.com\/index.php\/2021\/04\/01\/monarch-lance-le-programme-dinsertion-des-jeunes-creatifs\/","title":{"rendered":"Monarch Conakry lance le programme d\u2019insertion des jeunes cr\u00e9atifs"},"content":{"rendered":"<p><strong>La structure Monarch Conakry en collaboration avec l\u2019Institut Sup\u00e9rieur de l\u2019information et de la communication de Kountia et l\u2019Universit\u00e9 Nongo Conakry, a lanc\u00e9 ce jeudi 1er avril le programme d\u2019insertion de jeunes \u00e9tudiants dipl\u00f4m\u00e9s en journalisme, communication et marketings dans les universit\u00e9s partenaires. Ce projet vise \u00e0 accompagner les jeunes \u00e9tudiants dans le monde professionnel de la communication. <\/strong><\/p>\n<p>Young Creative Graduate programme est un programme d\u2019insertion de jeunes cr\u00e9atifs dans les m\u00e9tiers de community manager, graphiste, cr\u00e9ateur de contenus et chef de projet \u00e9v\u00e9nementiel. Pour cette premi\u00e8re exp\u00e9rience, les organisateurs comptent \u00e0 travers ce projet former des ressources op\u00e9rationnelles qui pourront int\u00e9grer les \u00e9quipes cr\u00e9atives d\u2019une agence-conseil ou d\u2019un service marketing. Fatou Camara directrice g\u00e9n\u00e9rale, donne les raisons de la r\u00e9alisation de ce programme.<\/p>\n<p>\u00ab\u00a0<em>Nous avons \u00e9t\u00e9 confront\u00e9 \u00e0 un manque de ressources sur le march\u00e9 de l&#8217;emploi, donc nous sommes une agence-conseil qui a beaucoup de profils cr\u00e9atifs comme nous l&rsquo;avons cit\u00e9 des cr\u00e9ateurs de contenu, des graphistes, des community manager, des chefs de projets \u00e9v\u00e9nementiels et l\u00e0 \u00e0 d\u00e9faut de pouvoir les avoir sur le march\u00e9, nous avons d\u00e9cid\u00e9 de les cr\u00e9er<\/em>\u00bb.<\/p>\n<p>Pour cette premi\u00e8re ann\u00e9e, seul l\u2019Institut Sup\u00e9rieur de l\u2019information et de la communication de Kountia et l\u2019Universit\u00e9 Nongo Conakry ont adh\u00e9r\u00e9 \u00e0 ce programme. Fatou Camara esp\u00e8re avoir la collaboration de plusieurs universit\u00e9s.<\/p>\n<p>\u00ab <em>Nous esp\u00e9rons que nous aurons de plus en plus d&rsquo;universit\u00e9 qui offre des formations de journalisme communication et marketing. Pour cette ann\u00e9e le nombre de candidats recherch\u00e9s et de 4, nous avons d\u00e9j\u00e0 un candidat qui a commenc\u00e9 depuis le 1er mars, nous avons deux qui vont le rejoindre en ce mois d&rsquo;avril et un qui sera mis \u00e0 disposition pour le mois de mai et l&rsquo;ann\u00e9e prochaine nous avons pour ambition de doubler ce chiffre<\/em>\u00bb.<\/p>\n<p>Professeur Binko Mady Tour\u00e9 secr\u00e9taire g\u00e9n\u00e9ral du minist\u00e8re de l\u2019enseignement sup\u00e9rieur et de la recherche scientifique, a affirm\u00e9 que ce programme est atout pour les instituts d\u2019enseignements sup\u00e9rieurs \u00e0 rehausser le niveau vers l\u2019excellence.<\/p>\n<p><img loading=\"lazy\" decoding=\"async\" class=\"wp-image-31183 aligncenter\" src=\"https:\/\/guineediversite.com.bwjx4292.odns.fr\/wp-content\/uploads\/2021\/04\/MONARCH-2-300x169.jpg\" alt=\"\" width=\"650\" height=\"366\" srcset=\"https:\/\/guineediversite.com\/wp-content\/uploads\/2021\/04\/MONARCH-2-300x169.jpg 300w, https:\/\/guineediversite.com\/wp-content\/uploads\/2021\/04\/MONARCH-2-768x432.jpg 768w, https:\/\/guineediversite.com\/wp-content\/uploads\/2021\/04\/MONARCH-2-600x338.jpg 600w, https:\/\/guineediversite.com\/wp-content\/uploads\/2021\/04\/MONARCH-2-696x392.jpg 696w, https:\/\/guineediversite.com\/wp-content\/uploads\/2021\/04\/MONARCH-2-747x420.jpg 747w, https:\/\/guineediversite.com\/wp-content\/uploads\/2021\/04\/MONARCH-2.jpg 1024w\" sizes=\"(max-width: 650px) 100vw, 650px\" \/><\/p>\n<p>\u00ab\u00a0<em>D&rsquo;abord \u00e7a va donner un tonus \u00e0 nos dipl\u00f4m\u00e9s en vue de leur insertion dans le monde socioprofessionnel, \u00e7a va inciter les institutions d&rsquo;enseignement sup\u00e9rieur publiques comme priv\u00e9es \u00e0 aller vers l&rsquo;excellence, \u00e7a va obliger les jeunes \u00e0 s&rsquo;ins\u00e9rer dans les m\u00e9tiers du digital<\/em>\u00bb.<\/p>\n<p>La directrice de l\u2019Institut Sup\u00e9rieur de l\u2019information et de la communication de Kountia estime que cette initiative est une opportunit\u00e9 \u00e0 saisir pour les jeunes.<\/p>\n<p><img loading=\"lazy\" decoding=\"async\" class=\"alignnone wp-image-31182\" src=\"https:\/\/guineediversite.com.bwjx4292.odns.fr\/wp-content\/uploads\/2021\/04\/MONARCH-6-300x169.jpg\" alt=\"\" width=\"676\" height=\"381\" srcset=\"https:\/\/guineediversite.com\/wp-content\/uploads\/2021\/04\/MONARCH-6-300x169.jpg 300w, https:\/\/guineediversite.com\/wp-content\/uploads\/2021\/04\/MONARCH-6-768x432.jpg 768w, https:\/\/guineediversite.com\/wp-content\/uploads\/2021\/04\/MONARCH-6-600x338.jpg 600w, https:\/\/guineediversite.com\/wp-content\/uploads\/2021\/04\/MONARCH-6-696x392.jpg 696w, https:\/\/guineediversite.com\/wp-content\/uploads\/2021\/04\/MONARCH-6-747x420.jpg 747w, https:\/\/guineediversite.com\/wp-content\/uploads\/2021\/04\/MONARCH-6.jpg 1024w\" sizes=\"(max-width: 676px) 100vw, 676px\" \/><\/p>\n<p>\u00ab <em>Le projet qui nous r\u00e9unit ce matin vis\u00e9 \u00e0 accompagner les meilleurs enfants de la R\u00e9publique de Guin\u00e9e issus de nos deux institutions d&rsquo;enseignement sup\u00e9rieur et de recherche scientifique D&rsquo;ISIC et UNC. Dans la cr\u00e9ation du contenu captivant la conduite de projet \u00e9v\u00e9nementiel et innovant complexe et diversifi\u00e9 et la conception d&rsquo;identit\u00e9 gratuite saisissante. Ce programme est une opportunit\u00e9 exceptionnelle pour l&rsquo;insertion de nos \u00e9tudiants s\u00e9lectionn\u00e9s. L&rsquo;organisation de ce type d&rsquo;\u00e9v\u00e8nement est une n\u00e9cessit\u00e9 de premier plan<\/em> \u00bb, a fait savoir Djenabou Barry directrice g\u00e9n\u00e9rale de l\u2019ISIC.<\/p>\n<p>La rencontre a pris fin par la signature d\u2019un partenariat entre les universit\u00e9s et l\u2019agence pour des formations en communication, marketing et journalisme.<\/p>\n<p>Pour \u00eatre \u00e9ligible \u00e0 ce programme, le candidat doit : \u00eatre de nationalit\u00e9 guin\u00e9enne, avoir valid\u00e9 son dipl\u00f4me, \u00eatre parmi les laur\u00e9ats de sa classe, avoir moins de 30 ans et la candidature f\u00e9minine est tr\u00e8s sollicit\u00e9e \u00e0 laisser entendre la directrice g\u00e9n\u00e9rale de la structure Monarch.<\/p>\n<p><img loading=\"lazy\" decoding=\"async\" class=\"alignnone size-medium wp-image-31184\" src=\"https:\/\/guineediversite.com.bwjx4292.odns.fr\/wp-content\/uploads\/2021\/04\/MO-300x169.jpg\" alt=\"\" width=\"300\" height=\"169\" srcset=\"https:\/\/guineediversite.com\/wp-content\/uploads\/2021\/04\/MO-300x169.jpg 300w, https:\/\/guineediversite.com\/wp-content\/uploads\/2021\/04\/MO-768x432.jpg 768w, https:\/\/guineediversite.com\/wp-content\/uploads\/2021\/04\/MO-600x338.jpg 600w, https:\/\/guineediversite.com\/wp-content\/uploads\/2021\/04\/MO-696x392.jpg 696w, https:\/\/guineediversite.com\/wp-content\/uploads\/2021\/04\/MO-747x420.jpg 747w, https:\/\/guineediversite.com\/wp-content\/uploads\/2021\/04\/MO.jpg 1024w\" sizes=\"(max-width: 300px) 100vw, 300px\" \/> <img loading=\"lazy\" decoding=\"async\" class=\"alignnone size-medium wp-image-31185\" src=\"https:\/\/guineediversite.com.bwjx4292.odns.fr\/wp-content\/uploads\/2021\/04\/MONARCH-4-300x169.jpg\" alt=\"\" width=\"300\" height=\"169\" srcset=\"https:\/\/guineediversite.com\/wp-content\/uploads\/2021\/04\/MONARCH-4-300x169.jpg 300w, https:\/\/guineediversite.com\/wp-content\/uploads\/2021\/04\/MONARCH-4-768x432.jpg 768w, https:\/\/guineediversite.com\/wp-content\/uploads\/2021\/04\/MONARCH-4-600x338.jpg 600w, https:\/\/guineediversite.com\/wp-content\/uploads\/2021\/04\/MONARCH-4-696x392.jpg 696w, https:\/\/guineediversite.com\/wp-content\/uploads\/2021\/04\/MONARCH-4-747x420.jpg 747w, https:\/\/guineediversite.com\/wp-content\/uploads\/2021\/04\/MONARCH-4.jpg 1024w\" sizes=\"(max-width: 300px) 100vw, 300px\" \/> <img loading=\"lazy\" decoding=\"async\" class=\"alignnone size-medium wp-image-31186\" src=\"https:\/\/guineediversite.com.bwjx4292.odns.fr\/wp-content\/uploads\/2021\/04\/MONARCH-5-300x169.jpg\" alt=\"\" width=\"300\" height=\"169\" srcset=\"https:\/\/guineediversite.com\/wp-content\/uploads\/2021\/04\/MONARCH-5-300x169.jpg 300w, https:\/\/guineediversite.com\/wp-content\/uploads\/2021\/04\/MONARCH-5-768x432.jpg 768w, https:\/\/guineediversite.com\/wp-content\/uploads\/2021\/04\/MONARCH-5-600x338.jpg 600w, https:\/\/guineediversite.com\/wp-content\/uploads\/2021\/04\/MONARCH-5-696x392.jpg 696w, https:\/\/guineediversite.com\/wp-content\/uploads\/2021\/04\/MONARCH-5-747x420.jpg 747w, https:\/\/guineediversite.com\/wp-content\/uploads\/2021\/04\/MONARCH-5.jpg 1024w\" sizes=\"(max-width: 300px) 100vw, 300px\" \/><\/p>\n","protected":false},"excerpt":{"rendered":"<p>La structure Monarch Conakry en collaboration avec l\u2019Institut Sup\u00e9rieur de l\u2019information et de la communication de Kountia et l\u2019Universit\u00e9 Nongo Conakry, a lanc\u00e9 ce jeudi 1er avril le programme d\u2019insertion de jeunes \u00e9tudiants dipl\u00f4m\u00e9s en journalisme, communication et marketings dans les universit\u00e9s partenaires. Ce projet vise \u00e0 accompagner les jeunes \u00e9tudiants dans le monde professionnel [&hellip;]<\/p>\n","protected":false},"author":10,"featured_media":31181,"comment_status":"closed","ping_status":"open","sticky":false,"template":"","format":"standard","meta":{"_exactmetrics_skip_tracking":false,"_exactmetrics_sitenote_active":false,"_exactmetrics_sitenote_note":"","_exactmetrics_sitenote_category":0,"tdm_status":"","tdm_grid_status":"","footnotes":""},"categories":[16],"tags":[],"class_list":{"0":"post-31180","1":"post","2":"type-post","3":"status-publish","4":"format-standard","5":"has-post-thumbnail","7":"category-societe"},"yoast_head":"<!-- This site is optimized with the Yoast SEO plugin v24.2 - https:\/\/yoast.com\/wordpress\/plugins\/seo\/ -->\n<title>Monarch Conakry lance le programme d\u2019insertion des jeunes cr\u00e9atifs | Guin\u00e9e Diversit\u00e9<\/title>\n<meta name=\"robots\" content=\"index, follow, max-snippet:-1, max-image-preview:large, max-video-preview:-1\" \/>\n<link rel=\"canonical\" href=\"https:\/\/guineediversite.com\/index.php\/2021\/04\/01\/monarch-lance-le-programme-dinsertion-des-jeunes-creatifs\/\" \/>\n<meta property=\"og:locale\" content=\"fr_FR\" \/>\n<meta property=\"og:type\" content=\"article\" \/>\n<meta property=\"og:title\" content=\"Monarch Conakry lance le programme d\u2019insertion des jeunes cr\u00e9atifs | Guin\u00e9e Diversit\u00e9\" \/>\n<meta property=\"og:description\" content=\"La structure Monarch Conakry en collaboration avec l\u2019Institut Sup\u00e9rieur de l\u2019information et de la communication de Kountia et l\u2019Universit\u00e9 Nongo Conakry, a lanc\u00e9 ce jeudi 1er avril le programme d\u2019insertion de jeunes \u00e9tudiants dipl\u00f4m\u00e9s en journalisme, communication et marketings dans les universit\u00e9s partenaires. Ce projet vise \u00e0 accompagner les jeunes \u00e9tudiants dans le monde professionnel [&hellip;]\" \/>\n<meta property=\"og:url\" content=\"https:\/\/guineediversite.com\/index.php\/2021\/04\/01\/monarch-lance-le-programme-dinsertion-des-jeunes-creatifs\/\" \/>\n<meta property=\"og:site_name\" content=\"Guin\u00e9e Diversit\u00e9\" \/>\n<meta property=\"article:publisher\" content=\"https:\/\/www.facebook.com\/guineediversite\/\" \/>\n<meta property=\"article:published_time\" content=\"2021-04-01T17:30:56+00:00\" \/>\n<meta property=\"article:modified_time\" content=\"2021-04-01T19:01:56+00:00\" \/>\n<meta property=\"og:image\" content=\"https:\/\/guineediversite.com\/wp-content\/uploads\/2021\/04\/MO-1.jpg\" \/>\n\t<meta property=\"og:image:width\" content=\"1024\" \/>\n\t<meta property=\"og:image:height\" content=\"576\" \/>\n\t<meta property=\"og:image:type\" content=\"image\/jpeg\" \/>\n<meta name=\"author\" content=\"Morcire Camara\" \/>\n<meta name=\"twitter:card\" content=\"summary_large_image\" \/>\n<meta name=\"twitter:creator\" content=\"@GuineeDiversite\" \/>\n<meta name=\"twitter:site\" content=\"@GuineeDiversite\" \/>\n<meta name=\"twitter:label1\" content=\"\u00c9crit par\" \/>\n\t<meta name=\"twitter:data1\" content=\"Morcire Camara\" \/>\n\t<meta name=\"twitter:label2\" content=\"Dur\u00e9e de lecture estim\u00e9e\" \/>\n\t<meta name=\"twitter:data2\" content=\"3 minutes\" \/>\n<script type=\"application\/ld+json\" class=\"yoast-schema-graph\">{\"@context\":\"https:\/\/schema.org\",\"@graph\":[{\"@type\":\"Article\",\"@id\":\"https:\/\/guineediversite.com\/index.php\/2021\/04\/01\/monarch-lance-le-programme-dinsertion-des-jeunes-creatifs\/#article\",\"isPartOf\":{\"@id\":\"https:\/\/guineediversite.com\/index.php\/2021\/04\/01\/monarch-lance-le-programme-dinsertion-des-jeunes-creatifs\/\"},\"author\":{\"name\":\"Morcire Camara\",\"@id\":\"https:\/\/guineediversite.com\/#\/schema\/person\/fa362494c47202ce4b3adf55abcc9d01\"},\"headline\":\"Monarch Conakry lance le programme d\u2019insertion des jeunes cr\u00e9atifs\",\"datePublished\":\"2021-04-01T17:30:56+00:00\",\"dateModified\":\"2021-04-01T19:01:56+00:00\",\"mainEntityOfPage\":{\"@id\":\"https:\/\/guineediversite.com\/index.php\/2021\/04\/01\/monarch-lance-le-programme-dinsertion-des-jeunes-creatifs\/\"},\"wordCount\":646,\"publisher\":{\"@id\":\"https:\/\/guineediversite.com\/#organization\"},\"image\":{\"@id\":\"https:\/\/guineediversite.com\/index.php\/2021\/04\/01\/monarch-lance-le-programme-dinsertion-des-jeunes-creatifs\/#primaryimage\"},\"thumbnailUrl\":\"https:\/\/guineediversite.com\/wp-content\/uploads\/2021\/04\/MO-1.jpg\",\"articleSection\":[\"Soci\u00e9t\u00e9\"],\"inLanguage\":\"fr-FR\"},{\"@type\":\"WebPage\",\"@id\":\"https:\/\/guineediversite.com\/index.php\/2021\/04\/01\/monarch-lance-le-programme-dinsertion-des-jeunes-creatifs\/\",\"url\":\"https:\/\/guineediversite.com\/index.php\/2021\/04\/01\/monarch-lance-le-programme-dinsertion-des-jeunes-creatifs\/\",\"name\":\"Monarch Conakry lance le programme d\u2019insertion des jeunes cr\u00e9atifs | Guin\u00e9e Diversit\u00e9\",\"isPartOf\":{\"@id\":\"https:\/\/guineediversite.com\/#website\"},\"primaryImageOfPage\":{\"@id\":\"https:\/\/guineediversite.com\/index.php\/2021\/04\/01\/monarch-lance-le-programme-dinsertion-des-jeunes-creatifs\/#primaryimage\"},\"image\":{\"@id\":\"https:\/\/guineediversite.com\/index.php\/2021\/04\/01\/monarch-lance-le-programme-dinsertion-des-jeunes-creatifs\/#primaryimage\"},\"thumbnailUrl\":\"https:\/\/guineediversite.com\/wp-content\/uploads\/2021\/04\/MO-1.jpg\",\"datePublished\":\"2021-04-01T17:30:56+00:00\",\"dateModified\":\"2021-04-01T19:01:56+00:00\",\"breadcrumb\":{\"@id\":\"https:\/\/guineediversite.com\/index.php\/2021\/04\/01\/monarch-lance-le-programme-dinsertion-des-jeunes-creatifs\/#breadcrumb\"},\"inLanguage\":\"fr-FR\",\"potentialAction\":[{\"@type\":\"ReadAction\",\"target\":[\"https:\/\/guineediversite.com\/index.php\/2021\/04\/01\/monarch-lance-le-programme-dinsertion-des-jeunes-creatifs\/\"]}]},{\"@type\":\"ImageObject\",\"inLanguage\":\"fr-FR\",\"@id\":\"https:\/\/guineediversite.com\/index.php\/2021\/04\/01\/monarch-lance-le-programme-dinsertion-des-jeunes-creatifs\/#primaryimage\",\"url\":\"https:\/\/guineediversite.com\/wp-content\/uploads\/2021\/04\/MO-1.jpg\",\"contentUrl\":\"https:\/\/guineediversite.com\/wp-content\/uploads\/2021\/04\/MO-1.jpg\",\"width\":1024,\"height\":576},{\"@type\":\"BreadcrumbList\",\"@id\":\"https:\/\/guineediversite.com\/index.php\/2021\/04\/01\/monarch-lance-le-programme-dinsertion-des-jeunes-creatifs\/#breadcrumb\",\"itemListElement\":[{\"@type\":\"ListItem\",\"position\":1,\"name\":\"Accueil\",\"item\":\"https:\/\/guineediversite.com\/\"},{\"@type\":\"ListItem\",\"position\":2,\"name\":\"Monarch Conakry lance le programme d\u2019insertion des jeunes cr\u00e9atifs\"}]},{\"@type\":\"WebSite\",\"@id\":\"https:\/\/guineediversite.com\/#website\",\"url\":\"https:\/\/guineediversite.com\/\",\"name\":\"Guin\u00e9e Diversit\u00e9\",\"description\":\"L&#039;Info dans toute sa diversit\u00e9\",\"publisher\":{\"@id\":\"https:\/\/guineediversite.com\/#organization\"},\"potentialAction\":[{\"@type\":\"SearchAction\",\"target\":{\"@type\":\"EntryPoint\",\"urlTemplate\":\"https:\/\/guineediversite.com\/?s={search_term_string}\"},\"query-input\":{\"@type\":\"PropertyValueSpecification\",\"valueRequired\":true,\"valueName\":\"search_term_string\"}}],\"inLanguage\":\"fr-FR\"},{\"@type\":\"Organization\",\"@id\":\"https:\/\/guineediversite.com\/#organization\",\"name\":\"Guin\u00e9e Diversit\u00e9\",\"url\":\"https:\/\/guineediversite.com\/\",\"logo\":{\"@type\":\"ImageObject\",\"inLanguage\":\"fr-FR\",\"@id\":\"https:\/\/guineediversite.com\/#\/schema\/logo\/image\/\",\"url\":\"https:\/\/guineediversite.com\/wp-content\/uploads\/2017\/04\/cropped-1jojlxEOMkX9Wyqfhe43D6kjPOGqBBKmx3EwWJqZ0cMrFF54yM49.png\",\"contentUrl\":\"https:\/\/guineediversite.com\/wp-content\/uploads\/2017\/04\/cropped-1jojlxEOMkX9Wyqfhe43D6kjPOGqBBKmx3EwWJqZ0cMrFF54yM49.png\",\"width\":186,\"height\":112,\"caption\":\"Guin\u00e9e Diversit\u00e9\"},\"image\":{\"@id\":\"https:\/\/guineediversite.com\/#\/schema\/logo\/image\/\"},\"sameAs\":[\"https:\/\/www.facebook.com\/guineediversite\/\",\"https:\/\/x.com\/GuineeDiversite\",\"https:\/\/www.youtube.com\/channel\/UC8sUY16qelG5ge6_D5SB83g\"]},{\"@type\":\"Person\",\"@id\":\"https:\/\/guineediversite.com\/#\/schema\/person\/fa362494c47202ce4b3adf55abcc9d01\",\"name\":\"Morcire Camara\",\"image\":{\"@type\":\"ImageObject\",\"inLanguage\":\"fr-FR\",\"@id\":\"https:\/\/guineediversite.com\/#\/schema\/person\/image\/\",\"url\":\"https:\/\/secure.gravatar.com\/avatar\/3ec324f02295bbcebe03d99b39330ab4?s=96&d=mm&r=g\",\"contentUrl\":\"https:\/\/secure.gravatar.com\/avatar\/3ec324f02295bbcebe03d99b39330ab4?s=96&d=mm&r=g\",\"caption\":\"Morcire Camara\"},\"url\":\"https:\/\/guineediversite.com\/index.php\/author\/morcire\/\"}]}<\/script>\n<!-- \/ Yoast SEO plugin. -->","yoast_head_json":{"title":"Monarch Conakry lance le programme d\u2019insertion des jeunes cr\u00e9atifs | Guin\u00e9e Diversit\u00e9","robots":{"index":"index","follow":"follow","max-snippet":"max-snippet:-1","max-image-preview":"max-image-preview:large","max-video-preview":"max-video-preview:-1"},"canonical":"https:\/\/guineediversite.com\/index.php\/2021\/04\/01\/monarch-lance-le-programme-dinsertion-des-jeunes-creatifs\/","og_locale":"fr_FR","og_type":"article","og_title":"Monarch Conakry lance le programme d\u2019insertion des jeunes cr\u00e9atifs | Guin\u00e9e Diversit\u00e9","og_description":"La structure Monarch Conakry en collaboration avec l\u2019Institut Sup\u00e9rieur de l\u2019information et de la communication de Kountia et l\u2019Universit\u00e9 Nongo Conakry, a lanc\u00e9 ce jeudi 1er avril le programme d\u2019insertion de jeunes \u00e9tudiants dipl\u00f4m\u00e9s en journalisme, communication et marketings dans les universit\u00e9s partenaires. Ce projet vise \u00e0 accompagner les jeunes \u00e9tudiants dans le monde professionnel [&hellip;]","og_url":"https:\/\/guineediversite.com\/index.php\/2021\/04\/01\/monarch-lance-le-programme-dinsertion-des-jeunes-creatifs\/","og_site_name":"Guin\u00e9e Diversit\u00e9","article_publisher":"https:\/\/www.facebook.com\/guineediversite\/","article_published_time":"2021-04-01T17:30:56+00:00","article_modified_time":"2021-04-01T19:01:56+00:00","og_image":[{"width":1024,"height":576,"url":"https:\/\/guineediversite.com\/wp-content\/uploads\/2021\/04\/MO-1.jpg","type":"image\/jpeg"}],"author":"Morcire Camara","twitter_card":"summary_large_image","twitter_creator":"@GuineeDiversite","twitter_site":"@GuineeDiversite","twitter_misc":{"\u00c9crit par":"Morcire Camara","Dur\u00e9e de lecture estim\u00e9e":"3 minutes"},"schema":{"@context":"https:\/\/schema.org","@graph":[{"@type":"Article","@id":"https:\/\/guineediversite.com\/index.php\/2021\/04\/01\/monarch-lance-le-programme-dinsertion-des-jeunes-creatifs\/#article","isPartOf":{"@id":"https:\/\/guineediversite.com\/index.php\/2021\/04\/01\/monarch-lance-le-programme-dinsertion-des-jeunes-creatifs\/"},"author":{"name":"Morcire Camara","@id":"https:\/\/guineediversite.com\/#\/schema\/person\/fa362494c47202ce4b3adf55abcc9d01"},"headline":"Monarch Conakry lance le programme d\u2019insertion des jeunes cr\u00e9atifs","datePublished":"2021-04-01T17:30:56+00:00","dateModified":"2021-04-01T19:01:56+00:00","mainEntityOfPage":{"@id":"https:\/\/guineediversite.com\/index.php\/2021\/04\/01\/monarch-lance-le-programme-dinsertion-des-jeunes-creatifs\/"},"wordCount":646,"publisher":{"@id":"https:\/\/guineediversite.com\/#organization"},"image":{"@id":"https:\/\/guineediversite.com\/index.php\/2021\/04\/01\/monarch-lance-le-programme-dinsertion-des-jeunes-creatifs\/#primaryimage"},"thumbnailUrl":"https:\/\/guineediversite.com\/wp-content\/uploads\/2021\/04\/MO-1.jpg","articleSection":["Soci\u00e9t\u00e9"],"inLanguage":"fr-FR"},{"@type":"WebPage","@id":"https:\/\/guineediversite.com\/index.php\/2021\/04\/01\/monarch-lance-le-programme-dinsertion-des-jeunes-creatifs\/","url":"https:\/\/guineediversite.com\/index.php\/2021\/04\/01\/monarch-lance-le-programme-dinsertion-des-jeunes-creatifs\/","name":"Monarch Conakry lance le programme d\u2019insertion des jeunes cr\u00e9atifs | Guin\u00e9e Diversit\u00e9","isPartOf":{"@id":"https:\/\/guineediversite.com\/#website"},"primaryImageOfPage":{"@id":"https:\/\/guineediversite.com\/index.php\/2021\/04\/01\/monarch-lance-le-programme-dinsertion-des-jeunes-creatifs\/#primaryimage"},"image":{"@id":"https:\/\/guineediversite.com\/index.php\/2021\/04\/01\/monarch-lance-le-programme-dinsertion-des-jeunes-creatifs\/#primaryimage"},"thumbnailUrl":"https:\/\/guineediversite.com\/wp-content\/uploads\/2021\/04\/MO-1.jpg","datePublished":"2021-04-01T17:30:56+00:00","dateModified":"2021-04-01T19:01:56+00:00","breadcrumb":{"@id":"https:\/\/guineediversite.com\/index.php\/2021\/04\/01\/monarch-lance-le-programme-dinsertion-des-jeunes-creatifs\/#breadcrumb"},"inLanguage":"fr-FR","potentialAction":[{"@type":"ReadAction","target":["https:\/\/guineediversite.com\/index.php\/2021\/04\/01\/monarch-lance-le-programme-dinsertion-des-jeunes-creatifs\/"]}]},{"@type":"ImageObject","inLanguage":"fr-FR","@id":"https:\/\/guineediversite.com\/index.php\/2021\/04\/01\/monarch-lance-le-programme-dinsertion-des-jeunes-creatifs\/#primaryimage","url":"https:\/\/guineediversite.com\/wp-content\/uploads\/2021\/04\/MO-1.jpg","contentUrl":"https:\/\/guineediversite.com\/wp-content\/uploads\/2021\/04\/MO-1.jpg","width":1024,"height":576},{"@type":"BreadcrumbList","@id":"https:\/\/guineediversite.com\/index.php\/2021\/04\/01\/monarch-lance-le-programme-dinsertion-des-jeunes-creatifs\/#breadcrumb","itemListElement":[{"@type":"ListItem","position":1,"name":"Accueil","item":"https:\/\/guineediversite.com\/"},{"@type":"ListItem","position":2,"name":"Monarch Conakry lance le programme d\u2019insertion des jeunes cr\u00e9atifs"}]},{"@type":"WebSite","@id":"https:\/\/guineediversite.com\/#website","url":"https:\/\/guineediversite.com\/","name":"Guin\u00e9e Diversit\u00e9","description":"L&#039;Info dans toute sa diversit\u00e9","publisher":{"@id":"https:\/\/guineediversite.com\/#organization"},"potentialAction":[{"@type":"SearchAction","target":{"@type":"EntryPoint","urlTemplate":"https:\/\/guineediversite.com\/?s={search_term_string}"},"query-input":{"@type":"PropertyValueSpecification","valueRequired":true,"valueName":"search_term_string"}}],"inLanguage":"fr-FR"},{"@type":"Organization","@id":"https:\/\/guineediversite.com\/#organization","name":"Guin\u00e9e Diversit\u00e9","url":"https:\/\/guineediversite.com\/","logo":{"@type":"ImageObject","inLanguage":"fr-FR","@id":"https:\/\/guineediversite.com\/#\/schema\/logo\/image\/","url":"https:\/\/guineediversite.com\/wp-content\/uploads\/2017\/04\/cropped-1jojlxEOMkX9Wyqfhe43D6kjPOGqBBKmx3EwWJqZ0cMrFF54yM49.png","contentUrl":"https:\/\/guineediversite.com\/wp-content\/uploads\/2017\/04\/cropped-1jojlxEOMkX9Wyqfhe43D6kjPOGqBBKmx3EwWJqZ0cMrFF54yM49.png","width":186,"height":112,"caption":"Guin\u00e9e Diversit\u00e9"},"image":{"@id":"https:\/\/guineediversite.com\/#\/schema\/logo\/image\/"},"sameAs":["https:\/\/www.facebook.com\/guineediversite\/","https:\/\/x.com\/GuineeDiversite","https:\/\/www.youtube.com\/channel\/UC8sUY16qelG5ge6_D5SB83g"]},{"@type":"Person","@id":"https:\/\/guineediversite.com\/#\/schema\/person\/fa362494c47202ce4b3adf55abcc9d01","name":"Morcire Camara","image":{"@type":"ImageObject","inLanguage":"fr-FR","@id":"https:\/\/guineediversite.com\/#\/schema\/person\/image\/","url":"https:\/\/secure.gravatar.com\/avatar\/3ec324f02295bbcebe03d99b39330ab4?s=96&d=mm&r=g","contentUrl":"https:\/\/secure.gravatar.com\/avatar\/3ec324f02295bbcebe03d99b39330ab4?s=96&d=mm&r=g","caption":"Morcire Camara"},"url":"https:\/\/guineediversite.com\/index.php\/author\/morcire\/"}]}},"_links":{"self":[{"href":"https:\/\/guineediversite.com\/index.php\/wp-json\/wp\/v2\/posts\/31180"}],"collection":[{"href":"https:\/\/guineediversite.com\/index.php\/wp-json\/wp\/v2\/posts"}],"about":[{"href":"https:\/\/guineediversite.com\/index.php\/wp-json\/wp\/v2\/types\/post"}],"author":[{"embeddable":true,"href":"https:\/\/guineediversite.com\/index.php\/wp-json\/wp\/v2\/users\/10"}],"replies":[{"embeddable":true,"href":"https:\/\/guineediversite.com\/index.php\/wp-json\/wp\/v2\/comments?post=31180"}],"version-history":[{"count":5,"href":"https:\/\/guineediversite.com\/index.php\/wp-json\/wp\/v2\/posts\/31180\/revisions"}],"predecessor-version":[{"id":31191,"href":"https:\/\/guineediversite.com\/index.php\/wp-json\/wp\/v2\/posts\/31180\/revisions\/31191"}],"wp:featuredmedia":[{"embeddable":true,"href":"https:\/\/guineediversite.com\/index.php\/wp-json\/wp\/v2\/media\/31181"}],"wp:attachment":[{"href":"https:\/\/guineediversite.com\/index.php\/wp-json\/wp\/v2\/media?parent=31180"}],"wp:term":[{"taxonomy":"category","embeddable":true,"href":"https:\/\/guineediversite.com\/index.php\/wp-json\/wp\/v2\/categories?post=31180"},{"taxonomy":"post_tag","embeddable":true,"href":"https:\/\/guineediversite.com\/index.php\/wp-json\/wp\/v2\/tags?post=31180"}],"curies":[{"name":"wp","href":"https:\/\/api.w.org\/{rel}","templated":true}]}}