{"id":31174,"date":"2021-04-01T18:16:21","date_gmt":"2021-04-01T16:16:21","guid":{"rendered":"https:\/\/guineediversite.com\/?p=31174"},"modified":"2021-04-01T18:16:21","modified_gmt":"2021-04-01T16:16:21","slug":"football-la-can-au-cameroun-du-9-janvier-au-6-fevrier-2022","status":"publish","type":"post","link":"https:\/\/guineediversite.com\/index.php\/2021\/04\/01\/football-la-can-au-cameroun-du-9-janvier-au-6-fevrier-2022\/","title":{"rendered":"Football: la CAN au Cameroun du 9 janvier au 6 f\u00e9vrier 2022"},"content":{"rendered":"<p>La prochaine Coupe d\u2019Afrique des nations masculine de football (CAN 2021), pr\u00e9vue au Cameroun, aura lieu du 9 janvier au 6 f\u00e9vrier 2022, a indiqu\u00e9 la Conf\u00e9d\u00e9ration africaine de football (CAF)\u00a0dans un communiqu\u00e9 en date du 31 mars 2021 et publi\u00e9 ce jeudi. Le tirage au sort de la phase finale, qui permettra de conna\u00eetre la composition des six groupes, se d\u00e9roulera, lui, le 25 juin 2021.<\/p>\n<p>On conna\u00eet d\u00e9sormais les dates de cette Coupe d\u2019Afrique des nations au Cameroun (CAN 2021) tant attendue. Comme annonc\u00e9 il y a quelques mois, la \u00ab\u00a0CAN 2021\u00a0\u00bb [1] aura lieu d\u00e9but 2022, plus pr\u00e9cis\u00e9ment du 9 janvier au 6 f\u00e9vrier prochains.<\/p>\n<p>\u00ab\u00a0<em>Le Comit\u00e9 ex\u00e9cutif a unanimement approuv\u00e9 les dates propos\u00e9es pour l\u2019organisation du tirage au sort (25 juin 2021) et du tournoi final de la CAN Total Cameroun 2021 (du 9 janvier au 6 f\u00e9vrier 2022)<\/em>\u00a0\u00bb, indique un communiqu\u00e9 de la Conf\u00e9d\u00e9ration africaine de football (CAF).<\/p>\n<p>Tirage au sort le 25 juin<\/p>\n<p>Le coup d\u2019envoi pr\u00e9coce de la comp\u00e9tition, pr\u00e9vu le dimanche 9 janvier, devrait permettre \u00e0 de nombreux joueurs expatri\u00e9s de se pr\u00e9parer avec leur s\u00e9lection durant une p\u00e9riode qui correspond \u00e0 la tr\u00eave hivernale dans de nombreux championnats europ\u00e9ens et asiatiques.<\/p>\n<p>Les F\u00e9d\u00e9rations concern\u00e9es par la phase finale, elles, devraient par ailleurs avoir six mois pour s\u2019organiser. Le tirage au sort pour la phase de groupes se tiendra en effet juste apr\u00e8s le d\u00e9but des qualifications africaines pour la coupe du monde 2022 et surtout juste apr\u00e8s la rencontre des \u00e9liminatoires pour la CAN 2021 Sierra Leone \u2013 B\u00e9nin report\u00e9e \u00e0 juin prochain.<\/p>\n<p><strong>RFI<\/strong><\/p>\n<p>&nbsp;<\/p>\n","protected":false},"excerpt":{"rendered":"<p>La prochaine Coupe d\u2019Afrique des nations masculine de football (CAN 2021), pr\u00e9vue au Cameroun, aura lieu du 9 janvier au 6 f\u00e9vrier 2022, a indiqu\u00e9 la Conf\u00e9d\u00e9ration africaine de football (CAF)\u00a0dans un communiqu\u00e9 en date du 31 mars 2021 et publi\u00e9 ce jeudi. Le tirage au sort de la phase finale, qui permettra de conna\u00eetre [&hellip;]<\/p>\n","protected":false},"author":7,"featured_media":31175,"comment_status":"closed","ping_status":"open","sticky":false,"template":"","format":"standard","meta":{"_exactmetrics_skip_tracking":false,"_exactmetrics_sitenote_active":false,"_exactmetrics_sitenote_note":"","_exactmetrics_sitenote_category":0,"tdm_status":"","tdm_grid_status":"","footnotes":""},"categories":[18],"tags":[],"class_list":{"0":"post-31174","1":"post","2":"type-post","3":"status-publish","4":"format-standard","5":"has-post-thumbnail","7":"category-sport"},"yoast_head":"<!-- This site is optimized with the Yoast SEO plugin v24.2 - https:\/\/yoast.com\/wordpress\/plugins\/seo\/ -->\n<title>Football: la CAN au Cameroun du 9 janvier au 6 f\u00e9vrier 2022 | Guin\u00e9e Diversit\u00e9<\/title>\n<meta name=\"robots\" content=\"index, follow, max-snippet:-1, max-image-preview:large, max-video-preview:-1\" \/>\n<link rel=\"canonical\" href=\"https:\/\/guineediversite.com\/index.php\/2021\/04\/01\/football-la-can-au-cameroun-du-9-janvier-au-6-fevrier-2022\/\" \/>\n<meta property=\"og:locale\" content=\"fr_FR\" \/>\n<meta property=\"og:type\" content=\"article\" \/>\n<meta property=\"og:title\" content=\"Football: la CAN au Cameroun du 9 janvier au 6 f\u00e9vrier 2022 | Guin\u00e9e Diversit\u00e9\" \/>\n<meta property=\"og:description\" content=\"La prochaine Coupe d\u2019Afrique des nations masculine de football (CAN 2021), pr\u00e9vue au Cameroun, aura lieu du 9 janvier au 6 f\u00e9vrier 2022, a indiqu\u00e9 la Conf\u00e9d\u00e9ration africaine de football (CAF)\u00a0dans un communiqu\u00e9 en date du 31 mars 2021 et publi\u00e9 ce jeudi. Le tirage au sort de la phase finale, qui permettra de conna\u00eetre [&hellip;]\" \/>\n<meta property=\"og:url\" content=\"https:\/\/guineediversite.com\/index.php\/2021\/04\/01\/football-la-can-au-cameroun-du-9-janvier-au-6-fevrier-2022\/\" \/>\n<meta property=\"og:site_name\" content=\"Guin\u00e9e Diversit\u00e9\" \/>\n<meta property=\"article:publisher\" content=\"https:\/\/www.facebook.com\/guineediversite\/\" \/>\n<meta property=\"article:published_time\" content=\"2021-04-01T16:16:21+00:00\" \/>\n<meta property=\"og:image\" content=\"https:\/\/guineediversite.com\/wp-content\/uploads\/2021\/04\/la-CAN-au-Cameroun-du-9-janvier-au-6-fevrier-2022.jpg\" \/>\n\t<meta property=\"og:image:width\" content=\"1100\" \/>\n\t<meta property=\"og:image:height\" content=\"689\" \/>\n\t<meta property=\"og:image:type\" content=\"image\/jpeg\" \/>\n<meta name=\"author\" content=\"Bilguissa Diallo\" \/>\n<meta name=\"twitter:card\" content=\"summary_large_image\" \/>\n<meta name=\"twitter:creator\" content=\"@GuineeDiversite\" \/>\n<meta name=\"twitter:site\" content=\"@GuineeDiversite\" \/>\n<meta name=\"twitter:label1\" content=\"\u00c9crit par\" \/>\n\t<meta name=\"twitter:data1\" content=\"Bilguissa Diallo\" \/>\n\t<meta name=\"twitter:label2\" content=\"Dur\u00e9e de lecture estim\u00e9e\" \/>\n\t<meta name=\"twitter:data2\" content=\"1 minute\" \/>\n<script type=\"application\/ld+json\" class=\"yoast-schema-graph\">{\"@context\":\"https:\/\/schema.org\",\"@graph\":[{\"@type\":\"Article\",\"@id\":\"https:\/\/guineediversite.com\/index.php\/2021\/04\/01\/football-la-can-au-cameroun-du-9-janvier-au-6-fevrier-2022\/#article\",\"isPartOf\":{\"@id\":\"https:\/\/guineediversite.com\/index.php\/2021\/04\/01\/football-la-can-au-cameroun-du-9-janvier-au-6-fevrier-2022\/\"},\"author\":{\"name\":\"Bilguissa Diallo\",\"@id\":\"https:\/\/guineediversite.com\/#\/schema\/person\/0e0e3e424768a50d025ac2218ccca73f\"},\"headline\":\"Football: la CAN au Cameroun du 9 janvier au 6 f\u00e9vrier 2022\",\"datePublished\":\"2021-04-01T16:16:21+00:00\",\"dateModified\":\"2021-04-01T16:16:21+00:00\",\"mainEntityOfPage\":{\"@id\":\"https:\/\/guineediversite.com\/index.php\/2021\/04\/01\/football-la-can-au-cameroun-du-9-janvier-au-6-fevrier-2022\/\"},\"wordCount\":286,\"publisher\":{\"@id\":\"https:\/\/guineediversite.com\/#organization\"},\"image\":{\"@id\":\"https:\/\/guineediversite.com\/index.php\/2021\/04\/01\/football-la-can-au-cameroun-du-9-janvier-au-6-fevrier-2022\/#primaryimage\"},\"thumbnailUrl\":\"https:\/\/guineediversite.com\/wp-content\/uploads\/2021\/04\/la-CAN-au-Cameroun-du-9-janvier-au-6-fevrier-2022.jpg\",\"articleSection\":[\"Sport\"],\"inLanguage\":\"fr-FR\"},{\"@type\":\"WebPage\",\"@id\":\"https:\/\/guineediversite.com\/index.php\/2021\/04\/01\/football-la-can-au-cameroun-du-9-janvier-au-6-fevrier-2022\/\",\"url\":\"https:\/\/guineediversite.com\/index.php\/2021\/04\/01\/football-la-can-au-cameroun-du-9-janvier-au-6-fevrier-2022\/\",\"name\":\"Football: la CAN au Cameroun du 9 janvier au 6 f\u00e9vrier 2022 | Guin\u00e9e Diversit\u00e9\",\"isPartOf\":{\"@id\":\"https:\/\/guineediversite.com\/#website\"},\"primaryImageOfPage\":{\"@id\":\"https:\/\/guineediversite.com\/index.php\/2021\/04\/01\/football-la-can-au-cameroun-du-9-janvier-au-6-fevrier-2022\/#primaryimage\"},\"image\":{\"@id\":\"https:\/\/guineediversite.com\/index.php\/2021\/04\/01\/football-la-can-au-cameroun-du-9-janvier-au-6-fevrier-2022\/#primaryimage\"},\"thumbnailUrl\":\"https:\/\/guineediversite.com\/wp-content\/uploads\/2021\/04\/la-CAN-au-Cameroun-du-9-janvier-au-6-fevrier-2022.jpg\",\"datePublished\":\"2021-04-01T16:16:21+00:00\",\"dateModified\":\"2021-04-01T16:16:21+00:00\",\"breadcrumb\":{\"@id\":\"https:\/\/guineediversite.com\/index.php\/2021\/04\/01\/football-la-can-au-cameroun-du-9-janvier-au-6-fevrier-2022\/#breadcrumb\"},\"inLanguage\":\"fr-FR\",\"potentialAction\":[{\"@type\":\"ReadAction\",\"target\":[\"https:\/\/guineediversite.com\/index.php\/2021\/04\/01\/football-la-can-au-cameroun-du-9-janvier-au-6-fevrier-2022\/\"]}]},{\"@type\":\"ImageObject\",\"inLanguage\":\"fr-FR\",\"@id\":\"https:\/\/guineediversite.com\/index.php\/2021\/04\/01\/football-la-can-au-cameroun-du-9-janvier-au-6-fevrier-2022\/#primaryimage\",\"url\":\"https:\/\/guineediversite.com\/wp-content\/uploads\/2021\/04\/la-CAN-au-Cameroun-du-9-janvier-au-6-fevrier-2022.jpg\",\"contentUrl\":\"https:\/\/guineediversite.com\/wp-content\/uploads\/2021\/04\/la-CAN-au-Cameroun-du-9-janvier-au-6-fevrier-2022.jpg\",\"width\":1100,\"height\":689},{\"@type\":\"BreadcrumbList\",\"@id\":\"https:\/\/guineediversite.com\/index.php\/2021\/04\/01\/football-la-can-au-cameroun-du-9-janvier-au-6-fevrier-2022\/#breadcrumb\",\"itemListElement\":[{\"@type\":\"ListItem\",\"position\":1,\"name\":\"Accueil\",\"item\":\"https:\/\/guineediversite.com\/\"},{\"@type\":\"ListItem\",\"position\":2,\"name\":\"Football: la CAN au Cameroun du 9 janvier au 6 f\u00e9vrier 2022\"}]},{\"@type\":\"WebSite\",\"@id\":\"https:\/\/guineediversite.com\/#website\",\"url\":\"https:\/\/guineediversite.com\/\",\"name\":\"Guin\u00e9e Diversit\u00e9\",\"description\":\"L&#039;Info dans toute sa diversit\u00e9\",\"publisher\":{\"@id\":\"https:\/\/guineediversite.com\/#organization\"},\"potentialAction\":[{\"@type\":\"SearchAction\",\"target\":{\"@type\":\"EntryPoint\",\"urlTemplate\":\"https:\/\/guineediversite.com\/?s={search_term_string}\"},\"query-input\":{\"@type\":\"PropertyValueSpecification\",\"valueRequired\":true,\"valueName\":\"search_term_string\"}}],\"inLanguage\":\"fr-FR\"},{\"@type\":\"Organization\",\"@id\":\"https:\/\/guineediversite.com\/#organization\",\"name\":\"Guin\u00e9e Diversit\u00e9\",\"url\":\"https:\/\/guineediversite.com\/\",\"logo\":{\"@type\":\"ImageObject\",\"inLanguage\":\"fr-FR\",\"@id\":\"https:\/\/guineediversite.com\/#\/schema\/logo\/image\/\",\"url\":\"https:\/\/guineediversite.com\/wp-content\/uploads\/2017\/04\/cropped-1jojlxEOMkX9Wyqfhe43D6kjPOGqBBKmx3EwWJqZ0cMrFF54yM49.png\",\"contentUrl\":\"https:\/\/guineediversite.com\/wp-content\/uploads\/2017\/04\/cropped-1jojlxEOMkX9Wyqfhe43D6kjPOGqBBKmx3EwWJqZ0cMrFF54yM49.png\",\"width\":186,\"height\":112,\"caption\":\"Guin\u00e9e Diversit\u00e9\"},\"image\":{\"@id\":\"https:\/\/guineediversite.com\/#\/schema\/logo\/image\/\"},\"sameAs\":[\"https:\/\/www.facebook.com\/guineediversite\/\",\"https:\/\/x.com\/GuineeDiversite\",\"https:\/\/www.youtube.com\/channel\/UC8sUY16qelG5ge6_D5SB83g\"]},{\"@type\":\"Person\",\"@id\":\"https:\/\/guineediversite.com\/#\/schema\/person\/0e0e3e424768a50d025ac2218ccca73f\",\"name\":\"Bilguissa Diallo\",\"image\":{\"@type\":\"ImageObject\",\"inLanguage\":\"fr-FR\",\"@id\":\"https:\/\/guineediversite.com\/#\/schema\/person\/image\/\",\"url\":\"https:\/\/secure.gravatar.com\/avatar\/49bbbd2420ee34d62b1b191791f4b5df?s=96&d=mm&r=g\",\"contentUrl\":\"https:\/\/secure.gravatar.com\/avatar\/49bbbd2420ee34d62b1b191791f4b5df?s=96&d=mm&r=g\",\"caption\":\"Bilguissa Diallo\"},\"url\":\"https:\/\/guineediversite.com\/index.php\/author\/bilguissa\/\"}]}<\/script>\n<!-- \/ Yoast SEO plugin. -->","yoast_head_json":{"title":"Football: la CAN au Cameroun du 9 janvier au 6 f\u00e9vrier 2022 | Guin\u00e9e Diversit\u00e9","robots":{"index":"index","follow":"follow","max-snippet":"max-snippet:-1","max-image-preview":"max-image-preview:large","max-video-preview":"max-video-preview:-1"},"canonical":"https:\/\/guineediversite.com\/index.php\/2021\/04\/01\/football-la-can-au-cameroun-du-9-janvier-au-6-fevrier-2022\/","og_locale":"fr_FR","og_type":"article","og_title":"Football: la CAN au Cameroun du 9 janvier au 6 f\u00e9vrier 2022 | Guin\u00e9e Diversit\u00e9","og_description":"La prochaine Coupe d\u2019Afrique des nations masculine de football (CAN 2021), pr\u00e9vue au Cameroun, aura lieu du 9 janvier au 6 f\u00e9vrier 2022, a indiqu\u00e9 la Conf\u00e9d\u00e9ration africaine de football (CAF)\u00a0dans un communiqu\u00e9 en date du 31 mars 2021 et publi\u00e9 ce jeudi. Le tirage au sort de la phase finale, qui permettra de conna\u00eetre [&hellip;]","og_url":"https:\/\/guineediversite.com\/index.php\/2021\/04\/01\/football-la-can-au-cameroun-du-9-janvier-au-6-fevrier-2022\/","og_site_name":"Guin\u00e9e Diversit\u00e9","article_publisher":"https:\/\/www.facebook.com\/guineediversite\/","article_published_time":"2021-04-01T16:16:21+00:00","og_image":[{"width":1100,"height":689,"url":"https:\/\/guineediversite.com\/wp-content\/uploads\/2021\/04\/la-CAN-au-Cameroun-du-9-janvier-au-6-fevrier-2022.jpg","type":"image\/jpeg"}],"author":"Bilguissa Diallo","twitter_card":"summary_large_image","twitter_creator":"@GuineeDiversite","twitter_site":"@GuineeDiversite","twitter_misc":{"\u00c9crit par":"Bilguissa Diallo","Dur\u00e9e de lecture estim\u00e9e":"1 minute"},"schema":{"@context":"https:\/\/schema.org","@graph":[{"@type":"Article","@id":"https:\/\/guineediversite.com\/index.php\/2021\/04\/01\/football-la-can-au-cameroun-du-9-janvier-au-6-fevrier-2022\/#article","isPartOf":{"@id":"https:\/\/guineediversite.com\/index.php\/2021\/04\/01\/football-la-can-au-cameroun-du-9-janvier-au-6-fevrier-2022\/"},"author":{"name":"Bilguissa Diallo","@id":"https:\/\/guineediversite.com\/#\/schema\/person\/0e0e3e424768a50d025ac2218ccca73f"},"headline":"Football: la CAN au Cameroun du 9 janvier au 6 f\u00e9vrier 2022","datePublished":"2021-04-01T16:16:21+00:00","dateModified":"2021-04-01T16:16:21+00:00","mainEntityOfPage":{"@id":"https:\/\/guineediversite.com\/index.php\/2021\/04\/01\/football-la-can-au-cameroun-du-9-janvier-au-6-fevrier-2022\/"},"wordCount":286,"publisher":{"@id":"https:\/\/guineediversite.com\/#organization"},"image":{"@id":"https:\/\/guineediversite.com\/index.php\/2021\/04\/01\/football-la-can-au-cameroun-du-9-janvier-au-6-fevrier-2022\/#primaryimage"},"thumbnailUrl":"https:\/\/guineediversite.com\/wp-content\/uploads\/2021\/04\/la-CAN-au-Cameroun-du-9-janvier-au-6-fevrier-2022.jpg","articleSection":["Sport"],"inLanguage":"fr-FR"},{"@type":"WebPage","@id":"https:\/\/guineediversite.com\/index.php\/2021\/04\/01\/football-la-can-au-cameroun-du-9-janvier-au-6-fevrier-2022\/","url":"https:\/\/guineediversite.com\/index.php\/2021\/04\/01\/football-la-can-au-cameroun-du-9-janvier-au-6-fevrier-2022\/","name":"Football: la CAN au Cameroun du 9 janvier au 6 f\u00e9vrier 2022 | Guin\u00e9e Diversit\u00e9","isPartOf":{"@id":"https:\/\/guineediversite.com\/#website"},"primaryImageOfPage":{"@id":"https:\/\/guineediversite.com\/index.php\/2021\/04\/01\/football-la-can-au-cameroun-du-9-janvier-au-6-fevrier-2022\/#primaryimage"},"image":{"@id":"https:\/\/guineediversite.com\/index.php\/2021\/04\/01\/football-la-can-au-cameroun-du-9-janvier-au-6-fevrier-2022\/#primaryimage"},"thumbnailUrl":"https:\/\/guineediversite.com\/wp-content\/uploads\/2021\/04\/la-CAN-au-Cameroun-du-9-janvier-au-6-fevrier-2022.jpg","datePublished":"2021-04-01T16:16:21+00:00","dateModified":"2021-04-01T16:16:21+00:00","breadcrumb":{"@id":"https:\/\/guineediversite.com\/index.php\/2021\/04\/01\/football-la-can-au-cameroun-du-9-janvier-au-6-fevrier-2022\/#breadcrumb"},"inLanguage":"fr-FR","potentialAction":[{"@type":"ReadAction","target":["https:\/\/guineediversite.com\/index.php\/2021\/04\/01\/football-la-can-au-cameroun-du-9-janvier-au-6-fevrier-2022\/"]}]},{"@type":"ImageObject","inLanguage":"fr-FR","@id":"https:\/\/guineediversite.com\/index.php\/2021\/04\/01\/football-la-can-au-cameroun-du-9-janvier-au-6-fevrier-2022\/#primaryimage","url":"https:\/\/guineediversite.com\/wp-content\/uploads\/2021\/04\/la-CAN-au-Cameroun-du-9-janvier-au-6-fevrier-2022.jpg","contentUrl":"https:\/\/guineediversite.com\/wp-content\/uploads\/2021\/04\/la-CAN-au-Cameroun-du-9-janvier-au-6-fevrier-2022.jpg","width":1100,"height":689},{"@type":"BreadcrumbList","@id":"https:\/\/guineediversite.com\/index.php\/2021\/04\/01\/football-la-can-au-cameroun-du-9-janvier-au-6-fevrier-2022\/#breadcrumb","itemListElement":[{"@type":"ListItem","position":1,"name":"Accueil","item":"https:\/\/guineediversite.com\/"},{"@type":"ListItem","position":2,"name":"Football: la CAN au Cameroun du 9 janvier au 6 f\u00e9vrier 2022"}]},{"@type":"WebSite","@id":"https:\/\/guineediversite.com\/#website","url":"https:\/\/guineediversite.com\/","name":"Guin\u00e9e Diversit\u00e9","description":"L&#039;Info dans toute sa diversit\u00e9","publisher":{"@id":"https:\/\/guineediversite.com\/#organization"},"potentialAction":[{"@type":"SearchAction","target":{"@type":"EntryPoint","urlTemplate":"https:\/\/guineediversite.com\/?s={search_term_string}"},"query-input":{"@type":"PropertyValueSpecification","valueRequired":true,"valueName":"search_term_string"}}],"inLanguage":"fr-FR"},{"@type":"Organization","@id":"https:\/\/guineediversite.com\/#organization","name":"Guin\u00e9e Diversit\u00e9","url":"https:\/\/guineediversite.com\/","logo":{"@type":"ImageObject","inLanguage":"fr-FR","@id":"https:\/\/guineediversite.com\/#\/schema\/logo\/image\/","url":"https:\/\/guineediversite.com\/wp-content\/uploads\/2017\/04\/cropped-1jojlxEOMkX9Wyqfhe43D6kjPOGqBBKmx3EwWJqZ0cMrFF54yM49.png","contentUrl":"https:\/\/guineediversite.com\/wp-content\/uploads\/2017\/04\/cropped-1jojlxEOMkX9Wyqfhe43D6kjPOGqBBKmx3EwWJqZ0cMrFF54yM49.png","width":186,"height":112,"caption":"Guin\u00e9e Diversit\u00e9"},"image":{"@id":"https:\/\/guineediversite.com\/#\/schema\/logo\/image\/"},"sameAs":["https:\/\/www.facebook.com\/guineediversite\/","https:\/\/x.com\/GuineeDiversite","https:\/\/www.youtube.com\/channel\/UC8sUY16qelG5ge6_D5SB83g"]},{"@type":"Person","@id":"https:\/\/guineediversite.com\/#\/schema\/person\/0e0e3e424768a50d025ac2218ccca73f","name":"Bilguissa Diallo","image":{"@type":"ImageObject","inLanguage":"fr-FR","@id":"https:\/\/guineediversite.com\/#\/schema\/person\/image\/","url":"https:\/\/secure.gravatar.com\/avatar\/49bbbd2420ee34d62b1b191791f4b5df?s=96&d=mm&r=g","contentUrl":"https:\/\/secure.gravatar.com\/avatar\/49bbbd2420ee34d62b1b191791f4b5df?s=96&d=mm&r=g","caption":"Bilguissa Diallo"},"url":"https:\/\/guineediversite.com\/index.php\/author\/bilguissa\/"}]}},"_links":{"self":[{"href":"https:\/\/guineediversite.com\/index.php\/wp-json\/wp\/v2\/posts\/31174"}],"collection":[{"href":"https:\/\/guineediversite.com\/index.php\/wp-json\/wp\/v2\/posts"}],"about":[{"href":"https:\/\/guineediversite.com\/index.php\/wp-json\/wp\/v2\/types\/post"}],"author":[{"embeddable":true,"href":"https:\/\/guineediversite.com\/index.php\/wp-json\/wp\/v2\/users\/7"}],"replies":[{"embeddable":true,"href":"https:\/\/guineediversite.com\/index.php\/wp-json\/wp\/v2\/comments?post=31174"}],"version-history":[{"count":1,"href":"https:\/\/guineediversite.com\/index.php\/wp-json\/wp\/v2\/posts\/31174\/revisions"}],"predecessor-version":[{"id":31176,"href":"https:\/\/guineediversite.com\/index.php\/wp-json\/wp\/v2\/posts\/31174\/revisions\/31176"}],"wp:featuredmedia":[{"embeddable":true,"href":"https:\/\/guineediversite.com\/index.php\/wp-json\/wp\/v2\/media\/31175"}],"wp:attachment":[{"href":"https:\/\/guineediversite.com\/index.php\/wp-json\/wp\/v2\/media?parent=31174"}],"wp:term":[{"taxonomy":"category","embeddable":true,"href":"https:\/\/guineediversite.com\/index.php\/wp-json\/wp\/v2\/categories?post=31174"},{"taxonomy":"post_tag","embeddable":true,"href":"https:\/\/guineediversite.com\/index.php\/wp-json\/wp\/v2\/tags?post=31174"}],"curies":[{"name":"wp","href":"https:\/\/api.w.org\/{rel}","templated":true}]}}