{"id":31165,"date":"2021-03-31T17:51:23","date_gmt":"2021-03-31T15:51:23","guid":{"rendered":"https:\/\/guineediversite.com\/?p=31165"},"modified":"2021-03-31T17:51:23","modified_gmt":"2021-03-31T15:51:23","slug":"decret-gnalen-conde-conteste-par-des-habitants-de-dabola","status":"publish","type":"post","link":"https:\/\/guineediversite.com\/index.php\/2021\/03\/31\/decret-gnalen-conde-conteste-par-des-habitants-de-dabola\/","title":{"rendered":"D\u00e9cret : Gnalen Cond\u00e9 contest\u00e9 par des habitants de Dabola"},"content":{"rendered":"<p><strong>\u00c0 peine nomm\u00e9e par le pr\u00e9sident de la R\u00e9publique comme pr\u00e9fet de Dabola, Gnalen Cond\u00e9 est rejet\u00e9e par des habitants de cette localit\u00e9. Des manifestations ont eu lieu ce mercredi dans la commune urbaine pour protester son retour dans la ville. Abraham Kandas Komah est pr\u00e9sident du mouvement Dabola pour Alpha Cond\u00e9. Il a \u00e9t\u00e9 oint par nos confr\u00e8res de la radio Nostalgie Guin\u00e9e.<\/strong><\/p>\n<p>C\u2019est dans d\u00e9cret lu sur les ondes des m\u00e9dias d\u2019\u00c9tat ce mardi 30 mars que le chef de l\u2019ex\u00e9cutif a nomm\u00e9 colonel Lamarana Diallo, pr\u00e9fet de Fria. Il remplace Gnalen Cond\u00e9 \u00e9galement nomm\u00e9e \u00e0 Dabola au m\u00eame poste. Le pr\u00e9fet de Dabola, Dr Ibrahima Barboza Soumah devient pr\u00e9fet de Dinguiraye.<\/p>\n<p>\u00ab\u00a0<em>Si toutes fois aujourd\u2019hui nous apprenons que cette personne du nom de Barboza quitte pour une certaine Gnalen Cond\u00e9, qui avait d\u00e9j\u00e0 montr\u00e9 ses limites \u00e0 Dabola comme pr\u00e9fet, alors on ne peut accepter cela. La population est actuellement dans la rue entrain de manifester et m\u00eame la journ\u00e9e de demain est programm\u00e9e pour une ville morte, pas de travail, pas de commerce. Nous voulons montrer notre m\u00e9contentement par rapport \u00e0 sa nomination, on ne peut pas refuser les ordres du pr\u00e9sident de la R\u00e9publique, mais si la gestion qu\u2019elle a avait faite lorsqu\u2019elle \u00e9tait venu pour la premi\u00e8re fois \u00e9tait bonne, on serait aujourd\u2019hui entrain d\u2019applaudir dans les rues pour la souhaiter la bienvenue. Mais si toutes fois sa gestion n\u2019a pas \u00e9t\u00e9 bonne, ce n&rsquo;est pas possible que Dabola accepte sa nomination<\/em>\u00bb.<\/p>\n<p>\u00c0 rappeler que cette dame a \u00e9t\u00e9 contest\u00e9 partout o\u00f9 elle \u00e9tait nomm\u00e9e, sa contestation a \u00e9t\u00e9 celle qui s\u2019est produite dans la cit\u00e9 des alumines \u00e0 Fria.<\/p>\n","protected":false},"excerpt":{"rendered":"<p>\u00c0 peine nomm\u00e9e par le pr\u00e9sident de la R\u00e9publique comme pr\u00e9fet de Dabola, Gnalen Cond\u00e9 est rejet\u00e9e par des habitants de cette localit\u00e9. Des manifestations ont eu lieu ce mercredi dans la commune urbaine pour protester son retour dans la ville. Abraham Kandas Komah est pr\u00e9sident du mouvement Dabola pour Alpha Cond\u00e9. Il a \u00e9t\u00e9 [&hellip;]<\/p>\n","protected":false},"author":10,"featured_media":31166,"comment_status":"closed","ping_status":"open","sticky":false,"template":"","format":"standard","meta":{"_exactmetrics_skip_tracking":false,"_exactmetrics_sitenote_active":false,"_exactmetrics_sitenote_note":"","_exactmetrics_sitenote_category":0,"tdm_status":"","tdm_grid_status":"","footnotes":""},"categories":[254,14],"tags":[],"class_list":{"0":"post-31165","1":"post","2":"type-post","3":"status-publish","4":"format-standard","5":"has-post-thumbnail","7":"category-derniere-minute","8":"category-politique"},"yoast_head":"<!-- This site is optimized with the Yoast SEO plugin v24.2 - https:\/\/yoast.com\/wordpress\/plugins\/seo\/ -->\n<title>D\u00e9cret : Gnalen Cond\u00e9 contest\u00e9 par des habitants de Dabola | Guin\u00e9e Diversit\u00e9<\/title>\n<meta name=\"robots\" content=\"index, follow, max-snippet:-1, max-image-preview:large, max-video-preview:-1\" \/>\n<link rel=\"canonical\" href=\"https:\/\/guineediversite.com\/index.php\/2021\/03\/31\/decret-gnalen-conde-conteste-par-des-habitants-de-dabola\/\" \/>\n<meta property=\"og:locale\" content=\"fr_FR\" \/>\n<meta property=\"og:type\" content=\"article\" \/>\n<meta property=\"og:title\" content=\"D\u00e9cret : Gnalen Cond\u00e9 contest\u00e9 par des habitants de Dabola | Guin\u00e9e Diversit\u00e9\" \/>\n<meta property=\"og:description\" content=\"\u00c0 peine nomm\u00e9e par le pr\u00e9sident de la R\u00e9publique comme pr\u00e9fet de Dabola, Gnalen Cond\u00e9 est rejet\u00e9e par des habitants de cette localit\u00e9. Des manifestations ont eu lieu ce mercredi dans la commune urbaine pour protester son retour dans la ville. Abraham Kandas Komah est pr\u00e9sident du mouvement Dabola pour Alpha Cond\u00e9. Il a \u00e9t\u00e9 [&hellip;]\" \/>\n<meta property=\"og:url\" content=\"https:\/\/guineediversite.com\/index.php\/2021\/03\/31\/decret-gnalen-conde-conteste-par-des-habitants-de-dabola\/\" \/>\n<meta property=\"og:site_name\" content=\"Guin\u00e9e Diversit\u00e9\" \/>\n<meta property=\"article:publisher\" content=\"https:\/\/www.facebook.com\/guineediversite\/\" \/>\n<meta property=\"article:published_time\" content=\"2021-03-31T15:51:23+00:00\" \/>\n<meta property=\"og:image\" content=\"https:\/\/guineediversite.com\/wp-content\/uploads\/2021\/03\/GNALEN-CONDE-2.jpg\" \/>\n\t<meta property=\"og:image:width\" content=\"1100\" \/>\n\t<meta property=\"og:image:height\" content=\"595\" \/>\n\t<meta property=\"og:image:type\" content=\"image\/jpeg\" \/>\n<meta name=\"author\" content=\"Morcire Camara\" \/>\n<meta name=\"twitter:card\" content=\"summary_large_image\" \/>\n<meta name=\"twitter:creator\" content=\"@GuineeDiversite\" \/>\n<meta name=\"twitter:site\" content=\"@GuineeDiversite\" \/>\n<meta name=\"twitter:label1\" content=\"\u00c9crit par\" \/>\n\t<meta name=\"twitter:data1\" content=\"Morcire Camara\" \/>\n\t<meta name=\"twitter:label2\" content=\"Dur\u00e9e de lecture estim\u00e9e\" \/>\n\t<meta name=\"twitter:data2\" content=\"2 minutes\" \/>\n<script type=\"application\/ld+json\" class=\"yoast-schema-graph\">{\"@context\":\"https:\/\/schema.org\",\"@graph\":[{\"@type\":\"Article\",\"@id\":\"https:\/\/guineediversite.com\/index.php\/2021\/03\/31\/decret-gnalen-conde-conteste-par-des-habitants-de-dabola\/#article\",\"isPartOf\":{\"@id\":\"https:\/\/guineediversite.com\/index.php\/2021\/03\/31\/decret-gnalen-conde-conteste-par-des-habitants-de-dabola\/\"},\"author\":{\"name\":\"Morcire Camara\",\"@id\":\"https:\/\/guineediversite.com\/#\/schema\/person\/fa362494c47202ce4b3adf55abcc9d01\"},\"headline\":\"D\u00e9cret : Gnalen Cond\u00e9 contest\u00e9 par des habitants de Dabola\",\"datePublished\":\"2021-03-31T15:51:23+00:00\",\"dateModified\":\"2021-03-31T15:51:23+00:00\",\"mainEntityOfPage\":{\"@id\":\"https:\/\/guineediversite.com\/index.php\/2021\/03\/31\/decret-gnalen-conde-conteste-par-des-habitants-de-dabola\/\"},\"wordCount\":316,\"publisher\":{\"@id\":\"https:\/\/guineediversite.com\/#organization\"},\"image\":{\"@id\":\"https:\/\/guineediversite.com\/index.php\/2021\/03\/31\/decret-gnalen-conde-conteste-par-des-habitants-de-dabola\/#primaryimage\"},\"thumbnailUrl\":\"https:\/\/guineediversite.com\/wp-content\/uploads\/2021\/03\/GNALEN-CONDE-2.jpg\",\"articleSection\":[\"Derni\u00e8re minute\",\"Politique\"],\"inLanguage\":\"fr-FR\"},{\"@type\":\"WebPage\",\"@id\":\"https:\/\/guineediversite.com\/index.php\/2021\/03\/31\/decret-gnalen-conde-conteste-par-des-habitants-de-dabola\/\",\"url\":\"https:\/\/guineediversite.com\/index.php\/2021\/03\/31\/decret-gnalen-conde-conteste-par-des-habitants-de-dabola\/\",\"name\":\"D\u00e9cret : Gnalen Cond\u00e9 contest\u00e9 par des habitants de Dabola | Guin\u00e9e Diversit\u00e9\",\"isPartOf\":{\"@id\":\"https:\/\/guineediversite.com\/#website\"},\"primaryImageOfPage\":{\"@id\":\"https:\/\/guineediversite.com\/index.php\/2021\/03\/31\/decret-gnalen-conde-conteste-par-des-habitants-de-dabola\/#primaryimage\"},\"image\":{\"@id\":\"https:\/\/guineediversite.com\/index.php\/2021\/03\/31\/decret-gnalen-conde-conteste-par-des-habitants-de-dabola\/#primaryimage\"},\"thumbnailUrl\":\"https:\/\/guineediversite.com\/wp-content\/uploads\/2021\/03\/GNALEN-CONDE-2.jpg\",\"datePublished\":\"2021-03-31T15:51:23+00:00\",\"dateModified\":\"2021-03-31T15:51:23+00:00\",\"breadcrumb\":{\"@id\":\"https:\/\/guineediversite.com\/index.php\/2021\/03\/31\/decret-gnalen-conde-conteste-par-des-habitants-de-dabola\/#breadcrumb\"},\"inLanguage\":\"fr-FR\",\"potentialAction\":[{\"@type\":\"ReadAction\",\"target\":[\"https:\/\/guineediversite.com\/index.php\/2021\/03\/31\/decret-gnalen-conde-conteste-par-des-habitants-de-dabola\/\"]}]},{\"@type\":\"ImageObject\",\"inLanguage\":\"fr-FR\",\"@id\":\"https:\/\/guineediversite.com\/index.php\/2021\/03\/31\/decret-gnalen-conde-conteste-par-des-habitants-de-dabola\/#primaryimage\",\"url\":\"https:\/\/guineediversite.com\/wp-content\/uploads\/2021\/03\/GNALEN-CONDE-2.jpg\",\"contentUrl\":\"https:\/\/guineediversite.com\/wp-content\/uploads\/2021\/03\/GNALEN-CONDE-2.jpg\",\"width\":1100,\"height\":595},{\"@type\":\"BreadcrumbList\",\"@id\":\"https:\/\/guineediversite.com\/index.php\/2021\/03\/31\/decret-gnalen-conde-conteste-par-des-habitants-de-dabola\/#breadcrumb\",\"itemListElement\":[{\"@type\":\"ListItem\",\"position\":1,\"name\":\"Accueil\",\"item\":\"https:\/\/guineediversite.com\/\"},{\"@type\":\"ListItem\",\"position\":2,\"name\":\"D\u00e9cret : Gnalen Cond\u00e9 contest\u00e9 par des habitants de Dabola\"}]},{\"@type\":\"WebSite\",\"@id\":\"https:\/\/guineediversite.com\/#website\",\"url\":\"https:\/\/guineediversite.com\/\",\"name\":\"Guin\u00e9e Diversit\u00e9\",\"description\":\"L&#039;Info dans toute sa diversit\u00e9\",\"publisher\":{\"@id\":\"https:\/\/guineediversite.com\/#organization\"},\"potentialAction\":[{\"@type\":\"SearchAction\",\"target\":{\"@type\":\"EntryPoint\",\"urlTemplate\":\"https:\/\/guineediversite.com\/?s={search_term_string}\"},\"query-input\":{\"@type\":\"PropertyValueSpecification\",\"valueRequired\":true,\"valueName\":\"search_term_string\"}}],\"inLanguage\":\"fr-FR\"},{\"@type\":\"Organization\",\"@id\":\"https:\/\/guineediversite.com\/#organization\",\"name\":\"Guin\u00e9e Diversit\u00e9\",\"url\":\"https:\/\/guineediversite.com\/\",\"logo\":{\"@type\":\"ImageObject\",\"inLanguage\":\"fr-FR\",\"@id\":\"https:\/\/guineediversite.com\/#\/schema\/logo\/image\/\",\"url\":\"https:\/\/guineediversite.com\/wp-content\/uploads\/2017\/04\/cropped-1jojlxEOMkX9Wyqfhe43D6kjPOGqBBKmx3EwWJqZ0cMrFF54yM49.png\",\"contentUrl\":\"https:\/\/guineediversite.com\/wp-content\/uploads\/2017\/04\/cropped-1jojlxEOMkX9Wyqfhe43D6kjPOGqBBKmx3EwWJqZ0cMrFF54yM49.png\",\"width\":186,\"height\":112,\"caption\":\"Guin\u00e9e Diversit\u00e9\"},\"image\":{\"@id\":\"https:\/\/guineediversite.com\/#\/schema\/logo\/image\/\"},\"sameAs\":[\"https:\/\/www.facebook.com\/guineediversite\/\",\"https:\/\/x.com\/GuineeDiversite\",\"https:\/\/www.youtube.com\/channel\/UC8sUY16qelG5ge6_D5SB83g\"]},{\"@type\":\"Person\",\"@id\":\"https:\/\/guineediversite.com\/#\/schema\/person\/fa362494c47202ce4b3adf55abcc9d01\",\"name\":\"Morcire Camara\",\"image\":{\"@type\":\"ImageObject\",\"inLanguage\":\"fr-FR\",\"@id\":\"https:\/\/guineediversite.com\/#\/schema\/person\/image\/\",\"url\":\"https:\/\/secure.gravatar.com\/avatar\/3ec324f02295bbcebe03d99b39330ab4?s=96&d=mm&r=g\",\"contentUrl\":\"https:\/\/secure.gravatar.com\/avatar\/3ec324f02295bbcebe03d99b39330ab4?s=96&d=mm&r=g\",\"caption\":\"Morcire Camara\"},\"url\":\"https:\/\/guineediversite.com\/index.php\/author\/morcire\/\"}]}<\/script>\n<!-- \/ Yoast SEO plugin. -->","yoast_head_json":{"title":"D\u00e9cret : Gnalen Cond\u00e9 contest\u00e9 par des habitants de Dabola | Guin\u00e9e Diversit\u00e9","robots":{"index":"index","follow":"follow","max-snippet":"max-snippet:-1","max-image-preview":"max-image-preview:large","max-video-preview":"max-video-preview:-1"},"canonical":"https:\/\/guineediversite.com\/index.php\/2021\/03\/31\/decret-gnalen-conde-conteste-par-des-habitants-de-dabola\/","og_locale":"fr_FR","og_type":"article","og_title":"D\u00e9cret : Gnalen Cond\u00e9 contest\u00e9 par des habitants de Dabola | Guin\u00e9e Diversit\u00e9","og_description":"\u00c0 peine nomm\u00e9e par le pr\u00e9sident de la R\u00e9publique comme pr\u00e9fet de Dabola, Gnalen Cond\u00e9 est rejet\u00e9e par des habitants de cette localit\u00e9. Des manifestations ont eu lieu ce mercredi dans la commune urbaine pour protester son retour dans la ville. Abraham Kandas Komah est pr\u00e9sident du mouvement Dabola pour Alpha Cond\u00e9. Il a \u00e9t\u00e9 [&hellip;]","og_url":"https:\/\/guineediversite.com\/index.php\/2021\/03\/31\/decret-gnalen-conde-conteste-par-des-habitants-de-dabola\/","og_site_name":"Guin\u00e9e Diversit\u00e9","article_publisher":"https:\/\/www.facebook.com\/guineediversite\/","article_published_time":"2021-03-31T15:51:23+00:00","og_image":[{"width":1100,"height":595,"url":"https:\/\/guineediversite.com\/wp-content\/uploads\/2021\/03\/GNALEN-CONDE-2.jpg","type":"image\/jpeg"}],"author":"Morcire Camara","twitter_card":"summary_large_image","twitter_creator":"@GuineeDiversite","twitter_site":"@GuineeDiversite","twitter_misc":{"\u00c9crit par":"Morcire Camara","Dur\u00e9e de lecture estim\u00e9e":"2 minutes"},"schema":{"@context":"https:\/\/schema.org","@graph":[{"@type":"Article","@id":"https:\/\/guineediversite.com\/index.php\/2021\/03\/31\/decret-gnalen-conde-conteste-par-des-habitants-de-dabola\/#article","isPartOf":{"@id":"https:\/\/guineediversite.com\/index.php\/2021\/03\/31\/decret-gnalen-conde-conteste-par-des-habitants-de-dabola\/"},"author":{"name":"Morcire Camara","@id":"https:\/\/guineediversite.com\/#\/schema\/person\/fa362494c47202ce4b3adf55abcc9d01"},"headline":"D\u00e9cret : Gnalen Cond\u00e9 contest\u00e9 par des habitants de Dabola","datePublished":"2021-03-31T15:51:23+00:00","dateModified":"2021-03-31T15:51:23+00:00","mainEntityOfPage":{"@id":"https:\/\/guineediversite.com\/index.php\/2021\/03\/31\/decret-gnalen-conde-conteste-par-des-habitants-de-dabola\/"},"wordCount":316,"publisher":{"@id":"https:\/\/guineediversite.com\/#organization"},"image":{"@id":"https:\/\/guineediversite.com\/index.php\/2021\/03\/31\/decret-gnalen-conde-conteste-par-des-habitants-de-dabola\/#primaryimage"},"thumbnailUrl":"https:\/\/guineediversite.com\/wp-content\/uploads\/2021\/03\/GNALEN-CONDE-2.jpg","articleSection":["Derni\u00e8re minute","Politique"],"inLanguage":"fr-FR"},{"@type":"WebPage","@id":"https:\/\/guineediversite.com\/index.php\/2021\/03\/31\/decret-gnalen-conde-conteste-par-des-habitants-de-dabola\/","url":"https:\/\/guineediversite.com\/index.php\/2021\/03\/31\/decret-gnalen-conde-conteste-par-des-habitants-de-dabola\/","name":"D\u00e9cret : Gnalen Cond\u00e9 contest\u00e9 par des habitants de Dabola | Guin\u00e9e Diversit\u00e9","isPartOf":{"@id":"https:\/\/guineediversite.com\/#website"},"primaryImageOfPage":{"@id":"https:\/\/guineediversite.com\/index.php\/2021\/03\/31\/decret-gnalen-conde-conteste-par-des-habitants-de-dabola\/#primaryimage"},"image":{"@id":"https:\/\/guineediversite.com\/index.php\/2021\/03\/31\/decret-gnalen-conde-conteste-par-des-habitants-de-dabola\/#primaryimage"},"thumbnailUrl":"https:\/\/guineediversite.com\/wp-content\/uploads\/2021\/03\/GNALEN-CONDE-2.jpg","datePublished":"2021-03-31T15:51:23+00:00","dateModified":"2021-03-31T15:51:23+00:00","breadcrumb":{"@id":"https:\/\/guineediversite.com\/index.php\/2021\/03\/31\/decret-gnalen-conde-conteste-par-des-habitants-de-dabola\/#breadcrumb"},"inLanguage":"fr-FR","potentialAction":[{"@type":"ReadAction","target":["https:\/\/guineediversite.com\/index.php\/2021\/03\/31\/decret-gnalen-conde-conteste-par-des-habitants-de-dabola\/"]}]},{"@type":"ImageObject","inLanguage":"fr-FR","@id":"https:\/\/guineediversite.com\/index.php\/2021\/03\/31\/decret-gnalen-conde-conteste-par-des-habitants-de-dabola\/#primaryimage","url":"https:\/\/guineediversite.com\/wp-content\/uploads\/2021\/03\/GNALEN-CONDE-2.jpg","contentUrl":"https:\/\/guineediversite.com\/wp-content\/uploads\/2021\/03\/GNALEN-CONDE-2.jpg","width":1100,"height":595},{"@type":"BreadcrumbList","@id":"https:\/\/guineediversite.com\/index.php\/2021\/03\/31\/decret-gnalen-conde-conteste-par-des-habitants-de-dabola\/#breadcrumb","itemListElement":[{"@type":"ListItem","position":1,"name":"Accueil","item":"https:\/\/guineediversite.com\/"},{"@type":"ListItem","position":2,"name":"D\u00e9cret : Gnalen Cond\u00e9 contest\u00e9 par des habitants de Dabola"}]},{"@type":"WebSite","@id":"https:\/\/guineediversite.com\/#website","url":"https:\/\/guineediversite.com\/","name":"Guin\u00e9e Diversit\u00e9","description":"L&#039;Info dans toute sa diversit\u00e9","publisher":{"@id":"https:\/\/guineediversite.com\/#organization"},"potentialAction":[{"@type":"SearchAction","target":{"@type":"EntryPoint","urlTemplate":"https:\/\/guineediversite.com\/?s={search_term_string}"},"query-input":{"@type":"PropertyValueSpecification","valueRequired":true,"valueName":"search_term_string"}}],"inLanguage":"fr-FR"},{"@type":"Organization","@id":"https:\/\/guineediversite.com\/#organization","name":"Guin\u00e9e Diversit\u00e9","url":"https:\/\/guineediversite.com\/","logo":{"@type":"ImageObject","inLanguage":"fr-FR","@id":"https:\/\/guineediversite.com\/#\/schema\/logo\/image\/","url":"https:\/\/guineediversite.com\/wp-content\/uploads\/2017\/04\/cropped-1jojlxEOMkX9Wyqfhe43D6kjPOGqBBKmx3EwWJqZ0cMrFF54yM49.png","contentUrl":"https:\/\/guineediversite.com\/wp-content\/uploads\/2017\/04\/cropped-1jojlxEOMkX9Wyqfhe43D6kjPOGqBBKmx3EwWJqZ0cMrFF54yM49.png","width":186,"height":112,"caption":"Guin\u00e9e Diversit\u00e9"},"image":{"@id":"https:\/\/guineediversite.com\/#\/schema\/logo\/image\/"},"sameAs":["https:\/\/www.facebook.com\/guineediversite\/","https:\/\/x.com\/GuineeDiversite","https:\/\/www.youtube.com\/channel\/UC8sUY16qelG5ge6_D5SB83g"]},{"@type":"Person","@id":"https:\/\/guineediversite.com\/#\/schema\/person\/fa362494c47202ce4b3adf55abcc9d01","name":"Morcire Camara","image":{"@type":"ImageObject","inLanguage":"fr-FR","@id":"https:\/\/guineediversite.com\/#\/schema\/person\/image\/","url":"https:\/\/secure.gravatar.com\/avatar\/3ec324f02295bbcebe03d99b39330ab4?s=96&d=mm&r=g","contentUrl":"https:\/\/secure.gravatar.com\/avatar\/3ec324f02295bbcebe03d99b39330ab4?s=96&d=mm&r=g","caption":"Morcire Camara"},"url":"https:\/\/guineediversite.com\/index.php\/author\/morcire\/"}]}},"_links":{"self":[{"href":"https:\/\/guineediversite.com\/index.php\/wp-json\/wp\/v2\/posts\/31165"}],"collection":[{"href":"https:\/\/guineediversite.com\/index.php\/wp-json\/wp\/v2\/posts"}],"about":[{"href":"https:\/\/guineediversite.com\/index.php\/wp-json\/wp\/v2\/types\/post"}],"author":[{"embeddable":true,"href":"https:\/\/guineediversite.com\/index.php\/wp-json\/wp\/v2\/users\/10"}],"replies":[{"embeddable":true,"href":"https:\/\/guineediversite.com\/index.php\/wp-json\/wp\/v2\/comments?post=31165"}],"version-history":[{"count":1,"href":"https:\/\/guineediversite.com\/index.php\/wp-json\/wp\/v2\/posts\/31165\/revisions"}],"predecessor-version":[{"id":31167,"href":"https:\/\/guineediversite.com\/index.php\/wp-json\/wp\/v2\/posts\/31165\/revisions\/31167"}],"wp:featuredmedia":[{"embeddable":true,"href":"https:\/\/guineediversite.com\/index.php\/wp-json\/wp\/v2\/media\/31166"}],"wp:attachment":[{"href":"https:\/\/guineediversite.com\/index.php\/wp-json\/wp\/v2\/media?parent=31165"}],"wp:term":[{"taxonomy":"category","embeddable":true,"href":"https:\/\/guineediversite.com\/index.php\/wp-json\/wp\/v2\/categories?post=31165"},{"taxonomy":"post_tag","embeddable":true,"href":"https:\/\/guineediversite.com\/index.php\/wp-json\/wp\/v2\/tags?post=31165"}],"curies":[{"name":"wp","href":"https:\/\/api.w.org\/{rel}","templated":true}]}}