{"id":31161,"date":"2021-03-31T16:54:31","date_gmt":"2021-03-31T14:54:31","guid":{"rendered":"https:\/\/guineediversite.com\/?p=31161"},"modified":"2021-03-31T16:54:31","modified_gmt":"2021-03-31T14:54:31","slug":"soutien-a-amadou-dioulde-diallo-le-collectif-a-fait-une-manifestation-virtuelle","status":"publish","type":"post","link":"https:\/\/guineediversite.com\/index.php\/2021\/03\/31\/soutien-a-amadou-dioulde-diallo-le-collectif-a-fait-une-manifestation-virtuelle\/","title":{"rendered":"Soutien \u00e0 Amadou Diould\u00e9 Diallo : le collectif a fait une manifestation virtuelle"},"content":{"rendered":"<p>Apr\u00e8s le refus de la marche pacifique du collectif de soutien au confr\u00e8re Amadou Diould\u00e9 Diallo par l\u2019autorit\u00e9 communale de Kaloum. Le collectif de soutien a tout m\u00eame organis\u00e9 une manifestation virtuelle ce mercredi 31 mars 2021 \u00e0 la maison commune des journalistes situ\u00e9e \u00e0 Kip\u00e9. Ils avaient des \u00e9charpes rouges en main et scandaient plusieurs slogans pour appeler \u00e0 la lib\u00e9ration du journaliste historien.<\/p>\n<p><img loading=\"lazy\" decoding=\"async\" class=\"wp-image-31163 aligncenter\" src=\"https:\/\/guineediversite.com.bwjx4292.odns.fr\/wp-content\/uploads\/2021\/03\/Le-collectif-de-soutien-des-journalistes-au-confrere-Amadou-Dioulde-Diallo-300x225.jpg\" alt=\"\" width=\"581\" height=\"436\" srcset=\"https:\/\/guineediversite.com\/wp-content\/uploads\/2021\/03\/Le-collectif-de-soutien-des-journalistes-au-confrere-Amadou-Dioulde-Diallo-300x225.jpg 300w, https:\/\/guineediversite.com\/wp-content\/uploads\/2021\/03\/Le-collectif-de-soutien-des-journalistes-au-confrere-Amadou-Dioulde-Diallo-1024x768.jpg 1024w, https:\/\/guineediversite.com\/wp-content\/uploads\/2021\/03\/Le-collectif-de-soutien-des-journalistes-au-confrere-Amadou-Dioulde-Diallo-768x576.jpg 768w, https:\/\/guineediversite.com\/wp-content\/uploads\/2021\/03\/Le-collectif-de-soutien-des-journalistes-au-confrere-Amadou-Dioulde-Diallo-600x450.jpg 600w, https:\/\/guineediversite.com\/wp-content\/uploads\/2021\/03\/Le-collectif-de-soutien-des-journalistes-au-confrere-Amadou-Dioulde-Diallo-696x522.jpg 696w, https:\/\/guineediversite.com\/wp-content\/uploads\/2021\/03\/Le-collectif-de-soutien-des-journalistes-au-confrere-Amadou-Dioulde-Diallo-560x420.jpg 560w, https:\/\/guineediversite.com\/wp-content\/uploads\/2021\/03\/Le-collectif-de-soutien-des-journalistes-au-confrere-Amadou-Dioulde-Diallo-80x60.jpg 80w, https:\/\/guineediversite.com\/wp-content\/uploads\/2021\/03\/Le-collectif-de-soutien-des-journalistes-au-confrere-Amadou-Dioulde-Diallo-265x198.jpg 265w, https:\/\/guineediversite.com\/wp-content\/uploads\/2021\/03\/Le-collectif-de-soutien-des-journalistes-au-confrere-Amadou-Dioulde-Diallo.jpg 1040w\" sizes=\"(max-width: 581px) 100vw, 581px\" \/><\/p>\n<p>Dans une d\u00e9claration rendue publique par ce collectif, Sayon Camara coordinateur du collectif est \u00e0, \u00e0 nouveau rappel\u00e9 l&rsquo;objectif de la loi sur la libert\u00e9 de la presse, en affirmant ceci : \u00ab L\u2019article 10 de la Constitution dispose que \u00ab tout individu a droit \u00e0 la libert\u00e9 d\u2019opinion et d\u2019expression. La loi L002 portants sur la libert\u00e9 de la presse a d\u00e9p\u00e9nalis\u00e9 les d\u00e9lits de presse en Guin\u00e9e. L\u2019objectif de cette loi est d\u2019\u00e9viter qu\u2019un citoyen ne soit arr\u00eat\u00e9 et mis en prison pour des d\u00e9lits commis par voie de presse \u00bb.<\/p>\n<p>Sayon Camara a \u00e9galement soulign\u00e9 dans cette d\u00e9claration, le manque de solidarit\u00e9 des confr\u00e8res et aussi des associations de presse.<\/p>\n<p>\u00ab Faut-il admettre que le constat est d\u00e9plorable. Contrairement \u00e0 la solidarit\u00e9 et \u00e0 la confraternit\u00e9 que les journalistes ont l\u2019habitude d\u2019exprimer \u00e0 leurs confr\u00e8res ou cons\u0153urs qui ont des ennuis judiciaires, le cas Amadou Diould\u00e9 Diallo n\u2019a pas suscit\u00e9 de mobilisation. Pourquoi ? la question reste pos\u00e9e \u00bb, a-t-il affirm\u00e9<\/p>\n<p>Le collectif a de nouveau lanc\u00e9 un appel aux journalistes, association professionnelles des m\u00e9dias, organisations de la soci\u00e9t\u00e9 civile et des ONG de d\u00e9fense des droits humains de soutien invite l\u2019ensemble des journalistes, des associations professionnelles des m\u00e9dias, des organisations de la Soci\u00e9t\u00e9 de la civile, des ONG de d\u00e9fense des droits Humains, \u00e0 se joindre \u00e0 eux pour d\u00e9noncer la violation de la loi L002 de la libert\u00e9 de presse.<\/p>\n","protected":false},"excerpt":{"rendered":"<p>Apr\u00e8s le refus de la marche pacifique du collectif de soutien au confr\u00e8re Amadou Diould\u00e9 Diallo par l\u2019autorit\u00e9 communale de Kaloum. Le collectif de soutien a tout m\u00eame organis\u00e9 une manifestation virtuelle ce mercredi 31 mars 2021 \u00e0 la maison commune des journalistes situ\u00e9e \u00e0 Kip\u00e9. Ils avaient des \u00e9charpes rouges en main et scandaient [&hellip;]<\/p>\n","protected":false},"author":7,"featured_media":31162,"comment_status":"closed","ping_status":"open","sticky":false,"template":"","format":"standard","meta":{"_exactmetrics_skip_tracking":false,"_exactmetrics_sitenote_active":false,"_exactmetrics_sitenote_note":"","_exactmetrics_sitenote_category":0,"tdm_status":"","tdm_grid_status":"","footnotes":""},"categories":[16],"tags":[],"class_list":{"0":"post-31161","1":"post","2":"type-post","3":"status-publish","4":"format-standard","5":"has-post-thumbnail","7":"category-societe"},"yoast_head":"<!-- This site is optimized with the Yoast SEO plugin v24.2 - https:\/\/yoast.com\/wordpress\/plugins\/seo\/ -->\n<title>Soutien \u00e0 Amadou Diould\u00e9 Diallo : le collectif a fait une manifestation virtuelle | Guin\u00e9e Diversit\u00e9<\/title>\n<meta name=\"robots\" content=\"index, follow, max-snippet:-1, max-image-preview:large, max-video-preview:-1\" \/>\n<link rel=\"canonical\" href=\"https:\/\/guineediversite.com\/index.php\/2021\/03\/31\/soutien-a-amadou-dioulde-diallo-le-collectif-a-fait-une-manifestation-virtuelle\/\" \/>\n<meta property=\"og:locale\" content=\"fr_FR\" \/>\n<meta property=\"og:type\" content=\"article\" \/>\n<meta property=\"og:title\" content=\"Soutien \u00e0 Amadou Diould\u00e9 Diallo : le collectif a fait une manifestation virtuelle | Guin\u00e9e Diversit\u00e9\" \/>\n<meta property=\"og:description\" content=\"Apr\u00e8s le refus de la marche pacifique du collectif de soutien au confr\u00e8re Amadou Diould\u00e9 Diallo par l\u2019autorit\u00e9 communale de Kaloum. Le collectif de soutien a tout m\u00eame organis\u00e9 une manifestation virtuelle ce mercredi 31 mars 2021 \u00e0 la maison commune des journalistes situ\u00e9e \u00e0 Kip\u00e9. Ils avaient des \u00e9charpes rouges en main et scandaient [&hellip;]\" \/>\n<meta property=\"og:url\" content=\"https:\/\/guineediversite.com\/index.php\/2021\/03\/31\/soutien-a-amadou-dioulde-diallo-le-collectif-a-fait-une-manifestation-virtuelle\/\" \/>\n<meta property=\"og:site_name\" content=\"Guin\u00e9e Diversit\u00e9\" \/>\n<meta property=\"article:publisher\" content=\"https:\/\/www.facebook.com\/guineediversite\/\" \/>\n<meta property=\"article:published_time\" content=\"2021-03-31T14:54:31+00:00\" \/>\n<meta property=\"og:image\" content=\"https:\/\/guineediversite.com\/wp-content\/uploads\/2021\/03\/Le-collectif-de-soutien-des-journalistes-au-confrere-Amadou-Dioulde-Diallo-2.jpg\" \/>\n\t<meta property=\"og:image:width\" content=\"1040\" \/>\n\t<meta property=\"og:image:height\" content=\"780\" \/>\n\t<meta property=\"og:image:type\" content=\"image\/jpeg\" \/>\n<meta name=\"author\" content=\"Bilguissa Diallo\" \/>\n<meta name=\"twitter:card\" content=\"summary_large_image\" \/>\n<meta name=\"twitter:creator\" content=\"@GuineeDiversite\" \/>\n<meta name=\"twitter:site\" content=\"@GuineeDiversite\" \/>\n<meta name=\"twitter:label1\" content=\"\u00c9crit par\" \/>\n\t<meta name=\"twitter:data1\" content=\"Bilguissa Diallo\" \/>\n\t<meta name=\"twitter:label2\" content=\"Dur\u00e9e de lecture estim\u00e9e\" \/>\n\t<meta name=\"twitter:data2\" content=\"2 minutes\" \/>\n<script type=\"application\/ld+json\" class=\"yoast-schema-graph\">{\"@context\":\"https:\/\/schema.org\",\"@graph\":[{\"@type\":\"Article\",\"@id\":\"https:\/\/guineediversite.com\/index.php\/2021\/03\/31\/soutien-a-amadou-dioulde-diallo-le-collectif-a-fait-une-manifestation-virtuelle\/#article\",\"isPartOf\":{\"@id\":\"https:\/\/guineediversite.com\/index.php\/2021\/03\/31\/soutien-a-amadou-dioulde-diallo-le-collectif-a-fait-une-manifestation-virtuelle\/\"},\"author\":{\"name\":\"Bilguissa Diallo\",\"@id\":\"https:\/\/guineediversite.com\/#\/schema\/person\/0e0e3e424768a50d025ac2218ccca73f\"},\"headline\":\"Soutien \u00e0 Amadou Diould\u00e9 Diallo : le collectif a fait une manifestation virtuelle\",\"datePublished\":\"2021-03-31T14:54:31+00:00\",\"dateModified\":\"2021-03-31T14:54:31+00:00\",\"mainEntityOfPage\":{\"@id\":\"https:\/\/guineediversite.com\/index.php\/2021\/03\/31\/soutien-a-amadou-dioulde-diallo-le-collectif-a-fait-une-manifestation-virtuelle\/\"},\"wordCount\":327,\"publisher\":{\"@id\":\"https:\/\/guineediversite.com\/#organization\"},\"image\":{\"@id\":\"https:\/\/guineediversite.com\/index.php\/2021\/03\/31\/soutien-a-amadou-dioulde-diallo-le-collectif-a-fait-une-manifestation-virtuelle\/#primaryimage\"},\"thumbnailUrl\":\"https:\/\/guineediversite.com\/wp-content\/uploads\/2021\/03\/Le-collectif-de-soutien-des-journalistes-au-confrere-Amadou-Dioulde-Diallo-2.jpg\",\"articleSection\":[\"Soci\u00e9t\u00e9\"],\"inLanguage\":\"fr-FR\"},{\"@type\":\"WebPage\",\"@id\":\"https:\/\/guineediversite.com\/index.php\/2021\/03\/31\/soutien-a-amadou-dioulde-diallo-le-collectif-a-fait-une-manifestation-virtuelle\/\",\"url\":\"https:\/\/guineediversite.com\/index.php\/2021\/03\/31\/soutien-a-amadou-dioulde-diallo-le-collectif-a-fait-une-manifestation-virtuelle\/\",\"name\":\"Soutien \u00e0 Amadou Diould\u00e9 Diallo : le collectif a fait une manifestation virtuelle | Guin\u00e9e Diversit\u00e9\",\"isPartOf\":{\"@id\":\"https:\/\/guineediversite.com\/#website\"},\"primaryImageOfPage\":{\"@id\":\"https:\/\/guineediversite.com\/index.php\/2021\/03\/31\/soutien-a-amadou-dioulde-diallo-le-collectif-a-fait-une-manifestation-virtuelle\/#primaryimage\"},\"image\":{\"@id\":\"https:\/\/guineediversite.com\/index.php\/2021\/03\/31\/soutien-a-amadou-dioulde-diallo-le-collectif-a-fait-une-manifestation-virtuelle\/#primaryimage\"},\"thumbnailUrl\":\"https:\/\/guineediversite.com\/wp-content\/uploads\/2021\/03\/Le-collectif-de-soutien-des-journalistes-au-confrere-Amadou-Dioulde-Diallo-2.jpg\",\"datePublished\":\"2021-03-31T14:54:31+00:00\",\"dateModified\":\"2021-03-31T14:54:31+00:00\",\"breadcrumb\":{\"@id\":\"https:\/\/guineediversite.com\/index.php\/2021\/03\/31\/soutien-a-amadou-dioulde-diallo-le-collectif-a-fait-une-manifestation-virtuelle\/#breadcrumb\"},\"inLanguage\":\"fr-FR\",\"potentialAction\":[{\"@type\":\"ReadAction\",\"target\":[\"https:\/\/guineediversite.com\/index.php\/2021\/03\/31\/soutien-a-amadou-dioulde-diallo-le-collectif-a-fait-une-manifestation-virtuelle\/\"]}]},{\"@type\":\"ImageObject\",\"inLanguage\":\"fr-FR\",\"@id\":\"https:\/\/guineediversite.com\/index.php\/2021\/03\/31\/soutien-a-amadou-dioulde-diallo-le-collectif-a-fait-une-manifestation-virtuelle\/#primaryimage\",\"url\":\"https:\/\/guineediversite.com\/wp-content\/uploads\/2021\/03\/Le-collectif-de-soutien-des-journalistes-au-confrere-Amadou-Dioulde-Diallo-2.jpg\",\"contentUrl\":\"https:\/\/guineediversite.com\/wp-content\/uploads\/2021\/03\/Le-collectif-de-soutien-des-journalistes-au-confrere-Amadou-Dioulde-Diallo-2.jpg\",\"width\":1040,\"height\":780},{\"@type\":\"BreadcrumbList\",\"@id\":\"https:\/\/guineediversite.com\/index.php\/2021\/03\/31\/soutien-a-amadou-dioulde-diallo-le-collectif-a-fait-une-manifestation-virtuelle\/#breadcrumb\",\"itemListElement\":[{\"@type\":\"ListItem\",\"position\":1,\"name\":\"Accueil\",\"item\":\"https:\/\/guineediversite.com\/\"},{\"@type\":\"ListItem\",\"position\":2,\"name\":\"Soutien \u00e0 Amadou Diould\u00e9 Diallo : le collectif a fait une manifestation virtuelle\"}]},{\"@type\":\"WebSite\",\"@id\":\"https:\/\/guineediversite.com\/#website\",\"url\":\"https:\/\/guineediversite.com\/\",\"name\":\"Guin\u00e9e Diversit\u00e9\",\"description\":\"L&#039;Info dans toute sa diversit\u00e9\",\"publisher\":{\"@id\":\"https:\/\/guineediversite.com\/#organization\"},\"potentialAction\":[{\"@type\":\"SearchAction\",\"target\":{\"@type\":\"EntryPoint\",\"urlTemplate\":\"https:\/\/guineediversite.com\/?s={search_term_string}\"},\"query-input\":{\"@type\":\"PropertyValueSpecification\",\"valueRequired\":true,\"valueName\":\"search_term_string\"}}],\"inLanguage\":\"fr-FR\"},{\"@type\":\"Organization\",\"@id\":\"https:\/\/guineediversite.com\/#organization\",\"name\":\"Guin\u00e9e Diversit\u00e9\",\"url\":\"https:\/\/guineediversite.com\/\",\"logo\":{\"@type\":\"ImageObject\",\"inLanguage\":\"fr-FR\",\"@id\":\"https:\/\/guineediversite.com\/#\/schema\/logo\/image\/\",\"url\":\"https:\/\/guineediversite.com\/wp-content\/uploads\/2017\/04\/cropped-1jojlxEOMkX9Wyqfhe43D6kjPOGqBBKmx3EwWJqZ0cMrFF54yM49.png\",\"contentUrl\":\"https:\/\/guineediversite.com\/wp-content\/uploads\/2017\/04\/cropped-1jojlxEOMkX9Wyqfhe43D6kjPOGqBBKmx3EwWJqZ0cMrFF54yM49.png\",\"width\":186,\"height\":112,\"caption\":\"Guin\u00e9e Diversit\u00e9\"},\"image\":{\"@id\":\"https:\/\/guineediversite.com\/#\/schema\/logo\/image\/\"},\"sameAs\":[\"https:\/\/www.facebook.com\/guineediversite\/\",\"https:\/\/x.com\/GuineeDiversite\",\"https:\/\/www.youtube.com\/channel\/UC8sUY16qelG5ge6_D5SB83g\"]},{\"@type\":\"Person\",\"@id\":\"https:\/\/guineediversite.com\/#\/schema\/person\/0e0e3e424768a50d025ac2218ccca73f\",\"name\":\"Bilguissa Diallo\",\"image\":{\"@type\":\"ImageObject\",\"inLanguage\":\"fr-FR\",\"@id\":\"https:\/\/guineediversite.com\/#\/schema\/person\/image\/\",\"url\":\"https:\/\/secure.gravatar.com\/avatar\/49bbbd2420ee34d62b1b191791f4b5df?s=96&d=mm&r=g\",\"contentUrl\":\"https:\/\/secure.gravatar.com\/avatar\/49bbbd2420ee34d62b1b191791f4b5df?s=96&d=mm&r=g\",\"caption\":\"Bilguissa Diallo\"},\"url\":\"https:\/\/guineediversite.com\/index.php\/author\/bilguissa\/\"}]}<\/script>\n<!-- \/ Yoast SEO plugin. -->","yoast_head_json":{"title":"Soutien \u00e0 Amadou Diould\u00e9 Diallo : le collectif a fait une manifestation virtuelle | Guin\u00e9e Diversit\u00e9","robots":{"index":"index","follow":"follow","max-snippet":"max-snippet:-1","max-image-preview":"max-image-preview:large","max-video-preview":"max-video-preview:-1"},"canonical":"https:\/\/guineediversite.com\/index.php\/2021\/03\/31\/soutien-a-amadou-dioulde-diallo-le-collectif-a-fait-une-manifestation-virtuelle\/","og_locale":"fr_FR","og_type":"article","og_title":"Soutien \u00e0 Amadou Diould\u00e9 Diallo : le collectif a fait une manifestation virtuelle | Guin\u00e9e Diversit\u00e9","og_description":"Apr\u00e8s le refus de la marche pacifique du collectif de soutien au confr\u00e8re Amadou Diould\u00e9 Diallo par l\u2019autorit\u00e9 communale de Kaloum. Le collectif de soutien a tout m\u00eame organis\u00e9 une manifestation virtuelle ce mercredi 31 mars 2021 \u00e0 la maison commune des journalistes situ\u00e9e \u00e0 Kip\u00e9. Ils avaient des \u00e9charpes rouges en main et scandaient [&hellip;]","og_url":"https:\/\/guineediversite.com\/index.php\/2021\/03\/31\/soutien-a-amadou-dioulde-diallo-le-collectif-a-fait-une-manifestation-virtuelle\/","og_site_name":"Guin\u00e9e Diversit\u00e9","article_publisher":"https:\/\/www.facebook.com\/guineediversite\/","article_published_time":"2021-03-31T14:54:31+00:00","og_image":[{"width":1040,"height":780,"url":"https:\/\/guineediversite.com\/wp-content\/uploads\/2021\/03\/Le-collectif-de-soutien-des-journalistes-au-confrere-Amadou-Dioulde-Diallo-2.jpg","type":"image\/jpeg"}],"author":"Bilguissa Diallo","twitter_card":"summary_large_image","twitter_creator":"@GuineeDiversite","twitter_site":"@GuineeDiversite","twitter_misc":{"\u00c9crit par":"Bilguissa Diallo","Dur\u00e9e de lecture estim\u00e9e":"2 minutes"},"schema":{"@context":"https:\/\/schema.org","@graph":[{"@type":"Article","@id":"https:\/\/guineediversite.com\/index.php\/2021\/03\/31\/soutien-a-amadou-dioulde-diallo-le-collectif-a-fait-une-manifestation-virtuelle\/#article","isPartOf":{"@id":"https:\/\/guineediversite.com\/index.php\/2021\/03\/31\/soutien-a-amadou-dioulde-diallo-le-collectif-a-fait-une-manifestation-virtuelle\/"},"author":{"name":"Bilguissa Diallo","@id":"https:\/\/guineediversite.com\/#\/schema\/person\/0e0e3e424768a50d025ac2218ccca73f"},"headline":"Soutien \u00e0 Amadou Diould\u00e9 Diallo : le collectif a fait une manifestation virtuelle","datePublished":"2021-03-31T14:54:31+00:00","dateModified":"2021-03-31T14:54:31+00:00","mainEntityOfPage":{"@id":"https:\/\/guineediversite.com\/index.php\/2021\/03\/31\/soutien-a-amadou-dioulde-diallo-le-collectif-a-fait-une-manifestation-virtuelle\/"},"wordCount":327,"publisher":{"@id":"https:\/\/guineediversite.com\/#organization"},"image":{"@id":"https:\/\/guineediversite.com\/index.php\/2021\/03\/31\/soutien-a-amadou-dioulde-diallo-le-collectif-a-fait-une-manifestation-virtuelle\/#primaryimage"},"thumbnailUrl":"https:\/\/guineediversite.com\/wp-content\/uploads\/2021\/03\/Le-collectif-de-soutien-des-journalistes-au-confrere-Amadou-Dioulde-Diallo-2.jpg","articleSection":["Soci\u00e9t\u00e9"],"inLanguage":"fr-FR"},{"@type":"WebPage","@id":"https:\/\/guineediversite.com\/index.php\/2021\/03\/31\/soutien-a-amadou-dioulde-diallo-le-collectif-a-fait-une-manifestation-virtuelle\/","url":"https:\/\/guineediversite.com\/index.php\/2021\/03\/31\/soutien-a-amadou-dioulde-diallo-le-collectif-a-fait-une-manifestation-virtuelle\/","name":"Soutien \u00e0 Amadou Diould\u00e9 Diallo : le collectif a fait une manifestation virtuelle | Guin\u00e9e Diversit\u00e9","isPartOf":{"@id":"https:\/\/guineediversite.com\/#website"},"primaryImageOfPage":{"@id":"https:\/\/guineediversite.com\/index.php\/2021\/03\/31\/soutien-a-amadou-dioulde-diallo-le-collectif-a-fait-une-manifestation-virtuelle\/#primaryimage"},"image":{"@id":"https:\/\/guineediversite.com\/index.php\/2021\/03\/31\/soutien-a-amadou-dioulde-diallo-le-collectif-a-fait-une-manifestation-virtuelle\/#primaryimage"},"thumbnailUrl":"https:\/\/guineediversite.com\/wp-content\/uploads\/2021\/03\/Le-collectif-de-soutien-des-journalistes-au-confrere-Amadou-Dioulde-Diallo-2.jpg","datePublished":"2021-03-31T14:54:31+00:00","dateModified":"2021-03-31T14:54:31+00:00","breadcrumb":{"@id":"https:\/\/guineediversite.com\/index.php\/2021\/03\/31\/soutien-a-amadou-dioulde-diallo-le-collectif-a-fait-une-manifestation-virtuelle\/#breadcrumb"},"inLanguage":"fr-FR","potentialAction":[{"@type":"ReadAction","target":["https:\/\/guineediversite.com\/index.php\/2021\/03\/31\/soutien-a-amadou-dioulde-diallo-le-collectif-a-fait-une-manifestation-virtuelle\/"]}]},{"@type":"ImageObject","inLanguage":"fr-FR","@id":"https:\/\/guineediversite.com\/index.php\/2021\/03\/31\/soutien-a-amadou-dioulde-diallo-le-collectif-a-fait-une-manifestation-virtuelle\/#primaryimage","url":"https:\/\/guineediversite.com\/wp-content\/uploads\/2021\/03\/Le-collectif-de-soutien-des-journalistes-au-confrere-Amadou-Dioulde-Diallo-2.jpg","contentUrl":"https:\/\/guineediversite.com\/wp-content\/uploads\/2021\/03\/Le-collectif-de-soutien-des-journalistes-au-confrere-Amadou-Dioulde-Diallo-2.jpg","width":1040,"height":780},{"@type":"BreadcrumbList","@id":"https:\/\/guineediversite.com\/index.php\/2021\/03\/31\/soutien-a-amadou-dioulde-diallo-le-collectif-a-fait-une-manifestation-virtuelle\/#breadcrumb","itemListElement":[{"@type":"ListItem","position":1,"name":"Accueil","item":"https:\/\/guineediversite.com\/"},{"@type":"ListItem","position":2,"name":"Soutien \u00e0 Amadou Diould\u00e9 Diallo : le collectif a fait une manifestation virtuelle"}]},{"@type":"WebSite","@id":"https:\/\/guineediversite.com\/#website","url":"https:\/\/guineediversite.com\/","name":"Guin\u00e9e Diversit\u00e9","description":"L&#039;Info dans toute sa diversit\u00e9","publisher":{"@id":"https:\/\/guineediversite.com\/#organization"},"potentialAction":[{"@type":"SearchAction","target":{"@type":"EntryPoint","urlTemplate":"https:\/\/guineediversite.com\/?s={search_term_string}"},"query-input":{"@type":"PropertyValueSpecification","valueRequired":true,"valueName":"search_term_string"}}],"inLanguage":"fr-FR"},{"@type":"Organization","@id":"https:\/\/guineediversite.com\/#organization","name":"Guin\u00e9e Diversit\u00e9","url":"https:\/\/guineediversite.com\/","logo":{"@type":"ImageObject","inLanguage":"fr-FR","@id":"https:\/\/guineediversite.com\/#\/schema\/logo\/image\/","url":"https:\/\/guineediversite.com\/wp-content\/uploads\/2017\/04\/cropped-1jojlxEOMkX9Wyqfhe43D6kjPOGqBBKmx3EwWJqZ0cMrFF54yM49.png","contentUrl":"https:\/\/guineediversite.com\/wp-content\/uploads\/2017\/04\/cropped-1jojlxEOMkX9Wyqfhe43D6kjPOGqBBKmx3EwWJqZ0cMrFF54yM49.png","width":186,"height":112,"caption":"Guin\u00e9e Diversit\u00e9"},"image":{"@id":"https:\/\/guineediversite.com\/#\/schema\/logo\/image\/"},"sameAs":["https:\/\/www.facebook.com\/guineediversite\/","https:\/\/x.com\/GuineeDiversite","https:\/\/www.youtube.com\/channel\/UC8sUY16qelG5ge6_D5SB83g"]},{"@type":"Person","@id":"https:\/\/guineediversite.com\/#\/schema\/person\/0e0e3e424768a50d025ac2218ccca73f","name":"Bilguissa Diallo","image":{"@type":"ImageObject","inLanguage":"fr-FR","@id":"https:\/\/guineediversite.com\/#\/schema\/person\/image\/","url":"https:\/\/secure.gravatar.com\/avatar\/49bbbd2420ee34d62b1b191791f4b5df?s=96&d=mm&r=g","contentUrl":"https:\/\/secure.gravatar.com\/avatar\/49bbbd2420ee34d62b1b191791f4b5df?s=96&d=mm&r=g","caption":"Bilguissa Diallo"},"url":"https:\/\/guineediversite.com\/index.php\/author\/bilguissa\/"}]}},"_links":{"self":[{"href":"https:\/\/guineediversite.com\/index.php\/wp-json\/wp\/v2\/posts\/31161"}],"collection":[{"href":"https:\/\/guineediversite.com\/index.php\/wp-json\/wp\/v2\/posts"}],"about":[{"href":"https:\/\/guineediversite.com\/index.php\/wp-json\/wp\/v2\/types\/post"}],"author":[{"embeddable":true,"href":"https:\/\/guineediversite.com\/index.php\/wp-json\/wp\/v2\/users\/7"}],"replies":[{"embeddable":true,"href":"https:\/\/guineediversite.com\/index.php\/wp-json\/wp\/v2\/comments?post=31161"}],"version-history":[{"count":1,"href":"https:\/\/guineediversite.com\/index.php\/wp-json\/wp\/v2\/posts\/31161\/revisions"}],"predecessor-version":[{"id":31164,"href":"https:\/\/guineediversite.com\/index.php\/wp-json\/wp\/v2\/posts\/31161\/revisions\/31164"}],"wp:featuredmedia":[{"embeddable":true,"href":"https:\/\/guineediversite.com\/index.php\/wp-json\/wp\/v2\/media\/31162"}],"wp:attachment":[{"href":"https:\/\/guineediversite.com\/index.php\/wp-json\/wp\/v2\/media?parent=31161"}],"wp:term":[{"taxonomy":"category","embeddable":true,"href":"https:\/\/guineediversite.com\/index.php\/wp-json\/wp\/v2\/categories?post=31161"},{"taxonomy":"post_tag","embeddable":true,"href":"https:\/\/guineediversite.com\/index.php\/wp-json\/wp\/v2\/tags?post=31161"}],"curies":[{"name":"wp","href":"https:\/\/api.w.org\/{rel}","templated":true}]}}