{"id":31055,"date":"2021-03-22T14:53:12","date_gmt":"2021-03-22T13:53:12","guid":{"rendered":"https:\/\/guineediversite.com\/?p=31055"},"modified":"2021-03-22T14:53:12","modified_gmt":"2021-03-22T13:53:12","slug":"la-detention-des-leaders-politiques-ce-nest-pas-une-bonne-image-pour-la-guinee-dansa-kourouma","status":"publish","type":"post","link":"https:\/\/guineediversite.com\/index.php\/2021\/03\/22\/la-detention-des-leaders-politiques-ce-nest-pas-une-bonne-image-pour-la-guinee-dansa-kourouma\/","title":{"rendered":"La d\u00e9tention des leaders politiques \u00ab ce n\u2019est pas une bonne image pour la Guin\u00e9e\u2026 \u00bb, Dansa Kourouma"},"content":{"rendered":"<p><strong>Le pr\u00e9sident du Conseil National de la Soci\u00e9t\u00e9 Civile Guin\u00e9enne s\u2019est exprim\u00e9 ce lundi 22 mars 2021 sur la d\u00e9tention des leaders politiques depuis la veille de l\u2019\u00e9lection pr\u00e9sidentielle du 18 octobre dernier. Ces d\u00e9tenus sont incarc\u00e9r\u00e9s \u00e0 la maison centrale de Conakry et jusque-l\u00e0, la justice guin\u00e9enne ne s\u2019est pas exprim\u00e9 sur leurs sorts. Selon Dansa Kourouma cet \u00ab acte n\u2019est pas un bon indicateur pour la Guin\u00e9e \u00bb. <\/strong><\/p>\n<p>Il ( Dansa Kourouma Ndlr) a ensuite indiqu\u00e9 que sa structure a adress\u00e9 une correspondance aux autorit\u00e9s pour une libert\u00e9 conditionnelle pour ces d\u00e9tenus. \u00ab<em> Ce n\u2019est pas une bonne pour le pays, ce n\u2019est pas un bon indicateur pour la d\u00e9mocratie qu\u2019il y ait des d\u00e9tenus politiques en prison et qui ne connaissent pas leurs sorts. Je pr\u00e9cise que nous avions d\u00e9j\u00e0 adress\u00e9 une correspondance aux autorit\u00e9s leurs demandant une libert\u00e9 conditionnelle aux d\u00e9tenus qui sont arr\u00eat\u00e9s pour des faits politiques et d\u2019acc\u00e9l\u00e9rer la proc\u00e9dure pour des d\u00e9tenus qui sont arr\u00eat\u00e9s pour des infractions, comme des coups et blessures volontaires, des cas homicides ou des d\u00e9tentions ill\u00e9gales d\u2019armes de guerre. Il faudrait que la justice se d\u00e9p\u00eache, parce que chaque jour pass\u00e9 en prison sans jugement pour une personne qui n\u2019est une menace pour la soci\u00e9t\u00e9 est une accumulation de frustration, est une accumulation des droits de la personne. Tous les \u00eatres humains ont droit \u00e0 la libert\u00e9 <\/em>\u00bb.<\/p>\n<p>\u00ab <em>Priv\u00e9 quelqu\u2019un de sa libert\u00e9 sans jugement, sans qu\u2019il ne soit situ\u00e9 sur le tort qu\u2019il a commis sur autrui ou \u00e0 la soci\u00e9t\u00e9. Je pense que c\u2019est une violation des droits de l\u2019homme, c\u2019est pourquoi je demande au pr\u00e9sident de la R\u00e9publique de gracier les d\u00e9tenus qui sont condamn\u00e9s et qui commis des infractions en tenant compte de leur position politique<\/em>\u00a0\u00bb, a-t- il lanc\u00e9.<\/p>\n","protected":false},"excerpt":{"rendered":"<p>Le pr\u00e9sident du Conseil National de la Soci\u00e9t\u00e9 Civile Guin\u00e9enne s\u2019est exprim\u00e9 ce lundi 22 mars 2021 sur la d\u00e9tention des leaders politiques depuis la veille de l\u2019\u00e9lection pr\u00e9sidentielle du 18 octobre dernier. Ces d\u00e9tenus sont incarc\u00e9r\u00e9s \u00e0 la maison centrale de Conakry et jusque-l\u00e0, la justice guin\u00e9enne ne s\u2019est pas exprim\u00e9 sur leurs sorts. [&hellip;]<\/p>\n","protected":false},"author":10,"featured_media":31056,"comment_status":"closed","ping_status":"open","sticky":false,"template":"","format":"standard","meta":{"_exactmetrics_skip_tracking":false,"_exactmetrics_sitenote_active":false,"_exactmetrics_sitenote_note":"","_exactmetrics_sitenote_category":0,"tdm_status":"","tdm_grid_status":"","footnotes":""},"categories":[254,14],"tags":[],"class_list":{"0":"post-31055","1":"post","2":"type-post","3":"status-publish","4":"format-standard","5":"has-post-thumbnail","7":"category-derniere-minute","8":"category-politique"},"yoast_head":"<!-- This site is optimized with the Yoast SEO plugin v24.2 - https:\/\/yoast.com\/wordpress\/plugins\/seo\/ -->\n<title>La d\u00e9tention des leaders politiques \u00ab ce n\u2019est pas une bonne image pour la Guin\u00e9e\u2026 \u00bb, Dansa Kourouma | Guin\u00e9e Diversit\u00e9<\/title>\n<meta name=\"robots\" content=\"index, follow, max-snippet:-1, max-image-preview:large, max-video-preview:-1\" \/>\n<link rel=\"canonical\" href=\"https:\/\/guineediversite.com\/index.php\/2021\/03\/22\/la-detention-des-leaders-politiques-ce-nest-pas-une-bonne-image-pour-la-guinee-dansa-kourouma\/\" \/>\n<meta property=\"og:locale\" content=\"fr_FR\" \/>\n<meta property=\"og:type\" content=\"article\" \/>\n<meta property=\"og:title\" content=\"La d\u00e9tention des leaders politiques \u00ab ce n\u2019est pas une bonne image pour la Guin\u00e9e\u2026 \u00bb, Dansa Kourouma | Guin\u00e9e Diversit\u00e9\" \/>\n<meta property=\"og:description\" content=\"Le pr\u00e9sident du Conseil National de la Soci\u00e9t\u00e9 Civile Guin\u00e9enne s\u2019est exprim\u00e9 ce lundi 22 mars 2021 sur la d\u00e9tention des leaders politiques depuis la veille de l\u2019\u00e9lection pr\u00e9sidentielle du 18 octobre dernier. Ces d\u00e9tenus sont incarc\u00e9r\u00e9s \u00e0 la maison centrale de Conakry et jusque-l\u00e0, la justice guin\u00e9enne ne s\u2019est pas exprim\u00e9 sur leurs sorts. [&hellip;]\" \/>\n<meta property=\"og:url\" content=\"https:\/\/guineediversite.com\/index.php\/2021\/03\/22\/la-detention-des-leaders-politiques-ce-nest-pas-une-bonne-image-pour-la-guinee-dansa-kourouma\/\" \/>\n<meta property=\"og:site_name\" content=\"Guin\u00e9e Diversit\u00e9\" \/>\n<meta property=\"article:publisher\" content=\"https:\/\/www.facebook.com\/guineediversite\/\" \/>\n<meta property=\"article:published_time\" content=\"2021-03-22T13:53:12+00:00\" \/>\n<meta property=\"og:image\" content=\"https:\/\/guineediversite.com\/wp-content\/uploads\/2021\/03\/DSF8408-scaled.jpg\" \/>\n\t<meta property=\"og:image:width\" content=\"2560\" \/>\n\t<meta property=\"og:image:height\" content=\"1860\" \/>\n\t<meta property=\"og:image:type\" content=\"image\/jpeg\" \/>\n<meta name=\"author\" content=\"Morcire Camara\" \/>\n<meta name=\"twitter:card\" content=\"summary_large_image\" \/>\n<meta name=\"twitter:creator\" content=\"@GuineeDiversite\" \/>\n<meta name=\"twitter:site\" content=\"@GuineeDiversite\" \/>\n<meta name=\"twitter:label1\" content=\"\u00c9crit par\" \/>\n\t<meta name=\"twitter:data1\" content=\"Morcire Camara\" \/>\n\t<meta name=\"twitter:label2\" content=\"Dur\u00e9e de lecture estim\u00e9e\" \/>\n\t<meta name=\"twitter:data2\" content=\"2 minutes\" \/>\n<script type=\"application\/ld+json\" class=\"yoast-schema-graph\">{\"@context\":\"https:\/\/schema.org\",\"@graph\":[{\"@type\":\"Article\",\"@id\":\"https:\/\/guineediversite.com\/index.php\/2021\/03\/22\/la-detention-des-leaders-politiques-ce-nest-pas-une-bonne-image-pour-la-guinee-dansa-kourouma\/#article\",\"isPartOf\":{\"@id\":\"https:\/\/guineediversite.com\/index.php\/2021\/03\/22\/la-detention-des-leaders-politiques-ce-nest-pas-une-bonne-image-pour-la-guinee-dansa-kourouma\/\"},\"author\":{\"name\":\"Morcire Camara\",\"@id\":\"https:\/\/guineediversite.com\/#\/schema\/person\/fa362494c47202ce4b3adf55abcc9d01\"},\"headline\":\"La d\u00e9tention des leaders politiques \u00ab ce n\u2019est pas une bonne image pour la Guin\u00e9e\u2026 \u00bb, Dansa Kourouma\",\"datePublished\":\"2021-03-22T13:53:12+00:00\",\"dateModified\":\"2021-03-22T13:53:12+00:00\",\"mainEntityOfPage\":{\"@id\":\"https:\/\/guineediversite.com\/index.php\/2021\/03\/22\/la-detention-des-leaders-politiques-ce-nest-pas-une-bonne-image-pour-la-guinee-dansa-kourouma\/\"},\"wordCount\":355,\"publisher\":{\"@id\":\"https:\/\/guineediversite.com\/#organization\"},\"image\":{\"@id\":\"https:\/\/guineediversite.com\/index.php\/2021\/03\/22\/la-detention-des-leaders-politiques-ce-nest-pas-une-bonne-image-pour-la-guinee-dansa-kourouma\/#primaryimage\"},\"thumbnailUrl\":\"https:\/\/guineediversite.com\/wp-content\/uploads\/2021\/03\/DSF8408-scaled.jpg\",\"articleSection\":[\"Derni\u00e8re minute\",\"Politique\"],\"inLanguage\":\"fr-FR\"},{\"@type\":\"WebPage\",\"@id\":\"https:\/\/guineediversite.com\/index.php\/2021\/03\/22\/la-detention-des-leaders-politiques-ce-nest-pas-une-bonne-image-pour-la-guinee-dansa-kourouma\/\",\"url\":\"https:\/\/guineediversite.com\/index.php\/2021\/03\/22\/la-detention-des-leaders-politiques-ce-nest-pas-une-bonne-image-pour-la-guinee-dansa-kourouma\/\",\"name\":\"La d\u00e9tention des leaders politiques \u00ab ce n\u2019est pas une bonne image pour la Guin\u00e9e\u2026 \u00bb, Dansa Kourouma | Guin\u00e9e Diversit\u00e9\",\"isPartOf\":{\"@id\":\"https:\/\/guineediversite.com\/#website\"},\"primaryImageOfPage\":{\"@id\":\"https:\/\/guineediversite.com\/index.php\/2021\/03\/22\/la-detention-des-leaders-politiques-ce-nest-pas-une-bonne-image-pour-la-guinee-dansa-kourouma\/#primaryimage\"},\"image\":{\"@id\":\"https:\/\/guineediversite.com\/index.php\/2021\/03\/22\/la-detention-des-leaders-politiques-ce-nest-pas-une-bonne-image-pour-la-guinee-dansa-kourouma\/#primaryimage\"},\"thumbnailUrl\":\"https:\/\/guineediversite.com\/wp-content\/uploads\/2021\/03\/DSF8408-scaled.jpg\",\"datePublished\":\"2021-03-22T13:53:12+00:00\",\"dateModified\":\"2021-03-22T13:53:12+00:00\",\"breadcrumb\":{\"@id\":\"https:\/\/guineediversite.com\/index.php\/2021\/03\/22\/la-detention-des-leaders-politiques-ce-nest-pas-une-bonne-image-pour-la-guinee-dansa-kourouma\/#breadcrumb\"},\"inLanguage\":\"fr-FR\",\"potentialAction\":[{\"@type\":\"ReadAction\",\"target\":[\"https:\/\/guineediversite.com\/index.php\/2021\/03\/22\/la-detention-des-leaders-politiques-ce-nest-pas-une-bonne-image-pour-la-guinee-dansa-kourouma\/\"]}]},{\"@type\":\"ImageObject\",\"inLanguage\":\"fr-FR\",\"@id\":\"https:\/\/guineediversite.com\/index.php\/2021\/03\/22\/la-detention-des-leaders-politiques-ce-nest-pas-une-bonne-image-pour-la-guinee-dansa-kourouma\/#primaryimage\",\"url\":\"https:\/\/guineediversite.com\/wp-content\/uploads\/2021\/03\/DSF8408-scaled.jpg\",\"contentUrl\":\"https:\/\/guineediversite.com\/wp-content\/uploads\/2021\/03\/DSF8408-scaled.jpg\",\"width\":2560,\"height\":1860},{\"@type\":\"BreadcrumbList\",\"@id\":\"https:\/\/guineediversite.com\/index.php\/2021\/03\/22\/la-detention-des-leaders-politiques-ce-nest-pas-une-bonne-image-pour-la-guinee-dansa-kourouma\/#breadcrumb\",\"itemListElement\":[{\"@type\":\"ListItem\",\"position\":1,\"name\":\"Accueil\",\"item\":\"https:\/\/guineediversite.com\/\"},{\"@type\":\"ListItem\",\"position\":2,\"name\":\"La d\u00e9tention des leaders politiques \u00ab ce n\u2019est pas une bonne image pour la Guin\u00e9e\u2026 \u00bb, Dansa Kourouma\"}]},{\"@type\":\"WebSite\",\"@id\":\"https:\/\/guineediversite.com\/#website\",\"url\":\"https:\/\/guineediversite.com\/\",\"name\":\"Guin\u00e9e Diversit\u00e9\",\"description\":\"L&#039;Info dans toute sa diversit\u00e9\",\"publisher\":{\"@id\":\"https:\/\/guineediversite.com\/#organization\"},\"potentialAction\":[{\"@type\":\"SearchAction\",\"target\":{\"@type\":\"EntryPoint\",\"urlTemplate\":\"https:\/\/guineediversite.com\/?s={search_term_string}\"},\"query-input\":{\"@type\":\"PropertyValueSpecification\",\"valueRequired\":true,\"valueName\":\"search_term_string\"}}],\"inLanguage\":\"fr-FR\"},{\"@type\":\"Organization\",\"@id\":\"https:\/\/guineediversite.com\/#organization\",\"name\":\"Guin\u00e9e Diversit\u00e9\",\"url\":\"https:\/\/guineediversite.com\/\",\"logo\":{\"@type\":\"ImageObject\",\"inLanguage\":\"fr-FR\",\"@id\":\"https:\/\/guineediversite.com\/#\/schema\/logo\/image\/\",\"url\":\"https:\/\/guineediversite.com\/wp-content\/uploads\/2017\/04\/cropped-1jojlxEOMkX9Wyqfhe43D6kjPOGqBBKmx3EwWJqZ0cMrFF54yM49.png\",\"contentUrl\":\"https:\/\/guineediversite.com\/wp-content\/uploads\/2017\/04\/cropped-1jojlxEOMkX9Wyqfhe43D6kjPOGqBBKmx3EwWJqZ0cMrFF54yM49.png\",\"width\":186,\"height\":112,\"caption\":\"Guin\u00e9e Diversit\u00e9\"},\"image\":{\"@id\":\"https:\/\/guineediversite.com\/#\/schema\/logo\/image\/\"},\"sameAs\":[\"https:\/\/www.facebook.com\/guineediversite\/\",\"https:\/\/x.com\/GuineeDiversite\",\"https:\/\/www.youtube.com\/channel\/UC8sUY16qelG5ge6_D5SB83g\"]},{\"@type\":\"Person\",\"@id\":\"https:\/\/guineediversite.com\/#\/schema\/person\/fa362494c47202ce4b3adf55abcc9d01\",\"name\":\"Morcire Camara\",\"image\":{\"@type\":\"ImageObject\",\"inLanguage\":\"fr-FR\",\"@id\":\"https:\/\/guineediversite.com\/#\/schema\/person\/image\/\",\"url\":\"https:\/\/secure.gravatar.com\/avatar\/3ec324f02295bbcebe03d99b39330ab4?s=96&d=mm&r=g\",\"contentUrl\":\"https:\/\/secure.gravatar.com\/avatar\/3ec324f02295bbcebe03d99b39330ab4?s=96&d=mm&r=g\",\"caption\":\"Morcire Camara\"},\"url\":\"https:\/\/guineediversite.com\/index.php\/author\/morcire\/\"}]}<\/script>\n<!-- \/ Yoast SEO plugin. -->","yoast_head_json":{"title":"La d\u00e9tention des leaders politiques \u00ab ce n\u2019est pas une bonne image pour la Guin\u00e9e\u2026 \u00bb, Dansa Kourouma | Guin\u00e9e Diversit\u00e9","robots":{"index":"index","follow":"follow","max-snippet":"max-snippet:-1","max-image-preview":"max-image-preview:large","max-video-preview":"max-video-preview:-1"},"canonical":"https:\/\/guineediversite.com\/index.php\/2021\/03\/22\/la-detention-des-leaders-politiques-ce-nest-pas-une-bonne-image-pour-la-guinee-dansa-kourouma\/","og_locale":"fr_FR","og_type":"article","og_title":"La d\u00e9tention des leaders politiques \u00ab ce n\u2019est pas une bonne image pour la Guin\u00e9e\u2026 \u00bb, Dansa Kourouma | Guin\u00e9e Diversit\u00e9","og_description":"Le pr\u00e9sident du Conseil National de la Soci\u00e9t\u00e9 Civile Guin\u00e9enne s\u2019est exprim\u00e9 ce lundi 22 mars 2021 sur la d\u00e9tention des leaders politiques depuis la veille de l\u2019\u00e9lection pr\u00e9sidentielle du 18 octobre dernier. Ces d\u00e9tenus sont incarc\u00e9r\u00e9s \u00e0 la maison centrale de Conakry et jusque-l\u00e0, la justice guin\u00e9enne ne s\u2019est pas exprim\u00e9 sur leurs sorts. [&hellip;]","og_url":"https:\/\/guineediversite.com\/index.php\/2021\/03\/22\/la-detention-des-leaders-politiques-ce-nest-pas-une-bonne-image-pour-la-guinee-dansa-kourouma\/","og_site_name":"Guin\u00e9e Diversit\u00e9","article_publisher":"https:\/\/www.facebook.com\/guineediversite\/","article_published_time":"2021-03-22T13:53:12+00:00","og_image":[{"width":2560,"height":1860,"url":"https:\/\/guineediversite.com\/wp-content\/uploads\/2021\/03\/DSF8408-scaled.jpg","type":"image\/jpeg"}],"author":"Morcire Camara","twitter_card":"summary_large_image","twitter_creator":"@GuineeDiversite","twitter_site":"@GuineeDiversite","twitter_misc":{"\u00c9crit par":"Morcire Camara","Dur\u00e9e de lecture estim\u00e9e":"2 minutes"},"schema":{"@context":"https:\/\/schema.org","@graph":[{"@type":"Article","@id":"https:\/\/guineediversite.com\/index.php\/2021\/03\/22\/la-detention-des-leaders-politiques-ce-nest-pas-une-bonne-image-pour-la-guinee-dansa-kourouma\/#article","isPartOf":{"@id":"https:\/\/guineediversite.com\/index.php\/2021\/03\/22\/la-detention-des-leaders-politiques-ce-nest-pas-une-bonne-image-pour-la-guinee-dansa-kourouma\/"},"author":{"name":"Morcire Camara","@id":"https:\/\/guineediversite.com\/#\/schema\/person\/fa362494c47202ce4b3adf55abcc9d01"},"headline":"La d\u00e9tention des leaders politiques \u00ab ce n\u2019est pas une bonne image pour la Guin\u00e9e\u2026 \u00bb, Dansa Kourouma","datePublished":"2021-03-22T13:53:12+00:00","dateModified":"2021-03-22T13:53:12+00:00","mainEntityOfPage":{"@id":"https:\/\/guineediversite.com\/index.php\/2021\/03\/22\/la-detention-des-leaders-politiques-ce-nest-pas-une-bonne-image-pour-la-guinee-dansa-kourouma\/"},"wordCount":355,"publisher":{"@id":"https:\/\/guineediversite.com\/#organization"},"image":{"@id":"https:\/\/guineediversite.com\/index.php\/2021\/03\/22\/la-detention-des-leaders-politiques-ce-nest-pas-une-bonne-image-pour-la-guinee-dansa-kourouma\/#primaryimage"},"thumbnailUrl":"https:\/\/guineediversite.com\/wp-content\/uploads\/2021\/03\/DSF8408-scaled.jpg","articleSection":["Derni\u00e8re minute","Politique"],"inLanguage":"fr-FR"},{"@type":"WebPage","@id":"https:\/\/guineediversite.com\/index.php\/2021\/03\/22\/la-detention-des-leaders-politiques-ce-nest-pas-une-bonne-image-pour-la-guinee-dansa-kourouma\/","url":"https:\/\/guineediversite.com\/index.php\/2021\/03\/22\/la-detention-des-leaders-politiques-ce-nest-pas-une-bonne-image-pour-la-guinee-dansa-kourouma\/","name":"La d\u00e9tention des leaders politiques \u00ab ce n\u2019est pas une bonne image pour la Guin\u00e9e\u2026 \u00bb, Dansa Kourouma | Guin\u00e9e Diversit\u00e9","isPartOf":{"@id":"https:\/\/guineediversite.com\/#website"},"primaryImageOfPage":{"@id":"https:\/\/guineediversite.com\/index.php\/2021\/03\/22\/la-detention-des-leaders-politiques-ce-nest-pas-une-bonne-image-pour-la-guinee-dansa-kourouma\/#primaryimage"},"image":{"@id":"https:\/\/guineediversite.com\/index.php\/2021\/03\/22\/la-detention-des-leaders-politiques-ce-nest-pas-une-bonne-image-pour-la-guinee-dansa-kourouma\/#primaryimage"},"thumbnailUrl":"https:\/\/guineediversite.com\/wp-content\/uploads\/2021\/03\/DSF8408-scaled.jpg","datePublished":"2021-03-22T13:53:12+00:00","dateModified":"2021-03-22T13:53:12+00:00","breadcrumb":{"@id":"https:\/\/guineediversite.com\/index.php\/2021\/03\/22\/la-detention-des-leaders-politiques-ce-nest-pas-une-bonne-image-pour-la-guinee-dansa-kourouma\/#breadcrumb"},"inLanguage":"fr-FR","potentialAction":[{"@type":"ReadAction","target":["https:\/\/guineediversite.com\/index.php\/2021\/03\/22\/la-detention-des-leaders-politiques-ce-nest-pas-une-bonne-image-pour-la-guinee-dansa-kourouma\/"]}]},{"@type":"ImageObject","inLanguage":"fr-FR","@id":"https:\/\/guineediversite.com\/index.php\/2021\/03\/22\/la-detention-des-leaders-politiques-ce-nest-pas-une-bonne-image-pour-la-guinee-dansa-kourouma\/#primaryimage","url":"https:\/\/guineediversite.com\/wp-content\/uploads\/2021\/03\/DSF8408-scaled.jpg","contentUrl":"https:\/\/guineediversite.com\/wp-content\/uploads\/2021\/03\/DSF8408-scaled.jpg","width":2560,"height":1860},{"@type":"BreadcrumbList","@id":"https:\/\/guineediversite.com\/index.php\/2021\/03\/22\/la-detention-des-leaders-politiques-ce-nest-pas-une-bonne-image-pour-la-guinee-dansa-kourouma\/#breadcrumb","itemListElement":[{"@type":"ListItem","position":1,"name":"Accueil","item":"https:\/\/guineediversite.com\/"},{"@type":"ListItem","position":2,"name":"La d\u00e9tention des leaders politiques \u00ab ce n\u2019est pas une bonne image pour la Guin\u00e9e\u2026 \u00bb, Dansa Kourouma"}]},{"@type":"WebSite","@id":"https:\/\/guineediversite.com\/#website","url":"https:\/\/guineediversite.com\/","name":"Guin\u00e9e Diversit\u00e9","description":"L&#039;Info dans toute sa diversit\u00e9","publisher":{"@id":"https:\/\/guineediversite.com\/#organization"},"potentialAction":[{"@type":"SearchAction","target":{"@type":"EntryPoint","urlTemplate":"https:\/\/guineediversite.com\/?s={search_term_string}"},"query-input":{"@type":"PropertyValueSpecification","valueRequired":true,"valueName":"search_term_string"}}],"inLanguage":"fr-FR"},{"@type":"Organization","@id":"https:\/\/guineediversite.com\/#organization","name":"Guin\u00e9e Diversit\u00e9","url":"https:\/\/guineediversite.com\/","logo":{"@type":"ImageObject","inLanguage":"fr-FR","@id":"https:\/\/guineediversite.com\/#\/schema\/logo\/image\/","url":"https:\/\/guineediversite.com\/wp-content\/uploads\/2017\/04\/cropped-1jojlxEOMkX9Wyqfhe43D6kjPOGqBBKmx3EwWJqZ0cMrFF54yM49.png","contentUrl":"https:\/\/guineediversite.com\/wp-content\/uploads\/2017\/04\/cropped-1jojlxEOMkX9Wyqfhe43D6kjPOGqBBKmx3EwWJqZ0cMrFF54yM49.png","width":186,"height":112,"caption":"Guin\u00e9e Diversit\u00e9"},"image":{"@id":"https:\/\/guineediversite.com\/#\/schema\/logo\/image\/"},"sameAs":["https:\/\/www.facebook.com\/guineediversite\/","https:\/\/x.com\/GuineeDiversite","https:\/\/www.youtube.com\/channel\/UC8sUY16qelG5ge6_D5SB83g"]},{"@type":"Person","@id":"https:\/\/guineediversite.com\/#\/schema\/person\/fa362494c47202ce4b3adf55abcc9d01","name":"Morcire Camara","image":{"@type":"ImageObject","inLanguage":"fr-FR","@id":"https:\/\/guineediversite.com\/#\/schema\/person\/image\/","url":"https:\/\/secure.gravatar.com\/avatar\/3ec324f02295bbcebe03d99b39330ab4?s=96&d=mm&r=g","contentUrl":"https:\/\/secure.gravatar.com\/avatar\/3ec324f02295bbcebe03d99b39330ab4?s=96&d=mm&r=g","caption":"Morcire Camara"},"url":"https:\/\/guineediversite.com\/index.php\/author\/morcire\/"}]}},"_links":{"self":[{"href":"https:\/\/guineediversite.com\/index.php\/wp-json\/wp\/v2\/posts\/31055"}],"collection":[{"href":"https:\/\/guineediversite.com\/index.php\/wp-json\/wp\/v2\/posts"}],"about":[{"href":"https:\/\/guineediversite.com\/index.php\/wp-json\/wp\/v2\/types\/post"}],"author":[{"embeddable":true,"href":"https:\/\/guineediversite.com\/index.php\/wp-json\/wp\/v2\/users\/10"}],"replies":[{"embeddable":true,"href":"https:\/\/guineediversite.com\/index.php\/wp-json\/wp\/v2\/comments?post=31055"}],"version-history":[{"count":1,"href":"https:\/\/guineediversite.com\/index.php\/wp-json\/wp\/v2\/posts\/31055\/revisions"}],"predecessor-version":[{"id":31057,"href":"https:\/\/guineediversite.com\/index.php\/wp-json\/wp\/v2\/posts\/31055\/revisions\/31057"}],"wp:featuredmedia":[{"embeddable":true,"href":"https:\/\/guineediversite.com\/index.php\/wp-json\/wp\/v2\/media\/31056"}],"wp:attachment":[{"href":"https:\/\/guineediversite.com\/index.php\/wp-json\/wp\/v2\/media?parent=31055"}],"wp:term":[{"taxonomy":"category","embeddable":true,"href":"https:\/\/guineediversite.com\/index.php\/wp-json\/wp\/v2\/categories?post=31055"},{"taxonomy":"post_tag","embeddable":true,"href":"https:\/\/guineediversite.com\/index.php\/wp-json\/wp\/v2\/tags?post=31055"}],"curies":[{"name":"wp","href":"https:\/\/api.w.org\/{rel}","templated":true}]}}