{"id":31044,"date":"2021-03-19T12:10:29","date_gmt":"2021-03-19T11:10:29","guid":{"rendered":"https:\/\/guineediversite.com\/?p=31044"},"modified":"2021-03-19T12:10:29","modified_gmt":"2021-03-19T11:10:29","slug":"rdc-le-premier-ministre-sexplique-sur-le-gouvernement-qui-se-fait-attendre","status":"publish","type":"post","link":"https:\/\/guineediversite.com\/index.php\/2021\/03\/19\/rdc-le-premier-ministre-sexplique-sur-le-gouvernement-qui-se-fait-attendre\/","title":{"rendered":"RDC: le Premier ministre s\u2019explique sur le gouvernement qui se fait attendre"},"content":{"rendered":"<p>Pourquoi est-ce si long\u00a0? Qu&rsquo;est ce qui bloque\u00a0? La R\u00e9publique d\u00e9mocratique du Congo est toujours dans l\u2019attente d\u2019un nouveau gouvernement depuis un mois. Sa publication reste d\u00e9sormais suspendue \u00e0 l\u2019arbitrage du pr\u00e9sident F\u00e9lix Tshisekedi. Le chef de l\u2019\u00c9tat a \u00e9chang\u00e9, ce jeudi 18 mars, avec son Premier ministre Jean-Michel Sama Lukonde \u00e0 l&rsquo;occasion d&rsquo;une nouvelle s\u00e9ance d\u2019arbitrages. Au sortir de l\u2019audience, le chef du gouvernement a appel\u00e9 \u00e0 la patience\u00a0: \u00ab<em>\u00a0Ne confondez pas urgence et pr\u00e9cipitation<\/em>\u00a0\u00bb.<\/p>\n<p>Je voudrais ramener tout le monde \u00e0 la s\u00e9r\u00e9nit\u00e9. Nous avons rencontr\u00e9 tous ces regroupements, nous avons donn\u00e9 les conditions pour participer au gouvernement, nous avons re\u00e7u les propositions\u2026 Apr\u00e8s cela, bien s\u00fbr, place \u00e0 ces \u00e9changes, pour pouvoir arriver \u00e0 ce gouvernement, non seulement inclusif, et quand on parle d\u2019inclusivit\u00e9, cela veut dire qu\u2019on parle de g\u00e9opolitique, on parle de la participation de toutes les forces politiques. Mais on a aussi \u00e9voqu\u00e9 d\u2019autres crit\u00e8res. C\u2019\u00e9tait de dire que nous avons voulu voir participer la soci\u00e9t\u00e9 civile, que nous puissions avoir un certain taux, en termes de participation f\u00e9minine et de la jeunesse. Quand vous prenez tous ces \u00e9l\u00e9ments mis ensemble, vous comprenez que cela demande que l\u2019on puisse faire un travail m\u00e9ticuleux. C\u2019est vrai que nous comprenons l\u2019urgence de la sortie du gouvernement, mais il ne faudrait pas confondre urgence et pr\u00e9cipitation.<\/p>\n<p><strong>RFI<\/strong><\/p>\n","protected":false},"excerpt":{"rendered":"<p>Pourquoi est-ce si long\u00a0? Qu&rsquo;est ce qui bloque\u00a0? La R\u00e9publique d\u00e9mocratique du Congo est toujours dans l\u2019attente d\u2019un nouveau gouvernement depuis un mois. Sa publication reste d\u00e9sormais suspendue \u00e0 l\u2019arbitrage du pr\u00e9sident F\u00e9lix Tshisekedi. Le chef de l\u2019\u00c9tat a \u00e9chang\u00e9, ce jeudi 18 mars, avec son Premier ministre Jean-Michel Sama Lukonde \u00e0 l&rsquo;occasion d&rsquo;une nouvelle [&hellip;]<\/p>\n","protected":false},"author":12,"featured_media":31045,"comment_status":"closed","ping_status":"open","sticky":false,"template":"","format":"standard","meta":{"_exactmetrics_skip_tracking":false,"_exactmetrics_sitenote_active":false,"_exactmetrics_sitenote_note":"","_exactmetrics_sitenote_category":0,"tdm_status":"","tdm_grid_status":"","footnotes":""},"categories":[21],"tags":[],"class_list":{"0":"post-31044","1":"post","2":"type-post","3":"status-publish","4":"format-standard","5":"has-post-thumbnail","7":"category-international"},"yoast_head":"<!-- This site is optimized with the Yoast SEO plugin v24.2 - https:\/\/yoast.com\/wordpress\/plugins\/seo\/ -->\n<title>RDC: le Premier ministre s\u2019explique sur le gouvernement qui se fait attendre | Guin\u00e9e Diversit\u00e9<\/title>\n<meta name=\"robots\" content=\"index, follow, max-snippet:-1, max-image-preview:large, max-video-preview:-1\" \/>\n<link rel=\"canonical\" href=\"https:\/\/guineediversite.com\/index.php\/2021\/03\/19\/rdc-le-premier-ministre-sexplique-sur-le-gouvernement-qui-se-fait-attendre\/\" \/>\n<meta property=\"og:locale\" content=\"fr_FR\" \/>\n<meta property=\"og:type\" content=\"article\" \/>\n<meta property=\"og:title\" content=\"RDC: le Premier ministre s\u2019explique sur le gouvernement qui se fait attendre | Guin\u00e9e Diversit\u00e9\" \/>\n<meta property=\"og:description\" content=\"Pourquoi est-ce si long\u00a0? Qu&rsquo;est ce qui bloque\u00a0? La R\u00e9publique d\u00e9mocratique du Congo est toujours dans l\u2019attente d\u2019un nouveau gouvernement depuis un mois. Sa publication reste d\u00e9sormais suspendue \u00e0 l\u2019arbitrage du pr\u00e9sident F\u00e9lix Tshisekedi. Le chef de l\u2019\u00c9tat a \u00e9chang\u00e9, ce jeudi 18 mars, avec son Premier ministre Jean-Michel Sama Lukonde \u00e0 l&rsquo;occasion d&rsquo;une nouvelle [&hellip;]\" \/>\n<meta property=\"og:url\" content=\"https:\/\/guineediversite.com\/index.php\/2021\/03\/19\/rdc-le-premier-ministre-sexplique-sur-le-gouvernement-qui-se-fait-attendre\/\" \/>\n<meta property=\"og:site_name\" content=\"Guin\u00e9e Diversit\u00e9\" \/>\n<meta property=\"article:publisher\" content=\"https:\/\/www.facebook.com\/guineediversite\/\" \/>\n<meta property=\"article:published_time\" content=\"2021-03-19T11:10:29+00:00\" \/>\n<meta property=\"og:image\" content=\"https:\/\/guineediversite.com\/wp-content\/uploads\/2021\/03\/RDC-le-Premier-ministre-sexplique-sur-le-gouvernement-qui-se-fait-attendre.jpg\" \/>\n\t<meta property=\"og:image:width\" content=\"1100\" \/>\n\t<meta property=\"og:image:height\" content=\"616\" \/>\n\t<meta property=\"og:image:type\" content=\"image\/jpeg\" \/>\n<meta name=\"author\" content=\"Guin\u00e9e Diversit\u00e9\" \/>\n<meta name=\"twitter:card\" content=\"summary_large_image\" \/>\n<meta name=\"twitter:creator\" content=\"@GuineeDiversite\" \/>\n<meta name=\"twitter:site\" content=\"@GuineeDiversite\" \/>\n<meta name=\"twitter:label1\" content=\"\u00c9crit par\" \/>\n\t<meta name=\"twitter:data1\" content=\"Guin\u00e9e Diversit\u00e9\" \/>\n\t<meta name=\"twitter:label2\" content=\"Dur\u00e9e de lecture estim\u00e9e\" \/>\n\t<meta name=\"twitter:data2\" content=\"1 minute\" \/>\n<script type=\"application\/ld+json\" class=\"yoast-schema-graph\">{\"@context\":\"https:\/\/schema.org\",\"@graph\":[{\"@type\":\"Article\",\"@id\":\"https:\/\/guineediversite.com\/index.php\/2021\/03\/19\/rdc-le-premier-ministre-sexplique-sur-le-gouvernement-qui-se-fait-attendre\/#article\",\"isPartOf\":{\"@id\":\"https:\/\/guineediversite.com\/index.php\/2021\/03\/19\/rdc-le-premier-ministre-sexplique-sur-le-gouvernement-qui-se-fait-attendre\/\"},\"author\":{\"name\":\"Guin\u00e9e Diversit\u00e9\",\"@id\":\"https:\/\/guineediversite.com\/#\/schema\/person\/afa08fb34e7fc6e1feafc892612bc836\"},\"headline\":\"RDC: le Premier ministre s\u2019explique sur le gouvernement qui se fait attendre\",\"datePublished\":\"2021-03-19T11:10:29+00:00\",\"dateModified\":\"2021-03-19T11:10:29+00:00\",\"mainEntityOfPage\":{\"@id\":\"https:\/\/guineediversite.com\/index.php\/2021\/03\/19\/rdc-le-premier-ministre-sexplique-sur-le-gouvernement-qui-se-fait-attendre\/\"},\"wordCount\":261,\"publisher\":{\"@id\":\"https:\/\/guineediversite.com\/#organization\"},\"image\":{\"@id\":\"https:\/\/guineediversite.com\/index.php\/2021\/03\/19\/rdc-le-premier-ministre-sexplique-sur-le-gouvernement-qui-se-fait-attendre\/#primaryimage\"},\"thumbnailUrl\":\"https:\/\/guineediversite.com\/wp-content\/uploads\/2021\/03\/RDC-le-Premier-ministre-sexplique-sur-le-gouvernement-qui-se-fait-attendre.jpg\",\"articleSection\":[\"International\"],\"inLanguage\":\"fr-FR\"},{\"@type\":\"WebPage\",\"@id\":\"https:\/\/guineediversite.com\/index.php\/2021\/03\/19\/rdc-le-premier-ministre-sexplique-sur-le-gouvernement-qui-se-fait-attendre\/\",\"url\":\"https:\/\/guineediversite.com\/index.php\/2021\/03\/19\/rdc-le-premier-ministre-sexplique-sur-le-gouvernement-qui-se-fait-attendre\/\",\"name\":\"RDC: le Premier ministre s\u2019explique sur le gouvernement qui se fait attendre | Guin\u00e9e Diversit\u00e9\",\"isPartOf\":{\"@id\":\"https:\/\/guineediversite.com\/#website\"},\"primaryImageOfPage\":{\"@id\":\"https:\/\/guineediversite.com\/index.php\/2021\/03\/19\/rdc-le-premier-ministre-sexplique-sur-le-gouvernement-qui-se-fait-attendre\/#primaryimage\"},\"image\":{\"@id\":\"https:\/\/guineediversite.com\/index.php\/2021\/03\/19\/rdc-le-premier-ministre-sexplique-sur-le-gouvernement-qui-se-fait-attendre\/#primaryimage\"},\"thumbnailUrl\":\"https:\/\/guineediversite.com\/wp-content\/uploads\/2021\/03\/RDC-le-Premier-ministre-sexplique-sur-le-gouvernement-qui-se-fait-attendre.jpg\",\"datePublished\":\"2021-03-19T11:10:29+00:00\",\"dateModified\":\"2021-03-19T11:10:29+00:00\",\"breadcrumb\":{\"@id\":\"https:\/\/guineediversite.com\/index.php\/2021\/03\/19\/rdc-le-premier-ministre-sexplique-sur-le-gouvernement-qui-se-fait-attendre\/#breadcrumb\"},\"inLanguage\":\"fr-FR\",\"potentialAction\":[{\"@type\":\"ReadAction\",\"target\":[\"https:\/\/guineediversite.com\/index.php\/2021\/03\/19\/rdc-le-premier-ministre-sexplique-sur-le-gouvernement-qui-se-fait-attendre\/\"]}]},{\"@type\":\"ImageObject\",\"inLanguage\":\"fr-FR\",\"@id\":\"https:\/\/guineediversite.com\/index.php\/2021\/03\/19\/rdc-le-premier-ministre-sexplique-sur-le-gouvernement-qui-se-fait-attendre\/#primaryimage\",\"url\":\"https:\/\/guineediversite.com\/wp-content\/uploads\/2021\/03\/RDC-le-Premier-ministre-sexplique-sur-le-gouvernement-qui-se-fait-attendre.jpg\",\"contentUrl\":\"https:\/\/guineediversite.com\/wp-content\/uploads\/2021\/03\/RDC-le-Premier-ministre-sexplique-sur-le-gouvernement-qui-se-fait-attendre.jpg\",\"width\":1100,\"height\":616},{\"@type\":\"BreadcrumbList\",\"@id\":\"https:\/\/guineediversite.com\/index.php\/2021\/03\/19\/rdc-le-premier-ministre-sexplique-sur-le-gouvernement-qui-se-fait-attendre\/#breadcrumb\",\"itemListElement\":[{\"@type\":\"ListItem\",\"position\":1,\"name\":\"Accueil\",\"item\":\"https:\/\/guineediversite.com\/\"},{\"@type\":\"ListItem\",\"position\":2,\"name\":\"RDC: le Premier ministre s\u2019explique sur le gouvernement qui se fait attendre\"}]},{\"@type\":\"WebSite\",\"@id\":\"https:\/\/guineediversite.com\/#website\",\"url\":\"https:\/\/guineediversite.com\/\",\"name\":\"Guin\u00e9e Diversit\u00e9\",\"description\":\"L&#039;Info dans toute sa diversit\u00e9\",\"publisher\":{\"@id\":\"https:\/\/guineediversite.com\/#organization\"},\"potentialAction\":[{\"@type\":\"SearchAction\",\"target\":{\"@type\":\"EntryPoint\",\"urlTemplate\":\"https:\/\/guineediversite.com\/?s={search_term_string}\"},\"query-input\":{\"@type\":\"PropertyValueSpecification\",\"valueRequired\":true,\"valueName\":\"search_term_string\"}}],\"inLanguage\":\"fr-FR\"},{\"@type\":\"Organization\",\"@id\":\"https:\/\/guineediversite.com\/#organization\",\"name\":\"Guin\u00e9e Diversit\u00e9\",\"url\":\"https:\/\/guineediversite.com\/\",\"logo\":{\"@type\":\"ImageObject\",\"inLanguage\":\"fr-FR\",\"@id\":\"https:\/\/guineediversite.com\/#\/schema\/logo\/image\/\",\"url\":\"https:\/\/guineediversite.com\/wp-content\/uploads\/2017\/04\/cropped-1jojlxEOMkX9Wyqfhe43D6kjPOGqBBKmx3EwWJqZ0cMrFF54yM49.png\",\"contentUrl\":\"https:\/\/guineediversite.com\/wp-content\/uploads\/2017\/04\/cropped-1jojlxEOMkX9Wyqfhe43D6kjPOGqBBKmx3EwWJqZ0cMrFF54yM49.png\",\"width\":186,\"height\":112,\"caption\":\"Guin\u00e9e Diversit\u00e9\"},\"image\":{\"@id\":\"https:\/\/guineediversite.com\/#\/schema\/logo\/image\/\"},\"sameAs\":[\"https:\/\/www.facebook.com\/guineediversite\/\",\"https:\/\/x.com\/GuineeDiversite\",\"https:\/\/www.youtube.com\/channel\/UC8sUY16qelG5ge6_D5SB83g\"]},{\"@type\":\"Person\",\"@id\":\"https:\/\/guineediversite.com\/#\/schema\/person\/afa08fb34e7fc6e1feafc892612bc836\",\"name\":\"Guin\u00e9e Diversit\u00e9\",\"image\":{\"@type\":\"ImageObject\",\"inLanguage\":\"fr-FR\",\"@id\":\"https:\/\/guineediversite.com\/#\/schema\/person\/image\/\",\"url\":\"https:\/\/secure.gravatar.com\/avatar\/50d5eb5b390f8b65ac30ac6f898eb83a?s=96&d=mm&r=g\",\"contentUrl\":\"https:\/\/secure.gravatar.com\/avatar\/50d5eb5b390f8b65ac30ac6f898eb83a?s=96&d=mm&r=g\",\"caption\":\"Guin\u00e9e Diversit\u00e9\"},\"url\":\"https:\/\/guineediversite.com\/index.php\/author\/guineediversite\/\"}]}<\/script>\n<!-- \/ Yoast SEO plugin. -->","yoast_head_json":{"title":"RDC: le Premier ministre s\u2019explique sur le gouvernement qui se fait attendre | Guin\u00e9e Diversit\u00e9","robots":{"index":"index","follow":"follow","max-snippet":"max-snippet:-1","max-image-preview":"max-image-preview:large","max-video-preview":"max-video-preview:-1"},"canonical":"https:\/\/guineediversite.com\/index.php\/2021\/03\/19\/rdc-le-premier-ministre-sexplique-sur-le-gouvernement-qui-se-fait-attendre\/","og_locale":"fr_FR","og_type":"article","og_title":"RDC: le Premier ministre s\u2019explique sur le gouvernement qui se fait attendre | Guin\u00e9e Diversit\u00e9","og_description":"Pourquoi est-ce si long\u00a0? Qu&rsquo;est ce qui bloque\u00a0? La R\u00e9publique d\u00e9mocratique du Congo est toujours dans l\u2019attente d\u2019un nouveau gouvernement depuis un mois. Sa publication reste d\u00e9sormais suspendue \u00e0 l\u2019arbitrage du pr\u00e9sident F\u00e9lix Tshisekedi. Le chef de l\u2019\u00c9tat a \u00e9chang\u00e9, ce jeudi 18 mars, avec son Premier ministre Jean-Michel Sama Lukonde \u00e0 l&rsquo;occasion d&rsquo;une nouvelle [&hellip;]","og_url":"https:\/\/guineediversite.com\/index.php\/2021\/03\/19\/rdc-le-premier-ministre-sexplique-sur-le-gouvernement-qui-se-fait-attendre\/","og_site_name":"Guin\u00e9e Diversit\u00e9","article_publisher":"https:\/\/www.facebook.com\/guineediversite\/","article_published_time":"2021-03-19T11:10:29+00:00","og_image":[{"width":1100,"height":616,"url":"https:\/\/guineediversite.com\/wp-content\/uploads\/2021\/03\/RDC-le-Premier-ministre-sexplique-sur-le-gouvernement-qui-se-fait-attendre.jpg","type":"image\/jpeg"}],"author":"Guin\u00e9e Diversit\u00e9","twitter_card":"summary_large_image","twitter_creator":"@GuineeDiversite","twitter_site":"@GuineeDiversite","twitter_misc":{"\u00c9crit par":"Guin\u00e9e Diversit\u00e9","Dur\u00e9e de lecture estim\u00e9e":"1 minute"},"schema":{"@context":"https:\/\/schema.org","@graph":[{"@type":"Article","@id":"https:\/\/guineediversite.com\/index.php\/2021\/03\/19\/rdc-le-premier-ministre-sexplique-sur-le-gouvernement-qui-se-fait-attendre\/#article","isPartOf":{"@id":"https:\/\/guineediversite.com\/index.php\/2021\/03\/19\/rdc-le-premier-ministre-sexplique-sur-le-gouvernement-qui-se-fait-attendre\/"},"author":{"name":"Guin\u00e9e Diversit\u00e9","@id":"https:\/\/guineediversite.com\/#\/schema\/person\/afa08fb34e7fc6e1feafc892612bc836"},"headline":"RDC: le Premier ministre s\u2019explique sur le gouvernement qui se fait attendre","datePublished":"2021-03-19T11:10:29+00:00","dateModified":"2021-03-19T11:10:29+00:00","mainEntityOfPage":{"@id":"https:\/\/guineediversite.com\/index.php\/2021\/03\/19\/rdc-le-premier-ministre-sexplique-sur-le-gouvernement-qui-se-fait-attendre\/"},"wordCount":261,"publisher":{"@id":"https:\/\/guineediversite.com\/#organization"},"image":{"@id":"https:\/\/guineediversite.com\/index.php\/2021\/03\/19\/rdc-le-premier-ministre-sexplique-sur-le-gouvernement-qui-se-fait-attendre\/#primaryimage"},"thumbnailUrl":"https:\/\/guineediversite.com\/wp-content\/uploads\/2021\/03\/RDC-le-Premier-ministre-sexplique-sur-le-gouvernement-qui-se-fait-attendre.jpg","articleSection":["International"],"inLanguage":"fr-FR"},{"@type":"WebPage","@id":"https:\/\/guineediversite.com\/index.php\/2021\/03\/19\/rdc-le-premier-ministre-sexplique-sur-le-gouvernement-qui-se-fait-attendre\/","url":"https:\/\/guineediversite.com\/index.php\/2021\/03\/19\/rdc-le-premier-ministre-sexplique-sur-le-gouvernement-qui-se-fait-attendre\/","name":"RDC: le Premier ministre s\u2019explique sur le gouvernement qui se fait attendre | Guin\u00e9e Diversit\u00e9","isPartOf":{"@id":"https:\/\/guineediversite.com\/#website"},"primaryImageOfPage":{"@id":"https:\/\/guineediversite.com\/index.php\/2021\/03\/19\/rdc-le-premier-ministre-sexplique-sur-le-gouvernement-qui-se-fait-attendre\/#primaryimage"},"image":{"@id":"https:\/\/guineediversite.com\/index.php\/2021\/03\/19\/rdc-le-premier-ministre-sexplique-sur-le-gouvernement-qui-se-fait-attendre\/#primaryimage"},"thumbnailUrl":"https:\/\/guineediversite.com\/wp-content\/uploads\/2021\/03\/RDC-le-Premier-ministre-sexplique-sur-le-gouvernement-qui-se-fait-attendre.jpg","datePublished":"2021-03-19T11:10:29+00:00","dateModified":"2021-03-19T11:10:29+00:00","breadcrumb":{"@id":"https:\/\/guineediversite.com\/index.php\/2021\/03\/19\/rdc-le-premier-ministre-sexplique-sur-le-gouvernement-qui-se-fait-attendre\/#breadcrumb"},"inLanguage":"fr-FR","potentialAction":[{"@type":"ReadAction","target":["https:\/\/guineediversite.com\/index.php\/2021\/03\/19\/rdc-le-premier-ministre-sexplique-sur-le-gouvernement-qui-se-fait-attendre\/"]}]},{"@type":"ImageObject","inLanguage":"fr-FR","@id":"https:\/\/guineediversite.com\/index.php\/2021\/03\/19\/rdc-le-premier-ministre-sexplique-sur-le-gouvernement-qui-se-fait-attendre\/#primaryimage","url":"https:\/\/guineediversite.com\/wp-content\/uploads\/2021\/03\/RDC-le-Premier-ministre-sexplique-sur-le-gouvernement-qui-se-fait-attendre.jpg","contentUrl":"https:\/\/guineediversite.com\/wp-content\/uploads\/2021\/03\/RDC-le-Premier-ministre-sexplique-sur-le-gouvernement-qui-se-fait-attendre.jpg","width":1100,"height":616},{"@type":"BreadcrumbList","@id":"https:\/\/guineediversite.com\/index.php\/2021\/03\/19\/rdc-le-premier-ministre-sexplique-sur-le-gouvernement-qui-se-fait-attendre\/#breadcrumb","itemListElement":[{"@type":"ListItem","position":1,"name":"Accueil","item":"https:\/\/guineediversite.com\/"},{"@type":"ListItem","position":2,"name":"RDC: le Premier ministre s\u2019explique sur le gouvernement qui se fait attendre"}]},{"@type":"WebSite","@id":"https:\/\/guineediversite.com\/#website","url":"https:\/\/guineediversite.com\/","name":"Guin\u00e9e Diversit\u00e9","description":"L&#039;Info dans toute sa diversit\u00e9","publisher":{"@id":"https:\/\/guineediversite.com\/#organization"},"potentialAction":[{"@type":"SearchAction","target":{"@type":"EntryPoint","urlTemplate":"https:\/\/guineediversite.com\/?s={search_term_string}"},"query-input":{"@type":"PropertyValueSpecification","valueRequired":true,"valueName":"search_term_string"}}],"inLanguage":"fr-FR"},{"@type":"Organization","@id":"https:\/\/guineediversite.com\/#organization","name":"Guin\u00e9e Diversit\u00e9","url":"https:\/\/guineediversite.com\/","logo":{"@type":"ImageObject","inLanguage":"fr-FR","@id":"https:\/\/guineediversite.com\/#\/schema\/logo\/image\/","url":"https:\/\/guineediversite.com\/wp-content\/uploads\/2017\/04\/cropped-1jojlxEOMkX9Wyqfhe43D6kjPOGqBBKmx3EwWJqZ0cMrFF54yM49.png","contentUrl":"https:\/\/guineediversite.com\/wp-content\/uploads\/2017\/04\/cropped-1jojlxEOMkX9Wyqfhe43D6kjPOGqBBKmx3EwWJqZ0cMrFF54yM49.png","width":186,"height":112,"caption":"Guin\u00e9e Diversit\u00e9"},"image":{"@id":"https:\/\/guineediversite.com\/#\/schema\/logo\/image\/"},"sameAs":["https:\/\/www.facebook.com\/guineediversite\/","https:\/\/x.com\/GuineeDiversite","https:\/\/www.youtube.com\/channel\/UC8sUY16qelG5ge6_D5SB83g"]},{"@type":"Person","@id":"https:\/\/guineediversite.com\/#\/schema\/person\/afa08fb34e7fc6e1feafc892612bc836","name":"Guin\u00e9e Diversit\u00e9","image":{"@type":"ImageObject","inLanguage":"fr-FR","@id":"https:\/\/guineediversite.com\/#\/schema\/person\/image\/","url":"https:\/\/secure.gravatar.com\/avatar\/50d5eb5b390f8b65ac30ac6f898eb83a?s=96&d=mm&r=g","contentUrl":"https:\/\/secure.gravatar.com\/avatar\/50d5eb5b390f8b65ac30ac6f898eb83a?s=96&d=mm&r=g","caption":"Guin\u00e9e Diversit\u00e9"},"url":"https:\/\/guineediversite.com\/index.php\/author\/guineediversite\/"}]}},"_links":{"self":[{"href":"https:\/\/guineediversite.com\/index.php\/wp-json\/wp\/v2\/posts\/31044"}],"collection":[{"href":"https:\/\/guineediversite.com\/index.php\/wp-json\/wp\/v2\/posts"}],"about":[{"href":"https:\/\/guineediversite.com\/index.php\/wp-json\/wp\/v2\/types\/post"}],"author":[{"embeddable":true,"href":"https:\/\/guineediversite.com\/index.php\/wp-json\/wp\/v2\/users\/12"}],"replies":[{"embeddable":true,"href":"https:\/\/guineediversite.com\/index.php\/wp-json\/wp\/v2\/comments?post=31044"}],"version-history":[{"count":1,"href":"https:\/\/guineediversite.com\/index.php\/wp-json\/wp\/v2\/posts\/31044\/revisions"}],"predecessor-version":[{"id":31046,"href":"https:\/\/guineediversite.com\/index.php\/wp-json\/wp\/v2\/posts\/31044\/revisions\/31046"}],"wp:featuredmedia":[{"embeddable":true,"href":"https:\/\/guineediversite.com\/index.php\/wp-json\/wp\/v2\/media\/31045"}],"wp:attachment":[{"href":"https:\/\/guineediversite.com\/index.php\/wp-json\/wp\/v2\/media?parent=31044"}],"wp:term":[{"taxonomy":"category","embeddable":true,"href":"https:\/\/guineediversite.com\/index.php\/wp-json\/wp\/v2\/categories?post=31044"},{"taxonomy":"post_tag","embeddable":true,"href":"https:\/\/guineediversite.com\/index.php\/wp-json\/wp\/v2\/tags?post=31044"}],"curies":[{"name":"wp","href":"https:\/\/api.w.org\/{rel}","templated":true}]}}