{"id":31041,"date":"2021-03-19T11:55:32","date_gmt":"2021-03-19T10:55:32","guid":{"rendered":"https:\/\/guineediversite.com\/?p=31041"},"modified":"2021-03-19T11:55:32","modified_gmt":"2021-03-19T10:55:32","slug":"guerre-des-mots-entre-chine-et-etats-unis-pour-le-premier-face-a-face-de-lere-biden","status":"publish","type":"post","link":"https:\/\/guineediversite.com\/index.php\/2021\/03\/19\/guerre-des-mots-entre-chine-et-etats-unis-pour-le-premier-face-a-face-de-lere-biden\/","title":{"rendered":"Guerre des mots entre Chine et \u00c9tats-Unis pour le premier face-\u00e0-face de l&rsquo;\u00e8re Biden"},"content":{"rendered":"<p>C&rsquo;\u00e9tait le premier t\u00eate-\u00e0-t\u00eate de l\u2019\u00e8re Biden entre la Chine et les \u00c9tats-Unis. Une rencontre tendue entre le chef de la diplomatie am\u00e9ricaine, Anthony Blinken, et son homologue chinois, Yang Jiechi, dans la ville d\u2019Anchorage. Ce jeudi 18 mars, d\u00e8s l\u2019ouverture de ce sommet de deux jours en Alaska, P\u00e9kin et Washington ont publiquement \u00e9tal\u00e9 leurs profonds d\u00e9saccords.<\/p>\n<p>La ville d&rsquo;Anchorage avec ses temp\u00e9ratures polaires, tourn\u00e9e vers le Pacifique, a \u00e9t\u00e9 choisie comme un terrain plus neutre que Washington ou P\u00e9kin pour ce s\u00e9minaire sur deux jours. Mais d\u2019embl\u00e9e, les discussions commencent mal : c\u2019est une joute verbale face cam\u00e9ra\u00a0entre deux superpuissances.<\/p>\n<p>Le chef de la diplomatie am\u00e9ricaine \u00e9voque d\u2019abord ses \u00ab\u00a0<em>profondes inqui\u00e9tudes<\/em>\u00a0\u00bb sur le sort des musulmans ouighours dans Xiniang, que Washington qualifie de \u00ab\u00a0<em>g\u00e9nocide<\/em>\u00a0\u00bb. Sans plus de pincettes, Anthony Blinken encha\u00eene tous les sujets qui f\u00e2chent : Hong Kong, Ta\u00efwan et les cyberattaques aux Etats-Unis. \u00ab\u00a0<em>Chacun de ces actes menace l&rsquo;ordre fond\u00e9 sur des r\u00e8gles qui garantit la stabilit\u00e9 mondiale<\/em>\u00a0\u00bb, accuse le secr\u00e9taire d&rsquo;\u00c9tat.<\/p>\n<p>R\u00e9ponse cinglante de\u00a0Yang Jiechi, conseiller d&rsquo;\u00c9tat charg\u00e9 des affaires \u00e9trang\u00e8res : \u00ab\u00a0<em>La Chine est fermement oppos\u00e9e aux ing\u00e9rences am\u00e9ricaines dans les affaires int\u00e9rieures de la Chine<\/em>.<em>\u00a0Nous prendrons des mesures fermes en repr\u00e9sailles<\/em>\u00a0\u00bb, pr\u00e9vient-il.<\/p>\n<p><strong>P\u00e9kin d\u00e9nonce les derni\u00e8res sanctions am\u00e9ricaines\u00a0<\/strong><\/p>\n<p>Pour le plus haut responsable du Parti communiste chinois pour la diplomatie, Washington n\u2019a pas de le\u00e7on \u00e0 donner \u00e0 P\u00e9kin en mati\u00e8re de droits de l\u2019homme ou de d\u00e9mocratie. Les \u00c9tats-Unis feraient mieux de s\u2019occuper de leurs propres probl\u00e8mes de racisme, estime Yang Jiechi, en citant l&rsquo;exemple du\u00a0mouvement Black Live Matter.<\/p>\n<p>Le ministre chinois des Affaires \u00e9trang\u00e8res, Wang Yi, a \u00e9galement d\u00e9nonc\u00e9 les derni\u00e8res sanctions am\u00e9ricaines, annonc\u00e9es \u00e0 la veille de cette r\u00e9union, contre la reprise en main de Hong Kong par P\u00e9kin. \u00ab\u00a0<em>Ce n&rsquo;est pas comme cela que l&rsquo;on accueille ses invit\u00e9s\u00a0<\/em>\u00bb, a-t-il protest\u00e9.<\/p>\n<p>Autre sc\u00e8ne \u00e9tonnante : quand les m\u00e9dias sont invit\u00e9s \u00e0 quitter la pi\u00e8ce, la d\u00e9l\u00e9gation chinoise ironise sur la libert\u00e9 de la presse aux \u00c9tats-Unis. D\u2019un geste de la main, Anthony Blinken rappelle alors les journalistes avant de r\u00e9pondre aux diplomates chinois. Les \u00c9tats-Unis, dit-il, \u00ab\u00a0<em>n\u2019ignorent pas leurs probl\u00e8mes, ils n\u2019essaient pas de faire comme s\u2019ils n\u2019existaient pas ou de les cacher sous le tapis<\/em>\u00a0\u00bb.<\/p>\n<p><strong>Coop\u00e9rer face aux d\u00e9fis communs malgr\u00e9 les tensions\u00a0<\/strong><\/p>\n<p>Le rendez-vous d&rsquo;Anchorage intervient au retour d&rsquo;une visite d\u2019Antony Blinken au Japon et en Cor\u00e9e du Sud, deux alli\u00e9s cl\u00e9s. Le secr\u00e9taire d&rsquo;\u00c9tat avait mis en garde la Chine contre toute tentative de \u00ab<em>\u00a0coercition<\/em>\u00a0\u00bb et de \u00ab\u00a0<em>d\u00e9stabilisation<\/em>\u00a0\u00bb de la r\u00e9gion.<\/p>\n<p>L&rsquo;\u00e9quipe Biden, qui reprochait \u00e0 l&rsquo;administration Trump son isolement sur la sc\u00e8ne mondiale et une diplomatie \u00e0 la fois v\u00e9h\u00e9mente et brouillonne, assure vouloir \u00eatre plus m\u00e9thodique pour \u00ab<em>\u00a0coop\u00e9rer<\/em>\u00a0\u00bb face aux d\u00e9fis communs comme le r\u00e9chauffement climatique. Et surtout pour remporter la comp\u00e9tition strat\u00e9gique avec la Chine, \u00e9rig\u00e9e en \u00ab\u00a0<em>plus grand d\u00e9fi g\u00e9opolitique du XXIe si\u00e8cle\u00a0<\/em>\u00bb.<\/p>\n<p>Le conseiller de la Maison Blanche pour la s\u00e9curit\u00e9 nationale, Jake Sullivan, a ainsi assur\u00e9 que les \u00c9tats-Unis ne voulaient pas d&rsquo;un \u00ab<em>\u00a0conflit<\/em>\u00a0\u00bb avec la Chine, mais \u00e9taient \u00ab\u00a0<em>ouverts \u00e0 une comp\u00e9tition rude\u00a0<\/em>\u00bb.<\/p>\n<p>Finalement, Yang Jiechi a invit\u00e9 les \u00c9tats-Unis \u00e0 abandonner leur mentalit\u00e9 de guerre froide. Ces discussions entre chefs de la diplomatie chinoise et am\u00e9ricaine en Alaska sont pr\u00e9vues pour durer deux jours.<\/p>\n<p><strong>RFI<\/strong><\/p>\n","protected":false},"excerpt":{"rendered":"<p>C&rsquo;\u00e9tait le premier t\u00eate-\u00e0-t\u00eate de l\u2019\u00e8re Biden entre la Chine et les \u00c9tats-Unis. Une rencontre tendue entre le chef de la diplomatie am\u00e9ricaine, Anthony Blinken, et son homologue chinois, Yang Jiechi, dans la ville d\u2019Anchorage. Ce jeudi 18 mars, d\u00e8s l\u2019ouverture de ce sommet de deux jours en Alaska, P\u00e9kin et Washington ont publiquement \u00e9tal\u00e9 [&hellip;]<\/p>\n","protected":false},"author":12,"featured_media":31042,"comment_status":"closed","ping_status":"open","sticky":false,"template":"","format":"standard","meta":{"_exactmetrics_skip_tracking":false,"_exactmetrics_sitenote_active":false,"_exactmetrics_sitenote_note":"","_exactmetrics_sitenote_category":0,"tdm_status":"","tdm_grid_status":"","footnotes":""},"categories":[21],"tags":[],"class_list":{"0":"post-31041","1":"post","2":"type-post","3":"status-publish","4":"format-standard","5":"has-post-thumbnail","7":"category-international"},"yoast_head":"<!-- This site is optimized with the Yoast SEO plugin v24.2 - https:\/\/yoast.com\/wordpress\/plugins\/seo\/ -->\n<title>Guerre des mots entre Chine et \u00c9tats-Unis pour le premier face-\u00e0-face de l&#039;\u00e8re Biden | Guin\u00e9e Diversit\u00e9<\/title>\n<meta name=\"robots\" content=\"index, follow, max-snippet:-1, max-image-preview:large, max-video-preview:-1\" \/>\n<link rel=\"canonical\" href=\"https:\/\/guineediversite.com\/index.php\/2021\/03\/19\/guerre-des-mots-entre-chine-et-etats-unis-pour-le-premier-face-a-face-de-lere-biden\/\" \/>\n<meta property=\"og:locale\" content=\"fr_FR\" \/>\n<meta property=\"og:type\" content=\"article\" \/>\n<meta property=\"og:title\" content=\"Guerre des mots entre Chine et \u00c9tats-Unis pour le premier face-\u00e0-face de l&#039;\u00e8re Biden | Guin\u00e9e Diversit\u00e9\" \/>\n<meta property=\"og:description\" content=\"C&rsquo;\u00e9tait le premier t\u00eate-\u00e0-t\u00eate de l\u2019\u00e8re Biden entre la Chine et les \u00c9tats-Unis. Une rencontre tendue entre le chef de la diplomatie am\u00e9ricaine, Anthony Blinken, et son homologue chinois, Yang Jiechi, dans la ville d\u2019Anchorage. Ce jeudi 18 mars, d\u00e8s l\u2019ouverture de ce sommet de deux jours en Alaska, P\u00e9kin et Washington ont publiquement \u00e9tal\u00e9 [&hellip;]\" \/>\n<meta property=\"og:url\" content=\"https:\/\/guineediversite.com\/index.php\/2021\/03\/19\/guerre-des-mots-entre-chine-et-etats-unis-pour-le-premier-face-a-face-de-lere-biden\/\" \/>\n<meta property=\"og:site_name\" content=\"Guin\u00e9e Diversit\u00e9\" \/>\n<meta property=\"article:publisher\" content=\"https:\/\/www.facebook.com\/guineediversite\/\" \/>\n<meta property=\"article:published_time\" content=\"2021-03-19T10:55:32+00:00\" \/>\n<meta property=\"og:image\" content=\"https:\/\/guineediversite.com\/wp-content\/uploads\/2021\/03\/Guerre-des-mots-entre-Chine-et-Etats-Unis-pour-le-premier-face-a-face-de-lere-Biden.jpg\" \/>\n\t<meta property=\"og:image:width\" content=\"1100\" \/>\n\t<meta property=\"og:image:height\" content=\"616\" \/>\n\t<meta property=\"og:image:type\" content=\"image\/jpeg\" \/>\n<meta name=\"author\" content=\"Guin\u00e9e Diversit\u00e9\" \/>\n<meta name=\"twitter:card\" content=\"summary_large_image\" \/>\n<meta name=\"twitter:creator\" content=\"@GuineeDiversite\" \/>\n<meta name=\"twitter:site\" content=\"@GuineeDiversite\" \/>\n<meta name=\"twitter:label1\" content=\"\u00c9crit par\" \/>\n\t<meta name=\"twitter:data1\" content=\"Guin\u00e9e Diversit\u00e9\" \/>\n\t<meta name=\"twitter:label2\" content=\"Dur\u00e9e de lecture estim\u00e9e\" \/>\n\t<meta name=\"twitter:data2\" content=\"3 minutes\" \/>\n<script type=\"application\/ld+json\" class=\"yoast-schema-graph\">{\"@context\":\"https:\/\/schema.org\",\"@graph\":[{\"@type\":\"Article\",\"@id\":\"https:\/\/guineediversite.com\/index.php\/2021\/03\/19\/guerre-des-mots-entre-chine-et-etats-unis-pour-le-premier-face-a-face-de-lere-biden\/#article\",\"isPartOf\":{\"@id\":\"https:\/\/guineediversite.com\/index.php\/2021\/03\/19\/guerre-des-mots-entre-chine-et-etats-unis-pour-le-premier-face-a-face-de-lere-biden\/\"},\"author\":{\"name\":\"Guin\u00e9e Diversit\u00e9\",\"@id\":\"https:\/\/guineediversite.com\/#\/schema\/person\/afa08fb34e7fc6e1feafc892612bc836\"},\"headline\":\"Guerre des mots entre Chine et \u00c9tats-Unis pour le premier face-\u00e0-face de l&rsquo;\u00e8re Biden\",\"datePublished\":\"2021-03-19T10:55:32+00:00\",\"dateModified\":\"2021-03-19T10:55:32+00:00\",\"mainEntityOfPage\":{\"@id\":\"https:\/\/guineediversite.com\/index.php\/2021\/03\/19\/guerre-des-mots-entre-chine-et-etats-unis-pour-le-premier-face-a-face-de-lere-biden\/\"},\"wordCount\":651,\"publisher\":{\"@id\":\"https:\/\/guineediversite.com\/#organization\"},\"image\":{\"@id\":\"https:\/\/guineediversite.com\/index.php\/2021\/03\/19\/guerre-des-mots-entre-chine-et-etats-unis-pour-le-premier-face-a-face-de-lere-biden\/#primaryimage\"},\"thumbnailUrl\":\"https:\/\/guineediversite.com\/wp-content\/uploads\/2021\/03\/Guerre-des-mots-entre-Chine-et-Etats-Unis-pour-le-premier-face-a-face-de-lere-Biden.jpg\",\"articleSection\":[\"International\"],\"inLanguage\":\"fr-FR\"},{\"@type\":\"WebPage\",\"@id\":\"https:\/\/guineediversite.com\/index.php\/2021\/03\/19\/guerre-des-mots-entre-chine-et-etats-unis-pour-le-premier-face-a-face-de-lere-biden\/\",\"url\":\"https:\/\/guineediversite.com\/index.php\/2021\/03\/19\/guerre-des-mots-entre-chine-et-etats-unis-pour-le-premier-face-a-face-de-lere-biden\/\",\"name\":\"Guerre des mots entre Chine et \u00c9tats-Unis pour le premier face-\u00e0-face de l'\u00e8re Biden | Guin\u00e9e Diversit\u00e9\",\"isPartOf\":{\"@id\":\"https:\/\/guineediversite.com\/#website\"},\"primaryImageOfPage\":{\"@id\":\"https:\/\/guineediversite.com\/index.php\/2021\/03\/19\/guerre-des-mots-entre-chine-et-etats-unis-pour-le-premier-face-a-face-de-lere-biden\/#primaryimage\"},\"image\":{\"@id\":\"https:\/\/guineediversite.com\/index.php\/2021\/03\/19\/guerre-des-mots-entre-chine-et-etats-unis-pour-le-premier-face-a-face-de-lere-biden\/#primaryimage\"},\"thumbnailUrl\":\"https:\/\/guineediversite.com\/wp-content\/uploads\/2021\/03\/Guerre-des-mots-entre-Chine-et-Etats-Unis-pour-le-premier-face-a-face-de-lere-Biden.jpg\",\"datePublished\":\"2021-03-19T10:55:32+00:00\",\"dateModified\":\"2021-03-19T10:55:32+00:00\",\"breadcrumb\":{\"@id\":\"https:\/\/guineediversite.com\/index.php\/2021\/03\/19\/guerre-des-mots-entre-chine-et-etats-unis-pour-le-premier-face-a-face-de-lere-biden\/#breadcrumb\"},\"inLanguage\":\"fr-FR\",\"potentialAction\":[{\"@type\":\"ReadAction\",\"target\":[\"https:\/\/guineediversite.com\/index.php\/2021\/03\/19\/guerre-des-mots-entre-chine-et-etats-unis-pour-le-premier-face-a-face-de-lere-biden\/\"]}]},{\"@type\":\"ImageObject\",\"inLanguage\":\"fr-FR\",\"@id\":\"https:\/\/guineediversite.com\/index.php\/2021\/03\/19\/guerre-des-mots-entre-chine-et-etats-unis-pour-le-premier-face-a-face-de-lere-biden\/#primaryimage\",\"url\":\"https:\/\/guineediversite.com\/wp-content\/uploads\/2021\/03\/Guerre-des-mots-entre-Chine-et-Etats-Unis-pour-le-premier-face-a-face-de-lere-Biden.jpg\",\"contentUrl\":\"https:\/\/guineediversite.com\/wp-content\/uploads\/2021\/03\/Guerre-des-mots-entre-Chine-et-Etats-Unis-pour-le-premier-face-a-face-de-lere-Biden.jpg\",\"width\":1100,\"height\":616},{\"@type\":\"BreadcrumbList\",\"@id\":\"https:\/\/guineediversite.com\/index.php\/2021\/03\/19\/guerre-des-mots-entre-chine-et-etats-unis-pour-le-premier-face-a-face-de-lere-biden\/#breadcrumb\",\"itemListElement\":[{\"@type\":\"ListItem\",\"position\":1,\"name\":\"Accueil\",\"item\":\"https:\/\/guineediversite.com\/\"},{\"@type\":\"ListItem\",\"position\":2,\"name\":\"Guerre des mots entre Chine et \u00c9tats-Unis pour le premier face-\u00e0-face de l&rsquo;\u00e8re Biden\"}]},{\"@type\":\"WebSite\",\"@id\":\"https:\/\/guineediversite.com\/#website\",\"url\":\"https:\/\/guineediversite.com\/\",\"name\":\"Guin\u00e9e Diversit\u00e9\",\"description\":\"L&#039;Info dans toute sa diversit\u00e9\",\"publisher\":{\"@id\":\"https:\/\/guineediversite.com\/#organization\"},\"potentialAction\":[{\"@type\":\"SearchAction\",\"target\":{\"@type\":\"EntryPoint\",\"urlTemplate\":\"https:\/\/guineediversite.com\/?s={search_term_string}\"},\"query-input\":{\"@type\":\"PropertyValueSpecification\",\"valueRequired\":true,\"valueName\":\"search_term_string\"}}],\"inLanguage\":\"fr-FR\"},{\"@type\":\"Organization\",\"@id\":\"https:\/\/guineediversite.com\/#organization\",\"name\":\"Guin\u00e9e Diversit\u00e9\",\"url\":\"https:\/\/guineediversite.com\/\",\"logo\":{\"@type\":\"ImageObject\",\"inLanguage\":\"fr-FR\",\"@id\":\"https:\/\/guineediversite.com\/#\/schema\/logo\/image\/\",\"url\":\"https:\/\/guineediversite.com\/wp-content\/uploads\/2017\/04\/cropped-1jojlxEOMkX9Wyqfhe43D6kjPOGqBBKmx3EwWJqZ0cMrFF54yM49.png\",\"contentUrl\":\"https:\/\/guineediversite.com\/wp-content\/uploads\/2017\/04\/cropped-1jojlxEOMkX9Wyqfhe43D6kjPOGqBBKmx3EwWJqZ0cMrFF54yM49.png\",\"width\":186,\"height\":112,\"caption\":\"Guin\u00e9e Diversit\u00e9\"},\"image\":{\"@id\":\"https:\/\/guineediversite.com\/#\/schema\/logo\/image\/\"},\"sameAs\":[\"https:\/\/www.facebook.com\/guineediversite\/\",\"https:\/\/x.com\/GuineeDiversite\",\"https:\/\/www.youtube.com\/channel\/UC8sUY16qelG5ge6_D5SB83g\"]},{\"@type\":\"Person\",\"@id\":\"https:\/\/guineediversite.com\/#\/schema\/person\/afa08fb34e7fc6e1feafc892612bc836\",\"name\":\"Guin\u00e9e Diversit\u00e9\",\"image\":{\"@type\":\"ImageObject\",\"inLanguage\":\"fr-FR\",\"@id\":\"https:\/\/guineediversite.com\/#\/schema\/person\/image\/\",\"url\":\"https:\/\/secure.gravatar.com\/avatar\/50d5eb5b390f8b65ac30ac6f898eb83a?s=96&d=mm&r=g\",\"contentUrl\":\"https:\/\/secure.gravatar.com\/avatar\/50d5eb5b390f8b65ac30ac6f898eb83a?s=96&d=mm&r=g\",\"caption\":\"Guin\u00e9e Diversit\u00e9\"},\"url\":\"https:\/\/guineediversite.com\/index.php\/author\/guineediversite\/\"}]}<\/script>\n<!-- \/ Yoast SEO plugin. -->","yoast_head_json":{"title":"Guerre des mots entre Chine et \u00c9tats-Unis pour le premier face-\u00e0-face de l'\u00e8re Biden | Guin\u00e9e Diversit\u00e9","robots":{"index":"index","follow":"follow","max-snippet":"max-snippet:-1","max-image-preview":"max-image-preview:large","max-video-preview":"max-video-preview:-1"},"canonical":"https:\/\/guineediversite.com\/index.php\/2021\/03\/19\/guerre-des-mots-entre-chine-et-etats-unis-pour-le-premier-face-a-face-de-lere-biden\/","og_locale":"fr_FR","og_type":"article","og_title":"Guerre des mots entre Chine et \u00c9tats-Unis pour le premier face-\u00e0-face de l'\u00e8re Biden | Guin\u00e9e Diversit\u00e9","og_description":"C&rsquo;\u00e9tait le premier t\u00eate-\u00e0-t\u00eate de l\u2019\u00e8re Biden entre la Chine et les \u00c9tats-Unis. Une rencontre tendue entre le chef de la diplomatie am\u00e9ricaine, Anthony Blinken, et son homologue chinois, Yang Jiechi, dans la ville d\u2019Anchorage. Ce jeudi 18 mars, d\u00e8s l\u2019ouverture de ce sommet de deux jours en Alaska, P\u00e9kin et Washington ont publiquement \u00e9tal\u00e9 [&hellip;]","og_url":"https:\/\/guineediversite.com\/index.php\/2021\/03\/19\/guerre-des-mots-entre-chine-et-etats-unis-pour-le-premier-face-a-face-de-lere-biden\/","og_site_name":"Guin\u00e9e Diversit\u00e9","article_publisher":"https:\/\/www.facebook.com\/guineediversite\/","article_published_time":"2021-03-19T10:55:32+00:00","og_image":[{"width":1100,"height":616,"url":"https:\/\/guineediversite.com\/wp-content\/uploads\/2021\/03\/Guerre-des-mots-entre-Chine-et-Etats-Unis-pour-le-premier-face-a-face-de-lere-Biden.jpg","type":"image\/jpeg"}],"author":"Guin\u00e9e Diversit\u00e9","twitter_card":"summary_large_image","twitter_creator":"@GuineeDiversite","twitter_site":"@GuineeDiversite","twitter_misc":{"\u00c9crit par":"Guin\u00e9e Diversit\u00e9","Dur\u00e9e de lecture estim\u00e9e":"3 minutes"},"schema":{"@context":"https:\/\/schema.org","@graph":[{"@type":"Article","@id":"https:\/\/guineediversite.com\/index.php\/2021\/03\/19\/guerre-des-mots-entre-chine-et-etats-unis-pour-le-premier-face-a-face-de-lere-biden\/#article","isPartOf":{"@id":"https:\/\/guineediversite.com\/index.php\/2021\/03\/19\/guerre-des-mots-entre-chine-et-etats-unis-pour-le-premier-face-a-face-de-lere-biden\/"},"author":{"name":"Guin\u00e9e Diversit\u00e9","@id":"https:\/\/guineediversite.com\/#\/schema\/person\/afa08fb34e7fc6e1feafc892612bc836"},"headline":"Guerre des mots entre Chine et \u00c9tats-Unis pour le premier face-\u00e0-face de l&rsquo;\u00e8re Biden","datePublished":"2021-03-19T10:55:32+00:00","dateModified":"2021-03-19T10:55:32+00:00","mainEntityOfPage":{"@id":"https:\/\/guineediversite.com\/index.php\/2021\/03\/19\/guerre-des-mots-entre-chine-et-etats-unis-pour-le-premier-face-a-face-de-lere-biden\/"},"wordCount":651,"publisher":{"@id":"https:\/\/guineediversite.com\/#organization"},"image":{"@id":"https:\/\/guineediversite.com\/index.php\/2021\/03\/19\/guerre-des-mots-entre-chine-et-etats-unis-pour-le-premier-face-a-face-de-lere-biden\/#primaryimage"},"thumbnailUrl":"https:\/\/guineediversite.com\/wp-content\/uploads\/2021\/03\/Guerre-des-mots-entre-Chine-et-Etats-Unis-pour-le-premier-face-a-face-de-lere-Biden.jpg","articleSection":["International"],"inLanguage":"fr-FR"},{"@type":"WebPage","@id":"https:\/\/guineediversite.com\/index.php\/2021\/03\/19\/guerre-des-mots-entre-chine-et-etats-unis-pour-le-premier-face-a-face-de-lere-biden\/","url":"https:\/\/guineediversite.com\/index.php\/2021\/03\/19\/guerre-des-mots-entre-chine-et-etats-unis-pour-le-premier-face-a-face-de-lere-biden\/","name":"Guerre des mots entre Chine et \u00c9tats-Unis pour le premier face-\u00e0-face de l'\u00e8re Biden | Guin\u00e9e Diversit\u00e9","isPartOf":{"@id":"https:\/\/guineediversite.com\/#website"},"primaryImageOfPage":{"@id":"https:\/\/guineediversite.com\/index.php\/2021\/03\/19\/guerre-des-mots-entre-chine-et-etats-unis-pour-le-premier-face-a-face-de-lere-biden\/#primaryimage"},"image":{"@id":"https:\/\/guineediversite.com\/index.php\/2021\/03\/19\/guerre-des-mots-entre-chine-et-etats-unis-pour-le-premier-face-a-face-de-lere-biden\/#primaryimage"},"thumbnailUrl":"https:\/\/guineediversite.com\/wp-content\/uploads\/2021\/03\/Guerre-des-mots-entre-Chine-et-Etats-Unis-pour-le-premier-face-a-face-de-lere-Biden.jpg","datePublished":"2021-03-19T10:55:32+00:00","dateModified":"2021-03-19T10:55:32+00:00","breadcrumb":{"@id":"https:\/\/guineediversite.com\/index.php\/2021\/03\/19\/guerre-des-mots-entre-chine-et-etats-unis-pour-le-premier-face-a-face-de-lere-biden\/#breadcrumb"},"inLanguage":"fr-FR","potentialAction":[{"@type":"ReadAction","target":["https:\/\/guineediversite.com\/index.php\/2021\/03\/19\/guerre-des-mots-entre-chine-et-etats-unis-pour-le-premier-face-a-face-de-lere-biden\/"]}]},{"@type":"ImageObject","inLanguage":"fr-FR","@id":"https:\/\/guineediversite.com\/index.php\/2021\/03\/19\/guerre-des-mots-entre-chine-et-etats-unis-pour-le-premier-face-a-face-de-lere-biden\/#primaryimage","url":"https:\/\/guineediversite.com\/wp-content\/uploads\/2021\/03\/Guerre-des-mots-entre-Chine-et-Etats-Unis-pour-le-premier-face-a-face-de-lere-Biden.jpg","contentUrl":"https:\/\/guineediversite.com\/wp-content\/uploads\/2021\/03\/Guerre-des-mots-entre-Chine-et-Etats-Unis-pour-le-premier-face-a-face-de-lere-Biden.jpg","width":1100,"height":616},{"@type":"BreadcrumbList","@id":"https:\/\/guineediversite.com\/index.php\/2021\/03\/19\/guerre-des-mots-entre-chine-et-etats-unis-pour-le-premier-face-a-face-de-lere-biden\/#breadcrumb","itemListElement":[{"@type":"ListItem","position":1,"name":"Accueil","item":"https:\/\/guineediversite.com\/"},{"@type":"ListItem","position":2,"name":"Guerre des mots entre Chine et \u00c9tats-Unis pour le premier face-\u00e0-face de l&rsquo;\u00e8re Biden"}]},{"@type":"WebSite","@id":"https:\/\/guineediversite.com\/#website","url":"https:\/\/guineediversite.com\/","name":"Guin\u00e9e Diversit\u00e9","description":"L&#039;Info dans toute sa diversit\u00e9","publisher":{"@id":"https:\/\/guineediversite.com\/#organization"},"potentialAction":[{"@type":"SearchAction","target":{"@type":"EntryPoint","urlTemplate":"https:\/\/guineediversite.com\/?s={search_term_string}"},"query-input":{"@type":"PropertyValueSpecification","valueRequired":true,"valueName":"search_term_string"}}],"inLanguage":"fr-FR"},{"@type":"Organization","@id":"https:\/\/guineediversite.com\/#organization","name":"Guin\u00e9e Diversit\u00e9","url":"https:\/\/guineediversite.com\/","logo":{"@type":"ImageObject","inLanguage":"fr-FR","@id":"https:\/\/guineediversite.com\/#\/schema\/logo\/image\/","url":"https:\/\/guineediversite.com\/wp-content\/uploads\/2017\/04\/cropped-1jojlxEOMkX9Wyqfhe43D6kjPOGqBBKmx3EwWJqZ0cMrFF54yM49.png","contentUrl":"https:\/\/guineediversite.com\/wp-content\/uploads\/2017\/04\/cropped-1jojlxEOMkX9Wyqfhe43D6kjPOGqBBKmx3EwWJqZ0cMrFF54yM49.png","width":186,"height":112,"caption":"Guin\u00e9e Diversit\u00e9"},"image":{"@id":"https:\/\/guineediversite.com\/#\/schema\/logo\/image\/"},"sameAs":["https:\/\/www.facebook.com\/guineediversite\/","https:\/\/x.com\/GuineeDiversite","https:\/\/www.youtube.com\/channel\/UC8sUY16qelG5ge6_D5SB83g"]},{"@type":"Person","@id":"https:\/\/guineediversite.com\/#\/schema\/person\/afa08fb34e7fc6e1feafc892612bc836","name":"Guin\u00e9e Diversit\u00e9","image":{"@type":"ImageObject","inLanguage":"fr-FR","@id":"https:\/\/guineediversite.com\/#\/schema\/person\/image\/","url":"https:\/\/secure.gravatar.com\/avatar\/50d5eb5b390f8b65ac30ac6f898eb83a?s=96&d=mm&r=g","contentUrl":"https:\/\/secure.gravatar.com\/avatar\/50d5eb5b390f8b65ac30ac6f898eb83a?s=96&d=mm&r=g","caption":"Guin\u00e9e Diversit\u00e9"},"url":"https:\/\/guineediversite.com\/index.php\/author\/guineediversite\/"}]}},"_links":{"self":[{"href":"https:\/\/guineediversite.com\/index.php\/wp-json\/wp\/v2\/posts\/31041"}],"collection":[{"href":"https:\/\/guineediversite.com\/index.php\/wp-json\/wp\/v2\/posts"}],"about":[{"href":"https:\/\/guineediversite.com\/index.php\/wp-json\/wp\/v2\/types\/post"}],"author":[{"embeddable":true,"href":"https:\/\/guineediversite.com\/index.php\/wp-json\/wp\/v2\/users\/12"}],"replies":[{"embeddable":true,"href":"https:\/\/guineediversite.com\/index.php\/wp-json\/wp\/v2\/comments?post=31041"}],"version-history":[{"count":1,"href":"https:\/\/guineediversite.com\/index.php\/wp-json\/wp\/v2\/posts\/31041\/revisions"}],"predecessor-version":[{"id":31043,"href":"https:\/\/guineediversite.com\/index.php\/wp-json\/wp\/v2\/posts\/31041\/revisions\/31043"}],"wp:featuredmedia":[{"embeddable":true,"href":"https:\/\/guineediversite.com\/index.php\/wp-json\/wp\/v2\/media\/31042"}],"wp:attachment":[{"href":"https:\/\/guineediversite.com\/index.php\/wp-json\/wp\/v2\/media?parent=31041"}],"wp:term":[{"taxonomy":"category","embeddable":true,"href":"https:\/\/guineediversite.com\/index.php\/wp-json\/wp\/v2\/categories?post=31041"},{"taxonomy":"post_tag","embeddable":true,"href":"https:\/\/guineediversite.com\/index.php\/wp-json\/wp\/v2\/tags?post=31041"}],"curies":[{"name":"wp","href":"https:\/\/api.w.org\/{rel}","templated":true}]}}