{"id":31039,"date":"2021-03-18T11:46:08","date_gmt":"2021-03-18T10:46:08","guid":{"rendered":"https:\/\/guineediversite.com\/?p=31039"},"modified":"2021-03-18T11:46:08","modified_gmt":"2021-03-18T10:46:08","slug":"elie-kamano-met-de-la-javel-sur-ces-propos-a-legard-de-cellou-dallein-diallo","status":"publish","type":"post","link":"https:\/\/guineediversite.com\/index.php\/2021\/03\/18\/elie-kamano-met-de-la-javel-sur-ces-propos-a-legard-de-cellou-dallein-diallo\/","title":{"rendered":"Elie Kamano met de la javel sur ces propos \u00e0 l\u2019\u00e9gard de Cellou Dallein Diallo"},"content":{"rendered":"<p>L\u2019artiste \u00c9lie Kamano reggaeman avait dans un poste sa page Facebook, critiqu\u00e9 le leader de l\u2019UFDG qui avait \u00e9t\u00e9 empech\u00e9 de voyager \u00e0 l\u2019a\u00e9roport. Ce mercredi dans l\u2019\u00e9mission Africa 2015 de la radio nostalgie Guin\u00e9e, il (\u00c9lie Kamano Ndlr) s\u2019est justifi\u00e9 par rapport \u00e0 sa publication. Il s\u2019est en premi\u00e8re ligne prononc\u00e9 sur les faits.<\/p>\n<p>\u00ab\u00a0<em>Aucune assignation ne lui a \u00e9t\u00e9 faite jusqu\u2019\u00e0 hier \u00e0 ce que je sache. Je ne pense pas que si Cellou savait qu\u2019il lui \u00e9tait interdit de voyager, il allait oser quitter le pays comme cela au risque de se faire humilier.\u00a0 Mais jusqu\u2019\u00e0 hier, rien ne lui avait \u00e9t\u00e9 notifi\u00e9 qu\u2019il ne devrait pas quitter le pays, voil\u00e0 ce qui m\u2019a \u00e9nerv\u00e9, car \u00e9tant dans un pays de droit ou qui se dit Etat de droit, qu\u2019on interdise \u00e0 un citoyen, m\u00eame pas \u00e0 un leader de politique de voyager surtout qu\u2019il avait gravi les formalit\u00e9s et qu\u2019on lui demande de descendre de l\u2019avion parce qu\u2019il est\u00a0 tout simplement Cellou Dalein Diallo sans lui notifier aucune assignation en justice, \u00e0 sa place j\u2019aurais laiss\u00e9 ma vie c\u2019est clair<\/em>\u00a0\u00bb, explique-t-il.<\/p>\n<p>Et poursuivre\u00a0: \u00ab\u00a0 <em>Ce que j\u2019ai dit je ne l\u2019ai pas dit contre Cellou. Peut-\u00eatre la partie o\u00f9 j\u2019ai dit que Cellou n\u2019est pas un politicien.\u00a0 Mettez-vous un peu dans la peau si c\u2019\u00e9tait Elie Kamano qui \u00e9tait dans l\u2019avion et qui avait refus\u00e9 de descendre.\u00a0 Imaginez les cons\u00e9quences qui allaient d\u00e9couler parce que son droit et sa libert\u00e9 avaient \u00e9t\u00e9 confisqu\u00e9s.\u00a0 Ce que je voudrais dire aux uns et aux autres aucun leader politique ou pr\u00e9sident ne peut acc\u00e9der au pouvoir sans passer par ses \u00e9tapes. Sous Lansana Cont\u00e9, on a vu ici la fa\u00e7on dont\u00a0 Alpha Cond\u00e9 \u00e9t\u00e9 arr\u00eat\u00e9, menott\u00e9 , humili\u00e9 et habill\u00e9. \u00a0Cellou lui est accus\u00e9 de quoi\u00a0?<\/em>\u00a0\u00bb.<\/p>\n","protected":false},"excerpt":{"rendered":"<p>L\u2019artiste \u00c9lie Kamano reggaeman avait dans un poste sa page Facebook, critiqu\u00e9 le leader de l\u2019UFDG qui avait \u00e9t\u00e9 empech\u00e9 de voyager \u00e0 l\u2019a\u00e9roport. Ce mercredi dans l\u2019\u00e9mission Africa 2015 de la radio nostalgie Guin\u00e9e, il (\u00c9lie Kamano Ndlr) s\u2019est justifi\u00e9 par rapport \u00e0 sa publication. Il s\u2019est en premi\u00e8re ligne prononc\u00e9 sur les faits. [&hellip;]<\/p>\n","protected":false},"author":12,"featured_media":31029,"comment_status":"closed","ping_status":"open","sticky":false,"template":"","format":"standard","meta":{"_exactmetrics_skip_tracking":false,"_exactmetrics_sitenote_active":false,"_exactmetrics_sitenote_note":"","_exactmetrics_sitenote_category":0,"tdm_status":"","tdm_grid_status":"","footnotes":""},"categories":[254,14],"tags":[],"class_list":{"0":"post-31039","1":"post","2":"type-post","3":"status-publish","4":"format-standard","5":"has-post-thumbnail","7":"category-derniere-minute","8":"category-politique"},"yoast_head":"<!-- This site is optimized with the Yoast SEO plugin v24.2 - https:\/\/yoast.com\/wordpress\/plugins\/seo\/ -->\n<title>Elie Kamano met de la javel sur ces propos \u00e0 l\u2019\u00e9gard de Cellou Dallein Diallo | Guin\u00e9e Diversit\u00e9<\/title>\n<meta name=\"robots\" content=\"index, follow, max-snippet:-1, max-image-preview:large, max-video-preview:-1\" \/>\n<link rel=\"canonical\" href=\"https:\/\/guineediversite.com\/index.php\/2021\/03\/18\/elie-kamano-met-de-la-javel-sur-ces-propos-a-legard-de-cellou-dallein-diallo\/\" \/>\n<meta property=\"og:locale\" content=\"fr_FR\" \/>\n<meta property=\"og:type\" content=\"article\" \/>\n<meta property=\"og:title\" content=\"Elie Kamano met de la javel sur ces propos \u00e0 l\u2019\u00e9gard de Cellou Dallein Diallo | Guin\u00e9e Diversit\u00e9\" \/>\n<meta property=\"og:description\" content=\"L\u2019artiste \u00c9lie Kamano reggaeman avait dans un poste sa page Facebook, critiqu\u00e9 le leader de l\u2019UFDG qui avait \u00e9t\u00e9 empech\u00e9 de voyager \u00e0 l\u2019a\u00e9roport. Ce mercredi dans l\u2019\u00e9mission Africa 2015 de la radio nostalgie Guin\u00e9e, il (\u00c9lie Kamano Ndlr) s\u2019est justifi\u00e9 par rapport \u00e0 sa publication. Il s\u2019est en premi\u00e8re ligne prononc\u00e9 sur les faits. [&hellip;]\" \/>\n<meta property=\"og:url\" content=\"https:\/\/guineediversite.com\/index.php\/2021\/03\/18\/elie-kamano-met-de-la-javel-sur-ces-propos-a-legard-de-cellou-dallein-diallo\/\" \/>\n<meta property=\"og:site_name\" content=\"Guin\u00e9e Diversit\u00e9\" \/>\n<meta property=\"article:publisher\" content=\"https:\/\/www.facebook.com\/guineediversite\/\" \/>\n<meta property=\"article:published_time\" content=\"2021-03-18T10:46:08+00:00\" \/>\n<meta property=\"og:image\" content=\"https:\/\/guineediversite.com\/wp-content\/uploads\/2021\/03\/ELIE-KAMANO.jpg\" \/>\n\t<meta property=\"og:image:width\" content=\"1125\" \/>\n\t<meta property=\"og:image:height\" content=\"1500\" \/>\n\t<meta property=\"og:image:type\" content=\"image\/jpeg\" \/>\n<meta name=\"author\" content=\"Guin\u00e9e Diversit\u00e9\" \/>\n<meta name=\"twitter:card\" content=\"summary_large_image\" \/>\n<meta name=\"twitter:creator\" content=\"@GuineeDiversite\" \/>\n<meta name=\"twitter:site\" content=\"@GuineeDiversite\" \/>\n<meta name=\"twitter:label1\" content=\"\u00c9crit par\" \/>\n\t<meta name=\"twitter:data1\" content=\"Guin\u00e9e Diversit\u00e9\" \/>\n\t<meta name=\"twitter:label2\" content=\"Dur\u00e9e de lecture estim\u00e9e\" \/>\n\t<meta name=\"twitter:data2\" content=\"2 minutes\" \/>\n<script type=\"application\/ld+json\" class=\"yoast-schema-graph\">{\"@context\":\"https:\/\/schema.org\",\"@graph\":[{\"@type\":\"Article\",\"@id\":\"https:\/\/guineediversite.com\/index.php\/2021\/03\/18\/elie-kamano-met-de-la-javel-sur-ces-propos-a-legard-de-cellou-dallein-diallo\/#article\",\"isPartOf\":{\"@id\":\"https:\/\/guineediversite.com\/index.php\/2021\/03\/18\/elie-kamano-met-de-la-javel-sur-ces-propos-a-legard-de-cellou-dallein-diallo\/\"},\"author\":{\"name\":\"Guin\u00e9e Diversit\u00e9\",\"@id\":\"https:\/\/guineediversite.com\/#\/schema\/person\/afa08fb34e7fc6e1feafc892612bc836\"},\"headline\":\"Elie Kamano met de la javel sur ces propos \u00e0 l\u2019\u00e9gard de Cellou Dallein Diallo\",\"datePublished\":\"2021-03-18T10:46:08+00:00\",\"dateModified\":\"2021-03-18T10:46:08+00:00\",\"mainEntityOfPage\":{\"@id\":\"https:\/\/guineediversite.com\/index.php\/2021\/03\/18\/elie-kamano-met-de-la-javel-sur-ces-propos-a-legard-de-cellou-dallein-diallo\/\"},\"wordCount\":338,\"publisher\":{\"@id\":\"https:\/\/guineediversite.com\/#organization\"},\"image\":{\"@id\":\"https:\/\/guineediversite.com\/index.php\/2021\/03\/18\/elie-kamano-met-de-la-javel-sur-ces-propos-a-legard-de-cellou-dallein-diallo\/#primaryimage\"},\"thumbnailUrl\":\"https:\/\/guineediversite.com\/wp-content\/uploads\/2021\/03\/ELIE-KAMANO.jpg\",\"articleSection\":[\"Derni\u00e8re minute\",\"Politique\"],\"inLanguage\":\"fr-FR\"},{\"@type\":\"WebPage\",\"@id\":\"https:\/\/guineediversite.com\/index.php\/2021\/03\/18\/elie-kamano-met-de-la-javel-sur-ces-propos-a-legard-de-cellou-dallein-diallo\/\",\"url\":\"https:\/\/guineediversite.com\/index.php\/2021\/03\/18\/elie-kamano-met-de-la-javel-sur-ces-propos-a-legard-de-cellou-dallein-diallo\/\",\"name\":\"Elie Kamano met de la javel sur ces propos \u00e0 l\u2019\u00e9gard de Cellou Dallein Diallo | Guin\u00e9e Diversit\u00e9\",\"isPartOf\":{\"@id\":\"https:\/\/guineediversite.com\/#website\"},\"primaryImageOfPage\":{\"@id\":\"https:\/\/guineediversite.com\/index.php\/2021\/03\/18\/elie-kamano-met-de-la-javel-sur-ces-propos-a-legard-de-cellou-dallein-diallo\/#primaryimage\"},\"image\":{\"@id\":\"https:\/\/guineediversite.com\/index.php\/2021\/03\/18\/elie-kamano-met-de-la-javel-sur-ces-propos-a-legard-de-cellou-dallein-diallo\/#primaryimage\"},\"thumbnailUrl\":\"https:\/\/guineediversite.com\/wp-content\/uploads\/2021\/03\/ELIE-KAMANO.jpg\",\"datePublished\":\"2021-03-18T10:46:08+00:00\",\"dateModified\":\"2021-03-18T10:46:08+00:00\",\"breadcrumb\":{\"@id\":\"https:\/\/guineediversite.com\/index.php\/2021\/03\/18\/elie-kamano-met-de-la-javel-sur-ces-propos-a-legard-de-cellou-dallein-diallo\/#breadcrumb\"},\"inLanguage\":\"fr-FR\",\"potentialAction\":[{\"@type\":\"ReadAction\",\"target\":[\"https:\/\/guineediversite.com\/index.php\/2021\/03\/18\/elie-kamano-met-de-la-javel-sur-ces-propos-a-legard-de-cellou-dallein-diallo\/\"]}]},{\"@type\":\"ImageObject\",\"inLanguage\":\"fr-FR\",\"@id\":\"https:\/\/guineediversite.com\/index.php\/2021\/03\/18\/elie-kamano-met-de-la-javel-sur-ces-propos-a-legard-de-cellou-dallein-diallo\/#primaryimage\",\"url\":\"https:\/\/guineediversite.com\/wp-content\/uploads\/2021\/03\/ELIE-KAMANO.jpg\",\"contentUrl\":\"https:\/\/guineediversite.com\/wp-content\/uploads\/2021\/03\/ELIE-KAMANO.jpg\",\"width\":1125,\"height\":1500},{\"@type\":\"BreadcrumbList\",\"@id\":\"https:\/\/guineediversite.com\/index.php\/2021\/03\/18\/elie-kamano-met-de-la-javel-sur-ces-propos-a-legard-de-cellou-dallein-diallo\/#breadcrumb\",\"itemListElement\":[{\"@type\":\"ListItem\",\"position\":1,\"name\":\"Accueil\",\"item\":\"https:\/\/guineediversite.com\/\"},{\"@type\":\"ListItem\",\"position\":2,\"name\":\"Elie Kamano met de la javel sur ces propos \u00e0 l\u2019\u00e9gard de Cellou Dallein Diallo\"}]},{\"@type\":\"WebSite\",\"@id\":\"https:\/\/guineediversite.com\/#website\",\"url\":\"https:\/\/guineediversite.com\/\",\"name\":\"Guin\u00e9e Diversit\u00e9\",\"description\":\"L&#039;Info dans toute sa diversit\u00e9\",\"publisher\":{\"@id\":\"https:\/\/guineediversite.com\/#organization\"},\"potentialAction\":[{\"@type\":\"SearchAction\",\"target\":{\"@type\":\"EntryPoint\",\"urlTemplate\":\"https:\/\/guineediversite.com\/?s={search_term_string}\"},\"query-input\":{\"@type\":\"PropertyValueSpecification\",\"valueRequired\":true,\"valueName\":\"search_term_string\"}}],\"inLanguage\":\"fr-FR\"},{\"@type\":\"Organization\",\"@id\":\"https:\/\/guineediversite.com\/#organization\",\"name\":\"Guin\u00e9e Diversit\u00e9\",\"url\":\"https:\/\/guineediversite.com\/\",\"logo\":{\"@type\":\"ImageObject\",\"inLanguage\":\"fr-FR\",\"@id\":\"https:\/\/guineediversite.com\/#\/schema\/logo\/image\/\",\"url\":\"https:\/\/guineediversite.com\/wp-content\/uploads\/2017\/04\/cropped-1jojlxEOMkX9Wyqfhe43D6kjPOGqBBKmx3EwWJqZ0cMrFF54yM49.png\",\"contentUrl\":\"https:\/\/guineediversite.com\/wp-content\/uploads\/2017\/04\/cropped-1jojlxEOMkX9Wyqfhe43D6kjPOGqBBKmx3EwWJqZ0cMrFF54yM49.png\",\"width\":186,\"height\":112,\"caption\":\"Guin\u00e9e Diversit\u00e9\"},\"image\":{\"@id\":\"https:\/\/guineediversite.com\/#\/schema\/logo\/image\/\"},\"sameAs\":[\"https:\/\/www.facebook.com\/guineediversite\/\",\"https:\/\/x.com\/GuineeDiversite\",\"https:\/\/www.youtube.com\/channel\/UC8sUY16qelG5ge6_D5SB83g\"]},{\"@type\":\"Person\",\"@id\":\"https:\/\/guineediversite.com\/#\/schema\/person\/afa08fb34e7fc6e1feafc892612bc836\",\"name\":\"Guin\u00e9e Diversit\u00e9\",\"image\":{\"@type\":\"ImageObject\",\"inLanguage\":\"fr-FR\",\"@id\":\"https:\/\/guineediversite.com\/#\/schema\/person\/image\/\",\"url\":\"https:\/\/secure.gravatar.com\/avatar\/50d5eb5b390f8b65ac30ac6f898eb83a?s=96&d=mm&r=g\",\"contentUrl\":\"https:\/\/secure.gravatar.com\/avatar\/50d5eb5b390f8b65ac30ac6f898eb83a?s=96&d=mm&r=g\",\"caption\":\"Guin\u00e9e Diversit\u00e9\"},\"url\":\"https:\/\/guineediversite.com\/index.php\/author\/guineediversite\/\"}]}<\/script>\n<!-- \/ Yoast SEO plugin. -->","yoast_head_json":{"title":"Elie Kamano met de la javel sur ces propos \u00e0 l\u2019\u00e9gard de Cellou Dallein Diallo | Guin\u00e9e Diversit\u00e9","robots":{"index":"index","follow":"follow","max-snippet":"max-snippet:-1","max-image-preview":"max-image-preview:large","max-video-preview":"max-video-preview:-1"},"canonical":"https:\/\/guineediversite.com\/index.php\/2021\/03\/18\/elie-kamano-met-de-la-javel-sur-ces-propos-a-legard-de-cellou-dallein-diallo\/","og_locale":"fr_FR","og_type":"article","og_title":"Elie Kamano met de la javel sur ces propos \u00e0 l\u2019\u00e9gard de Cellou Dallein Diallo | Guin\u00e9e Diversit\u00e9","og_description":"L\u2019artiste \u00c9lie Kamano reggaeman avait dans un poste sa page Facebook, critiqu\u00e9 le leader de l\u2019UFDG qui avait \u00e9t\u00e9 empech\u00e9 de voyager \u00e0 l\u2019a\u00e9roport. Ce mercredi dans l\u2019\u00e9mission Africa 2015 de la radio nostalgie Guin\u00e9e, il (\u00c9lie Kamano Ndlr) s\u2019est justifi\u00e9 par rapport \u00e0 sa publication. Il s\u2019est en premi\u00e8re ligne prononc\u00e9 sur les faits. [&hellip;]","og_url":"https:\/\/guineediversite.com\/index.php\/2021\/03\/18\/elie-kamano-met-de-la-javel-sur-ces-propos-a-legard-de-cellou-dallein-diallo\/","og_site_name":"Guin\u00e9e Diversit\u00e9","article_publisher":"https:\/\/www.facebook.com\/guineediversite\/","article_published_time":"2021-03-18T10:46:08+00:00","og_image":[{"width":1125,"height":1500,"url":"https:\/\/guineediversite.com\/wp-content\/uploads\/2021\/03\/ELIE-KAMANO.jpg","type":"image\/jpeg"}],"author":"Guin\u00e9e Diversit\u00e9","twitter_card":"summary_large_image","twitter_creator":"@GuineeDiversite","twitter_site":"@GuineeDiversite","twitter_misc":{"\u00c9crit par":"Guin\u00e9e Diversit\u00e9","Dur\u00e9e de lecture estim\u00e9e":"2 minutes"},"schema":{"@context":"https:\/\/schema.org","@graph":[{"@type":"Article","@id":"https:\/\/guineediversite.com\/index.php\/2021\/03\/18\/elie-kamano-met-de-la-javel-sur-ces-propos-a-legard-de-cellou-dallein-diallo\/#article","isPartOf":{"@id":"https:\/\/guineediversite.com\/index.php\/2021\/03\/18\/elie-kamano-met-de-la-javel-sur-ces-propos-a-legard-de-cellou-dallein-diallo\/"},"author":{"name":"Guin\u00e9e Diversit\u00e9","@id":"https:\/\/guineediversite.com\/#\/schema\/person\/afa08fb34e7fc6e1feafc892612bc836"},"headline":"Elie Kamano met de la javel sur ces propos \u00e0 l\u2019\u00e9gard de Cellou Dallein Diallo","datePublished":"2021-03-18T10:46:08+00:00","dateModified":"2021-03-18T10:46:08+00:00","mainEntityOfPage":{"@id":"https:\/\/guineediversite.com\/index.php\/2021\/03\/18\/elie-kamano-met-de-la-javel-sur-ces-propos-a-legard-de-cellou-dallein-diallo\/"},"wordCount":338,"publisher":{"@id":"https:\/\/guineediversite.com\/#organization"},"image":{"@id":"https:\/\/guineediversite.com\/index.php\/2021\/03\/18\/elie-kamano-met-de-la-javel-sur-ces-propos-a-legard-de-cellou-dallein-diallo\/#primaryimage"},"thumbnailUrl":"https:\/\/guineediversite.com\/wp-content\/uploads\/2021\/03\/ELIE-KAMANO.jpg","articleSection":["Derni\u00e8re minute","Politique"],"inLanguage":"fr-FR"},{"@type":"WebPage","@id":"https:\/\/guineediversite.com\/index.php\/2021\/03\/18\/elie-kamano-met-de-la-javel-sur-ces-propos-a-legard-de-cellou-dallein-diallo\/","url":"https:\/\/guineediversite.com\/index.php\/2021\/03\/18\/elie-kamano-met-de-la-javel-sur-ces-propos-a-legard-de-cellou-dallein-diallo\/","name":"Elie Kamano met de la javel sur ces propos \u00e0 l\u2019\u00e9gard de Cellou Dallein Diallo | Guin\u00e9e Diversit\u00e9","isPartOf":{"@id":"https:\/\/guineediversite.com\/#website"},"primaryImageOfPage":{"@id":"https:\/\/guineediversite.com\/index.php\/2021\/03\/18\/elie-kamano-met-de-la-javel-sur-ces-propos-a-legard-de-cellou-dallein-diallo\/#primaryimage"},"image":{"@id":"https:\/\/guineediversite.com\/index.php\/2021\/03\/18\/elie-kamano-met-de-la-javel-sur-ces-propos-a-legard-de-cellou-dallein-diallo\/#primaryimage"},"thumbnailUrl":"https:\/\/guineediversite.com\/wp-content\/uploads\/2021\/03\/ELIE-KAMANO.jpg","datePublished":"2021-03-18T10:46:08+00:00","dateModified":"2021-03-18T10:46:08+00:00","breadcrumb":{"@id":"https:\/\/guineediversite.com\/index.php\/2021\/03\/18\/elie-kamano-met-de-la-javel-sur-ces-propos-a-legard-de-cellou-dallein-diallo\/#breadcrumb"},"inLanguage":"fr-FR","potentialAction":[{"@type":"ReadAction","target":["https:\/\/guineediversite.com\/index.php\/2021\/03\/18\/elie-kamano-met-de-la-javel-sur-ces-propos-a-legard-de-cellou-dallein-diallo\/"]}]},{"@type":"ImageObject","inLanguage":"fr-FR","@id":"https:\/\/guineediversite.com\/index.php\/2021\/03\/18\/elie-kamano-met-de-la-javel-sur-ces-propos-a-legard-de-cellou-dallein-diallo\/#primaryimage","url":"https:\/\/guineediversite.com\/wp-content\/uploads\/2021\/03\/ELIE-KAMANO.jpg","contentUrl":"https:\/\/guineediversite.com\/wp-content\/uploads\/2021\/03\/ELIE-KAMANO.jpg","width":1125,"height":1500},{"@type":"BreadcrumbList","@id":"https:\/\/guineediversite.com\/index.php\/2021\/03\/18\/elie-kamano-met-de-la-javel-sur-ces-propos-a-legard-de-cellou-dallein-diallo\/#breadcrumb","itemListElement":[{"@type":"ListItem","position":1,"name":"Accueil","item":"https:\/\/guineediversite.com\/"},{"@type":"ListItem","position":2,"name":"Elie Kamano met de la javel sur ces propos \u00e0 l\u2019\u00e9gard de Cellou Dallein Diallo"}]},{"@type":"WebSite","@id":"https:\/\/guineediversite.com\/#website","url":"https:\/\/guineediversite.com\/","name":"Guin\u00e9e Diversit\u00e9","description":"L&#039;Info dans toute sa diversit\u00e9","publisher":{"@id":"https:\/\/guineediversite.com\/#organization"},"potentialAction":[{"@type":"SearchAction","target":{"@type":"EntryPoint","urlTemplate":"https:\/\/guineediversite.com\/?s={search_term_string}"},"query-input":{"@type":"PropertyValueSpecification","valueRequired":true,"valueName":"search_term_string"}}],"inLanguage":"fr-FR"},{"@type":"Organization","@id":"https:\/\/guineediversite.com\/#organization","name":"Guin\u00e9e Diversit\u00e9","url":"https:\/\/guineediversite.com\/","logo":{"@type":"ImageObject","inLanguage":"fr-FR","@id":"https:\/\/guineediversite.com\/#\/schema\/logo\/image\/","url":"https:\/\/guineediversite.com\/wp-content\/uploads\/2017\/04\/cropped-1jojlxEOMkX9Wyqfhe43D6kjPOGqBBKmx3EwWJqZ0cMrFF54yM49.png","contentUrl":"https:\/\/guineediversite.com\/wp-content\/uploads\/2017\/04\/cropped-1jojlxEOMkX9Wyqfhe43D6kjPOGqBBKmx3EwWJqZ0cMrFF54yM49.png","width":186,"height":112,"caption":"Guin\u00e9e Diversit\u00e9"},"image":{"@id":"https:\/\/guineediversite.com\/#\/schema\/logo\/image\/"},"sameAs":["https:\/\/www.facebook.com\/guineediversite\/","https:\/\/x.com\/GuineeDiversite","https:\/\/www.youtube.com\/channel\/UC8sUY16qelG5ge6_D5SB83g"]},{"@type":"Person","@id":"https:\/\/guineediversite.com\/#\/schema\/person\/afa08fb34e7fc6e1feafc892612bc836","name":"Guin\u00e9e Diversit\u00e9","image":{"@type":"ImageObject","inLanguage":"fr-FR","@id":"https:\/\/guineediversite.com\/#\/schema\/person\/image\/","url":"https:\/\/secure.gravatar.com\/avatar\/50d5eb5b390f8b65ac30ac6f898eb83a?s=96&d=mm&r=g","contentUrl":"https:\/\/secure.gravatar.com\/avatar\/50d5eb5b390f8b65ac30ac6f898eb83a?s=96&d=mm&r=g","caption":"Guin\u00e9e Diversit\u00e9"},"url":"https:\/\/guineediversite.com\/index.php\/author\/guineediversite\/"}]}},"_links":{"self":[{"href":"https:\/\/guineediversite.com\/index.php\/wp-json\/wp\/v2\/posts\/31039"}],"collection":[{"href":"https:\/\/guineediversite.com\/index.php\/wp-json\/wp\/v2\/posts"}],"about":[{"href":"https:\/\/guineediversite.com\/index.php\/wp-json\/wp\/v2\/types\/post"}],"author":[{"embeddable":true,"href":"https:\/\/guineediversite.com\/index.php\/wp-json\/wp\/v2\/users\/12"}],"replies":[{"embeddable":true,"href":"https:\/\/guineediversite.com\/index.php\/wp-json\/wp\/v2\/comments?post=31039"}],"version-history":[{"count":1,"href":"https:\/\/guineediversite.com\/index.php\/wp-json\/wp\/v2\/posts\/31039\/revisions"}],"predecessor-version":[{"id":31040,"href":"https:\/\/guineediversite.com\/index.php\/wp-json\/wp\/v2\/posts\/31039\/revisions\/31040"}],"wp:featuredmedia":[{"embeddable":true,"href":"https:\/\/guineediversite.com\/index.php\/wp-json\/wp\/v2\/media\/31029"}],"wp:attachment":[{"href":"https:\/\/guineediversite.com\/index.php\/wp-json\/wp\/v2\/media?parent=31039"}],"wp:term":[{"taxonomy":"category","embeddable":true,"href":"https:\/\/guineediversite.com\/index.php\/wp-json\/wp\/v2\/categories?post=31039"},{"taxonomy":"post_tag","embeddable":true,"href":"https:\/\/guineediversite.com\/index.php\/wp-json\/wp\/v2\/tags?post=31039"}],"curies":[{"name":"wp","href":"https:\/\/api.w.org\/{rel}","templated":true}]}}