{"id":31037,"date":"2021-03-18T11:27:59","date_gmt":"2021-03-18T10:27:59","guid":{"rendered":"https:\/\/guineediversite.com\/?p=31037"},"modified":"2021-03-18T11:27:59","modified_gmt":"2021-03-18T10:27:59","slug":"senegal-laccusatrice-dousmane-sonko-sort-de-son-silence-et-maintient-ses-declarations","status":"publish","type":"post","link":"https:\/\/guineediversite.com\/index.php\/2021\/03\/18\/senegal-laccusatrice-dousmane-sonko-sort-de-son-silence-et-maintient-ses-declarations\/","title":{"rendered":"S\u00e9n\u00e9gal: l\u2019accusatrice d\u2019Ousmane Sonko sort de son silence et maintient ses d\u00e9clarations"},"content":{"rendered":"<p>Adji Sarr, qui accuse Ousmane Sonko de viol, s\u2019est exprim\u00e9e ce mercredi soir 17 mars devant quelques m\u00e9dias s\u00e9lectionn\u00e9s. La jeune femme, qui travaillait dans un salon de massage de Dakar, affirme publiquement que l\u2019opposant s\u00e9n\u00e9galais l\u2019aurait contrainte \u00e0 des rapports sexuels r\u00e9p\u00e9t\u00e9s. Ousmane Sonko a \u00e9t\u00e9 inculp\u00e9 et plac\u00e9 sous contr\u00f4le judiciaire dans cette proc\u00e9dure. Une affaire qui a \u00e9t\u00e9 le d\u00e9clencheur de manifestations violentes dans le pays. Dans sa d\u00e9claration, la plaignante nie la th\u00e8se du complot.<\/p>\n<p>Elle \u00e9tait rest\u00e9e silencieuse depuis sa plainte contre Ousmane Sonko d\u00e9pos\u00e9e \u00e0 la gendarmerie d\u00e9but f\u00e9vrier. Dans cette longue d\u00e9claration en wolof, Adji Sarr r\u00e9it\u00e8re ses accusations de \u00ab\u00a0<em>viol avec menaces<\/em>\u00a0\u00bb contre l\u2019opposant. Elle raconte en d\u00e9tail ses visites au salon de massage.<\/p>\n<p>\u00ab\u00a0<em>S\u2019il n\u2019a jamais eu aucun de rapport sexuel avec moi, il n\u2019a qu\u2019\u00e0 jurer sur le Saint Coran<\/em>\u00a0\u00bb, dit-elle. Si c\u2019est le cas, la jeune femme se dit pr\u00eate \u00e0 retirer sa plainte. Ousmane Sonko avait reconnu avoir fr\u00e9quent\u00e9 ce salon de massage \u00ab\u00a0<em>pour des probl\u00e8mes de dos<\/em>\u00a0\u00bb, mais d\u00e9nonce un complot pour freiner ses ambitions politiques.<\/p>\n<p>\u00ab\u00a0<em>Dire la v\u00e9rit\u00e9 enfin<\/em>\u00a0\u00bb<\/p>\n<p>Selon Me El Hadj Diouf, l\u2019un des avocats de la plaignante, il \u00e9tait temps pour elle de donner sa version des faits\u00a0: \u00ab\u00a0<em>Comme Sonko a fait plusieurs points de presse pour parler de l\u2019affaire, elle sort pour r\u00e9pondre. Avec tout ce qui s\u2019est dit, si bien \u00e0 l\u2019Assembl\u00e9e nationale, au niveau des partis politiques qui ont soutenu Sonko, sans savoir ce qui se passe r\u00e9ellement, c\u2019est elle qui attendait que tous ces mensonges passent pour venir dire la v\u00e9rit\u00e9 enfin<\/em>.\u00a0\u00bb<\/p>\n<p>Une d\u00e9claration organis\u00e9e discr\u00e8tement, \u00ab\u00a0<em>pour des raisons de s\u00e9curit\u00e9\u00a0<\/em>\u00bb, explique Me El Hadj Diouf. Son autre avocat, Me Abdou Dialy Kane, souligne simplement que l\u2019instruction est en cours. Aucune date n\u2019a \u00e9t\u00e9 annonc\u00e9e pour de nouvelles convocations dans cette affaire.<\/p>\n<p><strong>RFI<\/strong><\/p>\n","protected":false},"excerpt":{"rendered":"<p>Adji Sarr, qui accuse Ousmane Sonko de viol, s\u2019est exprim\u00e9e ce mercredi soir 17 mars devant quelques m\u00e9dias s\u00e9lectionn\u00e9s. La jeune femme, qui travaillait dans un salon de massage de Dakar, affirme publiquement que l\u2019opposant s\u00e9n\u00e9galais l\u2019aurait contrainte \u00e0 des rapports sexuels r\u00e9p\u00e9t\u00e9s. Ousmane Sonko a \u00e9t\u00e9 inculp\u00e9 et plac\u00e9 sous contr\u00f4le judiciaire dans cette [&hellip;]<\/p>\n","protected":false},"author":12,"featured_media":30887,"comment_status":"closed","ping_status":"open","sticky":false,"template":"","format":"standard","meta":{"_exactmetrics_skip_tracking":false,"_exactmetrics_sitenote_active":false,"_exactmetrics_sitenote_note":"","_exactmetrics_sitenote_category":0,"tdm_status":"","tdm_grid_status":"","footnotes":""},"categories":[21],"tags":[],"class_list":{"0":"post-31037","1":"post","2":"type-post","3":"status-publish","4":"format-standard","5":"has-post-thumbnail","7":"category-international"},"yoast_head":"<!-- This site is optimized with the Yoast SEO plugin v24.2 - https:\/\/yoast.com\/wordpress\/plugins\/seo\/ -->\n<title>S\u00e9n\u00e9gal: l\u2019accusatrice d\u2019Ousmane Sonko sort de son silence et maintient ses d\u00e9clarations | Guin\u00e9e Diversit\u00e9<\/title>\n<meta name=\"robots\" content=\"index, follow, max-snippet:-1, max-image-preview:large, max-video-preview:-1\" \/>\n<link rel=\"canonical\" href=\"https:\/\/guineediversite.com\/index.php\/2021\/03\/18\/senegal-laccusatrice-dousmane-sonko-sort-de-son-silence-et-maintient-ses-declarations\/\" \/>\n<meta property=\"og:locale\" content=\"fr_FR\" \/>\n<meta property=\"og:type\" content=\"article\" \/>\n<meta property=\"og:title\" content=\"S\u00e9n\u00e9gal: l\u2019accusatrice d\u2019Ousmane Sonko sort de son silence et maintient ses d\u00e9clarations | Guin\u00e9e Diversit\u00e9\" \/>\n<meta property=\"og:description\" content=\"Adji Sarr, qui accuse Ousmane Sonko de viol, s\u2019est exprim\u00e9e ce mercredi soir 17 mars devant quelques m\u00e9dias s\u00e9lectionn\u00e9s. La jeune femme, qui travaillait dans un salon de massage de Dakar, affirme publiquement que l\u2019opposant s\u00e9n\u00e9galais l\u2019aurait contrainte \u00e0 des rapports sexuels r\u00e9p\u00e9t\u00e9s. Ousmane Sonko a \u00e9t\u00e9 inculp\u00e9 et plac\u00e9 sous contr\u00f4le judiciaire dans cette [&hellip;]\" \/>\n<meta property=\"og:url\" content=\"https:\/\/guineediversite.com\/index.php\/2021\/03\/18\/senegal-laccusatrice-dousmane-sonko-sort-de-son-silence-et-maintient-ses-declarations\/\" \/>\n<meta property=\"og:site_name\" content=\"Guin\u00e9e Diversit\u00e9\" \/>\n<meta property=\"article:publisher\" content=\"https:\/\/www.facebook.com\/guineediversite\/\" \/>\n<meta property=\"article:published_time\" content=\"2021-03-18T10:27:59+00:00\" \/>\n<meta property=\"og:image\" content=\"https:\/\/guineediversite.com\/wp-content\/uploads\/2021\/03\/lopposant-Ousmane-Sonko-libere-mais-place-sous-controle-judiciaire.jpg\" \/>\n\t<meta property=\"og:image:width\" content=\"1500\" \/>\n\t<meta property=\"og:image:height\" content=\"840\" \/>\n\t<meta property=\"og:image:type\" content=\"image\/jpeg\" \/>\n<meta name=\"author\" content=\"Guin\u00e9e Diversit\u00e9\" \/>\n<meta name=\"twitter:card\" content=\"summary_large_image\" \/>\n<meta name=\"twitter:creator\" content=\"@GuineeDiversite\" \/>\n<meta name=\"twitter:site\" content=\"@GuineeDiversite\" \/>\n<meta name=\"twitter:label1\" content=\"\u00c9crit par\" \/>\n\t<meta name=\"twitter:data1\" content=\"Guin\u00e9e Diversit\u00e9\" \/>\n\t<meta name=\"twitter:label2\" content=\"Dur\u00e9e de lecture estim\u00e9e\" \/>\n\t<meta name=\"twitter:data2\" content=\"2 minutes\" \/>\n<script type=\"application\/ld+json\" class=\"yoast-schema-graph\">{\"@context\":\"https:\/\/schema.org\",\"@graph\":[{\"@type\":\"Article\",\"@id\":\"https:\/\/guineediversite.com\/index.php\/2021\/03\/18\/senegal-laccusatrice-dousmane-sonko-sort-de-son-silence-et-maintient-ses-declarations\/#article\",\"isPartOf\":{\"@id\":\"https:\/\/guineediversite.com\/index.php\/2021\/03\/18\/senegal-laccusatrice-dousmane-sonko-sort-de-son-silence-et-maintient-ses-declarations\/\"},\"author\":{\"name\":\"Guin\u00e9e Diversit\u00e9\",\"@id\":\"https:\/\/guineediversite.com\/#\/schema\/person\/afa08fb34e7fc6e1feafc892612bc836\"},\"headline\":\"S\u00e9n\u00e9gal: l\u2019accusatrice d\u2019Ousmane Sonko sort de son silence et maintient ses d\u00e9clarations\",\"datePublished\":\"2021-03-18T10:27:59+00:00\",\"dateModified\":\"2021-03-18T10:27:59+00:00\",\"mainEntityOfPage\":{\"@id\":\"https:\/\/guineediversite.com\/index.php\/2021\/03\/18\/senegal-laccusatrice-dousmane-sonko-sort-de-son-silence-et-maintient-ses-declarations\/\"},\"wordCount\":368,\"publisher\":{\"@id\":\"https:\/\/guineediversite.com\/#organization\"},\"image\":{\"@id\":\"https:\/\/guineediversite.com\/index.php\/2021\/03\/18\/senegal-laccusatrice-dousmane-sonko-sort-de-son-silence-et-maintient-ses-declarations\/#primaryimage\"},\"thumbnailUrl\":\"https:\/\/guineediversite.com\/wp-content\/uploads\/2021\/03\/lopposant-Ousmane-Sonko-libere-mais-place-sous-controle-judiciaire.jpg\",\"articleSection\":[\"International\"],\"inLanguage\":\"fr-FR\"},{\"@type\":\"WebPage\",\"@id\":\"https:\/\/guineediversite.com\/index.php\/2021\/03\/18\/senegal-laccusatrice-dousmane-sonko-sort-de-son-silence-et-maintient-ses-declarations\/\",\"url\":\"https:\/\/guineediversite.com\/index.php\/2021\/03\/18\/senegal-laccusatrice-dousmane-sonko-sort-de-son-silence-et-maintient-ses-declarations\/\",\"name\":\"S\u00e9n\u00e9gal: l\u2019accusatrice d\u2019Ousmane Sonko sort de son silence et maintient ses d\u00e9clarations | Guin\u00e9e Diversit\u00e9\",\"isPartOf\":{\"@id\":\"https:\/\/guineediversite.com\/#website\"},\"primaryImageOfPage\":{\"@id\":\"https:\/\/guineediversite.com\/index.php\/2021\/03\/18\/senegal-laccusatrice-dousmane-sonko-sort-de-son-silence-et-maintient-ses-declarations\/#primaryimage\"},\"image\":{\"@id\":\"https:\/\/guineediversite.com\/index.php\/2021\/03\/18\/senegal-laccusatrice-dousmane-sonko-sort-de-son-silence-et-maintient-ses-declarations\/#primaryimage\"},\"thumbnailUrl\":\"https:\/\/guineediversite.com\/wp-content\/uploads\/2021\/03\/lopposant-Ousmane-Sonko-libere-mais-place-sous-controle-judiciaire.jpg\",\"datePublished\":\"2021-03-18T10:27:59+00:00\",\"dateModified\":\"2021-03-18T10:27:59+00:00\",\"breadcrumb\":{\"@id\":\"https:\/\/guineediversite.com\/index.php\/2021\/03\/18\/senegal-laccusatrice-dousmane-sonko-sort-de-son-silence-et-maintient-ses-declarations\/#breadcrumb\"},\"inLanguage\":\"fr-FR\",\"potentialAction\":[{\"@type\":\"ReadAction\",\"target\":[\"https:\/\/guineediversite.com\/index.php\/2021\/03\/18\/senegal-laccusatrice-dousmane-sonko-sort-de-son-silence-et-maintient-ses-declarations\/\"]}]},{\"@type\":\"ImageObject\",\"inLanguage\":\"fr-FR\",\"@id\":\"https:\/\/guineediversite.com\/index.php\/2021\/03\/18\/senegal-laccusatrice-dousmane-sonko-sort-de-son-silence-et-maintient-ses-declarations\/#primaryimage\",\"url\":\"https:\/\/guineediversite.com\/wp-content\/uploads\/2021\/03\/lopposant-Ousmane-Sonko-libere-mais-place-sous-controle-judiciaire.jpg\",\"contentUrl\":\"https:\/\/guineediversite.com\/wp-content\/uploads\/2021\/03\/lopposant-Ousmane-Sonko-libere-mais-place-sous-controle-judiciaire.jpg\",\"width\":1500,\"height\":840},{\"@type\":\"BreadcrumbList\",\"@id\":\"https:\/\/guineediversite.com\/index.php\/2021\/03\/18\/senegal-laccusatrice-dousmane-sonko-sort-de-son-silence-et-maintient-ses-declarations\/#breadcrumb\",\"itemListElement\":[{\"@type\":\"ListItem\",\"position\":1,\"name\":\"Accueil\",\"item\":\"https:\/\/guineediversite.com\/\"},{\"@type\":\"ListItem\",\"position\":2,\"name\":\"S\u00e9n\u00e9gal: l\u2019accusatrice d\u2019Ousmane Sonko sort de son silence et maintient ses d\u00e9clarations\"}]},{\"@type\":\"WebSite\",\"@id\":\"https:\/\/guineediversite.com\/#website\",\"url\":\"https:\/\/guineediversite.com\/\",\"name\":\"Guin\u00e9e Diversit\u00e9\",\"description\":\"L&#039;Info dans toute sa diversit\u00e9\",\"publisher\":{\"@id\":\"https:\/\/guineediversite.com\/#organization\"},\"potentialAction\":[{\"@type\":\"SearchAction\",\"target\":{\"@type\":\"EntryPoint\",\"urlTemplate\":\"https:\/\/guineediversite.com\/?s={search_term_string}\"},\"query-input\":{\"@type\":\"PropertyValueSpecification\",\"valueRequired\":true,\"valueName\":\"search_term_string\"}}],\"inLanguage\":\"fr-FR\"},{\"@type\":\"Organization\",\"@id\":\"https:\/\/guineediversite.com\/#organization\",\"name\":\"Guin\u00e9e Diversit\u00e9\",\"url\":\"https:\/\/guineediversite.com\/\",\"logo\":{\"@type\":\"ImageObject\",\"inLanguage\":\"fr-FR\",\"@id\":\"https:\/\/guineediversite.com\/#\/schema\/logo\/image\/\",\"url\":\"https:\/\/guineediversite.com\/wp-content\/uploads\/2017\/04\/cropped-1jojlxEOMkX9Wyqfhe43D6kjPOGqBBKmx3EwWJqZ0cMrFF54yM49.png\",\"contentUrl\":\"https:\/\/guineediversite.com\/wp-content\/uploads\/2017\/04\/cropped-1jojlxEOMkX9Wyqfhe43D6kjPOGqBBKmx3EwWJqZ0cMrFF54yM49.png\",\"width\":186,\"height\":112,\"caption\":\"Guin\u00e9e Diversit\u00e9\"},\"image\":{\"@id\":\"https:\/\/guineediversite.com\/#\/schema\/logo\/image\/\"},\"sameAs\":[\"https:\/\/www.facebook.com\/guineediversite\/\",\"https:\/\/x.com\/GuineeDiversite\",\"https:\/\/www.youtube.com\/channel\/UC8sUY16qelG5ge6_D5SB83g\"]},{\"@type\":\"Person\",\"@id\":\"https:\/\/guineediversite.com\/#\/schema\/person\/afa08fb34e7fc6e1feafc892612bc836\",\"name\":\"Guin\u00e9e Diversit\u00e9\",\"image\":{\"@type\":\"ImageObject\",\"inLanguage\":\"fr-FR\",\"@id\":\"https:\/\/guineediversite.com\/#\/schema\/person\/image\/\",\"url\":\"https:\/\/secure.gravatar.com\/avatar\/50d5eb5b390f8b65ac30ac6f898eb83a?s=96&d=mm&r=g\",\"contentUrl\":\"https:\/\/secure.gravatar.com\/avatar\/50d5eb5b390f8b65ac30ac6f898eb83a?s=96&d=mm&r=g\",\"caption\":\"Guin\u00e9e Diversit\u00e9\"},\"url\":\"https:\/\/guineediversite.com\/index.php\/author\/guineediversite\/\"}]}<\/script>\n<!-- \/ Yoast SEO plugin. -->","yoast_head_json":{"title":"S\u00e9n\u00e9gal: l\u2019accusatrice d\u2019Ousmane Sonko sort de son silence et maintient ses d\u00e9clarations | Guin\u00e9e Diversit\u00e9","robots":{"index":"index","follow":"follow","max-snippet":"max-snippet:-1","max-image-preview":"max-image-preview:large","max-video-preview":"max-video-preview:-1"},"canonical":"https:\/\/guineediversite.com\/index.php\/2021\/03\/18\/senegal-laccusatrice-dousmane-sonko-sort-de-son-silence-et-maintient-ses-declarations\/","og_locale":"fr_FR","og_type":"article","og_title":"S\u00e9n\u00e9gal: l\u2019accusatrice d\u2019Ousmane Sonko sort de son silence et maintient ses d\u00e9clarations | Guin\u00e9e Diversit\u00e9","og_description":"Adji Sarr, qui accuse Ousmane Sonko de viol, s\u2019est exprim\u00e9e ce mercredi soir 17 mars devant quelques m\u00e9dias s\u00e9lectionn\u00e9s. La jeune femme, qui travaillait dans un salon de massage de Dakar, affirme publiquement que l\u2019opposant s\u00e9n\u00e9galais l\u2019aurait contrainte \u00e0 des rapports sexuels r\u00e9p\u00e9t\u00e9s. Ousmane Sonko a \u00e9t\u00e9 inculp\u00e9 et plac\u00e9 sous contr\u00f4le judiciaire dans cette [&hellip;]","og_url":"https:\/\/guineediversite.com\/index.php\/2021\/03\/18\/senegal-laccusatrice-dousmane-sonko-sort-de-son-silence-et-maintient-ses-declarations\/","og_site_name":"Guin\u00e9e Diversit\u00e9","article_publisher":"https:\/\/www.facebook.com\/guineediversite\/","article_published_time":"2021-03-18T10:27:59+00:00","og_image":[{"width":1500,"height":840,"url":"https:\/\/guineediversite.com\/wp-content\/uploads\/2021\/03\/lopposant-Ousmane-Sonko-libere-mais-place-sous-controle-judiciaire.jpg","type":"image\/jpeg"}],"author":"Guin\u00e9e Diversit\u00e9","twitter_card":"summary_large_image","twitter_creator":"@GuineeDiversite","twitter_site":"@GuineeDiversite","twitter_misc":{"\u00c9crit par":"Guin\u00e9e Diversit\u00e9","Dur\u00e9e de lecture estim\u00e9e":"2 minutes"},"schema":{"@context":"https:\/\/schema.org","@graph":[{"@type":"Article","@id":"https:\/\/guineediversite.com\/index.php\/2021\/03\/18\/senegal-laccusatrice-dousmane-sonko-sort-de-son-silence-et-maintient-ses-declarations\/#article","isPartOf":{"@id":"https:\/\/guineediversite.com\/index.php\/2021\/03\/18\/senegal-laccusatrice-dousmane-sonko-sort-de-son-silence-et-maintient-ses-declarations\/"},"author":{"name":"Guin\u00e9e Diversit\u00e9","@id":"https:\/\/guineediversite.com\/#\/schema\/person\/afa08fb34e7fc6e1feafc892612bc836"},"headline":"S\u00e9n\u00e9gal: l\u2019accusatrice d\u2019Ousmane Sonko sort de son silence et maintient ses d\u00e9clarations","datePublished":"2021-03-18T10:27:59+00:00","dateModified":"2021-03-18T10:27:59+00:00","mainEntityOfPage":{"@id":"https:\/\/guineediversite.com\/index.php\/2021\/03\/18\/senegal-laccusatrice-dousmane-sonko-sort-de-son-silence-et-maintient-ses-declarations\/"},"wordCount":368,"publisher":{"@id":"https:\/\/guineediversite.com\/#organization"},"image":{"@id":"https:\/\/guineediversite.com\/index.php\/2021\/03\/18\/senegal-laccusatrice-dousmane-sonko-sort-de-son-silence-et-maintient-ses-declarations\/#primaryimage"},"thumbnailUrl":"https:\/\/guineediversite.com\/wp-content\/uploads\/2021\/03\/lopposant-Ousmane-Sonko-libere-mais-place-sous-controle-judiciaire.jpg","articleSection":["International"],"inLanguage":"fr-FR"},{"@type":"WebPage","@id":"https:\/\/guineediversite.com\/index.php\/2021\/03\/18\/senegal-laccusatrice-dousmane-sonko-sort-de-son-silence-et-maintient-ses-declarations\/","url":"https:\/\/guineediversite.com\/index.php\/2021\/03\/18\/senegal-laccusatrice-dousmane-sonko-sort-de-son-silence-et-maintient-ses-declarations\/","name":"S\u00e9n\u00e9gal: l\u2019accusatrice d\u2019Ousmane Sonko sort de son silence et maintient ses d\u00e9clarations | Guin\u00e9e Diversit\u00e9","isPartOf":{"@id":"https:\/\/guineediversite.com\/#website"},"primaryImageOfPage":{"@id":"https:\/\/guineediversite.com\/index.php\/2021\/03\/18\/senegal-laccusatrice-dousmane-sonko-sort-de-son-silence-et-maintient-ses-declarations\/#primaryimage"},"image":{"@id":"https:\/\/guineediversite.com\/index.php\/2021\/03\/18\/senegal-laccusatrice-dousmane-sonko-sort-de-son-silence-et-maintient-ses-declarations\/#primaryimage"},"thumbnailUrl":"https:\/\/guineediversite.com\/wp-content\/uploads\/2021\/03\/lopposant-Ousmane-Sonko-libere-mais-place-sous-controle-judiciaire.jpg","datePublished":"2021-03-18T10:27:59+00:00","dateModified":"2021-03-18T10:27:59+00:00","breadcrumb":{"@id":"https:\/\/guineediversite.com\/index.php\/2021\/03\/18\/senegal-laccusatrice-dousmane-sonko-sort-de-son-silence-et-maintient-ses-declarations\/#breadcrumb"},"inLanguage":"fr-FR","potentialAction":[{"@type":"ReadAction","target":["https:\/\/guineediversite.com\/index.php\/2021\/03\/18\/senegal-laccusatrice-dousmane-sonko-sort-de-son-silence-et-maintient-ses-declarations\/"]}]},{"@type":"ImageObject","inLanguage":"fr-FR","@id":"https:\/\/guineediversite.com\/index.php\/2021\/03\/18\/senegal-laccusatrice-dousmane-sonko-sort-de-son-silence-et-maintient-ses-declarations\/#primaryimage","url":"https:\/\/guineediversite.com\/wp-content\/uploads\/2021\/03\/lopposant-Ousmane-Sonko-libere-mais-place-sous-controle-judiciaire.jpg","contentUrl":"https:\/\/guineediversite.com\/wp-content\/uploads\/2021\/03\/lopposant-Ousmane-Sonko-libere-mais-place-sous-controle-judiciaire.jpg","width":1500,"height":840},{"@type":"BreadcrumbList","@id":"https:\/\/guineediversite.com\/index.php\/2021\/03\/18\/senegal-laccusatrice-dousmane-sonko-sort-de-son-silence-et-maintient-ses-declarations\/#breadcrumb","itemListElement":[{"@type":"ListItem","position":1,"name":"Accueil","item":"https:\/\/guineediversite.com\/"},{"@type":"ListItem","position":2,"name":"S\u00e9n\u00e9gal: l\u2019accusatrice d\u2019Ousmane Sonko sort de son silence et maintient ses d\u00e9clarations"}]},{"@type":"WebSite","@id":"https:\/\/guineediversite.com\/#website","url":"https:\/\/guineediversite.com\/","name":"Guin\u00e9e Diversit\u00e9","description":"L&#039;Info dans toute sa diversit\u00e9","publisher":{"@id":"https:\/\/guineediversite.com\/#organization"},"potentialAction":[{"@type":"SearchAction","target":{"@type":"EntryPoint","urlTemplate":"https:\/\/guineediversite.com\/?s={search_term_string}"},"query-input":{"@type":"PropertyValueSpecification","valueRequired":true,"valueName":"search_term_string"}}],"inLanguage":"fr-FR"},{"@type":"Organization","@id":"https:\/\/guineediversite.com\/#organization","name":"Guin\u00e9e Diversit\u00e9","url":"https:\/\/guineediversite.com\/","logo":{"@type":"ImageObject","inLanguage":"fr-FR","@id":"https:\/\/guineediversite.com\/#\/schema\/logo\/image\/","url":"https:\/\/guineediversite.com\/wp-content\/uploads\/2017\/04\/cropped-1jojlxEOMkX9Wyqfhe43D6kjPOGqBBKmx3EwWJqZ0cMrFF54yM49.png","contentUrl":"https:\/\/guineediversite.com\/wp-content\/uploads\/2017\/04\/cropped-1jojlxEOMkX9Wyqfhe43D6kjPOGqBBKmx3EwWJqZ0cMrFF54yM49.png","width":186,"height":112,"caption":"Guin\u00e9e Diversit\u00e9"},"image":{"@id":"https:\/\/guineediversite.com\/#\/schema\/logo\/image\/"},"sameAs":["https:\/\/www.facebook.com\/guineediversite\/","https:\/\/x.com\/GuineeDiversite","https:\/\/www.youtube.com\/channel\/UC8sUY16qelG5ge6_D5SB83g"]},{"@type":"Person","@id":"https:\/\/guineediversite.com\/#\/schema\/person\/afa08fb34e7fc6e1feafc892612bc836","name":"Guin\u00e9e Diversit\u00e9","image":{"@type":"ImageObject","inLanguage":"fr-FR","@id":"https:\/\/guineediversite.com\/#\/schema\/person\/image\/","url":"https:\/\/secure.gravatar.com\/avatar\/50d5eb5b390f8b65ac30ac6f898eb83a?s=96&d=mm&r=g","contentUrl":"https:\/\/secure.gravatar.com\/avatar\/50d5eb5b390f8b65ac30ac6f898eb83a?s=96&d=mm&r=g","caption":"Guin\u00e9e Diversit\u00e9"},"url":"https:\/\/guineediversite.com\/index.php\/author\/guineediversite\/"}]}},"_links":{"self":[{"href":"https:\/\/guineediversite.com\/index.php\/wp-json\/wp\/v2\/posts\/31037"}],"collection":[{"href":"https:\/\/guineediversite.com\/index.php\/wp-json\/wp\/v2\/posts"}],"about":[{"href":"https:\/\/guineediversite.com\/index.php\/wp-json\/wp\/v2\/types\/post"}],"author":[{"embeddable":true,"href":"https:\/\/guineediversite.com\/index.php\/wp-json\/wp\/v2\/users\/12"}],"replies":[{"embeddable":true,"href":"https:\/\/guineediversite.com\/index.php\/wp-json\/wp\/v2\/comments?post=31037"}],"version-history":[{"count":1,"href":"https:\/\/guineediversite.com\/index.php\/wp-json\/wp\/v2\/posts\/31037\/revisions"}],"predecessor-version":[{"id":31038,"href":"https:\/\/guineediversite.com\/index.php\/wp-json\/wp\/v2\/posts\/31037\/revisions\/31038"}],"wp:featuredmedia":[{"embeddable":true,"href":"https:\/\/guineediversite.com\/index.php\/wp-json\/wp\/v2\/media\/30887"}],"wp:attachment":[{"href":"https:\/\/guineediversite.com\/index.php\/wp-json\/wp\/v2\/media?parent=31037"}],"wp:term":[{"taxonomy":"category","embeddable":true,"href":"https:\/\/guineediversite.com\/index.php\/wp-json\/wp\/v2\/categories?post=31037"},{"taxonomy":"post_tag","embeddable":true,"href":"https:\/\/guineediversite.com\/index.php\/wp-json\/wp\/v2\/tags?post=31037"}],"curies":[{"name":"wp","href":"https:\/\/api.w.org\/{rel}","templated":true}]}}