{"id":31031,"date":"2021-03-17T11:22:59","date_gmt":"2021-03-17T10:22:59","guid":{"rendered":"https:\/\/guineediversite.com\/?p=31031"},"modified":"2021-03-17T11:22:59","modified_gmt":"2021-03-17T10:22:59","slug":"astra-zeneca-au-senegal-pas-de-changement-dans-le-deroule-de-la-campagne-de-vaccination","status":"publish","type":"post","link":"https:\/\/guineediversite.com\/index.php\/2021\/03\/17\/astra-zeneca-au-senegal-pas-de-changement-dans-le-deroule-de-la-campagne-de-vaccination\/","title":{"rendered":"Astra Zeneca: au S\u00e9n\u00e9gal, pas de changement dans le d\u00e9roul\u00e9 de la campagne de vaccination"},"content":{"rendered":"<p>Le pays administre des doses du vaccin chinois Sinopharm\u00a0et celles du vaccin Astra Zeneca, donn\u00e9es dans le cadre du m\u00e9canisme Covax. Plusieurs pays europ\u00e9ens ont suspendu l\u2019utilisation de ce vaccin par mesure de pr\u00e9caution. Mais pour les autorit\u00e9s sanitaires s\u00e9n\u00e9galaises, \u00e0 ce stade, il n\u2019y a pas de raison de s\u2019inqui\u00e9ter.<\/p>\n<p>\u00ab <em>Aucun probl\u00e8me majeur <\/em>\u00bb n\u2019a \u00e9t\u00e9 constat\u00e9 jusqu\u2019\u00e0 pr\u00e9sent sur les personnes vaccin\u00e9es avec les doses Astra Zeneca, assurent les autorit\u00e9s sanitaires.<\/p>\n<p>\u00ab <em>Nous poursuivons notre vaccination avec le Astra Zeneca. Nous n&rsquo;avons pour l&rsquo;instant aucun argument factuel pour suspendre le vaccin Astra Zeneca au S\u00e9n\u00e9gal\u00a0<\/em>\u00bb, assure\u00a0Docteur El Hadj Mamadou Ndiaye, directeur de la pr\u00e9vention et porte-parole du minist\u00e8re de la Sant\u00e9. \u00ab <em>Je pense qu&rsquo;il faut privil\u00e9gier le sanitaire au-del\u00e0 du politique encore une fois. S&rsquo;il y a un doute, le\u00a0doute se pose sur un lot de vaccins, les investigations seront autour de ce lot et c&rsquo;est ce lot qui est suspendu en attendant, et non suspendre toute la vaccination parce que des personnes vont douter. Et l\u00e0, il y a la responsabilit\u00e9s de ceux qui ont arr\u00eat\u00e9. On peut \u00e9galement remettre en cause un vaccin, se river sur un autre vaccin et ces vaccins peuvent conna\u00eetre un incident sur un lot donn\u00e9. Est-ce qu&rsquo;on va encore suspendre jusqu&rsquo;\u00e0 ce que le monde entier suspende la vaccination contre le Covid-19 qui n&rsquo;a pas fini de faire des d\u00e9g\u00e2ts puisqu&rsquo;on parle de troisi\u00e8me\u00a0vague dans certains pays.<\/em>\u00a0\u00bb<\/p>\n<p>\u00ab <em>Pas de panique<\/em> \u00bb, estime donc le directeur de la pr\u00e9vention. Pour lui, le principe de pr\u00e9caution ne doit pas remettre en cause toute une strat\u00e9gie.<\/p>\n<p>Au S\u00e9n\u00e9gal, 324 000 doses du vaccin Astra Zeneca (produites en Inde)\u00a0ont d\u00e9j\u00e0 \u00e9t\u00e9 livr\u00e9es au d\u00e9but du mois. Un million de doses suppl\u00e9mentaires sont attendues courant mai.Pu<\/p>\n<p>Depuis le d\u00e9but de la campagne de vaccination il y a trois\u00a0semaines, plus de 139 000 personnes ont d\u00e9j\u00e0 \u00e9t\u00e9 vaccin\u00e9es, selon le minist\u00e8re de la Sant\u00e9.<\/p>\n<p><strong>AVEC RFI<\/strong><\/p>\n<p>&nbsp;<\/p>\n","protected":false},"excerpt":{"rendered":"<p>Le pays administre des doses du vaccin chinois Sinopharm\u00a0et celles du vaccin Astra Zeneca, donn\u00e9es dans le cadre du m\u00e9canisme Covax. Plusieurs pays europ\u00e9ens ont suspendu l\u2019utilisation de ce vaccin par mesure de pr\u00e9caution. Mais pour les autorit\u00e9s sanitaires s\u00e9n\u00e9galaises, \u00e0 ce stade, il n\u2019y a pas de raison de s\u2019inqui\u00e9ter. \u00ab Aucun probl\u00e8me majeur [&hellip;]<\/p>\n","protected":false},"author":12,"featured_media":31032,"comment_status":"closed","ping_status":"open","sticky":false,"template":"","format":"standard","meta":{"_exactmetrics_skip_tracking":false,"_exactmetrics_sitenote_active":false,"_exactmetrics_sitenote_note":"","_exactmetrics_sitenote_category":0,"tdm_status":"","tdm_grid_status":"","footnotes":""},"categories":[21],"tags":[],"class_list":{"0":"post-31031","1":"post","2":"type-post","3":"status-publish","4":"format-standard","5":"has-post-thumbnail","7":"category-international"},"yoast_head":"<!-- This site is optimized with the Yoast SEO plugin v24.2 - https:\/\/yoast.com\/wordpress\/plugins\/seo\/ -->\n<title>Astra Zeneca: au S\u00e9n\u00e9gal, pas de changement dans le d\u00e9roul\u00e9 de la campagne de vaccination | Guin\u00e9e Diversit\u00e9<\/title>\n<meta name=\"robots\" content=\"index, follow, max-snippet:-1, max-image-preview:large, max-video-preview:-1\" \/>\n<link rel=\"canonical\" href=\"https:\/\/guineediversite.com\/index.php\/2021\/03\/17\/astra-zeneca-au-senegal-pas-de-changement-dans-le-deroule-de-la-campagne-de-vaccination\/\" \/>\n<meta property=\"og:locale\" content=\"fr_FR\" \/>\n<meta property=\"og:type\" content=\"article\" \/>\n<meta property=\"og:title\" content=\"Astra Zeneca: au S\u00e9n\u00e9gal, pas de changement dans le d\u00e9roul\u00e9 de la campagne de vaccination | Guin\u00e9e Diversit\u00e9\" \/>\n<meta property=\"og:description\" content=\"Le pays administre des doses du vaccin chinois Sinopharm\u00a0et celles du vaccin Astra Zeneca, donn\u00e9es dans le cadre du m\u00e9canisme Covax. Plusieurs pays europ\u00e9ens ont suspendu l\u2019utilisation de ce vaccin par mesure de pr\u00e9caution. Mais pour les autorit\u00e9s sanitaires s\u00e9n\u00e9galaises, \u00e0 ce stade, il n\u2019y a pas de raison de s\u2019inqui\u00e9ter. \u00ab Aucun probl\u00e8me majeur [&hellip;]\" \/>\n<meta property=\"og:url\" content=\"https:\/\/guineediversite.com\/index.php\/2021\/03\/17\/astra-zeneca-au-senegal-pas-de-changement-dans-le-deroule-de-la-campagne-de-vaccination\/\" \/>\n<meta property=\"og:site_name\" content=\"Guin\u00e9e Diversit\u00e9\" \/>\n<meta property=\"article:publisher\" content=\"https:\/\/www.facebook.com\/guineediversite\/\" \/>\n<meta property=\"article:published_time\" content=\"2021-03-17T10:22:59+00:00\" \/>\n<meta property=\"og:image\" content=\"https:\/\/guineediversite.com\/wp-content\/uploads\/2021\/03\/Senegal-pas-de-changement-dans-le-deroule-de-la-campagne-de-vaccination.jpg\" \/>\n\t<meta property=\"og:image:width\" content=\"1500\" \/>\n\t<meta property=\"og:image:height\" content=\"840\" \/>\n\t<meta property=\"og:image:type\" content=\"image\/jpeg\" \/>\n<meta name=\"author\" content=\"Guin\u00e9e Diversit\u00e9\" \/>\n<meta name=\"twitter:card\" content=\"summary_large_image\" \/>\n<meta name=\"twitter:creator\" content=\"@GuineeDiversite\" \/>\n<meta name=\"twitter:site\" content=\"@GuineeDiversite\" \/>\n<meta name=\"twitter:label1\" content=\"\u00c9crit par\" \/>\n\t<meta name=\"twitter:data1\" content=\"Guin\u00e9e Diversit\u00e9\" \/>\n\t<meta name=\"twitter:label2\" content=\"Dur\u00e9e de lecture estim\u00e9e\" \/>\n\t<meta name=\"twitter:data2\" content=\"2 minutes\" \/>\n<script type=\"application\/ld+json\" class=\"yoast-schema-graph\">{\"@context\":\"https:\/\/schema.org\",\"@graph\":[{\"@type\":\"Article\",\"@id\":\"https:\/\/guineediversite.com\/index.php\/2021\/03\/17\/astra-zeneca-au-senegal-pas-de-changement-dans-le-deroule-de-la-campagne-de-vaccination\/#article\",\"isPartOf\":{\"@id\":\"https:\/\/guineediversite.com\/index.php\/2021\/03\/17\/astra-zeneca-au-senegal-pas-de-changement-dans-le-deroule-de-la-campagne-de-vaccination\/\"},\"author\":{\"name\":\"Guin\u00e9e Diversit\u00e9\",\"@id\":\"https:\/\/guineediversite.com\/#\/schema\/person\/afa08fb34e7fc6e1feafc892612bc836\"},\"headline\":\"Astra Zeneca: au S\u00e9n\u00e9gal, pas de changement dans le d\u00e9roul\u00e9 de la campagne de vaccination\",\"datePublished\":\"2021-03-17T10:22:59+00:00\",\"dateModified\":\"2021-03-17T10:22:59+00:00\",\"mainEntityOfPage\":{\"@id\":\"https:\/\/guineediversite.com\/index.php\/2021\/03\/17\/astra-zeneca-au-senegal-pas-de-changement-dans-le-deroule-de-la-campagne-de-vaccination\/\"},\"wordCount\":385,\"publisher\":{\"@id\":\"https:\/\/guineediversite.com\/#organization\"},\"image\":{\"@id\":\"https:\/\/guineediversite.com\/index.php\/2021\/03\/17\/astra-zeneca-au-senegal-pas-de-changement-dans-le-deroule-de-la-campagne-de-vaccination\/#primaryimage\"},\"thumbnailUrl\":\"https:\/\/guineediversite.com\/wp-content\/uploads\/2021\/03\/Senegal-pas-de-changement-dans-le-deroule-de-la-campagne-de-vaccination.jpg\",\"articleSection\":[\"International\"],\"inLanguage\":\"fr-FR\"},{\"@type\":\"WebPage\",\"@id\":\"https:\/\/guineediversite.com\/index.php\/2021\/03\/17\/astra-zeneca-au-senegal-pas-de-changement-dans-le-deroule-de-la-campagne-de-vaccination\/\",\"url\":\"https:\/\/guineediversite.com\/index.php\/2021\/03\/17\/astra-zeneca-au-senegal-pas-de-changement-dans-le-deroule-de-la-campagne-de-vaccination\/\",\"name\":\"Astra Zeneca: au S\u00e9n\u00e9gal, pas de changement dans le d\u00e9roul\u00e9 de la campagne de vaccination | Guin\u00e9e Diversit\u00e9\",\"isPartOf\":{\"@id\":\"https:\/\/guineediversite.com\/#website\"},\"primaryImageOfPage\":{\"@id\":\"https:\/\/guineediversite.com\/index.php\/2021\/03\/17\/astra-zeneca-au-senegal-pas-de-changement-dans-le-deroule-de-la-campagne-de-vaccination\/#primaryimage\"},\"image\":{\"@id\":\"https:\/\/guineediversite.com\/index.php\/2021\/03\/17\/astra-zeneca-au-senegal-pas-de-changement-dans-le-deroule-de-la-campagne-de-vaccination\/#primaryimage\"},\"thumbnailUrl\":\"https:\/\/guineediversite.com\/wp-content\/uploads\/2021\/03\/Senegal-pas-de-changement-dans-le-deroule-de-la-campagne-de-vaccination.jpg\",\"datePublished\":\"2021-03-17T10:22:59+00:00\",\"dateModified\":\"2021-03-17T10:22:59+00:00\",\"breadcrumb\":{\"@id\":\"https:\/\/guineediversite.com\/index.php\/2021\/03\/17\/astra-zeneca-au-senegal-pas-de-changement-dans-le-deroule-de-la-campagne-de-vaccination\/#breadcrumb\"},\"inLanguage\":\"fr-FR\",\"potentialAction\":[{\"@type\":\"ReadAction\",\"target\":[\"https:\/\/guineediversite.com\/index.php\/2021\/03\/17\/astra-zeneca-au-senegal-pas-de-changement-dans-le-deroule-de-la-campagne-de-vaccination\/\"]}]},{\"@type\":\"ImageObject\",\"inLanguage\":\"fr-FR\",\"@id\":\"https:\/\/guineediversite.com\/index.php\/2021\/03\/17\/astra-zeneca-au-senegal-pas-de-changement-dans-le-deroule-de-la-campagne-de-vaccination\/#primaryimage\",\"url\":\"https:\/\/guineediversite.com\/wp-content\/uploads\/2021\/03\/Senegal-pas-de-changement-dans-le-deroule-de-la-campagne-de-vaccination.jpg\",\"contentUrl\":\"https:\/\/guineediversite.com\/wp-content\/uploads\/2021\/03\/Senegal-pas-de-changement-dans-le-deroule-de-la-campagne-de-vaccination.jpg\",\"width\":1500,\"height\":840},{\"@type\":\"BreadcrumbList\",\"@id\":\"https:\/\/guineediversite.com\/index.php\/2021\/03\/17\/astra-zeneca-au-senegal-pas-de-changement-dans-le-deroule-de-la-campagne-de-vaccination\/#breadcrumb\",\"itemListElement\":[{\"@type\":\"ListItem\",\"position\":1,\"name\":\"Accueil\",\"item\":\"https:\/\/guineediversite.com\/\"},{\"@type\":\"ListItem\",\"position\":2,\"name\":\"Astra Zeneca: au S\u00e9n\u00e9gal, pas de changement dans le d\u00e9roul\u00e9 de la campagne de vaccination\"}]},{\"@type\":\"WebSite\",\"@id\":\"https:\/\/guineediversite.com\/#website\",\"url\":\"https:\/\/guineediversite.com\/\",\"name\":\"Guin\u00e9e Diversit\u00e9\",\"description\":\"L&#039;Info dans toute sa diversit\u00e9\",\"publisher\":{\"@id\":\"https:\/\/guineediversite.com\/#organization\"},\"potentialAction\":[{\"@type\":\"SearchAction\",\"target\":{\"@type\":\"EntryPoint\",\"urlTemplate\":\"https:\/\/guineediversite.com\/?s={search_term_string}\"},\"query-input\":{\"@type\":\"PropertyValueSpecification\",\"valueRequired\":true,\"valueName\":\"search_term_string\"}}],\"inLanguage\":\"fr-FR\"},{\"@type\":\"Organization\",\"@id\":\"https:\/\/guineediversite.com\/#organization\",\"name\":\"Guin\u00e9e Diversit\u00e9\",\"url\":\"https:\/\/guineediversite.com\/\",\"logo\":{\"@type\":\"ImageObject\",\"inLanguage\":\"fr-FR\",\"@id\":\"https:\/\/guineediversite.com\/#\/schema\/logo\/image\/\",\"url\":\"https:\/\/guineediversite.com\/wp-content\/uploads\/2017\/04\/cropped-1jojlxEOMkX9Wyqfhe43D6kjPOGqBBKmx3EwWJqZ0cMrFF54yM49.png\",\"contentUrl\":\"https:\/\/guineediversite.com\/wp-content\/uploads\/2017\/04\/cropped-1jojlxEOMkX9Wyqfhe43D6kjPOGqBBKmx3EwWJqZ0cMrFF54yM49.png\",\"width\":186,\"height\":112,\"caption\":\"Guin\u00e9e Diversit\u00e9\"},\"image\":{\"@id\":\"https:\/\/guineediversite.com\/#\/schema\/logo\/image\/\"},\"sameAs\":[\"https:\/\/www.facebook.com\/guineediversite\/\",\"https:\/\/x.com\/GuineeDiversite\",\"https:\/\/www.youtube.com\/channel\/UC8sUY16qelG5ge6_D5SB83g\"]},{\"@type\":\"Person\",\"@id\":\"https:\/\/guineediversite.com\/#\/schema\/person\/afa08fb34e7fc6e1feafc892612bc836\",\"name\":\"Guin\u00e9e Diversit\u00e9\",\"image\":{\"@type\":\"ImageObject\",\"inLanguage\":\"fr-FR\",\"@id\":\"https:\/\/guineediversite.com\/#\/schema\/person\/image\/\",\"url\":\"https:\/\/secure.gravatar.com\/avatar\/50d5eb5b390f8b65ac30ac6f898eb83a?s=96&d=mm&r=g\",\"contentUrl\":\"https:\/\/secure.gravatar.com\/avatar\/50d5eb5b390f8b65ac30ac6f898eb83a?s=96&d=mm&r=g\",\"caption\":\"Guin\u00e9e Diversit\u00e9\"},\"url\":\"https:\/\/guineediversite.com\/index.php\/author\/guineediversite\/\"}]}<\/script>\n<!-- \/ Yoast SEO plugin. -->","yoast_head_json":{"title":"Astra Zeneca: au S\u00e9n\u00e9gal, pas de changement dans le d\u00e9roul\u00e9 de la campagne de vaccination | Guin\u00e9e Diversit\u00e9","robots":{"index":"index","follow":"follow","max-snippet":"max-snippet:-1","max-image-preview":"max-image-preview:large","max-video-preview":"max-video-preview:-1"},"canonical":"https:\/\/guineediversite.com\/index.php\/2021\/03\/17\/astra-zeneca-au-senegal-pas-de-changement-dans-le-deroule-de-la-campagne-de-vaccination\/","og_locale":"fr_FR","og_type":"article","og_title":"Astra Zeneca: au S\u00e9n\u00e9gal, pas de changement dans le d\u00e9roul\u00e9 de la campagne de vaccination | Guin\u00e9e Diversit\u00e9","og_description":"Le pays administre des doses du vaccin chinois Sinopharm\u00a0et celles du vaccin Astra Zeneca, donn\u00e9es dans le cadre du m\u00e9canisme Covax. Plusieurs pays europ\u00e9ens ont suspendu l\u2019utilisation de ce vaccin par mesure de pr\u00e9caution. Mais pour les autorit\u00e9s sanitaires s\u00e9n\u00e9galaises, \u00e0 ce stade, il n\u2019y a pas de raison de s\u2019inqui\u00e9ter. \u00ab Aucun probl\u00e8me majeur [&hellip;]","og_url":"https:\/\/guineediversite.com\/index.php\/2021\/03\/17\/astra-zeneca-au-senegal-pas-de-changement-dans-le-deroule-de-la-campagne-de-vaccination\/","og_site_name":"Guin\u00e9e Diversit\u00e9","article_publisher":"https:\/\/www.facebook.com\/guineediversite\/","article_published_time":"2021-03-17T10:22:59+00:00","og_image":[{"width":1500,"height":840,"url":"https:\/\/guineediversite.com\/wp-content\/uploads\/2021\/03\/Senegal-pas-de-changement-dans-le-deroule-de-la-campagne-de-vaccination.jpg","type":"image\/jpeg"}],"author":"Guin\u00e9e Diversit\u00e9","twitter_card":"summary_large_image","twitter_creator":"@GuineeDiversite","twitter_site":"@GuineeDiversite","twitter_misc":{"\u00c9crit par":"Guin\u00e9e Diversit\u00e9","Dur\u00e9e de lecture estim\u00e9e":"2 minutes"},"schema":{"@context":"https:\/\/schema.org","@graph":[{"@type":"Article","@id":"https:\/\/guineediversite.com\/index.php\/2021\/03\/17\/astra-zeneca-au-senegal-pas-de-changement-dans-le-deroule-de-la-campagne-de-vaccination\/#article","isPartOf":{"@id":"https:\/\/guineediversite.com\/index.php\/2021\/03\/17\/astra-zeneca-au-senegal-pas-de-changement-dans-le-deroule-de-la-campagne-de-vaccination\/"},"author":{"name":"Guin\u00e9e Diversit\u00e9","@id":"https:\/\/guineediversite.com\/#\/schema\/person\/afa08fb34e7fc6e1feafc892612bc836"},"headline":"Astra Zeneca: au S\u00e9n\u00e9gal, pas de changement dans le d\u00e9roul\u00e9 de la campagne de vaccination","datePublished":"2021-03-17T10:22:59+00:00","dateModified":"2021-03-17T10:22:59+00:00","mainEntityOfPage":{"@id":"https:\/\/guineediversite.com\/index.php\/2021\/03\/17\/astra-zeneca-au-senegal-pas-de-changement-dans-le-deroule-de-la-campagne-de-vaccination\/"},"wordCount":385,"publisher":{"@id":"https:\/\/guineediversite.com\/#organization"},"image":{"@id":"https:\/\/guineediversite.com\/index.php\/2021\/03\/17\/astra-zeneca-au-senegal-pas-de-changement-dans-le-deroule-de-la-campagne-de-vaccination\/#primaryimage"},"thumbnailUrl":"https:\/\/guineediversite.com\/wp-content\/uploads\/2021\/03\/Senegal-pas-de-changement-dans-le-deroule-de-la-campagne-de-vaccination.jpg","articleSection":["International"],"inLanguage":"fr-FR"},{"@type":"WebPage","@id":"https:\/\/guineediversite.com\/index.php\/2021\/03\/17\/astra-zeneca-au-senegal-pas-de-changement-dans-le-deroule-de-la-campagne-de-vaccination\/","url":"https:\/\/guineediversite.com\/index.php\/2021\/03\/17\/astra-zeneca-au-senegal-pas-de-changement-dans-le-deroule-de-la-campagne-de-vaccination\/","name":"Astra Zeneca: au S\u00e9n\u00e9gal, pas de changement dans le d\u00e9roul\u00e9 de la campagne de vaccination | Guin\u00e9e Diversit\u00e9","isPartOf":{"@id":"https:\/\/guineediversite.com\/#website"},"primaryImageOfPage":{"@id":"https:\/\/guineediversite.com\/index.php\/2021\/03\/17\/astra-zeneca-au-senegal-pas-de-changement-dans-le-deroule-de-la-campagne-de-vaccination\/#primaryimage"},"image":{"@id":"https:\/\/guineediversite.com\/index.php\/2021\/03\/17\/astra-zeneca-au-senegal-pas-de-changement-dans-le-deroule-de-la-campagne-de-vaccination\/#primaryimage"},"thumbnailUrl":"https:\/\/guineediversite.com\/wp-content\/uploads\/2021\/03\/Senegal-pas-de-changement-dans-le-deroule-de-la-campagne-de-vaccination.jpg","datePublished":"2021-03-17T10:22:59+00:00","dateModified":"2021-03-17T10:22:59+00:00","breadcrumb":{"@id":"https:\/\/guineediversite.com\/index.php\/2021\/03\/17\/astra-zeneca-au-senegal-pas-de-changement-dans-le-deroule-de-la-campagne-de-vaccination\/#breadcrumb"},"inLanguage":"fr-FR","potentialAction":[{"@type":"ReadAction","target":["https:\/\/guineediversite.com\/index.php\/2021\/03\/17\/astra-zeneca-au-senegal-pas-de-changement-dans-le-deroule-de-la-campagne-de-vaccination\/"]}]},{"@type":"ImageObject","inLanguage":"fr-FR","@id":"https:\/\/guineediversite.com\/index.php\/2021\/03\/17\/astra-zeneca-au-senegal-pas-de-changement-dans-le-deroule-de-la-campagne-de-vaccination\/#primaryimage","url":"https:\/\/guineediversite.com\/wp-content\/uploads\/2021\/03\/Senegal-pas-de-changement-dans-le-deroule-de-la-campagne-de-vaccination.jpg","contentUrl":"https:\/\/guineediversite.com\/wp-content\/uploads\/2021\/03\/Senegal-pas-de-changement-dans-le-deroule-de-la-campagne-de-vaccination.jpg","width":1500,"height":840},{"@type":"BreadcrumbList","@id":"https:\/\/guineediversite.com\/index.php\/2021\/03\/17\/astra-zeneca-au-senegal-pas-de-changement-dans-le-deroule-de-la-campagne-de-vaccination\/#breadcrumb","itemListElement":[{"@type":"ListItem","position":1,"name":"Accueil","item":"https:\/\/guineediversite.com\/"},{"@type":"ListItem","position":2,"name":"Astra Zeneca: au S\u00e9n\u00e9gal, pas de changement dans le d\u00e9roul\u00e9 de la campagne de vaccination"}]},{"@type":"WebSite","@id":"https:\/\/guineediversite.com\/#website","url":"https:\/\/guineediversite.com\/","name":"Guin\u00e9e Diversit\u00e9","description":"L&#039;Info dans toute sa diversit\u00e9","publisher":{"@id":"https:\/\/guineediversite.com\/#organization"},"potentialAction":[{"@type":"SearchAction","target":{"@type":"EntryPoint","urlTemplate":"https:\/\/guineediversite.com\/?s={search_term_string}"},"query-input":{"@type":"PropertyValueSpecification","valueRequired":true,"valueName":"search_term_string"}}],"inLanguage":"fr-FR"},{"@type":"Organization","@id":"https:\/\/guineediversite.com\/#organization","name":"Guin\u00e9e Diversit\u00e9","url":"https:\/\/guineediversite.com\/","logo":{"@type":"ImageObject","inLanguage":"fr-FR","@id":"https:\/\/guineediversite.com\/#\/schema\/logo\/image\/","url":"https:\/\/guineediversite.com\/wp-content\/uploads\/2017\/04\/cropped-1jojlxEOMkX9Wyqfhe43D6kjPOGqBBKmx3EwWJqZ0cMrFF54yM49.png","contentUrl":"https:\/\/guineediversite.com\/wp-content\/uploads\/2017\/04\/cropped-1jojlxEOMkX9Wyqfhe43D6kjPOGqBBKmx3EwWJqZ0cMrFF54yM49.png","width":186,"height":112,"caption":"Guin\u00e9e Diversit\u00e9"},"image":{"@id":"https:\/\/guineediversite.com\/#\/schema\/logo\/image\/"},"sameAs":["https:\/\/www.facebook.com\/guineediversite\/","https:\/\/x.com\/GuineeDiversite","https:\/\/www.youtube.com\/channel\/UC8sUY16qelG5ge6_D5SB83g"]},{"@type":"Person","@id":"https:\/\/guineediversite.com\/#\/schema\/person\/afa08fb34e7fc6e1feafc892612bc836","name":"Guin\u00e9e Diversit\u00e9","image":{"@type":"ImageObject","inLanguage":"fr-FR","@id":"https:\/\/guineediversite.com\/#\/schema\/person\/image\/","url":"https:\/\/secure.gravatar.com\/avatar\/50d5eb5b390f8b65ac30ac6f898eb83a?s=96&d=mm&r=g","contentUrl":"https:\/\/secure.gravatar.com\/avatar\/50d5eb5b390f8b65ac30ac6f898eb83a?s=96&d=mm&r=g","caption":"Guin\u00e9e Diversit\u00e9"},"url":"https:\/\/guineediversite.com\/index.php\/author\/guineediversite\/"}]}},"_links":{"self":[{"href":"https:\/\/guineediversite.com\/index.php\/wp-json\/wp\/v2\/posts\/31031"}],"collection":[{"href":"https:\/\/guineediversite.com\/index.php\/wp-json\/wp\/v2\/posts"}],"about":[{"href":"https:\/\/guineediversite.com\/index.php\/wp-json\/wp\/v2\/types\/post"}],"author":[{"embeddable":true,"href":"https:\/\/guineediversite.com\/index.php\/wp-json\/wp\/v2\/users\/12"}],"replies":[{"embeddable":true,"href":"https:\/\/guineediversite.com\/index.php\/wp-json\/wp\/v2\/comments?post=31031"}],"version-history":[{"count":1,"href":"https:\/\/guineediversite.com\/index.php\/wp-json\/wp\/v2\/posts\/31031\/revisions"}],"predecessor-version":[{"id":31033,"href":"https:\/\/guineediversite.com\/index.php\/wp-json\/wp\/v2\/posts\/31031\/revisions\/31033"}],"wp:featuredmedia":[{"embeddable":true,"href":"https:\/\/guineediversite.com\/index.php\/wp-json\/wp\/v2\/media\/31032"}],"wp:attachment":[{"href":"https:\/\/guineediversite.com\/index.php\/wp-json\/wp\/v2\/media?parent=31031"}],"wp:term":[{"taxonomy":"category","embeddable":true,"href":"https:\/\/guineediversite.com\/index.php\/wp-json\/wp\/v2\/categories?post=31031"},{"taxonomy":"post_tag","embeddable":true,"href":"https:\/\/guineediversite.com\/index.php\/wp-json\/wp\/v2\/tags?post=31031"}],"curies":[{"name":"wp","href":"https:\/\/api.w.org\/{rel}","templated":true}]}}