{"id":31025,"date":"2021-03-17T10:32:20","date_gmt":"2021-03-17T09:32:20","guid":{"rendered":"https:\/\/guineediversite.com\/?p=31025"},"modified":"2021-03-17T10:32:20","modified_gmt":"2021-03-17T09:32:20","slug":"la-deuxieme-edition-du-prix-yaguine-et-fode-est-lancee","status":"publish","type":"post","link":"https:\/\/guineediversite.com\/index.php\/2021\/03\/17\/la-deuxieme-edition-du-prix-yaguine-et-fode-est-lancee\/","title":{"rendered":"La deuxi\u00e8me \u00e9dition du prix Yaguine et Fode est lanc\u00e9e"},"content":{"rendered":"<p><strong>L\u2019Association des femmes Journalistes de Guin\u00e9e a officiellement lanc\u00e9 la deuxi\u00e8me \u00e9dition du prix Yaguine et Fode ce mardi 16 mars 2021. Cette r\u00e9compense s\u2019inscrit dans le cadre du projet d\u2019autonomisation des jeunes et lutte contre la migration irr\u00e9guli\u00e8re en Afrique \u00e0 travers les m\u00e9dias. <\/strong><\/p>\n<p>Ladite comp\u00e9tition concerne des journalistes radios, TV, presse \u00e9crite, presse en ligne et les blogueurs de la Guin\u00e9e. La coordinatrice de l\u2019association, Hadyatou Yaya Sall a d\u00e9peint les objectifs et les th\u00e8mes du concours de cette ann\u00e9e.<\/p>\n<p>\u00ab <em>L&rsquo;objectif du concours est d&rsquo;encourager la production, la diffusion plus publication de reportage de qualit\u00e9 sur la migration afin d&rsquo;am\u00e9liorer la couverture m\u00e9diatique sur les questions migratoires. Le concours vise notamment \u00e0 informer les jeunes et les femmes sur les risques et les opportunit\u00e9s li\u00e9es \u00e0 la migration et de renforcer l&rsquo;acc\u00e8s de l&rsquo;opinion publique \u00e0 l&rsquo;information sur les questions migratoires par la production de contenus de qualit\u00e9. Les diff\u00e9rentes th\u00e9matiques \u00e0 traiter sont entre autres: L&rsquo;impact de la COVID-19 sur la migration, les voies l\u00e9gales de la migration, la traite des \u00eatres humains <\/em>\u00bb, a-t-elle affirm\u00e9.<\/p>\n<p>La coordinatrice du projet \u2018\u2019Autonomiser les jeunes \u00e0 travers les m\u00e9dias \u00ab\u00a0, Kadiatou Sow, a, \u00e0 son tour d\u00e9voil\u00e9 la motivation qui est selon elle, encourager les m\u00e9dias \u00e0 s&rsquo;int\u00e9resser davantage aux questions migratoires.<\/p>\n<p>\u00ab\u00a0<em>Comme vous le savez, ce prix pour nous a une double dimension. La premi\u00e8re, c&rsquo;est que les meilleures productions qui seront publi\u00e9es par les journalistes seront r\u00e9compens\u00e9es. Une fa\u00e7on pour nous d&rsquo;encourager les m\u00e9dias \u00e0 s&rsquo;int\u00e9resser plus aux questions migratoires, et la deuxi\u00e8me dimension, c&rsquo;est une fa\u00e7on pour nous de rendre hommage aux deux jeunes adolescents Yaguine et Fode qui ont trouv\u00e9 la mort en 1999 dans le train d&rsquo;atterrissage de la compagnie Air Sabena<\/em> \u00bb, a-t-elle laiss\u00e9 entendre.<\/p>\n<p>La participation \u00e0 ce concours est r\u00e9serv\u00e9e uniquement aux journalistes Guin\u00e9ens r\u00e9guli\u00e8rement employ\u00e9s.<\/p>\n<p>Dans chacune des cat\u00e9gories un laur\u00e9at sera r\u00e9compens\u00e9, les premiers de chaque cat\u00e9gorie recevront un ordinateur portable et un enregistreur num\u00e9rique.<\/p>\n","protected":false},"excerpt":{"rendered":"<p>L\u2019Association des femmes Journalistes de Guin\u00e9e a officiellement lanc\u00e9 la deuxi\u00e8me \u00e9dition du prix Yaguine et Fode ce mardi 16 mars 2021. Cette r\u00e9compense s\u2019inscrit dans le cadre du projet d\u2019autonomisation des jeunes et lutte contre la migration irr\u00e9guli\u00e8re en Afrique \u00e0 travers les m\u00e9dias. Ladite comp\u00e9tition concerne des journalistes radios, TV, presse \u00e9crite, presse [&hellip;]<\/p>\n","protected":false},"author":10,"featured_media":31026,"comment_status":"closed","ping_status":"open","sticky":false,"template":"","format":"standard","meta":{"_exactmetrics_skip_tracking":false,"_exactmetrics_sitenote_active":false,"_exactmetrics_sitenote_note":"","_exactmetrics_sitenote_category":0,"tdm_status":"","tdm_grid_status":"","footnotes":""},"categories":[16],"tags":[],"class_list":{"0":"post-31025","1":"post","2":"type-post","3":"status-publish","4":"format-standard","5":"has-post-thumbnail","7":"category-societe"},"yoast_head":"<!-- This site is optimized with the Yoast SEO plugin v24.2 - https:\/\/yoast.com\/wordpress\/plugins\/seo\/ -->\n<title>La deuxi\u00e8me \u00e9dition du prix Yaguine et Fode est lanc\u00e9e | Guin\u00e9e Diversit\u00e9<\/title>\n<meta name=\"robots\" content=\"index, follow, max-snippet:-1, max-image-preview:large, max-video-preview:-1\" \/>\n<link rel=\"canonical\" href=\"https:\/\/guineediversite.com\/index.php\/2021\/03\/17\/la-deuxieme-edition-du-prix-yaguine-et-fode-est-lancee\/\" \/>\n<meta property=\"og:locale\" content=\"fr_FR\" \/>\n<meta property=\"og:type\" content=\"article\" \/>\n<meta property=\"og:title\" content=\"La deuxi\u00e8me \u00e9dition du prix Yaguine et Fode est lanc\u00e9e | Guin\u00e9e Diversit\u00e9\" \/>\n<meta property=\"og:description\" content=\"L\u2019Association des femmes Journalistes de Guin\u00e9e a officiellement lanc\u00e9 la deuxi\u00e8me \u00e9dition du prix Yaguine et Fode ce mardi 16 mars 2021. Cette r\u00e9compense s\u2019inscrit dans le cadre du projet d\u2019autonomisation des jeunes et lutte contre la migration irr\u00e9guli\u00e8re en Afrique \u00e0 travers les m\u00e9dias. Ladite comp\u00e9tition concerne des journalistes radios, TV, presse \u00e9crite, presse [&hellip;]\" \/>\n<meta property=\"og:url\" content=\"https:\/\/guineediversite.com\/index.php\/2021\/03\/17\/la-deuxieme-edition-du-prix-yaguine-et-fode-est-lancee\/\" \/>\n<meta property=\"og:site_name\" content=\"Guin\u00e9e Diversit\u00e9\" \/>\n<meta property=\"article:publisher\" content=\"https:\/\/www.facebook.com\/guineediversite\/\" \/>\n<meta property=\"article:published_time\" content=\"2021-03-17T09:32:20+00:00\" \/>\n<meta property=\"og:image\" content=\"https:\/\/guineediversite.com\/wp-content\/uploads\/2021\/03\/WhatsApp-Image-2021-03-16-at-16.33.16.jpeg\" \/>\n\t<meta property=\"og:image:width\" content=\"1040\" \/>\n\t<meta property=\"og:image:height\" content=\"780\" \/>\n\t<meta property=\"og:image:type\" content=\"image\/jpeg\" \/>\n<meta name=\"author\" content=\"Morcire Camara\" \/>\n<meta name=\"twitter:card\" content=\"summary_large_image\" \/>\n<meta name=\"twitter:creator\" content=\"@GuineeDiversite\" \/>\n<meta name=\"twitter:site\" content=\"@GuineeDiversite\" \/>\n<meta name=\"twitter:label1\" content=\"\u00c9crit par\" \/>\n\t<meta name=\"twitter:data1\" content=\"Morcire Camara\" \/>\n\t<meta name=\"twitter:label2\" content=\"Dur\u00e9e de lecture estim\u00e9e\" \/>\n\t<meta name=\"twitter:data2\" content=\"2 minutes\" \/>\n<script type=\"application\/ld+json\" class=\"yoast-schema-graph\">{\"@context\":\"https:\/\/schema.org\",\"@graph\":[{\"@type\":\"Article\",\"@id\":\"https:\/\/guineediversite.com\/index.php\/2021\/03\/17\/la-deuxieme-edition-du-prix-yaguine-et-fode-est-lancee\/#article\",\"isPartOf\":{\"@id\":\"https:\/\/guineediversite.com\/index.php\/2021\/03\/17\/la-deuxieme-edition-du-prix-yaguine-et-fode-est-lancee\/\"},\"author\":{\"name\":\"Morcire Camara\",\"@id\":\"https:\/\/guineediversite.com\/#\/schema\/person\/fa362494c47202ce4b3adf55abcc9d01\"},\"headline\":\"La deuxi\u00e8me \u00e9dition du prix Yaguine et Fode est lanc\u00e9e\",\"datePublished\":\"2021-03-17T09:32:20+00:00\",\"dateModified\":\"2021-03-17T09:32:20+00:00\",\"mainEntityOfPage\":{\"@id\":\"https:\/\/guineediversite.com\/index.php\/2021\/03\/17\/la-deuxieme-edition-du-prix-yaguine-et-fode-est-lancee\/\"},\"wordCount\":382,\"publisher\":{\"@id\":\"https:\/\/guineediversite.com\/#organization\"},\"image\":{\"@id\":\"https:\/\/guineediversite.com\/index.php\/2021\/03\/17\/la-deuxieme-edition-du-prix-yaguine-et-fode-est-lancee\/#primaryimage\"},\"thumbnailUrl\":\"https:\/\/guineediversite.com\/wp-content\/uploads\/2021\/03\/WhatsApp-Image-2021-03-16-at-16.33.16.jpeg\",\"articleSection\":[\"Soci\u00e9t\u00e9\"],\"inLanguage\":\"fr-FR\"},{\"@type\":\"WebPage\",\"@id\":\"https:\/\/guineediversite.com\/index.php\/2021\/03\/17\/la-deuxieme-edition-du-prix-yaguine-et-fode-est-lancee\/\",\"url\":\"https:\/\/guineediversite.com\/index.php\/2021\/03\/17\/la-deuxieme-edition-du-prix-yaguine-et-fode-est-lancee\/\",\"name\":\"La deuxi\u00e8me \u00e9dition du prix Yaguine et Fode est lanc\u00e9e | Guin\u00e9e Diversit\u00e9\",\"isPartOf\":{\"@id\":\"https:\/\/guineediversite.com\/#website\"},\"primaryImageOfPage\":{\"@id\":\"https:\/\/guineediversite.com\/index.php\/2021\/03\/17\/la-deuxieme-edition-du-prix-yaguine-et-fode-est-lancee\/#primaryimage\"},\"image\":{\"@id\":\"https:\/\/guineediversite.com\/index.php\/2021\/03\/17\/la-deuxieme-edition-du-prix-yaguine-et-fode-est-lancee\/#primaryimage\"},\"thumbnailUrl\":\"https:\/\/guineediversite.com\/wp-content\/uploads\/2021\/03\/WhatsApp-Image-2021-03-16-at-16.33.16.jpeg\",\"datePublished\":\"2021-03-17T09:32:20+00:00\",\"dateModified\":\"2021-03-17T09:32:20+00:00\",\"breadcrumb\":{\"@id\":\"https:\/\/guineediversite.com\/index.php\/2021\/03\/17\/la-deuxieme-edition-du-prix-yaguine-et-fode-est-lancee\/#breadcrumb\"},\"inLanguage\":\"fr-FR\",\"potentialAction\":[{\"@type\":\"ReadAction\",\"target\":[\"https:\/\/guineediversite.com\/index.php\/2021\/03\/17\/la-deuxieme-edition-du-prix-yaguine-et-fode-est-lancee\/\"]}]},{\"@type\":\"ImageObject\",\"inLanguage\":\"fr-FR\",\"@id\":\"https:\/\/guineediversite.com\/index.php\/2021\/03\/17\/la-deuxieme-edition-du-prix-yaguine-et-fode-est-lancee\/#primaryimage\",\"url\":\"https:\/\/guineediversite.com\/wp-content\/uploads\/2021\/03\/WhatsApp-Image-2021-03-16-at-16.33.16.jpeg\",\"contentUrl\":\"https:\/\/guineediversite.com\/wp-content\/uploads\/2021\/03\/WhatsApp-Image-2021-03-16-at-16.33.16.jpeg\",\"width\":1040,\"height\":780},{\"@type\":\"BreadcrumbList\",\"@id\":\"https:\/\/guineediversite.com\/index.php\/2021\/03\/17\/la-deuxieme-edition-du-prix-yaguine-et-fode-est-lancee\/#breadcrumb\",\"itemListElement\":[{\"@type\":\"ListItem\",\"position\":1,\"name\":\"Accueil\",\"item\":\"https:\/\/guineediversite.com\/\"},{\"@type\":\"ListItem\",\"position\":2,\"name\":\"La deuxi\u00e8me \u00e9dition du prix Yaguine et Fode est lanc\u00e9e\"}]},{\"@type\":\"WebSite\",\"@id\":\"https:\/\/guineediversite.com\/#website\",\"url\":\"https:\/\/guineediversite.com\/\",\"name\":\"Guin\u00e9e Diversit\u00e9\",\"description\":\"L&#039;Info dans toute sa diversit\u00e9\",\"publisher\":{\"@id\":\"https:\/\/guineediversite.com\/#organization\"},\"potentialAction\":[{\"@type\":\"SearchAction\",\"target\":{\"@type\":\"EntryPoint\",\"urlTemplate\":\"https:\/\/guineediversite.com\/?s={search_term_string}\"},\"query-input\":{\"@type\":\"PropertyValueSpecification\",\"valueRequired\":true,\"valueName\":\"search_term_string\"}}],\"inLanguage\":\"fr-FR\"},{\"@type\":\"Organization\",\"@id\":\"https:\/\/guineediversite.com\/#organization\",\"name\":\"Guin\u00e9e Diversit\u00e9\",\"url\":\"https:\/\/guineediversite.com\/\",\"logo\":{\"@type\":\"ImageObject\",\"inLanguage\":\"fr-FR\",\"@id\":\"https:\/\/guineediversite.com\/#\/schema\/logo\/image\/\",\"url\":\"https:\/\/guineediversite.com\/wp-content\/uploads\/2017\/04\/cropped-1jojlxEOMkX9Wyqfhe43D6kjPOGqBBKmx3EwWJqZ0cMrFF54yM49.png\",\"contentUrl\":\"https:\/\/guineediversite.com\/wp-content\/uploads\/2017\/04\/cropped-1jojlxEOMkX9Wyqfhe43D6kjPOGqBBKmx3EwWJqZ0cMrFF54yM49.png\",\"width\":186,\"height\":112,\"caption\":\"Guin\u00e9e Diversit\u00e9\"},\"image\":{\"@id\":\"https:\/\/guineediversite.com\/#\/schema\/logo\/image\/\"},\"sameAs\":[\"https:\/\/www.facebook.com\/guineediversite\/\",\"https:\/\/x.com\/GuineeDiversite\",\"https:\/\/www.youtube.com\/channel\/UC8sUY16qelG5ge6_D5SB83g\"]},{\"@type\":\"Person\",\"@id\":\"https:\/\/guineediversite.com\/#\/schema\/person\/fa362494c47202ce4b3adf55abcc9d01\",\"name\":\"Morcire Camara\",\"image\":{\"@type\":\"ImageObject\",\"inLanguage\":\"fr-FR\",\"@id\":\"https:\/\/guineediversite.com\/#\/schema\/person\/image\/\",\"url\":\"https:\/\/secure.gravatar.com\/avatar\/3ec324f02295bbcebe03d99b39330ab4?s=96&d=mm&r=g\",\"contentUrl\":\"https:\/\/secure.gravatar.com\/avatar\/3ec324f02295bbcebe03d99b39330ab4?s=96&d=mm&r=g\",\"caption\":\"Morcire Camara\"},\"url\":\"https:\/\/guineediversite.com\/index.php\/author\/morcire\/\"}]}<\/script>\n<!-- \/ Yoast SEO plugin. -->","yoast_head_json":{"title":"La deuxi\u00e8me \u00e9dition du prix Yaguine et Fode est lanc\u00e9e | Guin\u00e9e Diversit\u00e9","robots":{"index":"index","follow":"follow","max-snippet":"max-snippet:-1","max-image-preview":"max-image-preview:large","max-video-preview":"max-video-preview:-1"},"canonical":"https:\/\/guineediversite.com\/index.php\/2021\/03\/17\/la-deuxieme-edition-du-prix-yaguine-et-fode-est-lancee\/","og_locale":"fr_FR","og_type":"article","og_title":"La deuxi\u00e8me \u00e9dition du prix Yaguine et Fode est lanc\u00e9e | Guin\u00e9e Diversit\u00e9","og_description":"L\u2019Association des femmes Journalistes de Guin\u00e9e a officiellement lanc\u00e9 la deuxi\u00e8me \u00e9dition du prix Yaguine et Fode ce mardi 16 mars 2021. Cette r\u00e9compense s\u2019inscrit dans le cadre du projet d\u2019autonomisation des jeunes et lutte contre la migration irr\u00e9guli\u00e8re en Afrique \u00e0 travers les m\u00e9dias. Ladite comp\u00e9tition concerne des journalistes radios, TV, presse \u00e9crite, presse [&hellip;]","og_url":"https:\/\/guineediversite.com\/index.php\/2021\/03\/17\/la-deuxieme-edition-du-prix-yaguine-et-fode-est-lancee\/","og_site_name":"Guin\u00e9e Diversit\u00e9","article_publisher":"https:\/\/www.facebook.com\/guineediversite\/","article_published_time":"2021-03-17T09:32:20+00:00","og_image":[{"width":1040,"height":780,"url":"https:\/\/guineediversite.com\/wp-content\/uploads\/2021\/03\/WhatsApp-Image-2021-03-16-at-16.33.16.jpeg","type":"image\/jpeg"}],"author":"Morcire Camara","twitter_card":"summary_large_image","twitter_creator":"@GuineeDiversite","twitter_site":"@GuineeDiversite","twitter_misc":{"\u00c9crit par":"Morcire Camara","Dur\u00e9e de lecture estim\u00e9e":"2 minutes"},"schema":{"@context":"https:\/\/schema.org","@graph":[{"@type":"Article","@id":"https:\/\/guineediversite.com\/index.php\/2021\/03\/17\/la-deuxieme-edition-du-prix-yaguine-et-fode-est-lancee\/#article","isPartOf":{"@id":"https:\/\/guineediversite.com\/index.php\/2021\/03\/17\/la-deuxieme-edition-du-prix-yaguine-et-fode-est-lancee\/"},"author":{"name":"Morcire Camara","@id":"https:\/\/guineediversite.com\/#\/schema\/person\/fa362494c47202ce4b3adf55abcc9d01"},"headline":"La deuxi\u00e8me \u00e9dition du prix Yaguine et Fode est lanc\u00e9e","datePublished":"2021-03-17T09:32:20+00:00","dateModified":"2021-03-17T09:32:20+00:00","mainEntityOfPage":{"@id":"https:\/\/guineediversite.com\/index.php\/2021\/03\/17\/la-deuxieme-edition-du-prix-yaguine-et-fode-est-lancee\/"},"wordCount":382,"publisher":{"@id":"https:\/\/guineediversite.com\/#organization"},"image":{"@id":"https:\/\/guineediversite.com\/index.php\/2021\/03\/17\/la-deuxieme-edition-du-prix-yaguine-et-fode-est-lancee\/#primaryimage"},"thumbnailUrl":"https:\/\/guineediversite.com\/wp-content\/uploads\/2021\/03\/WhatsApp-Image-2021-03-16-at-16.33.16.jpeg","articleSection":["Soci\u00e9t\u00e9"],"inLanguage":"fr-FR"},{"@type":"WebPage","@id":"https:\/\/guineediversite.com\/index.php\/2021\/03\/17\/la-deuxieme-edition-du-prix-yaguine-et-fode-est-lancee\/","url":"https:\/\/guineediversite.com\/index.php\/2021\/03\/17\/la-deuxieme-edition-du-prix-yaguine-et-fode-est-lancee\/","name":"La deuxi\u00e8me \u00e9dition du prix Yaguine et Fode est lanc\u00e9e | Guin\u00e9e Diversit\u00e9","isPartOf":{"@id":"https:\/\/guineediversite.com\/#website"},"primaryImageOfPage":{"@id":"https:\/\/guineediversite.com\/index.php\/2021\/03\/17\/la-deuxieme-edition-du-prix-yaguine-et-fode-est-lancee\/#primaryimage"},"image":{"@id":"https:\/\/guineediversite.com\/index.php\/2021\/03\/17\/la-deuxieme-edition-du-prix-yaguine-et-fode-est-lancee\/#primaryimage"},"thumbnailUrl":"https:\/\/guineediversite.com\/wp-content\/uploads\/2021\/03\/WhatsApp-Image-2021-03-16-at-16.33.16.jpeg","datePublished":"2021-03-17T09:32:20+00:00","dateModified":"2021-03-17T09:32:20+00:00","breadcrumb":{"@id":"https:\/\/guineediversite.com\/index.php\/2021\/03\/17\/la-deuxieme-edition-du-prix-yaguine-et-fode-est-lancee\/#breadcrumb"},"inLanguage":"fr-FR","potentialAction":[{"@type":"ReadAction","target":["https:\/\/guineediversite.com\/index.php\/2021\/03\/17\/la-deuxieme-edition-du-prix-yaguine-et-fode-est-lancee\/"]}]},{"@type":"ImageObject","inLanguage":"fr-FR","@id":"https:\/\/guineediversite.com\/index.php\/2021\/03\/17\/la-deuxieme-edition-du-prix-yaguine-et-fode-est-lancee\/#primaryimage","url":"https:\/\/guineediversite.com\/wp-content\/uploads\/2021\/03\/WhatsApp-Image-2021-03-16-at-16.33.16.jpeg","contentUrl":"https:\/\/guineediversite.com\/wp-content\/uploads\/2021\/03\/WhatsApp-Image-2021-03-16-at-16.33.16.jpeg","width":1040,"height":780},{"@type":"BreadcrumbList","@id":"https:\/\/guineediversite.com\/index.php\/2021\/03\/17\/la-deuxieme-edition-du-prix-yaguine-et-fode-est-lancee\/#breadcrumb","itemListElement":[{"@type":"ListItem","position":1,"name":"Accueil","item":"https:\/\/guineediversite.com\/"},{"@type":"ListItem","position":2,"name":"La deuxi\u00e8me \u00e9dition du prix Yaguine et Fode est lanc\u00e9e"}]},{"@type":"WebSite","@id":"https:\/\/guineediversite.com\/#website","url":"https:\/\/guineediversite.com\/","name":"Guin\u00e9e Diversit\u00e9","description":"L&#039;Info dans toute sa diversit\u00e9","publisher":{"@id":"https:\/\/guineediversite.com\/#organization"},"potentialAction":[{"@type":"SearchAction","target":{"@type":"EntryPoint","urlTemplate":"https:\/\/guineediversite.com\/?s={search_term_string}"},"query-input":{"@type":"PropertyValueSpecification","valueRequired":true,"valueName":"search_term_string"}}],"inLanguage":"fr-FR"},{"@type":"Organization","@id":"https:\/\/guineediversite.com\/#organization","name":"Guin\u00e9e Diversit\u00e9","url":"https:\/\/guineediversite.com\/","logo":{"@type":"ImageObject","inLanguage":"fr-FR","@id":"https:\/\/guineediversite.com\/#\/schema\/logo\/image\/","url":"https:\/\/guineediversite.com\/wp-content\/uploads\/2017\/04\/cropped-1jojlxEOMkX9Wyqfhe43D6kjPOGqBBKmx3EwWJqZ0cMrFF54yM49.png","contentUrl":"https:\/\/guineediversite.com\/wp-content\/uploads\/2017\/04\/cropped-1jojlxEOMkX9Wyqfhe43D6kjPOGqBBKmx3EwWJqZ0cMrFF54yM49.png","width":186,"height":112,"caption":"Guin\u00e9e Diversit\u00e9"},"image":{"@id":"https:\/\/guineediversite.com\/#\/schema\/logo\/image\/"},"sameAs":["https:\/\/www.facebook.com\/guineediversite\/","https:\/\/x.com\/GuineeDiversite","https:\/\/www.youtube.com\/channel\/UC8sUY16qelG5ge6_D5SB83g"]},{"@type":"Person","@id":"https:\/\/guineediversite.com\/#\/schema\/person\/fa362494c47202ce4b3adf55abcc9d01","name":"Morcire Camara","image":{"@type":"ImageObject","inLanguage":"fr-FR","@id":"https:\/\/guineediversite.com\/#\/schema\/person\/image\/","url":"https:\/\/secure.gravatar.com\/avatar\/3ec324f02295bbcebe03d99b39330ab4?s=96&d=mm&r=g","contentUrl":"https:\/\/secure.gravatar.com\/avatar\/3ec324f02295bbcebe03d99b39330ab4?s=96&d=mm&r=g","caption":"Morcire Camara"},"url":"https:\/\/guineediversite.com\/index.php\/author\/morcire\/"}]}},"_links":{"self":[{"href":"https:\/\/guineediversite.com\/index.php\/wp-json\/wp\/v2\/posts\/31025"}],"collection":[{"href":"https:\/\/guineediversite.com\/index.php\/wp-json\/wp\/v2\/posts"}],"about":[{"href":"https:\/\/guineediversite.com\/index.php\/wp-json\/wp\/v2\/types\/post"}],"author":[{"embeddable":true,"href":"https:\/\/guineediversite.com\/index.php\/wp-json\/wp\/v2\/users\/10"}],"replies":[{"embeddable":true,"href":"https:\/\/guineediversite.com\/index.php\/wp-json\/wp\/v2\/comments?post=31025"}],"version-history":[{"count":1,"href":"https:\/\/guineediversite.com\/index.php\/wp-json\/wp\/v2\/posts\/31025\/revisions"}],"predecessor-version":[{"id":31027,"href":"https:\/\/guineediversite.com\/index.php\/wp-json\/wp\/v2\/posts\/31025\/revisions\/31027"}],"wp:featuredmedia":[{"embeddable":true,"href":"https:\/\/guineediversite.com\/index.php\/wp-json\/wp\/v2\/media\/31026"}],"wp:attachment":[{"href":"https:\/\/guineediversite.com\/index.php\/wp-json\/wp\/v2\/media?parent=31025"}],"wp:term":[{"taxonomy":"category","embeddable":true,"href":"https:\/\/guineediversite.com\/index.php\/wp-json\/wp\/v2\/categories?post=31025"},{"taxonomy":"post_tag","embeddable":true,"href":"https:\/\/guineediversite.com\/index.php\/wp-json\/wp\/v2\/tags?post=31025"}],"curies":[{"name":"wp","href":"https:\/\/api.w.org\/{rel}","templated":true}]}}