{"id":30999,"date":"2021-03-16T16:13:52","date_gmt":"2021-03-16T15:13:52","guid":{"rendered":"https:\/\/guineediversite.com\/?p=30999"},"modified":"2021-03-16T17:16:48","modified_gmt":"2021-03-16T16:16:48","slug":"cellou-dalein-empeche-de-rallier-abidjan","status":"publish","type":"post","link":"https:\/\/guineediversite.com\/index.php\/2021\/03\/16\/cellou-dalein-empeche-de-rallier-abidjan\/","title":{"rendered":"Cellou Dalein emp\u00each\u00e9 de rallier Abidjan"},"content":{"rendered":"\r\n<p>Cellou Dalein Diallo, pr\u00e9sident de l&rsquo;UFDG s&rsquo;est vu interdit de sortir du pays pour la seconde fois.<\/p>\r\n\r\n\r\n\r\n<p>Alors qu&rsquo;il devait se rendre \u00e0 Abidjan ce mardi matin pour assister aux fun\u00e9railles d&rsquo;Ahmed Bakayoko Premier ministre ivoirien, le passeport de Cellou Dalein \u00e0 \u00e9t\u00e9 bloqu\u00e9 \u00e0 l&rsquo;a\u00e9roport de Conakry.\u00a0<\/p>\r\n<p>Il l&rsquo;a annonc\u00e9 sur son compte Twitter:\u00a0<\/p>\r\n<blockquote class=\"twitter-tweet\">\r\n<p dir=\"ltr\" lang=\"fr\">.<a href=\"https:\/\/twitter.com\/liberalinternat?ref_src=twsrc%5Etfw\">@liberalinternat<\/a> dont je suis Vice-pr\u00e9sident ex\u00e9cutif m\u2019a demand\u00e9 de repr\u00e9senter notre organisation aux fun\u00e9railles de feu Hamed Bakayoko, PM de <a href=\"https:\/\/twitter.com\/hashtag\/CIV?src=hash&amp;ref_src=twsrc%5Etfw\">#CIV<\/a>. Je me suis vu de nouveau opposer, sans aucune raison l\u00e9gale, une interdiction de voyager avec confiscation de passeport.<\/p>\r\n\u2014 Cellou Dalein Diallo (@Cellou_UFDG) <a href=\"https:\/\/twitter.com\/Cellou_UFDG\/status\/1371841408815013898?ref_src=twsrc%5Etfw\">March 16, 2021<\/a><\/blockquote>\r\n<p><script async src=\"https:\/\/platform.twitter.com\/widgets.js\" charset=\"utf-8\"><\/script><\/p>\r\n<p>Le pr\u00e9sident de l&rsquo;UFDG devrait repr\u00e9senter \u00e0 ces fun\u00e9railles l&rsquo;international Lib\u00e9ral dont il est le vice pr\u00e9sident.<\/p>\r\n\r\n\r\n\r\n<p>&nbsp;<\/p>\r\n","protected":false},"excerpt":{"rendered":"<p>Cellou Dalein Diallo, pr\u00e9sident de l&rsquo;UFDG s&rsquo;est vu interdit de sortir du pays pour la seconde fois. Alors qu&rsquo;il devait se rendre \u00e0 Abidjan ce mardi matin pour assister aux fun\u00e9railles d&rsquo;Ahmed Bakayoko Premier ministre ivoirien, le passeport de Cellou Dalein \u00e0 \u00e9t\u00e9 bloqu\u00e9 \u00e0 l&rsquo;a\u00e9roport de Conakry.\u00a0 Il l&rsquo;a annonc\u00e9 sur son compte Twitter:\u00a0 [&hellip;]<\/p>\n","protected":false},"author":6,"featured_media":30533,"comment_status":"closed","ping_status":"open","sticky":false,"template":"","format":"standard","meta":{"_exactmetrics_skip_tracking":false,"_exactmetrics_sitenote_active":false,"_exactmetrics_sitenote_note":"","_exactmetrics_sitenote_category":0,"tdm_status":"","tdm_grid_status":"","footnotes":""},"categories":[254,14],"tags":[],"class_list":{"0":"post-30999","1":"post","2":"type-post","3":"status-publish","4":"format-standard","5":"has-post-thumbnail","7":"category-derniere-minute","8":"category-politique"},"yoast_head":"<!-- This site is optimized with the Yoast SEO plugin v24.2 - https:\/\/yoast.com\/wordpress\/plugins\/seo\/ -->\n<title>Cellou Dalein emp\u00each\u00e9 de rallier Abidjan | Guin\u00e9e Diversit\u00e9<\/title>\n<meta name=\"robots\" content=\"index, follow, max-snippet:-1, max-image-preview:large, max-video-preview:-1\" \/>\n<link rel=\"canonical\" href=\"https:\/\/guineediversite.com\/index.php\/2021\/03\/16\/cellou-dalein-empeche-de-rallier-abidjan\/\" \/>\n<meta property=\"og:locale\" content=\"fr_FR\" \/>\n<meta property=\"og:type\" content=\"article\" \/>\n<meta property=\"og:title\" content=\"Cellou Dalein emp\u00each\u00e9 de rallier Abidjan | Guin\u00e9e Diversit\u00e9\" \/>\n<meta property=\"og:description\" content=\"Cellou Dalein Diallo, pr\u00e9sident de l&rsquo;UFDG s&rsquo;est vu interdit de sortir du pays pour la seconde fois. Alors qu&rsquo;il devait se rendre \u00e0 Abidjan ce mardi matin pour assister aux fun\u00e9railles d&rsquo;Ahmed Bakayoko Premier ministre ivoirien, le passeport de Cellou Dalein \u00e0 \u00e9t\u00e9 bloqu\u00e9 \u00e0 l&rsquo;a\u00e9roport de Conakry.\u00a0 Il l&rsquo;a annonc\u00e9 sur son compte Twitter:\u00a0 [&hellip;]\" \/>\n<meta property=\"og:url\" content=\"https:\/\/guineediversite.com\/index.php\/2021\/03\/16\/cellou-dalein-empeche-de-rallier-abidjan\/\" \/>\n<meta property=\"og:site_name\" content=\"Guin\u00e9e Diversit\u00e9\" \/>\n<meta property=\"article:publisher\" content=\"https:\/\/www.facebook.com\/guineediversite\/\" \/>\n<meta property=\"article:published_time\" content=\"2021-03-16T15:13:52+00:00\" \/>\n<meta property=\"article:modified_time\" content=\"2021-03-16T16:16:48+00:00\" \/>\n<meta property=\"og:image\" content=\"https:\/\/guineediversite.com\/wp-content\/uploads\/2020\/11\/cdd.jpg\" \/>\n\t<meta property=\"og:image:width\" content=\"1200\" \/>\n\t<meta property=\"og:image:height\" content=\"675\" \/>\n\t<meta property=\"og:image:type\" content=\"image\/jpeg\" \/>\n<meta name=\"author\" content=\"TMB\" \/>\n<meta name=\"twitter:card\" content=\"summary_large_image\" \/>\n<meta name=\"twitter:creator\" content=\"@TmoussaBah\" \/>\n<meta name=\"twitter:site\" content=\"@GuineeDiversite\" \/>\n<meta name=\"twitter:label1\" content=\"\u00c9crit par\" \/>\n\t<meta name=\"twitter:data1\" content=\"TMB\" \/>\n\t<meta name=\"twitter:label2\" content=\"Dur\u00e9e de lecture estim\u00e9e\" \/>\n\t<meta name=\"twitter:data2\" content=\"1 minute\" \/>\n<script type=\"application\/ld+json\" class=\"yoast-schema-graph\">{\"@context\":\"https:\/\/schema.org\",\"@graph\":[{\"@type\":\"Article\",\"@id\":\"https:\/\/guineediversite.com\/index.php\/2021\/03\/16\/cellou-dalein-empeche-de-rallier-abidjan\/#article\",\"isPartOf\":{\"@id\":\"https:\/\/guineediversite.com\/index.php\/2021\/03\/16\/cellou-dalein-empeche-de-rallier-abidjan\/\"},\"author\":{\"name\":\"TMB\",\"@id\":\"https:\/\/guineediversite.com\/#\/schema\/person\/93f07b8b19c6b61656d0edeba739b9e2\"},\"headline\":\"Cellou Dalein emp\u00each\u00e9 de rallier Abidjan\",\"datePublished\":\"2021-03-16T15:13:52+00:00\",\"dateModified\":\"2021-03-16T16:16:48+00:00\",\"mainEntityOfPage\":{\"@id\":\"https:\/\/guineediversite.com\/index.php\/2021\/03\/16\/cellou-dalein-empeche-de-rallier-abidjan\/\"},\"wordCount\":144,\"publisher\":{\"@id\":\"https:\/\/guineediversite.com\/#organization\"},\"image\":{\"@id\":\"https:\/\/guineediversite.com\/index.php\/2021\/03\/16\/cellou-dalein-empeche-de-rallier-abidjan\/#primaryimage\"},\"thumbnailUrl\":\"https:\/\/guineediversite.com\/wp-content\/uploads\/2020\/11\/cdd.jpg\",\"articleSection\":[\"Derni\u00e8re minute\",\"Politique\"],\"inLanguage\":\"fr-FR\"},{\"@type\":\"WebPage\",\"@id\":\"https:\/\/guineediversite.com\/index.php\/2021\/03\/16\/cellou-dalein-empeche-de-rallier-abidjan\/\",\"url\":\"https:\/\/guineediversite.com\/index.php\/2021\/03\/16\/cellou-dalein-empeche-de-rallier-abidjan\/\",\"name\":\"Cellou Dalein emp\u00each\u00e9 de rallier Abidjan | Guin\u00e9e Diversit\u00e9\",\"isPartOf\":{\"@id\":\"https:\/\/guineediversite.com\/#website\"},\"primaryImageOfPage\":{\"@id\":\"https:\/\/guineediversite.com\/index.php\/2021\/03\/16\/cellou-dalein-empeche-de-rallier-abidjan\/#primaryimage\"},\"image\":{\"@id\":\"https:\/\/guineediversite.com\/index.php\/2021\/03\/16\/cellou-dalein-empeche-de-rallier-abidjan\/#primaryimage\"},\"thumbnailUrl\":\"https:\/\/guineediversite.com\/wp-content\/uploads\/2020\/11\/cdd.jpg\",\"datePublished\":\"2021-03-16T15:13:52+00:00\",\"dateModified\":\"2021-03-16T16:16:48+00:00\",\"breadcrumb\":{\"@id\":\"https:\/\/guineediversite.com\/index.php\/2021\/03\/16\/cellou-dalein-empeche-de-rallier-abidjan\/#breadcrumb\"},\"inLanguage\":\"fr-FR\",\"potentialAction\":[{\"@type\":\"ReadAction\",\"target\":[\"https:\/\/guineediversite.com\/index.php\/2021\/03\/16\/cellou-dalein-empeche-de-rallier-abidjan\/\"]}]},{\"@type\":\"ImageObject\",\"inLanguage\":\"fr-FR\",\"@id\":\"https:\/\/guineediversite.com\/index.php\/2021\/03\/16\/cellou-dalein-empeche-de-rallier-abidjan\/#primaryimage\",\"url\":\"https:\/\/guineediversite.com\/wp-content\/uploads\/2020\/11\/cdd.jpg\",\"contentUrl\":\"https:\/\/guineediversite.com\/wp-content\/uploads\/2020\/11\/cdd.jpg\",\"width\":1200,\"height\":675},{\"@type\":\"BreadcrumbList\",\"@id\":\"https:\/\/guineediversite.com\/index.php\/2021\/03\/16\/cellou-dalein-empeche-de-rallier-abidjan\/#breadcrumb\",\"itemListElement\":[{\"@type\":\"ListItem\",\"position\":1,\"name\":\"Accueil\",\"item\":\"https:\/\/guineediversite.com\/\"},{\"@type\":\"ListItem\",\"position\":2,\"name\":\"Cellou Dalein emp\u00each\u00e9 de rallier Abidjan\"}]},{\"@type\":\"WebSite\",\"@id\":\"https:\/\/guineediversite.com\/#website\",\"url\":\"https:\/\/guineediversite.com\/\",\"name\":\"Guin\u00e9e Diversit\u00e9\",\"description\":\"L&#039;Info dans toute sa diversit\u00e9\",\"publisher\":{\"@id\":\"https:\/\/guineediversite.com\/#organization\"},\"potentialAction\":[{\"@type\":\"SearchAction\",\"target\":{\"@type\":\"EntryPoint\",\"urlTemplate\":\"https:\/\/guineediversite.com\/?s={search_term_string}\"},\"query-input\":{\"@type\":\"PropertyValueSpecification\",\"valueRequired\":true,\"valueName\":\"search_term_string\"}}],\"inLanguage\":\"fr-FR\"},{\"@type\":\"Organization\",\"@id\":\"https:\/\/guineediversite.com\/#organization\",\"name\":\"Guin\u00e9e Diversit\u00e9\",\"url\":\"https:\/\/guineediversite.com\/\",\"logo\":{\"@type\":\"ImageObject\",\"inLanguage\":\"fr-FR\",\"@id\":\"https:\/\/guineediversite.com\/#\/schema\/logo\/image\/\",\"url\":\"https:\/\/guineediversite.com\/wp-content\/uploads\/2017\/04\/cropped-1jojlxEOMkX9Wyqfhe43D6kjPOGqBBKmx3EwWJqZ0cMrFF54yM49.png\",\"contentUrl\":\"https:\/\/guineediversite.com\/wp-content\/uploads\/2017\/04\/cropped-1jojlxEOMkX9Wyqfhe43D6kjPOGqBBKmx3EwWJqZ0cMrFF54yM49.png\",\"width\":186,\"height\":112,\"caption\":\"Guin\u00e9e Diversit\u00e9\"},\"image\":{\"@id\":\"https:\/\/guineediversite.com\/#\/schema\/logo\/image\/\"},\"sameAs\":[\"https:\/\/www.facebook.com\/guineediversite\/\",\"https:\/\/x.com\/GuineeDiversite\",\"https:\/\/www.youtube.com\/channel\/UC8sUY16qelG5ge6_D5SB83g\"]},{\"@type\":\"Person\",\"@id\":\"https:\/\/guineediversite.com\/#\/schema\/person\/93f07b8b19c6b61656d0edeba739b9e2\",\"name\":\"TMB\",\"image\":{\"@type\":\"ImageObject\",\"inLanguage\":\"fr-FR\",\"@id\":\"https:\/\/guineediversite.com\/#\/schema\/person\/image\/\",\"url\":\"https:\/\/secure.gravatar.com\/avatar\/2bbb03bec976020eaf4dfa0af0a5259f?s=96&d=mm&r=g\",\"contentUrl\":\"https:\/\/secure.gravatar.com\/avatar\/2bbb03bec976020eaf4dfa0af0a5259f?s=96&d=mm&r=g\",\"caption\":\"TMB\"},\"sameAs\":[\"https:\/\/x.com\/TmoussaBah\"],\"url\":\"https:\/\/guineediversite.com\/index.php\/author\/thierno\/\"}]}<\/script>\n<!-- \/ Yoast SEO plugin. -->","yoast_head_json":{"title":"Cellou Dalein emp\u00each\u00e9 de rallier Abidjan | Guin\u00e9e Diversit\u00e9","robots":{"index":"index","follow":"follow","max-snippet":"max-snippet:-1","max-image-preview":"max-image-preview:large","max-video-preview":"max-video-preview:-1"},"canonical":"https:\/\/guineediversite.com\/index.php\/2021\/03\/16\/cellou-dalein-empeche-de-rallier-abidjan\/","og_locale":"fr_FR","og_type":"article","og_title":"Cellou Dalein emp\u00each\u00e9 de rallier Abidjan | Guin\u00e9e Diversit\u00e9","og_description":"Cellou Dalein Diallo, pr\u00e9sident de l&rsquo;UFDG s&rsquo;est vu interdit de sortir du pays pour la seconde fois. Alors qu&rsquo;il devait se rendre \u00e0 Abidjan ce mardi matin pour assister aux fun\u00e9railles d&rsquo;Ahmed Bakayoko Premier ministre ivoirien, le passeport de Cellou Dalein \u00e0 \u00e9t\u00e9 bloqu\u00e9 \u00e0 l&rsquo;a\u00e9roport de Conakry.\u00a0 Il l&rsquo;a annonc\u00e9 sur son compte Twitter:\u00a0 [&hellip;]","og_url":"https:\/\/guineediversite.com\/index.php\/2021\/03\/16\/cellou-dalein-empeche-de-rallier-abidjan\/","og_site_name":"Guin\u00e9e Diversit\u00e9","article_publisher":"https:\/\/www.facebook.com\/guineediversite\/","article_published_time":"2021-03-16T15:13:52+00:00","article_modified_time":"2021-03-16T16:16:48+00:00","og_image":[{"width":1200,"height":675,"url":"https:\/\/guineediversite.com\/wp-content\/uploads\/2020\/11\/cdd.jpg","type":"image\/jpeg"}],"author":"TMB","twitter_card":"summary_large_image","twitter_creator":"@TmoussaBah","twitter_site":"@GuineeDiversite","twitter_misc":{"\u00c9crit par":"TMB","Dur\u00e9e de lecture estim\u00e9e":"1 minute"},"schema":{"@context":"https:\/\/schema.org","@graph":[{"@type":"Article","@id":"https:\/\/guineediversite.com\/index.php\/2021\/03\/16\/cellou-dalein-empeche-de-rallier-abidjan\/#article","isPartOf":{"@id":"https:\/\/guineediversite.com\/index.php\/2021\/03\/16\/cellou-dalein-empeche-de-rallier-abidjan\/"},"author":{"name":"TMB","@id":"https:\/\/guineediversite.com\/#\/schema\/person\/93f07b8b19c6b61656d0edeba739b9e2"},"headline":"Cellou Dalein emp\u00each\u00e9 de rallier Abidjan","datePublished":"2021-03-16T15:13:52+00:00","dateModified":"2021-03-16T16:16:48+00:00","mainEntityOfPage":{"@id":"https:\/\/guineediversite.com\/index.php\/2021\/03\/16\/cellou-dalein-empeche-de-rallier-abidjan\/"},"wordCount":144,"publisher":{"@id":"https:\/\/guineediversite.com\/#organization"},"image":{"@id":"https:\/\/guineediversite.com\/index.php\/2021\/03\/16\/cellou-dalein-empeche-de-rallier-abidjan\/#primaryimage"},"thumbnailUrl":"https:\/\/guineediversite.com\/wp-content\/uploads\/2020\/11\/cdd.jpg","articleSection":["Derni\u00e8re minute","Politique"],"inLanguage":"fr-FR"},{"@type":"WebPage","@id":"https:\/\/guineediversite.com\/index.php\/2021\/03\/16\/cellou-dalein-empeche-de-rallier-abidjan\/","url":"https:\/\/guineediversite.com\/index.php\/2021\/03\/16\/cellou-dalein-empeche-de-rallier-abidjan\/","name":"Cellou Dalein emp\u00each\u00e9 de rallier Abidjan | Guin\u00e9e Diversit\u00e9","isPartOf":{"@id":"https:\/\/guineediversite.com\/#website"},"primaryImageOfPage":{"@id":"https:\/\/guineediversite.com\/index.php\/2021\/03\/16\/cellou-dalein-empeche-de-rallier-abidjan\/#primaryimage"},"image":{"@id":"https:\/\/guineediversite.com\/index.php\/2021\/03\/16\/cellou-dalein-empeche-de-rallier-abidjan\/#primaryimage"},"thumbnailUrl":"https:\/\/guineediversite.com\/wp-content\/uploads\/2020\/11\/cdd.jpg","datePublished":"2021-03-16T15:13:52+00:00","dateModified":"2021-03-16T16:16:48+00:00","breadcrumb":{"@id":"https:\/\/guineediversite.com\/index.php\/2021\/03\/16\/cellou-dalein-empeche-de-rallier-abidjan\/#breadcrumb"},"inLanguage":"fr-FR","potentialAction":[{"@type":"ReadAction","target":["https:\/\/guineediversite.com\/index.php\/2021\/03\/16\/cellou-dalein-empeche-de-rallier-abidjan\/"]}]},{"@type":"ImageObject","inLanguage":"fr-FR","@id":"https:\/\/guineediversite.com\/index.php\/2021\/03\/16\/cellou-dalein-empeche-de-rallier-abidjan\/#primaryimage","url":"https:\/\/guineediversite.com\/wp-content\/uploads\/2020\/11\/cdd.jpg","contentUrl":"https:\/\/guineediversite.com\/wp-content\/uploads\/2020\/11\/cdd.jpg","width":1200,"height":675},{"@type":"BreadcrumbList","@id":"https:\/\/guineediversite.com\/index.php\/2021\/03\/16\/cellou-dalein-empeche-de-rallier-abidjan\/#breadcrumb","itemListElement":[{"@type":"ListItem","position":1,"name":"Accueil","item":"https:\/\/guineediversite.com\/"},{"@type":"ListItem","position":2,"name":"Cellou Dalein emp\u00each\u00e9 de rallier Abidjan"}]},{"@type":"WebSite","@id":"https:\/\/guineediversite.com\/#website","url":"https:\/\/guineediversite.com\/","name":"Guin\u00e9e Diversit\u00e9","description":"L&#039;Info dans toute sa diversit\u00e9","publisher":{"@id":"https:\/\/guineediversite.com\/#organization"},"potentialAction":[{"@type":"SearchAction","target":{"@type":"EntryPoint","urlTemplate":"https:\/\/guineediversite.com\/?s={search_term_string}"},"query-input":{"@type":"PropertyValueSpecification","valueRequired":true,"valueName":"search_term_string"}}],"inLanguage":"fr-FR"},{"@type":"Organization","@id":"https:\/\/guineediversite.com\/#organization","name":"Guin\u00e9e Diversit\u00e9","url":"https:\/\/guineediversite.com\/","logo":{"@type":"ImageObject","inLanguage":"fr-FR","@id":"https:\/\/guineediversite.com\/#\/schema\/logo\/image\/","url":"https:\/\/guineediversite.com\/wp-content\/uploads\/2017\/04\/cropped-1jojlxEOMkX9Wyqfhe43D6kjPOGqBBKmx3EwWJqZ0cMrFF54yM49.png","contentUrl":"https:\/\/guineediversite.com\/wp-content\/uploads\/2017\/04\/cropped-1jojlxEOMkX9Wyqfhe43D6kjPOGqBBKmx3EwWJqZ0cMrFF54yM49.png","width":186,"height":112,"caption":"Guin\u00e9e Diversit\u00e9"},"image":{"@id":"https:\/\/guineediversite.com\/#\/schema\/logo\/image\/"},"sameAs":["https:\/\/www.facebook.com\/guineediversite\/","https:\/\/x.com\/GuineeDiversite","https:\/\/www.youtube.com\/channel\/UC8sUY16qelG5ge6_D5SB83g"]},{"@type":"Person","@id":"https:\/\/guineediversite.com\/#\/schema\/person\/93f07b8b19c6b61656d0edeba739b9e2","name":"TMB","image":{"@type":"ImageObject","inLanguage":"fr-FR","@id":"https:\/\/guineediversite.com\/#\/schema\/person\/image\/","url":"https:\/\/secure.gravatar.com\/avatar\/2bbb03bec976020eaf4dfa0af0a5259f?s=96&d=mm&r=g","contentUrl":"https:\/\/secure.gravatar.com\/avatar\/2bbb03bec976020eaf4dfa0af0a5259f?s=96&d=mm&r=g","caption":"TMB"},"sameAs":["https:\/\/x.com\/TmoussaBah"],"url":"https:\/\/guineediversite.com\/index.php\/author\/thierno\/"}]}},"_links":{"self":[{"href":"https:\/\/guineediversite.com\/index.php\/wp-json\/wp\/v2\/posts\/30999"}],"collection":[{"href":"https:\/\/guineediversite.com\/index.php\/wp-json\/wp\/v2\/posts"}],"about":[{"href":"https:\/\/guineediversite.com\/index.php\/wp-json\/wp\/v2\/types\/post"}],"author":[{"embeddable":true,"href":"https:\/\/guineediversite.com\/index.php\/wp-json\/wp\/v2\/users\/6"}],"replies":[{"embeddable":true,"href":"https:\/\/guineediversite.com\/index.php\/wp-json\/wp\/v2\/comments?post=30999"}],"version-history":[{"count":4,"href":"https:\/\/guineediversite.com\/index.php\/wp-json\/wp\/v2\/posts\/30999\/revisions"}],"predecessor-version":[{"id":31003,"href":"https:\/\/guineediversite.com\/index.php\/wp-json\/wp\/v2\/posts\/30999\/revisions\/31003"}],"wp:featuredmedia":[{"embeddable":true,"href":"https:\/\/guineediversite.com\/index.php\/wp-json\/wp\/v2\/media\/30533"}],"wp:attachment":[{"href":"https:\/\/guineediversite.com\/index.php\/wp-json\/wp\/v2\/media?parent=30999"}],"wp:term":[{"taxonomy":"category","embeddable":true,"href":"https:\/\/guineediversite.com\/index.php\/wp-json\/wp\/v2\/categories?post=30999"},{"taxonomy":"post_tag","embeddable":true,"href":"https:\/\/guineediversite.com\/index.php\/wp-json\/wp\/v2\/tags?post=30999"}],"curies":[{"name":"wp","href":"https:\/\/api.w.org\/{rel}","templated":true}]}}