{"id":30948,"date":"2021-03-13T12:05:18","date_gmt":"2021-03-13T11:05:18","guid":{"rendered":"https:\/\/guineediversite.com\/?p=30948"},"modified":"2021-03-13T12:05:18","modified_gmt":"2021-03-13T11:05:18","slug":"des-leaders-syndicaux-du-fspe-en-ecole-de-renforcement-des-capacites","status":"publish","type":"post","link":"https:\/\/guineediversite.com\/index.php\/2021\/03\/13\/des-leaders-syndicaux-du-fspe-en-ecole-de-renforcement-des-capacites\/","title":{"rendered":"Des leaders syndicaux du FSPE en \u00e9cole de renforcement des capacit\u00e9s"},"content":{"rendered":"<p><strong>Les leaders syndicaux de la f\u00e9d\u00e9ration Syndicale professionnelle de l\u2019\u00e9ducation FSPE ont suivi une formation de renforcement des capacit\u00e9s ce vendredi \u00e0 la bourse du travail.<\/strong><\/p>\n<p>C\u2019est une formation qui a \u00e9t\u00e9 initi\u00e9 par FSPE en collaboration avec le Syndicat national des enseignants du second degr\u00e9 de France. En toile de fond, transmettre des outils indispensables pour la lutte syndicale.<\/p>\n<p>Le dialogue social, inclusif et constructif \u00e9tait au menu de cette journ\u00e9e de formation.<\/p>\n<p><em>\u00ab\u00a0L\u2019objectif principal est de doter nos camardes des outils indispensables au bon fonctionnement d\u2019un syndicaliste. Un syndicaliste mal form\u00e9 est un danger pour la soci\u00e9t\u00e9. Notre objectif c\u2019est de former tous nos syndiqu\u00e9s \u00e0 la base, qu\u2019ils connaissent leurs droits et leurs devoirs en mati\u00e8re syndicale et comment n\u00e9gocier. Qu\u2019ils sachent qu\u2019un syndicaliste n\u2019est pas \u00e9gal \u00e0 n\u2019importe qui. Un syndicaliste c\u2019est quelqu\u2019un qui se sacrifie pour les travailleurs. Et pour ce travail il \u00a0faut apprendre beaucoup de chose, les r\u00e8gles et les principes pour leur permettre de mener bien leur combat \u00e0 la base et atteindre leurs objectifs. Mais un syndicaliste mal form\u00e9 ne sait pas ce que c\u2019est qu\u2019une revendication, ne connait pas ses droits et devoir et ne connait pas quelle est l\u2019importance du dialogue social, alors il devient tr\u00e8s dangereux. C\u2019est ce que nous voulons \u00e9viter pour assurer une bonne rel\u00e8ve<\/em>\u00a0\u00bb, a expliqu\u00e9 Salif Camara, secr\u00e9taire g\u00e9n\u00e9ral du FSPE.<\/p>\n<p>Pour rappel, l\u2019ann\u00e9e derni\u00e8re, cette formation a concern\u00e9 les syndiqu\u00e9s de la zone de Nz\u00e9r\u00e9kor\u00e9. Apr\u00e8s cette deuxi\u00e8me qui a r\u00e9uni les leaders syndicaux de la zone sp\u00e9ciale de Conakry, la formation va s\u2019\u00e9largir sur d\u2019autres r\u00e9gions notamment Bok\u00e9, Moyenne Guin\u00e9e et Kankan.<\/p>\n","protected":false},"excerpt":{"rendered":"<p>Les leaders syndicaux de la f\u00e9d\u00e9ration Syndicale professionnelle de l\u2019\u00e9ducation FSPE ont suivi une formation de renforcement des capacit\u00e9s ce vendredi \u00e0 la bourse du travail. C\u2019est une formation qui a \u00e9t\u00e9 initi\u00e9 par FSPE en collaboration avec le Syndicat national des enseignants du second degr\u00e9 de France. En toile de fond, transmettre des outils [&hellip;]<\/p>\n","protected":false},"author":10,"featured_media":30949,"comment_status":"closed","ping_status":"open","sticky":false,"template":"","format":"standard","meta":{"_exactmetrics_skip_tracking":false,"_exactmetrics_sitenote_active":false,"_exactmetrics_sitenote_note":"","_exactmetrics_sitenote_category":0,"tdm_status":"","tdm_grid_status":"","footnotes":""},"categories":[16],"tags":[],"class_list":{"0":"post-30948","1":"post","2":"type-post","3":"status-publish","4":"format-standard","5":"has-post-thumbnail","7":"category-societe"},"yoast_head":"<!-- This site is optimized with the Yoast SEO plugin v24.2 - https:\/\/yoast.com\/wordpress\/plugins\/seo\/ -->\n<title>Des leaders syndicaux du FSPE en \u00e9cole de renforcement des capacit\u00e9s | Guin\u00e9e Diversit\u00e9<\/title>\n<meta name=\"robots\" content=\"index, follow, max-snippet:-1, max-image-preview:large, max-video-preview:-1\" \/>\n<link rel=\"canonical\" href=\"https:\/\/guineediversite.com\/index.php\/2021\/03\/13\/des-leaders-syndicaux-du-fspe-en-ecole-de-renforcement-des-capacites\/\" \/>\n<meta property=\"og:locale\" content=\"fr_FR\" \/>\n<meta property=\"og:type\" content=\"article\" \/>\n<meta property=\"og:title\" content=\"Des leaders syndicaux du FSPE en \u00e9cole de renforcement des capacit\u00e9s | Guin\u00e9e Diversit\u00e9\" \/>\n<meta property=\"og:description\" content=\"Les leaders syndicaux de la f\u00e9d\u00e9ration Syndicale professionnelle de l\u2019\u00e9ducation FSPE ont suivi une formation de renforcement des capacit\u00e9s ce vendredi \u00e0 la bourse du travail. C\u2019est une formation qui a \u00e9t\u00e9 initi\u00e9 par FSPE en collaboration avec le Syndicat national des enseignants du second degr\u00e9 de France. En toile de fond, transmettre des outils [&hellip;]\" \/>\n<meta property=\"og:url\" content=\"https:\/\/guineediversite.com\/index.php\/2021\/03\/13\/des-leaders-syndicaux-du-fspe-en-ecole-de-renforcement-des-capacites\/\" \/>\n<meta property=\"og:site_name\" content=\"Guin\u00e9e Diversit\u00e9\" \/>\n<meta property=\"article:publisher\" content=\"https:\/\/www.facebook.com\/guineediversite\/\" \/>\n<meta property=\"article:published_time\" content=\"2021-03-13T11:05:18+00:00\" \/>\n<meta property=\"og:image\" content=\"https:\/\/guineediversite.com\/wp-content\/uploads\/2021\/03\/WhatsApp-Image-2021-03-13-at-10.43.31.jpeg\" \/>\n\t<meta property=\"og:image:width\" content=\"1080\" \/>\n\t<meta property=\"og:image:height\" content=\"810\" \/>\n\t<meta property=\"og:image:type\" content=\"image\/jpeg\" \/>\n<meta name=\"author\" content=\"Morcire Camara\" \/>\n<meta name=\"twitter:card\" content=\"summary_large_image\" \/>\n<meta name=\"twitter:creator\" content=\"@GuineeDiversite\" \/>\n<meta name=\"twitter:site\" content=\"@GuineeDiversite\" \/>\n<meta name=\"twitter:label1\" content=\"\u00c9crit par\" \/>\n\t<meta name=\"twitter:data1\" content=\"Morcire Camara\" \/>\n\t<meta name=\"twitter:label2\" content=\"Dur\u00e9e de lecture estim\u00e9e\" \/>\n\t<meta name=\"twitter:data2\" content=\"2 minutes\" \/>\n<script type=\"application\/ld+json\" class=\"yoast-schema-graph\">{\"@context\":\"https:\/\/schema.org\",\"@graph\":[{\"@type\":\"Article\",\"@id\":\"https:\/\/guineediversite.com\/index.php\/2021\/03\/13\/des-leaders-syndicaux-du-fspe-en-ecole-de-renforcement-des-capacites\/#article\",\"isPartOf\":{\"@id\":\"https:\/\/guineediversite.com\/index.php\/2021\/03\/13\/des-leaders-syndicaux-du-fspe-en-ecole-de-renforcement-des-capacites\/\"},\"author\":{\"name\":\"Morcire Camara\",\"@id\":\"https:\/\/guineediversite.com\/#\/schema\/person\/fa362494c47202ce4b3adf55abcc9d01\"},\"headline\":\"Des leaders syndicaux du FSPE en \u00e9cole de renforcement des capacit\u00e9s\",\"datePublished\":\"2021-03-13T11:05:18+00:00\",\"dateModified\":\"2021-03-13T11:05:18+00:00\",\"mainEntityOfPage\":{\"@id\":\"https:\/\/guineediversite.com\/index.php\/2021\/03\/13\/des-leaders-syndicaux-du-fspe-en-ecole-de-renforcement-des-capacites\/\"},\"wordCount\":322,\"publisher\":{\"@id\":\"https:\/\/guineediversite.com\/#organization\"},\"image\":{\"@id\":\"https:\/\/guineediversite.com\/index.php\/2021\/03\/13\/des-leaders-syndicaux-du-fspe-en-ecole-de-renforcement-des-capacites\/#primaryimage\"},\"thumbnailUrl\":\"https:\/\/guineediversite.com\/wp-content\/uploads\/2021\/03\/WhatsApp-Image-2021-03-13-at-10.43.31.jpeg\",\"articleSection\":[\"Soci\u00e9t\u00e9\"],\"inLanguage\":\"fr-FR\"},{\"@type\":\"WebPage\",\"@id\":\"https:\/\/guineediversite.com\/index.php\/2021\/03\/13\/des-leaders-syndicaux-du-fspe-en-ecole-de-renforcement-des-capacites\/\",\"url\":\"https:\/\/guineediversite.com\/index.php\/2021\/03\/13\/des-leaders-syndicaux-du-fspe-en-ecole-de-renforcement-des-capacites\/\",\"name\":\"Des leaders syndicaux du FSPE en \u00e9cole de renforcement des capacit\u00e9s | Guin\u00e9e Diversit\u00e9\",\"isPartOf\":{\"@id\":\"https:\/\/guineediversite.com\/#website\"},\"primaryImageOfPage\":{\"@id\":\"https:\/\/guineediversite.com\/index.php\/2021\/03\/13\/des-leaders-syndicaux-du-fspe-en-ecole-de-renforcement-des-capacites\/#primaryimage\"},\"image\":{\"@id\":\"https:\/\/guineediversite.com\/index.php\/2021\/03\/13\/des-leaders-syndicaux-du-fspe-en-ecole-de-renforcement-des-capacites\/#primaryimage\"},\"thumbnailUrl\":\"https:\/\/guineediversite.com\/wp-content\/uploads\/2021\/03\/WhatsApp-Image-2021-03-13-at-10.43.31.jpeg\",\"datePublished\":\"2021-03-13T11:05:18+00:00\",\"dateModified\":\"2021-03-13T11:05:18+00:00\",\"breadcrumb\":{\"@id\":\"https:\/\/guineediversite.com\/index.php\/2021\/03\/13\/des-leaders-syndicaux-du-fspe-en-ecole-de-renforcement-des-capacites\/#breadcrumb\"},\"inLanguage\":\"fr-FR\",\"potentialAction\":[{\"@type\":\"ReadAction\",\"target\":[\"https:\/\/guineediversite.com\/index.php\/2021\/03\/13\/des-leaders-syndicaux-du-fspe-en-ecole-de-renforcement-des-capacites\/\"]}]},{\"@type\":\"ImageObject\",\"inLanguage\":\"fr-FR\",\"@id\":\"https:\/\/guineediversite.com\/index.php\/2021\/03\/13\/des-leaders-syndicaux-du-fspe-en-ecole-de-renforcement-des-capacites\/#primaryimage\",\"url\":\"https:\/\/guineediversite.com\/wp-content\/uploads\/2021\/03\/WhatsApp-Image-2021-03-13-at-10.43.31.jpeg\",\"contentUrl\":\"https:\/\/guineediversite.com\/wp-content\/uploads\/2021\/03\/WhatsApp-Image-2021-03-13-at-10.43.31.jpeg\",\"width\":1080,\"height\":810},{\"@type\":\"BreadcrumbList\",\"@id\":\"https:\/\/guineediversite.com\/index.php\/2021\/03\/13\/des-leaders-syndicaux-du-fspe-en-ecole-de-renforcement-des-capacites\/#breadcrumb\",\"itemListElement\":[{\"@type\":\"ListItem\",\"position\":1,\"name\":\"Accueil\",\"item\":\"https:\/\/guineediversite.com\/\"},{\"@type\":\"ListItem\",\"position\":2,\"name\":\"Des leaders syndicaux du FSPE en \u00e9cole de renforcement des capacit\u00e9s\"}]},{\"@type\":\"WebSite\",\"@id\":\"https:\/\/guineediversite.com\/#website\",\"url\":\"https:\/\/guineediversite.com\/\",\"name\":\"Guin\u00e9e Diversit\u00e9\",\"description\":\"L&#039;Info dans toute sa diversit\u00e9\",\"publisher\":{\"@id\":\"https:\/\/guineediversite.com\/#organization\"},\"potentialAction\":[{\"@type\":\"SearchAction\",\"target\":{\"@type\":\"EntryPoint\",\"urlTemplate\":\"https:\/\/guineediversite.com\/?s={search_term_string}\"},\"query-input\":{\"@type\":\"PropertyValueSpecification\",\"valueRequired\":true,\"valueName\":\"search_term_string\"}}],\"inLanguage\":\"fr-FR\"},{\"@type\":\"Organization\",\"@id\":\"https:\/\/guineediversite.com\/#organization\",\"name\":\"Guin\u00e9e Diversit\u00e9\",\"url\":\"https:\/\/guineediversite.com\/\",\"logo\":{\"@type\":\"ImageObject\",\"inLanguage\":\"fr-FR\",\"@id\":\"https:\/\/guineediversite.com\/#\/schema\/logo\/image\/\",\"url\":\"https:\/\/guineediversite.com\/wp-content\/uploads\/2017\/04\/cropped-1jojlxEOMkX9Wyqfhe43D6kjPOGqBBKmx3EwWJqZ0cMrFF54yM49.png\",\"contentUrl\":\"https:\/\/guineediversite.com\/wp-content\/uploads\/2017\/04\/cropped-1jojlxEOMkX9Wyqfhe43D6kjPOGqBBKmx3EwWJqZ0cMrFF54yM49.png\",\"width\":186,\"height\":112,\"caption\":\"Guin\u00e9e Diversit\u00e9\"},\"image\":{\"@id\":\"https:\/\/guineediversite.com\/#\/schema\/logo\/image\/\"},\"sameAs\":[\"https:\/\/www.facebook.com\/guineediversite\/\",\"https:\/\/x.com\/GuineeDiversite\",\"https:\/\/www.youtube.com\/channel\/UC8sUY16qelG5ge6_D5SB83g\"]},{\"@type\":\"Person\",\"@id\":\"https:\/\/guineediversite.com\/#\/schema\/person\/fa362494c47202ce4b3adf55abcc9d01\",\"name\":\"Morcire Camara\",\"image\":{\"@type\":\"ImageObject\",\"inLanguage\":\"fr-FR\",\"@id\":\"https:\/\/guineediversite.com\/#\/schema\/person\/image\/\",\"url\":\"https:\/\/secure.gravatar.com\/avatar\/3ec324f02295bbcebe03d99b39330ab4?s=96&d=mm&r=g\",\"contentUrl\":\"https:\/\/secure.gravatar.com\/avatar\/3ec324f02295bbcebe03d99b39330ab4?s=96&d=mm&r=g\",\"caption\":\"Morcire Camara\"},\"url\":\"https:\/\/guineediversite.com\/index.php\/author\/morcire\/\"}]}<\/script>\n<!-- \/ Yoast SEO plugin. -->","yoast_head_json":{"title":"Des leaders syndicaux du FSPE en \u00e9cole de renforcement des capacit\u00e9s | Guin\u00e9e Diversit\u00e9","robots":{"index":"index","follow":"follow","max-snippet":"max-snippet:-1","max-image-preview":"max-image-preview:large","max-video-preview":"max-video-preview:-1"},"canonical":"https:\/\/guineediversite.com\/index.php\/2021\/03\/13\/des-leaders-syndicaux-du-fspe-en-ecole-de-renforcement-des-capacites\/","og_locale":"fr_FR","og_type":"article","og_title":"Des leaders syndicaux du FSPE en \u00e9cole de renforcement des capacit\u00e9s | Guin\u00e9e Diversit\u00e9","og_description":"Les leaders syndicaux de la f\u00e9d\u00e9ration Syndicale professionnelle de l\u2019\u00e9ducation FSPE ont suivi une formation de renforcement des capacit\u00e9s ce vendredi \u00e0 la bourse du travail. C\u2019est une formation qui a \u00e9t\u00e9 initi\u00e9 par FSPE en collaboration avec le Syndicat national des enseignants du second degr\u00e9 de France. En toile de fond, transmettre des outils [&hellip;]","og_url":"https:\/\/guineediversite.com\/index.php\/2021\/03\/13\/des-leaders-syndicaux-du-fspe-en-ecole-de-renforcement-des-capacites\/","og_site_name":"Guin\u00e9e Diversit\u00e9","article_publisher":"https:\/\/www.facebook.com\/guineediversite\/","article_published_time":"2021-03-13T11:05:18+00:00","og_image":[{"width":1080,"height":810,"url":"https:\/\/guineediversite.com\/wp-content\/uploads\/2021\/03\/WhatsApp-Image-2021-03-13-at-10.43.31.jpeg","type":"image\/jpeg"}],"author":"Morcire Camara","twitter_card":"summary_large_image","twitter_creator":"@GuineeDiversite","twitter_site":"@GuineeDiversite","twitter_misc":{"\u00c9crit par":"Morcire Camara","Dur\u00e9e de lecture estim\u00e9e":"2 minutes"},"schema":{"@context":"https:\/\/schema.org","@graph":[{"@type":"Article","@id":"https:\/\/guineediversite.com\/index.php\/2021\/03\/13\/des-leaders-syndicaux-du-fspe-en-ecole-de-renforcement-des-capacites\/#article","isPartOf":{"@id":"https:\/\/guineediversite.com\/index.php\/2021\/03\/13\/des-leaders-syndicaux-du-fspe-en-ecole-de-renforcement-des-capacites\/"},"author":{"name":"Morcire Camara","@id":"https:\/\/guineediversite.com\/#\/schema\/person\/fa362494c47202ce4b3adf55abcc9d01"},"headline":"Des leaders syndicaux du FSPE en \u00e9cole de renforcement des capacit\u00e9s","datePublished":"2021-03-13T11:05:18+00:00","dateModified":"2021-03-13T11:05:18+00:00","mainEntityOfPage":{"@id":"https:\/\/guineediversite.com\/index.php\/2021\/03\/13\/des-leaders-syndicaux-du-fspe-en-ecole-de-renforcement-des-capacites\/"},"wordCount":322,"publisher":{"@id":"https:\/\/guineediversite.com\/#organization"},"image":{"@id":"https:\/\/guineediversite.com\/index.php\/2021\/03\/13\/des-leaders-syndicaux-du-fspe-en-ecole-de-renforcement-des-capacites\/#primaryimage"},"thumbnailUrl":"https:\/\/guineediversite.com\/wp-content\/uploads\/2021\/03\/WhatsApp-Image-2021-03-13-at-10.43.31.jpeg","articleSection":["Soci\u00e9t\u00e9"],"inLanguage":"fr-FR"},{"@type":"WebPage","@id":"https:\/\/guineediversite.com\/index.php\/2021\/03\/13\/des-leaders-syndicaux-du-fspe-en-ecole-de-renforcement-des-capacites\/","url":"https:\/\/guineediversite.com\/index.php\/2021\/03\/13\/des-leaders-syndicaux-du-fspe-en-ecole-de-renforcement-des-capacites\/","name":"Des leaders syndicaux du FSPE en \u00e9cole de renforcement des capacit\u00e9s | Guin\u00e9e Diversit\u00e9","isPartOf":{"@id":"https:\/\/guineediversite.com\/#website"},"primaryImageOfPage":{"@id":"https:\/\/guineediversite.com\/index.php\/2021\/03\/13\/des-leaders-syndicaux-du-fspe-en-ecole-de-renforcement-des-capacites\/#primaryimage"},"image":{"@id":"https:\/\/guineediversite.com\/index.php\/2021\/03\/13\/des-leaders-syndicaux-du-fspe-en-ecole-de-renforcement-des-capacites\/#primaryimage"},"thumbnailUrl":"https:\/\/guineediversite.com\/wp-content\/uploads\/2021\/03\/WhatsApp-Image-2021-03-13-at-10.43.31.jpeg","datePublished":"2021-03-13T11:05:18+00:00","dateModified":"2021-03-13T11:05:18+00:00","breadcrumb":{"@id":"https:\/\/guineediversite.com\/index.php\/2021\/03\/13\/des-leaders-syndicaux-du-fspe-en-ecole-de-renforcement-des-capacites\/#breadcrumb"},"inLanguage":"fr-FR","potentialAction":[{"@type":"ReadAction","target":["https:\/\/guineediversite.com\/index.php\/2021\/03\/13\/des-leaders-syndicaux-du-fspe-en-ecole-de-renforcement-des-capacites\/"]}]},{"@type":"ImageObject","inLanguage":"fr-FR","@id":"https:\/\/guineediversite.com\/index.php\/2021\/03\/13\/des-leaders-syndicaux-du-fspe-en-ecole-de-renforcement-des-capacites\/#primaryimage","url":"https:\/\/guineediversite.com\/wp-content\/uploads\/2021\/03\/WhatsApp-Image-2021-03-13-at-10.43.31.jpeg","contentUrl":"https:\/\/guineediversite.com\/wp-content\/uploads\/2021\/03\/WhatsApp-Image-2021-03-13-at-10.43.31.jpeg","width":1080,"height":810},{"@type":"BreadcrumbList","@id":"https:\/\/guineediversite.com\/index.php\/2021\/03\/13\/des-leaders-syndicaux-du-fspe-en-ecole-de-renforcement-des-capacites\/#breadcrumb","itemListElement":[{"@type":"ListItem","position":1,"name":"Accueil","item":"https:\/\/guineediversite.com\/"},{"@type":"ListItem","position":2,"name":"Des leaders syndicaux du FSPE en \u00e9cole de renforcement des capacit\u00e9s"}]},{"@type":"WebSite","@id":"https:\/\/guineediversite.com\/#website","url":"https:\/\/guineediversite.com\/","name":"Guin\u00e9e Diversit\u00e9","description":"L&#039;Info dans toute sa diversit\u00e9","publisher":{"@id":"https:\/\/guineediversite.com\/#organization"},"potentialAction":[{"@type":"SearchAction","target":{"@type":"EntryPoint","urlTemplate":"https:\/\/guineediversite.com\/?s={search_term_string}"},"query-input":{"@type":"PropertyValueSpecification","valueRequired":true,"valueName":"search_term_string"}}],"inLanguage":"fr-FR"},{"@type":"Organization","@id":"https:\/\/guineediversite.com\/#organization","name":"Guin\u00e9e Diversit\u00e9","url":"https:\/\/guineediversite.com\/","logo":{"@type":"ImageObject","inLanguage":"fr-FR","@id":"https:\/\/guineediversite.com\/#\/schema\/logo\/image\/","url":"https:\/\/guineediversite.com\/wp-content\/uploads\/2017\/04\/cropped-1jojlxEOMkX9Wyqfhe43D6kjPOGqBBKmx3EwWJqZ0cMrFF54yM49.png","contentUrl":"https:\/\/guineediversite.com\/wp-content\/uploads\/2017\/04\/cropped-1jojlxEOMkX9Wyqfhe43D6kjPOGqBBKmx3EwWJqZ0cMrFF54yM49.png","width":186,"height":112,"caption":"Guin\u00e9e Diversit\u00e9"},"image":{"@id":"https:\/\/guineediversite.com\/#\/schema\/logo\/image\/"},"sameAs":["https:\/\/www.facebook.com\/guineediversite\/","https:\/\/x.com\/GuineeDiversite","https:\/\/www.youtube.com\/channel\/UC8sUY16qelG5ge6_D5SB83g"]},{"@type":"Person","@id":"https:\/\/guineediversite.com\/#\/schema\/person\/fa362494c47202ce4b3adf55abcc9d01","name":"Morcire Camara","image":{"@type":"ImageObject","inLanguage":"fr-FR","@id":"https:\/\/guineediversite.com\/#\/schema\/person\/image\/","url":"https:\/\/secure.gravatar.com\/avatar\/3ec324f02295bbcebe03d99b39330ab4?s=96&d=mm&r=g","contentUrl":"https:\/\/secure.gravatar.com\/avatar\/3ec324f02295bbcebe03d99b39330ab4?s=96&d=mm&r=g","caption":"Morcire Camara"},"url":"https:\/\/guineediversite.com\/index.php\/author\/morcire\/"}]}},"_links":{"self":[{"href":"https:\/\/guineediversite.com\/index.php\/wp-json\/wp\/v2\/posts\/30948"}],"collection":[{"href":"https:\/\/guineediversite.com\/index.php\/wp-json\/wp\/v2\/posts"}],"about":[{"href":"https:\/\/guineediversite.com\/index.php\/wp-json\/wp\/v2\/types\/post"}],"author":[{"embeddable":true,"href":"https:\/\/guineediversite.com\/index.php\/wp-json\/wp\/v2\/users\/10"}],"replies":[{"embeddable":true,"href":"https:\/\/guineediversite.com\/index.php\/wp-json\/wp\/v2\/comments?post=30948"}],"version-history":[{"count":1,"href":"https:\/\/guineediversite.com\/index.php\/wp-json\/wp\/v2\/posts\/30948\/revisions"}],"predecessor-version":[{"id":30950,"href":"https:\/\/guineediversite.com\/index.php\/wp-json\/wp\/v2\/posts\/30948\/revisions\/30950"}],"wp:featuredmedia":[{"embeddable":true,"href":"https:\/\/guineediversite.com\/index.php\/wp-json\/wp\/v2\/media\/30949"}],"wp:attachment":[{"href":"https:\/\/guineediversite.com\/index.php\/wp-json\/wp\/v2\/media?parent=30948"}],"wp:term":[{"taxonomy":"category","embeddable":true,"href":"https:\/\/guineediversite.com\/index.php\/wp-json\/wp\/v2\/categories?post=30948"},{"taxonomy":"post_tag","embeddable":true,"href":"https:\/\/guineediversite.com\/index.php\/wp-json\/wp\/v2\/tags?post=30948"}],"curies":[{"name":"wp","href":"https:\/\/api.w.org\/{rel}","templated":true}]}}