{"id":30943,"date":"2021-03-13T10:53:43","date_gmt":"2021-03-13T09:53:43","guid":{"rendered":"https:\/\/guineediversite.com\/?p=30943"},"modified":"2021-03-13T10:53:43","modified_gmt":"2021-03-13T09:53:43","slug":"senegal-le-m2d-suspend-son-appel-a-la-manifestation-pacifique-prevue-samedi-13-mars","status":"publish","type":"post","link":"https:\/\/guineediversite.com\/index.php\/2021\/03\/13\/senegal-le-m2d-suspend-son-appel-a-la-manifestation-pacifique-prevue-samedi-13-mars\/","title":{"rendered":"S\u00e9n\u00e9gal: le M2D suspend son appel \u00e0 la manifestation pacifique pr\u00e9vue samedi 13 mars"},"content":{"rendered":"<p>Le Mouvement de d\u00e9fense de la d\u00e9mocratie a d\u00e9cid\u00e9 de suspendre son appel \u00e0 manifester pacifiquement apr\u00e8s un \u00e9change avec l&rsquo;\u00e9missaire du khalife g\u00e9n\u00e9ral de la confr\u00e9rie mouride.<\/p>\n<p>Dans un communiqu\u00e9, le M2D indique avoir \u00ab\u00a0<em>accept\u00e9 la demande de report\u00a0<\/em>\u00bb formul\u00e9e par l&rsquo;influent chef religieux Serigne Mountakha Mback\u00e9. \u00ab\u00a0<em>En retour\u00a0<\/em>\u00bb, le M2D indique avoir transmis au khalife un m\u00e9morandum de 10 revendications, notamment \u00ab\u00a0<em>la lib\u00e9ration imm\u00e9diate et sans conditions des prisonniers politiques incarc\u00e9r\u00e9s<\/em>\u00a0\u00bb, l&rsquo;\u00ab\u00a0<em>arr\u00eat de la pers\u00e9cution des opposants, y compris par le biais des \u00e9coutes t\u00e9l\u00e9phoniques et des espionnages\u00a0<\/em>\u00bb.<\/p>\n<p>Pour ce qui est de l\u2019opposant Ousmane Sonko, dont l\u2019arrestation avait \u00e9t\u00e9 le d\u00e9clencheur de ces mouvements de col\u00e8re, le M2D demande \u00e0 ce que soit mis fin imm\u00e9diatement \u00ab<em>\u00a0au complot politico-judiciaire\u00a0foment\u00e9 contre<\/em>\u00a0\u00bb lui\u00a0et de s\u2019engager <em>\u00ab\u00a0\u00e0 ne plus \u00e9mettre \u00e0 son encontre la moindre charge\u00a0<\/em>\u00bb.<\/p>\n<p>Le M2D demande par ailleurs au chef de l\u2019\u00c9tat qu\u2019il s\u2019engage publiquement \u00e0 organiser des \u00e9lections locales en 2021, des l\u00e9gislatives en 2022 et la pr\u00e9sidentielle en 2024 dans \u00ab\u00a0<em>des conditions libres et d\u00e9mocratiques\u00a0\u00bb. Il lui demande \u00e9galement de \u00ab<\/em>\u00a0<em>reconna\u00eetre publiquement l&rsquo;impossibilit\u00e9 constitutionnelle et morale<\/em>\u00a0\u00bb \u00e0 briguer un 3<sup>e<\/sup> mandat.<\/p>\n<p>Si le mouvement annonce la suspension<em> sine die<\/em> des marches, il ne pr\u00e9cise pas pour autant\u00a0les villes concern\u00e9es. D\u2019apr\u00e8s les informations de RFI, la marche serait maintenue \u00e0 Saint-Louis. Des informations qui restent \u00e0 confirmer.<\/p>\n<p>Ce m\u00e9morandum intervient alors que ce vendredi \u00e9tait un jour de deuil au S\u00e9n\u00e9gal \u00e0 l\u2019appel du collectif M2D en m\u00e9moire des victimes des affrontements de la semaine derni\u00e8re.<\/p>\n<p>&nbsp;<\/p>\n<p>Officiellement, nous suspendons provisoirement ces manifestations pacifiques. Nous avons exprim\u00e9 notre volont\u00e9 de porter aupr\u00e8s du khalife notre message.<\/p>\n<p>Aliou San\u00e9, coordonnateur du mouvement Y\u2019en a Marre<\/p>\n<p><strong>Les facteurs de la mobilisation<\/strong><\/p>\n<p>Si le M2D suspend les manifestations, le bras de fer n\u2019est pas termin\u00e9 pour autant. Cette crise r\u00e9v\u00e8le les tensions qui existent dans la soci\u00e9t\u00e9 s\u00e9n\u00e9galaise. Trois grands facteurs se d\u00e9gagent pour expliquer cette mobilisation, l\u2019une des plus importantes de ces derni\u00e8res d\u00e9cennies au S\u00e9n\u00e9gal.<\/p>\n<p>L\u2019affaire Sonko cristallise la col\u00e8re latente, le d\u00e9sespoir d\u2019une jeunesse qui se sent abandonn\u00e9e depuis de longues ann\u00e9es par ses dirigeants et dont le quotidien est chaque jour plus difficile, notamment depuis la crise du coronavirus.\u00a0 Les in\u00e9galit\u00e9s, le ch\u00f4mage, l\u2019absence de perspectives dans un pays o\u00f9 70% des habitants ont moins de 35 ans, exacerbe les tensions.<\/p>\n<p>Ensuite, cette crise r\u00e9v\u00e8le une certaine forme de d\u00e9fiance envers la justice. Pour de bonne ou de mauvaises raisons, beaucoup ont vu dans cette affaire une preuve suppl\u00e9mentaire de l\u2019instrumentalisation de la justice, apr\u00e8s les condamnations de Karim Wade le fils de l\u2019ancien pr\u00e9sident et Khalifa Sall, l\u2019ancien maire de Dakar.<\/p>\n<p>Le pouvoir a beau expliqu\u00e9 qu\u2019il s\u2019agit d\u2019une plainte priv\u00e9e dans une affaire de m\u0153urs, que la justice est ind\u00e9pendante, le message a du mal a pass\u00e9, ce qui a pouss\u00e9 dans la rue bon nombre de manifestants, convaincus que le but ultime est d\u2019\u00e9carter l\u2019opposant de la course \u00e0 la pr\u00e9sidentielle en 2024<\/p>\n<p>Autre grand facteur de mobilisation ; la question du 3eme mandat. Lors de sa traditionnelle interview du 31 d\u00e9cembre, le pr\u00e9sident Macky Sall a rappel\u00e9 sa position : le ni oui ni non. \u00ab <em>Il ach\u00e8ve son 2e mandat.\u00a0 Il aurait d\u00fb dire tout simplement non <\/em>\u00bb , explique un \u00e9tudiant.<\/p>\n<p><strong>RFI<\/strong><\/p>\n","protected":false},"excerpt":{"rendered":"<p>Le Mouvement de d\u00e9fense de la d\u00e9mocratie a d\u00e9cid\u00e9 de suspendre son appel \u00e0 manifester pacifiquement apr\u00e8s un \u00e9change avec l&rsquo;\u00e9missaire du khalife g\u00e9n\u00e9ral de la confr\u00e9rie mouride. Dans un communiqu\u00e9, le M2D indique avoir \u00ab\u00a0accept\u00e9 la demande de report\u00a0\u00bb formul\u00e9e par l&rsquo;influent chef religieux Serigne Mountakha Mback\u00e9. \u00ab\u00a0En retour\u00a0\u00bb, le M2D indique avoir transmis [&hellip;]<\/p>\n","protected":false},"author":12,"featured_media":30944,"comment_status":"closed","ping_status":"open","sticky":false,"template":"","format":"standard","meta":{"_exactmetrics_skip_tracking":false,"_exactmetrics_sitenote_active":false,"_exactmetrics_sitenote_note":"","_exactmetrics_sitenote_category":0,"tdm_status":"","tdm_grid_status":"","footnotes":""},"categories":[21],"tags":[],"class_list":{"0":"post-30943","1":"post","2":"type-post","3":"status-publish","4":"format-standard","5":"has-post-thumbnail","7":"category-international"},"yoast_head":"<!-- This site is optimized with the Yoast SEO plugin v24.2 - https:\/\/yoast.com\/wordpress\/plugins\/seo\/ -->\n<title>S\u00e9n\u00e9gal: le M2D suspend son appel \u00e0 la manifestation pacifique pr\u00e9vue samedi 13 mars | Guin\u00e9e Diversit\u00e9<\/title>\n<meta name=\"robots\" content=\"index, follow, max-snippet:-1, max-image-preview:large, max-video-preview:-1\" \/>\n<link rel=\"canonical\" href=\"https:\/\/guineediversite.com\/index.php\/2021\/03\/13\/senegal-le-m2d-suspend-son-appel-a-la-manifestation-pacifique-prevue-samedi-13-mars\/\" \/>\n<meta property=\"og:locale\" content=\"fr_FR\" \/>\n<meta property=\"og:type\" content=\"article\" \/>\n<meta property=\"og:title\" content=\"S\u00e9n\u00e9gal: le M2D suspend son appel \u00e0 la manifestation pacifique pr\u00e9vue samedi 13 mars | Guin\u00e9e Diversit\u00e9\" \/>\n<meta property=\"og:description\" content=\"Le Mouvement de d\u00e9fense de la d\u00e9mocratie a d\u00e9cid\u00e9 de suspendre son appel \u00e0 manifester pacifiquement apr\u00e8s un \u00e9change avec l&rsquo;\u00e9missaire du khalife g\u00e9n\u00e9ral de la confr\u00e9rie mouride. Dans un communiqu\u00e9, le M2D indique avoir \u00ab\u00a0accept\u00e9 la demande de report\u00a0\u00bb formul\u00e9e par l&rsquo;influent chef religieux Serigne Mountakha Mback\u00e9. \u00ab\u00a0En retour\u00a0\u00bb, le M2D indique avoir transmis [&hellip;]\" \/>\n<meta property=\"og:url\" content=\"https:\/\/guineediversite.com\/index.php\/2021\/03\/13\/senegal-le-m2d-suspend-son-appel-a-la-manifestation-pacifique-prevue-samedi-13-mars\/\" \/>\n<meta property=\"og:site_name\" content=\"Guin\u00e9e Diversit\u00e9\" \/>\n<meta property=\"article:publisher\" content=\"https:\/\/www.facebook.com\/guineediversite\/\" \/>\n<meta property=\"article:published_time\" content=\"2021-03-13T09:53:43+00:00\" \/>\n<meta property=\"og:image\" content=\"https:\/\/guineediversite.com\/wp-content\/uploads\/2021\/03\/le-M2D-suspend-son-appel-a-la-manifestation-pacifique-prevue-samedi-13-mars.jpg\" \/>\n\t<meta property=\"og:image:width\" content=\"1200\" \/>\n\t<meta property=\"og:image:height\" content=\"672\" \/>\n\t<meta property=\"og:image:type\" content=\"image\/jpeg\" \/>\n<meta name=\"author\" content=\"Guin\u00e9e Diversit\u00e9\" \/>\n<meta name=\"twitter:card\" content=\"summary_large_image\" \/>\n<meta name=\"twitter:creator\" content=\"@GuineeDiversite\" \/>\n<meta name=\"twitter:site\" content=\"@GuineeDiversite\" \/>\n<meta name=\"twitter:label1\" content=\"\u00c9crit par\" \/>\n\t<meta name=\"twitter:data1\" content=\"Guin\u00e9e Diversit\u00e9\" \/>\n\t<meta name=\"twitter:label2\" content=\"Dur\u00e9e de lecture estim\u00e9e\" \/>\n\t<meta name=\"twitter:data2\" content=\"3 minutes\" \/>\n<script type=\"application\/ld+json\" class=\"yoast-schema-graph\">{\"@context\":\"https:\/\/schema.org\",\"@graph\":[{\"@type\":\"Article\",\"@id\":\"https:\/\/guineediversite.com\/index.php\/2021\/03\/13\/senegal-le-m2d-suspend-son-appel-a-la-manifestation-pacifique-prevue-samedi-13-mars\/#article\",\"isPartOf\":{\"@id\":\"https:\/\/guineediversite.com\/index.php\/2021\/03\/13\/senegal-le-m2d-suspend-son-appel-a-la-manifestation-pacifique-prevue-samedi-13-mars\/\"},\"author\":{\"name\":\"Guin\u00e9e Diversit\u00e9\",\"@id\":\"https:\/\/guineediversite.com\/#\/schema\/person\/afa08fb34e7fc6e1feafc892612bc836\"},\"headline\":\"S\u00e9n\u00e9gal: le M2D suspend son appel \u00e0 la manifestation pacifique pr\u00e9vue samedi 13 mars\",\"datePublished\":\"2021-03-13T09:53:43+00:00\",\"dateModified\":\"2021-03-13T09:53:43+00:00\",\"mainEntityOfPage\":{\"@id\":\"https:\/\/guineediversite.com\/index.php\/2021\/03\/13\/senegal-le-m2d-suspend-son-appel-a-la-manifestation-pacifique-prevue-samedi-13-mars\/\"},\"wordCount\":634,\"publisher\":{\"@id\":\"https:\/\/guineediversite.com\/#organization\"},\"image\":{\"@id\":\"https:\/\/guineediversite.com\/index.php\/2021\/03\/13\/senegal-le-m2d-suspend-son-appel-a-la-manifestation-pacifique-prevue-samedi-13-mars\/#primaryimage\"},\"thumbnailUrl\":\"https:\/\/guineediversite.com\/wp-content\/uploads\/2021\/03\/le-M2D-suspend-son-appel-a-la-manifestation-pacifique-prevue-samedi-13-mars.jpg\",\"articleSection\":[\"International\"],\"inLanguage\":\"fr-FR\"},{\"@type\":\"WebPage\",\"@id\":\"https:\/\/guineediversite.com\/index.php\/2021\/03\/13\/senegal-le-m2d-suspend-son-appel-a-la-manifestation-pacifique-prevue-samedi-13-mars\/\",\"url\":\"https:\/\/guineediversite.com\/index.php\/2021\/03\/13\/senegal-le-m2d-suspend-son-appel-a-la-manifestation-pacifique-prevue-samedi-13-mars\/\",\"name\":\"S\u00e9n\u00e9gal: le M2D suspend son appel \u00e0 la manifestation pacifique pr\u00e9vue samedi 13 mars | Guin\u00e9e Diversit\u00e9\",\"isPartOf\":{\"@id\":\"https:\/\/guineediversite.com\/#website\"},\"primaryImageOfPage\":{\"@id\":\"https:\/\/guineediversite.com\/index.php\/2021\/03\/13\/senegal-le-m2d-suspend-son-appel-a-la-manifestation-pacifique-prevue-samedi-13-mars\/#primaryimage\"},\"image\":{\"@id\":\"https:\/\/guineediversite.com\/index.php\/2021\/03\/13\/senegal-le-m2d-suspend-son-appel-a-la-manifestation-pacifique-prevue-samedi-13-mars\/#primaryimage\"},\"thumbnailUrl\":\"https:\/\/guineediversite.com\/wp-content\/uploads\/2021\/03\/le-M2D-suspend-son-appel-a-la-manifestation-pacifique-prevue-samedi-13-mars.jpg\",\"datePublished\":\"2021-03-13T09:53:43+00:00\",\"dateModified\":\"2021-03-13T09:53:43+00:00\",\"breadcrumb\":{\"@id\":\"https:\/\/guineediversite.com\/index.php\/2021\/03\/13\/senegal-le-m2d-suspend-son-appel-a-la-manifestation-pacifique-prevue-samedi-13-mars\/#breadcrumb\"},\"inLanguage\":\"fr-FR\",\"potentialAction\":[{\"@type\":\"ReadAction\",\"target\":[\"https:\/\/guineediversite.com\/index.php\/2021\/03\/13\/senegal-le-m2d-suspend-son-appel-a-la-manifestation-pacifique-prevue-samedi-13-mars\/\"]}]},{\"@type\":\"ImageObject\",\"inLanguage\":\"fr-FR\",\"@id\":\"https:\/\/guineediversite.com\/index.php\/2021\/03\/13\/senegal-le-m2d-suspend-son-appel-a-la-manifestation-pacifique-prevue-samedi-13-mars\/#primaryimage\",\"url\":\"https:\/\/guineediversite.com\/wp-content\/uploads\/2021\/03\/le-M2D-suspend-son-appel-a-la-manifestation-pacifique-prevue-samedi-13-mars.jpg\",\"contentUrl\":\"https:\/\/guineediversite.com\/wp-content\/uploads\/2021\/03\/le-M2D-suspend-son-appel-a-la-manifestation-pacifique-prevue-samedi-13-mars.jpg\",\"width\":1200,\"height\":672},{\"@type\":\"BreadcrumbList\",\"@id\":\"https:\/\/guineediversite.com\/index.php\/2021\/03\/13\/senegal-le-m2d-suspend-son-appel-a-la-manifestation-pacifique-prevue-samedi-13-mars\/#breadcrumb\",\"itemListElement\":[{\"@type\":\"ListItem\",\"position\":1,\"name\":\"Accueil\",\"item\":\"https:\/\/guineediversite.com\/\"},{\"@type\":\"ListItem\",\"position\":2,\"name\":\"S\u00e9n\u00e9gal: le M2D suspend son appel \u00e0 la manifestation pacifique pr\u00e9vue samedi 13 mars\"}]},{\"@type\":\"WebSite\",\"@id\":\"https:\/\/guineediversite.com\/#website\",\"url\":\"https:\/\/guineediversite.com\/\",\"name\":\"Guin\u00e9e Diversit\u00e9\",\"description\":\"L&#039;Info dans toute sa diversit\u00e9\",\"publisher\":{\"@id\":\"https:\/\/guineediversite.com\/#organization\"},\"potentialAction\":[{\"@type\":\"SearchAction\",\"target\":{\"@type\":\"EntryPoint\",\"urlTemplate\":\"https:\/\/guineediversite.com\/?s={search_term_string}\"},\"query-input\":{\"@type\":\"PropertyValueSpecification\",\"valueRequired\":true,\"valueName\":\"search_term_string\"}}],\"inLanguage\":\"fr-FR\"},{\"@type\":\"Organization\",\"@id\":\"https:\/\/guineediversite.com\/#organization\",\"name\":\"Guin\u00e9e Diversit\u00e9\",\"url\":\"https:\/\/guineediversite.com\/\",\"logo\":{\"@type\":\"ImageObject\",\"inLanguage\":\"fr-FR\",\"@id\":\"https:\/\/guineediversite.com\/#\/schema\/logo\/image\/\",\"url\":\"https:\/\/guineediversite.com\/wp-content\/uploads\/2017\/04\/cropped-1jojlxEOMkX9Wyqfhe43D6kjPOGqBBKmx3EwWJqZ0cMrFF54yM49.png\",\"contentUrl\":\"https:\/\/guineediversite.com\/wp-content\/uploads\/2017\/04\/cropped-1jojlxEOMkX9Wyqfhe43D6kjPOGqBBKmx3EwWJqZ0cMrFF54yM49.png\",\"width\":186,\"height\":112,\"caption\":\"Guin\u00e9e Diversit\u00e9\"},\"image\":{\"@id\":\"https:\/\/guineediversite.com\/#\/schema\/logo\/image\/\"},\"sameAs\":[\"https:\/\/www.facebook.com\/guineediversite\/\",\"https:\/\/x.com\/GuineeDiversite\",\"https:\/\/www.youtube.com\/channel\/UC8sUY16qelG5ge6_D5SB83g\"]},{\"@type\":\"Person\",\"@id\":\"https:\/\/guineediversite.com\/#\/schema\/person\/afa08fb34e7fc6e1feafc892612bc836\",\"name\":\"Guin\u00e9e Diversit\u00e9\",\"image\":{\"@type\":\"ImageObject\",\"inLanguage\":\"fr-FR\",\"@id\":\"https:\/\/guineediversite.com\/#\/schema\/person\/image\/\",\"url\":\"https:\/\/secure.gravatar.com\/avatar\/50d5eb5b390f8b65ac30ac6f898eb83a?s=96&d=mm&r=g\",\"contentUrl\":\"https:\/\/secure.gravatar.com\/avatar\/50d5eb5b390f8b65ac30ac6f898eb83a?s=96&d=mm&r=g\",\"caption\":\"Guin\u00e9e Diversit\u00e9\"},\"url\":\"https:\/\/guineediversite.com\/index.php\/author\/guineediversite\/\"}]}<\/script>\n<!-- \/ Yoast SEO plugin. -->","yoast_head_json":{"title":"S\u00e9n\u00e9gal: le M2D suspend son appel \u00e0 la manifestation pacifique pr\u00e9vue samedi 13 mars | Guin\u00e9e Diversit\u00e9","robots":{"index":"index","follow":"follow","max-snippet":"max-snippet:-1","max-image-preview":"max-image-preview:large","max-video-preview":"max-video-preview:-1"},"canonical":"https:\/\/guineediversite.com\/index.php\/2021\/03\/13\/senegal-le-m2d-suspend-son-appel-a-la-manifestation-pacifique-prevue-samedi-13-mars\/","og_locale":"fr_FR","og_type":"article","og_title":"S\u00e9n\u00e9gal: le M2D suspend son appel \u00e0 la manifestation pacifique pr\u00e9vue samedi 13 mars | Guin\u00e9e Diversit\u00e9","og_description":"Le Mouvement de d\u00e9fense de la d\u00e9mocratie a d\u00e9cid\u00e9 de suspendre son appel \u00e0 manifester pacifiquement apr\u00e8s un \u00e9change avec l&rsquo;\u00e9missaire du khalife g\u00e9n\u00e9ral de la confr\u00e9rie mouride. Dans un communiqu\u00e9, le M2D indique avoir \u00ab\u00a0accept\u00e9 la demande de report\u00a0\u00bb formul\u00e9e par l&rsquo;influent chef religieux Serigne Mountakha Mback\u00e9. \u00ab\u00a0En retour\u00a0\u00bb, le M2D indique avoir transmis [&hellip;]","og_url":"https:\/\/guineediversite.com\/index.php\/2021\/03\/13\/senegal-le-m2d-suspend-son-appel-a-la-manifestation-pacifique-prevue-samedi-13-mars\/","og_site_name":"Guin\u00e9e Diversit\u00e9","article_publisher":"https:\/\/www.facebook.com\/guineediversite\/","article_published_time":"2021-03-13T09:53:43+00:00","og_image":[{"width":1200,"height":672,"url":"https:\/\/guineediversite.com\/wp-content\/uploads\/2021\/03\/le-M2D-suspend-son-appel-a-la-manifestation-pacifique-prevue-samedi-13-mars.jpg","type":"image\/jpeg"}],"author":"Guin\u00e9e Diversit\u00e9","twitter_card":"summary_large_image","twitter_creator":"@GuineeDiversite","twitter_site":"@GuineeDiversite","twitter_misc":{"\u00c9crit par":"Guin\u00e9e Diversit\u00e9","Dur\u00e9e de lecture estim\u00e9e":"3 minutes"},"schema":{"@context":"https:\/\/schema.org","@graph":[{"@type":"Article","@id":"https:\/\/guineediversite.com\/index.php\/2021\/03\/13\/senegal-le-m2d-suspend-son-appel-a-la-manifestation-pacifique-prevue-samedi-13-mars\/#article","isPartOf":{"@id":"https:\/\/guineediversite.com\/index.php\/2021\/03\/13\/senegal-le-m2d-suspend-son-appel-a-la-manifestation-pacifique-prevue-samedi-13-mars\/"},"author":{"name":"Guin\u00e9e Diversit\u00e9","@id":"https:\/\/guineediversite.com\/#\/schema\/person\/afa08fb34e7fc6e1feafc892612bc836"},"headline":"S\u00e9n\u00e9gal: le M2D suspend son appel \u00e0 la manifestation pacifique pr\u00e9vue samedi 13 mars","datePublished":"2021-03-13T09:53:43+00:00","dateModified":"2021-03-13T09:53:43+00:00","mainEntityOfPage":{"@id":"https:\/\/guineediversite.com\/index.php\/2021\/03\/13\/senegal-le-m2d-suspend-son-appel-a-la-manifestation-pacifique-prevue-samedi-13-mars\/"},"wordCount":634,"publisher":{"@id":"https:\/\/guineediversite.com\/#organization"},"image":{"@id":"https:\/\/guineediversite.com\/index.php\/2021\/03\/13\/senegal-le-m2d-suspend-son-appel-a-la-manifestation-pacifique-prevue-samedi-13-mars\/#primaryimage"},"thumbnailUrl":"https:\/\/guineediversite.com\/wp-content\/uploads\/2021\/03\/le-M2D-suspend-son-appel-a-la-manifestation-pacifique-prevue-samedi-13-mars.jpg","articleSection":["International"],"inLanguage":"fr-FR"},{"@type":"WebPage","@id":"https:\/\/guineediversite.com\/index.php\/2021\/03\/13\/senegal-le-m2d-suspend-son-appel-a-la-manifestation-pacifique-prevue-samedi-13-mars\/","url":"https:\/\/guineediversite.com\/index.php\/2021\/03\/13\/senegal-le-m2d-suspend-son-appel-a-la-manifestation-pacifique-prevue-samedi-13-mars\/","name":"S\u00e9n\u00e9gal: le M2D suspend son appel \u00e0 la manifestation pacifique pr\u00e9vue samedi 13 mars | Guin\u00e9e Diversit\u00e9","isPartOf":{"@id":"https:\/\/guineediversite.com\/#website"},"primaryImageOfPage":{"@id":"https:\/\/guineediversite.com\/index.php\/2021\/03\/13\/senegal-le-m2d-suspend-son-appel-a-la-manifestation-pacifique-prevue-samedi-13-mars\/#primaryimage"},"image":{"@id":"https:\/\/guineediversite.com\/index.php\/2021\/03\/13\/senegal-le-m2d-suspend-son-appel-a-la-manifestation-pacifique-prevue-samedi-13-mars\/#primaryimage"},"thumbnailUrl":"https:\/\/guineediversite.com\/wp-content\/uploads\/2021\/03\/le-M2D-suspend-son-appel-a-la-manifestation-pacifique-prevue-samedi-13-mars.jpg","datePublished":"2021-03-13T09:53:43+00:00","dateModified":"2021-03-13T09:53:43+00:00","breadcrumb":{"@id":"https:\/\/guineediversite.com\/index.php\/2021\/03\/13\/senegal-le-m2d-suspend-son-appel-a-la-manifestation-pacifique-prevue-samedi-13-mars\/#breadcrumb"},"inLanguage":"fr-FR","potentialAction":[{"@type":"ReadAction","target":["https:\/\/guineediversite.com\/index.php\/2021\/03\/13\/senegal-le-m2d-suspend-son-appel-a-la-manifestation-pacifique-prevue-samedi-13-mars\/"]}]},{"@type":"ImageObject","inLanguage":"fr-FR","@id":"https:\/\/guineediversite.com\/index.php\/2021\/03\/13\/senegal-le-m2d-suspend-son-appel-a-la-manifestation-pacifique-prevue-samedi-13-mars\/#primaryimage","url":"https:\/\/guineediversite.com\/wp-content\/uploads\/2021\/03\/le-M2D-suspend-son-appel-a-la-manifestation-pacifique-prevue-samedi-13-mars.jpg","contentUrl":"https:\/\/guineediversite.com\/wp-content\/uploads\/2021\/03\/le-M2D-suspend-son-appel-a-la-manifestation-pacifique-prevue-samedi-13-mars.jpg","width":1200,"height":672},{"@type":"BreadcrumbList","@id":"https:\/\/guineediversite.com\/index.php\/2021\/03\/13\/senegal-le-m2d-suspend-son-appel-a-la-manifestation-pacifique-prevue-samedi-13-mars\/#breadcrumb","itemListElement":[{"@type":"ListItem","position":1,"name":"Accueil","item":"https:\/\/guineediversite.com\/"},{"@type":"ListItem","position":2,"name":"S\u00e9n\u00e9gal: le M2D suspend son appel \u00e0 la manifestation pacifique pr\u00e9vue samedi 13 mars"}]},{"@type":"WebSite","@id":"https:\/\/guineediversite.com\/#website","url":"https:\/\/guineediversite.com\/","name":"Guin\u00e9e Diversit\u00e9","description":"L&#039;Info dans toute sa diversit\u00e9","publisher":{"@id":"https:\/\/guineediversite.com\/#organization"},"potentialAction":[{"@type":"SearchAction","target":{"@type":"EntryPoint","urlTemplate":"https:\/\/guineediversite.com\/?s={search_term_string}"},"query-input":{"@type":"PropertyValueSpecification","valueRequired":true,"valueName":"search_term_string"}}],"inLanguage":"fr-FR"},{"@type":"Organization","@id":"https:\/\/guineediversite.com\/#organization","name":"Guin\u00e9e Diversit\u00e9","url":"https:\/\/guineediversite.com\/","logo":{"@type":"ImageObject","inLanguage":"fr-FR","@id":"https:\/\/guineediversite.com\/#\/schema\/logo\/image\/","url":"https:\/\/guineediversite.com\/wp-content\/uploads\/2017\/04\/cropped-1jojlxEOMkX9Wyqfhe43D6kjPOGqBBKmx3EwWJqZ0cMrFF54yM49.png","contentUrl":"https:\/\/guineediversite.com\/wp-content\/uploads\/2017\/04\/cropped-1jojlxEOMkX9Wyqfhe43D6kjPOGqBBKmx3EwWJqZ0cMrFF54yM49.png","width":186,"height":112,"caption":"Guin\u00e9e Diversit\u00e9"},"image":{"@id":"https:\/\/guineediversite.com\/#\/schema\/logo\/image\/"},"sameAs":["https:\/\/www.facebook.com\/guineediversite\/","https:\/\/x.com\/GuineeDiversite","https:\/\/www.youtube.com\/channel\/UC8sUY16qelG5ge6_D5SB83g"]},{"@type":"Person","@id":"https:\/\/guineediversite.com\/#\/schema\/person\/afa08fb34e7fc6e1feafc892612bc836","name":"Guin\u00e9e Diversit\u00e9","image":{"@type":"ImageObject","inLanguage":"fr-FR","@id":"https:\/\/guineediversite.com\/#\/schema\/person\/image\/","url":"https:\/\/secure.gravatar.com\/avatar\/50d5eb5b390f8b65ac30ac6f898eb83a?s=96&d=mm&r=g","contentUrl":"https:\/\/secure.gravatar.com\/avatar\/50d5eb5b390f8b65ac30ac6f898eb83a?s=96&d=mm&r=g","caption":"Guin\u00e9e Diversit\u00e9"},"url":"https:\/\/guineediversite.com\/index.php\/author\/guineediversite\/"}]}},"_links":{"self":[{"href":"https:\/\/guineediversite.com\/index.php\/wp-json\/wp\/v2\/posts\/30943"}],"collection":[{"href":"https:\/\/guineediversite.com\/index.php\/wp-json\/wp\/v2\/posts"}],"about":[{"href":"https:\/\/guineediversite.com\/index.php\/wp-json\/wp\/v2\/types\/post"}],"author":[{"embeddable":true,"href":"https:\/\/guineediversite.com\/index.php\/wp-json\/wp\/v2\/users\/12"}],"replies":[{"embeddable":true,"href":"https:\/\/guineediversite.com\/index.php\/wp-json\/wp\/v2\/comments?post=30943"}],"version-history":[{"count":1,"href":"https:\/\/guineediversite.com\/index.php\/wp-json\/wp\/v2\/posts\/30943\/revisions"}],"predecessor-version":[{"id":30945,"href":"https:\/\/guineediversite.com\/index.php\/wp-json\/wp\/v2\/posts\/30943\/revisions\/30945"}],"wp:featuredmedia":[{"embeddable":true,"href":"https:\/\/guineediversite.com\/index.php\/wp-json\/wp\/v2\/media\/30944"}],"wp:attachment":[{"href":"https:\/\/guineediversite.com\/index.php\/wp-json\/wp\/v2\/media?parent=30943"}],"wp:term":[{"taxonomy":"category","embeddable":true,"href":"https:\/\/guineediversite.com\/index.php\/wp-json\/wp\/v2\/categories?post=30943"},{"taxonomy":"post_tag","embeddable":true,"href":"https:\/\/guineediversite.com\/index.php\/wp-json\/wp\/v2\/tags?post=30943"}],"curies":[{"name":"wp","href":"https:\/\/api.w.org\/{rel}","templated":true}]}}