{"id":30937,"date":"2021-03-12T12:55:17","date_gmt":"2021-03-12T11:55:17","guid":{"rendered":"https:\/\/guineediversite.com\/?p=30937"},"modified":"2021-03-12T16:13:09","modified_gmt":"2021-03-12T15:13:09","slug":"__trashed-5","status":"publish","type":"post","link":"https:\/\/guineediversite.com\/index.php\/2021\/03\/12\/__trashed-5\/","title":{"rendered":"Foot: le Sud-Africain Patrice Motsepe \u00e9lu pr\u00e9sident de la CAF"},"content":{"rendered":"<p style=\"padding-left: 40px;\"><strong>Patrice Motsepe a \u00e9t\u00e9 \u00e9lu par acclamation pr\u00e9sident de la Conf\u00e9d\u00e9ration africaine de football (CAF), ce 12 mars \u00e0 Rabat, pour la p\u00e9riode 2021-2025. Premier Sud-Africain \u00e0 occuper ce poste, le milliardaire succ\u00e8de au Malgache Ahmad, suspendu 2 ans de toute activit\u00e9 li\u00e9e au foot.<\/strong><\/p>\n<p style=\"padding-left: 40px;\">\nPatrice Motsepe est devenu le 7e pr\u00e9sident \u00e9lu de la Conf\u00e9d\u00e9ration africaine de football (CAF), ce 12 mars 2021. Le milliardaire est le premier Sud-Africain et le premier anglophone \u00e0 occuper ce poste prestigieux sur le continent. L\u2019homme d\u2019affaires succ\u00e8de \u00e0 Ahmad, persona non grata durant cette 43e Assembl\u00e9e g\u00e9n\u00e9rale \u00e9lective (AGE) de la CAF. Le Malgache, qui avait battu le Camerounais Issa Hayatou \u00e0 la surprise g\u00e9n\u00e9rale en 2017, a \u00e9t\u00e9 suspendu 5 ans par la F\u00e9d\u00e9ration internationale de football (FIFA), avant que cette sanction ne soit ramen\u00e9e \u00e0 2 ans par le Tribunal arbitral du sport (TAS).<\/p>\n<p style=\"padding-left: 40px;\">\nC\u2019est aux c\u00f4t\u00e9s de Gianni Infantino, patron de la FIFA, qu\u2019un Patrice Motsepe tr\u00e8s d\u00e9tendu et tr\u00e8s attendu est arriv\u00e9 \u00e0 cette AGE. Une FIFA qui a \u0153uvr\u00e9 pour que qu\u2019il soit le seul candidat en lice \u2013 avec les d\u00e9sistements de l\u2019Ivoirien Jacques Anouma, du S\u00e9n\u00e9galais Augustin Senghor et du Mauritanien Ahmed Yahya \u2013 et dont Motsepe va devenir le vice-pr\u00e9sident de la facto.<\/p>\n<p style=\"padding-left: 40px;\">Avec<strong> RFI<\/strong><\/p>\n","protected":false},"excerpt":{"rendered":"<p>Patrice Motsepe a \u00e9t\u00e9 \u00e9lu par acclamation pr\u00e9sident de la Conf\u00e9d\u00e9ration africaine de football (CAF), ce 12 mars \u00e0 Rabat, pour la p\u00e9riode 2021-2025. Premier Sud-Africain \u00e0 occuper ce poste, le milliardaire succ\u00e8de au Malgache Ahmad, suspendu 2 ans de toute activit\u00e9 li\u00e9e au foot. Patrice Motsepe est devenu le 7e pr\u00e9sident \u00e9lu de la [&hellip;]<\/p>\n","protected":false},"author":10,"featured_media":30941,"comment_status":"closed","ping_status":"open","sticky":false,"template":"","format":"standard","meta":{"_exactmetrics_skip_tracking":false,"_exactmetrics_sitenote_active":false,"_exactmetrics_sitenote_note":"","_exactmetrics_sitenote_category":0,"tdm_status":"","tdm_grid_status":"","footnotes":""},"categories":[18],"tags":[],"class_list":{"0":"post-30937","1":"post","2":"type-post","3":"status-publish","4":"format-standard","5":"has-post-thumbnail","7":"category-sport"},"yoast_head":"<!-- This site is optimized with the Yoast SEO plugin v24.2 - https:\/\/yoast.com\/wordpress\/plugins\/seo\/ -->\n<title>Foot: le Sud-Africain Patrice Motsepe \u00e9lu pr\u00e9sident de la CAF | Guin\u00e9e Diversit\u00e9<\/title>\n<meta name=\"robots\" content=\"index, follow, max-snippet:-1, max-image-preview:large, max-video-preview:-1\" \/>\n<link rel=\"canonical\" href=\"https:\/\/guineediversite.com\/index.php\/2021\/03\/12\/__trashed-5\/\" \/>\n<meta property=\"og:locale\" content=\"fr_FR\" \/>\n<meta property=\"og:type\" content=\"article\" \/>\n<meta property=\"og:title\" content=\"Foot: le Sud-Africain Patrice Motsepe \u00e9lu pr\u00e9sident de la CAF | Guin\u00e9e Diversit\u00e9\" \/>\n<meta property=\"og:description\" content=\"Patrice Motsepe a \u00e9t\u00e9 \u00e9lu par acclamation pr\u00e9sident de la Conf\u00e9d\u00e9ration africaine de football (CAF), ce 12 mars \u00e0 Rabat, pour la p\u00e9riode 2021-2025. Premier Sud-Africain \u00e0 occuper ce poste, le milliardaire succ\u00e8de au Malgache Ahmad, suspendu 2 ans de toute activit\u00e9 li\u00e9e au foot. Patrice Motsepe est devenu le 7e pr\u00e9sident \u00e9lu de la [&hellip;]\" \/>\n<meta property=\"og:url\" content=\"https:\/\/guineediversite.com\/index.php\/2021\/03\/12\/__trashed-5\/\" \/>\n<meta property=\"og:site_name\" content=\"Guin\u00e9e Diversit\u00e9\" \/>\n<meta property=\"article:publisher\" content=\"https:\/\/www.facebook.com\/guineediversite\/\" \/>\n<meta property=\"article:published_time\" content=\"2021-03-12T11:55:17+00:00\" \/>\n<meta property=\"article:modified_time\" content=\"2021-03-12T15:13:09+00:00\" \/>\n<meta property=\"og:image\" content=\"https:\/\/guineediversite.com\/wp-content\/uploads\/2021\/03\/Motsepe.jpeg\" \/>\n\t<meta property=\"og:image:width\" content=\"1600\" \/>\n\t<meta property=\"og:image:height\" content=\"1349\" \/>\n\t<meta property=\"og:image:type\" content=\"image\/jpeg\" \/>\n<meta name=\"author\" content=\"Morcire Camara\" \/>\n<meta name=\"twitter:card\" content=\"summary_large_image\" \/>\n<meta name=\"twitter:creator\" content=\"@GuineeDiversite\" \/>\n<meta name=\"twitter:site\" content=\"@GuineeDiversite\" \/>\n<meta name=\"twitter:label1\" content=\"\u00c9crit par\" \/>\n\t<meta name=\"twitter:data1\" content=\"Morcire Camara\" \/>\n\t<meta name=\"twitter:label2\" content=\"Dur\u00e9e de lecture estim\u00e9e\" \/>\n\t<meta name=\"twitter:data2\" content=\"1 minute\" \/>\n<script type=\"application\/ld+json\" class=\"yoast-schema-graph\">{\"@context\":\"https:\/\/schema.org\",\"@graph\":[{\"@type\":\"Article\",\"@id\":\"https:\/\/guineediversite.com\/index.php\/2021\/03\/12\/__trashed-5\/#article\",\"isPartOf\":{\"@id\":\"https:\/\/guineediversite.com\/index.php\/2021\/03\/12\/__trashed-5\/\"},\"author\":{\"name\":\"Morcire Camara\",\"@id\":\"https:\/\/guineediversite.com\/#\/schema\/person\/fa362494c47202ce4b3adf55abcc9d01\"},\"headline\":\"Foot: le Sud-Africain Patrice Motsepe \u00e9lu pr\u00e9sident de la CAF\",\"datePublished\":\"2021-03-12T11:55:17+00:00\",\"dateModified\":\"2021-03-12T15:13:09+00:00\",\"mainEntityOfPage\":{\"@id\":\"https:\/\/guineediversite.com\/index.php\/2021\/03\/12\/__trashed-5\/\"},\"wordCount\":239,\"publisher\":{\"@id\":\"https:\/\/guineediversite.com\/#organization\"},\"image\":{\"@id\":\"https:\/\/guineediversite.com\/index.php\/2021\/03\/12\/__trashed-5\/#primaryimage\"},\"thumbnailUrl\":\"https:\/\/guineediversite.com\/wp-content\/uploads\/2021\/03\/Motsepe.jpeg\",\"articleSection\":[\"Sport\"],\"inLanguage\":\"fr-FR\"},{\"@type\":\"WebPage\",\"@id\":\"https:\/\/guineediversite.com\/index.php\/2021\/03\/12\/__trashed-5\/\",\"url\":\"https:\/\/guineediversite.com\/index.php\/2021\/03\/12\/__trashed-5\/\",\"name\":\"Foot: le Sud-Africain Patrice Motsepe \u00e9lu pr\u00e9sident de la CAF | Guin\u00e9e Diversit\u00e9\",\"isPartOf\":{\"@id\":\"https:\/\/guineediversite.com\/#website\"},\"primaryImageOfPage\":{\"@id\":\"https:\/\/guineediversite.com\/index.php\/2021\/03\/12\/__trashed-5\/#primaryimage\"},\"image\":{\"@id\":\"https:\/\/guineediversite.com\/index.php\/2021\/03\/12\/__trashed-5\/#primaryimage\"},\"thumbnailUrl\":\"https:\/\/guineediversite.com\/wp-content\/uploads\/2021\/03\/Motsepe.jpeg\",\"datePublished\":\"2021-03-12T11:55:17+00:00\",\"dateModified\":\"2021-03-12T15:13:09+00:00\",\"breadcrumb\":{\"@id\":\"https:\/\/guineediversite.com\/index.php\/2021\/03\/12\/__trashed-5\/#breadcrumb\"},\"inLanguage\":\"fr-FR\",\"potentialAction\":[{\"@type\":\"ReadAction\",\"target\":[\"https:\/\/guineediversite.com\/index.php\/2021\/03\/12\/__trashed-5\/\"]}]},{\"@type\":\"ImageObject\",\"inLanguage\":\"fr-FR\",\"@id\":\"https:\/\/guineediversite.com\/index.php\/2021\/03\/12\/__trashed-5\/#primaryimage\",\"url\":\"https:\/\/guineediversite.com\/wp-content\/uploads\/2021\/03\/Motsepe.jpeg\",\"contentUrl\":\"https:\/\/guineediversite.com\/wp-content\/uploads\/2021\/03\/Motsepe.jpeg\",\"width\":1600,\"height\":1349},{\"@type\":\"BreadcrumbList\",\"@id\":\"https:\/\/guineediversite.com\/index.php\/2021\/03\/12\/__trashed-5\/#breadcrumb\",\"itemListElement\":[{\"@type\":\"ListItem\",\"position\":1,\"name\":\"Accueil\",\"item\":\"https:\/\/guineediversite.com\/\"},{\"@type\":\"ListItem\",\"position\":2,\"name\":\"Foot: le Sud-Africain Patrice Motsepe \u00e9lu pr\u00e9sident de la CAF\"}]},{\"@type\":\"WebSite\",\"@id\":\"https:\/\/guineediversite.com\/#website\",\"url\":\"https:\/\/guineediversite.com\/\",\"name\":\"Guin\u00e9e Diversit\u00e9\",\"description\":\"L&#039;Info dans toute sa diversit\u00e9\",\"publisher\":{\"@id\":\"https:\/\/guineediversite.com\/#organization\"},\"potentialAction\":[{\"@type\":\"SearchAction\",\"target\":{\"@type\":\"EntryPoint\",\"urlTemplate\":\"https:\/\/guineediversite.com\/?s={search_term_string}\"},\"query-input\":{\"@type\":\"PropertyValueSpecification\",\"valueRequired\":true,\"valueName\":\"search_term_string\"}}],\"inLanguage\":\"fr-FR\"},{\"@type\":\"Organization\",\"@id\":\"https:\/\/guineediversite.com\/#organization\",\"name\":\"Guin\u00e9e Diversit\u00e9\",\"url\":\"https:\/\/guineediversite.com\/\",\"logo\":{\"@type\":\"ImageObject\",\"inLanguage\":\"fr-FR\",\"@id\":\"https:\/\/guineediversite.com\/#\/schema\/logo\/image\/\",\"url\":\"https:\/\/guineediversite.com\/wp-content\/uploads\/2017\/04\/cropped-1jojlxEOMkX9Wyqfhe43D6kjPOGqBBKmx3EwWJqZ0cMrFF54yM49.png\",\"contentUrl\":\"https:\/\/guineediversite.com\/wp-content\/uploads\/2017\/04\/cropped-1jojlxEOMkX9Wyqfhe43D6kjPOGqBBKmx3EwWJqZ0cMrFF54yM49.png\",\"width\":186,\"height\":112,\"caption\":\"Guin\u00e9e Diversit\u00e9\"},\"image\":{\"@id\":\"https:\/\/guineediversite.com\/#\/schema\/logo\/image\/\"},\"sameAs\":[\"https:\/\/www.facebook.com\/guineediversite\/\",\"https:\/\/x.com\/GuineeDiversite\",\"https:\/\/www.youtube.com\/channel\/UC8sUY16qelG5ge6_D5SB83g\"]},{\"@type\":\"Person\",\"@id\":\"https:\/\/guineediversite.com\/#\/schema\/person\/fa362494c47202ce4b3adf55abcc9d01\",\"name\":\"Morcire Camara\",\"image\":{\"@type\":\"ImageObject\",\"inLanguage\":\"fr-FR\",\"@id\":\"https:\/\/guineediversite.com\/#\/schema\/person\/image\/\",\"url\":\"https:\/\/secure.gravatar.com\/avatar\/3ec324f02295bbcebe03d99b39330ab4?s=96&d=mm&r=g\",\"contentUrl\":\"https:\/\/secure.gravatar.com\/avatar\/3ec324f02295bbcebe03d99b39330ab4?s=96&d=mm&r=g\",\"caption\":\"Morcire Camara\"},\"url\":\"https:\/\/guineediversite.com\/index.php\/author\/morcire\/\"}]}<\/script>\n<!-- \/ Yoast SEO plugin. -->","yoast_head_json":{"title":"Foot: le Sud-Africain Patrice Motsepe \u00e9lu pr\u00e9sident de la CAF | Guin\u00e9e Diversit\u00e9","robots":{"index":"index","follow":"follow","max-snippet":"max-snippet:-1","max-image-preview":"max-image-preview:large","max-video-preview":"max-video-preview:-1"},"canonical":"https:\/\/guineediversite.com\/index.php\/2021\/03\/12\/__trashed-5\/","og_locale":"fr_FR","og_type":"article","og_title":"Foot: le Sud-Africain Patrice Motsepe \u00e9lu pr\u00e9sident de la CAF | Guin\u00e9e Diversit\u00e9","og_description":"Patrice Motsepe a \u00e9t\u00e9 \u00e9lu par acclamation pr\u00e9sident de la Conf\u00e9d\u00e9ration africaine de football (CAF), ce 12 mars \u00e0 Rabat, pour la p\u00e9riode 2021-2025. Premier Sud-Africain \u00e0 occuper ce poste, le milliardaire succ\u00e8de au Malgache Ahmad, suspendu 2 ans de toute activit\u00e9 li\u00e9e au foot. Patrice Motsepe est devenu le 7e pr\u00e9sident \u00e9lu de la [&hellip;]","og_url":"https:\/\/guineediversite.com\/index.php\/2021\/03\/12\/__trashed-5\/","og_site_name":"Guin\u00e9e Diversit\u00e9","article_publisher":"https:\/\/www.facebook.com\/guineediversite\/","article_published_time":"2021-03-12T11:55:17+00:00","article_modified_time":"2021-03-12T15:13:09+00:00","og_image":[{"width":1600,"height":1349,"url":"https:\/\/guineediversite.com\/wp-content\/uploads\/2021\/03\/Motsepe.jpeg","type":"image\/jpeg"}],"author":"Morcire Camara","twitter_card":"summary_large_image","twitter_creator":"@GuineeDiversite","twitter_site":"@GuineeDiversite","twitter_misc":{"\u00c9crit par":"Morcire Camara","Dur\u00e9e de lecture estim\u00e9e":"1 minute"},"schema":{"@context":"https:\/\/schema.org","@graph":[{"@type":"Article","@id":"https:\/\/guineediversite.com\/index.php\/2021\/03\/12\/__trashed-5\/#article","isPartOf":{"@id":"https:\/\/guineediversite.com\/index.php\/2021\/03\/12\/__trashed-5\/"},"author":{"name":"Morcire Camara","@id":"https:\/\/guineediversite.com\/#\/schema\/person\/fa362494c47202ce4b3adf55abcc9d01"},"headline":"Foot: le Sud-Africain Patrice Motsepe \u00e9lu pr\u00e9sident de la CAF","datePublished":"2021-03-12T11:55:17+00:00","dateModified":"2021-03-12T15:13:09+00:00","mainEntityOfPage":{"@id":"https:\/\/guineediversite.com\/index.php\/2021\/03\/12\/__trashed-5\/"},"wordCount":239,"publisher":{"@id":"https:\/\/guineediversite.com\/#organization"},"image":{"@id":"https:\/\/guineediversite.com\/index.php\/2021\/03\/12\/__trashed-5\/#primaryimage"},"thumbnailUrl":"https:\/\/guineediversite.com\/wp-content\/uploads\/2021\/03\/Motsepe.jpeg","articleSection":["Sport"],"inLanguage":"fr-FR"},{"@type":"WebPage","@id":"https:\/\/guineediversite.com\/index.php\/2021\/03\/12\/__trashed-5\/","url":"https:\/\/guineediversite.com\/index.php\/2021\/03\/12\/__trashed-5\/","name":"Foot: le Sud-Africain Patrice Motsepe \u00e9lu pr\u00e9sident de la CAF | Guin\u00e9e Diversit\u00e9","isPartOf":{"@id":"https:\/\/guineediversite.com\/#website"},"primaryImageOfPage":{"@id":"https:\/\/guineediversite.com\/index.php\/2021\/03\/12\/__trashed-5\/#primaryimage"},"image":{"@id":"https:\/\/guineediversite.com\/index.php\/2021\/03\/12\/__trashed-5\/#primaryimage"},"thumbnailUrl":"https:\/\/guineediversite.com\/wp-content\/uploads\/2021\/03\/Motsepe.jpeg","datePublished":"2021-03-12T11:55:17+00:00","dateModified":"2021-03-12T15:13:09+00:00","breadcrumb":{"@id":"https:\/\/guineediversite.com\/index.php\/2021\/03\/12\/__trashed-5\/#breadcrumb"},"inLanguage":"fr-FR","potentialAction":[{"@type":"ReadAction","target":["https:\/\/guineediversite.com\/index.php\/2021\/03\/12\/__trashed-5\/"]}]},{"@type":"ImageObject","inLanguage":"fr-FR","@id":"https:\/\/guineediversite.com\/index.php\/2021\/03\/12\/__trashed-5\/#primaryimage","url":"https:\/\/guineediversite.com\/wp-content\/uploads\/2021\/03\/Motsepe.jpeg","contentUrl":"https:\/\/guineediversite.com\/wp-content\/uploads\/2021\/03\/Motsepe.jpeg","width":1600,"height":1349},{"@type":"BreadcrumbList","@id":"https:\/\/guineediversite.com\/index.php\/2021\/03\/12\/__trashed-5\/#breadcrumb","itemListElement":[{"@type":"ListItem","position":1,"name":"Accueil","item":"https:\/\/guineediversite.com\/"},{"@type":"ListItem","position":2,"name":"Foot: le Sud-Africain Patrice Motsepe \u00e9lu pr\u00e9sident de la CAF"}]},{"@type":"WebSite","@id":"https:\/\/guineediversite.com\/#website","url":"https:\/\/guineediversite.com\/","name":"Guin\u00e9e Diversit\u00e9","description":"L&#039;Info dans toute sa diversit\u00e9","publisher":{"@id":"https:\/\/guineediversite.com\/#organization"},"potentialAction":[{"@type":"SearchAction","target":{"@type":"EntryPoint","urlTemplate":"https:\/\/guineediversite.com\/?s={search_term_string}"},"query-input":{"@type":"PropertyValueSpecification","valueRequired":true,"valueName":"search_term_string"}}],"inLanguage":"fr-FR"},{"@type":"Organization","@id":"https:\/\/guineediversite.com\/#organization","name":"Guin\u00e9e Diversit\u00e9","url":"https:\/\/guineediversite.com\/","logo":{"@type":"ImageObject","inLanguage":"fr-FR","@id":"https:\/\/guineediversite.com\/#\/schema\/logo\/image\/","url":"https:\/\/guineediversite.com\/wp-content\/uploads\/2017\/04\/cropped-1jojlxEOMkX9Wyqfhe43D6kjPOGqBBKmx3EwWJqZ0cMrFF54yM49.png","contentUrl":"https:\/\/guineediversite.com\/wp-content\/uploads\/2017\/04\/cropped-1jojlxEOMkX9Wyqfhe43D6kjPOGqBBKmx3EwWJqZ0cMrFF54yM49.png","width":186,"height":112,"caption":"Guin\u00e9e Diversit\u00e9"},"image":{"@id":"https:\/\/guineediversite.com\/#\/schema\/logo\/image\/"},"sameAs":["https:\/\/www.facebook.com\/guineediversite\/","https:\/\/x.com\/GuineeDiversite","https:\/\/www.youtube.com\/channel\/UC8sUY16qelG5ge6_D5SB83g"]},{"@type":"Person","@id":"https:\/\/guineediversite.com\/#\/schema\/person\/fa362494c47202ce4b3adf55abcc9d01","name":"Morcire Camara","image":{"@type":"ImageObject","inLanguage":"fr-FR","@id":"https:\/\/guineediversite.com\/#\/schema\/person\/image\/","url":"https:\/\/secure.gravatar.com\/avatar\/3ec324f02295bbcebe03d99b39330ab4?s=96&d=mm&r=g","contentUrl":"https:\/\/secure.gravatar.com\/avatar\/3ec324f02295bbcebe03d99b39330ab4?s=96&d=mm&r=g","caption":"Morcire Camara"},"url":"https:\/\/guineediversite.com\/index.php\/author\/morcire\/"}]}},"_links":{"self":[{"href":"https:\/\/guineediversite.com\/index.php\/wp-json\/wp\/v2\/posts\/30937"}],"collection":[{"href":"https:\/\/guineediversite.com\/index.php\/wp-json\/wp\/v2\/posts"}],"about":[{"href":"https:\/\/guineediversite.com\/index.php\/wp-json\/wp\/v2\/types\/post"}],"author":[{"embeddable":true,"href":"https:\/\/guineediversite.com\/index.php\/wp-json\/wp\/v2\/users\/10"}],"replies":[{"embeddable":true,"href":"https:\/\/guineediversite.com\/index.php\/wp-json\/wp\/v2\/comments?post=30937"}],"version-history":[{"count":3,"href":"https:\/\/guineediversite.com\/index.php\/wp-json\/wp\/v2\/posts\/30937\/revisions"}],"predecessor-version":[{"id":30942,"href":"https:\/\/guineediversite.com\/index.php\/wp-json\/wp\/v2\/posts\/30937\/revisions\/30942"}],"wp:featuredmedia":[{"embeddable":true,"href":"https:\/\/guineediversite.com\/index.php\/wp-json\/wp\/v2\/media\/30941"}],"wp:attachment":[{"href":"https:\/\/guineediversite.com\/index.php\/wp-json\/wp\/v2\/media?parent=30937"}],"wp:term":[{"taxonomy":"category","embeddable":true,"href":"https:\/\/guineediversite.com\/index.php\/wp-json\/wp\/v2\/categories?post=30937"},{"taxonomy":"post_tag","embeddable":true,"href":"https:\/\/guineediversite.com\/index.php\/wp-json\/wp\/v2\/tags?post=30937"}],"curies":[{"name":"wp","href":"https:\/\/api.w.org\/{rel}","templated":true}]}}