{"id":30924,"date":"2021-03-11T15:55:07","date_gmt":"2021-03-11T14:55:07","guid":{"rendered":"https:\/\/guineediversite.com\/?p=30924"},"modified":"2021-03-11T15:55:07","modified_gmt":"2021-03-11T14:55:07","slug":"covid-19-le-bresil-a-depasse-pour-la-premiere-fois-les-2000-morts-en-24-heures","status":"publish","type":"post","link":"https:\/\/guineediversite.com\/index.php\/2021\/03\/11\/covid-19-le-bresil-a-depasse-pour-la-premiere-fois-les-2000-morts-en-24-heures\/","title":{"rendered":"Covid-19: le Br\u00e9sil a d\u00e9pass\u00e9 pour la premi\u00e8re fois les 2000 morts en 24 heures"},"content":{"rendered":"<p>Le Br\u00e9sil a d\u00e9plor\u00e9 pour la premi\u00e8re fois plus de 2000 morts du Covid-19 en 24 heures mercredi 10 mars, selon le dernier bilan officiel du minist\u00e8re de la Sant\u00e9, qui fait \u00e9tat de 2 286 nouveaux d\u00e9c\u00e8s.<\/p>\n<p>Ce pays de 212 millions d&rsquo;habitants, le deuxi\u00e8me le plus endeuill\u00e9 au monde apr\u00e8s les Etats-Unis, compte \u00e0 pr\u00e9sent 270 656 morts caus\u00e9s par le virus, avec 11,2 millions de personnes infect\u00e9es.\u00a0Le Br\u00e9sil avait d\u00e9j\u00e0 battu son record de d\u00e9c\u00e8s journaliers mardi (1 972), et a enregistr\u00e9 mercredi 79 876 nouveaux cas confirm\u00e9s, le troisi\u00e8me pire total depuis le d\u00e9but de la pand\u00e9mie.<\/p>\n<p>\u00ab\u00a0<em>Nous sommes au pire moment de la pand\u00e9mie au Br\u00e9sil, le taux de transmission avec les variants rend l&rsquo;\u00e9pid\u00e9mie encore plus grave. L&rsquo;ann\u00e9e 2021 va encore \u00eatre tr\u00e8s dure<\/em>\u00a0\u00bb, a d\u00e9clar\u00e9 Margareth Dalcolmo, pneumologue et chercheuse \u00e0 la Fiocruz, institut de r\u00e9f\u00e9rence en sant\u00e9 publique.\u00a0Cette situation sanitaire du Br\u00e9sil pr\u00e9occupe aussi les organisations internationales de sant\u00e9 qui ont lanc\u00e9 des mises en garde au gouvernement.<\/p>\n<p>Bataille politique<\/p>\n<p>La vaccination a d\u00e9but\u00e9 tardivement et \u00e0 un rythme encore lent\u00a0: 8,8 millions de personnes (4,2 % de la population) ont re\u00e7u une premi\u00e8re dose du vaccin, 3,05 millions ont re\u00e7u la deuxi\u00e8me dose.\u00a0La plupart des \u00c9tats br\u00e9siliens ont durci les restrictions la semaine derni\u00e8re, malgr\u00e9 le d\u00e9ni du pr\u00e9sident d&rsquo;extr\u00eame droite Jair Bolsonaro, qui n&rsquo;a cess\u00e9 de minimiser la pand\u00e9mie et de s&rsquo;opposer \u00e0 toute fermeture des commerces, au nom de la pr\u00e9servation de l&#8217;emploi.\u00a0Les gouverneurs ont \u00e9galement form\u00e9 une alliance pour acheter des vaccins sur le march\u00e9 international.<\/p>\n<p>Lors d&rsquo;une c\u00e9r\u00e9monie officielle de promulgation d&rsquo;une loi autorisant des d\u00e9penses suppl\u00e9mentaires pour l&rsquo;acquisition de vaccins, Jair Bolsonaro a adopt\u00e9 mercredi 10 mars un discours plus mod\u00e9r\u00e9 que d&rsquo;habitude, utilisant m\u00eame, fait rare, un masque de protection.<\/p>\n<p>\u00ab\u00a0<em>Faisons confiance au gouvernement, au minist\u00e8re de la Sant\u00e9, qui travaillent avec s\u00e9rieux et responsabilit\u00e9<\/em>\u00a0\u00bb, a d\u00e9clar\u00e9 le chef de l&rsquo;\u00c9tat, dont la geste chaotique de la pand\u00e9mie est pourtant fortement critique par les sp\u00e9cialistes en sant\u00e9 publique.<\/p>\n<p>Quelques heures plus t\u00f4t, il avait \u00e9t\u00e9 vivement critiqu\u00e9 par l&rsquo;ex-pr\u00e9sident de gauche Luiz Inacio Lula da Silva, qui avait recommand\u00e9 aux Br\u00e9siliens de \u00ab\u00a0<em>ne suivre aucune des d\u00e9cisions imb\u00e9ciles prises par le pr\u00e9sident de la R\u00e9publique et son minist\u00e8re de la Sant\u00e9\u00a0<\/em>\u00bb.<\/p>\n<p>&nbsp;<\/p>\n","protected":false},"excerpt":{"rendered":"<p>Le Br\u00e9sil a d\u00e9plor\u00e9 pour la premi\u00e8re fois plus de 2000 morts du Covid-19 en 24 heures mercredi 10 mars, selon le dernier bilan officiel du minist\u00e8re de la Sant\u00e9, qui fait \u00e9tat de 2 286 nouveaux d\u00e9c\u00e8s. Ce pays de 212 millions d&rsquo;habitants, le deuxi\u00e8me le plus endeuill\u00e9 au monde apr\u00e8s les Etats-Unis, compte [&hellip;]<\/p>\n","protected":false},"author":12,"featured_media":30925,"comment_status":"closed","ping_status":"open","sticky":false,"template":"","format":"standard","meta":{"_exactmetrics_skip_tracking":false,"_exactmetrics_sitenote_active":false,"_exactmetrics_sitenote_note":"","_exactmetrics_sitenote_category":0,"tdm_status":"","tdm_grid_status":"","footnotes":""},"categories":[21],"tags":[],"class_list":{"0":"post-30924","1":"post","2":"type-post","3":"status-publish","4":"format-standard","5":"has-post-thumbnail","7":"category-international"},"yoast_head":"<!-- This site is optimized with the Yoast SEO plugin v24.2 - https:\/\/yoast.com\/wordpress\/plugins\/seo\/ -->\n<title>Covid-19: le Br\u00e9sil a d\u00e9pass\u00e9 pour la premi\u00e8re fois les 2000 morts en 24 heures | Guin\u00e9e Diversit\u00e9<\/title>\n<meta name=\"robots\" content=\"index, follow, max-snippet:-1, max-image-preview:large, max-video-preview:-1\" \/>\n<link rel=\"canonical\" href=\"https:\/\/guineediversite.com\/index.php\/2021\/03\/11\/covid-19-le-bresil-a-depasse-pour-la-premiere-fois-les-2000-morts-en-24-heures\/\" \/>\n<meta property=\"og:locale\" content=\"fr_FR\" \/>\n<meta property=\"og:type\" content=\"article\" \/>\n<meta property=\"og:title\" content=\"Covid-19: le Br\u00e9sil a d\u00e9pass\u00e9 pour la premi\u00e8re fois les 2000 morts en 24 heures | Guin\u00e9e Diversit\u00e9\" \/>\n<meta property=\"og:description\" content=\"Le Br\u00e9sil a d\u00e9plor\u00e9 pour la premi\u00e8re fois plus de 2000 morts du Covid-19 en 24 heures mercredi 10 mars, selon le dernier bilan officiel du minist\u00e8re de la Sant\u00e9, qui fait \u00e9tat de 2 286 nouveaux d\u00e9c\u00e8s. Ce pays de 212 millions d&rsquo;habitants, le deuxi\u00e8me le plus endeuill\u00e9 au monde apr\u00e8s les Etats-Unis, compte [&hellip;]\" \/>\n<meta property=\"og:url\" content=\"https:\/\/guineediversite.com\/index.php\/2021\/03\/11\/covid-19-le-bresil-a-depasse-pour-la-premiere-fois-les-2000-morts-en-24-heures\/\" \/>\n<meta property=\"og:site_name\" content=\"Guin\u00e9e Diversit\u00e9\" \/>\n<meta property=\"article:publisher\" content=\"https:\/\/www.facebook.com\/guineediversite\/\" \/>\n<meta property=\"article:published_time\" content=\"2021-03-11T14:55:07+00:00\" \/>\n<meta property=\"og:image\" content=\"https:\/\/guineediversite.com\/wp-content\/uploads\/2021\/03\/le-Bresil-a-depasse-pour-la-premiere-fois-les-2000-morts-en-24-heures.jpg\" \/>\n\t<meta property=\"og:image:width\" content=\"1500\" \/>\n\t<meta property=\"og:image:height\" content=\"840\" \/>\n\t<meta property=\"og:image:type\" content=\"image\/jpeg\" \/>\n<meta name=\"author\" content=\"Guin\u00e9e Diversit\u00e9\" \/>\n<meta name=\"twitter:card\" content=\"summary_large_image\" \/>\n<meta name=\"twitter:creator\" content=\"@GuineeDiversite\" \/>\n<meta name=\"twitter:site\" content=\"@GuineeDiversite\" \/>\n<meta name=\"twitter:label1\" content=\"\u00c9crit par\" \/>\n\t<meta name=\"twitter:data1\" content=\"Guin\u00e9e Diversit\u00e9\" \/>\n\t<meta name=\"twitter:label2\" content=\"Dur\u00e9e de lecture estim\u00e9e\" \/>\n\t<meta name=\"twitter:data2\" content=\"2 minutes\" \/>\n<script type=\"application\/ld+json\" class=\"yoast-schema-graph\">{\"@context\":\"https:\/\/schema.org\",\"@graph\":[{\"@type\":\"Article\",\"@id\":\"https:\/\/guineediversite.com\/index.php\/2021\/03\/11\/covid-19-le-bresil-a-depasse-pour-la-premiere-fois-les-2000-morts-en-24-heures\/#article\",\"isPartOf\":{\"@id\":\"https:\/\/guineediversite.com\/index.php\/2021\/03\/11\/covid-19-le-bresil-a-depasse-pour-la-premiere-fois-les-2000-morts-en-24-heures\/\"},\"author\":{\"name\":\"Guin\u00e9e Diversit\u00e9\",\"@id\":\"https:\/\/guineediversite.com\/#\/schema\/person\/afa08fb34e7fc6e1feafc892612bc836\"},\"headline\":\"Covid-19: le Br\u00e9sil a d\u00e9pass\u00e9 pour la premi\u00e8re fois les 2000 morts en 24 heures\",\"datePublished\":\"2021-03-11T14:55:07+00:00\",\"dateModified\":\"2021-03-11T14:55:07+00:00\",\"mainEntityOfPage\":{\"@id\":\"https:\/\/guineediversite.com\/index.php\/2021\/03\/11\/covid-19-le-bresil-a-depasse-pour-la-premiere-fois-les-2000-morts-en-24-heures\/\"},\"wordCount\":447,\"publisher\":{\"@id\":\"https:\/\/guineediversite.com\/#organization\"},\"image\":{\"@id\":\"https:\/\/guineediversite.com\/index.php\/2021\/03\/11\/covid-19-le-bresil-a-depasse-pour-la-premiere-fois-les-2000-morts-en-24-heures\/#primaryimage\"},\"thumbnailUrl\":\"https:\/\/guineediversite.com\/wp-content\/uploads\/2021\/03\/le-Bresil-a-depasse-pour-la-premiere-fois-les-2000-morts-en-24-heures.jpg\",\"articleSection\":[\"International\"],\"inLanguage\":\"fr-FR\"},{\"@type\":\"WebPage\",\"@id\":\"https:\/\/guineediversite.com\/index.php\/2021\/03\/11\/covid-19-le-bresil-a-depasse-pour-la-premiere-fois-les-2000-morts-en-24-heures\/\",\"url\":\"https:\/\/guineediversite.com\/index.php\/2021\/03\/11\/covid-19-le-bresil-a-depasse-pour-la-premiere-fois-les-2000-morts-en-24-heures\/\",\"name\":\"Covid-19: le Br\u00e9sil a d\u00e9pass\u00e9 pour la premi\u00e8re fois les 2000 morts en 24 heures | Guin\u00e9e Diversit\u00e9\",\"isPartOf\":{\"@id\":\"https:\/\/guineediversite.com\/#website\"},\"primaryImageOfPage\":{\"@id\":\"https:\/\/guineediversite.com\/index.php\/2021\/03\/11\/covid-19-le-bresil-a-depasse-pour-la-premiere-fois-les-2000-morts-en-24-heures\/#primaryimage\"},\"image\":{\"@id\":\"https:\/\/guineediversite.com\/index.php\/2021\/03\/11\/covid-19-le-bresil-a-depasse-pour-la-premiere-fois-les-2000-morts-en-24-heures\/#primaryimage\"},\"thumbnailUrl\":\"https:\/\/guineediversite.com\/wp-content\/uploads\/2021\/03\/le-Bresil-a-depasse-pour-la-premiere-fois-les-2000-morts-en-24-heures.jpg\",\"datePublished\":\"2021-03-11T14:55:07+00:00\",\"dateModified\":\"2021-03-11T14:55:07+00:00\",\"breadcrumb\":{\"@id\":\"https:\/\/guineediversite.com\/index.php\/2021\/03\/11\/covid-19-le-bresil-a-depasse-pour-la-premiere-fois-les-2000-morts-en-24-heures\/#breadcrumb\"},\"inLanguage\":\"fr-FR\",\"potentialAction\":[{\"@type\":\"ReadAction\",\"target\":[\"https:\/\/guineediversite.com\/index.php\/2021\/03\/11\/covid-19-le-bresil-a-depasse-pour-la-premiere-fois-les-2000-morts-en-24-heures\/\"]}]},{\"@type\":\"ImageObject\",\"inLanguage\":\"fr-FR\",\"@id\":\"https:\/\/guineediversite.com\/index.php\/2021\/03\/11\/covid-19-le-bresil-a-depasse-pour-la-premiere-fois-les-2000-morts-en-24-heures\/#primaryimage\",\"url\":\"https:\/\/guineediversite.com\/wp-content\/uploads\/2021\/03\/le-Bresil-a-depasse-pour-la-premiere-fois-les-2000-morts-en-24-heures.jpg\",\"contentUrl\":\"https:\/\/guineediversite.com\/wp-content\/uploads\/2021\/03\/le-Bresil-a-depasse-pour-la-premiere-fois-les-2000-morts-en-24-heures.jpg\",\"width\":1500,\"height\":840},{\"@type\":\"BreadcrumbList\",\"@id\":\"https:\/\/guineediversite.com\/index.php\/2021\/03\/11\/covid-19-le-bresil-a-depasse-pour-la-premiere-fois-les-2000-morts-en-24-heures\/#breadcrumb\",\"itemListElement\":[{\"@type\":\"ListItem\",\"position\":1,\"name\":\"Accueil\",\"item\":\"https:\/\/guineediversite.com\/\"},{\"@type\":\"ListItem\",\"position\":2,\"name\":\"Covid-19: le Br\u00e9sil a d\u00e9pass\u00e9 pour la premi\u00e8re fois les 2000 morts en 24 heures\"}]},{\"@type\":\"WebSite\",\"@id\":\"https:\/\/guineediversite.com\/#website\",\"url\":\"https:\/\/guineediversite.com\/\",\"name\":\"Guin\u00e9e Diversit\u00e9\",\"description\":\"L&#039;Info dans toute sa diversit\u00e9\",\"publisher\":{\"@id\":\"https:\/\/guineediversite.com\/#organization\"},\"potentialAction\":[{\"@type\":\"SearchAction\",\"target\":{\"@type\":\"EntryPoint\",\"urlTemplate\":\"https:\/\/guineediversite.com\/?s={search_term_string}\"},\"query-input\":{\"@type\":\"PropertyValueSpecification\",\"valueRequired\":true,\"valueName\":\"search_term_string\"}}],\"inLanguage\":\"fr-FR\"},{\"@type\":\"Organization\",\"@id\":\"https:\/\/guineediversite.com\/#organization\",\"name\":\"Guin\u00e9e Diversit\u00e9\",\"url\":\"https:\/\/guineediversite.com\/\",\"logo\":{\"@type\":\"ImageObject\",\"inLanguage\":\"fr-FR\",\"@id\":\"https:\/\/guineediversite.com\/#\/schema\/logo\/image\/\",\"url\":\"https:\/\/guineediversite.com\/wp-content\/uploads\/2017\/04\/cropped-1jojlxEOMkX9Wyqfhe43D6kjPOGqBBKmx3EwWJqZ0cMrFF54yM49.png\",\"contentUrl\":\"https:\/\/guineediversite.com\/wp-content\/uploads\/2017\/04\/cropped-1jojlxEOMkX9Wyqfhe43D6kjPOGqBBKmx3EwWJqZ0cMrFF54yM49.png\",\"width\":186,\"height\":112,\"caption\":\"Guin\u00e9e Diversit\u00e9\"},\"image\":{\"@id\":\"https:\/\/guineediversite.com\/#\/schema\/logo\/image\/\"},\"sameAs\":[\"https:\/\/www.facebook.com\/guineediversite\/\",\"https:\/\/x.com\/GuineeDiversite\",\"https:\/\/www.youtube.com\/channel\/UC8sUY16qelG5ge6_D5SB83g\"]},{\"@type\":\"Person\",\"@id\":\"https:\/\/guineediversite.com\/#\/schema\/person\/afa08fb34e7fc6e1feafc892612bc836\",\"name\":\"Guin\u00e9e Diversit\u00e9\",\"image\":{\"@type\":\"ImageObject\",\"inLanguage\":\"fr-FR\",\"@id\":\"https:\/\/guineediversite.com\/#\/schema\/person\/image\/\",\"url\":\"https:\/\/secure.gravatar.com\/avatar\/50d5eb5b390f8b65ac30ac6f898eb83a?s=96&d=mm&r=g\",\"contentUrl\":\"https:\/\/secure.gravatar.com\/avatar\/50d5eb5b390f8b65ac30ac6f898eb83a?s=96&d=mm&r=g\",\"caption\":\"Guin\u00e9e Diversit\u00e9\"},\"url\":\"https:\/\/guineediversite.com\/index.php\/author\/guineediversite\/\"}]}<\/script>\n<!-- \/ Yoast SEO plugin. -->","yoast_head_json":{"title":"Covid-19: le Br\u00e9sil a d\u00e9pass\u00e9 pour la premi\u00e8re fois les 2000 morts en 24 heures | Guin\u00e9e Diversit\u00e9","robots":{"index":"index","follow":"follow","max-snippet":"max-snippet:-1","max-image-preview":"max-image-preview:large","max-video-preview":"max-video-preview:-1"},"canonical":"https:\/\/guineediversite.com\/index.php\/2021\/03\/11\/covid-19-le-bresil-a-depasse-pour-la-premiere-fois-les-2000-morts-en-24-heures\/","og_locale":"fr_FR","og_type":"article","og_title":"Covid-19: le Br\u00e9sil a d\u00e9pass\u00e9 pour la premi\u00e8re fois les 2000 morts en 24 heures | Guin\u00e9e Diversit\u00e9","og_description":"Le Br\u00e9sil a d\u00e9plor\u00e9 pour la premi\u00e8re fois plus de 2000 morts du Covid-19 en 24 heures mercredi 10 mars, selon le dernier bilan officiel du minist\u00e8re de la Sant\u00e9, qui fait \u00e9tat de 2 286 nouveaux d\u00e9c\u00e8s. Ce pays de 212 millions d&rsquo;habitants, le deuxi\u00e8me le plus endeuill\u00e9 au monde apr\u00e8s les Etats-Unis, compte [&hellip;]","og_url":"https:\/\/guineediversite.com\/index.php\/2021\/03\/11\/covid-19-le-bresil-a-depasse-pour-la-premiere-fois-les-2000-morts-en-24-heures\/","og_site_name":"Guin\u00e9e Diversit\u00e9","article_publisher":"https:\/\/www.facebook.com\/guineediversite\/","article_published_time":"2021-03-11T14:55:07+00:00","og_image":[{"width":1500,"height":840,"url":"https:\/\/guineediversite.com\/wp-content\/uploads\/2021\/03\/le-Bresil-a-depasse-pour-la-premiere-fois-les-2000-morts-en-24-heures.jpg","type":"image\/jpeg"}],"author":"Guin\u00e9e Diversit\u00e9","twitter_card":"summary_large_image","twitter_creator":"@GuineeDiversite","twitter_site":"@GuineeDiversite","twitter_misc":{"\u00c9crit par":"Guin\u00e9e Diversit\u00e9","Dur\u00e9e de lecture estim\u00e9e":"2 minutes"},"schema":{"@context":"https:\/\/schema.org","@graph":[{"@type":"Article","@id":"https:\/\/guineediversite.com\/index.php\/2021\/03\/11\/covid-19-le-bresil-a-depasse-pour-la-premiere-fois-les-2000-morts-en-24-heures\/#article","isPartOf":{"@id":"https:\/\/guineediversite.com\/index.php\/2021\/03\/11\/covid-19-le-bresil-a-depasse-pour-la-premiere-fois-les-2000-morts-en-24-heures\/"},"author":{"name":"Guin\u00e9e Diversit\u00e9","@id":"https:\/\/guineediversite.com\/#\/schema\/person\/afa08fb34e7fc6e1feafc892612bc836"},"headline":"Covid-19: le Br\u00e9sil a d\u00e9pass\u00e9 pour la premi\u00e8re fois les 2000 morts en 24 heures","datePublished":"2021-03-11T14:55:07+00:00","dateModified":"2021-03-11T14:55:07+00:00","mainEntityOfPage":{"@id":"https:\/\/guineediversite.com\/index.php\/2021\/03\/11\/covid-19-le-bresil-a-depasse-pour-la-premiere-fois-les-2000-morts-en-24-heures\/"},"wordCount":447,"publisher":{"@id":"https:\/\/guineediversite.com\/#organization"},"image":{"@id":"https:\/\/guineediversite.com\/index.php\/2021\/03\/11\/covid-19-le-bresil-a-depasse-pour-la-premiere-fois-les-2000-morts-en-24-heures\/#primaryimage"},"thumbnailUrl":"https:\/\/guineediversite.com\/wp-content\/uploads\/2021\/03\/le-Bresil-a-depasse-pour-la-premiere-fois-les-2000-morts-en-24-heures.jpg","articleSection":["International"],"inLanguage":"fr-FR"},{"@type":"WebPage","@id":"https:\/\/guineediversite.com\/index.php\/2021\/03\/11\/covid-19-le-bresil-a-depasse-pour-la-premiere-fois-les-2000-morts-en-24-heures\/","url":"https:\/\/guineediversite.com\/index.php\/2021\/03\/11\/covid-19-le-bresil-a-depasse-pour-la-premiere-fois-les-2000-morts-en-24-heures\/","name":"Covid-19: le Br\u00e9sil a d\u00e9pass\u00e9 pour la premi\u00e8re fois les 2000 morts en 24 heures | Guin\u00e9e Diversit\u00e9","isPartOf":{"@id":"https:\/\/guineediversite.com\/#website"},"primaryImageOfPage":{"@id":"https:\/\/guineediversite.com\/index.php\/2021\/03\/11\/covid-19-le-bresil-a-depasse-pour-la-premiere-fois-les-2000-morts-en-24-heures\/#primaryimage"},"image":{"@id":"https:\/\/guineediversite.com\/index.php\/2021\/03\/11\/covid-19-le-bresil-a-depasse-pour-la-premiere-fois-les-2000-morts-en-24-heures\/#primaryimage"},"thumbnailUrl":"https:\/\/guineediversite.com\/wp-content\/uploads\/2021\/03\/le-Bresil-a-depasse-pour-la-premiere-fois-les-2000-morts-en-24-heures.jpg","datePublished":"2021-03-11T14:55:07+00:00","dateModified":"2021-03-11T14:55:07+00:00","breadcrumb":{"@id":"https:\/\/guineediversite.com\/index.php\/2021\/03\/11\/covid-19-le-bresil-a-depasse-pour-la-premiere-fois-les-2000-morts-en-24-heures\/#breadcrumb"},"inLanguage":"fr-FR","potentialAction":[{"@type":"ReadAction","target":["https:\/\/guineediversite.com\/index.php\/2021\/03\/11\/covid-19-le-bresil-a-depasse-pour-la-premiere-fois-les-2000-morts-en-24-heures\/"]}]},{"@type":"ImageObject","inLanguage":"fr-FR","@id":"https:\/\/guineediversite.com\/index.php\/2021\/03\/11\/covid-19-le-bresil-a-depasse-pour-la-premiere-fois-les-2000-morts-en-24-heures\/#primaryimage","url":"https:\/\/guineediversite.com\/wp-content\/uploads\/2021\/03\/le-Bresil-a-depasse-pour-la-premiere-fois-les-2000-morts-en-24-heures.jpg","contentUrl":"https:\/\/guineediversite.com\/wp-content\/uploads\/2021\/03\/le-Bresil-a-depasse-pour-la-premiere-fois-les-2000-morts-en-24-heures.jpg","width":1500,"height":840},{"@type":"BreadcrumbList","@id":"https:\/\/guineediversite.com\/index.php\/2021\/03\/11\/covid-19-le-bresil-a-depasse-pour-la-premiere-fois-les-2000-morts-en-24-heures\/#breadcrumb","itemListElement":[{"@type":"ListItem","position":1,"name":"Accueil","item":"https:\/\/guineediversite.com\/"},{"@type":"ListItem","position":2,"name":"Covid-19: le Br\u00e9sil a d\u00e9pass\u00e9 pour la premi\u00e8re fois les 2000 morts en 24 heures"}]},{"@type":"WebSite","@id":"https:\/\/guineediversite.com\/#website","url":"https:\/\/guineediversite.com\/","name":"Guin\u00e9e Diversit\u00e9","description":"L&#039;Info dans toute sa diversit\u00e9","publisher":{"@id":"https:\/\/guineediversite.com\/#organization"},"potentialAction":[{"@type":"SearchAction","target":{"@type":"EntryPoint","urlTemplate":"https:\/\/guineediversite.com\/?s={search_term_string}"},"query-input":{"@type":"PropertyValueSpecification","valueRequired":true,"valueName":"search_term_string"}}],"inLanguage":"fr-FR"},{"@type":"Organization","@id":"https:\/\/guineediversite.com\/#organization","name":"Guin\u00e9e Diversit\u00e9","url":"https:\/\/guineediversite.com\/","logo":{"@type":"ImageObject","inLanguage":"fr-FR","@id":"https:\/\/guineediversite.com\/#\/schema\/logo\/image\/","url":"https:\/\/guineediversite.com\/wp-content\/uploads\/2017\/04\/cropped-1jojlxEOMkX9Wyqfhe43D6kjPOGqBBKmx3EwWJqZ0cMrFF54yM49.png","contentUrl":"https:\/\/guineediversite.com\/wp-content\/uploads\/2017\/04\/cropped-1jojlxEOMkX9Wyqfhe43D6kjPOGqBBKmx3EwWJqZ0cMrFF54yM49.png","width":186,"height":112,"caption":"Guin\u00e9e Diversit\u00e9"},"image":{"@id":"https:\/\/guineediversite.com\/#\/schema\/logo\/image\/"},"sameAs":["https:\/\/www.facebook.com\/guineediversite\/","https:\/\/x.com\/GuineeDiversite","https:\/\/www.youtube.com\/channel\/UC8sUY16qelG5ge6_D5SB83g"]},{"@type":"Person","@id":"https:\/\/guineediversite.com\/#\/schema\/person\/afa08fb34e7fc6e1feafc892612bc836","name":"Guin\u00e9e Diversit\u00e9","image":{"@type":"ImageObject","inLanguage":"fr-FR","@id":"https:\/\/guineediversite.com\/#\/schema\/person\/image\/","url":"https:\/\/secure.gravatar.com\/avatar\/50d5eb5b390f8b65ac30ac6f898eb83a?s=96&d=mm&r=g","contentUrl":"https:\/\/secure.gravatar.com\/avatar\/50d5eb5b390f8b65ac30ac6f898eb83a?s=96&d=mm&r=g","caption":"Guin\u00e9e Diversit\u00e9"},"url":"https:\/\/guineediversite.com\/index.php\/author\/guineediversite\/"}]}},"_links":{"self":[{"href":"https:\/\/guineediversite.com\/index.php\/wp-json\/wp\/v2\/posts\/30924"}],"collection":[{"href":"https:\/\/guineediversite.com\/index.php\/wp-json\/wp\/v2\/posts"}],"about":[{"href":"https:\/\/guineediversite.com\/index.php\/wp-json\/wp\/v2\/types\/post"}],"author":[{"embeddable":true,"href":"https:\/\/guineediversite.com\/index.php\/wp-json\/wp\/v2\/users\/12"}],"replies":[{"embeddable":true,"href":"https:\/\/guineediversite.com\/index.php\/wp-json\/wp\/v2\/comments?post=30924"}],"version-history":[{"count":1,"href":"https:\/\/guineediversite.com\/index.php\/wp-json\/wp\/v2\/posts\/30924\/revisions"}],"predecessor-version":[{"id":30926,"href":"https:\/\/guineediversite.com\/index.php\/wp-json\/wp\/v2\/posts\/30924\/revisions\/30926"}],"wp:featuredmedia":[{"embeddable":true,"href":"https:\/\/guineediversite.com\/index.php\/wp-json\/wp\/v2\/media\/30925"}],"wp:attachment":[{"href":"https:\/\/guineediversite.com\/index.php\/wp-json\/wp\/v2\/media?parent=30924"}],"wp:term":[{"taxonomy":"category","embeddable":true,"href":"https:\/\/guineediversite.com\/index.php\/wp-json\/wp\/v2\/categories?post=30924"},{"taxonomy":"post_tag","embeddable":true,"href":"https:\/\/guineediversite.com\/index.php\/wp-json\/wp\/v2\/tags?post=30924"}],"curies":[{"name":"wp","href":"https:\/\/api.w.org\/{rel}","templated":true}]}}