{"id":30921,"date":"2021-03-11T15:37:41","date_gmt":"2021-03-11T14:37:41","guid":{"rendered":"https:\/\/guineediversite.com\/?p=30921"},"modified":"2021-03-11T15:37:41","modified_gmt":"2021-03-11T14:37:41","slug":"maison-centrale-le-chef-de-file-de-lopposition-a-rencontre-les-detenus-politiques","status":"publish","type":"post","link":"https:\/\/guineediversite.com\/index.php\/2021\/03\/11\/maison-centrale-le-chef-de-file-de-lopposition-a-rencontre-les-detenus-politiques\/","title":{"rendered":"Maison centrale : le chef de file de l&rsquo;opposition a rencontr\u00e9 les d\u00e9tenus politiques"},"content":{"rendered":"<p><strong>Ce jeudi 11 mars 2021, le chef de file de l&rsquo;opposition guin\u00e9enne a rencontr\u00e9 d\u00e9tenus politiques \u00e0 la maison centrale de Conakry. Objectif, poursuivre ses prises de contact avec les acteurs sociopolitiques du pays. <\/strong><\/p>\n<p>Le chef de fil de l\u2019opposition a effectu\u00e9 ce d\u00e9placement avec quelques membres de son cabinet, a savoir Bah Oury, Makal\u00e9 Camara, Mamadou Baadiko Bah.<\/p>\n<p>Mamadou Sylla a apr\u00e8s sa visite aupr\u00e8s des d\u00e9tenus politiques qu\u2019il aurait rencontr\u00e9s, \u00e9voqu\u00e9 les conditions de d\u00e9tention dans lesquelles ils se trouvent. Il ( Mamadou Sylla Ndlr) s\u2019exprimera en ces termes : \u00ab <em>Ils se portent tr\u00e8s bien, Fatou Bangoura nous a signal\u00e9 un probl\u00e8me au niveau de son pied, elle marche un peu difficilement, mais physiquement ils vont bien. On a vu des gens qui ont dit qu&rsquo;ils ont fait six mois sans avoir d&rsquo;avocats, sans juge, sans visite, et on a d&rsquo;autres aussi qui ont fait 120 jours sans voir leur avocat tel que Abdoulaye Bah et Cherif Bah. C&rsquo;est d\u00e9plorable parce que si tu prends quelqu&rsquo;un pour dire qu&rsquo;il est en conflit avec la loi, il faut aussit\u00f4t le jug\u00e9 pour qu&rsquo;il soit fix\u00e9 sur son sort <\/em>\u00bb.<\/p>\n<p>A cet effet, Mamadou Sylla chef de file de l\u2019opposition parlementaire a dans ces propos, interpel\u00e9 le ministre de la justice \u00e0 faire en sorte que les d\u00e9tenus politiques soient fix\u00e9s sur leur sort.<\/p>\n<p>\u00ab\u00a0<em>Pour le moment comme ce sont des d\u00e9tenus qui ne sont pas encore jug\u00e9s, on ne sait pas quelle charge est retenue contre eux, ce qu&rsquo;on peut dire c&rsquo;est de demander au minist\u00e8re de la justice, au procureur et tous ceux qui tiennent ces dossiers dans les tribunaux c&rsquo;est de faire en sorte que ces d\u00e9tenus soient jug\u00e9s<\/em> \u00bb, a-t-il laiss\u00e9 entendre.<\/p>\n<p>Mamadou Sylla chef de file de l&rsquo;opposition a promis de demander la cl\u00e9mence du pr\u00e9sident de la R\u00e9publique si toutefois les charges retenues contre ces d\u00e9tenus politiques sont av\u00e9r\u00e9es.<\/p>\n","protected":false},"excerpt":{"rendered":"<p>Ce jeudi 11 mars 2021, le chef de file de l&rsquo;opposition guin\u00e9enne a rencontr\u00e9 d\u00e9tenus politiques \u00e0 la maison centrale de Conakry. Objectif, poursuivre ses prises de contact avec les acteurs sociopolitiques du pays. Le chef de fil de l\u2019opposition a effectu\u00e9 ce d\u00e9placement avec quelques membres de son cabinet, a savoir Bah Oury, Makal\u00e9 [&hellip;]<\/p>\n","protected":false},"author":10,"featured_media":30922,"comment_status":"closed","ping_status":"open","sticky":false,"template":"","format":"standard","meta":{"_exactmetrics_skip_tracking":false,"_exactmetrics_sitenote_active":false,"_exactmetrics_sitenote_note":"","_exactmetrics_sitenote_category":0,"tdm_status":"","tdm_grid_status":"","footnotes":""},"categories":[254,14],"tags":[],"class_list":{"0":"post-30921","1":"post","2":"type-post","3":"status-publish","4":"format-standard","5":"has-post-thumbnail","7":"category-derniere-minute","8":"category-politique"},"yoast_head":"<!-- This site is optimized with the Yoast SEO plugin v24.2 - https:\/\/yoast.com\/wordpress\/plugins\/seo\/ -->\n<title>Maison centrale : le chef de file de l&#039;opposition a rencontr\u00e9 les d\u00e9tenus politiques | Guin\u00e9e Diversit\u00e9<\/title>\n<meta name=\"robots\" content=\"index, follow, max-snippet:-1, max-image-preview:large, max-video-preview:-1\" \/>\n<link rel=\"canonical\" href=\"https:\/\/guineediversite.com\/index.php\/2021\/03\/11\/maison-centrale-le-chef-de-file-de-lopposition-a-rencontre-les-detenus-politiques\/\" \/>\n<meta property=\"og:locale\" content=\"fr_FR\" \/>\n<meta property=\"og:type\" content=\"article\" \/>\n<meta property=\"og:title\" content=\"Maison centrale : le chef de file de l&#039;opposition a rencontr\u00e9 les d\u00e9tenus politiques | Guin\u00e9e Diversit\u00e9\" \/>\n<meta property=\"og:description\" content=\"Ce jeudi 11 mars 2021, le chef de file de l&rsquo;opposition guin\u00e9enne a rencontr\u00e9 d\u00e9tenus politiques \u00e0 la maison centrale de Conakry. Objectif, poursuivre ses prises de contact avec les acteurs sociopolitiques du pays. Le chef de fil de l\u2019opposition a effectu\u00e9 ce d\u00e9placement avec quelques membres de son cabinet, a savoir Bah Oury, Makal\u00e9 [&hellip;]\" \/>\n<meta property=\"og:url\" content=\"https:\/\/guineediversite.com\/index.php\/2021\/03\/11\/maison-centrale-le-chef-de-file-de-lopposition-a-rencontre-les-detenus-politiques\/\" \/>\n<meta property=\"og:site_name\" content=\"Guin\u00e9e Diversit\u00e9\" \/>\n<meta property=\"article:publisher\" content=\"https:\/\/www.facebook.com\/guineediversite\/\" \/>\n<meta property=\"article:published_time\" content=\"2021-03-11T14:37:41+00:00\" \/>\n<meta property=\"og:image\" content=\"https:\/\/guineediversite.com\/wp-content\/uploads\/2021\/03\/WhatsApp-Image-2021-03-11-at-13.33.56.jpeg\" \/>\n\t<meta property=\"og:image:width\" content=\"1040\" \/>\n\t<meta property=\"og:image:height\" content=\"780\" \/>\n\t<meta property=\"og:image:type\" content=\"image\/jpeg\" \/>\n<meta name=\"author\" content=\"Morcire Camara\" \/>\n<meta name=\"twitter:card\" content=\"summary_large_image\" \/>\n<meta name=\"twitter:creator\" content=\"@GuineeDiversite\" \/>\n<meta name=\"twitter:site\" content=\"@GuineeDiversite\" \/>\n<meta name=\"twitter:label1\" content=\"\u00c9crit par\" \/>\n\t<meta name=\"twitter:data1\" content=\"Morcire Camara\" \/>\n\t<meta name=\"twitter:label2\" content=\"Dur\u00e9e de lecture estim\u00e9e\" \/>\n\t<meta name=\"twitter:data2\" content=\"2 minutes\" \/>\n<script type=\"application\/ld+json\" class=\"yoast-schema-graph\">{\"@context\":\"https:\/\/schema.org\",\"@graph\":[{\"@type\":\"Article\",\"@id\":\"https:\/\/guineediversite.com\/index.php\/2021\/03\/11\/maison-centrale-le-chef-de-file-de-lopposition-a-rencontre-les-detenus-politiques\/#article\",\"isPartOf\":{\"@id\":\"https:\/\/guineediversite.com\/index.php\/2021\/03\/11\/maison-centrale-le-chef-de-file-de-lopposition-a-rencontre-les-detenus-politiques\/\"},\"author\":{\"name\":\"Morcire Camara\",\"@id\":\"https:\/\/guineediversite.com\/#\/schema\/person\/fa362494c47202ce4b3adf55abcc9d01\"},\"headline\":\"Maison centrale : le chef de file de l&rsquo;opposition a rencontr\u00e9 les d\u00e9tenus politiques\",\"datePublished\":\"2021-03-11T14:37:41+00:00\",\"dateModified\":\"2021-03-11T14:37:41+00:00\",\"mainEntityOfPage\":{\"@id\":\"https:\/\/guineediversite.com\/index.php\/2021\/03\/11\/maison-centrale-le-chef-de-file-de-lopposition-a-rencontre-les-detenus-politiques\/\"},\"wordCount\":362,\"publisher\":{\"@id\":\"https:\/\/guineediversite.com\/#organization\"},\"image\":{\"@id\":\"https:\/\/guineediversite.com\/index.php\/2021\/03\/11\/maison-centrale-le-chef-de-file-de-lopposition-a-rencontre-les-detenus-politiques\/#primaryimage\"},\"thumbnailUrl\":\"https:\/\/guineediversite.com\/wp-content\/uploads\/2021\/03\/WhatsApp-Image-2021-03-11-at-13.33.56.jpeg\",\"articleSection\":[\"Derni\u00e8re minute\",\"Politique\"],\"inLanguage\":\"fr-FR\"},{\"@type\":\"WebPage\",\"@id\":\"https:\/\/guineediversite.com\/index.php\/2021\/03\/11\/maison-centrale-le-chef-de-file-de-lopposition-a-rencontre-les-detenus-politiques\/\",\"url\":\"https:\/\/guineediversite.com\/index.php\/2021\/03\/11\/maison-centrale-le-chef-de-file-de-lopposition-a-rencontre-les-detenus-politiques\/\",\"name\":\"Maison centrale : le chef de file de l'opposition a rencontr\u00e9 les d\u00e9tenus politiques | Guin\u00e9e Diversit\u00e9\",\"isPartOf\":{\"@id\":\"https:\/\/guineediversite.com\/#website\"},\"primaryImageOfPage\":{\"@id\":\"https:\/\/guineediversite.com\/index.php\/2021\/03\/11\/maison-centrale-le-chef-de-file-de-lopposition-a-rencontre-les-detenus-politiques\/#primaryimage\"},\"image\":{\"@id\":\"https:\/\/guineediversite.com\/index.php\/2021\/03\/11\/maison-centrale-le-chef-de-file-de-lopposition-a-rencontre-les-detenus-politiques\/#primaryimage\"},\"thumbnailUrl\":\"https:\/\/guineediversite.com\/wp-content\/uploads\/2021\/03\/WhatsApp-Image-2021-03-11-at-13.33.56.jpeg\",\"datePublished\":\"2021-03-11T14:37:41+00:00\",\"dateModified\":\"2021-03-11T14:37:41+00:00\",\"breadcrumb\":{\"@id\":\"https:\/\/guineediversite.com\/index.php\/2021\/03\/11\/maison-centrale-le-chef-de-file-de-lopposition-a-rencontre-les-detenus-politiques\/#breadcrumb\"},\"inLanguage\":\"fr-FR\",\"potentialAction\":[{\"@type\":\"ReadAction\",\"target\":[\"https:\/\/guineediversite.com\/index.php\/2021\/03\/11\/maison-centrale-le-chef-de-file-de-lopposition-a-rencontre-les-detenus-politiques\/\"]}]},{\"@type\":\"ImageObject\",\"inLanguage\":\"fr-FR\",\"@id\":\"https:\/\/guineediversite.com\/index.php\/2021\/03\/11\/maison-centrale-le-chef-de-file-de-lopposition-a-rencontre-les-detenus-politiques\/#primaryimage\",\"url\":\"https:\/\/guineediversite.com\/wp-content\/uploads\/2021\/03\/WhatsApp-Image-2021-03-11-at-13.33.56.jpeg\",\"contentUrl\":\"https:\/\/guineediversite.com\/wp-content\/uploads\/2021\/03\/WhatsApp-Image-2021-03-11-at-13.33.56.jpeg\",\"width\":1040,\"height\":780},{\"@type\":\"BreadcrumbList\",\"@id\":\"https:\/\/guineediversite.com\/index.php\/2021\/03\/11\/maison-centrale-le-chef-de-file-de-lopposition-a-rencontre-les-detenus-politiques\/#breadcrumb\",\"itemListElement\":[{\"@type\":\"ListItem\",\"position\":1,\"name\":\"Accueil\",\"item\":\"https:\/\/guineediversite.com\/\"},{\"@type\":\"ListItem\",\"position\":2,\"name\":\"Maison centrale : le chef de file de l&rsquo;opposition a rencontr\u00e9 les d\u00e9tenus politiques\"}]},{\"@type\":\"WebSite\",\"@id\":\"https:\/\/guineediversite.com\/#website\",\"url\":\"https:\/\/guineediversite.com\/\",\"name\":\"Guin\u00e9e Diversit\u00e9\",\"description\":\"L&#039;Info dans toute sa diversit\u00e9\",\"publisher\":{\"@id\":\"https:\/\/guineediversite.com\/#organization\"},\"potentialAction\":[{\"@type\":\"SearchAction\",\"target\":{\"@type\":\"EntryPoint\",\"urlTemplate\":\"https:\/\/guineediversite.com\/?s={search_term_string}\"},\"query-input\":{\"@type\":\"PropertyValueSpecification\",\"valueRequired\":true,\"valueName\":\"search_term_string\"}}],\"inLanguage\":\"fr-FR\"},{\"@type\":\"Organization\",\"@id\":\"https:\/\/guineediversite.com\/#organization\",\"name\":\"Guin\u00e9e Diversit\u00e9\",\"url\":\"https:\/\/guineediversite.com\/\",\"logo\":{\"@type\":\"ImageObject\",\"inLanguage\":\"fr-FR\",\"@id\":\"https:\/\/guineediversite.com\/#\/schema\/logo\/image\/\",\"url\":\"https:\/\/guineediversite.com\/wp-content\/uploads\/2017\/04\/cropped-1jojlxEOMkX9Wyqfhe43D6kjPOGqBBKmx3EwWJqZ0cMrFF54yM49.png\",\"contentUrl\":\"https:\/\/guineediversite.com\/wp-content\/uploads\/2017\/04\/cropped-1jojlxEOMkX9Wyqfhe43D6kjPOGqBBKmx3EwWJqZ0cMrFF54yM49.png\",\"width\":186,\"height\":112,\"caption\":\"Guin\u00e9e Diversit\u00e9\"},\"image\":{\"@id\":\"https:\/\/guineediversite.com\/#\/schema\/logo\/image\/\"},\"sameAs\":[\"https:\/\/www.facebook.com\/guineediversite\/\",\"https:\/\/x.com\/GuineeDiversite\",\"https:\/\/www.youtube.com\/channel\/UC8sUY16qelG5ge6_D5SB83g\"]},{\"@type\":\"Person\",\"@id\":\"https:\/\/guineediversite.com\/#\/schema\/person\/fa362494c47202ce4b3adf55abcc9d01\",\"name\":\"Morcire Camara\",\"image\":{\"@type\":\"ImageObject\",\"inLanguage\":\"fr-FR\",\"@id\":\"https:\/\/guineediversite.com\/#\/schema\/person\/image\/\",\"url\":\"https:\/\/secure.gravatar.com\/avatar\/3ec324f02295bbcebe03d99b39330ab4?s=96&d=mm&r=g\",\"contentUrl\":\"https:\/\/secure.gravatar.com\/avatar\/3ec324f02295bbcebe03d99b39330ab4?s=96&d=mm&r=g\",\"caption\":\"Morcire Camara\"},\"url\":\"https:\/\/guineediversite.com\/index.php\/author\/morcire\/\"}]}<\/script>\n<!-- \/ Yoast SEO plugin. -->","yoast_head_json":{"title":"Maison centrale : le chef de file de l'opposition a rencontr\u00e9 les d\u00e9tenus politiques | Guin\u00e9e Diversit\u00e9","robots":{"index":"index","follow":"follow","max-snippet":"max-snippet:-1","max-image-preview":"max-image-preview:large","max-video-preview":"max-video-preview:-1"},"canonical":"https:\/\/guineediversite.com\/index.php\/2021\/03\/11\/maison-centrale-le-chef-de-file-de-lopposition-a-rencontre-les-detenus-politiques\/","og_locale":"fr_FR","og_type":"article","og_title":"Maison centrale : le chef de file de l'opposition a rencontr\u00e9 les d\u00e9tenus politiques | Guin\u00e9e Diversit\u00e9","og_description":"Ce jeudi 11 mars 2021, le chef de file de l&rsquo;opposition guin\u00e9enne a rencontr\u00e9 d\u00e9tenus politiques \u00e0 la maison centrale de Conakry. Objectif, poursuivre ses prises de contact avec les acteurs sociopolitiques du pays. Le chef de fil de l\u2019opposition a effectu\u00e9 ce d\u00e9placement avec quelques membres de son cabinet, a savoir Bah Oury, Makal\u00e9 [&hellip;]","og_url":"https:\/\/guineediversite.com\/index.php\/2021\/03\/11\/maison-centrale-le-chef-de-file-de-lopposition-a-rencontre-les-detenus-politiques\/","og_site_name":"Guin\u00e9e Diversit\u00e9","article_publisher":"https:\/\/www.facebook.com\/guineediversite\/","article_published_time":"2021-03-11T14:37:41+00:00","og_image":[{"width":1040,"height":780,"url":"https:\/\/guineediversite.com\/wp-content\/uploads\/2021\/03\/WhatsApp-Image-2021-03-11-at-13.33.56.jpeg","type":"image\/jpeg"}],"author":"Morcire Camara","twitter_card":"summary_large_image","twitter_creator":"@GuineeDiversite","twitter_site":"@GuineeDiversite","twitter_misc":{"\u00c9crit par":"Morcire Camara","Dur\u00e9e de lecture estim\u00e9e":"2 minutes"},"schema":{"@context":"https:\/\/schema.org","@graph":[{"@type":"Article","@id":"https:\/\/guineediversite.com\/index.php\/2021\/03\/11\/maison-centrale-le-chef-de-file-de-lopposition-a-rencontre-les-detenus-politiques\/#article","isPartOf":{"@id":"https:\/\/guineediversite.com\/index.php\/2021\/03\/11\/maison-centrale-le-chef-de-file-de-lopposition-a-rencontre-les-detenus-politiques\/"},"author":{"name":"Morcire Camara","@id":"https:\/\/guineediversite.com\/#\/schema\/person\/fa362494c47202ce4b3adf55abcc9d01"},"headline":"Maison centrale : le chef de file de l&rsquo;opposition a rencontr\u00e9 les d\u00e9tenus politiques","datePublished":"2021-03-11T14:37:41+00:00","dateModified":"2021-03-11T14:37:41+00:00","mainEntityOfPage":{"@id":"https:\/\/guineediversite.com\/index.php\/2021\/03\/11\/maison-centrale-le-chef-de-file-de-lopposition-a-rencontre-les-detenus-politiques\/"},"wordCount":362,"publisher":{"@id":"https:\/\/guineediversite.com\/#organization"},"image":{"@id":"https:\/\/guineediversite.com\/index.php\/2021\/03\/11\/maison-centrale-le-chef-de-file-de-lopposition-a-rencontre-les-detenus-politiques\/#primaryimage"},"thumbnailUrl":"https:\/\/guineediversite.com\/wp-content\/uploads\/2021\/03\/WhatsApp-Image-2021-03-11-at-13.33.56.jpeg","articleSection":["Derni\u00e8re minute","Politique"],"inLanguage":"fr-FR"},{"@type":"WebPage","@id":"https:\/\/guineediversite.com\/index.php\/2021\/03\/11\/maison-centrale-le-chef-de-file-de-lopposition-a-rencontre-les-detenus-politiques\/","url":"https:\/\/guineediversite.com\/index.php\/2021\/03\/11\/maison-centrale-le-chef-de-file-de-lopposition-a-rencontre-les-detenus-politiques\/","name":"Maison centrale : le chef de file de l'opposition a rencontr\u00e9 les d\u00e9tenus politiques | Guin\u00e9e Diversit\u00e9","isPartOf":{"@id":"https:\/\/guineediversite.com\/#website"},"primaryImageOfPage":{"@id":"https:\/\/guineediversite.com\/index.php\/2021\/03\/11\/maison-centrale-le-chef-de-file-de-lopposition-a-rencontre-les-detenus-politiques\/#primaryimage"},"image":{"@id":"https:\/\/guineediversite.com\/index.php\/2021\/03\/11\/maison-centrale-le-chef-de-file-de-lopposition-a-rencontre-les-detenus-politiques\/#primaryimage"},"thumbnailUrl":"https:\/\/guineediversite.com\/wp-content\/uploads\/2021\/03\/WhatsApp-Image-2021-03-11-at-13.33.56.jpeg","datePublished":"2021-03-11T14:37:41+00:00","dateModified":"2021-03-11T14:37:41+00:00","breadcrumb":{"@id":"https:\/\/guineediversite.com\/index.php\/2021\/03\/11\/maison-centrale-le-chef-de-file-de-lopposition-a-rencontre-les-detenus-politiques\/#breadcrumb"},"inLanguage":"fr-FR","potentialAction":[{"@type":"ReadAction","target":["https:\/\/guineediversite.com\/index.php\/2021\/03\/11\/maison-centrale-le-chef-de-file-de-lopposition-a-rencontre-les-detenus-politiques\/"]}]},{"@type":"ImageObject","inLanguage":"fr-FR","@id":"https:\/\/guineediversite.com\/index.php\/2021\/03\/11\/maison-centrale-le-chef-de-file-de-lopposition-a-rencontre-les-detenus-politiques\/#primaryimage","url":"https:\/\/guineediversite.com\/wp-content\/uploads\/2021\/03\/WhatsApp-Image-2021-03-11-at-13.33.56.jpeg","contentUrl":"https:\/\/guineediversite.com\/wp-content\/uploads\/2021\/03\/WhatsApp-Image-2021-03-11-at-13.33.56.jpeg","width":1040,"height":780},{"@type":"BreadcrumbList","@id":"https:\/\/guineediversite.com\/index.php\/2021\/03\/11\/maison-centrale-le-chef-de-file-de-lopposition-a-rencontre-les-detenus-politiques\/#breadcrumb","itemListElement":[{"@type":"ListItem","position":1,"name":"Accueil","item":"https:\/\/guineediversite.com\/"},{"@type":"ListItem","position":2,"name":"Maison centrale : le chef de file de l&rsquo;opposition a rencontr\u00e9 les d\u00e9tenus politiques"}]},{"@type":"WebSite","@id":"https:\/\/guineediversite.com\/#website","url":"https:\/\/guineediversite.com\/","name":"Guin\u00e9e Diversit\u00e9","description":"L&#039;Info dans toute sa diversit\u00e9","publisher":{"@id":"https:\/\/guineediversite.com\/#organization"},"potentialAction":[{"@type":"SearchAction","target":{"@type":"EntryPoint","urlTemplate":"https:\/\/guineediversite.com\/?s={search_term_string}"},"query-input":{"@type":"PropertyValueSpecification","valueRequired":true,"valueName":"search_term_string"}}],"inLanguage":"fr-FR"},{"@type":"Organization","@id":"https:\/\/guineediversite.com\/#organization","name":"Guin\u00e9e Diversit\u00e9","url":"https:\/\/guineediversite.com\/","logo":{"@type":"ImageObject","inLanguage":"fr-FR","@id":"https:\/\/guineediversite.com\/#\/schema\/logo\/image\/","url":"https:\/\/guineediversite.com\/wp-content\/uploads\/2017\/04\/cropped-1jojlxEOMkX9Wyqfhe43D6kjPOGqBBKmx3EwWJqZ0cMrFF54yM49.png","contentUrl":"https:\/\/guineediversite.com\/wp-content\/uploads\/2017\/04\/cropped-1jojlxEOMkX9Wyqfhe43D6kjPOGqBBKmx3EwWJqZ0cMrFF54yM49.png","width":186,"height":112,"caption":"Guin\u00e9e Diversit\u00e9"},"image":{"@id":"https:\/\/guineediversite.com\/#\/schema\/logo\/image\/"},"sameAs":["https:\/\/www.facebook.com\/guineediversite\/","https:\/\/x.com\/GuineeDiversite","https:\/\/www.youtube.com\/channel\/UC8sUY16qelG5ge6_D5SB83g"]},{"@type":"Person","@id":"https:\/\/guineediversite.com\/#\/schema\/person\/fa362494c47202ce4b3adf55abcc9d01","name":"Morcire Camara","image":{"@type":"ImageObject","inLanguage":"fr-FR","@id":"https:\/\/guineediversite.com\/#\/schema\/person\/image\/","url":"https:\/\/secure.gravatar.com\/avatar\/3ec324f02295bbcebe03d99b39330ab4?s=96&d=mm&r=g","contentUrl":"https:\/\/secure.gravatar.com\/avatar\/3ec324f02295bbcebe03d99b39330ab4?s=96&d=mm&r=g","caption":"Morcire Camara"},"url":"https:\/\/guineediversite.com\/index.php\/author\/morcire\/"}]}},"_links":{"self":[{"href":"https:\/\/guineediversite.com\/index.php\/wp-json\/wp\/v2\/posts\/30921"}],"collection":[{"href":"https:\/\/guineediversite.com\/index.php\/wp-json\/wp\/v2\/posts"}],"about":[{"href":"https:\/\/guineediversite.com\/index.php\/wp-json\/wp\/v2\/types\/post"}],"author":[{"embeddable":true,"href":"https:\/\/guineediversite.com\/index.php\/wp-json\/wp\/v2\/users\/10"}],"replies":[{"embeddable":true,"href":"https:\/\/guineediversite.com\/index.php\/wp-json\/wp\/v2\/comments?post=30921"}],"version-history":[{"count":1,"href":"https:\/\/guineediversite.com\/index.php\/wp-json\/wp\/v2\/posts\/30921\/revisions"}],"predecessor-version":[{"id":30923,"href":"https:\/\/guineediversite.com\/index.php\/wp-json\/wp\/v2\/posts\/30921\/revisions\/30923"}],"wp:featuredmedia":[{"embeddable":true,"href":"https:\/\/guineediversite.com\/index.php\/wp-json\/wp\/v2\/media\/30922"}],"wp:attachment":[{"href":"https:\/\/guineediversite.com\/index.php\/wp-json\/wp\/v2\/media?parent=30921"}],"wp:term":[{"taxonomy":"category","embeddable":true,"href":"https:\/\/guineediversite.com\/index.php\/wp-json\/wp\/v2\/categories?post=30921"},{"taxonomy":"post_tag","embeddable":true,"href":"https:\/\/guineediversite.com\/index.php\/wp-json\/wp\/v2\/tags?post=30921"}],"curies":[{"name":"wp","href":"https:\/\/api.w.org\/{rel}","templated":true}]}}