{"id":30918,"date":"2021-03-11T15:19:57","date_gmt":"2021-03-11T14:19:57","guid":{"rendered":"https:\/\/guineediversite.com\/?p=30918"},"modified":"2021-03-11T15:19:57","modified_gmt":"2021-03-11T14:19:57","slug":"un-collectif-de-soutien-au-journaliste-amadou-dioulde-diallo-est-ne-a-conakry","status":"publish","type":"post","link":"https:\/\/guineediversite.com\/index.php\/2021\/03\/11\/un-collectif-de-soutien-au-journaliste-amadou-dioulde-diallo-est-ne-a-conakry\/","title":{"rendered":"Un collectif de soutien au journaliste Amadou Diould\u00e9 Diallo est n\u00e9 \u00e0 Conakry"},"content":{"rendered":"<p><strong>Un collectif de soutien au journaliste et historien Amadou Diould\u00e9 a \u00e9t\u00e9 mise en place par des coll\u00e8gues journalistes \u00e0 Conakry. L&rsquo;annonce a \u00e9t\u00e9 faite ce jeudi par notre confr\u00e8re Abdoul Malik DIALLO, coordinateur de ce collectif.<\/strong><\/p>\n<p>Pour rappel Amadou Diould\u00e9 a \u00e9t\u00e9 arr\u00eat\u00e9 le samedi 27 f\u00e9vrier dernier pour offense au chef de l\u2019\u00c9tat et conduit \u00e0 la maison centrale de Conakry. D\u00e9noncer le silence des associations de presse sur l\u2019arrestation et incarc\u00e9ration du journaliste et historien Amadou Diould\u00e9 Diallo, tel est l\u2019objectif de la cr\u00e9ation de ce collectif.<\/p>\n<p>\u00ab\u00a0<em>Les associations de presse n\u2019ont pas hauss\u00e9 les tons comme d\u2019habitude. Tout le monde s\u2019est limit\u00e9 \u00e0 faire le compte rendu de son arrestation et de son inculpation, il n\u2019y a eu aucune autre initiative pour lui soutenir et d\u00e9noncer la violation de la libert\u00e9 de la presse<\/em>\u00bb, a fait savoir Abdoul Malick Diallo.<\/p>\n<p>\u00ab\u00a0<em>Ce silence des associations de presse est du deux poids, deux mesures<\/em> \u00bb, affirme Abdoul Malik DIALLO.<\/p>\n<p>\u00ab <em>Pour le cas Marouane et des autres journalistes, les journalistes se sont mobilis\u00e9s massivement pour exiger que le droit soit dit. Mais cette fois-ci c\u2019est le contraire et c\u2019est juste deux poids, deux mesures. Nous on se demande pourquoi les associations sont rest\u00e9es silencieuses l\u00e0-dessus<\/em> \u00bb, a-t-il d\u00e9plor\u00e9.<\/p>\n<p>Pour cela donc, le confr\u00e8re invite les journalistes \u00e0 s\u2019impliquer afin d\u2019obtenir la lib\u00e9ration d&rsquo;Amadou Diould\u00e9 Diallo.<\/p>\n<p>Le collectif compte \u00e9galement rencontrer dans les prochains jours les pr\u00e9sidents des diff\u00e9rentes associations de presse, pour entamer des d\u00e9marches pour la lib\u00e9ration du doyen Diould\u00e9 Diallo.<\/p>\n","protected":false},"excerpt":{"rendered":"<p>Un collectif de soutien au journaliste et historien Amadou Diould\u00e9 a \u00e9t\u00e9 mise en place par des coll\u00e8gues journalistes \u00e0 Conakry. L&rsquo;annonce a \u00e9t\u00e9 faite ce jeudi par notre confr\u00e8re Abdoul Malik DIALLO, coordinateur de ce collectif. Pour rappel Amadou Diould\u00e9 a \u00e9t\u00e9 arr\u00eat\u00e9 le samedi 27 f\u00e9vrier dernier pour offense au chef de l\u2019\u00c9tat [&hellip;]<\/p>\n","protected":false},"author":10,"featured_media":30919,"comment_status":"closed","ping_status":"open","sticky":false,"template":"","format":"standard","meta":{"_exactmetrics_skip_tracking":false,"_exactmetrics_sitenote_active":false,"_exactmetrics_sitenote_note":"","_exactmetrics_sitenote_category":0,"tdm_status":"","tdm_grid_status":"","footnotes":""},"categories":[16],"tags":[],"class_list":{"0":"post-30918","1":"post","2":"type-post","3":"status-publish","4":"format-standard","5":"has-post-thumbnail","7":"category-societe"},"yoast_head":"<!-- This site is optimized with the Yoast SEO plugin v24.2 - https:\/\/yoast.com\/wordpress\/plugins\/seo\/ -->\n<title>Un collectif de soutien au journaliste Amadou Diould\u00e9 Diallo est n\u00e9 \u00e0 Conakry | Guin\u00e9e Diversit\u00e9<\/title>\n<meta name=\"robots\" content=\"index, follow, max-snippet:-1, max-image-preview:large, max-video-preview:-1\" \/>\n<link rel=\"canonical\" href=\"https:\/\/guineediversite.com\/index.php\/2021\/03\/11\/un-collectif-de-soutien-au-journaliste-amadou-dioulde-diallo-est-ne-a-conakry\/\" \/>\n<meta property=\"og:locale\" content=\"fr_FR\" \/>\n<meta property=\"og:type\" content=\"article\" \/>\n<meta property=\"og:title\" content=\"Un collectif de soutien au journaliste Amadou Diould\u00e9 Diallo est n\u00e9 \u00e0 Conakry | Guin\u00e9e Diversit\u00e9\" \/>\n<meta property=\"og:description\" content=\"Un collectif de soutien au journaliste et historien Amadou Diould\u00e9 a \u00e9t\u00e9 mise en place par des coll\u00e8gues journalistes \u00e0 Conakry. L&rsquo;annonce a \u00e9t\u00e9 faite ce jeudi par notre confr\u00e8re Abdoul Malik DIALLO, coordinateur de ce collectif. Pour rappel Amadou Diould\u00e9 a \u00e9t\u00e9 arr\u00eat\u00e9 le samedi 27 f\u00e9vrier dernier pour offense au chef de l\u2019\u00c9tat [&hellip;]\" \/>\n<meta property=\"og:url\" content=\"https:\/\/guineediversite.com\/index.php\/2021\/03\/11\/un-collectif-de-soutien-au-journaliste-amadou-dioulde-diallo-est-ne-a-conakry\/\" \/>\n<meta property=\"og:site_name\" content=\"Guin\u00e9e Diversit\u00e9\" \/>\n<meta property=\"article:publisher\" content=\"https:\/\/www.facebook.com\/guineediversite\/\" \/>\n<meta property=\"article:published_time\" content=\"2021-03-11T14:19:57+00:00\" \/>\n<meta property=\"og:image\" content=\"https:\/\/guineediversite.com\/wp-content\/uploads\/2021\/03\/WhatsApp-Image-2021-03-11-at-14.15.13.jpeg\" \/>\n\t<meta property=\"og:image:width\" content=\"1500\" \/>\n\t<meta property=\"og:image:height\" content=\"1500\" \/>\n\t<meta property=\"og:image:type\" content=\"image\/jpeg\" \/>\n<meta name=\"author\" content=\"Morcire Camara\" \/>\n<meta name=\"twitter:card\" content=\"summary_large_image\" \/>\n<meta name=\"twitter:creator\" content=\"@GuineeDiversite\" \/>\n<meta name=\"twitter:site\" content=\"@GuineeDiversite\" \/>\n<meta name=\"twitter:label1\" content=\"\u00c9crit par\" \/>\n\t<meta name=\"twitter:data1\" content=\"Morcire Camara\" \/>\n\t<meta name=\"twitter:label2\" content=\"Dur\u00e9e de lecture estim\u00e9e\" \/>\n\t<meta name=\"twitter:data2\" content=\"1 minute\" \/>\n<script type=\"application\/ld+json\" class=\"yoast-schema-graph\">{\"@context\":\"https:\/\/schema.org\",\"@graph\":[{\"@type\":\"Article\",\"@id\":\"https:\/\/guineediversite.com\/index.php\/2021\/03\/11\/un-collectif-de-soutien-au-journaliste-amadou-dioulde-diallo-est-ne-a-conakry\/#article\",\"isPartOf\":{\"@id\":\"https:\/\/guineediversite.com\/index.php\/2021\/03\/11\/un-collectif-de-soutien-au-journaliste-amadou-dioulde-diallo-est-ne-a-conakry\/\"},\"author\":{\"name\":\"Morcire Camara\",\"@id\":\"https:\/\/guineediversite.com\/#\/schema\/person\/fa362494c47202ce4b3adf55abcc9d01\"},\"headline\":\"Un collectif de soutien au journaliste Amadou Diould\u00e9 Diallo est n\u00e9 \u00e0 Conakry\",\"datePublished\":\"2021-03-11T14:19:57+00:00\",\"dateModified\":\"2021-03-11T14:19:57+00:00\",\"mainEntityOfPage\":{\"@id\":\"https:\/\/guineediversite.com\/index.php\/2021\/03\/11\/un-collectif-de-soutien-au-journaliste-amadou-dioulde-diallo-est-ne-a-conakry\/\"},\"wordCount\":289,\"publisher\":{\"@id\":\"https:\/\/guineediversite.com\/#organization\"},\"image\":{\"@id\":\"https:\/\/guineediversite.com\/index.php\/2021\/03\/11\/un-collectif-de-soutien-au-journaliste-amadou-dioulde-diallo-est-ne-a-conakry\/#primaryimage\"},\"thumbnailUrl\":\"https:\/\/guineediversite.com\/wp-content\/uploads\/2021\/03\/WhatsApp-Image-2021-03-11-at-14.15.13.jpeg\",\"articleSection\":[\"Soci\u00e9t\u00e9\"],\"inLanguage\":\"fr-FR\"},{\"@type\":\"WebPage\",\"@id\":\"https:\/\/guineediversite.com\/index.php\/2021\/03\/11\/un-collectif-de-soutien-au-journaliste-amadou-dioulde-diallo-est-ne-a-conakry\/\",\"url\":\"https:\/\/guineediversite.com\/index.php\/2021\/03\/11\/un-collectif-de-soutien-au-journaliste-amadou-dioulde-diallo-est-ne-a-conakry\/\",\"name\":\"Un collectif de soutien au journaliste Amadou Diould\u00e9 Diallo est n\u00e9 \u00e0 Conakry | Guin\u00e9e Diversit\u00e9\",\"isPartOf\":{\"@id\":\"https:\/\/guineediversite.com\/#website\"},\"primaryImageOfPage\":{\"@id\":\"https:\/\/guineediversite.com\/index.php\/2021\/03\/11\/un-collectif-de-soutien-au-journaliste-amadou-dioulde-diallo-est-ne-a-conakry\/#primaryimage\"},\"image\":{\"@id\":\"https:\/\/guineediversite.com\/index.php\/2021\/03\/11\/un-collectif-de-soutien-au-journaliste-amadou-dioulde-diallo-est-ne-a-conakry\/#primaryimage\"},\"thumbnailUrl\":\"https:\/\/guineediversite.com\/wp-content\/uploads\/2021\/03\/WhatsApp-Image-2021-03-11-at-14.15.13.jpeg\",\"datePublished\":\"2021-03-11T14:19:57+00:00\",\"dateModified\":\"2021-03-11T14:19:57+00:00\",\"breadcrumb\":{\"@id\":\"https:\/\/guineediversite.com\/index.php\/2021\/03\/11\/un-collectif-de-soutien-au-journaliste-amadou-dioulde-diallo-est-ne-a-conakry\/#breadcrumb\"},\"inLanguage\":\"fr-FR\",\"potentialAction\":[{\"@type\":\"ReadAction\",\"target\":[\"https:\/\/guineediversite.com\/index.php\/2021\/03\/11\/un-collectif-de-soutien-au-journaliste-amadou-dioulde-diallo-est-ne-a-conakry\/\"]}]},{\"@type\":\"ImageObject\",\"inLanguage\":\"fr-FR\",\"@id\":\"https:\/\/guineediversite.com\/index.php\/2021\/03\/11\/un-collectif-de-soutien-au-journaliste-amadou-dioulde-diallo-est-ne-a-conakry\/#primaryimage\",\"url\":\"https:\/\/guineediversite.com\/wp-content\/uploads\/2021\/03\/WhatsApp-Image-2021-03-11-at-14.15.13.jpeg\",\"contentUrl\":\"https:\/\/guineediversite.com\/wp-content\/uploads\/2021\/03\/WhatsApp-Image-2021-03-11-at-14.15.13.jpeg\",\"width\":1500,\"height\":1500},{\"@type\":\"BreadcrumbList\",\"@id\":\"https:\/\/guineediversite.com\/index.php\/2021\/03\/11\/un-collectif-de-soutien-au-journaliste-amadou-dioulde-diallo-est-ne-a-conakry\/#breadcrumb\",\"itemListElement\":[{\"@type\":\"ListItem\",\"position\":1,\"name\":\"Accueil\",\"item\":\"https:\/\/guineediversite.com\/\"},{\"@type\":\"ListItem\",\"position\":2,\"name\":\"Un collectif de soutien au journaliste Amadou Diould\u00e9 Diallo est n\u00e9 \u00e0 Conakry\"}]},{\"@type\":\"WebSite\",\"@id\":\"https:\/\/guineediversite.com\/#website\",\"url\":\"https:\/\/guineediversite.com\/\",\"name\":\"Guin\u00e9e Diversit\u00e9\",\"description\":\"L&#039;Info dans toute sa diversit\u00e9\",\"publisher\":{\"@id\":\"https:\/\/guineediversite.com\/#organization\"},\"potentialAction\":[{\"@type\":\"SearchAction\",\"target\":{\"@type\":\"EntryPoint\",\"urlTemplate\":\"https:\/\/guineediversite.com\/?s={search_term_string}\"},\"query-input\":{\"@type\":\"PropertyValueSpecification\",\"valueRequired\":true,\"valueName\":\"search_term_string\"}}],\"inLanguage\":\"fr-FR\"},{\"@type\":\"Organization\",\"@id\":\"https:\/\/guineediversite.com\/#organization\",\"name\":\"Guin\u00e9e Diversit\u00e9\",\"url\":\"https:\/\/guineediversite.com\/\",\"logo\":{\"@type\":\"ImageObject\",\"inLanguage\":\"fr-FR\",\"@id\":\"https:\/\/guineediversite.com\/#\/schema\/logo\/image\/\",\"url\":\"https:\/\/guineediversite.com\/wp-content\/uploads\/2017\/04\/cropped-1jojlxEOMkX9Wyqfhe43D6kjPOGqBBKmx3EwWJqZ0cMrFF54yM49.png\",\"contentUrl\":\"https:\/\/guineediversite.com\/wp-content\/uploads\/2017\/04\/cropped-1jojlxEOMkX9Wyqfhe43D6kjPOGqBBKmx3EwWJqZ0cMrFF54yM49.png\",\"width\":186,\"height\":112,\"caption\":\"Guin\u00e9e Diversit\u00e9\"},\"image\":{\"@id\":\"https:\/\/guineediversite.com\/#\/schema\/logo\/image\/\"},\"sameAs\":[\"https:\/\/www.facebook.com\/guineediversite\/\",\"https:\/\/x.com\/GuineeDiversite\",\"https:\/\/www.youtube.com\/channel\/UC8sUY16qelG5ge6_D5SB83g\"]},{\"@type\":\"Person\",\"@id\":\"https:\/\/guineediversite.com\/#\/schema\/person\/fa362494c47202ce4b3adf55abcc9d01\",\"name\":\"Morcire Camara\",\"image\":{\"@type\":\"ImageObject\",\"inLanguage\":\"fr-FR\",\"@id\":\"https:\/\/guineediversite.com\/#\/schema\/person\/image\/\",\"url\":\"https:\/\/secure.gravatar.com\/avatar\/3ec324f02295bbcebe03d99b39330ab4?s=96&d=mm&r=g\",\"contentUrl\":\"https:\/\/secure.gravatar.com\/avatar\/3ec324f02295bbcebe03d99b39330ab4?s=96&d=mm&r=g\",\"caption\":\"Morcire Camara\"},\"url\":\"https:\/\/guineediversite.com\/index.php\/author\/morcire\/\"}]}<\/script>\n<!-- \/ Yoast SEO plugin. -->","yoast_head_json":{"title":"Un collectif de soutien au journaliste Amadou Diould\u00e9 Diallo est n\u00e9 \u00e0 Conakry | Guin\u00e9e Diversit\u00e9","robots":{"index":"index","follow":"follow","max-snippet":"max-snippet:-1","max-image-preview":"max-image-preview:large","max-video-preview":"max-video-preview:-1"},"canonical":"https:\/\/guineediversite.com\/index.php\/2021\/03\/11\/un-collectif-de-soutien-au-journaliste-amadou-dioulde-diallo-est-ne-a-conakry\/","og_locale":"fr_FR","og_type":"article","og_title":"Un collectif de soutien au journaliste Amadou Diould\u00e9 Diallo est n\u00e9 \u00e0 Conakry | Guin\u00e9e Diversit\u00e9","og_description":"Un collectif de soutien au journaliste et historien Amadou Diould\u00e9 a \u00e9t\u00e9 mise en place par des coll\u00e8gues journalistes \u00e0 Conakry. L&rsquo;annonce a \u00e9t\u00e9 faite ce jeudi par notre confr\u00e8re Abdoul Malik DIALLO, coordinateur de ce collectif. Pour rappel Amadou Diould\u00e9 a \u00e9t\u00e9 arr\u00eat\u00e9 le samedi 27 f\u00e9vrier dernier pour offense au chef de l\u2019\u00c9tat [&hellip;]","og_url":"https:\/\/guineediversite.com\/index.php\/2021\/03\/11\/un-collectif-de-soutien-au-journaliste-amadou-dioulde-diallo-est-ne-a-conakry\/","og_site_name":"Guin\u00e9e Diversit\u00e9","article_publisher":"https:\/\/www.facebook.com\/guineediversite\/","article_published_time":"2021-03-11T14:19:57+00:00","og_image":[{"width":1500,"height":1500,"url":"https:\/\/guineediversite.com\/wp-content\/uploads\/2021\/03\/WhatsApp-Image-2021-03-11-at-14.15.13.jpeg","type":"image\/jpeg"}],"author":"Morcire Camara","twitter_card":"summary_large_image","twitter_creator":"@GuineeDiversite","twitter_site":"@GuineeDiversite","twitter_misc":{"\u00c9crit par":"Morcire Camara","Dur\u00e9e de lecture estim\u00e9e":"1 minute"},"schema":{"@context":"https:\/\/schema.org","@graph":[{"@type":"Article","@id":"https:\/\/guineediversite.com\/index.php\/2021\/03\/11\/un-collectif-de-soutien-au-journaliste-amadou-dioulde-diallo-est-ne-a-conakry\/#article","isPartOf":{"@id":"https:\/\/guineediversite.com\/index.php\/2021\/03\/11\/un-collectif-de-soutien-au-journaliste-amadou-dioulde-diallo-est-ne-a-conakry\/"},"author":{"name":"Morcire Camara","@id":"https:\/\/guineediversite.com\/#\/schema\/person\/fa362494c47202ce4b3adf55abcc9d01"},"headline":"Un collectif de soutien au journaliste Amadou Diould\u00e9 Diallo est n\u00e9 \u00e0 Conakry","datePublished":"2021-03-11T14:19:57+00:00","dateModified":"2021-03-11T14:19:57+00:00","mainEntityOfPage":{"@id":"https:\/\/guineediversite.com\/index.php\/2021\/03\/11\/un-collectif-de-soutien-au-journaliste-amadou-dioulde-diallo-est-ne-a-conakry\/"},"wordCount":289,"publisher":{"@id":"https:\/\/guineediversite.com\/#organization"},"image":{"@id":"https:\/\/guineediversite.com\/index.php\/2021\/03\/11\/un-collectif-de-soutien-au-journaliste-amadou-dioulde-diallo-est-ne-a-conakry\/#primaryimage"},"thumbnailUrl":"https:\/\/guineediversite.com\/wp-content\/uploads\/2021\/03\/WhatsApp-Image-2021-03-11-at-14.15.13.jpeg","articleSection":["Soci\u00e9t\u00e9"],"inLanguage":"fr-FR"},{"@type":"WebPage","@id":"https:\/\/guineediversite.com\/index.php\/2021\/03\/11\/un-collectif-de-soutien-au-journaliste-amadou-dioulde-diallo-est-ne-a-conakry\/","url":"https:\/\/guineediversite.com\/index.php\/2021\/03\/11\/un-collectif-de-soutien-au-journaliste-amadou-dioulde-diallo-est-ne-a-conakry\/","name":"Un collectif de soutien au journaliste Amadou Diould\u00e9 Diallo est n\u00e9 \u00e0 Conakry | Guin\u00e9e Diversit\u00e9","isPartOf":{"@id":"https:\/\/guineediversite.com\/#website"},"primaryImageOfPage":{"@id":"https:\/\/guineediversite.com\/index.php\/2021\/03\/11\/un-collectif-de-soutien-au-journaliste-amadou-dioulde-diallo-est-ne-a-conakry\/#primaryimage"},"image":{"@id":"https:\/\/guineediversite.com\/index.php\/2021\/03\/11\/un-collectif-de-soutien-au-journaliste-amadou-dioulde-diallo-est-ne-a-conakry\/#primaryimage"},"thumbnailUrl":"https:\/\/guineediversite.com\/wp-content\/uploads\/2021\/03\/WhatsApp-Image-2021-03-11-at-14.15.13.jpeg","datePublished":"2021-03-11T14:19:57+00:00","dateModified":"2021-03-11T14:19:57+00:00","breadcrumb":{"@id":"https:\/\/guineediversite.com\/index.php\/2021\/03\/11\/un-collectif-de-soutien-au-journaliste-amadou-dioulde-diallo-est-ne-a-conakry\/#breadcrumb"},"inLanguage":"fr-FR","potentialAction":[{"@type":"ReadAction","target":["https:\/\/guineediversite.com\/index.php\/2021\/03\/11\/un-collectif-de-soutien-au-journaliste-amadou-dioulde-diallo-est-ne-a-conakry\/"]}]},{"@type":"ImageObject","inLanguage":"fr-FR","@id":"https:\/\/guineediversite.com\/index.php\/2021\/03\/11\/un-collectif-de-soutien-au-journaliste-amadou-dioulde-diallo-est-ne-a-conakry\/#primaryimage","url":"https:\/\/guineediversite.com\/wp-content\/uploads\/2021\/03\/WhatsApp-Image-2021-03-11-at-14.15.13.jpeg","contentUrl":"https:\/\/guineediversite.com\/wp-content\/uploads\/2021\/03\/WhatsApp-Image-2021-03-11-at-14.15.13.jpeg","width":1500,"height":1500},{"@type":"BreadcrumbList","@id":"https:\/\/guineediversite.com\/index.php\/2021\/03\/11\/un-collectif-de-soutien-au-journaliste-amadou-dioulde-diallo-est-ne-a-conakry\/#breadcrumb","itemListElement":[{"@type":"ListItem","position":1,"name":"Accueil","item":"https:\/\/guineediversite.com\/"},{"@type":"ListItem","position":2,"name":"Un collectif de soutien au journaliste Amadou Diould\u00e9 Diallo est n\u00e9 \u00e0 Conakry"}]},{"@type":"WebSite","@id":"https:\/\/guineediversite.com\/#website","url":"https:\/\/guineediversite.com\/","name":"Guin\u00e9e Diversit\u00e9","description":"L&#039;Info dans toute sa diversit\u00e9","publisher":{"@id":"https:\/\/guineediversite.com\/#organization"},"potentialAction":[{"@type":"SearchAction","target":{"@type":"EntryPoint","urlTemplate":"https:\/\/guineediversite.com\/?s={search_term_string}"},"query-input":{"@type":"PropertyValueSpecification","valueRequired":true,"valueName":"search_term_string"}}],"inLanguage":"fr-FR"},{"@type":"Organization","@id":"https:\/\/guineediversite.com\/#organization","name":"Guin\u00e9e Diversit\u00e9","url":"https:\/\/guineediversite.com\/","logo":{"@type":"ImageObject","inLanguage":"fr-FR","@id":"https:\/\/guineediversite.com\/#\/schema\/logo\/image\/","url":"https:\/\/guineediversite.com\/wp-content\/uploads\/2017\/04\/cropped-1jojlxEOMkX9Wyqfhe43D6kjPOGqBBKmx3EwWJqZ0cMrFF54yM49.png","contentUrl":"https:\/\/guineediversite.com\/wp-content\/uploads\/2017\/04\/cropped-1jojlxEOMkX9Wyqfhe43D6kjPOGqBBKmx3EwWJqZ0cMrFF54yM49.png","width":186,"height":112,"caption":"Guin\u00e9e Diversit\u00e9"},"image":{"@id":"https:\/\/guineediversite.com\/#\/schema\/logo\/image\/"},"sameAs":["https:\/\/www.facebook.com\/guineediversite\/","https:\/\/x.com\/GuineeDiversite","https:\/\/www.youtube.com\/channel\/UC8sUY16qelG5ge6_D5SB83g"]},{"@type":"Person","@id":"https:\/\/guineediversite.com\/#\/schema\/person\/fa362494c47202ce4b3adf55abcc9d01","name":"Morcire Camara","image":{"@type":"ImageObject","inLanguage":"fr-FR","@id":"https:\/\/guineediversite.com\/#\/schema\/person\/image\/","url":"https:\/\/secure.gravatar.com\/avatar\/3ec324f02295bbcebe03d99b39330ab4?s=96&d=mm&r=g","contentUrl":"https:\/\/secure.gravatar.com\/avatar\/3ec324f02295bbcebe03d99b39330ab4?s=96&d=mm&r=g","caption":"Morcire Camara"},"url":"https:\/\/guineediversite.com\/index.php\/author\/morcire\/"}]}},"_links":{"self":[{"href":"https:\/\/guineediversite.com\/index.php\/wp-json\/wp\/v2\/posts\/30918"}],"collection":[{"href":"https:\/\/guineediversite.com\/index.php\/wp-json\/wp\/v2\/posts"}],"about":[{"href":"https:\/\/guineediversite.com\/index.php\/wp-json\/wp\/v2\/types\/post"}],"author":[{"embeddable":true,"href":"https:\/\/guineediversite.com\/index.php\/wp-json\/wp\/v2\/users\/10"}],"replies":[{"embeddable":true,"href":"https:\/\/guineediversite.com\/index.php\/wp-json\/wp\/v2\/comments?post=30918"}],"version-history":[{"count":1,"href":"https:\/\/guineediversite.com\/index.php\/wp-json\/wp\/v2\/posts\/30918\/revisions"}],"predecessor-version":[{"id":30920,"href":"https:\/\/guineediversite.com\/index.php\/wp-json\/wp\/v2\/posts\/30918\/revisions\/30920"}],"wp:featuredmedia":[{"embeddable":true,"href":"https:\/\/guineediversite.com\/index.php\/wp-json\/wp\/v2\/media\/30919"}],"wp:attachment":[{"href":"https:\/\/guineediversite.com\/index.php\/wp-json\/wp\/v2\/media?parent=30918"}],"wp:term":[{"taxonomy":"category","embeddable":true,"href":"https:\/\/guineediversite.com\/index.php\/wp-json\/wp\/v2\/categories?post=30918"},{"taxonomy":"post_tag","embeddable":true,"href":"https:\/\/guineediversite.com\/index.php\/wp-json\/wp\/v2\/tags?post=30918"}],"curies":[{"name":"wp","href":"https:\/\/api.w.org\/{rel}","templated":true}]}}