{"id":30915,"date":"2021-03-10T22:17:18","date_gmt":"2021-03-10T21:17:18","guid":{"rendered":"https:\/\/guineediversite.com\/?p=30915"},"modified":"2021-03-10T22:17:18","modified_gmt":"2021-03-10T21:17:18","slug":"le-premier-ministre-ivoirien-hamed-bakayoko-est-decede","status":"publish","type":"post","link":"https:\/\/guineediversite.com\/index.php\/2021\/03\/10\/le-premier-ministre-ivoirien-hamed-bakayoko-est-decede\/","title":{"rendered":"Le premier ministre ivoirien Hamed Bakayoko est d\u00e9c\u00e9d\u00e9"},"content":{"rendered":"<p style=\"text-align: left;\">Hospitalis\u00e9 depuis le d\u00e9but du mois de mars \u00e0 Hospitalis\u00e9 depuis le d\u00e9but du mois de mars \u00e0 l\u2019H\u00f4pital am\u00e9ricain de Paris et transf\u00e9r\u00e9 en urgence en Allemagne dans la matin\u00e9e du 6, le Premier ministre ivoirien a succomb\u00e9 \u00e0 un cancer fulgurant, ce mercredi 10 mars.<br \/>\nSon \u00e9tat de sant\u00e9 s\u2019\u00e9tait brusquement d\u00e9grad\u00e9 ces derniers jours. Souffrant d\u2019un cancer en phase terminale et hospitalis\u00e9 depuis le d\u00e9but du mois de mars \u00e0 l\u2019H\u00f4pital am\u00e9ricain de Paris, Hamed Bakayoko avait \u00e9t\u00e9 transf\u00e9r\u00e9 dans un \u00e9tat grave dans un \u00e9tablissement de Fribourg, en Allemagne, dans la matin\u00e9e du 6 mars, pour y suivre un traitement exp\u00e9rimental. Il a finalement succomb\u00e9, ce 10 mars, \u00e0 l\u2019\u00e2ge de 56 ans. Une annonce faite par Fidel Sarassoro, directeur de cabinet du pr\u00e9sident ivoirien, dans un communiqu\u00e9 lu sur la RTI, la cha\u00eene de t\u00e9l\u00e9vision nationale, ce mercredi soir.<br \/>\nam\u00e9ricain de Paris et transf\u00e9r\u00e9 en urgence en Allemagne dans la matin\u00e9e du 6, le Premier ministre ivoirien a succomb\u00e9 \u00e0 un cancer fulgurant, ce mercredi 10 mars.<br \/>\nSon \u00e9tat de sant\u00e9 s\u2019\u00e9tait brusquement d\u00e9grad\u00e9 ces derniers jours. Souffrant d\u2019un cancer en phase terminale et hospitalis\u00e9 depuis le d\u00e9but du mois de mars \u00e0 l\u2019H\u00f4pital am\u00e9ricain de Paris, Hamed Bakayoko avait \u00e9t\u00e9 transf\u00e9r\u00e9 dans un \u00e9tat grave dans un \u00e9tablissement de Fribourg, en Allemagne, dans la matin\u00e9e du 6 mars, pour y suivre un traitement exp\u00e9rimental. Il a finalement succomb\u00e9, ce 10 mars, \u00e0 l\u2019\u00e2ge de 56 ans. Une annonce faite par Fidel Sarassoro, directeur de cabinet du pr\u00e9sident ivoirien, dans un communiqu\u00e9 lu sur la RTI, la cha\u00eene de t\u00e9l\u00e9vision nationale, ce mercredi soir.<\/p>\n","protected":false},"excerpt":{"rendered":"<p>Hospitalis\u00e9 depuis le d\u00e9but du mois de mars \u00e0 Hospitalis\u00e9 depuis le d\u00e9but du mois de mars \u00e0 l\u2019H\u00f4pital am\u00e9ricain de Paris et transf\u00e9r\u00e9 en urgence en Allemagne dans la matin\u00e9e du 6, le Premier ministre ivoirien a succomb\u00e9 \u00e0 un cancer fulgurant, ce mercredi 10 mars. Son \u00e9tat de sant\u00e9 s\u2019\u00e9tait brusquement d\u00e9grad\u00e9 ces [&hellip;]<\/p>\n","protected":false},"author":12,"featured_media":30916,"comment_status":"closed","ping_status":"open","sticky":false,"template":"","format":"standard","meta":{"_exactmetrics_skip_tracking":false,"_exactmetrics_sitenote_active":false,"_exactmetrics_sitenote_note":"","_exactmetrics_sitenote_category":0,"tdm_status":"","tdm_grid_status":"","footnotes":""},"categories":[254,21],"tags":[],"class_list":{"0":"post-30915","1":"post","2":"type-post","3":"status-publish","4":"format-standard","5":"has-post-thumbnail","7":"category-derniere-minute","8":"category-international"},"yoast_head":"<!-- This site is optimized with the Yoast SEO plugin v24.2 - https:\/\/yoast.com\/wordpress\/plugins\/seo\/ -->\n<title>Le premier ministre ivoirien Hamed Bakayoko est d\u00e9c\u00e9d\u00e9 | Guin\u00e9e Diversit\u00e9<\/title>\n<meta name=\"robots\" content=\"index, follow, max-snippet:-1, max-image-preview:large, max-video-preview:-1\" \/>\n<link rel=\"canonical\" href=\"https:\/\/guineediversite.com\/index.php\/2021\/03\/10\/le-premier-ministre-ivoirien-hamed-bakayoko-est-decede\/\" \/>\n<meta property=\"og:locale\" content=\"fr_FR\" \/>\n<meta property=\"og:type\" content=\"article\" \/>\n<meta property=\"og:title\" content=\"Le premier ministre ivoirien Hamed Bakayoko est d\u00e9c\u00e9d\u00e9 | Guin\u00e9e Diversit\u00e9\" \/>\n<meta property=\"og:description\" content=\"Hospitalis\u00e9 depuis le d\u00e9but du mois de mars \u00e0 Hospitalis\u00e9 depuis le d\u00e9but du mois de mars \u00e0 l\u2019H\u00f4pital am\u00e9ricain de Paris et transf\u00e9r\u00e9 en urgence en Allemagne dans la matin\u00e9e du 6, le Premier ministre ivoirien a succomb\u00e9 \u00e0 un cancer fulgurant, ce mercredi 10 mars. Son \u00e9tat de sant\u00e9 s\u2019\u00e9tait brusquement d\u00e9grad\u00e9 ces [&hellip;]\" \/>\n<meta property=\"og:url\" content=\"https:\/\/guineediversite.com\/index.php\/2021\/03\/10\/le-premier-ministre-ivoirien-hamed-bakayoko-est-decede\/\" \/>\n<meta property=\"og:site_name\" content=\"Guin\u00e9e Diversit\u00e9\" \/>\n<meta property=\"article:publisher\" content=\"https:\/\/www.facebook.com\/guineediversite\/\" \/>\n<meta property=\"article:published_time\" content=\"2021-03-10T21:17:18+00:00\" \/>\n<meta property=\"og:image\" content=\"https:\/\/guineediversite.com\/wp-content\/uploads\/2021\/03\/Hamed-Bakayoko-premier-ministre-ivoirien.jpg\" \/>\n\t<meta property=\"og:image:width\" content=\"1500\" \/>\n\t<meta property=\"og:image:height\" content=\"750\" \/>\n\t<meta property=\"og:image:type\" content=\"image\/jpeg\" \/>\n<meta name=\"author\" content=\"Guin\u00e9e Diversit\u00e9\" \/>\n<meta name=\"twitter:card\" content=\"summary_large_image\" \/>\n<meta name=\"twitter:creator\" content=\"@GuineeDiversite\" \/>\n<meta name=\"twitter:site\" content=\"@GuineeDiversite\" \/>\n<meta name=\"twitter:label1\" content=\"\u00c9crit par\" \/>\n\t<meta name=\"twitter:data1\" content=\"Guin\u00e9e Diversit\u00e9\" \/>\n\t<meta name=\"twitter:label2\" content=\"Dur\u00e9e de lecture estim\u00e9e\" \/>\n\t<meta name=\"twitter:data2\" content=\"1 minute\" \/>\n<script type=\"application\/ld+json\" class=\"yoast-schema-graph\">{\"@context\":\"https:\/\/schema.org\",\"@graph\":[{\"@type\":\"Article\",\"@id\":\"https:\/\/guineediversite.com\/index.php\/2021\/03\/10\/le-premier-ministre-ivoirien-hamed-bakayoko-est-decede\/#article\",\"isPartOf\":{\"@id\":\"https:\/\/guineediversite.com\/index.php\/2021\/03\/10\/le-premier-ministre-ivoirien-hamed-bakayoko-est-decede\/\"},\"author\":{\"name\":\"Guin\u00e9e Diversit\u00e9\",\"@id\":\"https:\/\/guineediversite.com\/#\/schema\/person\/afa08fb34e7fc6e1feafc892612bc836\"},\"headline\":\"Le premier ministre ivoirien Hamed Bakayoko est d\u00e9c\u00e9d\u00e9\",\"datePublished\":\"2021-03-10T21:17:18+00:00\",\"dateModified\":\"2021-03-10T21:17:18+00:00\",\"mainEntityOfPage\":{\"@id\":\"https:\/\/guineediversite.com\/index.php\/2021\/03\/10\/le-premier-ministre-ivoirien-hamed-bakayoko-est-decede\/\"},\"wordCount\":301,\"publisher\":{\"@id\":\"https:\/\/guineediversite.com\/#organization\"},\"image\":{\"@id\":\"https:\/\/guineediversite.com\/index.php\/2021\/03\/10\/le-premier-ministre-ivoirien-hamed-bakayoko-est-decede\/#primaryimage\"},\"thumbnailUrl\":\"https:\/\/guineediversite.com\/wp-content\/uploads\/2021\/03\/Hamed-Bakayoko-premier-ministre-ivoirien.jpg\",\"articleSection\":[\"Derni\u00e8re minute\",\"International\"],\"inLanguage\":\"fr-FR\"},{\"@type\":\"WebPage\",\"@id\":\"https:\/\/guineediversite.com\/index.php\/2021\/03\/10\/le-premier-ministre-ivoirien-hamed-bakayoko-est-decede\/\",\"url\":\"https:\/\/guineediversite.com\/index.php\/2021\/03\/10\/le-premier-ministre-ivoirien-hamed-bakayoko-est-decede\/\",\"name\":\"Le premier ministre ivoirien Hamed Bakayoko est d\u00e9c\u00e9d\u00e9 | Guin\u00e9e Diversit\u00e9\",\"isPartOf\":{\"@id\":\"https:\/\/guineediversite.com\/#website\"},\"primaryImageOfPage\":{\"@id\":\"https:\/\/guineediversite.com\/index.php\/2021\/03\/10\/le-premier-ministre-ivoirien-hamed-bakayoko-est-decede\/#primaryimage\"},\"image\":{\"@id\":\"https:\/\/guineediversite.com\/index.php\/2021\/03\/10\/le-premier-ministre-ivoirien-hamed-bakayoko-est-decede\/#primaryimage\"},\"thumbnailUrl\":\"https:\/\/guineediversite.com\/wp-content\/uploads\/2021\/03\/Hamed-Bakayoko-premier-ministre-ivoirien.jpg\",\"datePublished\":\"2021-03-10T21:17:18+00:00\",\"dateModified\":\"2021-03-10T21:17:18+00:00\",\"breadcrumb\":{\"@id\":\"https:\/\/guineediversite.com\/index.php\/2021\/03\/10\/le-premier-ministre-ivoirien-hamed-bakayoko-est-decede\/#breadcrumb\"},\"inLanguage\":\"fr-FR\",\"potentialAction\":[{\"@type\":\"ReadAction\",\"target\":[\"https:\/\/guineediversite.com\/index.php\/2021\/03\/10\/le-premier-ministre-ivoirien-hamed-bakayoko-est-decede\/\"]}]},{\"@type\":\"ImageObject\",\"inLanguage\":\"fr-FR\",\"@id\":\"https:\/\/guineediversite.com\/index.php\/2021\/03\/10\/le-premier-ministre-ivoirien-hamed-bakayoko-est-decede\/#primaryimage\",\"url\":\"https:\/\/guineediversite.com\/wp-content\/uploads\/2021\/03\/Hamed-Bakayoko-premier-ministre-ivoirien.jpg\",\"contentUrl\":\"https:\/\/guineediversite.com\/wp-content\/uploads\/2021\/03\/Hamed-Bakayoko-premier-ministre-ivoirien.jpg\",\"width\":1500,\"height\":750},{\"@type\":\"BreadcrumbList\",\"@id\":\"https:\/\/guineediversite.com\/index.php\/2021\/03\/10\/le-premier-ministre-ivoirien-hamed-bakayoko-est-decede\/#breadcrumb\",\"itemListElement\":[{\"@type\":\"ListItem\",\"position\":1,\"name\":\"Accueil\",\"item\":\"https:\/\/guineediversite.com\/\"},{\"@type\":\"ListItem\",\"position\":2,\"name\":\"Le premier ministre ivoirien Hamed Bakayoko est d\u00e9c\u00e9d\u00e9\"}]},{\"@type\":\"WebSite\",\"@id\":\"https:\/\/guineediversite.com\/#website\",\"url\":\"https:\/\/guineediversite.com\/\",\"name\":\"Guin\u00e9e Diversit\u00e9\",\"description\":\"L&#039;Info dans toute sa diversit\u00e9\",\"publisher\":{\"@id\":\"https:\/\/guineediversite.com\/#organization\"},\"potentialAction\":[{\"@type\":\"SearchAction\",\"target\":{\"@type\":\"EntryPoint\",\"urlTemplate\":\"https:\/\/guineediversite.com\/?s={search_term_string}\"},\"query-input\":{\"@type\":\"PropertyValueSpecification\",\"valueRequired\":true,\"valueName\":\"search_term_string\"}}],\"inLanguage\":\"fr-FR\"},{\"@type\":\"Organization\",\"@id\":\"https:\/\/guineediversite.com\/#organization\",\"name\":\"Guin\u00e9e Diversit\u00e9\",\"url\":\"https:\/\/guineediversite.com\/\",\"logo\":{\"@type\":\"ImageObject\",\"inLanguage\":\"fr-FR\",\"@id\":\"https:\/\/guineediversite.com\/#\/schema\/logo\/image\/\",\"url\":\"https:\/\/guineediversite.com\/wp-content\/uploads\/2017\/04\/cropped-1jojlxEOMkX9Wyqfhe43D6kjPOGqBBKmx3EwWJqZ0cMrFF54yM49.png\",\"contentUrl\":\"https:\/\/guineediversite.com\/wp-content\/uploads\/2017\/04\/cropped-1jojlxEOMkX9Wyqfhe43D6kjPOGqBBKmx3EwWJqZ0cMrFF54yM49.png\",\"width\":186,\"height\":112,\"caption\":\"Guin\u00e9e Diversit\u00e9\"},\"image\":{\"@id\":\"https:\/\/guineediversite.com\/#\/schema\/logo\/image\/\"},\"sameAs\":[\"https:\/\/www.facebook.com\/guineediversite\/\",\"https:\/\/x.com\/GuineeDiversite\",\"https:\/\/www.youtube.com\/channel\/UC8sUY16qelG5ge6_D5SB83g\"]},{\"@type\":\"Person\",\"@id\":\"https:\/\/guineediversite.com\/#\/schema\/person\/afa08fb34e7fc6e1feafc892612bc836\",\"name\":\"Guin\u00e9e Diversit\u00e9\",\"image\":{\"@type\":\"ImageObject\",\"inLanguage\":\"fr-FR\",\"@id\":\"https:\/\/guineediversite.com\/#\/schema\/person\/image\/\",\"url\":\"https:\/\/secure.gravatar.com\/avatar\/50d5eb5b390f8b65ac30ac6f898eb83a?s=96&d=mm&r=g\",\"contentUrl\":\"https:\/\/secure.gravatar.com\/avatar\/50d5eb5b390f8b65ac30ac6f898eb83a?s=96&d=mm&r=g\",\"caption\":\"Guin\u00e9e Diversit\u00e9\"},\"url\":\"https:\/\/guineediversite.com\/index.php\/author\/guineediversite\/\"}]}<\/script>\n<!-- \/ Yoast SEO plugin. -->","yoast_head_json":{"title":"Le premier ministre ivoirien Hamed Bakayoko est d\u00e9c\u00e9d\u00e9 | Guin\u00e9e Diversit\u00e9","robots":{"index":"index","follow":"follow","max-snippet":"max-snippet:-1","max-image-preview":"max-image-preview:large","max-video-preview":"max-video-preview:-1"},"canonical":"https:\/\/guineediversite.com\/index.php\/2021\/03\/10\/le-premier-ministre-ivoirien-hamed-bakayoko-est-decede\/","og_locale":"fr_FR","og_type":"article","og_title":"Le premier ministre ivoirien Hamed Bakayoko est d\u00e9c\u00e9d\u00e9 | Guin\u00e9e Diversit\u00e9","og_description":"Hospitalis\u00e9 depuis le d\u00e9but du mois de mars \u00e0 Hospitalis\u00e9 depuis le d\u00e9but du mois de mars \u00e0 l\u2019H\u00f4pital am\u00e9ricain de Paris et transf\u00e9r\u00e9 en urgence en Allemagne dans la matin\u00e9e du 6, le Premier ministre ivoirien a succomb\u00e9 \u00e0 un cancer fulgurant, ce mercredi 10 mars. Son \u00e9tat de sant\u00e9 s\u2019\u00e9tait brusquement d\u00e9grad\u00e9 ces [&hellip;]","og_url":"https:\/\/guineediversite.com\/index.php\/2021\/03\/10\/le-premier-ministre-ivoirien-hamed-bakayoko-est-decede\/","og_site_name":"Guin\u00e9e Diversit\u00e9","article_publisher":"https:\/\/www.facebook.com\/guineediversite\/","article_published_time":"2021-03-10T21:17:18+00:00","og_image":[{"width":1500,"height":750,"url":"https:\/\/guineediversite.com\/wp-content\/uploads\/2021\/03\/Hamed-Bakayoko-premier-ministre-ivoirien.jpg","type":"image\/jpeg"}],"author":"Guin\u00e9e Diversit\u00e9","twitter_card":"summary_large_image","twitter_creator":"@GuineeDiversite","twitter_site":"@GuineeDiversite","twitter_misc":{"\u00c9crit par":"Guin\u00e9e Diversit\u00e9","Dur\u00e9e de lecture estim\u00e9e":"1 minute"},"schema":{"@context":"https:\/\/schema.org","@graph":[{"@type":"Article","@id":"https:\/\/guineediversite.com\/index.php\/2021\/03\/10\/le-premier-ministre-ivoirien-hamed-bakayoko-est-decede\/#article","isPartOf":{"@id":"https:\/\/guineediversite.com\/index.php\/2021\/03\/10\/le-premier-ministre-ivoirien-hamed-bakayoko-est-decede\/"},"author":{"name":"Guin\u00e9e Diversit\u00e9","@id":"https:\/\/guineediversite.com\/#\/schema\/person\/afa08fb34e7fc6e1feafc892612bc836"},"headline":"Le premier ministre ivoirien Hamed Bakayoko est d\u00e9c\u00e9d\u00e9","datePublished":"2021-03-10T21:17:18+00:00","dateModified":"2021-03-10T21:17:18+00:00","mainEntityOfPage":{"@id":"https:\/\/guineediversite.com\/index.php\/2021\/03\/10\/le-premier-ministre-ivoirien-hamed-bakayoko-est-decede\/"},"wordCount":301,"publisher":{"@id":"https:\/\/guineediversite.com\/#organization"},"image":{"@id":"https:\/\/guineediversite.com\/index.php\/2021\/03\/10\/le-premier-ministre-ivoirien-hamed-bakayoko-est-decede\/#primaryimage"},"thumbnailUrl":"https:\/\/guineediversite.com\/wp-content\/uploads\/2021\/03\/Hamed-Bakayoko-premier-ministre-ivoirien.jpg","articleSection":["Derni\u00e8re minute","International"],"inLanguage":"fr-FR"},{"@type":"WebPage","@id":"https:\/\/guineediversite.com\/index.php\/2021\/03\/10\/le-premier-ministre-ivoirien-hamed-bakayoko-est-decede\/","url":"https:\/\/guineediversite.com\/index.php\/2021\/03\/10\/le-premier-ministre-ivoirien-hamed-bakayoko-est-decede\/","name":"Le premier ministre ivoirien Hamed Bakayoko est d\u00e9c\u00e9d\u00e9 | Guin\u00e9e Diversit\u00e9","isPartOf":{"@id":"https:\/\/guineediversite.com\/#website"},"primaryImageOfPage":{"@id":"https:\/\/guineediversite.com\/index.php\/2021\/03\/10\/le-premier-ministre-ivoirien-hamed-bakayoko-est-decede\/#primaryimage"},"image":{"@id":"https:\/\/guineediversite.com\/index.php\/2021\/03\/10\/le-premier-ministre-ivoirien-hamed-bakayoko-est-decede\/#primaryimage"},"thumbnailUrl":"https:\/\/guineediversite.com\/wp-content\/uploads\/2021\/03\/Hamed-Bakayoko-premier-ministre-ivoirien.jpg","datePublished":"2021-03-10T21:17:18+00:00","dateModified":"2021-03-10T21:17:18+00:00","breadcrumb":{"@id":"https:\/\/guineediversite.com\/index.php\/2021\/03\/10\/le-premier-ministre-ivoirien-hamed-bakayoko-est-decede\/#breadcrumb"},"inLanguage":"fr-FR","potentialAction":[{"@type":"ReadAction","target":["https:\/\/guineediversite.com\/index.php\/2021\/03\/10\/le-premier-ministre-ivoirien-hamed-bakayoko-est-decede\/"]}]},{"@type":"ImageObject","inLanguage":"fr-FR","@id":"https:\/\/guineediversite.com\/index.php\/2021\/03\/10\/le-premier-ministre-ivoirien-hamed-bakayoko-est-decede\/#primaryimage","url":"https:\/\/guineediversite.com\/wp-content\/uploads\/2021\/03\/Hamed-Bakayoko-premier-ministre-ivoirien.jpg","contentUrl":"https:\/\/guineediversite.com\/wp-content\/uploads\/2021\/03\/Hamed-Bakayoko-premier-ministre-ivoirien.jpg","width":1500,"height":750},{"@type":"BreadcrumbList","@id":"https:\/\/guineediversite.com\/index.php\/2021\/03\/10\/le-premier-ministre-ivoirien-hamed-bakayoko-est-decede\/#breadcrumb","itemListElement":[{"@type":"ListItem","position":1,"name":"Accueil","item":"https:\/\/guineediversite.com\/"},{"@type":"ListItem","position":2,"name":"Le premier ministre ivoirien Hamed Bakayoko est d\u00e9c\u00e9d\u00e9"}]},{"@type":"WebSite","@id":"https:\/\/guineediversite.com\/#website","url":"https:\/\/guineediversite.com\/","name":"Guin\u00e9e Diversit\u00e9","description":"L&#039;Info dans toute sa diversit\u00e9","publisher":{"@id":"https:\/\/guineediversite.com\/#organization"},"potentialAction":[{"@type":"SearchAction","target":{"@type":"EntryPoint","urlTemplate":"https:\/\/guineediversite.com\/?s={search_term_string}"},"query-input":{"@type":"PropertyValueSpecification","valueRequired":true,"valueName":"search_term_string"}}],"inLanguage":"fr-FR"},{"@type":"Organization","@id":"https:\/\/guineediversite.com\/#organization","name":"Guin\u00e9e Diversit\u00e9","url":"https:\/\/guineediversite.com\/","logo":{"@type":"ImageObject","inLanguage":"fr-FR","@id":"https:\/\/guineediversite.com\/#\/schema\/logo\/image\/","url":"https:\/\/guineediversite.com\/wp-content\/uploads\/2017\/04\/cropped-1jojlxEOMkX9Wyqfhe43D6kjPOGqBBKmx3EwWJqZ0cMrFF54yM49.png","contentUrl":"https:\/\/guineediversite.com\/wp-content\/uploads\/2017\/04\/cropped-1jojlxEOMkX9Wyqfhe43D6kjPOGqBBKmx3EwWJqZ0cMrFF54yM49.png","width":186,"height":112,"caption":"Guin\u00e9e Diversit\u00e9"},"image":{"@id":"https:\/\/guineediversite.com\/#\/schema\/logo\/image\/"},"sameAs":["https:\/\/www.facebook.com\/guineediversite\/","https:\/\/x.com\/GuineeDiversite","https:\/\/www.youtube.com\/channel\/UC8sUY16qelG5ge6_D5SB83g"]},{"@type":"Person","@id":"https:\/\/guineediversite.com\/#\/schema\/person\/afa08fb34e7fc6e1feafc892612bc836","name":"Guin\u00e9e Diversit\u00e9","image":{"@type":"ImageObject","inLanguage":"fr-FR","@id":"https:\/\/guineediversite.com\/#\/schema\/person\/image\/","url":"https:\/\/secure.gravatar.com\/avatar\/50d5eb5b390f8b65ac30ac6f898eb83a?s=96&d=mm&r=g","contentUrl":"https:\/\/secure.gravatar.com\/avatar\/50d5eb5b390f8b65ac30ac6f898eb83a?s=96&d=mm&r=g","caption":"Guin\u00e9e Diversit\u00e9"},"url":"https:\/\/guineediversite.com\/index.php\/author\/guineediversite\/"}]}},"_links":{"self":[{"href":"https:\/\/guineediversite.com\/index.php\/wp-json\/wp\/v2\/posts\/30915"}],"collection":[{"href":"https:\/\/guineediversite.com\/index.php\/wp-json\/wp\/v2\/posts"}],"about":[{"href":"https:\/\/guineediversite.com\/index.php\/wp-json\/wp\/v2\/types\/post"}],"author":[{"embeddable":true,"href":"https:\/\/guineediversite.com\/index.php\/wp-json\/wp\/v2\/users\/12"}],"replies":[{"embeddable":true,"href":"https:\/\/guineediversite.com\/index.php\/wp-json\/wp\/v2\/comments?post=30915"}],"version-history":[{"count":1,"href":"https:\/\/guineediversite.com\/index.php\/wp-json\/wp\/v2\/posts\/30915\/revisions"}],"predecessor-version":[{"id":30917,"href":"https:\/\/guineediversite.com\/index.php\/wp-json\/wp\/v2\/posts\/30915\/revisions\/30917"}],"wp:featuredmedia":[{"embeddable":true,"href":"https:\/\/guineediversite.com\/index.php\/wp-json\/wp\/v2\/media\/30916"}],"wp:attachment":[{"href":"https:\/\/guineediversite.com\/index.php\/wp-json\/wp\/v2\/media?parent=30915"}],"wp:term":[{"taxonomy":"category","embeddable":true,"href":"https:\/\/guineediversite.com\/index.php\/wp-json\/wp\/v2\/categories?post=30915"},{"taxonomy":"post_tag","embeddable":true,"href":"https:\/\/guineediversite.com\/index.php\/wp-json\/wp\/v2\/tags?post=30915"}],"curies":[{"name":"wp","href":"https:\/\/api.w.org\/{rel}","templated":true}]}}