{"id":30911,"date":"2021-03-10T17:12:38","date_gmt":"2021-03-10T16:12:38","guid":{"rendered":"https:\/\/guineediversite.com\/?p=30911"},"modified":"2021-03-10T17:12:38","modified_gmt":"2021-03-10T16:12:38","slug":"maradona-des-milliers-dargentins-reclament-toute-la-lumiere-sur-sa-mort","status":"publish","type":"post","link":"https:\/\/guineediversite.com\/index.php\/2021\/03\/10\/maradona-des-milliers-dargentins-reclament-toute-la-lumiere-sur-sa-mort\/","title":{"rendered":"Maradona: des milliers d&rsquo;Argentins r\u00e9clament toute la lumi\u00e8re sur sa mort"},"content":{"rendered":"<p>Indign\u00e9es par les r\u00e9v\u00e9lations sur les conditions de la mort de la star argentine du football, des dizaines de milliers de personnes devraient se rassembler \u00e0 Buenos Aires ce mercredi 10 mars\u00a0sous le slogan\u00a0\u00ab\u00a0Justice pour Maradona\u00a0\u00bb.<\/p>\n<p>Un homme abandonn\u00e9 \u00e0 lui-m\u00eame, livr\u00e9 \u00e0 ses addictions, perdu dans une chambre obscure et sans vrai suivi m\u00e9dical. C\u2019est ainsi qu\u2019appara\u00eet la r\u00e9alit\u00e9 des derniers jours de Diego Maradona, selon des t\u00e9moignages de membres de l\u2019entourage de l\u2019ancien footballeur argentin, d\u00e9c\u00e9d\u00e9 le 25 novembre 2020..<\/p>\n<p>Dans ces t\u00e9moignages involontaires, issus d\u2019\u00e9changes d\u2019audios WhatsApp, aujourd\u2019hui aux mains de la justice, entre proches de Maradona, on entend parler son avocat et fond\u00e9 de pouvoir, son dernier m\u00e9decin personnel, une psychiatre, des gardes du corps et d\u2019autres personnes qui ont accompagn\u00e9 l\u2019ex-num\u00e9ro 10 dans la villa o\u00f9 il avait \u00e9t\u00e9 transf\u00e9r\u00e9 apr\u00e8s son op\u00e9ration au cerveau d\u00e9but novembre.<\/p>\n<p><strong>Tuer la poule aux \u0153ufs d&rsquo;or<\/strong><\/p>\n<p>La sant\u00e9 de Diego Maradona \u00e9tait le moindre des soucis de ces personnages, uniquement pr\u00e9occup\u00e9s de maintenir les revenus qu\u2019ils tiraient de lui. Au point de le n\u00e9gliger et, finalement, de tuer la poule aux \u0153ufs d\u2019or. Entretemps, ils n\u2019avaient pas manqu\u00e9 de l&rsquo;\u00e9loigner de sa famille et de ses vrais amis.<\/p>\n<p>Pour beaucoup d\u2019Argentins, Maradona est mort parce qu\u2019il a \u00e9t\u00e9 abandonn\u00e9 par son entourage. Assassin\u00e9, disent certains. En tout cas, ils seront nombreux \u00e0 manifester \u00e0 l\u2019Ob\u00e9lisque, sur la Plaza de la Rep\u00fablica,\u00a0ce mercredi 10 mars. Ses filles seront d&rsquo;ailleurs pr\u00e9sentes en premi\u00e8re ligne.<\/p>\n<p>RFI<\/p>\n","protected":false},"excerpt":{"rendered":"<p>Indign\u00e9es par les r\u00e9v\u00e9lations sur les conditions de la mort de la star argentine du football, des dizaines de milliers de personnes devraient se rassembler \u00e0 Buenos Aires ce mercredi 10 mars\u00a0sous le slogan\u00a0\u00ab\u00a0Justice pour Maradona\u00a0\u00bb. Un homme abandonn\u00e9 \u00e0 lui-m\u00eame, livr\u00e9 \u00e0 ses addictions, perdu dans une chambre obscure et sans vrai suivi m\u00e9dical. [&hellip;]<\/p>\n","protected":false},"author":12,"featured_media":30912,"comment_status":"closed","ping_status":"open","sticky":false,"template":"","format":"standard","meta":{"_exactmetrics_skip_tracking":false,"_exactmetrics_sitenote_active":false,"_exactmetrics_sitenote_note":"","_exactmetrics_sitenote_category":0,"tdm_status":"","tdm_grid_status":"","footnotes":""},"categories":[18],"tags":[],"class_list":{"0":"post-30911","1":"post","2":"type-post","3":"status-publish","4":"format-standard","5":"has-post-thumbnail","7":"category-sport"},"yoast_head":"<!-- This site is optimized with the Yoast SEO plugin v24.2 - https:\/\/yoast.com\/wordpress\/plugins\/seo\/ -->\n<title>Maradona: des milliers d&#039;Argentins r\u00e9clament toute la lumi\u00e8re sur sa mort | Guin\u00e9e Diversit\u00e9<\/title>\n<meta name=\"robots\" content=\"index, follow, max-snippet:-1, max-image-preview:large, max-video-preview:-1\" \/>\n<link rel=\"canonical\" href=\"https:\/\/guineediversite.com\/index.php\/2021\/03\/10\/maradona-des-milliers-dargentins-reclament-toute-la-lumiere-sur-sa-mort\/\" \/>\n<meta property=\"og:locale\" content=\"fr_FR\" \/>\n<meta property=\"og:type\" content=\"article\" \/>\n<meta property=\"og:title\" content=\"Maradona: des milliers d&#039;Argentins r\u00e9clament toute la lumi\u00e8re sur sa mort | Guin\u00e9e Diversit\u00e9\" \/>\n<meta property=\"og:description\" content=\"Indign\u00e9es par les r\u00e9v\u00e9lations sur les conditions de la mort de la star argentine du football, des dizaines de milliers de personnes devraient se rassembler \u00e0 Buenos Aires ce mercredi 10 mars\u00a0sous le slogan\u00a0\u00ab\u00a0Justice pour Maradona\u00a0\u00bb. Un homme abandonn\u00e9 \u00e0 lui-m\u00eame, livr\u00e9 \u00e0 ses addictions, perdu dans une chambre obscure et sans vrai suivi m\u00e9dical. [&hellip;]\" \/>\n<meta property=\"og:url\" content=\"https:\/\/guineediversite.com\/index.php\/2021\/03\/10\/maradona-des-milliers-dargentins-reclament-toute-la-lumiere-sur-sa-mort\/\" \/>\n<meta property=\"og:site_name\" content=\"Guin\u00e9e Diversit\u00e9\" \/>\n<meta property=\"article:publisher\" content=\"https:\/\/www.facebook.com\/guineediversite\/\" \/>\n<meta property=\"article:published_time\" content=\"2021-03-10T16:12:38+00:00\" \/>\n<meta property=\"og:image\" content=\"https:\/\/guineediversite.com\/wp-content\/uploads\/2021\/03\/MARADONA.jpg\" \/>\n\t<meta property=\"og:image:width\" content=\"1500\" \/>\n\t<meta property=\"og:image:height\" content=\"840\" \/>\n\t<meta property=\"og:image:type\" content=\"image\/jpeg\" \/>\n<meta name=\"author\" content=\"Guin\u00e9e Diversit\u00e9\" \/>\n<meta name=\"twitter:card\" content=\"summary_large_image\" \/>\n<meta name=\"twitter:creator\" content=\"@GuineeDiversite\" \/>\n<meta name=\"twitter:site\" content=\"@GuineeDiversite\" \/>\n<meta name=\"twitter:label1\" content=\"\u00c9crit par\" \/>\n\t<meta name=\"twitter:data1\" content=\"Guin\u00e9e Diversit\u00e9\" \/>\n\t<meta name=\"twitter:label2\" content=\"Dur\u00e9e de lecture estim\u00e9e\" \/>\n\t<meta name=\"twitter:data2\" content=\"1 minute\" \/>\n<script type=\"application\/ld+json\" class=\"yoast-schema-graph\">{\"@context\":\"https:\/\/schema.org\",\"@graph\":[{\"@type\":\"Article\",\"@id\":\"https:\/\/guineediversite.com\/index.php\/2021\/03\/10\/maradona-des-milliers-dargentins-reclament-toute-la-lumiere-sur-sa-mort\/#article\",\"isPartOf\":{\"@id\":\"https:\/\/guineediversite.com\/index.php\/2021\/03\/10\/maradona-des-milliers-dargentins-reclament-toute-la-lumiere-sur-sa-mort\/\"},\"author\":{\"name\":\"Guin\u00e9e Diversit\u00e9\",\"@id\":\"https:\/\/guineediversite.com\/#\/schema\/person\/afa08fb34e7fc6e1feafc892612bc836\"},\"headline\":\"Maradona: des milliers d&rsquo;Argentins r\u00e9clament toute la lumi\u00e8re sur sa mort\",\"datePublished\":\"2021-03-10T16:12:38+00:00\",\"dateModified\":\"2021-03-10T16:12:38+00:00\",\"mainEntityOfPage\":{\"@id\":\"https:\/\/guineediversite.com\/index.php\/2021\/03\/10\/maradona-des-milliers-dargentins-reclament-toute-la-lumiere-sur-sa-mort\/\"},\"wordCount\":294,\"publisher\":{\"@id\":\"https:\/\/guineediversite.com\/#organization\"},\"image\":{\"@id\":\"https:\/\/guineediversite.com\/index.php\/2021\/03\/10\/maradona-des-milliers-dargentins-reclament-toute-la-lumiere-sur-sa-mort\/#primaryimage\"},\"thumbnailUrl\":\"https:\/\/guineediversite.com\/wp-content\/uploads\/2021\/03\/MARADONA.jpg\",\"articleSection\":[\"Sport\"],\"inLanguage\":\"fr-FR\"},{\"@type\":\"WebPage\",\"@id\":\"https:\/\/guineediversite.com\/index.php\/2021\/03\/10\/maradona-des-milliers-dargentins-reclament-toute-la-lumiere-sur-sa-mort\/\",\"url\":\"https:\/\/guineediversite.com\/index.php\/2021\/03\/10\/maradona-des-milliers-dargentins-reclament-toute-la-lumiere-sur-sa-mort\/\",\"name\":\"Maradona: des milliers d'Argentins r\u00e9clament toute la lumi\u00e8re sur sa mort | Guin\u00e9e Diversit\u00e9\",\"isPartOf\":{\"@id\":\"https:\/\/guineediversite.com\/#website\"},\"primaryImageOfPage\":{\"@id\":\"https:\/\/guineediversite.com\/index.php\/2021\/03\/10\/maradona-des-milliers-dargentins-reclament-toute-la-lumiere-sur-sa-mort\/#primaryimage\"},\"image\":{\"@id\":\"https:\/\/guineediversite.com\/index.php\/2021\/03\/10\/maradona-des-milliers-dargentins-reclament-toute-la-lumiere-sur-sa-mort\/#primaryimage\"},\"thumbnailUrl\":\"https:\/\/guineediversite.com\/wp-content\/uploads\/2021\/03\/MARADONA.jpg\",\"datePublished\":\"2021-03-10T16:12:38+00:00\",\"dateModified\":\"2021-03-10T16:12:38+00:00\",\"breadcrumb\":{\"@id\":\"https:\/\/guineediversite.com\/index.php\/2021\/03\/10\/maradona-des-milliers-dargentins-reclament-toute-la-lumiere-sur-sa-mort\/#breadcrumb\"},\"inLanguage\":\"fr-FR\",\"potentialAction\":[{\"@type\":\"ReadAction\",\"target\":[\"https:\/\/guineediversite.com\/index.php\/2021\/03\/10\/maradona-des-milliers-dargentins-reclament-toute-la-lumiere-sur-sa-mort\/\"]}]},{\"@type\":\"ImageObject\",\"inLanguage\":\"fr-FR\",\"@id\":\"https:\/\/guineediversite.com\/index.php\/2021\/03\/10\/maradona-des-milliers-dargentins-reclament-toute-la-lumiere-sur-sa-mort\/#primaryimage\",\"url\":\"https:\/\/guineediversite.com\/wp-content\/uploads\/2021\/03\/MARADONA.jpg\",\"contentUrl\":\"https:\/\/guineediversite.com\/wp-content\/uploads\/2021\/03\/MARADONA.jpg\",\"width\":1500,\"height\":840},{\"@type\":\"BreadcrumbList\",\"@id\":\"https:\/\/guineediversite.com\/index.php\/2021\/03\/10\/maradona-des-milliers-dargentins-reclament-toute-la-lumiere-sur-sa-mort\/#breadcrumb\",\"itemListElement\":[{\"@type\":\"ListItem\",\"position\":1,\"name\":\"Accueil\",\"item\":\"https:\/\/guineediversite.com\/\"},{\"@type\":\"ListItem\",\"position\":2,\"name\":\"Maradona: des milliers d&rsquo;Argentins r\u00e9clament toute la lumi\u00e8re sur sa mort\"}]},{\"@type\":\"WebSite\",\"@id\":\"https:\/\/guineediversite.com\/#website\",\"url\":\"https:\/\/guineediversite.com\/\",\"name\":\"Guin\u00e9e Diversit\u00e9\",\"description\":\"L&#039;Info dans toute sa diversit\u00e9\",\"publisher\":{\"@id\":\"https:\/\/guineediversite.com\/#organization\"},\"potentialAction\":[{\"@type\":\"SearchAction\",\"target\":{\"@type\":\"EntryPoint\",\"urlTemplate\":\"https:\/\/guineediversite.com\/?s={search_term_string}\"},\"query-input\":{\"@type\":\"PropertyValueSpecification\",\"valueRequired\":true,\"valueName\":\"search_term_string\"}}],\"inLanguage\":\"fr-FR\"},{\"@type\":\"Organization\",\"@id\":\"https:\/\/guineediversite.com\/#organization\",\"name\":\"Guin\u00e9e Diversit\u00e9\",\"url\":\"https:\/\/guineediversite.com\/\",\"logo\":{\"@type\":\"ImageObject\",\"inLanguage\":\"fr-FR\",\"@id\":\"https:\/\/guineediversite.com\/#\/schema\/logo\/image\/\",\"url\":\"https:\/\/guineediversite.com\/wp-content\/uploads\/2017\/04\/cropped-1jojlxEOMkX9Wyqfhe43D6kjPOGqBBKmx3EwWJqZ0cMrFF54yM49.png\",\"contentUrl\":\"https:\/\/guineediversite.com\/wp-content\/uploads\/2017\/04\/cropped-1jojlxEOMkX9Wyqfhe43D6kjPOGqBBKmx3EwWJqZ0cMrFF54yM49.png\",\"width\":186,\"height\":112,\"caption\":\"Guin\u00e9e Diversit\u00e9\"},\"image\":{\"@id\":\"https:\/\/guineediversite.com\/#\/schema\/logo\/image\/\"},\"sameAs\":[\"https:\/\/www.facebook.com\/guineediversite\/\",\"https:\/\/x.com\/GuineeDiversite\",\"https:\/\/www.youtube.com\/channel\/UC8sUY16qelG5ge6_D5SB83g\"]},{\"@type\":\"Person\",\"@id\":\"https:\/\/guineediversite.com\/#\/schema\/person\/afa08fb34e7fc6e1feafc892612bc836\",\"name\":\"Guin\u00e9e Diversit\u00e9\",\"image\":{\"@type\":\"ImageObject\",\"inLanguage\":\"fr-FR\",\"@id\":\"https:\/\/guineediversite.com\/#\/schema\/person\/image\/\",\"url\":\"https:\/\/secure.gravatar.com\/avatar\/50d5eb5b390f8b65ac30ac6f898eb83a?s=96&d=mm&r=g\",\"contentUrl\":\"https:\/\/secure.gravatar.com\/avatar\/50d5eb5b390f8b65ac30ac6f898eb83a?s=96&d=mm&r=g\",\"caption\":\"Guin\u00e9e Diversit\u00e9\"},\"url\":\"https:\/\/guineediversite.com\/index.php\/author\/guineediversite\/\"}]}<\/script>\n<!-- \/ Yoast SEO plugin. -->","yoast_head_json":{"title":"Maradona: des milliers d'Argentins r\u00e9clament toute la lumi\u00e8re sur sa mort | Guin\u00e9e Diversit\u00e9","robots":{"index":"index","follow":"follow","max-snippet":"max-snippet:-1","max-image-preview":"max-image-preview:large","max-video-preview":"max-video-preview:-1"},"canonical":"https:\/\/guineediversite.com\/index.php\/2021\/03\/10\/maradona-des-milliers-dargentins-reclament-toute-la-lumiere-sur-sa-mort\/","og_locale":"fr_FR","og_type":"article","og_title":"Maradona: des milliers d'Argentins r\u00e9clament toute la lumi\u00e8re sur sa mort | Guin\u00e9e Diversit\u00e9","og_description":"Indign\u00e9es par les r\u00e9v\u00e9lations sur les conditions de la mort de la star argentine du football, des dizaines de milliers de personnes devraient se rassembler \u00e0 Buenos Aires ce mercredi 10 mars\u00a0sous le slogan\u00a0\u00ab\u00a0Justice pour Maradona\u00a0\u00bb. Un homme abandonn\u00e9 \u00e0 lui-m\u00eame, livr\u00e9 \u00e0 ses addictions, perdu dans une chambre obscure et sans vrai suivi m\u00e9dical. [&hellip;]","og_url":"https:\/\/guineediversite.com\/index.php\/2021\/03\/10\/maradona-des-milliers-dargentins-reclament-toute-la-lumiere-sur-sa-mort\/","og_site_name":"Guin\u00e9e Diversit\u00e9","article_publisher":"https:\/\/www.facebook.com\/guineediversite\/","article_published_time":"2021-03-10T16:12:38+00:00","og_image":[{"width":1500,"height":840,"url":"https:\/\/guineediversite.com\/wp-content\/uploads\/2021\/03\/MARADONA.jpg","type":"image\/jpeg"}],"author":"Guin\u00e9e Diversit\u00e9","twitter_card":"summary_large_image","twitter_creator":"@GuineeDiversite","twitter_site":"@GuineeDiversite","twitter_misc":{"\u00c9crit par":"Guin\u00e9e Diversit\u00e9","Dur\u00e9e de lecture estim\u00e9e":"1 minute"},"schema":{"@context":"https:\/\/schema.org","@graph":[{"@type":"Article","@id":"https:\/\/guineediversite.com\/index.php\/2021\/03\/10\/maradona-des-milliers-dargentins-reclament-toute-la-lumiere-sur-sa-mort\/#article","isPartOf":{"@id":"https:\/\/guineediversite.com\/index.php\/2021\/03\/10\/maradona-des-milliers-dargentins-reclament-toute-la-lumiere-sur-sa-mort\/"},"author":{"name":"Guin\u00e9e Diversit\u00e9","@id":"https:\/\/guineediversite.com\/#\/schema\/person\/afa08fb34e7fc6e1feafc892612bc836"},"headline":"Maradona: des milliers d&rsquo;Argentins r\u00e9clament toute la lumi\u00e8re sur sa mort","datePublished":"2021-03-10T16:12:38+00:00","dateModified":"2021-03-10T16:12:38+00:00","mainEntityOfPage":{"@id":"https:\/\/guineediversite.com\/index.php\/2021\/03\/10\/maradona-des-milliers-dargentins-reclament-toute-la-lumiere-sur-sa-mort\/"},"wordCount":294,"publisher":{"@id":"https:\/\/guineediversite.com\/#organization"},"image":{"@id":"https:\/\/guineediversite.com\/index.php\/2021\/03\/10\/maradona-des-milliers-dargentins-reclament-toute-la-lumiere-sur-sa-mort\/#primaryimage"},"thumbnailUrl":"https:\/\/guineediversite.com\/wp-content\/uploads\/2021\/03\/MARADONA.jpg","articleSection":["Sport"],"inLanguage":"fr-FR"},{"@type":"WebPage","@id":"https:\/\/guineediversite.com\/index.php\/2021\/03\/10\/maradona-des-milliers-dargentins-reclament-toute-la-lumiere-sur-sa-mort\/","url":"https:\/\/guineediversite.com\/index.php\/2021\/03\/10\/maradona-des-milliers-dargentins-reclament-toute-la-lumiere-sur-sa-mort\/","name":"Maradona: des milliers d'Argentins r\u00e9clament toute la lumi\u00e8re sur sa mort | Guin\u00e9e Diversit\u00e9","isPartOf":{"@id":"https:\/\/guineediversite.com\/#website"},"primaryImageOfPage":{"@id":"https:\/\/guineediversite.com\/index.php\/2021\/03\/10\/maradona-des-milliers-dargentins-reclament-toute-la-lumiere-sur-sa-mort\/#primaryimage"},"image":{"@id":"https:\/\/guineediversite.com\/index.php\/2021\/03\/10\/maradona-des-milliers-dargentins-reclament-toute-la-lumiere-sur-sa-mort\/#primaryimage"},"thumbnailUrl":"https:\/\/guineediversite.com\/wp-content\/uploads\/2021\/03\/MARADONA.jpg","datePublished":"2021-03-10T16:12:38+00:00","dateModified":"2021-03-10T16:12:38+00:00","breadcrumb":{"@id":"https:\/\/guineediversite.com\/index.php\/2021\/03\/10\/maradona-des-milliers-dargentins-reclament-toute-la-lumiere-sur-sa-mort\/#breadcrumb"},"inLanguage":"fr-FR","potentialAction":[{"@type":"ReadAction","target":["https:\/\/guineediversite.com\/index.php\/2021\/03\/10\/maradona-des-milliers-dargentins-reclament-toute-la-lumiere-sur-sa-mort\/"]}]},{"@type":"ImageObject","inLanguage":"fr-FR","@id":"https:\/\/guineediversite.com\/index.php\/2021\/03\/10\/maradona-des-milliers-dargentins-reclament-toute-la-lumiere-sur-sa-mort\/#primaryimage","url":"https:\/\/guineediversite.com\/wp-content\/uploads\/2021\/03\/MARADONA.jpg","contentUrl":"https:\/\/guineediversite.com\/wp-content\/uploads\/2021\/03\/MARADONA.jpg","width":1500,"height":840},{"@type":"BreadcrumbList","@id":"https:\/\/guineediversite.com\/index.php\/2021\/03\/10\/maradona-des-milliers-dargentins-reclament-toute-la-lumiere-sur-sa-mort\/#breadcrumb","itemListElement":[{"@type":"ListItem","position":1,"name":"Accueil","item":"https:\/\/guineediversite.com\/"},{"@type":"ListItem","position":2,"name":"Maradona: des milliers d&rsquo;Argentins r\u00e9clament toute la lumi\u00e8re sur sa mort"}]},{"@type":"WebSite","@id":"https:\/\/guineediversite.com\/#website","url":"https:\/\/guineediversite.com\/","name":"Guin\u00e9e Diversit\u00e9","description":"L&#039;Info dans toute sa diversit\u00e9","publisher":{"@id":"https:\/\/guineediversite.com\/#organization"},"potentialAction":[{"@type":"SearchAction","target":{"@type":"EntryPoint","urlTemplate":"https:\/\/guineediversite.com\/?s={search_term_string}"},"query-input":{"@type":"PropertyValueSpecification","valueRequired":true,"valueName":"search_term_string"}}],"inLanguage":"fr-FR"},{"@type":"Organization","@id":"https:\/\/guineediversite.com\/#organization","name":"Guin\u00e9e Diversit\u00e9","url":"https:\/\/guineediversite.com\/","logo":{"@type":"ImageObject","inLanguage":"fr-FR","@id":"https:\/\/guineediversite.com\/#\/schema\/logo\/image\/","url":"https:\/\/guineediversite.com\/wp-content\/uploads\/2017\/04\/cropped-1jojlxEOMkX9Wyqfhe43D6kjPOGqBBKmx3EwWJqZ0cMrFF54yM49.png","contentUrl":"https:\/\/guineediversite.com\/wp-content\/uploads\/2017\/04\/cropped-1jojlxEOMkX9Wyqfhe43D6kjPOGqBBKmx3EwWJqZ0cMrFF54yM49.png","width":186,"height":112,"caption":"Guin\u00e9e Diversit\u00e9"},"image":{"@id":"https:\/\/guineediversite.com\/#\/schema\/logo\/image\/"},"sameAs":["https:\/\/www.facebook.com\/guineediversite\/","https:\/\/x.com\/GuineeDiversite","https:\/\/www.youtube.com\/channel\/UC8sUY16qelG5ge6_D5SB83g"]},{"@type":"Person","@id":"https:\/\/guineediversite.com\/#\/schema\/person\/afa08fb34e7fc6e1feafc892612bc836","name":"Guin\u00e9e Diversit\u00e9","image":{"@type":"ImageObject","inLanguage":"fr-FR","@id":"https:\/\/guineediversite.com\/#\/schema\/person\/image\/","url":"https:\/\/secure.gravatar.com\/avatar\/50d5eb5b390f8b65ac30ac6f898eb83a?s=96&d=mm&r=g","contentUrl":"https:\/\/secure.gravatar.com\/avatar\/50d5eb5b390f8b65ac30ac6f898eb83a?s=96&d=mm&r=g","caption":"Guin\u00e9e Diversit\u00e9"},"url":"https:\/\/guineediversite.com\/index.php\/author\/guineediversite\/"}]}},"_links":{"self":[{"href":"https:\/\/guineediversite.com\/index.php\/wp-json\/wp\/v2\/posts\/30911"}],"collection":[{"href":"https:\/\/guineediversite.com\/index.php\/wp-json\/wp\/v2\/posts"}],"about":[{"href":"https:\/\/guineediversite.com\/index.php\/wp-json\/wp\/v2\/types\/post"}],"author":[{"embeddable":true,"href":"https:\/\/guineediversite.com\/index.php\/wp-json\/wp\/v2\/users\/12"}],"replies":[{"embeddable":true,"href":"https:\/\/guineediversite.com\/index.php\/wp-json\/wp\/v2\/comments?post=30911"}],"version-history":[{"count":1,"href":"https:\/\/guineediversite.com\/index.php\/wp-json\/wp\/v2\/posts\/30911\/revisions"}],"predecessor-version":[{"id":30913,"href":"https:\/\/guineediversite.com\/index.php\/wp-json\/wp\/v2\/posts\/30911\/revisions\/30913"}],"wp:featuredmedia":[{"embeddable":true,"href":"https:\/\/guineediversite.com\/index.php\/wp-json\/wp\/v2\/media\/30912"}],"wp:attachment":[{"href":"https:\/\/guineediversite.com\/index.php\/wp-json\/wp\/v2\/media?parent=30911"}],"wp:term":[{"taxonomy":"category","embeddable":true,"href":"https:\/\/guineediversite.com\/index.php\/wp-json\/wp\/v2\/categories?post=30911"},{"taxonomy":"post_tag","embeddable":true,"href":"https:\/\/guineediversite.com\/index.php\/wp-json\/wp\/v2\/tags?post=30911"}],"curies":[{"name":"wp","href":"https:\/\/api.w.org\/{rel}","templated":true}]}}