{"id":30898,"date":"2021-03-09T19:11:51","date_gmt":"2021-03-09T18:11:51","guid":{"rendered":"https:\/\/guineediversite.com\/?p=30898"},"modified":"2021-03-09T19:11:51","modified_gmt":"2021-03-09T18:11:51","slug":"elections-a-la-feguifoot-m-thierno-saidou-diakite-tacle-les-membres-statutaires","status":"publish","type":"post","link":"https:\/\/guineediversite.com\/index.php\/2021\/03\/09\/elections-a-la-feguifoot-m-thierno-saidou-diakite-tacle-les-membres-statutaires\/","title":{"rendered":"\u00c9lections \u00e0 la FEGUIFOOT: M .Thierno Saidou Diakit\u00e9 tacle les membres statutaires"},"content":{"rendered":"<p><strong>Le consultant sportif M. Thierno Saidou Diakit\u00e9 a au cours d\u2019une conf\u00e9rence qu\u2019il a anim\u00e9e ce mardi 09 mars 2021, fait un balayage sur l\u2019actualit\u00e9 au sein de la FEGUIFOOT.<\/strong><\/p>\n<p>Le consultant sportif a dans ses analyses, affirm\u00e9 qu\u2019il faut \u00e9viter de personnaliser les campagnes qui sont lanc\u00e9es dans le cadre de ces \u00e9lections. \u00ab <em>Essayons plut\u00f4t, dit-il, de nous focaliser sur les programmes que les diff\u00e9rents candidats vont d\u00e9cliner. On va appr\u00e9cier et puis voter<\/em> \u00bb.<\/p>\n<p>il rench\u00e9rit, en pointant\u00a0 un doigt accusateur sur les membres statutaires de la f\u00e9d\u00e9ration guin\u00e9enne de football qui, selon lui, n&rsquo;agissent pas pour l&rsquo;int\u00e9r\u00eat du football guin\u00e9en.<\/p>\n<p>\u00ab\u00a0<em>Je l&rsquo;ai toujours dit et j&rsquo;assume mes propos. Les membres statutaires de la f\u00e9d\u00e9ration guin\u00e9enne de football qui sont au nombre de 65, ils sont comptables de la gouvernance catastrophique de notre football&#8230;. Ils prennent l&rsquo;argent et des voitures de gauche \u00e0 droite et apr\u00e8s ils votent pour qui ils veulent. Ils ne voient pas l&rsquo;int\u00e9r\u00eat du football<\/em>\u00a0\u00bb, a-t-il d\u00e9clar\u00e9.<\/p>\n<p>Avant d&rsquo;ajouter: \u00ab\u00a0<em>on a malheureusement pas de membre statutaires responsables. On va se focaliser sur les programmes, on les \u00e9valu\u00e9s, les critiqu\u00e9s, les machines, mais les 30 avril, vous allez voir ce qui va se passer<\/em>\u00a0\u00bb.<\/p>\n","protected":false},"excerpt":{"rendered":"<p>Le consultant sportif M. Thierno Saidou Diakit\u00e9 a au cours d\u2019une conf\u00e9rence qu\u2019il a anim\u00e9e ce mardi 09 mars 2021, fait un balayage sur l\u2019actualit\u00e9 au sein de la FEGUIFOOT. Le consultant sportif a dans ses analyses, affirm\u00e9 qu\u2019il faut \u00e9viter de personnaliser les campagnes qui sont lanc\u00e9es dans le cadre de ces \u00e9lections. \u00ab [&hellip;]<\/p>\n","protected":false},"author":10,"featured_media":30899,"comment_status":"closed","ping_status":"open","sticky":false,"template":"","format":"standard","meta":{"_exactmetrics_skip_tracking":false,"_exactmetrics_sitenote_active":false,"_exactmetrics_sitenote_note":"","_exactmetrics_sitenote_category":0,"tdm_status":"","tdm_grid_status":"","footnotes":""},"categories":[254,18],"tags":[],"class_list":{"0":"post-30898","1":"post","2":"type-post","3":"status-publish","4":"format-standard","5":"has-post-thumbnail","7":"category-derniere-minute","8":"category-sport"},"yoast_head":"<!-- This site is optimized with the Yoast SEO plugin v24.2 - https:\/\/yoast.com\/wordpress\/plugins\/seo\/ -->\n<title>\u00c9lections \u00e0 la FEGUIFOOT: M .Thierno Saidou Diakit\u00e9 tacle les membres statutaires | Guin\u00e9e Diversit\u00e9<\/title>\n<meta name=\"robots\" content=\"index, follow, max-snippet:-1, max-image-preview:large, max-video-preview:-1\" \/>\n<link rel=\"canonical\" href=\"https:\/\/guineediversite.com\/index.php\/2021\/03\/09\/elections-a-la-feguifoot-m-thierno-saidou-diakite-tacle-les-membres-statutaires\/\" \/>\n<meta property=\"og:locale\" content=\"fr_FR\" \/>\n<meta property=\"og:type\" content=\"article\" \/>\n<meta property=\"og:title\" content=\"\u00c9lections \u00e0 la FEGUIFOOT: M .Thierno Saidou Diakit\u00e9 tacle les membres statutaires | Guin\u00e9e Diversit\u00e9\" \/>\n<meta property=\"og:description\" content=\"Le consultant sportif M. Thierno Saidou Diakit\u00e9 a au cours d\u2019une conf\u00e9rence qu\u2019il a anim\u00e9e ce mardi 09 mars 2021, fait un balayage sur l\u2019actualit\u00e9 au sein de la FEGUIFOOT. Le consultant sportif a dans ses analyses, affirm\u00e9 qu\u2019il faut \u00e9viter de personnaliser les campagnes qui sont lanc\u00e9es dans le cadre de ces \u00e9lections. \u00ab [&hellip;]\" \/>\n<meta property=\"og:url\" content=\"https:\/\/guineediversite.com\/index.php\/2021\/03\/09\/elections-a-la-feguifoot-m-thierno-saidou-diakite-tacle-les-membres-statutaires\/\" \/>\n<meta property=\"og:site_name\" content=\"Guin\u00e9e Diversit\u00e9\" \/>\n<meta property=\"article:publisher\" content=\"https:\/\/www.facebook.com\/guineediversite\/\" \/>\n<meta property=\"article:published_time\" content=\"2021-03-09T18:11:51+00:00\" \/>\n<meta property=\"og:image\" content=\"https:\/\/guineediversite.com\/wp-content\/uploads\/2021\/03\/WhatsApp-Image-2021-03-09-at-18.10.26.jpeg\" \/>\n\t<meta property=\"og:image:width\" content=\"1000\" \/>\n\t<meta property=\"og:image:height\" content=\"662\" \/>\n\t<meta property=\"og:image:type\" content=\"image\/jpeg\" \/>\n<meta name=\"author\" content=\"Morcire Camara\" \/>\n<meta name=\"twitter:card\" content=\"summary_large_image\" \/>\n<meta name=\"twitter:creator\" content=\"@GuineeDiversite\" \/>\n<meta name=\"twitter:site\" content=\"@GuineeDiversite\" \/>\n<meta name=\"twitter:label1\" content=\"\u00c9crit par\" \/>\n\t<meta name=\"twitter:data1\" content=\"Morcire Camara\" \/>\n\t<meta name=\"twitter:label2\" content=\"Dur\u00e9e de lecture estim\u00e9e\" \/>\n\t<meta name=\"twitter:data2\" content=\"1 minute\" \/>\n<script type=\"application\/ld+json\" class=\"yoast-schema-graph\">{\"@context\":\"https:\/\/schema.org\",\"@graph\":[{\"@type\":\"Article\",\"@id\":\"https:\/\/guineediversite.com\/index.php\/2021\/03\/09\/elections-a-la-feguifoot-m-thierno-saidou-diakite-tacle-les-membres-statutaires\/#article\",\"isPartOf\":{\"@id\":\"https:\/\/guineediversite.com\/index.php\/2021\/03\/09\/elections-a-la-feguifoot-m-thierno-saidou-diakite-tacle-les-membres-statutaires\/\"},\"author\":{\"name\":\"Morcire Camara\",\"@id\":\"https:\/\/guineediversite.com\/#\/schema\/person\/fa362494c47202ce4b3adf55abcc9d01\"},\"headline\":\"\u00c9lections \u00e0 la FEGUIFOOT: M .Thierno Saidou Diakit\u00e9 tacle les membres statutaires\",\"datePublished\":\"2021-03-09T18:11:51+00:00\",\"dateModified\":\"2021-03-09T18:11:51+00:00\",\"mainEntityOfPage\":{\"@id\":\"https:\/\/guineediversite.com\/index.php\/2021\/03\/09\/elections-a-la-feguifoot-m-thierno-saidou-diakite-tacle-les-membres-statutaires\/\"},\"wordCount\":238,\"publisher\":{\"@id\":\"https:\/\/guineediversite.com\/#organization\"},\"image\":{\"@id\":\"https:\/\/guineediversite.com\/index.php\/2021\/03\/09\/elections-a-la-feguifoot-m-thierno-saidou-diakite-tacle-les-membres-statutaires\/#primaryimage\"},\"thumbnailUrl\":\"https:\/\/guineediversite.com\/wp-content\/uploads\/2021\/03\/WhatsApp-Image-2021-03-09-at-18.10.26.jpeg\",\"articleSection\":[\"Derni\u00e8re minute\",\"Sport\"],\"inLanguage\":\"fr-FR\"},{\"@type\":\"WebPage\",\"@id\":\"https:\/\/guineediversite.com\/index.php\/2021\/03\/09\/elections-a-la-feguifoot-m-thierno-saidou-diakite-tacle-les-membres-statutaires\/\",\"url\":\"https:\/\/guineediversite.com\/index.php\/2021\/03\/09\/elections-a-la-feguifoot-m-thierno-saidou-diakite-tacle-les-membres-statutaires\/\",\"name\":\"\u00c9lections \u00e0 la FEGUIFOOT: M .Thierno Saidou Diakit\u00e9 tacle les membres statutaires | Guin\u00e9e Diversit\u00e9\",\"isPartOf\":{\"@id\":\"https:\/\/guineediversite.com\/#website\"},\"primaryImageOfPage\":{\"@id\":\"https:\/\/guineediversite.com\/index.php\/2021\/03\/09\/elections-a-la-feguifoot-m-thierno-saidou-diakite-tacle-les-membres-statutaires\/#primaryimage\"},\"image\":{\"@id\":\"https:\/\/guineediversite.com\/index.php\/2021\/03\/09\/elections-a-la-feguifoot-m-thierno-saidou-diakite-tacle-les-membres-statutaires\/#primaryimage\"},\"thumbnailUrl\":\"https:\/\/guineediversite.com\/wp-content\/uploads\/2021\/03\/WhatsApp-Image-2021-03-09-at-18.10.26.jpeg\",\"datePublished\":\"2021-03-09T18:11:51+00:00\",\"dateModified\":\"2021-03-09T18:11:51+00:00\",\"breadcrumb\":{\"@id\":\"https:\/\/guineediversite.com\/index.php\/2021\/03\/09\/elections-a-la-feguifoot-m-thierno-saidou-diakite-tacle-les-membres-statutaires\/#breadcrumb\"},\"inLanguage\":\"fr-FR\",\"potentialAction\":[{\"@type\":\"ReadAction\",\"target\":[\"https:\/\/guineediversite.com\/index.php\/2021\/03\/09\/elections-a-la-feguifoot-m-thierno-saidou-diakite-tacle-les-membres-statutaires\/\"]}]},{\"@type\":\"ImageObject\",\"inLanguage\":\"fr-FR\",\"@id\":\"https:\/\/guineediversite.com\/index.php\/2021\/03\/09\/elections-a-la-feguifoot-m-thierno-saidou-diakite-tacle-les-membres-statutaires\/#primaryimage\",\"url\":\"https:\/\/guineediversite.com\/wp-content\/uploads\/2021\/03\/WhatsApp-Image-2021-03-09-at-18.10.26.jpeg\",\"contentUrl\":\"https:\/\/guineediversite.com\/wp-content\/uploads\/2021\/03\/WhatsApp-Image-2021-03-09-at-18.10.26.jpeg\",\"width\":1000,\"height\":662},{\"@type\":\"BreadcrumbList\",\"@id\":\"https:\/\/guineediversite.com\/index.php\/2021\/03\/09\/elections-a-la-feguifoot-m-thierno-saidou-diakite-tacle-les-membres-statutaires\/#breadcrumb\",\"itemListElement\":[{\"@type\":\"ListItem\",\"position\":1,\"name\":\"Accueil\",\"item\":\"https:\/\/guineediversite.com\/\"},{\"@type\":\"ListItem\",\"position\":2,\"name\":\"\u00c9lections \u00e0 la FEGUIFOOT: M .Thierno Saidou Diakit\u00e9 tacle les membres statutaires\"}]},{\"@type\":\"WebSite\",\"@id\":\"https:\/\/guineediversite.com\/#website\",\"url\":\"https:\/\/guineediversite.com\/\",\"name\":\"Guin\u00e9e Diversit\u00e9\",\"description\":\"L&#039;Info dans toute sa diversit\u00e9\",\"publisher\":{\"@id\":\"https:\/\/guineediversite.com\/#organization\"},\"potentialAction\":[{\"@type\":\"SearchAction\",\"target\":{\"@type\":\"EntryPoint\",\"urlTemplate\":\"https:\/\/guineediversite.com\/?s={search_term_string}\"},\"query-input\":{\"@type\":\"PropertyValueSpecification\",\"valueRequired\":true,\"valueName\":\"search_term_string\"}}],\"inLanguage\":\"fr-FR\"},{\"@type\":\"Organization\",\"@id\":\"https:\/\/guineediversite.com\/#organization\",\"name\":\"Guin\u00e9e Diversit\u00e9\",\"url\":\"https:\/\/guineediversite.com\/\",\"logo\":{\"@type\":\"ImageObject\",\"inLanguage\":\"fr-FR\",\"@id\":\"https:\/\/guineediversite.com\/#\/schema\/logo\/image\/\",\"url\":\"https:\/\/guineediversite.com\/wp-content\/uploads\/2017\/04\/cropped-1jojlxEOMkX9Wyqfhe43D6kjPOGqBBKmx3EwWJqZ0cMrFF54yM49.png\",\"contentUrl\":\"https:\/\/guineediversite.com\/wp-content\/uploads\/2017\/04\/cropped-1jojlxEOMkX9Wyqfhe43D6kjPOGqBBKmx3EwWJqZ0cMrFF54yM49.png\",\"width\":186,\"height\":112,\"caption\":\"Guin\u00e9e Diversit\u00e9\"},\"image\":{\"@id\":\"https:\/\/guineediversite.com\/#\/schema\/logo\/image\/\"},\"sameAs\":[\"https:\/\/www.facebook.com\/guineediversite\/\",\"https:\/\/x.com\/GuineeDiversite\",\"https:\/\/www.youtube.com\/channel\/UC8sUY16qelG5ge6_D5SB83g\"]},{\"@type\":\"Person\",\"@id\":\"https:\/\/guineediversite.com\/#\/schema\/person\/fa362494c47202ce4b3adf55abcc9d01\",\"name\":\"Morcire Camara\",\"image\":{\"@type\":\"ImageObject\",\"inLanguage\":\"fr-FR\",\"@id\":\"https:\/\/guineediversite.com\/#\/schema\/person\/image\/\",\"url\":\"https:\/\/secure.gravatar.com\/avatar\/3ec324f02295bbcebe03d99b39330ab4?s=96&d=mm&r=g\",\"contentUrl\":\"https:\/\/secure.gravatar.com\/avatar\/3ec324f02295bbcebe03d99b39330ab4?s=96&d=mm&r=g\",\"caption\":\"Morcire Camara\"},\"url\":\"https:\/\/guineediversite.com\/index.php\/author\/morcire\/\"}]}<\/script>\n<!-- \/ Yoast SEO plugin. -->","yoast_head_json":{"title":"\u00c9lections \u00e0 la FEGUIFOOT: M .Thierno Saidou Diakit\u00e9 tacle les membres statutaires | Guin\u00e9e Diversit\u00e9","robots":{"index":"index","follow":"follow","max-snippet":"max-snippet:-1","max-image-preview":"max-image-preview:large","max-video-preview":"max-video-preview:-1"},"canonical":"https:\/\/guineediversite.com\/index.php\/2021\/03\/09\/elections-a-la-feguifoot-m-thierno-saidou-diakite-tacle-les-membres-statutaires\/","og_locale":"fr_FR","og_type":"article","og_title":"\u00c9lections \u00e0 la FEGUIFOOT: M .Thierno Saidou Diakit\u00e9 tacle les membres statutaires | Guin\u00e9e Diversit\u00e9","og_description":"Le consultant sportif M. Thierno Saidou Diakit\u00e9 a au cours d\u2019une conf\u00e9rence qu\u2019il a anim\u00e9e ce mardi 09 mars 2021, fait un balayage sur l\u2019actualit\u00e9 au sein de la FEGUIFOOT. Le consultant sportif a dans ses analyses, affirm\u00e9 qu\u2019il faut \u00e9viter de personnaliser les campagnes qui sont lanc\u00e9es dans le cadre de ces \u00e9lections. \u00ab [&hellip;]","og_url":"https:\/\/guineediversite.com\/index.php\/2021\/03\/09\/elections-a-la-feguifoot-m-thierno-saidou-diakite-tacle-les-membres-statutaires\/","og_site_name":"Guin\u00e9e Diversit\u00e9","article_publisher":"https:\/\/www.facebook.com\/guineediversite\/","article_published_time":"2021-03-09T18:11:51+00:00","og_image":[{"width":1000,"height":662,"url":"https:\/\/guineediversite.com\/wp-content\/uploads\/2021\/03\/WhatsApp-Image-2021-03-09-at-18.10.26.jpeg","type":"image\/jpeg"}],"author":"Morcire Camara","twitter_card":"summary_large_image","twitter_creator":"@GuineeDiversite","twitter_site":"@GuineeDiversite","twitter_misc":{"\u00c9crit par":"Morcire Camara","Dur\u00e9e de lecture estim\u00e9e":"1 minute"},"schema":{"@context":"https:\/\/schema.org","@graph":[{"@type":"Article","@id":"https:\/\/guineediversite.com\/index.php\/2021\/03\/09\/elections-a-la-feguifoot-m-thierno-saidou-diakite-tacle-les-membres-statutaires\/#article","isPartOf":{"@id":"https:\/\/guineediversite.com\/index.php\/2021\/03\/09\/elections-a-la-feguifoot-m-thierno-saidou-diakite-tacle-les-membres-statutaires\/"},"author":{"name":"Morcire Camara","@id":"https:\/\/guineediversite.com\/#\/schema\/person\/fa362494c47202ce4b3adf55abcc9d01"},"headline":"\u00c9lections \u00e0 la FEGUIFOOT: M .Thierno Saidou Diakit\u00e9 tacle les membres statutaires","datePublished":"2021-03-09T18:11:51+00:00","dateModified":"2021-03-09T18:11:51+00:00","mainEntityOfPage":{"@id":"https:\/\/guineediversite.com\/index.php\/2021\/03\/09\/elections-a-la-feguifoot-m-thierno-saidou-diakite-tacle-les-membres-statutaires\/"},"wordCount":238,"publisher":{"@id":"https:\/\/guineediversite.com\/#organization"},"image":{"@id":"https:\/\/guineediversite.com\/index.php\/2021\/03\/09\/elections-a-la-feguifoot-m-thierno-saidou-diakite-tacle-les-membres-statutaires\/#primaryimage"},"thumbnailUrl":"https:\/\/guineediversite.com\/wp-content\/uploads\/2021\/03\/WhatsApp-Image-2021-03-09-at-18.10.26.jpeg","articleSection":["Derni\u00e8re minute","Sport"],"inLanguage":"fr-FR"},{"@type":"WebPage","@id":"https:\/\/guineediversite.com\/index.php\/2021\/03\/09\/elections-a-la-feguifoot-m-thierno-saidou-diakite-tacle-les-membres-statutaires\/","url":"https:\/\/guineediversite.com\/index.php\/2021\/03\/09\/elections-a-la-feguifoot-m-thierno-saidou-diakite-tacle-les-membres-statutaires\/","name":"\u00c9lections \u00e0 la FEGUIFOOT: M .Thierno Saidou Diakit\u00e9 tacle les membres statutaires | Guin\u00e9e Diversit\u00e9","isPartOf":{"@id":"https:\/\/guineediversite.com\/#website"},"primaryImageOfPage":{"@id":"https:\/\/guineediversite.com\/index.php\/2021\/03\/09\/elections-a-la-feguifoot-m-thierno-saidou-diakite-tacle-les-membres-statutaires\/#primaryimage"},"image":{"@id":"https:\/\/guineediversite.com\/index.php\/2021\/03\/09\/elections-a-la-feguifoot-m-thierno-saidou-diakite-tacle-les-membres-statutaires\/#primaryimage"},"thumbnailUrl":"https:\/\/guineediversite.com\/wp-content\/uploads\/2021\/03\/WhatsApp-Image-2021-03-09-at-18.10.26.jpeg","datePublished":"2021-03-09T18:11:51+00:00","dateModified":"2021-03-09T18:11:51+00:00","breadcrumb":{"@id":"https:\/\/guineediversite.com\/index.php\/2021\/03\/09\/elections-a-la-feguifoot-m-thierno-saidou-diakite-tacle-les-membres-statutaires\/#breadcrumb"},"inLanguage":"fr-FR","potentialAction":[{"@type":"ReadAction","target":["https:\/\/guineediversite.com\/index.php\/2021\/03\/09\/elections-a-la-feguifoot-m-thierno-saidou-diakite-tacle-les-membres-statutaires\/"]}]},{"@type":"ImageObject","inLanguage":"fr-FR","@id":"https:\/\/guineediversite.com\/index.php\/2021\/03\/09\/elections-a-la-feguifoot-m-thierno-saidou-diakite-tacle-les-membres-statutaires\/#primaryimage","url":"https:\/\/guineediversite.com\/wp-content\/uploads\/2021\/03\/WhatsApp-Image-2021-03-09-at-18.10.26.jpeg","contentUrl":"https:\/\/guineediversite.com\/wp-content\/uploads\/2021\/03\/WhatsApp-Image-2021-03-09-at-18.10.26.jpeg","width":1000,"height":662},{"@type":"BreadcrumbList","@id":"https:\/\/guineediversite.com\/index.php\/2021\/03\/09\/elections-a-la-feguifoot-m-thierno-saidou-diakite-tacle-les-membres-statutaires\/#breadcrumb","itemListElement":[{"@type":"ListItem","position":1,"name":"Accueil","item":"https:\/\/guineediversite.com\/"},{"@type":"ListItem","position":2,"name":"\u00c9lections \u00e0 la FEGUIFOOT: M .Thierno Saidou Diakit\u00e9 tacle les membres statutaires"}]},{"@type":"WebSite","@id":"https:\/\/guineediversite.com\/#website","url":"https:\/\/guineediversite.com\/","name":"Guin\u00e9e Diversit\u00e9","description":"L&#039;Info dans toute sa diversit\u00e9","publisher":{"@id":"https:\/\/guineediversite.com\/#organization"},"potentialAction":[{"@type":"SearchAction","target":{"@type":"EntryPoint","urlTemplate":"https:\/\/guineediversite.com\/?s={search_term_string}"},"query-input":{"@type":"PropertyValueSpecification","valueRequired":true,"valueName":"search_term_string"}}],"inLanguage":"fr-FR"},{"@type":"Organization","@id":"https:\/\/guineediversite.com\/#organization","name":"Guin\u00e9e Diversit\u00e9","url":"https:\/\/guineediversite.com\/","logo":{"@type":"ImageObject","inLanguage":"fr-FR","@id":"https:\/\/guineediversite.com\/#\/schema\/logo\/image\/","url":"https:\/\/guineediversite.com\/wp-content\/uploads\/2017\/04\/cropped-1jojlxEOMkX9Wyqfhe43D6kjPOGqBBKmx3EwWJqZ0cMrFF54yM49.png","contentUrl":"https:\/\/guineediversite.com\/wp-content\/uploads\/2017\/04\/cropped-1jojlxEOMkX9Wyqfhe43D6kjPOGqBBKmx3EwWJqZ0cMrFF54yM49.png","width":186,"height":112,"caption":"Guin\u00e9e Diversit\u00e9"},"image":{"@id":"https:\/\/guineediversite.com\/#\/schema\/logo\/image\/"},"sameAs":["https:\/\/www.facebook.com\/guineediversite\/","https:\/\/x.com\/GuineeDiversite","https:\/\/www.youtube.com\/channel\/UC8sUY16qelG5ge6_D5SB83g"]},{"@type":"Person","@id":"https:\/\/guineediversite.com\/#\/schema\/person\/fa362494c47202ce4b3adf55abcc9d01","name":"Morcire Camara","image":{"@type":"ImageObject","inLanguage":"fr-FR","@id":"https:\/\/guineediversite.com\/#\/schema\/person\/image\/","url":"https:\/\/secure.gravatar.com\/avatar\/3ec324f02295bbcebe03d99b39330ab4?s=96&d=mm&r=g","contentUrl":"https:\/\/secure.gravatar.com\/avatar\/3ec324f02295bbcebe03d99b39330ab4?s=96&d=mm&r=g","caption":"Morcire Camara"},"url":"https:\/\/guineediversite.com\/index.php\/author\/morcire\/"}]}},"_links":{"self":[{"href":"https:\/\/guineediversite.com\/index.php\/wp-json\/wp\/v2\/posts\/30898"}],"collection":[{"href":"https:\/\/guineediversite.com\/index.php\/wp-json\/wp\/v2\/posts"}],"about":[{"href":"https:\/\/guineediversite.com\/index.php\/wp-json\/wp\/v2\/types\/post"}],"author":[{"embeddable":true,"href":"https:\/\/guineediversite.com\/index.php\/wp-json\/wp\/v2\/users\/10"}],"replies":[{"embeddable":true,"href":"https:\/\/guineediversite.com\/index.php\/wp-json\/wp\/v2\/comments?post=30898"}],"version-history":[{"count":1,"href":"https:\/\/guineediversite.com\/index.php\/wp-json\/wp\/v2\/posts\/30898\/revisions"}],"predecessor-version":[{"id":30900,"href":"https:\/\/guineediversite.com\/index.php\/wp-json\/wp\/v2\/posts\/30898\/revisions\/30900"}],"wp:featuredmedia":[{"embeddable":true,"href":"https:\/\/guineediversite.com\/index.php\/wp-json\/wp\/v2\/media\/30899"}],"wp:attachment":[{"href":"https:\/\/guineediversite.com\/index.php\/wp-json\/wp\/v2\/media?parent=30898"}],"wp:term":[{"taxonomy":"category","embeddable":true,"href":"https:\/\/guineediversite.com\/index.php\/wp-json\/wp\/v2\/categories?post=30898"},{"taxonomy":"post_tag","embeddable":true,"href":"https:\/\/guineediversite.com\/index.php\/wp-json\/wp\/v2\/tags?post=30898"}],"curies":[{"name":"wp","href":"https:\/\/api.w.org\/{rel}","templated":true}]}}