{"id":30889,"date":"2021-03-08T17:44:27","date_gmt":"2021-03-08T16:44:27","guid":{"rendered":"https:\/\/guineediversite.com\/?p=30889"},"modified":"2021-03-08T17:44:27","modified_gmt":"2021-03-08T16:44:27","slug":"les-femmes-reclament-leur-place-dans-la-politique","status":"publish","type":"post","link":"https:\/\/guineediversite.com\/index.php\/2021\/03\/08\/les-femmes-reclament-leur-place-dans-la-politique\/","title":{"rendered":"Les femmes r\u00e9clament leur place dans la politique"},"content":{"rendered":"<p>L\u2019ONG <strong>Entreprendre Ensemble<\/strong> et la structure <strong>Pas Sans Elle<\/strong> ont conjointement anim\u00e9 ce lundi 08 mars 2021 une conf\u00e9rence de presse, sous le th\u00e8me \u00ab l<em>a place et le r\u00f4le des femmes dans la 4\u00e8me R\u00e9publique<\/em> \u00bb.<\/p>\n<p>La structure pas Sans Elle est n\u00e9e en 2018, par le fait d&rsquo;une consternation, suite au taux de repr\u00e9sentativit\u00e9 des femmes dans le gouvernement en 2018. Elle s\u2019est ensuite fix\u00e9 pour mission principale de promouvoir les femmes dans les instances d\u00e9cisions. Pour cette ann\u00e9e, les dames ont \u00e9voqu\u00e9 objectifs qu&rsquo;elle s&rsquo;ait fix\u00e9e pour la p\u00e9riode allant du 8 mars 2021 au 8 mars 2022.<\/p>\n<p>Maimouna Diakhaby pr\u00e9sident de ladite structure a \u00e9num\u00e9r\u00e9 dans ces propos l\u2019une des luttes phares de cette organisation.<\/p>\n<p><em>\u00ab En politique, nous voudrions qu&rsquo;il y ait plus de femmes dans les instances de d\u00e9cisions (gouvernement, assembl\u00e9e, les partis politiques&#8230;)&#8230; Nous faisons une proposition qui si\u00e9e de mettre en place un organe qui va r\u00e9unir toutes les parties prenantes et qui va permettre de faire un rappel \u00e0 chaque fois qu&rsquo;il y a \u00e9lection ou nomination, sur la loi sur la parit\u00e9 inscrite dans constitution. Cet organe permettra \u00e9galement de mettre en place un vivier de CV qui va permettre aux d\u00e9cideurs de trouver des femmes qui sont comp\u00e9tentes<\/em> \u00bb, a-t-elle d\u00e9clar\u00e9.<\/p>\n<p>loin, elle poursuit : \u00ab <em>l&rsquo;objectif de <strong>Pas Sans Elle <\/strong>c&rsquo;est vraiment d&rsquo;outiller maintenant des femmes parce qu&rsquo;on se rend compte qu&rsquo;elles existent, mais il y a toujours une difficult\u00e9 pour elles d&rsquo;acc\u00e9der aux postes de d\u00e9cisions\u00a0<\/em>\u00bb, pr\u00e9cise \u2013t-elle.<\/p>\n<p><strong>Pas Sans Elles<\/strong> et <strong>Entreprendre Ensemble<\/strong> comptent \u00e9galement accompagner les femmes \u00e0 s&rsquo;int\u00e9resser au domaine de la science et la technique; am\u00e9liorer l&rsquo;acc\u00e8s des femmes dans les conseils d&rsquo;administration et \u00e0 l&rsquo;administration des march\u00e9s.<\/p>\n<p>&nbsp;<\/p>\n","protected":false},"excerpt":{"rendered":"<p>L\u2019ONG Entreprendre Ensemble et la structure Pas Sans Elle ont conjointement anim\u00e9 ce lundi 08 mars 2021 une conf\u00e9rence de presse, sous le th\u00e8me \u00ab la place et le r\u00f4le des femmes dans la 4\u00e8me R\u00e9publique \u00bb. La structure pas Sans Elle est n\u00e9e en 2018, par le fait d&rsquo;une consternation, suite au taux de [&hellip;]<\/p>\n","protected":false},"author":10,"featured_media":30890,"comment_status":"closed","ping_status":"open","sticky":false,"template":"","format":"standard","meta":{"_exactmetrics_skip_tracking":false,"_exactmetrics_sitenote_active":false,"_exactmetrics_sitenote_note":"","_exactmetrics_sitenote_category":0,"tdm_status":"","tdm_grid_status":"","footnotes":""},"categories":[16],"tags":[],"class_list":{"0":"post-30889","1":"post","2":"type-post","3":"status-publish","4":"format-standard","5":"has-post-thumbnail","7":"category-societe"},"yoast_head":"<!-- This site is optimized with the Yoast SEO plugin v24.2 - https:\/\/yoast.com\/wordpress\/plugins\/seo\/ -->\n<title>Les femmes r\u00e9clament leur place dans la politique | Guin\u00e9e Diversit\u00e9<\/title>\n<meta name=\"robots\" content=\"index, follow, max-snippet:-1, max-image-preview:large, max-video-preview:-1\" \/>\n<link rel=\"canonical\" href=\"https:\/\/guineediversite.com\/index.php\/2021\/03\/08\/les-femmes-reclament-leur-place-dans-la-politique\/\" \/>\n<meta property=\"og:locale\" content=\"fr_FR\" \/>\n<meta property=\"og:type\" content=\"article\" \/>\n<meta property=\"og:title\" content=\"Les femmes r\u00e9clament leur place dans la politique | Guin\u00e9e Diversit\u00e9\" \/>\n<meta property=\"og:description\" content=\"L\u2019ONG Entreprendre Ensemble et la structure Pas Sans Elle ont conjointement anim\u00e9 ce lundi 08 mars 2021 une conf\u00e9rence de presse, sous le th\u00e8me \u00ab la place et le r\u00f4le des femmes dans la 4\u00e8me R\u00e9publique \u00bb. La structure pas Sans Elle est n\u00e9e en 2018, par le fait d&rsquo;une consternation, suite au taux de [&hellip;]\" \/>\n<meta property=\"og:url\" content=\"https:\/\/guineediversite.com\/index.php\/2021\/03\/08\/les-femmes-reclament-leur-place-dans-la-politique\/\" \/>\n<meta property=\"og:site_name\" content=\"Guin\u00e9e Diversit\u00e9\" \/>\n<meta property=\"article:publisher\" content=\"https:\/\/www.facebook.com\/guineediversite\/\" \/>\n<meta property=\"article:published_time\" content=\"2021-03-08T16:44:27+00:00\" \/>\n<meta property=\"og:image\" content=\"https:\/\/guineediversite.com\/wp-content\/uploads\/2021\/03\/20210308_114032-scaled.jpg\" \/>\n\t<meta property=\"og:image:width\" content=\"2560\" \/>\n\t<meta property=\"og:image:height\" content=\"1440\" \/>\n\t<meta property=\"og:image:type\" content=\"image\/jpeg\" \/>\n<meta name=\"author\" content=\"Morcire Camara\" \/>\n<meta name=\"twitter:card\" content=\"summary_large_image\" \/>\n<meta name=\"twitter:creator\" content=\"@GuineeDiversite\" \/>\n<meta name=\"twitter:site\" content=\"@GuineeDiversite\" \/>\n<meta name=\"twitter:label1\" content=\"\u00c9crit par\" \/>\n\t<meta name=\"twitter:data1\" content=\"Morcire Camara\" \/>\n\t<meta name=\"twitter:label2\" content=\"Dur\u00e9e de lecture estim\u00e9e\" \/>\n\t<meta name=\"twitter:data2\" content=\"1 minute\" \/>\n<script type=\"application\/ld+json\" class=\"yoast-schema-graph\">{\"@context\":\"https:\/\/schema.org\",\"@graph\":[{\"@type\":\"Article\",\"@id\":\"https:\/\/guineediversite.com\/index.php\/2021\/03\/08\/les-femmes-reclament-leur-place-dans-la-politique\/#article\",\"isPartOf\":{\"@id\":\"https:\/\/guineediversite.com\/index.php\/2021\/03\/08\/les-femmes-reclament-leur-place-dans-la-politique\/\"},\"author\":{\"name\":\"Morcire Camara\",\"@id\":\"https:\/\/guineediversite.com\/#\/schema\/person\/fa362494c47202ce4b3adf55abcc9d01\"},\"headline\":\"Les femmes r\u00e9clament leur place dans la politique\",\"datePublished\":\"2021-03-08T16:44:27+00:00\",\"dateModified\":\"2021-03-08T16:44:27+00:00\",\"mainEntityOfPage\":{\"@id\":\"https:\/\/guineediversite.com\/index.php\/2021\/03\/08\/les-femmes-reclament-leur-place-dans-la-politique\/\"},\"wordCount\":322,\"publisher\":{\"@id\":\"https:\/\/guineediversite.com\/#organization\"},\"image\":{\"@id\":\"https:\/\/guineediversite.com\/index.php\/2021\/03\/08\/les-femmes-reclament-leur-place-dans-la-politique\/#primaryimage\"},\"thumbnailUrl\":\"https:\/\/guineediversite.com\/wp-content\/uploads\/2021\/03\/20210308_114032-scaled.jpg\",\"articleSection\":[\"Soci\u00e9t\u00e9\"],\"inLanguage\":\"fr-FR\"},{\"@type\":\"WebPage\",\"@id\":\"https:\/\/guineediversite.com\/index.php\/2021\/03\/08\/les-femmes-reclament-leur-place-dans-la-politique\/\",\"url\":\"https:\/\/guineediversite.com\/index.php\/2021\/03\/08\/les-femmes-reclament-leur-place-dans-la-politique\/\",\"name\":\"Les femmes r\u00e9clament leur place dans la politique | Guin\u00e9e Diversit\u00e9\",\"isPartOf\":{\"@id\":\"https:\/\/guineediversite.com\/#website\"},\"primaryImageOfPage\":{\"@id\":\"https:\/\/guineediversite.com\/index.php\/2021\/03\/08\/les-femmes-reclament-leur-place-dans-la-politique\/#primaryimage\"},\"image\":{\"@id\":\"https:\/\/guineediversite.com\/index.php\/2021\/03\/08\/les-femmes-reclament-leur-place-dans-la-politique\/#primaryimage\"},\"thumbnailUrl\":\"https:\/\/guineediversite.com\/wp-content\/uploads\/2021\/03\/20210308_114032-scaled.jpg\",\"datePublished\":\"2021-03-08T16:44:27+00:00\",\"dateModified\":\"2021-03-08T16:44:27+00:00\",\"breadcrumb\":{\"@id\":\"https:\/\/guineediversite.com\/index.php\/2021\/03\/08\/les-femmes-reclament-leur-place-dans-la-politique\/#breadcrumb\"},\"inLanguage\":\"fr-FR\",\"potentialAction\":[{\"@type\":\"ReadAction\",\"target\":[\"https:\/\/guineediversite.com\/index.php\/2021\/03\/08\/les-femmes-reclament-leur-place-dans-la-politique\/\"]}]},{\"@type\":\"ImageObject\",\"inLanguage\":\"fr-FR\",\"@id\":\"https:\/\/guineediversite.com\/index.php\/2021\/03\/08\/les-femmes-reclament-leur-place-dans-la-politique\/#primaryimage\",\"url\":\"https:\/\/guineediversite.com\/wp-content\/uploads\/2021\/03\/20210308_114032-scaled.jpg\",\"contentUrl\":\"https:\/\/guineediversite.com\/wp-content\/uploads\/2021\/03\/20210308_114032-scaled.jpg\",\"width\":2560,\"height\":1440},{\"@type\":\"BreadcrumbList\",\"@id\":\"https:\/\/guineediversite.com\/index.php\/2021\/03\/08\/les-femmes-reclament-leur-place-dans-la-politique\/#breadcrumb\",\"itemListElement\":[{\"@type\":\"ListItem\",\"position\":1,\"name\":\"Accueil\",\"item\":\"https:\/\/guineediversite.com\/\"},{\"@type\":\"ListItem\",\"position\":2,\"name\":\"Les femmes r\u00e9clament leur place dans la politique\"}]},{\"@type\":\"WebSite\",\"@id\":\"https:\/\/guineediversite.com\/#website\",\"url\":\"https:\/\/guineediversite.com\/\",\"name\":\"Guin\u00e9e Diversit\u00e9\",\"description\":\"L&#039;Info dans toute sa diversit\u00e9\",\"publisher\":{\"@id\":\"https:\/\/guineediversite.com\/#organization\"},\"potentialAction\":[{\"@type\":\"SearchAction\",\"target\":{\"@type\":\"EntryPoint\",\"urlTemplate\":\"https:\/\/guineediversite.com\/?s={search_term_string}\"},\"query-input\":{\"@type\":\"PropertyValueSpecification\",\"valueRequired\":true,\"valueName\":\"search_term_string\"}}],\"inLanguage\":\"fr-FR\"},{\"@type\":\"Organization\",\"@id\":\"https:\/\/guineediversite.com\/#organization\",\"name\":\"Guin\u00e9e Diversit\u00e9\",\"url\":\"https:\/\/guineediversite.com\/\",\"logo\":{\"@type\":\"ImageObject\",\"inLanguage\":\"fr-FR\",\"@id\":\"https:\/\/guineediversite.com\/#\/schema\/logo\/image\/\",\"url\":\"https:\/\/guineediversite.com\/wp-content\/uploads\/2017\/04\/cropped-1jojlxEOMkX9Wyqfhe43D6kjPOGqBBKmx3EwWJqZ0cMrFF54yM49.png\",\"contentUrl\":\"https:\/\/guineediversite.com\/wp-content\/uploads\/2017\/04\/cropped-1jojlxEOMkX9Wyqfhe43D6kjPOGqBBKmx3EwWJqZ0cMrFF54yM49.png\",\"width\":186,\"height\":112,\"caption\":\"Guin\u00e9e Diversit\u00e9\"},\"image\":{\"@id\":\"https:\/\/guineediversite.com\/#\/schema\/logo\/image\/\"},\"sameAs\":[\"https:\/\/www.facebook.com\/guineediversite\/\",\"https:\/\/x.com\/GuineeDiversite\",\"https:\/\/www.youtube.com\/channel\/UC8sUY16qelG5ge6_D5SB83g\"]},{\"@type\":\"Person\",\"@id\":\"https:\/\/guineediversite.com\/#\/schema\/person\/fa362494c47202ce4b3adf55abcc9d01\",\"name\":\"Morcire Camara\",\"image\":{\"@type\":\"ImageObject\",\"inLanguage\":\"fr-FR\",\"@id\":\"https:\/\/guineediversite.com\/#\/schema\/person\/image\/\",\"url\":\"https:\/\/secure.gravatar.com\/avatar\/3ec324f02295bbcebe03d99b39330ab4?s=96&d=mm&r=g\",\"contentUrl\":\"https:\/\/secure.gravatar.com\/avatar\/3ec324f02295bbcebe03d99b39330ab4?s=96&d=mm&r=g\",\"caption\":\"Morcire Camara\"},\"url\":\"https:\/\/guineediversite.com\/index.php\/author\/morcire\/\"}]}<\/script>\n<!-- \/ Yoast SEO plugin. -->","yoast_head_json":{"title":"Les femmes r\u00e9clament leur place dans la politique | Guin\u00e9e Diversit\u00e9","robots":{"index":"index","follow":"follow","max-snippet":"max-snippet:-1","max-image-preview":"max-image-preview:large","max-video-preview":"max-video-preview:-1"},"canonical":"https:\/\/guineediversite.com\/index.php\/2021\/03\/08\/les-femmes-reclament-leur-place-dans-la-politique\/","og_locale":"fr_FR","og_type":"article","og_title":"Les femmes r\u00e9clament leur place dans la politique | Guin\u00e9e Diversit\u00e9","og_description":"L\u2019ONG Entreprendre Ensemble et la structure Pas Sans Elle ont conjointement anim\u00e9 ce lundi 08 mars 2021 une conf\u00e9rence de presse, sous le th\u00e8me \u00ab la place et le r\u00f4le des femmes dans la 4\u00e8me R\u00e9publique \u00bb. La structure pas Sans Elle est n\u00e9e en 2018, par le fait d&rsquo;une consternation, suite au taux de [&hellip;]","og_url":"https:\/\/guineediversite.com\/index.php\/2021\/03\/08\/les-femmes-reclament-leur-place-dans-la-politique\/","og_site_name":"Guin\u00e9e Diversit\u00e9","article_publisher":"https:\/\/www.facebook.com\/guineediversite\/","article_published_time":"2021-03-08T16:44:27+00:00","og_image":[{"width":2560,"height":1440,"url":"https:\/\/guineediversite.com\/wp-content\/uploads\/2021\/03\/20210308_114032-scaled.jpg","type":"image\/jpeg"}],"author":"Morcire Camara","twitter_card":"summary_large_image","twitter_creator":"@GuineeDiversite","twitter_site":"@GuineeDiversite","twitter_misc":{"\u00c9crit par":"Morcire Camara","Dur\u00e9e de lecture estim\u00e9e":"1 minute"},"schema":{"@context":"https:\/\/schema.org","@graph":[{"@type":"Article","@id":"https:\/\/guineediversite.com\/index.php\/2021\/03\/08\/les-femmes-reclament-leur-place-dans-la-politique\/#article","isPartOf":{"@id":"https:\/\/guineediversite.com\/index.php\/2021\/03\/08\/les-femmes-reclament-leur-place-dans-la-politique\/"},"author":{"name":"Morcire Camara","@id":"https:\/\/guineediversite.com\/#\/schema\/person\/fa362494c47202ce4b3adf55abcc9d01"},"headline":"Les femmes r\u00e9clament leur place dans la politique","datePublished":"2021-03-08T16:44:27+00:00","dateModified":"2021-03-08T16:44:27+00:00","mainEntityOfPage":{"@id":"https:\/\/guineediversite.com\/index.php\/2021\/03\/08\/les-femmes-reclament-leur-place-dans-la-politique\/"},"wordCount":322,"publisher":{"@id":"https:\/\/guineediversite.com\/#organization"},"image":{"@id":"https:\/\/guineediversite.com\/index.php\/2021\/03\/08\/les-femmes-reclament-leur-place-dans-la-politique\/#primaryimage"},"thumbnailUrl":"https:\/\/guineediversite.com\/wp-content\/uploads\/2021\/03\/20210308_114032-scaled.jpg","articleSection":["Soci\u00e9t\u00e9"],"inLanguage":"fr-FR"},{"@type":"WebPage","@id":"https:\/\/guineediversite.com\/index.php\/2021\/03\/08\/les-femmes-reclament-leur-place-dans-la-politique\/","url":"https:\/\/guineediversite.com\/index.php\/2021\/03\/08\/les-femmes-reclament-leur-place-dans-la-politique\/","name":"Les femmes r\u00e9clament leur place dans la politique | Guin\u00e9e Diversit\u00e9","isPartOf":{"@id":"https:\/\/guineediversite.com\/#website"},"primaryImageOfPage":{"@id":"https:\/\/guineediversite.com\/index.php\/2021\/03\/08\/les-femmes-reclament-leur-place-dans-la-politique\/#primaryimage"},"image":{"@id":"https:\/\/guineediversite.com\/index.php\/2021\/03\/08\/les-femmes-reclament-leur-place-dans-la-politique\/#primaryimage"},"thumbnailUrl":"https:\/\/guineediversite.com\/wp-content\/uploads\/2021\/03\/20210308_114032-scaled.jpg","datePublished":"2021-03-08T16:44:27+00:00","dateModified":"2021-03-08T16:44:27+00:00","breadcrumb":{"@id":"https:\/\/guineediversite.com\/index.php\/2021\/03\/08\/les-femmes-reclament-leur-place-dans-la-politique\/#breadcrumb"},"inLanguage":"fr-FR","potentialAction":[{"@type":"ReadAction","target":["https:\/\/guineediversite.com\/index.php\/2021\/03\/08\/les-femmes-reclament-leur-place-dans-la-politique\/"]}]},{"@type":"ImageObject","inLanguage":"fr-FR","@id":"https:\/\/guineediversite.com\/index.php\/2021\/03\/08\/les-femmes-reclament-leur-place-dans-la-politique\/#primaryimage","url":"https:\/\/guineediversite.com\/wp-content\/uploads\/2021\/03\/20210308_114032-scaled.jpg","contentUrl":"https:\/\/guineediversite.com\/wp-content\/uploads\/2021\/03\/20210308_114032-scaled.jpg","width":2560,"height":1440},{"@type":"BreadcrumbList","@id":"https:\/\/guineediversite.com\/index.php\/2021\/03\/08\/les-femmes-reclament-leur-place-dans-la-politique\/#breadcrumb","itemListElement":[{"@type":"ListItem","position":1,"name":"Accueil","item":"https:\/\/guineediversite.com\/"},{"@type":"ListItem","position":2,"name":"Les femmes r\u00e9clament leur place dans la politique"}]},{"@type":"WebSite","@id":"https:\/\/guineediversite.com\/#website","url":"https:\/\/guineediversite.com\/","name":"Guin\u00e9e Diversit\u00e9","description":"L&#039;Info dans toute sa diversit\u00e9","publisher":{"@id":"https:\/\/guineediversite.com\/#organization"},"potentialAction":[{"@type":"SearchAction","target":{"@type":"EntryPoint","urlTemplate":"https:\/\/guineediversite.com\/?s={search_term_string}"},"query-input":{"@type":"PropertyValueSpecification","valueRequired":true,"valueName":"search_term_string"}}],"inLanguage":"fr-FR"},{"@type":"Organization","@id":"https:\/\/guineediversite.com\/#organization","name":"Guin\u00e9e Diversit\u00e9","url":"https:\/\/guineediversite.com\/","logo":{"@type":"ImageObject","inLanguage":"fr-FR","@id":"https:\/\/guineediversite.com\/#\/schema\/logo\/image\/","url":"https:\/\/guineediversite.com\/wp-content\/uploads\/2017\/04\/cropped-1jojlxEOMkX9Wyqfhe43D6kjPOGqBBKmx3EwWJqZ0cMrFF54yM49.png","contentUrl":"https:\/\/guineediversite.com\/wp-content\/uploads\/2017\/04\/cropped-1jojlxEOMkX9Wyqfhe43D6kjPOGqBBKmx3EwWJqZ0cMrFF54yM49.png","width":186,"height":112,"caption":"Guin\u00e9e Diversit\u00e9"},"image":{"@id":"https:\/\/guineediversite.com\/#\/schema\/logo\/image\/"},"sameAs":["https:\/\/www.facebook.com\/guineediversite\/","https:\/\/x.com\/GuineeDiversite","https:\/\/www.youtube.com\/channel\/UC8sUY16qelG5ge6_D5SB83g"]},{"@type":"Person","@id":"https:\/\/guineediversite.com\/#\/schema\/person\/fa362494c47202ce4b3adf55abcc9d01","name":"Morcire Camara","image":{"@type":"ImageObject","inLanguage":"fr-FR","@id":"https:\/\/guineediversite.com\/#\/schema\/person\/image\/","url":"https:\/\/secure.gravatar.com\/avatar\/3ec324f02295bbcebe03d99b39330ab4?s=96&d=mm&r=g","contentUrl":"https:\/\/secure.gravatar.com\/avatar\/3ec324f02295bbcebe03d99b39330ab4?s=96&d=mm&r=g","caption":"Morcire Camara"},"url":"https:\/\/guineediversite.com\/index.php\/author\/morcire\/"}]}},"_links":{"self":[{"href":"https:\/\/guineediversite.com\/index.php\/wp-json\/wp\/v2\/posts\/30889"}],"collection":[{"href":"https:\/\/guineediversite.com\/index.php\/wp-json\/wp\/v2\/posts"}],"about":[{"href":"https:\/\/guineediversite.com\/index.php\/wp-json\/wp\/v2\/types\/post"}],"author":[{"embeddable":true,"href":"https:\/\/guineediversite.com\/index.php\/wp-json\/wp\/v2\/users\/10"}],"replies":[{"embeddable":true,"href":"https:\/\/guineediversite.com\/index.php\/wp-json\/wp\/v2\/comments?post=30889"}],"version-history":[{"count":1,"href":"https:\/\/guineediversite.com\/index.php\/wp-json\/wp\/v2\/posts\/30889\/revisions"}],"predecessor-version":[{"id":30891,"href":"https:\/\/guineediversite.com\/index.php\/wp-json\/wp\/v2\/posts\/30889\/revisions\/30891"}],"wp:featuredmedia":[{"embeddable":true,"href":"https:\/\/guineediversite.com\/index.php\/wp-json\/wp\/v2\/media\/30890"}],"wp:attachment":[{"href":"https:\/\/guineediversite.com\/index.php\/wp-json\/wp\/v2\/media?parent=30889"}],"wp:term":[{"taxonomy":"category","embeddable":true,"href":"https:\/\/guineediversite.com\/index.php\/wp-json\/wp\/v2\/categories?post=30889"},{"taxonomy":"post_tag","embeddable":true,"href":"https:\/\/guineediversite.com\/index.php\/wp-json\/wp\/v2\/tags?post=30889"}],"curies":[{"name":"wp","href":"https:\/\/api.w.org\/{rel}","templated":true}]}}