{"id":30886,"date":"2021-03-08T17:04:26","date_gmt":"2021-03-08T16:04:26","guid":{"rendered":"https:\/\/guineediversite.com\/?p=30886"},"modified":"2021-03-08T17:04:26","modified_gmt":"2021-03-08T16:04:26","slug":"senegal-lopposant-ousmane-sonko-libere-mais-place-sous-controle-judiciaire","status":"publish","type":"post","link":"https:\/\/guineediversite.com\/index.php\/2021\/03\/08\/senegal-lopposant-ousmane-sonko-libere-mais-place-sous-controle-judiciaire\/","title":{"rendered":"S\u00e9n\u00e9gal: l&rsquo;opposant Ousmane Sonko lib\u00e9r\u00e9, mais plac\u00e9 sous contr\u00f4le judiciaire"},"content":{"rendered":"<p>La garde \u00e0 vue\u00a0d\u2019Ousmane Sonko pour troubles \u00e0 l\u2019ordre public a \u00e9t\u00e9 lev\u00e9e dimanche 7 mars au soir. Mais l\u2019opposant compara\u00eessait en cette fin de matin\u00e9e devant le juge d\u2019instruction pour r\u00e9pondre des accusations de viol avec menaces formul\u00e9es contre lui par une employ\u00e9e d\u2019un salon de massage. Ousmane Sonko a \u00e9t\u00e9 inculp\u00e9 et plac\u00e9 sous contr\u00f4le judiciaire.<\/p>\n<p>Depuis quelques minutes, au palais de justice de Dakar, on assiste \u00e0 des sc\u00e8nes surr\u00e9alistes. Des manifestants qui \u00e9taient rassembl\u00e9s aux abords du palais de justice depuis ce matin viennent de s\u2019avancer\u00a0en foule devant le palais de justice avec des drapeaux Rouge-Jaune-Vert en criant, en chantant. Une r\u00e9action juste apr\u00e8s l\u2019annonce de la d\u00e9cision du juge d\u2019inculper Ousmane Sonko mais de le placer en libert\u00e9 sous contr\u00f4le judiciaire. Il n&rsquo;est donc sous mandat de d\u00e9p\u00f4t, une autre option que pouvait prendre le juge d\u2019instruction qui avait convoqu\u00e9 ce matin Ousmane Sonko.<\/p>\n<p>Ousmane Sonko a \u00e9t\u00e9 conduit au Palais de justice aux alentours de 5 heures du matin, selon ses avocats qui se trouvaient \u00e9galement \u00e0 l\u2019int\u00e9rieur du tribunal. Ousmane Sonko doit donc faire face aux juges d\u2019instruction. Cette comparution \u00e9tait pr\u00e9vue \u00e0 11 heures TU. Cette d\u00e9cision \u00e9tait tr\u00e8s attendue dans un contexte de tensions. Avant, l&rsquo;annonce de la d\u00e9cision, un rassemblement se tenait aux abords du Palais de justice o\u00f9 l&rsquo;on entendait les clameurs, les cris, les chants et les slogans\u00a0: \u00ab<em>\u00a0Lib\u00e9rez Sonko\u00a0<\/em>\u00bb.<\/p>\n<p><strong>La tension descend d&rsquo;un cran \u00e0 Dakar<\/strong><\/p>\n<p>Apr\u00e8s l&rsquo;annonce de sa lib\u00e9ration et de son placement sous contr\u00f4le judiciaire, la tension est redescendue en ville dans la capitale. C\u2019est flagrant, la ville est vraiment sous tr\u00e8s haute s\u00e9curit\u00e9 avec des blind\u00e9s de l\u2019arm\u00e9e, notamment aux abords du palais pr\u00e9sidentiel. Cette foule est pour l\u2019instant bon enfant, c\u2019est calme. Par contre, des incidents ont \u00e9t\u00e9 signal\u00e9s ces derni\u00e8res heures dans certains quartiers comme les Parcelles d\u2019Assainies ou encore Colobane. Des \u00e9chauffour\u00e9es signal\u00e9es aussi \u00e0 l\u2019universit\u00e9 Cheikh-Anta-Diop.<\/p>\n<p>On va voir si cette d\u00e9cision du juge, cette mise sous contr\u00f4le judiciaire va pouvoir apaiser un peu les tensions, voir aussi si les appels au calme de ces derniers jours de responsables politiques, religieux, de diplomates ou encore de la Communaut\u00e9 \u00e9conomique des \u00c9tats d\u2019Afrique de l\u2019Ouest (C\u00e9d\u00e9ao) auront des effets salvateurs, on verra cela les prochaines heures.<\/p>\n<p><strong>RFI<\/strong><\/p>\n","protected":false},"excerpt":{"rendered":"<p>La garde \u00e0 vue\u00a0d\u2019Ousmane Sonko pour troubles \u00e0 l\u2019ordre public a \u00e9t\u00e9 lev\u00e9e dimanche 7 mars au soir. Mais l\u2019opposant compara\u00eessait en cette fin de matin\u00e9e devant le juge d\u2019instruction pour r\u00e9pondre des accusations de viol avec menaces formul\u00e9es contre lui par une employ\u00e9e d\u2019un salon de massage. Ousmane Sonko a \u00e9t\u00e9 inculp\u00e9 et plac\u00e9 [&hellip;]<\/p>\n","protected":false},"author":12,"featured_media":30887,"comment_status":"closed","ping_status":"open","sticky":false,"template":"","format":"standard","meta":{"_exactmetrics_skip_tracking":false,"_exactmetrics_sitenote_active":false,"_exactmetrics_sitenote_note":"","_exactmetrics_sitenote_category":0,"tdm_status":"","tdm_grid_status":"","footnotes":""},"categories":[254,21],"tags":[],"class_list":{"0":"post-30886","1":"post","2":"type-post","3":"status-publish","4":"format-standard","5":"has-post-thumbnail","7":"category-derniere-minute","8":"category-international"},"yoast_head":"<!-- This site is optimized with the Yoast SEO plugin v24.2 - https:\/\/yoast.com\/wordpress\/plugins\/seo\/ -->\n<title>S\u00e9n\u00e9gal: l&#039;opposant Ousmane Sonko lib\u00e9r\u00e9, mais plac\u00e9 sous contr\u00f4le judiciaire | Guin\u00e9e Diversit\u00e9<\/title>\n<meta name=\"robots\" content=\"index, follow, max-snippet:-1, max-image-preview:large, max-video-preview:-1\" \/>\n<link rel=\"canonical\" href=\"https:\/\/guineediversite.com\/index.php\/2021\/03\/08\/senegal-lopposant-ousmane-sonko-libere-mais-place-sous-controle-judiciaire\/\" \/>\n<meta property=\"og:locale\" content=\"fr_FR\" \/>\n<meta property=\"og:type\" content=\"article\" \/>\n<meta property=\"og:title\" content=\"S\u00e9n\u00e9gal: l&#039;opposant Ousmane Sonko lib\u00e9r\u00e9, mais plac\u00e9 sous contr\u00f4le judiciaire | Guin\u00e9e Diversit\u00e9\" \/>\n<meta property=\"og:description\" content=\"La garde \u00e0 vue\u00a0d\u2019Ousmane Sonko pour troubles \u00e0 l\u2019ordre public a \u00e9t\u00e9 lev\u00e9e dimanche 7 mars au soir. Mais l\u2019opposant compara\u00eessait en cette fin de matin\u00e9e devant le juge d\u2019instruction pour r\u00e9pondre des accusations de viol avec menaces formul\u00e9es contre lui par une employ\u00e9e d\u2019un salon de massage. Ousmane Sonko a \u00e9t\u00e9 inculp\u00e9 et plac\u00e9 [&hellip;]\" \/>\n<meta property=\"og:url\" content=\"https:\/\/guineediversite.com\/index.php\/2021\/03\/08\/senegal-lopposant-ousmane-sonko-libere-mais-place-sous-controle-judiciaire\/\" \/>\n<meta property=\"og:site_name\" content=\"Guin\u00e9e Diversit\u00e9\" \/>\n<meta property=\"article:publisher\" content=\"https:\/\/www.facebook.com\/guineediversite\/\" \/>\n<meta property=\"article:published_time\" content=\"2021-03-08T16:04:26+00:00\" \/>\n<meta property=\"og:image\" content=\"https:\/\/guineediversite.com\/wp-content\/uploads\/2021\/03\/lopposant-Ousmane-Sonko-libere-mais-place-sous-controle-judiciaire.jpg\" \/>\n\t<meta property=\"og:image:width\" content=\"1500\" \/>\n\t<meta property=\"og:image:height\" content=\"840\" \/>\n\t<meta property=\"og:image:type\" content=\"image\/jpeg\" \/>\n<meta name=\"author\" content=\"Guin\u00e9e Diversit\u00e9\" \/>\n<meta name=\"twitter:card\" content=\"summary_large_image\" \/>\n<meta name=\"twitter:creator\" content=\"@GuineeDiversite\" \/>\n<meta name=\"twitter:site\" content=\"@GuineeDiversite\" \/>\n<meta name=\"twitter:label1\" content=\"\u00c9crit par\" \/>\n\t<meta name=\"twitter:data1\" content=\"Guin\u00e9e Diversit\u00e9\" \/>\n\t<meta name=\"twitter:label2\" content=\"Dur\u00e9e de lecture estim\u00e9e\" \/>\n\t<meta name=\"twitter:data2\" content=\"2 minutes\" \/>\n<script type=\"application\/ld+json\" class=\"yoast-schema-graph\">{\"@context\":\"https:\/\/schema.org\",\"@graph\":[{\"@type\":\"Article\",\"@id\":\"https:\/\/guineediversite.com\/index.php\/2021\/03\/08\/senegal-lopposant-ousmane-sonko-libere-mais-place-sous-controle-judiciaire\/#article\",\"isPartOf\":{\"@id\":\"https:\/\/guineediversite.com\/index.php\/2021\/03\/08\/senegal-lopposant-ousmane-sonko-libere-mais-place-sous-controle-judiciaire\/\"},\"author\":{\"name\":\"Guin\u00e9e Diversit\u00e9\",\"@id\":\"https:\/\/guineediversite.com\/#\/schema\/person\/afa08fb34e7fc6e1feafc892612bc836\"},\"headline\":\"S\u00e9n\u00e9gal: l&rsquo;opposant Ousmane Sonko lib\u00e9r\u00e9, mais plac\u00e9 sous contr\u00f4le judiciaire\",\"datePublished\":\"2021-03-08T16:04:26+00:00\",\"dateModified\":\"2021-03-08T16:04:26+00:00\",\"mainEntityOfPage\":{\"@id\":\"https:\/\/guineediversite.com\/index.php\/2021\/03\/08\/senegal-lopposant-ousmane-sonko-libere-mais-place-sous-controle-judiciaire\/\"},\"wordCount\":446,\"publisher\":{\"@id\":\"https:\/\/guineediversite.com\/#organization\"},\"image\":{\"@id\":\"https:\/\/guineediversite.com\/index.php\/2021\/03\/08\/senegal-lopposant-ousmane-sonko-libere-mais-place-sous-controle-judiciaire\/#primaryimage\"},\"thumbnailUrl\":\"https:\/\/guineediversite.com\/wp-content\/uploads\/2021\/03\/lopposant-Ousmane-Sonko-libere-mais-place-sous-controle-judiciaire.jpg\",\"articleSection\":[\"Derni\u00e8re minute\",\"International\"],\"inLanguage\":\"fr-FR\"},{\"@type\":\"WebPage\",\"@id\":\"https:\/\/guineediversite.com\/index.php\/2021\/03\/08\/senegal-lopposant-ousmane-sonko-libere-mais-place-sous-controle-judiciaire\/\",\"url\":\"https:\/\/guineediversite.com\/index.php\/2021\/03\/08\/senegal-lopposant-ousmane-sonko-libere-mais-place-sous-controle-judiciaire\/\",\"name\":\"S\u00e9n\u00e9gal: l'opposant Ousmane Sonko lib\u00e9r\u00e9, mais plac\u00e9 sous contr\u00f4le judiciaire | Guin\u00e9e Diversit\u00e9\",\"isPartOf\":{\"@id\":\"https:\/\/guineediversite.com\/#website\"},\"primaryImageOfPage\":{\"@id\":\"https:\/\/guineediversite.com\/index.php\/2021\/03\/08\/senegal-lopposant-ousmane-sonko-libere-mais-place-sous-controle-judiciaire\/#primaryimage\"},\"image\":{\"@id\":\"https:\/\/guineediversite.com\/index.php\/2021\/03\/08\/senegal-lopposant-ousmane-sonko-libere-mais-place-sous-controle-judiciaire\/#primaryimage\"},\"thumbnailUrl\":\"https:\/\/guineediversite.com\/wp-content\/uploads\/2021\/03\/lopposant-Ousmane-Sonko-libere-mais-place-sous-controle-judiciaire.jpg\",\"datePublished\":\"2021-03-08T16:04:26+00:00\",\"dateModified\":\"2021-03-08T16:04:26+00:00\",\"breadcrumb\":{\"@id\":\"https:\/\/guineediversite.com\/index.php\/2021\/03\/08\/senegal-lopposant-ousmane-sonko-libere-mais-place-sous-controle-judiciaire\/#breadcrumb\"},\"inLanguage\":\"fr-FR\",\"potentialAction\":[{\"@type\":\"ReadAction\",\"target\":[\"https:\/\/guineediversite.com\/index.php\/2021\/03\/08\/senegal-lopposant-ousmane-sonko-libere-mais-place-sous-controle-judiciaire\/\"]}]},{\"@type\":\"ImageObject\",\"inLanguage\":\"fr-FR\",\"@id\":\"https:\/\/guineediversite.com\/index.php\/2021\/03\/08\/senegal-lopposant-ousmane-sonko-libere-mais-place-sous-controle-judiciaire\/#primaryimage\",\"url\":\"https:\/\/guineediversite.com\/wp-content\/uploads\/2021\/03\/lopposant-Ousmane-Sonko-libere-mais-place-sous-controle-judiciaire.jpg\",\"contentUrl\":\"https:\/\/guineediversite.com\/wp-content\/uploads\/2021\/03\/lopposant-Ousmane-Sonko-libere-mais-place-sous-controle-judiciaire.jpg\",\"width\":1500,\"height\":840},{\"@type\":\"BreadcrumbList\",\"@id\":\"https:\/\/guineediversite.com\/index.php\/2021\/03\/08\/senegal-lopposant-ousmane-sonko-libere-mais-place-sous-controle-judiciaire\/#breadcrumb\",\"itemListElement\":[{\"@type\":\"ListItem\",\"position\":1,\"name\":\"Accueil\",\"item\":\"https:\/\/guineediversite.com\/\"},{\"@type\":\"ListItem\",\"position\":2,\"name\":\"S\u00e9n\u00e9gal: l&rsquo;opposant Ousmane Sonko lib\u00e9r\u00e9, mais plac\u00e9 sous contr\u00f4le judiciaire\"}]},{\"@type\":\"WebSite\",\"@id\":\"https:\/\/guineediversite.com\/#website\",\"url\":\"https:\/\/guineediversite.com\/\",\"name\":\"Guin\u00e9e Diversit\u00e9\",\"description\":\"L&#039;Info dans toute sa diversit\u00e9\",\"publisher\":{\"@id\":\"https:\/\/guineediversite.com\/#organization\"},\"potentialAction\":[{\"@type\":\"SearchAction\",\"target\":{\"@type\":\"EntryPoint\",\"urlTemplate\":\"https:\/\/guineediversite.com\/?s={search_term_string}\"},\"query-input\":{\"@type\":\"PropertyValueSpecification\",\"valueRequired\":true,\"valueName\":\"search_term_string\"}}],\"inLanguage\":\"fr-FR\"},{\"@type\":\"Organization\",\"@id\":\"https:\/\/guineediversite.com\/#organization\",\"name\":\"Guin\u00e9e Diversit\u00e9\",\"url\":\"https:\/\/guineediversite.com\/\",\"logo\":{\"@type\":\"ImageObject\",\"inLanguage\":\"fr-FR\",\"@id\":\"https:\/\/guineediversite.com\/#\/schema\/logo\/image\/\",\"url\":\"https:\/\/guineediversite.com\/wp-content\/uploads\/2017\/04\/cropped-1jojlxEOMkX9Wyqfhe43D6kjPOGqBBKmx3EwWJqZ0cMrFF54yM49.png\",\"contentUrl\":\"https:\/\/guineediversite.com\/wp-content\/uploads\/2017\/04\/cropped-1jojlxEOMkX9Wyqfhe43D6kjPOGqBBKmx3EwWJqZ0cMrFF54yM49.png\",\"width\":186,\"height\":112,\"caption\":\"Guin\u00e9e Diversit\u00e9\"},\"image\":{\"@id\":\"https:\/\/guineediversite.com\/#\/schema\/logo\/image\/\"},\"sameAs\":[\"https:\/\/www.facebook.com\/guineediversite\/\",\"https:\/\/x.com\/GuineeDiversite\",\"https:\/\/www.youtube.com\/channel\/UC8sUY16qelG5ge6_D5SB83g\"]},{\"@type\":\"Person\",\"@id\":\"https:\/\/guineediversite.com\/#\/schema\/person\/afa08fb34e7fc6e1feafc892612bc836\",\"name\":\"Guin\u00e9e Diversit\u00e9\",\"image\":{\"@type\":\"ImageObject\",\"inLanguage\":\"fr-FR\",\"@id\":\"https:\/\/guineediversite.com\/#\/schema\/person\/image\/\",\"url\":\"https:\/\/secure.gravatar.com\/avatar\/50d5eb5b390f8b65ac30ac6f898eb83a?s=96&d=mm&r=g\",\"contentUrl\":\"https:\/\/secure.gravatar.com\/avatar\/50d5eb5b390f8b65ac30ac6f898eb83a?s=96&d=mm&r=g\",\"caption\":\"Guin\u00e9e Diversit\u00e9\"},\"url\":\"https:\/\/guineediversite.com\/index.php\/author\/guineediversite\/\"}]}<\/script>\n<!-- \/ Yoast SEO plugin. -->","yoast_head_json":{"title":"S\u00e9n\u00e9gal: l'opposant Ousmane Sonko lib\u00e9r\u00e9, mais plac\u00e9 sous contr\u00f4le judiciaire | Guin\u00e9e Diversit\u00e9","robots":{"index":"index","follow":"follow","max-snippet":"max-snippet:-1","max-image-preview":"max-image-preview:large","max-video-preview":"max-video-preview:-1"},"canonical":"https:\/\/guineediversite.com\/index.php\/2021\/03\/08\/senegal-lopposant-ousmane-sonko-libere-mais-place-sous-controle-judiciaire\/","og_locale":"fr_FR","og_type":"article","og_title":"S\u00e9n\u00e9gal: l'opposant Ousmane Sonko lib\u00e9r\u00e9, mais plac\u00e9 sous contr\u00f4le judiciaire | Guin\u00e9e Diversit\u00e9","og_description":"La garde \u00e0 vue\u00a0d\u2019Ousmane Sonko pour troubles \u00e0 l\u2019ordre public a \u00e9t\u00e9 lev\u00e9e dimanche 7 mars au soir. Mais l\u2019opposant compara\u00eessait en cette fin de matin\u00e9e devant le juge d\u2019instruction pour r\u00e9pondre des accusations de viol avec menaces formul\u00e9es contre lui par une employ\u00e9e d\u2019un salon de massage. Ousmane Sonko a \u00e9t\u00e9 inculp\u00e9 et plac\u00e9 [&hellip;]","og_url":"https:\/\/guineediversite.com\/index.php\/2021\/03\/08\/senegal-lopposant-ousmane-sonko-libere-mais-place-sous-controle-judiciaire\/","og_site_name":"Guin\u00e9e Diversit\u00e9","article_publisher":"https:\/\/www.facebook.com\/guineediversite\/","article_published_time":"2021-03-08T16:04:26+00:00","og_image":[{"width":1500,"height":840,"url":"https:\/\/guineediversite.com\/wp-content\/uploads\/2021\/03\/lopposant-Ousmane-Sonko-libere-mais-place-sous-controle-judiciaire.jpg","type":"image\/jpeg"}],"author":"Guin\u00e9e Diversit\u00e9","twitter_card":"summary_large_image","twitter_creator":"@GuineeDiversite","twitter_site":"@GuineeDiversite","twitter_misc":{"\u00c9crit par":"Guin\u00e9e Diversit\u00e9","Dur\u00e9e de lecture estim\u00e9e":"2 minutes"},"schema":{"@context":"https:\/\/schema.org","@graph":[{"@type":"Article","@id":"https:\/\/guineediversite.com\/index.php\/2021\/03\/08\/senegal-lopposant-ousmane-sonko-libere-mais-place-sous-controle-judiciaire\/#article","isPartOf":{"@id":"https:\/\/guineediversite.com\/index.php\/2021\/03\/08\/senegal-lopposant-ousmane-sonko-libere-mais-place-sous-controle-judiciaire\/"},"author":{"name":"Guin\u00e9e Diversit\u00e9","@id":"https:\/\/guineediversite.com\/#\/schema\/person\/afa08fb34e7fc6e1feafc892612bc836"},"headline":"S\u00e9n\u00e9gal: l&rsquo;opposant Ousmane Sonko lib\u00e9r\u00e9, mais plac\u00e9 sous contr\u00f4le judiciaire","datePublished":"2021-03-08T16:04:26+00:00","dateModified":"2021-03-08T16:04:26+00:00","mainEntityOfPage":{"@id":"https:\/\/guineediversite.com\/index.php\/2021\/03\/08\/senegal-lopposant-ousmane-sonko-libere-mais-place-sous-controle-judiciaire\/"},"wordCount":446,"publisher":{"@id":"https:\/\/guineediversite.com\/#organization"},"image":{"@id":"https:\/\/guineediversite.com\/index.php\/2021\/03\/08\/senegal-lopposant-ousmane-sonko-libere-mais-place-sous-controle-judiciaire\/#primaryimage"},"thumbnailUrl":"https:\/\/guineediversite.com\/wp-content\/uploads\/2021\/03\/lopposant-Ousmane-Sonko-libere-mais-place-sous-controle-judiciaire.jpg","articleSection":["Derni\u00e8re minute","International"],"inLanguage":"fr-FR"},{"@type":"WebPage","@id":"https:\/\/guineediversite.com\/index.php\/2021\/03\/08\/senegal-lopposant-ousmane-sonko-libere-mais-place-sous-controle-judiciaire\/","url":"https:\/\/guineediversite.com\/index.php\/2021\/03\/08\/senegal-lopposant-ousmane-sonko-libere-mais-place-sous-controle-judiciaire\/","name":"S\u00e9n\u00e9gal: l'opposant Ousmane Sonko lib\u00e9r\u00e9, mais plac\u00e9 sous contr\u00f4le judiciaire | Guin\u00e9e Diversit\u00e9","isPartOf":{"@id":"https:\/\/guineediversite.com\/#website"},"primaryImageOfPage":{"@id":"https:\/\/guineediversite.com\/index.php\/2021\/03\/08\/senegal-lopposant-ousmane-sonko-libere-mais-place-sous-controle-judiciaire\/#primaryimage"},"image":{"@id":"https:\/\/guineediversite.com\/index.php\/2021\/03\/08\/senegal-lopposant-ousmane-sonko-libere-mais-place-sous-controle-judiciaire\/#primaryimage"},"thumbnailUrl":"https:\/\/guineediversite.com\/wp-content\/uploads\/2021\/03\/lopposant-Ousmane-Sonko-libere-mais-place-sous-controle-judiciaire.jpg","datePublished":"2021-03-08T16:04:26+00:00","dateModified":"2021-03-08T16:04:26+00:00","breadcrumb":{"@id":"https:\/\/guineediversite.com\/index.php\/2021\/03\/08\/senegal-lopposant-ousmane-sonko-libere-mais-place-sous-controle-judiciaire\/#breadcrumb"},"inLanguage":"fr-FR","potentialAction":[{"@type":"ReadAction","target":["https:\/\/guineediversite.com\/index.php\/2021\/03\/08\/senegal-lopposant-ousmane-sonko-libere-mais-place-sous-controle-judiciaire\/"]}]},{"@type":"ImageObject","inLanguage":"fr-FR","@id":"https:\/\/guineediversite.com\/index.php\/2021\/03\/08\/senegal-lopposant-ousmane-sonko-libere-mais-place-sous-controle-judiciaire\/#primaryimage","url":"https:\/\/guineediversite.com\/wp-content\/uploads\/2021\/03\/lopposant-Ousmane-Sonko-libere-mais-place-sous-controle-judiciaire.jpg","contentUrl":"https:\/\/guineediversite.com\/wp-content\/uploads\/2021\/03\/lopposant-Ousmane-Sonko-libere-mais-place-sous-controle-judiciaire.jpg","width":1500,"height":840},{"@type":"BreadcrumbList","@id":"https:\/\/guineediversite.com\/index.php\/2021\/03\/08\/senegal-lopposant-ousmane-sonko-libere-mais-place-sous-controle-judiciaire\/#breadcrumb","itemListElement":[{"@type":"ListItem","position":1,"name":"Accueil","item":"https:\/\/guineediversite.com\/"},{"@type":"ListItem","position":2,"name":"S\u00e9n\u00e9gal: l&rsquo;opposant Ousmane Sonko lib\u00e9r\u00e9, mais plac\u00e9 sous contr\u00f4le judiciaire"}]},{"@type":"WebSite","@id":"https:\/\/guineediversite.com\/#website","url":"https:\/\/guineediversite.com\/","name":"Guin\u00e9e Diversit\u00e9","description":"L&#039;Info dans toute sa diversit\u00e9","publisher":{"@id":"https:\/\/guineediversite.com\/#organization"},"potentialAction":[{"@type":"SearchAction","target":{"@type":"EntryPoint","urlTemplate":"https:\/\/guineediversite.com\/?s={search_term_string}"},"query-input":{"@type":"PropertyValueSpecification","valueRequired":true,"valueName":"search_term_string"}}],"inLanguage":"fr-FR"},{"@type":"Organization","@id":"https:\/\/guineediversite.com\/#organization","name":"Guin\u00e9e Diversit\u00e9","url":"https:\/\/guineediversite.com\/","logo":{"@type":"ImageObject","inLanguage":"fr-FR","@id":"https:\/\/guineediversite.com\/#\/schema\/logo\/image\/","url":"https:\/\/guineediversite.com\/wp-content\/uploads\/2017\/04\/cropped-1jojlxEOMkX9Wyqfhe43D6kjPOGqBBKmx3EwWJqZ0cMrFF54yM49.png","contentUrl":"https:\/\/guineediversite.com\/wp-content\/uploads\/2017\/04\/cropped-1jojlxEOMkX9Wyqfhe43D6kjPOGqBBKmx3EwWJqZ0cMrFF54yM49.png","width":186,"height":112,"caption":"Guin\u00e9e Diversit\u00e9"},"image":{"@id":"https:\/\/guineediversite.com\/#\/schema\/logo\/image\/"},"sameAs":["https:\/\/www.facebook.com\/guineediversite\/","https:\/\/x.com\/GuineeDiversite","https:\/\/www.youtube.com\/channel\/UC8sUY16qelG5ge6_D5SB83g"]},{"@type":"Person","@id":"https:\/\/guineediversite.com\/#\/schema\/person\/afa08fb34e7fc6e1feafc892612bc836","name":"Guin\u00e9e Diversit\u00e9","image":{"@type":"ImageObject","inLanguage":"fr-FR","@id":"https:\/\/guineediversite.com\/#\/schema\/person\/image\/","url":"https:\/\/secure.gravatar.com\/avatar\/50d5eb5b390f8b65ac30ac6f898eb83a?s=96&d=mm&r=g","contentUrl":"https:\/\/secure.gravatar.com\/avatar\/50d5eb5b390f8b65ac30ac6f898eb83a?s=96&d=mm&r=g","caption":"Guin\u00e9e Diversit\u00e9"},"url":"https:\/\/guineediversite.com\/index.php\/author\/guineediversite\/"}]}},"_links":{"self":[{"href":"https:\/\/guineediversite.com\/index.php\/wp-json\/wp\/v2\/posts\/30886"}],"collection":[{"href":"https:\/\/guineediversite.com\/index.php\/wp-json\/wp\/v2\/posts"}],"about":[{"href":"https:\/\/guineediversite.com\/index.php\/wp-json\/wp\/v2\/types\/post"}],"author":[{"embeddable":true,"href":"https:\/\/guineediversite.com\/index.php\/wp-json\/wp\/v2\/users\/12"}],"replies":[{"embeddable":true,"href":"https:\/\/guineediversite.com\/index.php\/wp-json\/wp\/v2\/comments?post=30886"}],"version-history":[{"count":1,"href":"https:\/\/guineediversite.com\/index.php\/wp-json\/wp\/v2\/posts\/30886\/revisions"}],"predecessor-version":[{"id":30888,"href":"https:\/\/guineediversite.com\/index.php\/wp-json\/wp\/v2\/posts\/30886\/revisions\/30888"}],"wp:featuredmedia":[{"embeddable":true,"href":"https:\/\/guineediversite.com\/index.php\/wp-json\/wp\/v2\/media\/30887"}],"wp:attachment":[{"href":"https:\/\/guineediversite.com\/index.php\/wp-json\/wp\/v2\/media?parent=30886"}],"wp:term":[{"taxonomy":"category","embeddable":true,"href":"https:\/\/guineediversite.com\/index.php\/wp-json\/wp\/v2\/categories?post=30886"},{"taxonomy":"post_tag","embeddable":true,"href":"https:\/\/guineediversite.com\/index.php\/wp-json\/wp\/v2\/tags?post=30886"}],"curies":[{"name":"wp","href":"https:\/\/api.w.org\/{rel}","templated":true}]}}