{"id":30883,"date":"2021-03-08T16:58:43","date_gmt":"2021-03-08T15:58:43","guid":{"rendered":"https:\/\/guineediversite.com\/?p=30883"},"modified":"2021-03-08T16:58:43","modified_gmt":"2021-03-08T15:58:43","slug":"la-journee-internationale-des-droits-des-femmes-la-guinee-est-le-second-pays-au-monde-avec-un-taux-eleve-de-mutilation-feminine","status":"publish","type":"post","link":"https:\/\/guineediversite.com\/index.php\/2021\/03\/08\/la-journee-internationale-des-droits-des-femmes-la-guinee-est-le-second-pays-au-monde-avec-un-taux-eleve-de-mutilation-feminine\/","title":{"rendered":"La journ\u00e9e internationale des droits des femmes : la Guin\u00e9e est le second pays au monde avec un taux \u00e9lev\u00e9 de mutilation f\u00e9minine"},"content":{"rendered":"<p><strong>L\u2019humanit\u00e9 c\u00e9l\u00e8bre ce lundi 08 mars 2021, la journ\u00e9e internationale des droits des femmes. Une journ\u00e9e c\u00e9l\u00e9br\u00e9e cette ann\u00e9e dans une crise sanitaire qui frappe le monde entier. A cet effet, Delphine Perremans charg\u00e9e des affaires \u00e0 l\u2019ambassade du Royaume de Belgique \u00e0 Conakry a port\u00e9 son regard sur la promotion des droits des femmes en Guin\u00e9e, selon elle la Guin\u00e9e fait face \u00e0 d\u2019\u00e9normes d\u00e9fis. <\/strong><\/p>\n<p>La premi\u00e8re journ\u00e9e internationale des droits des femmes fut c\u00e9l\u00e9br\u00e9e en 1911 par l\u2019internationale socialiste des femmes. Cette journ\u00e9e internationale met en avant la lutte pour les droits des femmes et notamment pour la r\u00e9duction des in\u00e9galit\u00e9s par rapport aux hommes. L\u2019\u00e9galit\u00e9 entre les sexes est un combat de tous les jours des f\u00e9ministes en Guin\u00e9e, mais aussi ailleurs.<\/p>\n<p>\u00ab <em>Nous sommes convaincus que l\u2019\u00e9galit\u00e9 entre les sexes permet en fait le d\u00e9veloppement et l\u2019atteinte des objectifs du d\u00e9veloppement dans une nation. Donc on \u0153uvre tous dans la m\u00eame direction, que \u00e7a soit en Guin\u00e9e ou en Belgique, par ce que chacun \u00e0 sa contrainte, chacun \u00e0 ses d\u00e9fis. La Belgique ne fait pas exception, l\u2019Europe ne fait pas exception (\u2026)<\/em> \u00bb, a fait savoir Delphine Perremans charg\u00e9e des affaires \u00e0 l\u2019ambassade du Royaume de Belgique \u00e0 Conakry.<\/p>\n<p>La Guin\u00e9e est signataire de plusieurs conventions allant dans le sens du respect des droits des femmes, mais aussi l\u2019\u00e9galit\u00e9 entre les sexes. Malgr\u00e9 cela il y a un d\u00e9fi majeur auquel le pays doit faire face, les violences bas\u00e9 sur le genre.<\/p>\n<p>\u00ab <em>Il y a encore \u00e9norm\u00e9ment de travail en Guin\u00e9e, je voudrais citer comme simple exemple les violences bas\u00e9es sur le genre (\u2026). Une enqu\u00eate d\u00e9mographique et de sant\u00e9 qui a mis en \u00e9vidence qu\u2019il y avait encore un taux de pr\u00e9valence de 96% de mutilation f\u00e9minine en Guin\u00e9e, la deuxi\u00e8me nation au monde avec un taux \u00e9lev\u00e9 et le pire c\u2019est que quelque part il y a une forme d\u2019acceptation de cette violence dans la soci\u00e9t\u00e9 (\u2026)<\/em> \u00bb, a r\u00e9v\u00e9l\u00e9e Delphine Perremans.<\/p>\n<p>La Guin\u00e9e a adopt\u00e9 plusieurs engagements \u00e0 l\u2019international, et ce malgr\u00e9 la pr\u00e9sence des femmes dans les entreprises et dans l\u2019\u00e9conomie en g\u00e9n\u00e9ral, les femmes de guin\u00e9es doivent encore conqu\u00e9rir l\u2019espace politique.<\/p>\n","protected":false},"excerpt":{"rendered":"<p>L\u2019humanit\u00e9 c\u00e9l\u00e8bre ce lundi 08 mars 2021, la journ\u00e9e internationale des droits des femmes. Une journ\u00e9e c\u00e9l\u00e9br\u00e9e cette ann\u00e9e dans une crise sanitaire qui frappe le monde entier. A cet effet, Delphine Perremans charg\u00e9e des affaires \u00e0 l\u2019ambassade du Royaume de Belgique \u00e0 Conakry a port\u00e9 son regard sur la promotion des droits des femmes [&hellip;]<\/p>\n","protected":false},"author":12,"featured_media":30884,"comment_status":"closed","ping_status":"open","sticky":false,"template":"","format":"standard","meta":{"_exactmetrics_skip_tracking":false,"_exactmetrics_sitenote_active":false,"_exactmetrics_sitenote_note":"","_exactmetrics_sitenote_category":0,"tdm_status":"","tdm_grid_status":"","footnotes":""},"categories":[16],"tags":[],"class_list":{"0":"post-30883","1":"post","2":"type-post","3":"status-publish","4":"format-standard","5":"has-post-thumbnail","7":"category-societe"},"yoast_head":"<!-- This site is optimized with the Yoast SEO plugin v24.2 - https:\/\/yoast.com\/wordpress\/plugins\/seo\/ -->\n<title>La journ\u00e9e internationale des droits des femmes : la Guin\u00e9e est le second pays au monde avec un taux \u00e9lev\u00e9 de mutilation f\u00e9minine | Guin\u00e9e Diversit\u00e9<\/title>\n<meta name=\"robots\" content=\"index, follow, max-snippet:-1, max-image-preview:large, max-video-preview:-1\" \/>\n<link rel=\"canonical\" href=\"https:\/\/guineediversite.com\/index.php\/2021\/03\/08\/la-journee-internationale-des-droits-des-femmes-la-guinee-est-le-second-pays-au-monde-avec-un-taux-eleve-de-mutilation-feminine\/\" \/>\n<meta property=\"og:locale\" content=\"fr_FR\" \/>\n<meta property=\"og:type\" content=\"article\" \/>\n<meta property=\"og:title\" content=\"La journ\u00e9e internationale des droits des femmes : la Guin\u00e9e est le second pays au monde avec un taux \u00e9lev\u00e9 de mutilation f\u00e9minine | Guin\u00e9e Diversit\u00e9\" \/>\n<meta property=\"og:description\" content=\"L\u2019humanit\u00e9 c\u00e9l\u00e8bre ce lundi 08 mars 2021, la journ\u00e9e internationale des droits des femmes. Une journ\u00e9e c\u00e9l\u00e9br\u00e9e cette ann\u00e9e dans une crise sanitaire qui frappe le monde entier. A cet effet, Delphine Perremans charg\u00e9e des affaires \u00e0 l\u2019ambassade du Royaume de Belgique \u00e0 Conakry a port\u00e9 son regard sur la promotion des droits des femmes [&hellip;]\" \/>\n<meta property=\"og:url\" content=\"https:\/\/guineediversite.com\/index.php\/2021\/03\/08\/la-journee-internationale-des-droits-des-femmes-la-guinee-est-le-second-pays-au-monde-avec-un-taux-eleve-de-mutilation-feminine\/\" \/>\n<meta property=\"og:site_name\" content=\"Guin\u00e9e Diversit\u00e9\" \/>\n<meta property=\"article:publisher\" content=\"https:\/\/www.facebook.com\/guineediversite\/\" \/>\n<meta property=\"article:published_time\" content=\"2021-03-08T15:58:43+00:00\" \/>\n<meta property=\"og:image\" content=\"https:\/\/guineediversite.com\/wp-content\/uploads\/2021\/03\/Delphine-Perremans-chargee-des-affaires-a-lambassade-du-Royaume-de-Belgique-a-Conakry..jpg\" \/>\n\t<meta property=\"og:image:width\" content=\"1500\" \/>\n\t<meta property=\"og:image:height\" content=\"1152\" \/>\n\t<meta property=\"og:image:type\" content=\"image\/jpeg\" \/>\n<meta name=\"author\" content=\"Guin\u00e9e Diversit\u00e9\" \/>\n<meta name=\"twitter:card\" content=\"summary_large_image\" \/>\n<meta name=\"twitter:creator\" content=\"@GuineeDiversite\" \/>\n<meta name=\"twitter:site\" content=\"@GuineeDiversite\" \/>\n<meta name=\"twitter:label1\" content=\"\u00c9crit par\" \/>\n\t<meta name=\"twitter:data1\" content=\"Guin\u00e9e Diversit\u00e9\" \/>\n\t<meta name=\"twitter:label2\" content=\"Dur\u00e9e de lecture estim\u00e9e\" \/>\n\t<meta name=\"twitter:data2\" content=\"2 minutes\" \/>\n<script type=\"application\/ld+json\" class=\"yoast-schema-graph\">{\"@context\":\"https:\/\/schema.org\",\"@graph\":[{\"@type\":\"Article\",\"@id\":\"https:\/\/guineediversite.com\/index.php\/2021\/03\/08\/la-journee-internationale-des-droits-des-femmes-la-guinee-est-le-second-pays-au-monde-avec-un-taux-eleve-de-mutilation-feminine\/#article\",\"isPartOf\":{\"@id\":\"https:\/\/guineediversite.com\/index.php\/2021\/03\/08\/la-journee-internationale-des-droits-des-femmes-la-guinee-est-le-second-pays-au-monde-avec-un-taux-eleve-de-mutilation-feminine\/\"},\"author\":{\"name\":\"Guin\u00e9e Diversit\u00e9\",\"@id\":\"https:\/\/guineediversite.com\/#\/schema\/person\/afa08fb34e7fc6e1feafc892612bc836\"},\"headline\":\"La journ\u00e9e internationale des droits des femmes : la Guin\u00e9e est le second pays au monde avec un taux \u00e9lev\u00e9 de mutilation f\u00e9minine\",\"datePublished\":\"2021-03-08T15:58:43+00:00\",\"dateModified\":\"2021-03-08T15:58:43+00:00\",\"mainEntityOfPage\":{\"@id\":\"https:\/\/guineediversite.com\/index.php\/2021\/03\/08\/la-journee-internationale-des-droits-des-femmes-la-guinee-est-le-second-pays-au-monde-avec-un-taux-eleve-de-mutilation-feminine\/\"},\"wordCount\":434,\"publisher\":{\"@id\":\"https:\/\/guineediversite.com\/#organization\"},\"image\":{\"@id\":\"https:\/\/guineediversite.com\/index.php\/2021\/03\/08\/la-journee-internationale-des-droits-des-femmes-la-guinee-est-le-second-pays-au-monde-avec-un-taux-eleve-de-mutilation-feminine\/#primaryimage\"},\"thumbnailUrl\":\"https:\/\/guineediversite.com\/wp-content\/uploads\/2021\/03\/Delphine-Perremans-chargee-des-affaires-a-lambassade-du-Royaume-de-Belgique-a-Conakry..jpg\",\"articleSection\":[\"Soci\u00e9t\u00e9\"],\"inLanguage\":\"fr-FR\"},{\"@type\":\"WebPage\",\"@id\":\"https:\/\/guineediversite.com\/index.php\/2021\/03\/08\/la-journee-internationale-des-droits-des-femmes-la-guinee-est-le-second-pays-au-monde-avec-un-taux-eleve-de-mutilation-feminine\/\",\"url\":\"https:\/\/guineediversite.com\/index.php\/2021\/03\/08\/la-journee-internationale-des-droits-des-femmes-la-guinee-est-le-second-pays-au-monde-avec-un-taux-eleve-de-mutilation-feminine\/\",\"name\":\"La journ\u00e9e internationale des droits des femmes : la Guin\u00e9e est le second pays au monde avec un taux \u00e9lev\u00e9 de mutilation f\u00e9minine | Guin\u00e9e Diversit\u00e9\",\"isPartOf\":{\"@id\":\"https:\/\/guineediversite.com\/#website\"},\"primaryImageOfPage\":{\"@id\":\"https:\/\/guineediversite.com\/index.php\/2021\/03\/08\/la-journee-internationale-des-droits-des-femmes-la-guinee-est-le-second-pays-au-monde-avec-un-taux-eleve-de-mutilation-feminine\/#primaryimage\"},\"image\":{\"@id\":\"https:\/\/guineediversite.com\/index.php\/2021\/03\/08\/la-journee-internationale-des-droits-des-femmes-la-guinee-est-le-second-pays-au-monde-avec-un-taux-eleve-de-mutilation-feminine\/#primaryimage\"},\"thumbnailUrl\":\"https:\/\/guineediversite.com\/wp-content\/uploads\/2021\/03\/Delphine-Perremans-chargee-des-affaires-a-lambassade-du-Royaume-de-Belgique-a-Conakry..jpg\",\"datePublished\":\"2021-03-08T15:58:43+00:00\",\"dateModified\":\"2021-03-08T15:58:43+00:00\",\"breadcrumb\":{\"@id\":\"https:\/\/guineediversite.com\/index.php\/2021\/03\/08\/la-journee-internationale-des-droits-des-femmes-la-guinee-est-le-second-pays-au-monde-avec-un-taux-eleve-de-mutilation-feminine\/#breadcrumb\"},\"inLanguage\":\"fr-FR\",\"potentialAction\":[{\"@type\":\"ReadAction\",\"target\":[\"https:\/\/guineediversite.com\/index.php\/2021\/03\/08\/la-journee-internationale-des-droits-des-femmes-la-guinee-est-le-second-pays-au-monde-avec-un-taux-eleve-de-mutilation-feminine\/\"]}]},{\"@type\":\"ImageObject\",\"inLanguage\":\"fr-FR\",\"@id\":\"https:\/\/guineediversite.com\/index.php\/2021\/03\/08\/la-journee-internationale-des-droits-des-femmes-la-guinee-est-le-second-pays-au-monde-avec-un-taux-eleve-de-mutilation-feminine\/#primaryimage\",\"url\":\"https:\/\/guineediversite.com\/wp-content\/uploads\/2021\/03\/Delphine-Perremans-chargee-des-affaires-a-lambassade-du-Royaume-de-Belgique-a-Conakry..jpg\",\"contentUrl\":\"https:\/\/guineediversite.com\/wp-content\/uploads\/2021\/03\/Delphine-Perremans-chargee-des-affaires-a-lambassade-du-Royaume-de-Belgique-a-Conakry..jpg\",\"width\":1500,\"height\":1152},{\"@type\":\"BreadcrumbList\",\"@id\":\"https:\/\/guineediversite.com\/index.php\/2021\/03\/08\/la-journee-internationale-des-droits-des-femmes-la-guinee-est-le-second-pays-au-monde-avec-un-taux-eleve-de-mutilation-feminine\/#breadcrumb\",\"itemListElement\":[{\"@type\":\"ListItem\",\"position\":1,\"name\":\"Accueil\",\"item\":\"https:\/\/guineediversite.com\/\"},{\"@type\":\"ListItem\",\"position\":2,\"name\":\"La journ\u00e9e internationale des droits des femmes : la Guin\u00e9e est le second pays au monde avec un taux \u00e9lev\u00e9 de mutilation f\u00e9minine\"}]},{\"@type\":\"WebSite\",\"@id\":\"https:\/\/guineediversite.com\/#website\",\"url\":\"https:\/\/guineediversite.com\/\",\"name\":\"Guin\u00e9e Diversit\u00e9\",\"description\":\"L&#039;Info dans toute sa diversit\u00e9\",\"publisher\":{\"@id\":\"https:\/\/guineediversite.com\/#organization\"},\"potentialAction\":[{\"@type\":\"SearchAction\",\"target\":{\"@type\":\"EntryPoint\",\"urlTemplate\":\"https:\/\/guineediversite.com\/?s={search_term_string}\"},\"query-input\":{\"@type\":\"PropertyValueSpecification\",\"valueRequired\":true,\"valueName\":\"search_term_string\"}}],\"inLanguage\":\"fr-FR\"},{\"@type\":\"Organization\",\"@id\":\"https:\/\/guineediversite.com\/#organization\",\"name\":\"Guin\u00e9e Diversit\u00e9\",\"url\":\"https:\/\/guineediversite.com\/\",\"logo\":{\"@type\":\"ImageObject\",\"inLanguage\":\"fr-FR\",\"@id\":\"https:\/\/guineediversite.com\/#\/schema\/logo\/image\/\",\"url\":\"https:\/\/guineediversite.com\/wp-content\/uploads\/2017\/04\/cropped-1jojlxEOMkX9Wyqfhe43D6kjPOGqBBKmx3EwWJqZ0cMrFF54yM49.png\",\"contentUrl\":\"https:\/\/guineediversite.com\/wp-content\/uploads\/2017\/04\/cropped-1jojlxEOMkX9Wyqfhe43D6kjPOGqBBKmx3EwWJqZ0cMrFF54yM49.png\",\"width\":186,\"height\":112,\"caption\":\"Guin\u00e9e Diversit\u00e9\"},\"image\":{\"@id\":\"https:\/\/guineediversite.com\/#\/schema\/logo\/image\/\"},\"sameAs\":[\"https:\/\/www.facebook.com\/guineediversite\/\",\"https:\/\/x.com\/GuineeDiversite\",\"https:\/\/www.youtube.com\/channel\/UC8sUY16qelG5ge6_D5SB83g\"]},{\"@type\":\"Person\",\"@id\":\"https:\/\/guineediversite.com\/#\/schema\/person\/afa08fb34e7fc6e1feafc892612bc836\",\"name\":\"Guin\u00e9e Diversit\u00e9\",\"image\":{\"@type\":\"ImageObject\",\"inLanguage\":\"fr-FR\",\"@id\":\"https:\/\/guineediversite.com\/#\/schema\/person\/image\/\",\"url\":\"https:\/\/secure.gravatar.com\/avatar\/50d5eb5b390f8b65ac30ac6f898eb83a?s=96&d=mm&r=g\",\"contentUrl\":\"https:\/\/secure.gravatar.com\/avatar\/50d5eb5b390f8b65ac30ac6f898eb83a?s=96&d=mm&r=g\",\"caption\":\"Guin\u00e9e Diversit\u00e9\"},\"url\":\"https:\/\/guineediversite.com\/index.php\/author\/guineediversite\/\"}]}<\/script>\n<!-- \/ Yoast SEO plugin. -->","yoast_head_json":{"title":"La journ\u00e9e internationale des droits des femmes : la Guin\u00e9e est le second pays au monde avec un taux \u00e9lev\u00e9 de mutilation f\u00e9minine | Guin\u00e9e Diversit\u00e9","robots":{"index":"index","follow":"follow","max-snippet":"max-snippet:-1","max-image-preview":"max-image-preview:large","max-video-preview":"max-video-preview:-1"},"canonical":"https:\/\/guineediversite.com\/index.php\/2021\/03\/08\/la-journee-internationale-des-droits-des-femmes-la-guinee-est-le-second-pays-au-monde-avec-un-taux-eleve-de-mutilation-feminine\/","og_locale":"fr_FR","og_type":"article","og_title":"La journ\u00e9e internationale des droits des femmes : la Guin\u00e9e est le second pays au monde avec un taux \u00e9lev\u00e9 de mutilation f\u00e9minine | Guin\u00e9e Diversit\u00e9","og_description":"L\u2019humanit\u00e9 c\u00e9l\u00e8bre ce lundi 08 mars 2021, la journ\u00e9e internationale des droits des femmes. Une journ\u00e9e c\u00e9l\u00e9br\u00e9e cette ann\u00e9e dans une crise sanitaire qui frappe le monde entier. A cet effet, Delphine Perremans charg\u00e9e des affaires \u00e0 l\u2019ambassade du Royaume de Belgique \u00e0 Conakry a port\u00e9 son regard sur la promotion des droits des femmes [&hellip;]","og_url":"https:\/\/guineediversite.com\/index.php\/2021\/03\/08\/la-journee-internationale-des-droits-des-femmes-la-guinee-est-le-second-pays-au-monde-avec-un-taux-eleve-de-mutilation-feminine\/","og_site_name":"Guin\u00e9e Diversit\u00e9","article_publisher":"https:\/\/www.facebook.com\/guineediversite\/","article_published_time":"2021-03-08T15:58:43+00:00","og_image":[{"width":1500,"height":1152,"url":"https:\/\/guineediversite.com\/wp-content\/uploads\/2021\/03\/Delphine-Perremans-chargee-des-affaires-a-lambassade-du-Royaume-de-Belgique-a-Conakry..jpg","type":"image\/jpeg"}],"author":"Guin\u00e9e Diversit\u00e9","twitter_card":"summary_large_image","twitter_creator":"@GuineeDiversite","twitter_site":"@GuineeDiversite","twitter_misc":{"\u00c9crit par":"Guin\u00e9e Diversit\u00e9","Dur\u00e9e de lecture estim\u00e9e":"2 minutes"},"schema":{"@context":"https:\/\/schema.org","@graph":[{"@type":"Article","@id":"https:\/\/guineediversite.com\/index.php\/2021\/03\/08\/la-journee-internationale-des-droits-des-femmes-la-guinee-est-le-second-pays-au-monde-avec-un-taux-eleve-de-mutilation-feminine\/#article","isPartOf":{"@id":"https:\/\/guineediversite.com\/index.php\/2021\/03\/08\/la-journee-internationale-des-droits-des-femmes-la-guinee-est-le-second-pays-au-monde-avec-un-taux-eleve-de-mutilation-feminine\/"},"author":{"name":"Guin\u00e9e Diversit\u00e9","@id":"https:\/\/guineediversite.com\/#\/schema\/person\/afa08fb34e7fc6e1feafc892612bc836"},"headline":"La journ\u00e9e internationale des droits des femmes : la Guin\u00e9e est le second pays au monde avec un taux \u00e9lev\u00e9 de mutilation f\u00e9minine","datePublished":"2021-03-08T15:58:43+00:00","dateModified":"2021-03-08T15:58:43+00:00","mainEntityOfPage":{"@id":"https:\/\/guineediversite.com\/index.php\/2021\/03\/08\/la-journee-internationale-des-droits-des-femmes-la-guinee-est-le-second-pays-au-monde-avec-un-taux-eleve-de-mutilation-feminine\/"},"wordCount":434,"publisher":{"@id":"https:\/\/guineediversite.com\/#organization"},"image":{"@id":"https:\/\/guineediversite.com\/index.php\/2021\/03\/08\/la-journee-internationale-des-droits-des-femmes-la-guinee-est-le-second-pays-au-monde-avec-un-taux-eleve-de-mutilation-feminine\/#primaryimage"},"thumbnailUrl":"https:\/\/guineediversite.com\/wp-content\/uploads\/2021\/03\/Delphine-Perremans-chargee-des-affaires-a-lambassade-du-Royaume-de-Belgique-a-Conakry..jpg","articleSection":["Soci\u00e9t\u00e9"],"inLanguage":"fr-FR"},{"@type":"WebPage","@id":"https:\/\/guineediversite.com\/index.php\/2021\/03\/08\/la-journee-internationale-des-droits-des-femmes-la-guinee-est-le-second-pays-au-monde-avec-un-taux-eleve-de-mutilation-feminine\/","url":"https:\/\/guineediversite.com\/index.php\/2021\/03\/08\/la-journee-internationale-des-droits-des-femmes-la-guinee-est-le-second-pays-au-monde-avec-un-taux-eleve-de-mutilation-feminine\/","name":"La journ\u00e9e internationale des droits des femmes : la Guin\u00e9e est le second pays au monde avec un taux \u00e9lev\u00e9 de mutilation f\u00e9minine | Guin\u00e9e Diversit\u00e9","isPartOf":{"@id":"https:\/\/guineediversite.com\/#website"},"primaryImageOfPage":{"@id":"https:\/\/guineediversite.com\/index.php\/2021\/03\/08\/la-journee-internationale-des-droits-des-femmes-la-guinee-est-le-second-pays-au-monde-avec-un-taux-eleve-de-mutilation-feminine\/#primaryimage"},"image":{"@id":"https:\/\/guineediversite.com\/index.php\/2021\/03\/08\/la-journee-internationale-des-droits-des-femmes-la-guinee-est-le-second-pays-au-monde-avec-un-taux-eleve-de-mutilation-feminine\/#primaryimage"},"thumbnailUrl":"https:\/\/guineediversite.com\/wp-content\/uploads\/2021\/03\/Delphine-Perremans-chargee-des-affaires-a-lambassade-du-Royaume-de-Belgique-a-Conakry..jpg","datePublished":"2021-03-08T15:58:43+00:00","dateModified":"2021-03-08T15:58:43+00:00","breadcrumb":{"@id":"https:\/\/guineediversite.com\/index.php\/2021\/03\/08\/la-journee-internationale-des-droits-des-femmes-la-guinee-est-le-second-pays-au-monde-avec-un-taux-eleve-de-mutilation-feminine\/#breadcrumb"},"inLanguage":"fr-FR","potentialAction":[{"@type":"ReadAction","target":["https:\/\/guineediversite.com\/index.php\/2021\/03\/08\/la-journee-internationale-des-droits-des-femmes-la-guinee-est-le-second-pays-au-monde-avec-un-taux-eleve-de-mutilation-feminine\/"]}]},{"@type":"ImageObject","inLanguage":"fr-FR","@id":"https:\/\/guineediversite.com\/index.php\/2021\/03\/08\/la-journee-internationale-des-droits-des-femmes-la-guinee-est-le-second-pays-au-monde-avec-un-taux-eleve-de-mutilation-feminine\/#primaryimage","url":"https:\/\/guineediversite.com\/wp-content\/uploads\/2021\/03\/Delphine-Perremans-chargee-des-affaires-a-lambassade-du-Royaume-de-Belgique-a-Conakry..jpg","contentUrl":"https:\/\/guineediversite.com\/wp-content\/uploads\/2021\/03\/Delphine-Perremans-chargee-des-affaires-a-lambassade-du-Royaume-de-Belgique-a-Conakry..jpg","width":1500,"height":1152},{"@type":"BreadcrumbList","@id":"https:\/\/guineediversite.com\/index.php\/2021\/03\/08\/la-journee-internationale-des-droits-des-femmes-la-guinee-est-le-second-pays-au-monde-avec-un-taux-eleve-de-mutilation-feminine\/#breadcrumb","itemListElement":[{"@type":"ListItem","position":1,"name":"Accueil","item":"https:\/\/guineediversite.com\/"},{"@type":"ListItem","position":2,"name":"La journ\u00e9e internationale des droits des femmes : la Guin\u00e9e est le second pays au monde avec un taux \u00e9lev\u00e9 de mutilation f\u00e9minine"}]},{"@type":"WebSite","@id":"https:\/\/guineediversite.com\/#website","url":"https:\/\/guineediversite.com\/","name":"Guin\u00e9e Diversit\u00e9","description":"L&#039;Info dans toute sa diversit\u00e9","publisher":{"@id":"https:\/\/guineediversite.com\/#organization"},"potentialAction":[{"@type":"SearchAction","target":{"@type":"EntryPoint","urlTemplate":"https:\/\/guineediversite.com\/?s={search_term_string}"},"query-input":{"@type":"PropertyValueSpecification","valueRequired":true,"valueName":"search_term_string"}}],"inLanguage":"fr-FR"},{"@type":"Organization","@id":"https:\/\/guineediversite.com\/#organization","name":"Guin\u00e9e Diversit\u00e9","url":"https:\/\/guineediversite.com\/","logo":{"@type":"ImageObject","inLanguage":"fr-FR","@id":"https:\/\/guineediversite.com\/#\/schema\/logo\/image\/","url":"https:\/\/guineediversite.com\/wp-content\/uploads\/2017\/04\/cropped-1jojlxEOMkX9Wyqfhe43D6kjPOGqBBKmx3EwWJqZ0cMrFF54yM49.png","contentUrl":"https:\/\/guineediversite.com\/wp-content\/uploads\/2017\/04\/cropped-1jojlxEOMkX9Wyqfhe43D6kjPOGqBBKmx3EwWJqZ0cMrFF54yM49.png","width":186,"height":112,"caption":"Guin\u00e9e Diversit\u00e9"},"image":{"@id":"https:\/\/guineediversite.com\/#\/schema\/logo\/image\/"},"sameAs":["https:\/\/www.facebook.com\/guineediversite\/","https:\/\/x.com\/GuineeDiversite","https:\/\/www.youtube.com\/channel\/UC8sUY16qelG5ge6_D5SB83g"]},{"@type":"Person","@id":"https:\/\/guineediversite.com\/#\/schema\/person\/afa08fb34e7fc6e1feafc892612bc836","name":"Guin\u00e9e Diversit\u00e9","image":{"@type":"ImageObject","inLanguage":"fr-FR","@id":"https:\/\/guineediversite.com\/#\/schema\/person\/image\/","url":"https:\/\/secure.gravatar.com\/avatar\/50d5eb5b390f8b65ac30ac6f898eb83a?s=96&d=mm&r=g","contentUrl":"https:\/\/secure.gravatar.com\/avatar\/50d5eb5b390f8b65ac30ac6f898eb83a?s=96&d=mm&r=g","caption":"Guin\u00e9e Diversit\u00e9"},"url":"https:\/\/guineediversite.com\/index.php\/author\/guineediversite\/"}]}},"_links":{"self":[{"href":"https:\/\/guineediversite.com\/index.php\/wp-json\/wp\/v2\/posts\/30883"}],"collection":[{"href":"https:\/\/guineediversite.com\/index.php\/wp-json\/wp\/v2\/posts"}],"about":[{"href":"https:\/\/guineediversite.com\/index.php\/wp-json\/wp\/v2\/types\/post"}],"author":[{"embeddable":true,"href":"https:\/\/guineediversite.com\/index.php\/wp-json\/wp\/v2\/users\/12"}],"replies":[{"embeddable":true,"href":"https:\/\/guineediversite.com\/index.php\/wp-json\/wp\/v2\/comments?post=30883"}],"version-history":[{"count":1,"href":"https:\/\/guineediversite.com\/index.php\/wp-json\/wp\/v2\/posts\/30883\/revisions"}],"predecessor-version":[{"id":30885,"href":"https:\/\/guineediversite.com\/index.php\/wp-json\/wp\/v2\/posts\/30883\/revisions\/30885"}],"wp:featuredmedia":[{"embeddable":true,"href":"https:\/\/guineediversite.com\/index.php\/wp-json\/wp\/v2\/media\/30884"}],"wp:attachment":[{"href":"https:\/\/guineediversite.com\/index.php\/wp-json\/wp\/v2\/media?parent=30883"}],"wp:term":[{"taxonomy":"category","embeddable":true,"href":"https:\/\/guineediversite.com\/index.php\/wp-json\/wp\/v2\/categories?post=30883"},{"taxonomy":"post_tag","embeddable":true,"href":"https:\/\/guineediversite.com\/index.php\/wp-json\/wp\/v2\/tags?post=30883"}],"curies":[{"name":"wp","href":"https:\/\/api.w.org\/{rel}","templated":true}]}}