{"id":30880,"date":"2021-03-08T11:33:55","date_gmt":"2021-03-08T10:33:55","guid":{"rendered":"https:\/\/guineediversite.com\/?p=30880"},"modified":"2021-03-08T11:33:55","modified_gmt":"2021-03-08T10:33:55","slug":"legislatives-en-cote-divoire-montee-de-tension-entre-les-partis-politiques","status":"publish","type":"post","link":"https:\/\/guineediversite.com\/index.php\/2021\/03\/08\/legislatives-en-cote-divoire-montee-de-tension-entre-les-partis-politiques\/","title":{"rendered":"L\u00e9gislatives en C\u00f4te d\u2019Ivoire: mont\u00e9e de tension entre les partis politiques"},"content":{"rendered":"<p>Depuis dimanche matin, la Commission \u00e9lectorale a entam\u00e9 sa proclamation des r\u00e9sultats. Et alors que ces derniers ne sont pas encore tous connus, les partis politiques se disent s\u00fbrs de leur victoire et la tension est mont\u00e9e d\u2019un cran dans les \u00e9tats-majors.<\/p>\n<p>La Commission \u00e9lectorale avait tout juste proclam\u00e9 les r\u00e9sultats de deux circonscriptions, sur les 204 \u00e0 pourvoir, que d\u00e9j\u00e0 le PDCI, le parti d\u2019opposition de l\u2019ancien pr\u00e9sident B\u00e9di\u00e9, revendiquait sa victoire.<\/p>\n<p>\u00ab<em>\u00a0Nous savons que ce pays est en plein dans la gabegie et, tout naturellement, nous nous attendions \u00e0 une victoire. Et donc, nous sommes en droit de revendiquer la victoire. Nous mettons en garde le gouvernement contre ses tentatives de manipulations qui faussent la sinc\u00e9rit\u00e9 du scrutin et suscitent des violences contre lesquelles nous avons milit\u00e9, nous, l\u2019opposition<\/em>\u00a0\u00bb, pr\u00e9vient le porte-parole du PDCI, Niamk\u00e9 Koffi.<\/p>\n<p>Quelques heures plus tard, la r\u00e9ponse ne s\u2019est pas fait\u00a0attendre de la part du RHDP au pouvoir. \u00ab<em>\u00a0Le PDCI et sa logique du perdant<\/em>\u00a0\u00bb, estime le num\u00e9ro deux du parti du pr\u00e9sident Ouattara, Adama Bictogo.<\/p>\n<p>\u00ab\u00a0<em>Comment voulez-vous que l\u2019on puisse parler quand il y a eu des ministres qui ont perdu\u00a0? \u00c0 la v\u00e9rit\u00e9, on aurait pu prot\u00e9ger ces ministres. Enfin, soyons s\u00e9rieux, il faut quand m\u00eame qu\u2019une fois cela s\u2019arr\u00eate et qu\u2019ils acceptent qu\u2019ils ont \u00e9t\u00e9 battus et qu\u2019ils ne sont pas \u00e0 la hauteur des attentes des Ivoiriens.<\/em>\u00a0\u00bb<\/p>\n<p>Une mont\u00e9e de tension entre les deux grandes forces politiques que craignaient les observateurs, qui ont appel\u00e9 les partis \u00e0 attendre les r\u00e9sultats officiels et \u00e0 ne pas jeter le trouble par des d\u00e9clarations intempestives.<\/p>\n<p>\u25a0 <strong>L&rsquo;inqui\u00e9tude de l&rsquo;initiative Indigo<\/strong><\/p>\n<p>Parmi les principales missions d\u2019observation \u00e0 avoir suivi ces l\u00e9gislatives, l\u2019initiative Indigo a rendu ses conclusions hier sur la tenue de ces \u00e9lections. L\u2019ONG avait d\u00e9ploy\u00e9 500 personnes dans 1 429 bureaux de vote. Dans l\u2019ensemble, le scrutin s\u2019est bien d\u00e9roul\u00e9, mais 190 incidents ont \u00e9t\u00e9 recens\u00e9s, allant du vol d\u2019urne aux pannes des tablettes biom\u00e9triques dans les bureaux de vote.<\/p>\n<p>Surtout, parmi ses recommandations, Indigo s\u2019inqui\u00e8te des d\u00e9clarations des candidats et partis politiques avant la proclamation des r\u00e9sultats par la CEI, qui est une violation des textes et de l\u2019esprit de la campagne \u00e9lectorale.<\/p>\n<p><strong>RFI<\/strong><\/p>\n","protected":false},"excerpt":{"rendered":"<p>Depuis dimanche matin, la Commission \u00e9lectorale a entam\u00e9 sa proclamation des r\u00e9sultats. Et alors que ces derniers ne sont pas encore tous connus, les partis politiques se disent s\u00fbrs de leur victoire et la tension est mont\u00e9e d\u2019un cran dans les \u00e9tats-majors. La Commission \u00e9lectorale avait tout juste proclam\u00e9 les r\u00e9sultats de deux circonscriptions, sur [&hellip;]<\/p>\n","protected":false},"author":12,"featured_media":30881,"comment_status":"closed","ping_status":"open","sticky":false,"template":"","format":"standard","meta":{"_exactmetrics_skip_tracking":false,"_exactmetrics_sitenote_active":false,"_exactmetrics_sitenote_note":"","_exactmetrics_sitenote_category":0,"tdm_status":"","tdm_grid_status":"","footnotes":""},"categories":[21],"tags":[],"class_list":{"0":"post-30880","1":"post","2":"type-post","3":"status-publish","4":"format-standard","5":"has-post-thumbnail","7":"category-international"},"yoast_head":"<!-- This site is optimized with the Yoast SEO plugin v24.2 - https:\/\/yoast.com\/wordpress\/plugins\/seo\/ -->\n<title>L\u00e9gislatives en C\u00f4te d\u2019Ivoire: mont\u00e9e de tension entre les partis politiques | Guin\u00e9e Diversit\u00e9<\/title>\n<meta name=\"robots\" content=\"index, follow, max-snippet:-1, max-image-preview:large, max-video-preview:-1\" \/>\n<link rel=\"canonical\" href=\"https:\/\/guineediversite.com\/index.php\/2021\/03\/08\/legislatives-en-cote-divoire-montee-de-tension-entre-les-partis-politiques\/\" \/>\n<meta property=\"og:locale\" content=\"fr_FR\" \/>\n<meta property=\"og:type\" content=\"article\" \/>\n<meta property=\"og:title\" content=\"L\u00e9gislatives en C\u00f4te d\u2019Ivoire: mont\u00e9e de tension entre les partis politiques | Guin\u00e9e Diversit\u00e9\" \/>\n<meta property=\"og:description\" content=\"Depuis dimanche matin, la Commission \u00e9lectorale a entam\u00e9 sa proclamation des r\u00e9sultats. Et alors que ces derniers ne sont pas encore tous connus, les partis politiques se disent s\u00fbrs de leur victoire et la tension est mont\u00e9e d\u2019un cran dans les \u00e9tats-majors. La Commission \u00e9lectorale avait tout juste proclam\u00e9 les r\u00e9sultats de deux circonscriptions, sur [&hellip;]\" \/>\n<meta property=\"og:url\" content=\"https:\/\/guineediversite.com\/index.php\/2021\/03\/08\/legislatives-en-cote-divoire-montee-de-tension-entre-les-partis-politiques\/\" \/>\n<meta property=\"og:site_name\" content=\"Guin\u00e9e Diversit\u00e9\" \/>\n<meta property=\"article:publisher\" content=\"https:\/\/www.facebook.com\/guineediversite\/\" \/>\n<meta property=\"article:published_time\" content=\"2021-03-08T10:33:55+00:00\" \/>\n<meta property=\"og:image\" content=\"https:\/\/guineediversite.com\/wp-content\/uploads\/2021\/03\/Cote-dIvoire-montee-de-tension-entre-les-partis-politiques.jpg\" \/>\n\t<meta property=\"og:image:width\" content=\"1500\" \/>\n\t<meta property=\"og:image:height\" content=\"840\" \/>\n\t<meta property=\"og:image:type\" content=\"image\/jpeg\" \/>\n<meta name=\"author\" content=\"Guin\u00e9e Diversit\u00e9\" \/>\n<meta name=\"twitter:card\" content=\"summary_large_image\" \/>\n<meta name=\"twitter:creator\" content=\"@GuineeDiversite\" \/>\n<meta name=\"twitter:site\" content=\"@GuineeDiversite\" \/>\n<meta name=\"twitter:label1\" content=\"\u00c9crit par\" \/>\n\t<meta name=\"twitter:data1\" content=\"Guin\u00e9e Diversit\u00e9\" \/>\n\t<meta name=\"twitter:label2\" content=\"Dur\u00e9e de lecture estim\u00e9e\" \/>\n\t<meta name=\"twitter:data2\" content=\"2 minutes\" \/>\n<script type=\"application\/ld+json\" class=\"yoast-schema-graph\">{\"@context\":\"https:\/\/schema.org\",\"@graph\":[{\"@type\":\"Article\",\"@id\":\"https:\/\/guineediversite.com\/index.php\/2021\/03\/08\/legislatives-en-cote-divoire-montee-de-tension-entre-les-partis-politiques\/#article\",\"isPartOf\":{\"@id\":\"https:\/\/guineediversite.com\/index.php\/2021\/03\/08\/legislatives-en-cote-divoire-montee-de-tension-entre-les-partis-politiques\/\"},\"author\":{\"name\":\"Guin\u00e9e Diversit\u00e9\",\"@id\":\"https:\/\/guineediversite.com\/#\/schema\/person\/afa08fb34e7fc6e1feafc892612bc836\"},\"headline\":\"L\u00e9gislatives en C\u00f4te d\u2019Ivoire: mont\u00e9e de tension entre les partis politiques\",\"datePublished\":\"2021-03-08T10:33:55+00:00\",\"dateModified\":\"2021-03-08T10:33:55+00:00\",\"mainEntityOfPage\":{\"@id\":\"https:\/\/guineediversite.com\/index.php\/2021\/03\/08\/legislatives-en-cote-divoire-montee-de-tension-entre-les-partis-politiques\/\"},\"wordCount\":417,\"publisher\":{\"@id\":\"https:\/\/guineediversite.com\/#organization\"},\"image\":{\"@id\":\"https:\/\/guineediversite.com\/index.php\/2021\/03\/08\/legislatives-en-cote-divoire-montee-de-tension-entre-les-partis-politiques\/#primaryimage\"},\"thumbnailUrl\":\"https:\/\/guineediversite.com\/wp-content\/uploads\/2021\/03\/Cote-dIvoire-montee-de-tension-entre-les-partis-politiques.jpg\",\"articleSection\":[\"International\"],\"inLanguage\":\"fr-FR\"},{\"@type\":\"WebPage\",\"@id\":\"https:\/\/guineediversite.com\/index.php\/2021\/03\/08\/legislatives-en-cote-divoire-montee-de-tension-entre-les-partis-politiques\/\",\"url\":\"https:\/\/guineediversite.com\/index.php\/2021\/03\/08\/legislatives-en-cote-divoire-montee-de-tension-entre-les-partis-politiques\/\",\"name\":\"L\u00e9gislatives en C\u00f4te d\u2019Ivoire: mont\u00e9e de tension entre les partis politiques | Guin\u00e9e Diversit\u00e9\",\"isPartOf\":{\"@id\":\"https:\/\/guineediversite.com\/#website\"},\"primaryImageOfPage\":{\"@id\":\"https:\/\/guineediversite.com\/index.php\/2021\/03\/08\/legislatives-en-cote-divoire-montee-de-tension-entre-les-partis-politiques\/#primaryimage\"},\"image\":{\"@id\":\"https:\/\/guineediversite.com\/index.php\/2021\/03\/08\/legislatives-en-cote-divoire-montee-de-tension-entre-les-partis-politiques\/#primaryimage\"},\"thumbnailUrl\":\"https:\/\/guineediversite.com\/wp-content\/uploads\/2021\/03\/Cote-dIvoire-montee-de-tension-entre-les-partis-politiques.jpg\",\"datePublished\":\"2021-03-08T10:33:55+00:00\",\"dateModified\":\"2021-03-08T10:33:55+00:00\",\"breadcrumb\":{\"@id\":\"https:\/\/guineediversite.com\/index.php\/2021\/03\/08\/legislatives-en-cote-divoire-montee-de-tension-entre-les-partis-politiques\/#breadcrumb\"},\"inLanguage\":\"fr-FR\",\"potentialAction\":[{\"@type\":\"ReadAction\",\"target\":[\"https:\/\/guineediversite.com\/index.php\/2021\/03\/08\/legislatives-en-cote-divoire-montee-de-tension-entre-les-partis-politiques\/\"]}]},{\"@type\":\"ImageObject\",\"inLanguage\":\"fr-FR\",\"@id\":\"https:\/\/guineediversite.com\/index.php\/2021\/03\/08\/legislatives-en-cote-divoire-montee-de-tension-entre-les-partis-politiques\/#primaryimage\",\"url\":\"https:\/\/guineediversite.com\/wp-content\/uploads\/2021\/03\/Cote-dIvoire-montee-de-tension-entre-les-partis-politiques.jpg\",\"contentUrl\":\"https:\/\/guineediversite.com\/wp-content\/uploads\/2021\/03\/Cote-dIvoire-montee-de-tension-entre-les-partis-politiques.jpg\",\"width\":1500,\"height\":840},{\"@type\":\"BreadcrumbList\",\"@id\":\"https:\/\/guineediversite.com\/index.php\/2021\/03\/08\/legislatives-en-cote-divoire-montee-de-tension-entre-les-partis-politiques\/#breadcrumb\",\"itemListElement\":[{\"@type\":\"ListItem\",\"position\":1,\"name\":\"Accueil\",\"item\":\"https:\/\/guineediversite.com\/\"},{\"@type\":\"ListItem\",\"position\":2,\"name\":\"L\u00e9gislatives en C\u00f4te d\u2019Ivoire: mont\u00e9e de tension entre les partis politiques\"}]},{\"@type\":\"WebSite\",\"@id\":\"https:\/\/guineediversite.com\/#website\",\"url\":\"https:\/\/guineediversite.com\/\",\"name\":\"Guin\u00e9e Diversit\u00e9\",\"description\":\"L&#039;Info dans toute sa diversit\u00e9\",\"publisher\":{\"@id\":\"https:\/\/guineediversite.com\/#organization\"},\"potentialAction\":[{\"@type\":\"SearchAction\",\"target\":{\"@type\":\"EntryPoint\",\"urlTemplate\":\"https:\/\/guineediversite.com\/?s={search_term_string}\"},\"query-input\":{\"@type\":\"PropertyValueSpecification\",\"valueRequired\":true,\"valueName\":\"search_term_string\"}}],\"inLanguage\":\"fr-FR\"},{\"@type\":\"Organization\",\"@id\":\"https:\/\/guineediversite.com\/#organization\",\"name\":\"Guin\u00e9e Diversit\u00e9\",\"url\":\"https:\/\/guineediversite.com\/\",\"logo\":{\"@type\":\"ImageObject\",\"inLanguage\":\"fr-FR\",\"@id\":\"https:\/\/guineediversite.com\/#\/schema\/logo\/image\/\",\"url\":\"https:\/\/guineediversite.com\/wp-content\/uploads\/2017\/04\/cropped-1jojlxEOMkX9Wyqfhe43D6kjPOGqBBKmx3EwWJqZ0cMrFF54yM49.png\",\"contentUrl\":\"https:\/\/guineediversite.com\/wp-content\/uploads\/2017\/04\/cropped-1jojlxEOMkX9Wyqfhe43D6kjPOGqBBKmx3EwWJqZ0cMrFF54yM49.png\",\"width\":186,\"height\":112,\"caption\":\"Guin\u00e9e Diversit\u00e9\"},\"image\":{\"@id\":\"https:\/\/guineediversite.com\/#\/schema\/logo\/image\/\"},\"sameAs\":[\"https:\/\/www.facebook.com\/guineediversite\/\",\"https:\/\/x.com\/GuineeDiversite\",\"https:\/\/www.youtube.com\/channel\/UC8sUY16qelG5ge6_D5SB83g\"]},{\"@type\":\"Person\",\"@id\":\"https:\/\/guineediversite.com\/#\/schema\/person\/afa08fb34e7fc6e1feafc892612bc836\",\"name\":\"Guin\u00e9e Diversit\u00e9\",\"image\":{\"@type\":\"ImageObject\",\"inLanguage\":\"fr-FR\",\"@id\":\"https:\/\/guineediversite.com\/#\/schema\/person\/image\/\",\"url\":\"https:\/\/secure.gravatar.com\/avatar\/50d5eb5b390f8b65ac30ac6f898eb83a?s=96&d=mm&r=g\",\"contentUrl\":\"https:\/\/secure.gravatar.com\/avatar\/50d5eb5b390f8b65ac30ac6f898eb83a?s=96&d=mm&r=g\",\"caption\":\"Guin\u00e9e Diversit\u00e9\"},\"url\":\"https:\/\/guineediversite.com\/index.php\/author\/guineediversite\/\"}]}<\/script>\n<!-- \/ Yoast SEO plugin. -->","yoast_head_json":{"title":"L\u00e9gislatives en C\u00f4te d\u2019Ivoire: mont\u00e9e de tension entre les partis politiques | Guin\u00e9e Diversit\u00e9","robots":{"index":"index","follow":"follow","max-snippet":"max-snippet:-1","max-image-preview":"max-image-preview:large","max-video-preview":"max-video-preview:-1"},"canonical":"https:\/\/guineediversite.com\/index.php\/2021\/03\/08\/legislatives-en-cote-divoire-montee-de-tension-entre-les-partis-politiques\/","og_locale":"fr_FR","og_type":"article","og_title":"L\u00e9gislatives en C\u00f4te d\u2019Ivoire: mont\u00e9e de tension entre les partis politiques | Guin\u00e9e Diversit\u00e9","og_description":"Depuis dimanche matin, la Commission \u00e9lectorale a entam\u00e9 sa proclamation des r\u00e9sultats. Et alors que ces derniers ne sont pas encore tous connus, les partis politiques se disent s\u00fbrs de leur victoire et la tension est mont\u00e9e d\u2019un cran dans les \u00e9tats-majors. La Commission \u00e9lectorale avait tout juste proclam\u00e9 les r\u00e9sultats de deux circonscriptions, sur [&hellip;]","og_url":"https:\/\/guineediversite.com\/index.php\/2021\/03\/08\/legislatives-en-cote-divoire-montee-de-tension-entre-les-partis-politiques\/","og_site_name":"Guin\u00e9e Diversit\u00e9","article_publisher":"https:\/\/www.facebook.com\/guineediversite\/","article_published_time":"2021-03-08T10:33:55+00:00","og_image":[{"width":1500,"height":840,"url":"https:\/\/guineediversite.com\/wp-content\/uploads\/2021\/03\/Cote-dIvoire-montee-de-tension-entre-les-partis-politiques.jpg","type":"image\/jpeg"}],"author":"Guin\u00e9e Diversit\u00e9","twitter_card":"summary_large_image","twitter_creator":"@GuineeDiversite","twitter_site":"@GuineeDiversite","twitter_misc":{"\u00c9crit par":"Guin\u00e9e Diversit\u00e9","Dur\u00e9e de lecture estim\u00e9e":"2 minutes"},"schema":{"@context":"https:\/\/schema.org","@graph":[{"@type":"Article","@id":"https:\/\/guineediversite.com\/index.php\/2021\/03\/08\/legislatives-en-cote-divoire-montee-de-tension-entre-les-partis-politiques\/#article","isPartOf":{"@id":"https:\/\/guineediversite.com\/index.php\/2021\/03\/08\/legislatives-en-cote-divoire-montee-de-tension-entre-les-partis-politiques\/"},"author":{"name":"Guin\u00e9e Diversit\u00e9","@id":"https:\/\/guineediversite.com\/#\/schema\/person\/afa08fb34e7fc6e1feafc892612bc836"},"headline":"L\u00e9gislatives en C\u00f4te d\u2019Ivoire: mont\u00e9e de tension entre les partis politiques","datePublished":"2021-03-08T10:33:55+00:00","dateModified":"2021-03-08T10:33:55+00:00","mainEntityOfPage":{"@id":"https:\/\/guineediversite.com\/index.php\/2021\/03\/08\/legislatives-en-cote-divoire-montee-de-tension-entre-les-partis-politiques\/"},"wordCount":417,"publisher":{"@id":"https:\/\/guineediversite.com\/#organization"},"image":{"@id":"https:\/\/guineediversite.com\/index.php\/2021\/03\/08\/legislatives-en-cote-divoire-montee-de-tension-entre-les-partis-politiques\/#primaryimage"},"thumbnailUrl":"https:\/\/guineediversite.com\/wp-content\/uploads\/2021\/03\/Cote-dIvoire-montee-de-tension-entre-les-partis-politiques.jpg","articleSection":["International"],"inLanguage":"fr-FR"},{"@type":"WebPage","@id":"https:\/\/guineediversite.com\/index.php\/2021\/03\/08\/legislatives-en-cote-divoire-montee-de-tension-entre-les-partis-politiques\/","url":"https:\/\/guineediversite.com\/index.php\/2021\/03\/08\/legislatives-en-cote-divoire-montee-de-tension-entre-les-partis-politiques\/","name":"L\u00e9gislatives en C\u00f4te d\u2019Ivoire: mont\u00e9e de tension entre les partis politiques | Guin\u00e9e Diversit\u00e9","isPartOf":{"@id":"https:\/\/guineediversite.com\/#website"},"primaryImageOfPage":{"@id":"https:\/\/guineediversite.com\/index.php\/2021\/03\/08\/legislatives-en-cote-divoire-montee-de-tension-entre-les-partis-politiques\/#primaryimage"},"image":{"@id":"https:\/\/guineediversite.com\/index.php\/2021\/03\/08\/legislatives-en-cote-divoire-montee-de-tension-entre-les-partis-politiques\/#primaryimage"},"thumbnailUrl":"https:\/\/guineediversite.com\/wp-content\/uploads\/2021\/03\/Cote-dIvoire-montee-de-tension-entre-les-partis-politiques.jpg","datePublished":"2021-03-08T10:33:55+00:00","dateModified":"2021-03-08T10:33:55+00:00","breadcrumb":{"@id":"https:\/\/guineediversite.com\/index.php\/2021\/03\/08\/legislatives-en-cote-divoire-montee-de-tension-entre-les-partis-politiques\/#breadcrumb"},"inLanguage":"fr-FR","potentialAction":[{"@type":"ReadAction","target":["https:\/\/guineediversite.com\/index.php\/2021\/03\/08\/legislatives-en-cote-divoire-montee-de-tension-entre-les-partis-politiques\/"]}]},{"@type":"ImageObject","inLanguage":"fr-FR","@id":"https:\/\/guineediversite.com\/index.php\/2021\/03\/08\/legislatives-en-cote-divoire-montee-de-tension-entre-les-partis-politiques\/#primaryimage","url":"https:\/\/guineediversite.com\/wp-content\/uploads\/2021\/03\/Cote-dIvoire-montee-de-tension-entre-les-partis-politiques.jpg","contentUrl":"https:\/\/guineediversite.com\/wp-content\/uploads\/2021\/03\/Cote-dIvoire-montee-de-tension-entre-les-partis-politiques.jpg","width":1500,"height":840},{"@type":"BreadcrumbList","@id":"https:\/\/guineediversite.com\/index.php\/2021\/03\/08\/legislatives-en-cote-divoire-montee-de-tension-entre-les-partis-politiques\/#breadcrumb","itemListElement":[{"@type":"ListItem","position":1,"name":"Accueil","item":"https:\/\/guineediversite.com\/"},{"@type":"ListItem","position":2,"name":"L\u00e9gislatives en C\u00f4te d\u2019Ivoire: mont\u00e9e de tension entre les partis politiques"}]},{"@type":"WebSite","@id":"https:\/\/guineediversite.com\/#website","url":"https:\/\/guineediversite.com\/","name":"Guin\u00e9e Diversit\u00e9","description":"L&#039;Info dans toute sa diversit\u00e9","publisher":{"@id":"https:\/\/guineediversite.com\/#organization"},"potentialAction":[{"@type":"SearchAction","target":{"@type":"EntryPoint","urlTemplate":"https:\/\/guineediversite.com\/?s={search_term_string}"},"query-input":{"@type":"PropertyValueSpecification","valueRequired":true,"valueName":"search_term_string"}}],"inLanguage":"fr-FR"},{"@type":"Organization","@id":"https:\/\/guineediversite.com\/#organization","name":"Guin\u00e9e Diversit\u00e9","url":"https:\/\/guineediversite.com\/","logo":{"@type":"ImageObject","inLanguage":"fr-FR","@id":"https:\/\/guineediversite.com\/#\/schema\/logo\/image\/","url":"https:\/\/guineediversite.com\/wp-content\/uploads\/2017\/04\/cropped-1jojlxEOMkX9Wyqfhe43D6kjPOGqBBKmx3EwWJqZ0cMrFF54yM49.png","contentUrl":"https:\/\/guineediversite.com\/wp-content\/uploads\/2017\/04\/cropped-1jojlxEOMkX9Wyqfhe43D6kjPOGqBBKmx3EwWJqZ0cMrFF54yM49.png","width":186,"height":112,"caption":"Guin\u00e9e Diversit\u00e9"},"image":{"@id":"https:\/\/guineediversite.com\/#\/schema\/logo\/image\/"},"sameAs":["https:\/\/www.facebook.com\/guineediversite\/","https:\/\/x.com\/GuineeDiversite","https:\/\/www.youtube.com\/channel\/UC8sUY16qelG5ge6_D5SB83g"]},{"@type":"Person","@id":"https:\/\/guineediversite.com\/#\/schema\/person\/afa08fb34e7fc6e1feafc892612bc836","name":"Guin\u00e9e Diversit\u00e9","image":{"@type":"ImageObject","inLanguage":"fr-FR","@id":"https:\/\/guineediversite.com\/#\/schema\/person\/image\/","url":"https:\/\/secure.gravatar.com\/avatar\/50d5eb5b390f8b65ac30ac6f898eb83a?s=96&d=mm&r=g","contentUrl":"https:\/\/secure.gravatar.com\/avatar\/50d5eb5b390f8b65ac30ac6f898eb83a?s=96&d=mm&r=g","caption":"Guin\u00e9e Diversit\u00e9"},"url":"https:\/\/guineediversite.com\/index.php\/author\/guineediversite\/"}]}},"_links":{"self":[{"href":"https:\/\/guineediversite.com\/index.php\/wp-json\/wp\/v2\/posts\/30880"}],"collection":[{"href":"https:\/\/guineediversite.com\/index.php\/wp-json\/wp\/v2\/posts"}],"about":[{"href":"https:\/\/guineediversite.com\/index.php\/wp-json\/wp\/v2\/types\/post"}],"author":[{"embeddable":true,"href":"https:\/\/guineediversite.com\/index.php\/wp-json\/wp\/v2\/users\/12"}],"replies":[{"embeddable":true,"href":"https:\/\/guineediversite.com\/index.php\/wp-json\/wp\/v2\/comments?post=30880"}],"version-history":[{"count":1,"href":"https:\/\/guineediversite.com\/index.php\/wp-json\/wp\/v2\/posts\/30880\/revisions"}],"predecessor-version":[{"id":30882,"href":"https:\/\/guineediversite.com\/index.php\/wp-json\/wp\/v2\/posts\/30880\/revisions\/30882"}],"wp:featuredmedia":[{"embeddable":true,"href":"https:\/\/guineediversite.com\/index.php\/wp-json\/wp\/v2\/media\/30881"}],"wp:attachment":[{"href":"https:\/\/guineediversite.com\/index.php\/wp-json\/wp\/v2\/media?parent=30880"}],"wp:term":[{"taxonomy":"category","embeddable":true,"href":"https:\/\/guineediversite.com\/index.php\/wp-json\/wp\/v2\/categories?post=30880"},{"taxonomy":"post_tag","embeddable":true,"href":"https:\/\/guineediversite.com\/index.php\/wp-json\/wp\/v2\/tags?post=30880"}],"curies":[{"name":"wp","href":"https:\/\/api.w.org\/{rel}","templated":true}]}}