{"id":30877,"date":"2021-03-08T11:22:42","date_gmt":"2021-03-08T10:22:42","guid":{"rendered":"https:\/\/guineediversite.com\/?p=30877"},"modified":"2021-03-08T11:22:42","modified_gmt":"2021-03-08T10:22:42","slug":"etats-unis-debut-a-haut-risque-du-proces-de-derek-chauvin-le-policier-qui-a-tue-george-floyd","status":"publish","type":"post","link":"https:\/\/guineediversite.com\/index.php\/2021\/03\/08\/etats-unis-debut-a-haut-risque-du-proces-de-derek-chauvin-le-policier-qui-a-tue-george-floyd\/","title":{"rendered":"\u00c9tats-Unis: d\u00e9but \u00e0 haut risque du proc\u00e8s de Derek Chauvin, le policier qui a tu\u00e9 George Floyd"},"content":{"rendered":"<p>C\u2019\u00e9tait le 25 mai dernier\u00a0: la mort de George Floyd, \u00e9touff\u00e9 sous le genou d\u2019un policier. L\u2019afro-am\u00e9ricain a \u00e9t\u00e9 tu\u00e9 par un policier blanc \u00e0 Minneapolis. La vid\u00e9o de la sc\u00e8ne film\u00e9e par des passants a imm\u00e9diatement fait le tour du monde et d\u00e9clench\u00e9 les protestations les plus violentes depuis des d\u00e9cennies aux \u00c9tats-Unis. Aujourd\u2019hui s\u2019ouvre \u00e0 Minneapolis le proc\u00e8s du policier Derek Chauvin, qui sera jug\u00e9 pour meurtre.<\/p>\n<p>Le proc\u00e8s s\u2019ouvre ce lundi avec la s\u00e9lection des jur\u00e9s.\u00a0C\u2019est un proc\u00e8s sous haute tension qui fait craindre un retour des violences, puisque la\u00a0col\u00e8re n\u2019est pas retomb\u00e9e. Dix mois apr\u00e8s la mort de George Floyd, les m\u00eames slogans r\u00e9sonnent encore dans les rues de Saint-Paul et de Minneapolis.<\/p>\n<p>Ce matin-l\u00e0, des familles d\u2019hommes noirs, tu\u00e9s eux aussi, par la police manifestent dans un quartier tr\u00e8s cossu sous les fen\u00eatres du gouverneur du Minnesota. Au moment de l\u2019ouverture du proc\u00e8s du policier le plus d\u00e9test\u00e9 du pays, ils sont venus demander la fin de l\u2019impunit\u00e9 polici\u00e8re, comme Toshira, 34 ans, dont le compagnon est mort dans des conditions confuses en 2009.<\/p>\n<p>\u00ab\u00a0<em>On n\u2019en peut plus de ces meurtres. On veut que les gens comprennent que George Floyd n\u2019est qu\u2019un visage parmi des centaines d\u2019autres meurtres ici, dans le Minnesota, mais aussi des milliers \u00e0 travers les \u00c9tats-Unis. On va regarder ce proc\u00e8s en priant et en esp\u00e9rant que justice soit rendue, parce que pour nous, elle n\u2019a pas \u00e9t\u00e9 rendue\u00a0<\/em>\u00bb, estime-t-elle.<\/p>\n<p><strong>\u00ab\u00a0<em>Les gens sont r\u00e9veill\u00e9s maintenant !<\/em>\u00a0\u00bb<\/strong><\/p>\n<p>Et les statistiques confirment ces propos. Chaque ann\u00e9e, en moyenne, la police am\u00e9ricaine fait un millier de morts, mais seuls 2% des agents sont ensuite poursuivis. Pour ces manifestants, comme Rodj, masque Black Lives Matter sur le visage, si l\u2019agonie de George Floyd sous le genou de Derek Chauvin reste impunie, apr\u00e8s avoir \u00e9t\u00e9 film\u00e9e et diffus\u00e9e sur les t\u00e9l\u00e9visions du monde entier, de nouvelles violences seront in\u00e9vitables.<\/p>\n<p>\u00ab\u00a0<em>Les gens sont r\u00e9veill\u00e9s maintenant ! S\u2019il reste impuni, \u00e7a va encore attiser la col\u00e8re dans la rue et dans les quartiers. Et ce qu\u2019on esp\u00e8re, c\u2019est que ce ne soit pas juste Derek Chauvin qui soit \u00e9pingl\u00e9. Nous voulons un d\u00e9bat sur l\u2019ensemble des services de police du Minnesota et des \u00c9tats-Unis. Parce que Derek Chauvin n\u2019a pas fait \u00e7a tout seul. Il avait tout un d\u00e9partement de police et tout un syst\u00e8me derri\u00e8re lui <\/em>!\u00a0\u00bb, estime-t-il.<\/p>\n<p>Et Minneapolis craint aujourd\u2019hui de revivre des sc\u00e8nes d\u2019\u00e9meutes comme celles qui ont secou\u00e9 les \u00c9tats-Unis cet \u00e9t\u00e9. Avant l\u2019ouverture de ce proc\u00e8s \u00e0 haut risque, le centre-ville a donc \u00e9t\u00e9 transform\u00e9 en camp retranch\u00e9. La mairie a d\u00e9pens\u00e9 plus de 600\u00a0000 dollars pour fortifier les b\u00e2timents officiels. D&rsquo;immenses blocs de b\u00e9tons ont \u00e9t\u00e9 plac\u00e9 devant tous les commissariats et des grilles de cinq\u00a0m\u00e8tres de haut entourent le Palais de justice o\u00f9\u00a0sera jug\u00e9 Derek Chauvin d\u00e8s aujourd\u2019hui.<\/p>\n<p><strong>Derek Chauvin compara\u00eet\u00a0libre<\/strong><\/p>\n<p>\u00ab <em>C\u2019est stupide. Je n\u2019ai jamais\u00a0rien vu de tel<\/em> \u00bb, dit Jim, un habitant venu photographier ces grilles angoissantes. Selon ce sexag\u00e9naire afro-am\u00e9ricain, si la mairie les a install\u00e9es, c\u2019est qu\u2019elle anticipe un acquittement du tueur de George Floyd. \u00ab <em>Je suis constern\u00e9 quand je vois \u00e7a. Voil\u00e0 o\u00f9 en est notre \u00c9tat. Pourquoi avoir mis en place tout \u00e7a si ce n\u2019est pour nous dire que peut-\u00eatre, il n\u2019est pas coupable ? A mon avis, s\u2019ils ont mis tout \u00e7a, c\u2019est parce qu\u2019ils s\u2019attendent \u00e0 un acquittement. Ces barbel\u00e9s, ces grillages, \u00e7a nous dit qu\u2019il y a un truc qui tourne pas rond dans le syst\u00e8me. Vous avez vu la vid\u00e9o ? Eh ben c\u2019est clair. Il est coupable<\/em> ! \u00bb, poursuit-il.<\/p>\n<p>Derek Chauvin, 44 ans,\u00a0compara\u00eet\u00a0libre apr\u00e8s paiement d\u2019une caution de 100\u00a0000 dollars. Son proc\u00e8s va s\u2019\u00e9taler sur plusieurs semaines, jusqu\u2019\u00e0 la fin du mois d\u2019avril.<\/p>\n<p><strong>RFI<\/strong><\/p>\n","protected":false},"excerpt":{"rendered":"<p>C\u2019\u00e9tait le 25 mai dernier\u00a0: la mort de George Floyd, \u00e9touff\u00e9 sous le genou d\u2019un policier. L\u2019afro-am\u00e9ricain a \u00e9t\u00e9 tu\u00e9 par un policier blanc \u00e0 Minneapolis. La vid\u00e9o de la sc\u00e8ne film\u00e9e par des passants a imm\u00e9diatement fait le tour du monde et d\u00e9clench\u00e9 les protestations les plus violentes depuis des d\u00e9cennies aux \u00c9tats-Unis. Aujourd\u2019hui [&hellip;]<\/p>\n","protected":false},"author":12,"featured_media":30878,"comment_status":"closed","ping_status":"open","sticky":false,"template":"","format":"standard","meta":{"_exactmetrics_skip_tracking":false,"_exactmetrics_sitenote_active":false,"_exactmetrics_sitenote_note":"","_exactmetrics_sitenote_category":0,"tdm_status":"","tdm_grid_status":"","footnotes":""},"categories":[21],"tags":[],"class_list":{"0":"post-30877","1":"post","2":"type-post","3":"status-publish","4":"format-standard","5":"has-post-thumbnail","7":"category-international"},"yoast_head":"<!-- This site is optimized with the Yoast SEO plugin v24.2 - https:\/\/yoast.com\/wordpress\/plugins\/seo\/ -->\n<title>\u00c9tats-Unis: d\u00e9but \u00e0 haut risque du proc\u00e8s de Derek Chauvin, le policier qui a tu\u00e9 George Floyd | Guin\u00e9e Diversit\u00e9<\/title>\n<meta name=\"robots\" content=\"index, follow, max-snippet:-1, max-image-preview:large, max-video-preview:-1\" \/>\n<link rel=\"canonical\" href=\"https:\/\/guineediversite.com\/index.php\/2021\/03\/08\/etats-unis-debut-a-haut-risque-du-proces-de-derek-chauvin-le-policier-qui-a-tue-george-floyd\/\" \/>\n<meta property=\"og:locale\" content=\"fr_FR\" \/>\n<meta property=\"og:type\" content=\"article\" \/>\n<meta property=\"og:title\" content=\"\u00c9tats-Unis: d\u00e9but \u00e0 haut risque du proc\u00e8s de Derek Chauvin, le policier qui a tu\u00e9 George Floyd | Guin\u00e9e Diversit\u00e9\" \/>\n<meta property=\"og:description\" content=\"C\u2019\u00e9tait le 25 mai dernier\u00a0: la mort de George Floyd, \u00e9touff\u00e9 sous le genou d\u2019un policier. L\u2019afro-am\u00e9ricain a \u00e9t\u00e9 tu\u00e9 par un policier blanc \u00e0 Minneapolis. La vid\u00e9o de la sc\u00e8ne film\u00e9e par des passants a imm\u00e9diatement fait le tour du monde et d\u00e9clench\u00e9 les protestations les plus violentes depuis des d\u00e9cennies aux \u00c9tats-Unis. Aujourd\u2019hui [&hellip;]\" \/>\n<meta property=\"og:url\" content=\"https:\/\/guineediversite.com\/index.php\/2021\/03\/08\/etats-unis-debut-a-haut-risque-du-proces-de-derek-chauvin-le-policier-qui-a-tue-george-floyd\/\" \/>\n<meta property=\"og:site_name\" content=\"Guin\u00e9e Diversit\u00e9\" \/>\n<meta property=\"article:publisher\" content=\"https:\/\/www.facebook.com\/guineediversite\/\" \/>\n<meta property=\"article:published_time\" content=\"2021-03-08T10:22:42+00:00\" \/>\n<meta property=\"og:image\" content=\"https:\/\/guineediversite.com\/wp-content\/uploads\/2021\/03\/debut-a-haut-risque-du-proces-de-Derek-Chauvin.jpg\" \/>\n\t<meta property=\"og:image:width\" content=\"1500\" \/>\n\t<meta property=\"og:image:height\" content=\"840\" \/>\n\t<meta property=\"og:image:type\" content=\"image\/jpeg\" \/>\n<meta name=\"author\" content=\"Guin\u00e9e Diversit\u00e9\" \/>\n<meta name=\"twitter:card\" content=\"summary_large_image\" \/>\n<meta name=\"twitter:creator\" content=\"@GuineeDiversite\" \/>\n<meta name=\"twitter:site\" content=\"@GuineeDiversite\" \/>\n<meta name=\"twitter:label1\" content=\"\u00c9crit par\" \/>\n\t<meta name=\"twitter:data1\" content=\"Guin\u00e9e Diversit\u00e9\" \/>\n\t<meta name=\"twitter:label2\" content=\"Dur\u00e9e de lecture estim\u00e9e\" \/>\n\t<meta name=\"twitter:data2\" content=\"4 minutes\" \/>\n<script type=\"application\/ld+json\" class=\"yoast-schema-graph\">{\"@context\":\"https:\/\/schema.org\",\"@graph\":[{\"@type\":\"Article\",\"@id\":\"https:\/\/guineediversite.com\/index.php\/2021\/03\/08\/etats-unis-debut-a-haut-risque-du-proces-de-derek-chauvin-le-policier-qui-a-tue-george-floyd\/#article\",\"isPartOf\":{\"@id\":\"https:\/\/guineediversite.com\/index.php\/2021\/03\/08\/etats-unis-debut-a-haut-risque-du-proces-de-derek-chauvin-le-policier-qui-a-tue-george-floyd\/\"},\"author\":{\"name\":\"Guin\u00e9e Diversit\u00e9\",\"@id\":\"https:\/\/guineediversite.com\/#\/schema\/person\/afa08fb34e7fc6e1feafc892612bc836\"},\"headline\":\"\u00c9tats-Unis: d\u00e9but \u00e0 haut risque du proc\u00e8s de Derek Chauvin, le policier qui a tu\u00e9 George Floyd\",\"datePublished\":\"2021-03-08T10:22:42+00:00\",\"dateModified\":\"2021-03-08T10:22:42+00:00\",\"mainEntityOfPage\":{\"@id\":\"https:\/\/guineediversite.com\/index.php\/2021\/03\/08\/etats-unis-debut-a-haut-risque-du-proces-de-derek-chauvin-le-policier-qui-a-tue-george-floyd\/\"},\"wordCount\":726,\"publisher\":{\"@id\":\"https:\/\/guineediversite.com\/#organization\"},\"image\":{\"@id\":\"https:\/\/guineediversite.com\/index.php\/2021\/03\/08\/etats-unis-debut-a-haut-risque-du-proces-de-derek-chauvin-le-policier-qui-a-tue-george-floyd\/#primaryimage\"},\"thumbnailUrl\":\"https:\/\/guineediversite.com\/wp-content\/uploads\/2021\/03\/debut-a-haut-risque-du-proces-de-Derek-Chauvin.jpg\",\"articleSection\":[\"International\"],\"inLanguage\":\"fr-FR\"},{\"@type\":\"WebPage\",\"@id\":\"https:\/\/guineediversite.com\/index.php\/2021\/03\/08\/etats-unis-debut-a-haut-risque-du-proces-de-derek-chauvin-le-policier-qui-a-tue-george-floyd\/\",\"url\":\"https:\/\/guineediversite.com\/index.php\/2021\/03\/08\/etats-unis-debut-a-haut-risque-du-proces-de-derek-chauvin-le-policier-qui-a-tue-george-floyd\/\",\"name\":\"\u00c9tats-Unis: d\u00e9but \u00e0 haut risque du proc\u00e8s de Derek Chauvin, le policier qui a tu\u00e9 George Floyd | Guin\u00e9e Diversit\u00e9\",\"isPartOf\":{\"@id\":\"https:\/\/guineediversite.com\/#website\"},\"primaryImageOfPage\":{\"@id\":\"https:\/\/guineediversite.com\/index.php\/2021\/03\/08\/etats-unis-debut-a-haut-risque-du-proces-de-derek-chauvin-le-policier-qui-a-tue-george-floyd\/#primaryimage\"},\"image\":{\"@id\":\"https:\/\/guineediversite.com\/index.php\/2021\/03\/08\/etats-unis-debut-a-haut-risque-du-proces-de-derek-chauvin-le-policier-qui-a-tue-george-floyd\/#primaryimage\"},\"thumbnailUrl\":\"https:\/\/guineediversite.com\/wp-content\/uploads\/2021\/03\/debut-a-haut-risque-du-proces-de-Derek-Chauvin.jpg\",\"datePublished\":\"2021-03-08T10:22:42+00:00\",\"dateModified\":\"2021-03-08T10:22:42+00:00\",\"breadcrumb\":{\"@id\":\"https:\/\/guineediversite.com\/index.php\/2021\/03\/08\/etats-unis-debut-a-haut-risque-du-proces-de-derek-chauvin-le-policier-qui-a-tue-george-floyd\/#breadcrumb\"},\"inLanguage\":\"fr-FR\",\"potentialAction\":[{\"@type\":\"ReadAction\",\"target\":[\"https:\/\/guineediversite.com\/index.php\/2021\/03\/08\/etats-unis-debut-a-haut-risque-du-proces-de-derek-chauvin-le-policier-qui-a-tue-george-floyd\/\"]}]},{\"@type\":\"ImageObject\",\"inLanguage\":\"fr-FR\",\"@id\":\"https:\/\/guineediversite.com\/index.php\/2021\/03\/08\/etats-unis-debut-a-haut-risque-du-proces-de-derek-chauvin-le-policier-qui-a-tue-george-floyd\/#primaryimage\",\"url\":\"https:\/\/guineediversite.com\/wp-content\/uploads\/2021\/03\/debut-a-haut-risque-du-proces-de-Derek-Chauvin.jpg\",\"contentUrl\":\"https:\/\/guineediversite.com\/wp-content\/uploads\/2021\/03\/debut-a-haut-risque-du-proces-de-Derek-Chauvin.jpg\",\"width\":1500,\"height\":840},{\"@type\":\"BreadcrumbList\",\"@id\":\"https:\/\/guineediversite.com\/index.php\/2021\/03\/08\/etats-unis-debut-a-haut-risque-du-proces-de-derek-chauvin-le-policier-qui-a-tue-george-floyd\/#breadcrumb\",\"itemListElement\":[{\"@type\":\"ListItem\",\"position\":1,\"name\":\"Accueil\",\"item\":\"https:\/\/guineediversite.com\/\"},{\"@type\":\"ListItem\",\"position\":2,\"name\":\"\u00c9tats-Unis: d\u00e9but \u00e0 haut risque du proc\u00e8s de Derek Chauvin, le policier qui a tu\u00e9 George Floyd\"}]},{\"@type\":\"WebSite\",\"@id\":\"https:\/\/guineediversite.com\/#website\",\"url\":\"https:\/\/guineediversite.com\/\",\"name\":\"Guin\u00e9e Diversit\u00e9\",\"description\":\"L&#039;Info dans toute sa diversit\u00e9\",\"publisher\":{\"@id\":\"https:\/\/guineediversite.com\/#organization\"},\"potentialAction\":[{\"@type\":\"SearchAction\",\"target\":{\"@type\":\"EntryPoint\",\"urlTemplate\":\"https:\/\/guineediversite.com\/?s={search_term_string}\"},\"query-input\":{\"@type\":\"PropertyValueSpecification\",\"valueRequired\":true,\"valueName\":\"search_term_string\"}}],\"inLanguage\":\"fr-FR\"},{\"@type\":\"Organization\",\"@id\":\"https:\/\/guineediversite.com\/#organization\",\"name\":\"Guin\u00e9e Diversit\u00e9\",\"url\":\"https:\/\/guineediversite.com\/\",\"logo\":{\"@type\":\"ImageObject\",\"inLanguage\":\"fr-FR\",\"@id\":\"https:\/\/guineediversite.com\/#\/schema\/logo\/image\/\",\"url\":\"https:\/\/guineediversite.com\/wp-content\/uploads\/2017\/04\/cropped-1jojlxEOMkX9Wyqfhe43D6kjPOGqBBKmx3EwWJqZ0cMrFF54yM49.png\",\"contentUrl\":\"https:\/\/guineediversite.com\/wp-content\/uploads\/2017\/04\/cropped-1jojlxEOMkX9Wyqfhe43D6kjPOGqBBKmx3EwWJqZ0cMrFF54yM49.png\",\"width\":186,\"height\":112,\"caption\":\"Guin\u00e9e Diversit\u00e9\"},\"image\":{\"@id\":\"https:\/\/guineediversite.com\/#\/schema\/logo\/image\/\"},\"sameAs\":[\"https:\/\/www.facebook.com\/guineediversite\/\",\"https:\/\/x.com\/GuineeDiversite\",\"https:\/\/www.youtube.com\/channel\/UC8sUY16qelG5ge6_D5SB83g\"]},{\"@type\":\"Person\",\"@id\":\"https:\/\/guineediversite.com\/#\/schema\/person\/afa08fb34e7fc6e1feafc892612bc836\",\"name\":\"Guin\u00e9e Diversit\u00e9\",\"image\":{\"@type\":\"ImageObject\",\"inLanguage\":\"fr-FR\",\"@id\":\"https:\/\/guineediversite.com\/#\/schema\/person\/image\/\",\"url\":\"https:\/\/secure.gravatar.com\/avatar\/50d5eb5b390f8b65ac30ac6f898eb83a?s=96&d=mm&r=g\",\"contentUrl\":\"https:\/\/secure.gravatar.com\/avatar\/50d5eb5b390f8b65ac30ac6f898eb83a?s=96&d=mm&r=g\",\"caption\":\"Guin\u00e9e Diversit\u00e9\"},\"url\":\"https:\/\/guineediversite.com\/index.php\/author\/guineediversite\/\"}]}<\/script>\n<!-- \/ Yoast SEO plugin. -->","yoast_head_json":{"title":"\u00c9tats-Unis: d\u00e9but \u00e0 haut risque du proc\u00e8s de Derek Chauvin, le policier qui a tu\u00e9 George Floyd | Guin\u00e9e Diversit\u00e9","robots":{"index":"index","follow":"follow","max-snippet":"max-snippet:-1","max-image-preview":"max-image-preview:large","max-video-preview":"max-video-preview:-1"},"canonical":"https:\/\/guineediversite.com\/index.php\/2021\/03\/08\/etats-unis-debut-a-haut-risque-du-proces-de-derek-chauvin-le-policier-qui-a-tue-george-floyd\/","og_locale":"fr_FR","og_type":"article","og_title":"\u00c9tats-Unis: d\u00e9but \u00e0 haut risque du proc\u00e8s de Derek Chauvin, le policier qui a tu\u00e9 George Floyd | Guin\u00e9e Diversit\u00e9","og_description":"C\u2019\u00e9tait le 25 mai dernier\u00a0: la mort de George Floyd, \u00e9touff\u00e9 sous le genou d\u2019un policier. L\u2019afro-am\u00e9ricain a \u00e9t\u00e9 tu\u00e9 par un policier blanc \u00e0 Minneapolis. La vid\u00e9o de la sc\u00e8ne film\u00e9e par des passants a imm\u00e9diatement fait le tour du monde et d\u00e9clench\u00e9 les protestations les plus violentes depuis des d\u00e9cennies aux \u00c9tats-Unis. Aujourd\u2019hui [&hellip;]","og_url":"https:\/\/guineediversite.com\/index.php\/2021\/03\/08\/etats-unis-debut-a-haut-risque-du-proces-de-derek-chauvin-le-policier-qui-a-tue-george-floyd\/","og_site_name":"Guin\u00e9e Diversit\u00e9","article_publisher":"https:\/\/www.facebook.com\/guineediversite\/","article_published_time":"2021-03-08T10:22:42+00:00","og_image":[{"width":1500,"height":840,"url":"https:\/\/guineediversite.com\/wp-content\/uploads\/2021\/03\/debut-a-haut-risque-du-proces-de-Derek-Chauvin.jpg","type":"image\/jpeg"}],"author":"Guin\u00e9e Diversit\u00e9","twitter_card":"summary_large_image","twitter_creator":"@GuineeDiversite","twitter_site":"@GuineeDiversite","twitter_misc":{"\u00c9crit par":"Guin\u00e9e Diversit\u00e9","Dur\u00e9e de lecture estim\u00e9e":"4 minutes"},"schema":{"@context":"https:\/\/schema.org","@graph":[{"@type":"Article","@id":"https:\/\/guineediversite.com\/index.php\/2021\/03\/08\/etats-unis-debut-a-haut-risque-du-proces-de-derek-chauvin-le-policier-qui-a-tue-george-floyd\/#article","isPartOf":{"@id":"https:\/\/guineediversite.com\/index.php\/2021\/03\/08\/etats-unis-debut-a-haut-risque-du-proces-de-derek-chauvin-le-policier-qui-a-tue-george-floyd\/"},"author":{"name":"Guin\u00e9e Diversit\u00e9","@id":"https:\/\/guineediversite.com\/#\/schema\/person\/afa08fb34e7fc6e1feafc892612bc836"},"headline":"\u00c9tats-Unis: d\u00e9but \u00e0 haut risque du proc\u00e8s de Derek Chauvin, le policier qui a tu\u00e9 George Floyd","datePublished":"2021-03-08T10:22:42+00:00","dateModified":"2021-03-08T10:22:42+00:00","mainEntityOfPage":{"@id":"https:\/\/guineediversite.com\/index.php\/2021\/03\/08\/etats-unis-debut-a-haut-risque-du-proces-de-derek-chauvin-le-policier-qui-a-tue-george-floyd\/"},"wordCount":726,"publisher":{"@id":"https:\/\/guineediversite.com\/#organization"},"image":{"@id":"https:\/\/guineediversite.com\/index.php\/2021\/03\/08\/etats-unis-debut-a-haut-risque-du-proces-de-derek-chauvin-le-policier-qui-a-tue-george-floyd\/#primaryimage"},"thumbnailUrl":"https:\/\/guineediversite.com\/wp-content\/uploads\/2021\/03\/debut-a-haut-risque-du-proces-de-Derek-Chauvin.jpg","articleSection":["International"],"inLanguage":"fr-FR"},{"@type":"WebPage","@id":"https:\/\/guineediversite.com\/index.php\/2021\/03\/08\/etats-unis-debut-a-haut-risque-du-proces-de-derek-chauvin-le-policier-qui-a-tue-george-floyd\/","url":"https:\/\/guineediversite.com\/index.php\/2021\/03\/08\/etats-unis-debut-a-haut-risque-du-proces-de-derek-chauvin-le-policier-qui-a-tue-george-floyd\/","name":"\u00c9tats-Unis: d\u00e9but \u00e0 haut risque du proc\u00e8s de Derek Chauvin, le policier qui a tu\u00e9 George Floyd | Guin\u00e9e Diversit\u00e9","isPartOf":{"@id":"https:\/\/guineediversite.com\/#website"},"primaryImageOfPage":{"@id":"https:\/\/guineediversite.com\/index.php\/2021\/03\/08\/etats-unis-debut-a-haut-risque-du-proces-de-derek-chauvin-le-policier-qui-a-tue-george-floyd\/#primaryimage"},"image":{"@id":"https:\/\/guineediversite.com\/index.php\/2021\/03\/08\/etats-unis-debut-a-haut-risque-du-proces-de-derek-chauvin-le-policier-qui-a-tue-george-floyd\/#primaryimage"},"thumbnailUrl":"https:\/\/guineediversite.com\/wp-content\/uploads\/2021\/03\/debut-a-haut-risque-du-proces-de-Derek-Chauvin.jpg","datePublished":"2021-03-08T10:22:42+00:00","dateModified":"2021-03-08T10:22:42+00:00","breadcrumb":{"@id":"https:\/\/guineediversite.com\/index.php\/2021\/03\/08\/etats-unis-debut-a-haut-risque-du-proces-de-derek-chauvin-le-policier-qui-a-tue-george-floyd\/#breadcrumb"},"inLanguage":"fr-FR","potentialAction":[{"@type":"ReadAction","target":["https:\/\/guineediversite.com\/index.php\/2021\/03\/08\/etats-unis-debut-a-haut-risque-du-proces-de-derek-chauvin-le-policier-qui-a-tue-george-floyd\/"]}]},{"@type":"ImageObject","inLanguage":"fr-FR","@id":"https:\/\/guineediversite.com\/index.php\/2021\/03\/08\/etats-unis-debut-a-haut-risque-du-proces-de-derek-chauvin-le-policier-qui-a-tue-george-floyd\/#primaryimage","url":"https:\/\/guineediversite.com\/wp-content\/uploads\/2021\/03\/debut-a-haut-risque-du-proces-de-Derek-Chauvin.jpg","contentUrl":"https:\/\/guineediversite.com\/wp-content\/uploads\/2021\/03\/debut-a-haut-risque-du-proces-de-Derek-Chauvin.jpg","width":1500,"height":840},{"@type":"BreadcrumbList","@id":"https:\/\/guineediversite.com\/index.php\/2021\/03\/08\/etats-unis-debut-a-haut-risque-du-proces-de-derek-chauvin-le-policier-qui-a-tue-george-floyd\/#breadcrumb","itemListElement":[{"@type":"ListItem","position":1,"name":"Accueil","item":"https:\/\/guineediversite.com\/"},{"@type":"ListItem","position":2,"name":"\u00c9tats-Unis: d\u00e9but \u00e0 haut risque du proc\u00e8s de Derek Chauvin, le policier qui a tu\u00e9 George Floyd"}]},{"@type":"WebSite","@id":"https:\/\/guineediversite.com\/#website","url":"https:\/\/guineediversite.com\/","name":"Guin\u00e9e Diversit\u00e9","description":"L&#039;Info dans toute sa diversit\u00e9","publisher":{"@id":"https:\/\/guineediversite.com\/#organization"},"potentialAction":[{"@type":"SearchAction","target":{"@type":"EntryPoint","urlTemplate":"https:\/\/guineediversite.com\/?s={search_term_string}"},"query-input":{"@type":"PropertyValueSpecification","valueRequired":true,"valueName":"search_term_string"}}],"inLanguage":"fr-FR"},{"@type":"Organization","@id":"https:\/\/guineediversite.com\/#organization","name":"Guin\u00e9e Diversit\u00e9","url":"https:\/\/guineediversite.com\/","logo":{"@type":"ImageObject","inLanguage":"fr-FR","@id":"https:\/\/guineediversite.com\/#\/schema\/logo\/image\/","url":"https:\/\/guineediversite.com\/wp-content\/uploads\/2017\/04\/cropped-1jojlxEOMkX9Wyqfhe43D6kjPOGqBBKmx3EwWJqZ0cMrFF54yM49.png","contentUrl":"https:\/\/guineediversite.com\/wp-content\/uploads\/2017\/04\/cropped-1jojlxEOMkX9Wyqfhe43D6kjPOGqBBKmx3EwWJqZ0cMrFF54yM49.png","width":186,"height":112,"caption":"Guin\u00e9e Diversit\u00e9"},"image":{"@id":"https:\/\/guineediversite.com\/#\/schema\/logo\/image\/"},"sameAs":["https:\/\/www.facebook.com\/guineediversite\/","https:\/\/x.com\/GuineeDiversite","https:\/\/www.youtube.com\/channel\/UC8sUY16qelG5ge6_D5SB83g"]},{"@type":"Person","@id":"https:\/\/guineediversite.com\/#\/schema\/person\/afa08fb34e7fc6e1feafc892612bc836","name":"Guin\u00e9e Diversit\u00e9","image":{"@type":"ImageObject","inLanguage":"fr-FR","@id":"https:\/\/guineediversite.com\/#\/schema\/person\/image\/","url":"https:\/\/secure.gravatar.com\/avatar\/50d5eb5b390f8b65ac30ac6f898eb83a?s=96&d=mm&r=g","contentUrl":"https:\/\/secure.gravatar.com\/avatar\/50d5eb5b390f8b65ac30ac6f898eb83a?s=96&d=mm&r=g","caption":"Guin\u00e9e Diversit\u00e9"},"url":"https:\/\/guineediversite.com\/index.php\/author\/guineediversite\/"}]}},"_links":{"self":[{"href":"https:\/\/guineediversite.com\/index.php\/wp-json\/wp\/v2\/posts\/30877"}],"collection":[{"href":"https:\/\/guineediversite.com\/index.php\/wp-json\/wp\/v2\/posts"}],"about":[{"href":"https:\/\/guineediversite.com\/index.php\/wp-json\/wp\/v2\/types\/post"}],"author":[{"embeddable":true,"href":"https:\/\/guineediversite.com\/index.php\/wp-json\/wp\/v2\/users\/12"}],"replies":[{"embeddable":true,"href":"https:\/\/guineediversite.com\/index.php\/wp-json\/wp\/v2\/comments?post=30877"}],"version-history":[{"count":1,"href":"https:\/\/guineediversite.com\/index.php\/wp-json\/wp\/v2\/posts\/30877\/revisions"}],"predecessor-version":[{"id":30879,"href":"https:\/\/guineediversite.com\/index.php\/wp-json\/wp\/v2\/posts\/30877\/revisions\/30879"}],"wp:featuredmedia":[{"embeddable":true,"href":"https:\/\/guineediversite.com\/index.php\/wp-json\/wp\/v2\/media\/30878"}],"wp:attachment":[{"href":"https:\/\/guineediversite.com\/index.php\/wp-json\/wp\/v2\/media?parent=30877"}],"wp:term":[{"taxonomy":"category","embeddable":true,"href":"https:\/\/guineediversite.com\/index.php\/wp-json\/wp\/v2\/categories?post=30877"},{"taxonomy":"post_tag","embeddable":true,"href":"https:\/\/guineediversite.com\/index.php\/wp-json\/wp\/v2\/tags?post=30877"}],"curies":[{"name":"wp","href":"https:\/\/api.w.org\/{rel}","templated":true}]}}