{"id":30875,"date":"2021-03-05T21:10:44","date_gmt":"2021-03-05T20:10:44","guid":{"rendered":"https:\/\/guineediversite.com\/?p=30875"},"modified":"2021-03-05T21:10:57","modified_gmt":"2021-03-05T20:10:57","slug":"manifestation-a-kaloum-suite-au-deces-dun-jeune-en-prison","status":"publish","type":"post","link":"https:\/\/guineediversite.com\/index.php\/2021\/03\/05\/manifestation-a-kaloum-suite-au-deces-dun-jeune-en-prison\/","title":{"rendered":"Manifestation \u00e0 Kaloum suite au d\u00e9c\u00e8s d\u2019un jeune en prison"},"content":{"rendered":"<p><strong>Plusieurs quartiers de Kaloum \u00e9taient en \u00e9bullition, ce vendredi dans l\u2019apr\u00e8s-midi. Des jeunes en col\u00e8re ont barricad\u00e9 les rues et br\u00fbl\u00e9 des pneus dans plusieurs endroits, notamment \u00e0 Boulbinet, Manquepas, Sandervalia.<\/strong><\/p>\n<p>Selon plusieurs t\u00e9moignages, les jeunes expriment leur col\u00e8re suite \u00e0 l\u2019arrestation d\u2019un jeune depuis le 24 f\u00e9vrier et qui serait mort ce vendredi en prison.<br \/>\nLes forces de l\u2019ordre ont \u00e9t\u00e9 vite d\u00e9ploy\u00e9es sur le terrain pour disperser les jeunes manifestants qui jettent des pierres.<\/p>\n<p>Cette manifestation tendue a bloqu\u00e9 la circulation dans diff\u00e9rents endroits de Kaloum.<br \/>\nAboubacar Bamba, membre de la famille du jeune d\u00e9c\u00e9d\u00e9, exprime son d\u00e9sarroi face au agissement des forces de l\u2019ordre.<br \/>\n\u00ab\u00a0<em>Je suis d\u00e9sol\u00e9 \u00e0 plus d&rsquo;un titre, un membre de ma famille tu\u00e9 dans un pays de droit comme la Guin\u00e9e. Innocemment arr\u00eat\u00e9, on l&rsquo;envoie \u00e0 l&rsquo;OCAD, moi personnellement je suis all\u00e9 pour sa rencontre, on m&rsquo;a chass\u00e9 je n&rsquo;ai pas pu le rencontrer. Son avocat a tout fait pour le rencontrer, sans succ\u00e8s. Ils ont voulu le tuer. Ils l&rsquo;ont tu\u00e9 mais Dieu va rendre justice et \u00e7a ne se passera pas comme \u00e7a, soit la justice, ou ils nous massacrent tous<\/em>\u00ab\u00a0, a-t-il fait savoir avec un ton de col\u00e8re.<\/p>\n","protected":false},"excerpt":{"rendered":"<p>Plusieurs quartiers de Kaloum \u00e9taient en \u00e9bullition, ce vendredi dans l\u2019apr\u00e8s-midi. Des jeunes en col\u00e8re ont barricad\u00e9 les rues et br\u00fbl\u00e9 des pneus dans plusieurs endroits, notamment \u00e0 Boulbinet, Manquepas, Sandervalia. Selon plusieurs t\u00e9moignages, les jeunes expriment leur col\u00e8re suite \u00e0 l\u2019arrestation d\u2019un jeune depuis le 24 f\u00e9vrier et qui serait mort ce vendredi en [&hellip;]<\/p>\n","protected":false},"author":10,"featured_media":30228,"comment_status":"closed","ping_status":"open","sticky":false,"template":"","format":"standard","meta":{"_exactmetrics_skip_tracking":false,"_exactmetrics_sitenote_active":false,"_exactmetrics_sitenote_note":"","_exactmetrics_sitenote_category":0,"tdm_status":"","tdm_grid_status":"","footnotes":""},"categories":[254,16],"tags":[],"class_list":{"0":"post-30875","1":"post","2":"type-post","3":"status-publish","4":"format-standard","5":"has-post-thumbnail","7":"category-derniere-minute","8":"category-societe"},"yoast_head":"<!-- This site is optimized with the Yoast SEO plugin v24.2 - https:\/\/yoast.com\/wordpress\/plugins\/seo\/ -->\n<title>Manifestation \u00e0 Kaloum suite au d\u00e9c\u00e8s d\u2019un jeune en prison | Guin\u00e9e Diversit\u00e9<\/title>\n<meta name=\"robots\" content=\"index, follow, max-snippet:-1, max-image-preview:large, max-video-preview:-1\" \/>\n<link rel=\"canonical\" href=\"https:\/\/guineediversite.com\/index.php\/2021\/03\/05\/manifestation-a-kaloum-suite-au-deces-dun-jeune-en-prison\/\" \/>\n<meta property=\"og:locale\" content=\"fr_FR\" \/>\n<meta property=\"og:type\" content=\"article\" \/>\n<meta property=\"og:title\" content=\"Manifestation \u00e0 Kaloum suite au d\u00e9c\u00e8s d\u2019un jeune en prison | Guin\u00e9e Diversit\u00e9\" \/>\n<meta property=\"og:description\" content=\"Plusieurs quartiers de Kaloum \u00e9taient en \u00e9bullition, ce vendredi dans l\u2019apr\u00e8s-midi. Des jeunes en col\u00e8re ont barricad\u00e9 les rues et br\u00fbl\u00e9 des pneus dans plusieurs endroits, notamment \u00e0 Boulbinet, Manquepas, Sandervalia. Selon plusieurs t\u00e9moignages, les jeunes expriment leur col\u00e8re suite \u00e0 l\u2019arrestation d\u2019un jeune depuis le 24 f\u00e9vrier et qui serait mort ce vendredi en [&hellip;]\" \/>\n<meta property=\"og:url\" content=\"https:\/\/guineediversite.com\/index.php\/2021\/03\/05\/manifestation-a-kaloum-suite-au-deces-dun-jeune-en-prison\/\" \/>\n<meta property=\"og:site_name\" content=\"Guin\u00e9e Diversit\u00e9\" \/>\n<meta property=\"article:publisher\" content=\"https:\/\/www.facebook.com\/guineediversite\/\" \/>\n<meta property=\"article:published_time\" content=\"2021-03-05T20:10:44+00:00\" \/>\n<meta property=\"article:modified_time\" content=\"2021-03-05T20:10:57+00:00\" \/>\n<meta property=\"og:image\" content=\"https:\/\/guineediversite.com\/wp-content\/uploads\/2020\/07\/Des-manifestants-h\u00e9rissent-des-barricades-\u00e0-Bamako-le-11-juillet-2020..jpg\" \/>\n\t<meta property=\"og:image:width\" content=\"1500\" \/>\n\t<meta property=\"og:image:height\" content=\"840\" \/>\n\t<meta property=\"og:image:type\" content=\"image\/jpeg\" \/>\n<meta name=\"author\" content=\"Morcire Camara\" \/>\n<meta name=\"twitter:card\" content=\"summary_large_image\" \/>\n<meta name=\"twitter:creator\" content=\"@GuineeDiversite\" \/>\n<meta name=\"twitter:site\" content=\"@GuineeDiversite\" \/>\n<meta name=\"twitter:label1\" content=\"\u00c9crit par\" \/>\n\t<meta name=\"twitter:data1\" content=\"Morcire Camara\" \/>\n\t<meta name=\"twitter:label2\" content=\"Dur\u00e9e de lecture estim\u00e9e\" \/>\n\t<meta name=\"twitter:data2\" content=\"1 minute\" \/>\n<script type=\"application\/ld+json\" class=\"yoast-schema-graph\">{\"@context\":\"https:\/\/schema.org\",\"@graph\":[{\"@type\":\"Article\",\"@id\":\"https:\/\/guineediversite.com\/index.php\/2021\/03\/05\/manifestation-a-kaloum-suite-au-deces-dun-jeune-en-prison\/#article\",\"isPartOf\":{\"@id\":\"https:\/\/guineediversite.com\/index.php\/2021\/03\/05\/manifestation-a-kaloum-suite-au-deces-dun-jeune-en-prison\/\"},\"author\":{\"name\":\"Morcire Camara\",\"@id\":\"https:\/\/guineediversite.com\/#\/schema\/person\/fa362494c47202ce4b3adf55abcc9d01\"},\"headline\":\"Manifestation \u00e0 Kaloum suite au d\u00e9c\u00e8s d\u2019un jeune en prison\",\"datePublished\":\"2021-03-05T20:10:44+00:00\",\"dateModified\":\"2021-03-05T20:10:57+00:00\",\"mainEntityOfPage\":{\"@id\":\"https:\/\/guineediversite.com\/index.php\/2021\/03\/05\/manifestation-a-kaloum-suite-au-deces-dun-jeune-en-prison\/\"},\"wordCount\":233,\"publisher\":{\"@id\":\"https:\/\/guineediversite.com\/#organization\"},\"image\":{\"@id\":\"https:\/\/guineediversite.com\/index.php\/2021\/03\/05\/manifestation-a-kaloum-suite-au-deces-dun-jeune-en-prison\/#primaryimage\"},\"thumbnailUrl\":\"https:\/\/guineediversite.com\/wp-content\/uploads\/2020\/07\/Des-manifestants-h\u00e9rissent-des-barricades-\u00e0-Bamako-le-11-juillet-2020..jpg\",\"articleSection\":[\"Derni\u00e8re minute\",\"Soci\u00e9t\u00e9\"],\"inLanguage\":\"fr-FR\"},{\"@type\":\"WebPage\",\"@id\":\"https:\/\/guineediversite.com\/index.php\/2021\/03\/05\/manifestation-a-kaloum-suite-au-deces-dun-jeune-en-prison\/\",\"url\":\"https:\/\/guineediversite.com\/index.php\/2021\/03\/05\/manifestation-a-kaloum-suite-au-deces-dun-jeune-en-prison\/\",\"name\":\"Manifestation \u00e0 Kaloum suite au d\u00e9c\u00e8s d\u2019un jeune en prison | Guin\u00e9e Diversit\u00e9\",\"isPartOf\":{\"@id\":\"https:\/\/guineediversite.com\/#website\"},\"primaryImageOfPage\":{\"@id\":\"https:\/\/guineediversite.com\/index.php\/2021\/03\/05\/manifestation-a-kaloum-suite-au-deces-dun-jeune-en-prison\/#primaryimage\"},\"image\":{\"@id\":\"https:\/\/guineediversite.com\/index.php\/2021\/03\/05\/manifestation-a-kaloum-suite-au-deces-dun-jeune-en-prison\/#primaryimage\"},\"thumbnailUrl\":\"https:\/\/guineediversite.com\/wp-content\/uploads\/2020\/07\/Des-manifestants-h\u00e9rissent-des-barricades-\u00e0-Bamako-le-11-juillet-2020..jpg\",\"datePublished\":\"2021-03-05T20:10:44+00:00\",\"dateModified\":\"2021-03-05T20:10:57+00:00\",\"breadcrumb\":{\"@id\":\"https:\/\/guineediversite.com\/index.php\/2021\/03\/05\/manifestation-a-kaloum-suite-au-deces-dun-jeune-en-prison\/#breadcrumb\"},\"inLanguage\":\"fr-FR\",\"potentialAction\":[{\"@type\":\"ReadAction\",\"target\":[\"https:\/\/guineediversite.com\/index.php\/2021\/03\/05\/manifestation-a-kaloum-suite-au-deces-dun-jeune-en-prison\/\"]}]},{\"@type\":\"ImageObject\",\"inLanguage\":\"fr-FR\",\"@id\":\"https:\/\/guineediversite.com\/index.php\/2021\/03\/05\/manifestation-a-kaloum-suite-au-deces-dun-jeune-en-prison\/#primaryimage\",\"url\":\"https:\/\/guineediversite.com\/wp-content\/uploads\/2020\/07\/Des-manifestants-h\u00e9rissent-des-barricades-\u00e0-Bamako-le-11-juillet-2020..jpg\",\"contentUrl\":\"https:\/\/guineediversite.com\/wp-content\/uploads\/2020\/07\/Des-manifestants-h\u00e9rissent-des-barricades-\u00e0-Bamako-le-11-juillet-2020..jpg\",\"width\":1500,\"height\":840},{\"@type\":\"BreadcrumbList\",\"@id\":\"https:\/\/guineediversite.com\/index.php\/2021\/03\/05\/manifestation-a-kaloum-suite-au-deces-dun-jeune-en-prison\/#breadcrumb\",\"itemListElement\":[{\"@type\":\"ListItem\",\"position\":1,\"name\":\"Accueil\",\"item\":\"https:\/\/guineediversite.com\/\"},{\"@type\":\"ListItem\",\"position\":2,\"name\":\"Manifestation \u00e0 Kaloum suite au d\u00e9c\u00e8s d\u2019un jeune en prison\"}]},{\"@type\":\"WebSite\",\"@id\":\"https:\/\/guineediversite.com\/#website\",\"url\":\"https:\/\/guineediversite.com\/\",\"name\":\"Guin\u00e9e Diversit\u00e9\",\"description\":\"L&#039;Info dans toute sa diversit\u00e9\",\"publisher\":{\"@id\":\"https:\/\/guineediversite.com\/#organization\"},\"potentialAction\":[{\"@type\":\"SearchAction\",\"target\":{\"@type\":\"EntryPoint\",\"urlTemplate\":\"https:\/\/guineediversite.com\/?s={search_term_string}\"},\"query-input\":{\"@type\":\"PropertyValueSpecification\",\"valueRequired\":true,\"valueName\":\"search_term_string\"}}],\"inLanguage\":\"fr-FR\"},{\"@type\":\"Organization\",\"@id\":\"https:\/\/guineediversite.com\/#organization\",\"name\":\"Guin\u00e9e Diversit\u00e9\",\"url\":\"https:\/\/guineediversite.com\/\",\"logo\":{\"@type\":\"ImageObject\",\"inLanguage\":\"fr-FR\",\"@id\":\"https:\/\/guineediversite.com\/#\/schema\/logo\/image\/\",\"url\":\"https:\/\/guineediversite.com\/wp-content\/uploads\/2017\/04\/cropped-1jojlxEOMkX9Wyqfhe43D6kjPOGqBBKmx3EwWJqZ0cMrFF54yM49.png\",\"contentUrl\":\"https:\/\/guineediversite.com\/wp-content\/uploads\/2017\/04\/cropped-1jojlxEOMkX9Wyqfhe43D6kjPOGqBBKmx3EwWJqZ0cMrFF54yM49.png\",\"width\":186,\"height\":112,\"caption\":\"Guin\u00e9e Diversit\u00e9\"},\"image\":{\"@id\":\"https:\/\/guineediversite.com\/#\/schema\/logo\/image\/\"},\"sameAs\":[\"https:\/\/www.facebook.com\/guineediversite\/\",\"https:\/\/x.com\/GuineeDiversite\",\"https:\/\/www.youtube.com\/channel\/UC8sUY16qelG5ge6_D5SB83g\"]},{\"@type\":\"Person\",\"@id\":\"https:\/\/guineediversite.com\/#\/schema\/person\/fa362494c47202ce4b3adf55abcc9d01\",\"name\":\"Morcire Camara\",\"image\":{\"@type\":\"ImageObject\",\"inLanguage\":\"fr-FR\",\"@id\":\"https:\/\/guineediversite.com\/#\/schema\/person\/image\/\",\"url\":\"https:\/\/secure.gravatar.com\/avatar\/3ec324f02295bbcebe03d99b39330ab4?s=96&d=mm&r=g\",\"contentUrl\":\"https:\/\/secure.gravatar.com\/avatar\/3ec324f02295bbcebe03d99b39330ab4?s=96&d=mm&r=g\",\"caption\":\"Morcire Camara\"},\"url\":\"https:\/\/guineediversite.com\/index.php\/author\/morcire\/\"}]}<\/script>\n<!-- \/ Yoast SEO plugin. -->","yoast_head_json":{"title":"Manifestation \u00e0 Kaloum suite au d\u00e9c\u00e8s d\u2019un jeune en prison | Guin\u00e9e Diversit\u00e9","robots":{"index":"index","follow":"follow","max-snippet":"max-snippet:-1","max-image-preview":"max-image-preview:large","max-video-preview":"max-video-preview:-1"},"canonical":"https:\/\/guineediversite.com\/index.php\/2021\/03\/05\/manifestation-a-kaloum-suite-au-deces-dun-jeune-en-prison\/","og_locale":"fr_FR","og_type":"article","og_title":"Manifestation \u00e0 Kaloum suite au d\u00e9c\u00e8s d\u2019un jeune en prison | Guin\u00e9e Diversit\u00e9","og_description":"Plusieurs quartiers de Kaloum \u00e9taient en \u00e9bullition, ce vendredi dans l\u2019apr\u00e8s-midi. Des jeunes en col\u00e8re ont barricad\u00e9 les rues et br\u00fbl\u00e9 des pneus dans plusieurs endroits, notamment \u00e0 Boulbinet, Manquepas, Sandervalia. Selon plusieurs t\u00e9moignages, les jeunes expriment leur col\u00e8re suite \u00e0 l\u2019arrestation d\u2019un jeune depuis le 24 f\u00e9vrier et qui serait mort ce vendredi en [&hellip;]","og_url":"https:\/\/guineediversite.com\/index.php\/2021\/03\/05\/manifestation-a-kaloum-suite-au-deces-dun-jeune-en-prison\/","og_site_name":"Guin\u00e9e Diversit\u00e9","article_publisher":"https:\/\/www.facebook.com\/guineediversite\/","article_published_time":"2021-03-05T20:10:44+00:00","article_modified_time":"2021-03-05T20:10:57+00:00","og_image":[{"width":1500,"height":840,"url":"https:\/\/guineediversite.com\/wp-content\/uploads\/2020\/07\/Des-manifestants-h\u00e9rissent-des-barricades-\u00e0-Bamako-le-11-juillet-2020..jpg","type":"image\/jpeg"}],"author":"Morcire Camara","twitter_card":"summary_large_image","twitter_creator":"@GuineeDiversite","twitter_site":"@GuineeDiversite","twitter_misc":{"\u00c9crit par":"Morcire Camara","Dur\u00e9e de lecture estim\u00e9e":"1 minute"},"schema":{"@context":"https:\/\/schema.org","@graph":[{"@type":"Article","@id":"https:\/\/guineediversite.com\/index.php\/2021\/03\/05\/manifestation-a-kaloum-suite-au-deces-dun-jeune-en-prison\/#article","isPartOf":{"@id":"https:\/\/guineediversite.com\/index.php\/2021\/03\/05\/manifestation-a-kaloum-suite-au-deces-dun-jeune-en-prison\/"},"author":{"name":"Morcire Camara","@id":"https:\/\/guineediversite.com\/#\/schema\/person\/fa362494c47202ce4b3adf55abcc9d01"},"headline":"Manifestation \u00e0 Kaloum suite au d\u00e9c\u00e8s d\u2019un jeune en prison","datePublished":"2021-03-05T20:10:44+00:00","dateModified":"2021-03-05T20:10:57+00:00","mainEntityOfPage":{"@id":"https:\/\/guineediversite.com\/index.php\/2021\/03\/05\/manifestation-a-kaloum-suite-au-deces-dun-jeune-en-prison\/"},"wordCount":233,"publisher":{"@id":"https:\/\/guineediversite.com\/#organization"},"image":{"@id":"https:\/\/guineediversite.com\/index.php\/2021\/03\/05\/manifestation-a-kaloum-suite-au-deces-dun-jeune-en-prison\/#primaryimage"},"thumbnailUrl":"https:\/\/guineediversite.com\/wp-content\/uploads\/2020\/07\/Des-manifestants-h\u00e9rissent-des-barricades-\u00e0-Bamako-le-11-juillet-2020..jpg","articleSection":["Derni\u00e8re minute","Soci\u00e9t\u00e9"],"inLanguage":"fr-FR"},{"@type":"WebPage","@id":"https:\/\/guineediversite.com\/index.php\/2021\/03\/05\/manifestation-a-kaloum-suite-au-deces-dun-jeune-en-prison\/","url":"https:\/\/guineediversite.com\/index.php\/2021\/03\/05\/manifestation-a-kaloum-suite-au-deces-dun-jeune-en-prison\/","name":"Manifestation \u00e0 Kaloum suite au d\u00e9c\u00e8s d\u2019un jeune en prison | Guin\u00e9e Diversit\u00e9","isPartOf":{"@id":"https:\/\/guineediversite.com\/#website"},"primaryImageOfPage":{"@id":"https:\/\/guineediversite.com\/index.php\/2021\/03\/05\/manifestation-a-kaloum-suite-au-deces-dun-jeune-en-prison\/#primaryimage"},"image":{"@id":"https:\/\/guineediversite.com\/index.php\/2021\/03\/05\/manifestation-a-kaloum-suite-au-deces-dun-jeune-en-prison\/#primaryimage"},"thumbnailUrl":"https:\/\/guineediversite.com\/wp-content\/uploads\/2020\/07\/Des-manifestants-h\u00e9rissent-des-barricades-\u00e0-Bamako-le-11-juillet-2020..jpg","datePublished":"2021-03-05T20:10:44+00:00","dateModified":"2021-03-05T20:10:57+00:00","breadcrumb":{"@id":"https:\/\/guineediversite.com\/index.php\/2021\/03\/05\/manifestation-a-kaloum-suite-au-deces-dun-jeune-en-prison\/#breadcrumb"},"inLanguage":"fr-FR","potentialAction":[{"@type":"ReadAction","target":["https:\/\/guineediversite.com\/index.php\/2021\/03\/05\/manifestation-a-kaloum-suite-au-deces-dun-jeune-en-prison\/"]}]},{"@type":"ImageObject","inLanguage":"fr-FR","@id":"https:\/\/guineediversite.com\/index.php\/2021\/03\/05\/manifestation-a-kaloum-suite-au-deces-dun-jeune-en-prison\/#primaryimage","url":"https:\/\/guineediversite.com\/wp-content\/uploads\/2020\/07\/Des-manifestants-h\u00e9rissent-des-barricades-\u00e0-Bamako-le-11-juillet-2020..jpg","contentUrl":"https:\/\/guineediversite.com\/wp-content\/uploads\/2020\/07\/Des-manifestants-h\u00e9rissent-des-barricades-\u00e0-Bamako-le-11-juillet-2020..jpg","width":1500,"height":840},{"@type":"BreadcrumbList","@id":"https:\/\/guineediversite.com\/index.php\/2021\/03\/05\/manifestation-a-kaloum-suite-au-deces-dun-jeune-en-prison\/#breadcrumb","itemListElement":[{"@type":"ListItem","position":1,"name":"Accueil","item":"https:\/\/guineediversite.com\/"},{"@type":"ListItem","position":2,"name":"Manifestation \u00e0 Kaloum suite au d\u00e9c\u00e8s d\u2019un jeune en prison"}]},{"@type":"WebSite","@id":"https:\/\/guineediversite.com\/#website","url":"https:\/\/guineediversite.com\/","name":"Guin\u00e9e Diversit\u00e9","description":"L&#039;Info dans toute sa diversit\u00e9","publisher":{"@id":"https:\/\/guineediversite.com\/#organization"},"potentialAction":[{"@type":"SearchAction","target":{"@type":"EntryPoint","urlTemplate":"https:\/\/guineediversite.com\/?s={search_term_string}"},"query-input":{"@type":"PropertyValueSpecification","valueRequired":true,"valueName":"search_term_string"}}],"inLanguage":"fr-FR"},{"@type":"Organization","@id":"https:\/\/guineediversite.com\/#organization","name":"Guin\u00e9e Diversit\u00e9","url":"https:\/\/guineediversite.com\/","logo":{"@type":"ImageObject","inLanguage":"fr-FR","@id":"https:\/\/guineediversite.com\/#\/schema\/logo\/image\/","url":"https:\/\/guineediversite.com\/wp-content\/uploads\/2017\/04\/cropped-1jojlxEOMkX9Wyqfhe43D6kjPOGqBBKmx3EwWJqZ0cMrFF54yM49.png","contentUrl":"https:\/\/guineediversite.com\/wp-content\/uploads\/2017\/04\/cropped-1jojlxEOMkX9Wyqfhe43D6kjPOGqBBKmx3EwWJqZ0cMrFF54yM49.png","width":186,"height":112,"caption":"Guin\u00e9e Diversit\u00e9"},"image":{"@id":"https:\/\/guineediversite.com\/#\/schema\/logo\/image\/"},"sameAs":["https:\/\/www.facebook.com\/guineediversite\/","https:\/\/x.com\/GuineeDiversite","https:\/\/www.youtube.com\/channel\/UC8sUY16qelG5ge6_D5SB83g"]},{"@type":"Person","@id":"https:\/\/guineediversite.com\/#\/schema\/person\/fa362494c47202ce4b3adf55abcc9d01","name":"Morcire Camara","image":{"@type":"ImageObject","inLanguage":"fr-FR","@id":"https:\/\/guineediversite.com\/#\/schema\/person\/image\/","url":"https:\/\/secure.gravatar.com\/avatar\/3ec324f02295bbcebe03d99b39330ab4?s=96&d=mm&r=g","contentUrl":"https:\/\/secure.gravatar.com\/avatar\/3ec324f02295bbcebe03d99b39330ab4?s=96&d=mm&r=g","caption":"Morcire Camara"},"url":"https:\/\/guineediversite.com\/index.php\/author\/morcire\/"}]}},"_links":{"self":[{"href":"https:\/\/guineediversite.com\/index.php\/wp-json\/wp\/v2\/posts\/30875"}],"collection":[{"href":"https:\/\/guineediversite.com\/index.php\/wp-json\/wp\/v2\/posts"}],"about":[{"href":"https:\/\/guineediversite.com\/index.php\/wp-json\/wp\/v2\/types\/post"}],"author":[{"embeddable":true,"href":"https:\/\/guineediversite.com\/index.php\/wp-json\/wp\/v2\/users\/10"}],"replies":[{"embeddable":true,"href":"https:\/\/guineediversite.com\/index.php\/wp-json\/wp\/v2\/comments?post=30875"}],"version-history":[{"count":1,"href":"https:\/\/guineediversite.com\/index.php\/wp-json\/wp\/v2\/posts\/30875\/revisions"}],"predecessor-version":[{"id":30876,"href":"https:\/\/guineediversite.com\/index.php\/wp-json\/wp\/v2\/posts\/30875\/revisions\/30876"}],"wp:featuredmedia":[{"embeddable":true,"href":"https:\/\/guineediversite.com\/index.php\/wp-json\/wp\/v2\/media\/30228"}],"wp:attachment":[{"href":"https:\/\/guineediversite.com\/index.php\/wp-json\/wp\/v2\/media?parent=30875"}],"wp:term":[{"taxonomy":"category","embeddable":true,"href":"https:\/\/guineediversite.com\/index.php\/wp-json\/wp\/v2\/categories?post=30875"},{"taxonomy":"post_tag","embeddable":true,"href":"https:\/\/guineediversite.com\/index.php\/wp-json\/wp\/v2\/tags?post=30875"}],"curies":[{"name":"wp","href":"https:\/\/api.w.org\/{rel}","templated":true}]}}