{"id":30870,"date":"2021-03-05T16:47:32","date_gmt":"2021-03-05T15:47:32","guid":{"rendered":"https:\/\/guineediversite.com\/?p=30870"},"modified":"2021-03-05T16:47:32","modified_gmt":"2021-03-05T15:47:32","slug":"covid-19-des-guineens-ont-recu-les-premieres-doses-du-sinopharm","status":"publish","type":"post","link":"https:\/\/guineediversite.com\/index.php\/2021\/03\/05\/covid-19-des-guineens-ont-recu-les-premieres-doses-du-sinopharm\/","title":{"rendered":"COVID-19\/ des guin\u00e9ens ont re\u00e7u les premi\u00e8res doses du Sinopharm"},"content":{"rendered":"<p><strong>Les premi\u00e8res doses du Sinopharm ont \u00e9t\u00e9 inject\u00e9es ce vendredi 5 mars \u00e0 Conakry. La campagne de vaccination contre la COVID-19 a \u00e9t\u00e9 lanc\u00e9e au centre de traitement \u00e9pid\u00e9miologique de Gbessia. <\/strong><\/p>\n<p>Le vaccin Sinopharm est offert \u00e0 la Guin\u00e9e par la chine, cette premi\u00e8re vaccination concerne le personnel de sant\u00e9, les personnes \u00e2g\u00e9es et les leaders religieux.<\/p>\n<p>La premi\u00e8re personne \u00e0 prendre la premi\u00e8re dose de ce vaccin est Mohamed Fanta Cond\u00e9 administrateur g\u00e9n\u00e9ral du CT-EPI de Gbessia.<\/p>\n<p>Apr\u00e8s sa prise d\u2019injection, Mohamed Fanta Cond\u00e9 a fait savoir qui il n\u2019aurait constat\u00e9 aucun effet secondaire. \u00ab<em> C\u2019est une joie pour moi d\u2019avoir \u00e9t\u00e9 le premier patient du vaccin Sinopharm pour prouver au monde entier et \u00e0 la population guin\u00e9enne que c\u2019est une chance d\u2019avoir ce vaccin. J\u2019ai pris le vaccin. Je me suis repos\u00e9 un moment. Je n\u2019ai pas eu de fi\u00e8vre ni de c\u00e9phal\u00e9es, aucun sympt\u00f4me. C\u2019est pour vous rassurer que le vaccin est efficace. \u00c7a n\u2019a pas d&rsquo;effet ind\u00e9sirable pour le moment sur ma personne. <\/em>\u00bb<\/p>\n<p>Au cours de cette premi\u00e8re journ\u00e9e de campagne de vaccination, le ministre de la sant\u00e9 Dr R\u00e9my Lamah a rappel\u00e9 les derni\u00e8res statistiques de cette maladie malgr\u00e9 les mesures restrictives et d\u2019accompagnement : \u00ab <em>malgr\u00e9 tous ces efforts nous assistons \u00e0 une augmentation sensible des cas ces derni\u00e8res semaines avec un indice de positivit\u00e9 qui est pass\u00e9 de 2 \u00e0 8%. Pour un petit rappel des chiffres actualis\u00e9s \u00e0 la date du 03 mars 2021, nous enregistrons 16 291 cas positifs de la maladie, pour 15 mille 68 gu\u00e9risons soient un taux de gu\u00e9rison de 93, 5% <\/em>\u00bb.<\/p>\n<p>Le directeur g\u00e9n\u00e9ral de l\u2019Agence Nationale de S\u00e9curit\u00e9 sanitaire, a quand lui fait savoir que cette campagne de lutte contre le Covid-19, \u00ab <em>a \u00e9t\u00e9 lanc\u00e9e depuis le 30 d\u00e9cembre dernier par la vaccination des autorit\u00e9s guin\u00e9ennes et m\u00eame le chef de l\u2019\u00c9tat s&rsquo;\u00e9tait vaccin\u00e9 le 15 janvier et c&rsquo;est \u00e7a le vrai lancement et l&rsquo;adoption de la vaccination de cette strat\u00e9gie en R\u00e9publique de Guin\u00e9e. Aujourd&rsquo;hui c&rsquo;est la continuit\u00e9 de ce lancement tant pour le personnel de sant\u00e9 que pour le public en g\u00e9n\u00e9ral (&#8230;) L\u2019arme que l&rsquo;humanit\u00e9 vient d&rsquo;avoir c&rsquo;est le vaccin Covid-19 et nous ne sommes s\u00fbrs que les pays qui l&rsquo;ont fait ont r\u00e9ussi \u00e0 r\u00e9duire l&rsquo;incidence de cette maladie dans leur pays&#8230;tous les gens qui seront cibl\u00e9s acceptent de prendre ce vaccin pour \u00e9viter de l&#8217;emp\u00eacher de continuer leur travail voire m\u00eame des d\u00e9c\u00e8s inutiles <\/em>\u00bb.<\/p>\n<p>Et de poursuivre: \u00ab <em>Il y a 20% de la population guin\u00e9enne de fa\u00e7on progressive qui va \u00eatre concern\u00e9e par cette vaccination. Mais nous allons commencer par les pr\u00e9fectures actives qui ont encore des cas. Conakry qui h\u00e9berge plus de 90 %de nos cas est en premi\u00e8re ligne plus d&rsquo;autres pr\u00e9fectures avoisinantes. Apr\u00e8s nous allons simultan\u00e9ment vacciner certaines pr\u00e9fectures o\u00f9 les cas se sont tr\u00e8s actifs<\/em> \u00bb, a-t-il rappel\u00e9.<\/p>\n<p>Avant d\u2019annoncer d\u2019autres mesures : \u00ab<em> beaucoup de pays ont pris des dispositions, d\u00e9sormais tu ne pourras pas acc\u00e9der chez eux si tu n&rsquo;es pas vaccin\u00e9&#8230; nous allons aussi adopter ce crit\u00e8re-l\u00e0 dans les jours qui viennent au fur \u00e0 mesure que nous aurons suffisamment des vaccins <\/em>\u00bb.<\/p>\n<p>A rappeler que le vaccin sinopharm sera inject\u00e9 en deux doses, d&rsquo;abord une dose de 0,5 ml \u00e0 J1 et une seconde dose de 0,5 ml J21 et J28.<\/p>\n<p><img loading=\"lazy\" decoding=\"async\" class=\"wp-image-30872 aligncenter\" src=\"https:\/\/guineediversite.com.bwjx4292.odns.fr\/wp-content\/uploads\/2021\/03\/IMG-20210305-WA0001-300x169.jpg\" alt=\"\" width=\"488\" height=\"275\" srcset=\"https:\/\/guineediversite.com\/wp-content\/uploads\/2021\/03\/IMG-20210305-WA0001-300x169.jpg 300w, https:\/\/guineediversite.com\/wp-content\/uploads\/2021\/03\/IMG-20210305-WA0001-1024x576.jpg 1024w, https:\/\/guineediversite.com\/wp-content\/uploads\/2021\/03\/IMG-20210305-WA0001-768x432.jpg 768w, https:\/\/guineediversite.com\/wp-content\/uploads\/2021\/03\/IMG-20210305-WA0001-600x337.jpg 600w, https:\/\/guineediversite.com\/wp-content\/uploads\/2021\/03\/IMG-20210305-WA0001-696x391.jpg 696w, https:\/\/guineediversite.com\/wp-content\/uploads\/2021\/03\/IMG-20210305-WA0001-1068x600.jpg 1068w, https:\/\/guineediversite.com\/wp-content\/uploads\/2021\/03\/IMG-20210305-WA0001-747x420.jpg 747w, https:\/\/guineediversite.com\/wp-content\/uploads\/2021\/03\/IMG-20210305-WA0001.jpg 1080w\" sizes=\"(max-width: 488px) 100vw, 488px\" \/> <img loading=\"lazy\" decoding=\"async\" class=\"alignnone  wp-image-30873\" src=\"https:\/\/guineediversite.com.bwjx4292.odns.fr\/wp-content\/uploads\/2021\/03\/IMG-20210305-WA0002-300x169.jpg\" alt=\"\" width=\"456\" height=\"257\" srcset=\"https:\/\/guineediversite.com\/wp-content\/uploads\/2021\/03\/IMG-20210305-WA0002-300x169.jpg 300w, https:\/\/guineediversite.com\/wp-content\/uploads\/2021\/03\/IMG-20210305-WA0002-1024x576.jpg 1024w, https:\/\/guineediversite.com\/wp-content\/uploads\/2021\/03\/IMG-20210305-WA0002-768x432.jpg 768w, https:\/\/guineediversite.com\/wp-content\/uploads\/2021\/03\/IMG-20210305-WA0002-600x337.jpg 600w, https:\/\/guineediversite.com\/wp-content\/uploads\/2021\/03\/IMG-20210305-WA0002-696x391.jpg 696w, https:\/\/guineediversite.com\/wp-content\/uploads\/2021\/03\/IMG-20210305-WA0002-1068x600.jpg 1068w, https:\/\/guineediversite.com\/wp-content\/uploads\/2021\/03\/IMG-20210305-WA0002-747x420.jpg 747w, https:\/\/guineediversite.com\/wp-content\/uploads\/2021\/03\/IMG-20210305-WA0002.jpg 1080w\" sizes=\"(max-width: 456px) 100vw, 456px\" \/><\/p>\n","protected":false},"excerpt":{"rendered":"<p>Les premi\u00e8res doses du Sinopharm ont \u00e9t\u00e9 inject\u00e9es ce vendredi 5 mars \u00e0 Conakry. La campagne de vaccination contre la COVID-19 a \u00e9t\u00e9 lanc\u00e9e au centre de traitement \u00e9pid\u00e9miologique de Gbessia. Le vaccin Sinopharm est offert \u00e0 la Guin\u00e9e par la chine, cette premi\u00e8re vaccination concerne le personnel de sant\u00e9, les personnes \u00e2g\u00e9es et les [&hellip;]<\/p>\n","protected":false},"author":10,"featured_media":30871,"comment_status":"closed","ping_status":"open","sticky":false,"template":"","format":"standard","meta":{"_exactmetrics_skip_tracking":false,"_exactmetrics_sitenote_active":false,"_exactmetrics_sitenote_note":"","_exactmetrics_sitenote_category":0,"tdm_status":"","tdm_grid_status":"","footnotes":""},"categories":[254,447],"tags":[],"class_list":{"0":"post-30870","1":"post","2":"type-post","3":"status-publish","4":"format-standard","5":"has-post-thumbnail","7":"category-derniere-minute","8":"category-sante"},"yoast_head":"<!-- This site is optimized with the Yoast SEO plugin v24.2 - https:\/\/yoast.com\/wordpress\/plugins\/seo\/ -->\n<title>COVID-19\/ des guin\u00e9ens ont re\u00e7u les premi\u00e8res doses du Sinopharm | Guin\u00e9e Diversit\u00e9<\/title>\n<meta name=\"robots\" content=\"index, follow, max-snippet:-1, max-image-preview:large, max-video-preview:-1\" \/>\n<link rel=\"canonical\" href=\"https:\/\/guineediversite.com\/index.php\/2021\/03\/05\/covid-19-des-guineens-ont-recu-les-premieres-doses-du-sinopharm\/\" \/>\n<meta property=\"og:locale\" content=\"fr_FR\" \/>\n<meta property=\"og:type\" content=\"article\" \/>\n<meta property=\"og:title\" content=\"COVID-19\/ des guin\u00e9ens ont re\u00e7u les premi\u00e8res doses du Sinopharm | Guin\u00e9e Diversit\u00e9\" \/>\n<meta property=\"og:description\" content=\"Les premi\u00e8res doses du Sinopharm ont \u00e9t\u00e9 inject\u00e9es ce vendredi 5 mars \u00e0 Conakry. La campagne de vaccination contre la COVID-19 a \u00e9t\u00e9 lanc\u00e9e au centre de traitement \u00e9pid\u00e9miologique de Gbessia. Le vaccin Sinopharm est offert \u00e0 la Guin\u00e9e par la chine, cette premi\u00e8re vaccination concerne le personnel de sant\u00e9, les personnes \u00e2g\u00e9es et les [&hellip;]\" \/>\n<meta property=\"og:url\" content=\"https:\/\/guineediversite.com\/index.php\/2021\/03\/05\/covid-19-des-guineens-ont-recu-les-premieres-doses-du-sinopharm\/\" \/>\n<meta property=\"og:site_name\" content=\"Guin\u00e9e Diversit\u00e9\" \/>\n<meta property=\"article:publisher\" content=\"https:\/\/www.facebook.com\/guineediversite\/\" \/>\n<meta property=\"article:published_time\" content=\"2021-03-05T15:47:32+00:00\" \/>\n<meta property=\"og:image\" content=\"https:\/\/guineediversite.com\/wp-content\/uploads\/2021\/03\/IMG-20210305-WA0000.jpg\" \/>\n\t<meta property=\"og:image:width\" content=\"1080\" \/>\n\t<meta property=\"og:image:height\" content=\"607\" \/>\n\t<meta property=\"og:image:type\" content=\"image\/jpeg\" \/>\n<meta name=\"author\" content=\"Morcire Camara\" \/>\n<meta name=\"twitter:card\" content=\"summary_large_image\" \/>\n<meta name=\"twitter:creator\" content=\"@GuineeDiversite\" \/>\n<meta name=\"twitter:site\" content=\"@GuineeDiversite\" \/>\n<meta name=\"twitter:label1\" content=\"\u00c9crit par\" \/>\n\t<meta name=\"twitter:data1\" content=\"Morcire Camara\" \/>\n\t<meta name=\"twitter:label2\" content=\"Dur\u00e9e de lecture estim\u00e9e\" \/>\n\t<meta name=\"twitter:data2\" content=\"3 minutes\" \/>\n<script type=\"application\/ld+json\" class=\"yoast-schema-graph\">{\"@context\":\"https:\/\/schema.org\",\"@graph\":[{\"@type\":\"Article\",\"@id\":\"https:\/\/guineediversite.com\/index.php\/2021\/03\/05\/covid-19-des-guineens-ont-recu-les-premieres-doses-du-sinopharm\/#article\",\"isPartOf\":{\"@id\":\"https:\/\/guineediversite.com\/index.php\/2021\/03\/05\/covid-19-des-guineens-ont-recu-les-premieres-doses-du-sinopharm\/\"},\"author\":{\"name\":\"Morcire Camara\",\"@id\":\"https:\/\/guineediversite.com\/#\/schema\/person\/fa362494c47202ce4b3adf55abcc9d01\"},\"headline\":\"COVID-19\/ des guin\u00e9ens ont re\u00e7u les premi\u00e8res doses du Sinopharm\",\"datePublished\":\"2021-03-05T15:47:32+00:00\",\"dateModified\":\"2021-03-05T15:47:32+00:00\",\"mainEntityOfPage\":{\"@id\":\"https:\/\/guineediversite.com\/index.php\/2021\/03\/05\/covid-19-des-guineens-ont-recu-les-premieres-doses-du-sinopharm\/\"},\"wordCount\":619,\"publisher\":{\"@id\":\"https:\/\/guineediversite.com\/#organization\"},\"image\":{\"@id\":\"https:\/\/guineediversite.com\/index.php\/2021\/03\/05\/covid-19-des-guineens-ont-recu-les-premieres-doses-du-sinopharm\/#primaryimage\"},\"thumbnailUrl\":\"https:\/\/guineediversite.com\/wp-content\/uploads\/2021\/03\/IMG-20210305-WA0000.jpg\",\"articleSection\":[\"Derni\u00e8re minute\",\"Sant\u00e9\"],\"inLanguage\":\"fr-FR\"},{\"@type\":\"WebPage\",\"@id\":\"https:\/\/guineediversite.com\/index.php\/2021\/03\/05\/covid-19-des-guineens-ont-recu-les-premieres-doses-du-sinopharm\/\",\"url\":\"https:\/\/guineediversite.com\/index.php\/2021\/03\/05\/covid-19-des-guineens-ont-recu-les-premieres-doses-du-sinopharm\/\",\"name\":\"COVID-19\/ des guin\u00e9ens ont re\u00e7u les premi\u00e8res doses du Sinopharm | Guin\u00e9e Diversit\u00e9\",\"isPartOf\":{\"@id\":\"https:\/\/guineediversite.com\/#website\"},\"primaryImageOfPage\":{\"@id\":\"https:\/\/guineediversite.com\/index.php\/2021\/03\/05\/covid-19-des-guineens-ont-recu-les-premieres-doses-du-sinopharm\/#primaryimage\"},\"image\":{\"@id\":\"https:\/\/guineediversite.com\/index.php\/2021\/03\/05\/covid-19-des-guineens-ont-recu-les-premieres-doses-du-sinopharm\/#primaryimage\"},\"thumbnailUrl\":\"https:\/\/guineediversite.com\/wp-content\/uploads\/2021\/03\/IMG-20210305-WA0000.jpg\",\"datePublished\":\"2021-03-05T15:47:32+00:00\",\"dateModified\":\"2021-03-05T15:47:32+00:00\",\"breadcrumb\":{\"@id\":\"https:\/\/guineediversite.com\/index.php\/2021\/03\/05\/covid-19-des-guineens-ont-recu-les-premieres-doses-du-sinopharm\/#breadcrumb\"},\"inLanguage\":\"fr-FR\",\"potentialAction\":[{\"@type\":\"ReadAction\",\"target\":[\"https:\/\/guineediversite.com\/index.php\/2021\/03\/05\/covid-19-des-guineens-ont-recu-les-premieres-doses-du-sinopharm\/\"]}]},{\"@type\":\"ImageObject\",\"inLanguage\":\"fr-FR\",\"@id\":\"https:\/\/guineediversite.com\/index.php\/2021\/03\/05\/covid-19-des-guineens-ont-recu-les-premieres-doses-du-sinopharm\/#primaryimage\",\"url\":\"https:\/\/guineediversite.com\/wp-content\/uploads\/2021\/03\/IMG-20210305-WA0000.jpg\",\"contentUrl\":\"https:\/\/guineediversite.com\/wp-content\/uploads\/2021\/03\/IMG-20210305-WA0000.jpg\",\"width\":1080,\"height\":607},{\"@type\":\"BreadcrumbList\",\"@id\":\"https:\/\/guineediversite.com\/index.php\/2021\/03\/05\/covid-19-des-guineens-ont-recu-les-premieres-doses-du-sinopharm\/#breadcrumb\",\"itemListElement\":[{\"@type\":\"ListItem\",\"position\":1,\"name\":\"Accueil\",\"item\":\"https:\/\/guineediversite.com\/\"},{\"@type\":\"ListItem\",\"position\":2,\"name\":\"COVID-19\/ des guin\u00e9ens ont re\u00e7u les premi\u00e8res doses du Sinopharm\"}]},{\"@type\":\"WebSite\",\"@id\":\"https:\/\/guineediversite.com\/#website\",\"url\":\"https:\/\/guineediversite.com\/\",\"name\":\"Guin\u00e9e Diversit\u00e9\",\"description\":\"L&#039;Info dans toute sa diversit\u00e9\",\"publisher\":{\"@id\":\"https:\/\/guineediversite.com\/#organization\"},\"potentialAction\":[{\"@type\":\"SearchAction\",\"target\":{\"@type\":\"EntryPoint\",\"urlTemplate\":\"https:\/\/guineediversite.com\/?s={search_term_string}\"},\"query-input\":{\"@type\":\"PropertyValueSpecification\",\"valueRequired\":true,\"valueName\":\"search_term_string\"}}],\"inLanguage\":\"fr-FR\"},{\"@type\":\"Organization\",\"@id\":\"https:\/\/guineediversite.com\/#organization\",\"name\":\"Guin\u00e9e Diversit\u00e9\",\"url\":\"https:\/\/guineediversite.com\/\",\"logo\":{\"@type\":\"ImageObject\",\"inLanguage\":\"fr-FR\",\"@id\":\"https:\/\/guineediversite.com\/#\/schema\/logo\/image\/\",\"url\":\"https:\/\/guineediversite.com\/wp-content\/uploads\/2017\/04\/cropped-1jojlxEOMkX9Wyqfhe43D6kjPOGqBBKmx3EwWJqZ0cMrFF54yM49.png\",\"contentUrl\":\"https:\/\/guineediversite.com\/wp-content\/uploads\/2017\/04\/cropped-1jojlxEOMkX9Wyqfhe43D6kjPOGqBBKmx3EwWJqZ0cMrFF54yM49.png\",\"width\":186,\"height\":112,\"caption\":\"Guin\u00e9e Diversit\u00e9\"},\"image\":{\"@id\":\"https:\/\/guineediversite.com\/#\/schema\/logo\/image\/\"},\"sameAs\":[\"https:\/\/www.facebook.com\/guineediversite\/\",\"https:\/\/x.com\/GuineeDiversite\",\"https:\/\/www.youtube.com\/channel\/UC8sUY16qelG5ge6_D5SB83g\"]},{\"@type\":\"Person\",\"@id\":\"https:\/\/guineediversite.com\/#\/schema\/person\/fa362494c47202ce4b3adf55abcc9d01\",\"name\":\"Morcire Camara\",\"image\":{\"@type\":\"ImageObject\",\"inLanguage\":\"fr-FR\",\"@id\":\"https:\/\/guineediversite.com\/#\/schema\/person\/image\/\",\"url\":\"https:\/\/secure.gravatar.com\/avatar\/3ec324f02295bbcebe03d99b39330ab4?s=96&d=mm&r=g\",\"contentUrl\":\"https:\/\/secure.gravatar.com\/avatar\/3ec324f02295bbcebe03d99b39330ab4?s=96&d=mm&r=g\",\"caption\":\"Morcire Camara\"},\"url\":\"https:\/\/guineediversite.com\/index.php\/author\/morcire\/\"}]}<\/script>\n<!-- \/ Yoast SEO plugin. -->","yoast_head_json":{"title":"COVID-19\/ des guin\u00e9ens ont re\u00e7u les premi\u00e8res doses du Sinopharm | Guin\u00e9e Diversit\u00e9","robots":{"index":"index","follow":"follow","max-snippet":"max-snippet:-1","max-image-preview":"max-image-preview:large","max-video-preview":"max-video-preview:-1"},"canonical":"https:\/\/guineediversite.com\/index.php\/2021\/03\/05\/covid-19-des-guineens-ont-recu-les-premieres-doses-du-sinopharm\/","og_locale":"fr_FR","og_type":"article","og_title":"COVID-19\/ des guin\u00e9ens ont re\u00e7u les premi\u00e8res doses du Sinopharm | Guin\u00e9e Diversit\u00e9","og_description":"Les premi\u00e8res doses du Sinopharm ont \u00e9t\u00e9 inject\u00e9es ce vendredi 5 mars \u00e0 Conakry. La campagne de vaccination contre la COVID-19 a \u00e9t\u00e9 lanc\u00e9e au centre de traitement \u00e9pid\u00e9miologique de Gbessia. Le vaccin Sinopharm est offert \u00e0 la Guin\u00e9e par la chine, cette premi\u00e8re vaccination concerne le personnel de sant\u00e9, les personnes \u00e2g\u00e9es et les [&hellip;]","og_url":"https:\/\/guineediversite.com\/index.php\/2021\/03\/05\/covid-19-des-guineens-ont-recu-les-premieres-doses-du-sinopharm\/","og_site_name":"Guin\u00e9e Diversit\u00e9","article_publisher":"https:\/\/www.facebook.com\/guineediversite\/","article_published_time":"2021-03-05T15:47:32+00:00","og_image":[{"width":1080,"height":607,"url":"https:\/\/guineediversite.com\/wp-content\/uploads\/2021\/03\/IMG-20210305-WA0000.jpg","type":"image\/jpeg"}],"author":"Morcire Camara","twitter_card":"summary_large_image","twitter_creator":"@GuineeDiversite","twitter_site":"@GuineeDiversite","twitter_misc":{"\u00c9crit par":"Morcire Camara","Dur\u00e9e de lecture estim\u00e9e":"3 minutes"},"schema":{"@context":"https:\/\/schema.org","@graph":[{"@type":"Article","@id":"https:\/\/guineediversite.com\/index.php\/2021\/03\/05\/covid-19-des-guineens-ont-recu-les-premieres-doses-du-sinopharm\/#article","isPartOf":{"@id":"https:\/\/guineediversite.com\/index.php\/2021\/03\/05\/covid-19-des-guineens-ont-recu-les-premieres-doses-du-sinopharm\/"},"author":{"name":"Morcire Camara","@id":"https:\/\/guineediversite.com\/#\/schema\/person\/fa362494c47202ce4b3adf55abcc9d01"},"headline":"COVID-19\/ des guin\u00e9ens ont re\u00e7u les premi\u00e8res doses du Sinopharm","datePublished":"2021-03-05T15:47:32+00:00","dateModified":"2021-03-05T15:47:32+00:00","mainEntityOfPage":{"@id":"https:\/\/guineediversite.com\/index.php\/2021\/03\/05\/covid-19-des-guineens-ont-recu-les-premieres-doses-du-sinopharm\/"},"wordCount":619,"publisher":{"@id":"https:\/\/guineediversite.com\/#organization"},"image":{"@id":"https:\/\/guineediversite.com\/index.php\/2021\/03\/05\/covid-19-des-guineens-ont-recu-les-premieres-doses-du-sinopharm\/#primaryimage"},"thumbnailUrl":"https:\/\/guineediversite.com\/wp-content\/uploads\/2021\/03\/IMG-20210305-WA0000.jpg","articleSection":["Derni\u00e8re minute","Sant\u00e9"],"inLanguage":"fr-FR"},{"@type":"WebPage","@id":"https:\/\/guineediversite.com\/index.php\/2021\/03\/05\/covid-19-des-guineens-ont-recu-les-premieres-doses-du-sinopharm\/","url":"https:\/\/guineediversite.com\/index.php\/2021\/03\/05\/covid-19-des-guineens-ont-recu-les-premieres-doses-du-sinopharm\/","name":"COVID-19\/ des guin\u00e9ens ont re\u00e7u les premi\u00e8res doses du Sinopharm | Guin\u00e9e Diversit\u00e9","isPartOf":{"@id":"https:\/\/guineediversite.com\/#website"},"primaryImageOfPage":{"@id":"https:\/\/guineediversite.com\/index.php\/2021\/03\/05\/covid-19-des-guineens-ont-recu-les-premieres-doses-du-sinopharm\/#primaryimage"},"image":{"@id":"https:\/\/guineediversite.com\/index.php\/2021\/03\/05\/covid-19-des-guineens-ont-recu-les-premieres-doses-du-sinopharm\/#primaryimage"},"thumbnailUrl":"https:\/\/guineediversite.com\/wp-content\/uploads\/2021\/03\/IMG-20210305-WA0000.jpg","datePublished":"2021-03-05T15:47:32+00:00","dateModified":"2021-03-05T15:47:32+00:00","breadcrumb":{"@id":"https:\/\/guineediversite.com\/index.php\/2021\/03\/05\/covid-19-des-guineens-ont-recu-les-premieres-doses-du-sinopharm\/#breadcrumb"},"inLanguage":"fr-FR","potentialAction":[{"@type":"ReadAction","target":["https:\/\/guineediversite.com\/index.php\/2021\/03\/05\/covid-19-des-guineens-ont-recu-les-premieres-doses-du-sinopharm\/"]}]},{"@type":"ImageObject","inLanguage":"fr-FR","@id":"https:\/\/guineediversite.com\/index.php\/2021\/03\/05\/covid-19-des-guineens-ont-recu-les-premieres-doses-du-sinopharm\/#primaryimage","url":"https:\/\/guineediversite.com\/wp-content\/uploads\/2021\/03\/IMG-20210305-WA0000.jpg","contentUrl":"https:\/\/guineediversite.com\/wp-content\/uploads\/2021\/03\/IMG-20210305-WA0000.jpg","width":1080,"height":607},{"@type":"BreadcrumbList","@id":"https:\/\/guineediversite.com\/index.php\/2021\/03\/05\/covid-19-des-guineens-ont-recu-les-premieres-doses-du-sinopharm\/#breadcrumb","itemListElement":[{"@type":"ListItem","position":1,"name":"Accueil","item":"https:\/\/guineediversite.com\/"},{"@type":"ListItem","position":2,"name":"COVID-19\/ des guin\u00e9ens ont re\u00e7u les premi\u00e8res doses du Sinopharm"}]},{"@type":"WebSite","@id":"https:\/\/guineediversite.com\/#website","url":"https:\/\/guineediversite.com\/","name":"Guin\u00e9e Diversit\u00e9","description":"L&#039;Info dans toute sa diversit\u00e9","publisher":{"@id":"https:\/\/guineediversite.com\/#organization"},"potentialAction":[{"@type":"SearchAction","target":{"@type":"EntryPoint","urlTemplate":"https:\/\/guineediversite.com\/?s={search_term_string}"},"query-input":{"@type":"PropertyValueSpecification","valueRequired":true,"valueName":"search_term_string"}}],"inLanguage":"fr-FR"},{"@type":"Organization","@id":"https:\/\/guineediversite.com\/#organization","name":"Guin\u00e9e Diversit\u00e9","url":"https:\/\/guineediversite.com\/","logo":{"@type":"ImageObject","inLanguage":"fr-FR","@id":"https:\/\/guineediversite.com\/#\/schema\/logo\/image\/","url":"https:\/\/guineediversite.com\/wp-content\/uploads\/2017\/04\/cropped-1jojlxEOMkX9Wyqfhe43D6kjPOGqBBKmx3EwWJqZ0cMrFF54yM49.png","contentUrl":"https:\/\/guineediversite.com\/wp-content\/uploads\/2017\/04\/cropped-1jojlxEOMkX9Wyqfhe43D6kjPOGqBBKmx3EwWJqZ0cMrFF54yM49.png","width":186,"height":112,"caption":"Guin\u00e9e Diversit\u00e9"},"image":{"@id":"https:\/\/guineediversite.com\/#\/schema\/logo\/image\/"},"sameAs":["https:\/\/www.facebook.com\/guineediversite\/","https:\/\/x.com\/GuineeDiversite","https:\/\/www.youtube.com\/channel\/UC8sUY16qelG5ge6_D5SB83g"]},{"@type":"Person","@id":"https:\/\/guineediversite.com\/#\/schema\/person\/fa362494c47202ce4b3adf55abcc9d01","name":"Morcire Camara","image":{"@type":"ImageObject","inLanguage":"fr-FR","@id":"https:\/\/guineediversite.com\/#\/schema\/person\/image\/","url":"https:\/\/secure.gravatar.com\/avatar\/3ec324f02295bbcebe03d99b39330ab4?s=96&d=mm&r=g","contentUrl":"https:\/\/secure.gravatar.com\/avatar\/3ec324f02295bbcebe03d99b39330ab4?s=96&d=mm&r=g","caption":"Morcire Camara"},"url":"https:\/\/guineediversite.com\/index.php\/author\/morcire\/"}]}},"_links":{"self":[{"href":"https:\/\/guineediversite.com\/index.php\/wp-json\/wp\/v2\/posts\/30870"}],"collection":[{"href":"https:\/\/guineediversite.com\/index.php\/wp-json\/wp\/v2\/posts"}],"about":[{"href":"https:\/\/guineediversite.com\/index.php\/wp-json\/wp\/v2\/types\/post"}],"author":[{"embeddable":true,"href":"https:\/\/guineediversite.com\/index.php\/wp-json\/wp\/v2\/users\/10"}],"replies":[{"embeddable":true,"href":"https:\/\/guineediversite.com\/index.php\/wp-json\/wp\/v2\/comments?post=30870"}],"version-history":[{"count":1,"href":"https:\/\/guineediversite.com\/index.php\/wp-json\/wp\/v2\/posts\/30870\/revisions"}],"predecessor-version":[{"id":30874,"href":"https:\/\/guineediversite.com\/index.php\/wp-json\/wp\/v2\/posts\/30870\/revisions\/30874"}],"wp:featuredmedia":[{"embeddable":true,"href":"https:\/\/guineediversite.com\/index.php\/wp-json\/wp\/v2\/media\/30871"}],"wp:attachment":[{"href":"https:\/\/guineediversite.com\/index.php\/wp-json\/wp\/v2\/media?parent=30870"}],"wp:term":[{"taxonomy":"category","embeddable":true,"href":"https:\/\/guineediversite.com\/index.php\/wp-json\/wp\/v2\/categories?post=30870"},{"taxonomy":"post_tag","embeddable":true,"href":"https:\/\/guineediversite.com\/index.php\/wp-json\/wp\/v2\/tags?post=30870"}],"curies":[{"name":"wp","href":"https:\/\/api.w.org\/{rel}","templated":true}]}}