{"id":30824,"date":"2021-03-01T14:15:27","date_gmt":"2021-03-01T13:15:27","guid":{"rendered":"https:\/\/guineediversite.com\/?p=30824"},"modified":"2021-03-01T14:15:27","modified_gmt":"2021-03-01T13:15:27","slug":"football-plusieurs-arrestations-apres-les-perquisitions-au-fc-barcelone-porte-parole","status":"publish","type":"post","link":"https:\/\/guineediversite.com\/index.php\/2021\/03\/01\/football-plusieurs-arrestations-apres-les-perquisitions-au-fc-barcelone-porte-parole\/","title":{"rendered":"Football : plusieurs \u00ab arrestations \u00bb apr\u00e8s les perquisitions au FC Barcelone (porte-parole)"},"content":{"rendered":"<p>La police menait ce lundi 1er mars une op\u00e9ration au si\u00e8ge du FC Barcelone, \u00e0 six jours des \u00e9lections pour la pr\u00e9sidence du club, selon la police r\u00e9gionale catalane. Cette op\u00e9ration ciblait l&rsquo;ancien pr\u00e9sident d\u00e9missionnaire Josep Maria Bartomeu selon plusieurs m\u00e9dias. Le porte-parole de la police r\u00e9gionale catalane s&rsquo;est refus\u00e9 \u00e0 communiquer les identit\u00e9s des personnes arr\u00eat\u00e9es mais selon ces m\u00e9dias, M. Bartomeu en fait partie.<\/p>\n<p><strong>RFI<\/strong><\/p>\n","protected":false},"excerpt":{"rendered":"<p>La police menait ce lundi 1er mars une op\u00e9ration au si\u00e8ge du FC Barcelone, \u00e0 six jours des \u00e9lections pour la pr\u00e9sidence du club, selon la police r\u00e9gionale catalane. Cette op\u00e9ration ciblait l&rsquo;ancien pr\u00e9sident d\u00e9missionnaire Josep Maria Bartomeu selon plusieurs m\u00e9dias. Le porte-parole de la police r\u00e9gionale catalane s&rsquo;est refus\u00e9 \u00e0 communiquer les identit\u00e9s des [&hellip;]<\/p>\n","protected":false},"author":12,"featured_media":30825,"comment_status":"closed","ping_status":"open","sticky":false,"template":"","format":"standard","meta":{"_exactmetrics_skip_tracking":false,"_exactmetrics_sitenote_active":false,"_exactmetrics_sitenote_note":"","_exactmetrics_sitenote_category":0,"tdm_status":"","tdm_grid_status":"","footnotes":""},"categories":[18],"tags":[],"class_list":{"0":"post-30824","1":"post","2":"type-post","3":"status-publish","4":"format-standard","5":"has-post-thumbnail","7":"category-sport"},"yoast_head":"<!-- This site is optimized with the Yoast SEO plugin v24.2 - https:\/\/yoast.com\/wordpress\/plugins\/seo\/ -->\n<title>Football : plusieurs \u00ab arrestations \u00bb apr\u00e8s les perquisitions au FC Barcelone (porte-parole) | Guin\u00e9e Diversit\u00e9<\/title>\n<meta name=\"robots\" content=\"index, follow, max-snippet:-1, max-image-preview:large, max-video-preview:-1\" \/>\n<link rel=\"canonical\" href=\"https:\/\/guineediversite.com\/index.php\/2021\/03\/01\/football-plusieurs-arrestations-apres-les-perquisitions-au-fc-barcelone-porte-parole\/\" \/>\n<meta property=\"og:locale\" content=\"fr_FR\" \/>\n<meta property=\"og:type\" content=\"article\" \/>\n<meta property=\"og:title\" content=\"Football : plusieurs \u00ab arrestations \u00bb apr\u00e8s les perquisitions au FC Barcelone (porte-parole) | Guin\u00e9e Diversit\u00e9\" \/>\n<meta property=\"og:description\" content=\"La police menait ce lundi 1er mars une op\u00e9ration au si\u00e8ge du FC Barcelone, \u00e0 six jours des \u00e9lections pour la pr\u00e9sidence du club, selon la police r\u00e9gionale catalane. Cette op\u00e9ration ciblait l&rsquo;ancien pr\u00e9sident d\u00e9missionnaire Josep Maria Bartomeu selon plusieurs m\u00e9dias. Le porte-parole de la police r\u00e9gionale catalane s&rsquo;est refus\u00e9 \u00e0 communiquer les identit\u00e9s des [&hellip;]\" \/>\n<meta property=\"og:url\" content=\"https:\/\/guineediversite.com\/index.php\/2021\/03\/01\/football-plusieurs-arrestations-apres-les-perquisitions-au-fc-barcelone-porte-parole\/\" \/>\n<meta property=\"og:site_name\" content=\"Guin\u00e9e Diversit\u00e9\" \/>\n<meta property=\"article:publisher\" content=\"https:\/\/www.facebook.com\/guineediversite\/\" \/>\n<meta property=\"article:published_time\" content=\"2021-03-01T13:15:27+00:00\" \/>\n<meta property=\"og:image\" content=\"https:\/\/guineediversite.com\/wp-content\/uploads\/2021\/03\/le-siege-du-FC-Barcelone.jpg\" \/>\n\t<meta property=\"og:image:width\" content=\"1500\" \/>\n\t<meta property=\"og:image:height\" content=\"840\" \/>\n\t<meta property=\"og:image:type\" content=\"image\/jpeg\" \/>\n<meta name=\"author\" content=\"Guin\u00e9e Diversit\u00e9\" \/>\n<meta name=\"twitter:card\" content=\"summary_large_image\" \/>\n<meta name=\"twitter:creator\" content=\"@GuineeDiversite\" \/>\n<meta name=\"twitter:site\" content=\"@GuineeDiversite\" \/>\n<meta name=\"twitter:label1\" content=\"\u00c9crit par\" \/>\n\t<meta name=\"twitter:data1\" content=\"Guin\u00e9e Diversit\u00e9\" \/>\n<script type=\"application\/ld+json\" class=\"yoast-schema-graph\">{\"@context\":\"https:\/\/schema.org\",\"@graph\":[{\"@type\":\"Article\",\"@id\":\"https:\/\/guineediversite.com\/index.php\/2021\/03\/01\/football-plusieurs-arrestations-apres-les-perquisitions-au-fc-barcelone-porte-parole\/#article\",\"isPartOf\":{\"@id\":\"https:\/\/guineediversite.com\/index.php\/2021\/03\/01\/football-plusieurs-arrestations-apres-les-perquisitions-au-fc-barcelone-porte-parole\/\"},\"author\":{\"name\":\"Guin\u00e9e Diversit\u00e9\",\"@id\":\"https:\/\/guineediversite.com\/#\/schema\/person\/afa08fb34e7fc6e1feafc892612bc836\"},\"headline\":\"Football : plusieurs \u00ab arrestations \u00bb apr\u00e8s les perquisitions au FC Barcelone (porte-parole)\",\"datePublished\":\"2021-03-01T13:15:27+00:00\",\"dateModified\":\"2021-03-01T13:15:27+00:00\",\"mainEntityOfPage\":{\"@id\":\"https:\/\/guineediversite.com\/index.php\/2021\/03\/01\/football-plusieurs-arrestations-apres-les-perquisitions-au-fc-barcelone-porte-parole\/\"},\"wordCount\":91,\"publisher\":{\"@id\":\"https:\/\/guineediversite.com\/#organization\"},\"image\":{\"@id\":\"https:\/\/guineediversite.com\/index.php\/2021\/03\/01\/football-plusieurs-arrestations-apres-les-perquisitions-au-fc-barcelone-porte-parole\/#primaryimage\"},\"thumbnailUrl\":\"https:\/\/guineediversite.com\/wp-content\/uploads\/2021\/03\/le-siege-du-FC-Barcelone.jpg\",\"articleSection\":[\"Sport\"],\"inLanguage\":\"fr-FR\"},{\"@type\":\"WebPage\",\"@id\":\"https:\/\/guineediversite.com\/index.php\/2021\/03\/01\/football-plusieurs-arrestations-apres-les-perquisitions-au-fc-barcelone-porte-parole\/\",\"url\":\"https:\/\/guineediversite.com\/index.php\/2021\/03\/01\/football-plusieurs-arrestations-apres-les-perquisitions-au-fc-barcelone-porte-parole\/\",\"name\":\"Football : plusieurs \u00ab arrestations \u00bb apr\u00e8s les perquisitions au FC Barcelone (porte-parole) | Guin\u00e9e Diversit\u00e9\",\"isPartOf\":{\"@id\":\"https:\/\/guineediversite.com\/#website\"},\"primaryImageOfPage\":{\"@id\":\"https:\/\/guineediversite.com\/index.php\/2021\/03\/01\/football-plusieurs-arrestations-apres-les-perquisitions-au-fc-barcelone-porte-parole\/#primaryimage\"},\"image\":{\"@id\":\"https:\/\/guineediversite.com\/index.php\/2021\/03\/01\/football-plusieurs-arrestations-apres-les-perquisitions-au-fc-barcelone-porte-parole\/#primaryimage\"},\"thumbnailUrl\":\"https:\/\/guineediversite.com\/wp-content\/uploads\/2021\/03\/le-siege-du-FC-Barcelone.jpg\",\"datePublished\":\"2021-03-01T13:15:27+00:00\",\"dateModified\":\"2021-03-01T13:15:27+00:00\",\"breadcrumb\":{\"@id\":\"https:\/\/guineediversite.com\/index.php\/2021\/03\/01\/football-plusieurs-arrestations-apres-les-perquisitions-au-fc-barcelone-porte-parole\/#breadcrumb\"},\"inLanguage\":\"fr-FR\",\"potentialAction\":[{\"@type\":\"ReadAction\",\"target\":[\"https:\/\/guineediversite.com\/index.php\/2021\/03\/01\/football-plusieurs-arrestations-apres-les-perquisitions-au-fc-barcelone-porte-parole\/\"]}]},{\"@type\":\"ImageObject\",\"inLanguage\":\"fr-FR\",\"@id\":\"https:\/\/guineediversite.com\/index.php\/2021\/03\/01\/football-plusieurs-arrestations-apres-les-perquisitions-au-fc-barcelone-porte-parole\/#primaryimage\",\"url\":\"https:\/\/guineediversite.com\/wp-content\/uploads\/2021\/03\/le-siege-du-FC-Barcelone.jpg\",\"contentUrl\":\"https:\/\/guineediversite.com\/wp-content\/uploads\/2021\/03\/le-siege-du-FC-Barcelone.jpg\",\"width\":1500,\"height\":840},{\"@type\":\"BreadcrumbList\",\"@id\":\"https:\/\/guineediversite.com\/index.php\/2021\/03\/01\/football-plusieurs-arrestations-apres-les-perquisitions-au-fc-barcelone-porte-parole\/#breadcrumb\",\"itemListElement\":[{\"@type\":\"ListItem\",\"position\":1,\"name\":\"Accueil\",\"item\":\"https:\/\/guineediversite.com\/\"},{\"@type\":\"ListItem\",\"position\":2,\"name\":\"Football : plusieurs \u00ab arrestations \u00bb apr\u00e8s les perquisitions au FC Barcelone (porte-parole)\"}]},{\"@type\":\"WebSite\",\"@id\":\"https:\/\/guineediversite.com\/#website\",\"url\":\"https:\/\/guineediversite.com\/\",\"name\":\"Guin\u00e9e Diversit\u00e9\",\"description\":\"L&#039;Info dans toute sa diversit\u00e9\",\"publisher\":{\"@id\":\"https:\/\/guineediversite.com\/#organization\"},\"potentialAction\":[{\"@type\":\"SearchAction\",\"target\":{\"@type\":\"EntryPoint\",\"urlTemplate\":\"https:\/\/guineediversite.com\/?s={search_term_string}\"},\"query-input\":{\"@type\":\"PropertyValueSpecification\",\"valueRequired\":true,\"valueName\":\"search_term_string\"}}],\"inLanguage\":\"fr-FR\"},{\"@type\":\"Organization\",\"@id\":\"https:\/\/guineediversite.com\/#organization\",\"name\":\"Guin\u00e9e Diversit\u00e9\",\"url\":\"https:\/\/guineediversite.com\/\",\"logo\":{\"@type\":\"ImageObject\",\"inLanguage\":\"fr-FR\",\"@id\":\"https:\/\/guineediversite.com\/#\/schema\/logo\/image\/\",\"url\":\"https:\/\/guineediversite.com\/wp-content\/uploads\/2017\/04\/cropped-1jojlxEOMkX9Wyqfhe43D6kjPOGqBBKmx3EwWJqZ0cMrFF54yM49.png\",\"contentUrl\":\"https:\/\/guineediversite.com\/wp-content\/uploads\/2017\/04\/cropped-1jojlxEOMkX9Wyqfhe43D6kjPOGqBBKmx3EwWJqZ0cMrFF54yM49.png\",\"width\":186,\"height\":112,\"caption\":\"Guin\u00e9e Diversit\u00e9\"},\"image\":{\"@id\":\"https:\/\/guineediversite.com\/#\/schema\/logo\/image\/\"},\"sameAs\":[\"https:\/\/www.facebook.com\/guineediversite\/\",\"https:\/\/x.com\/GuineeDiversite\",\"https:\/\/www.youtube.com\/channel\/UC8sUY16qelG5ge6_D5SB83g\"]},{\"@type\":\"Person\",\"@id\":\"https:\/\/guineediversite.com\/#\/schema\/person\/afa08fb34e7fc6e1feafc892612bc836\",\"name\":\"Guin\u00e9e Diversit\u00e9\",\"image\":{\"@type\":\"ImageObject\",\"inLanguage\":\"fr-FR\",\"@id\":\"https:\/\/guineediversite.com\/#\/schema\/person\/image\/\",\"url\":\"https:\/\/secure.gravatar.com\/avatar\/50d5eb5b390f8b65ac30ac6f898eb83a?s=96&d=mm&r=g\",\"contentUrl\":\"https:\/\/secure.gravatar.com\/avatar\/50d5eb5b390f8b65ac30ac6f898eb83a?s=96&d=mm&r=g\",\"caption\":\"Guin\u00e9e Diversit\u00e9\"},\"url\":\"https:\/\/guineediversite.com\/index.php\/author\/guineediversite\/\"}]}<\/script>\n<!-- \/ Yoast SEO plugin. -->","yoast_head_json":{"title":"Football : plusieurs \u00ab arrestations \u00bb apr\u00e8s les perquisitions au FC Barcelone (porte-parole) | Guin\u00e9e Diversit\u00e9","robots":{"index":"index","follow":"follow","max-snippet":"max-snippet:-1","max-image-preview":"max-image-preview:large","max-video-preview":"max-video-preview:-1"},"canonical":"https:\/\/guineediversite.com\/index.php\/2021\/03\/01\/football-plusieurs-arrestations-apres-les-perquisitions-au-fc-barcelone-porte-parole\/","og_locale":"fr_FR","og_type":"article","og_title":"Football : plusieurs \u00ab arrestations \u00bb apr\u00e8s les perquisitions au FC Barcelone (porte-parole) | Guin\u00e9e Diversit\u00e9","og_description":"La police menait ce lundi 1er mars une op\u00e9ration au si\u00e8ge du FC Barcelone, \u00e0 six jours des \u00e9lections pour la pr\u00e9sidence du club, selon la police r\u00e9gionale catalane. Cette op\u00e9ration ciblait l&rsquo;ancien pr\u00e9sident d\u00e9missionnaire Josep Maria Bartomeu selon plusieurs m\u00e9dias. Le porte-parole de la police r\u00e9gionale catalane s&rsquo;est refus\u00e9 \u00e0 communiquer les identit\u00e9s des [&hellip;]","og_url":"https:\/\/guineediversite.com\/index.php\/2021\/03\/01\/football-plusieurs-arrestations-apres-les-perquisitions-au-fc-barcelone-porte-parole\/","og_site_name":"Guin\u00e9e Diversit\u00e9","article_publisher":"https:\/\/www.facebook.com\/guineediversite\/","article_published_time":"2021-03-01T13:15:27+00:00","og_image":[{"width":1500,"height":840,"url":"https:\/\/guineediversite.com\/wp-content\/uploads\/2021\/03\/le-siege-du-FC-Barcelone.jpg","type":"image\/jpeg"}],"author":"Guin\u00e9e Diversit\u00e9","twitter_card":"summary_large_image","twitter_creator":"@GuineeDiversite","twitter_site":"@GuineeDiversite","twitter_misc":{"\u00c9crit par":"Guin\u00e9e Diversit\u00e9"},"schema":{"@context":"https:\/\/schema.org","@graph":[{"@type":"Article","@id":"https:\/\/guineediversite.com\/index.php\/2021\/03\/01\/football-plusieurs-arrestations-apres-les-perquisitions-au-fc-barcelone-porte-parole\/#article","isPartOf":{"@id":"https:\/\/guineediversite.com\/index.php\/2021\/03\/01\/football-plusieurs-arrestations-apres-les-perquisitions-au-fc-barcelone-porte-parole\/"},"author":{"name":"Guin\u00e9e Diversit\u00e9","@id":"https:\/\/guineediversite.com\/#\/schema\/person\/afa08fb34e7fc6e1feafc892612bc836"},"headline":"Football : plusieurs \u00ab arrestations \u00bb apr\u00e8s les perquisitions au FC Barcelone (porte-parole)","datePublished":"2021-03-01T13:15:27+00:00","dateModified":"2021-03-01T13:15:27+00:00","mainEntityOfPage":{"@id":"https:\/\/guineediversite.com\/index.php\/2021\/03\/01\/football-plusieurs-arrestations-apres-les-perquisitions-au-fc-barcelone-porte-parole\/"},"wordCount":91,"publisher":{"@id":"https:\/\/guineediversite.com\/#organization"},"image":{"@id":"https:\/\/guineediversite.com\/index.php\/2021\/03\/01\/football-plusieurs-arrestations-apres-les-perquisitions-au-fc-barcelone-porte-parole\/#primaryimage"},"thumbnailUrl":"https:\/\/guineediversite.com\/wp-content\/uploads\/2021\/03\/le-siege-du-FC-Barcelone.jpg","articleSection":["Sport"],"inLanguage":"fr-FR"},{"@type":"WebPage","@id":"https:\/\/guineediversite.com\/index.php\/2021\/03\/01\/football-plusieurs-arrestations-apres-les-perquisitions-au-fc-barcelone-porte-parole\/","url":"https:\/\/guineediversite.com\/index.php\/2021\/03\/01\/football-plusieurs-arrestations-apres-les-perquisitions-au-fc-barcelone-porte-parole\/","name":"Football : plusieurs \u00ab arrestations \u00bb apr\u00e8s les perquisitions au FC Barcelone (porte-parole) | Guin\u00e9e Diversit\u00e9","isPartOf":{"@id":"https:\/\/guineediversite.com\/#website"},"primaryImageOfPage":{"@id":"https:\/\/guineediversite.com\/index.php\/2021\/03\/01\/football-plusieurs-arrestations-apres-les-perquisitions-au-fc-barcelone-porte-parole\/#primaryimage"},"image":{"@id":"https:\/\/guineediversite.com\/index.php\/2021\/03\/01\/football-plusieurs-arrestations-apres-les-perquisitions-au-fc-barcelone-porte-parole\/#primaryimage"},"thumbnailUrl":"https:\/\/guineediversite.com\/wp-content\/uploads\/2021\/03\/le-siege-du-FC-Barcelone.jpg","datePublished":"2021-03-01T13:15:27+00:00","dateModified":"2021-03-01T13:15:27+00:00","breadcrumb":{"@id":"https:\/\/guineediversite.com\/index.php\/2021\/03\/01\/football-plusieurs-arrestations-apres-les-perquisitions-au-fc-barcelone-porte-parole\/#breadcrumb"},"inLanguage":"fr-FR","potentialAction":[{"@type":"ReadAction","target":["https:\/\/guineediversite.com\/index.php\/2021\/03\/01\/football-plusieurs-arrestations-apres-les-perquisitions-au-fc-barcelone-porte-parole\/"]}]},{"@type":"ImageObject","inLanguage":"fr-FR","@id":"https:\/\/guineediversite.com\/index.php\/2021\/03\/01\/football-plusieurs-arrestations-apres-les-perquisitions-au-fc-barcelone-porte-parole\/#primaryimage","url":"https:\/\/guineediversite.com\/wp-content\/uploads\/2021\/03\/le-siege-du-FC-Barcelone.jpg","contentUrl":"https:\/\/guineediversite.com\/wp-content\/uploads\/2021\/03\/le-siege-du-FC-Barcelone.jpg","width":1500,"height":840},{"@type":"BreadcrumbList","@id":"https:\/\/guineediversite.com\/index.php\/2021\/03\/01\/football-plusieurs-arrestations-apres-les-perquisitions-au-fc-barcelone-porte-parole\/#breadcrumb","itemListElement":[{"@type":"ListItem","position":1,"name":"Accueil","item":"https:\/\/guineediversite.com\/"},{"@type":"ListItem","position":2,"name":"Football : plusieurs \u00ab arrestations \u00bb apr\u00e8s les perquisitions au FC Barcelone (porte-parole)"}]},{"@type":"WebSite","@id":"https:\/\/guineediversite.com\/#website","url":"https:\/\/guineediversite.com\/","name":"Guin\u00e9e Diversit\u00e9","description":"L&#039;Info dans toute sa diversit\u00e9","publisher":{"@id":"https:\/\/guineediversite.com\/#organization"},"potentialAction":[{"@type":"SearchAction","target":{"@type":"EntryPoint","urlTemplate":"https:\/\/guineediversite.com\/?s={search_term_string}"},"query-input":{"@type":"PropertyValueSpecification","valueRequired":true,"valueName":"search_term_string"}}],"inLanguage":"fr-FR"},{"@type":"Organization","@id":"https:\/\/guineediversite.com\/#organization","name":"Guin\u00e9e Diversit\u00e9","url":"https:\/\/guineediversite.com\/","logo":{"@type":"ImageObject","inLanguage":"fr-FR","@id":"https:\/\/guineediversite.com\/#\/schema\/logo\/image\/","url":"https:\/\/guineediversite.com\/wp-content\/uploads\/2017\/04\/cropped-1jojlxEOMkX9Wyqfhe43D6kjPOGqBBKmx3EwWJqZ0cMrFF54yM49.png","contentUrl":"https:\/\/guineediversite.com\/wp-content\/uploads\/2017\/04\/cropped-1jojlxEOMkX9Wyqfhe43D6kjPOGqBBKmx3EwWJqZ0cMrFF54yM49.png","width":186,"height":112,"caption":"Guin\u00e9e Diversit\u00e9"},"image":{"@id":"https:\/\/guineediversite.com\/#\/schema\/logo\/image\/"},"sameAs":["https:\/\/www.facebook.com\/guineediversite\/","https:\/\/x.com\/GuineeDiversite","https:\/\/www.youtube.com\/channel\/UC8sUY16qelG5ge6_D5SB83g"]},{"@type":"Person","@id":"https:\/\/guineediversite.com\/#\/schema\/person\/afa08fb34e7fc6e1feafc892612bc836","name":"Guin\u00e9e Diversit\u00e9","image":{"@type":"ImageObject","inLanguage":"fr-FR","@id":"https:\/\/guineediversite.com\/#\/schema\/person\/image\/","url":"https:\/\/secure.gravatar.com\/avatar\/50d5eb5b390f8b65ac30ac6f898eb83a?s=96&d=mm&r=g","contentUrl":"https:\/\/secure.gravatar.com\/avatar\/50d5eb5b390f8b65ac30ac6f898eb83a?s=96&d=mm&r=g","caption":"Guin\u00e9e Diversit\u00e9"},"url":"https:\/\/guineediversite.com\/index.php\/author\/guineediversite\/"}]}},"_links":{"self":[{"href":"https:\/\/guineediversite.com\/index.php\/wp-json\/wp\/v2\/posts\/30824"}],"collection":[{"href":"https:\/\/guineediversite.com\/index.php\/wp-json\/wp\/v2\/posts"}],"about":[{"href":"https:\/\/guineediversite.com\/index.php\/wp-json\/wp\/v2\/types\/post"}],"author":[{"embeddable":true,"href":"https:\/\/guineediversite.com\/index.php\/wp-json\/wp\/v2\/users\/12"}],"replies":[{"embeddable":true,"href":"https:\/\/guineediversite.com\/index.php\/wp-json\/wp\/v2\/comments?post=30824"}],"version-history":[{"count":1,"href":"https:\/\/guineediversite.com\/index.php\/wp-json\/wp\/v2\/posts\/30824\/revisions"}],"predecessor-version":[{"id":30826,"href":"https:\/\/guineediversite.com\/index.php\/wp-json\/wp\/v2\/posts\/30824\/revisions\/30826"}],"wp:featuredmedia":[{"embeddable":true,"href":"https:\/\/guineediversite.com\/index.php\/wp-json\/wp\/v2\/media\/30825"}],"wp:attachment":[{"href":"https:\/\/guineediversite.com\/index.php\/wp-json\/wp\/v2\/media?parent=30824"}],"wp:term":[{"taxonomy":"category","embeddable":true,"href":"https:\/\/guineediversite.com\/index.php\/wp-json\/wp\/v2\/categories?post=30824"},{"taxonomy":"post_tag","embeddable":true,"href":"https:\/\/guineediversite.com\/index.php\/wp-json\/wp\/v2\/tags?post=30824"}],"curies":[{"name":"wp","href":"https:\/\/api.w.org\/{rel}","templated":true}]}}