{"id":30810,"date":"2021-02-27T21:11:39","date_gmt":"2021-02-27T20:11:39","guid":{"rendered":"https:\/\/guineediversite.com\/?p=30810"},"modified":"2021-02-27T21:11:55","modified_gmt":"2021-02-27T20:11:55","slug":"arrestation-du-journaliste-amadou-djoulde-diallo-cellou-dalein-reagit","status":"publish","type":"post","link":"https:\/\/guineediversite.com\/index.php\/2021\/02\/27\/arrestation-du-journaliste-amadou-djoulde-diallo-cellou-dalein-reagit\/","title":{"rendered":"Arrestation du journaliste Amadou Djould\u00e9 Diallo: Cellou Dalein r\u00e9agit"},"content":{"rendered":"\n<p><strong>Dans une publication sur les r\u00e9seaux sociaux le Pr\u00e9sident de l&rsquo;UFDG s&rsquo;est exprim\u00e9 sur l&rsquo;arrestation du journaliste Guin\u00e9en Amadou Djould\u00e9 Diallo. <\/strong><\/p>\n\n\n\n<p>\u00ab <em>Allergiques a\u0300 toute forme d\u2019opposition, de critique ou de contestation, Alpha Conde\u0301 et sa justice aux ordres viennent rallonger la longue liste des de\u0301tenus politiques en ordonnant l\u2019arrestation du journaliste Amadou Dioulde\u0301 Diallo pour \u00ab\u00a0offenses\u00a0\u00bb au Chef de l\u2019Etat<\/em> \u00bb, d\u00e9clare Cellou Dalein Diallo sur son compte Twitter.<\/p>\n\n\n\n<p>Pour lui, personne n&rsquo;est \u00e9pargn\u00e9 par le Pouvoir d&rsquo;alpha Cond\u00e9 : journalistes, opposants politiques, activistes de la socie\u0301te\u0301 civile, tout le monde y passe. <\/p>\n\n\n\n<p>L&rsquo;opposant d&rsquo;alpha Cond\u00e9 qui s&rsquo;est d\u00e9clar\u00e9 victorieux de la derni\u00e8re \u00e9lection pr\u00e9sidentielle condamne fermement <em>\u00abces de\u0301rives liberticides qui  sapent gravement les fondements de la gouvernance d\u00e9mocratique  comme l\u2019a soutenu Michelle Bachelet, la Haute-Commissaire aux Nations Unies des droits de l\u2019homme<\/em>\u00bb.<\/p>\n\n\n\n<p>Amadou Djould\u00e9 Diallo \u00e0 \u00e9t\u00e9 arr\u00eat\u00e9 et conduit \u00e0 la Direction de la police judiciaire ce samedi pour \u00ab\u00a0<em>offenses au Chef de l&rsquo;\u00e9tat\u00a0\u00bb<\/em>. C&rsquo;\u00e9tait \u00e0 l&rsquo;occasion de son passage dans une \u00e9mission \u00e0 la radio <em>Lynx Fm<\/em> dont nous vous proposons <a href=\"https:\/\/www.facebook.com\/watch\/?v=262452615323729\">ici<\/a> un extrait.<\/p>\n\n\n\n<p><\/p>\n","protected":false},"excerpt":{"rendered":"<p>Dans une publication sur les r\u00e9seaux sociaux le Pr\u00e9sident de l&rsquo;UFDG s&rsquo;est exprim\u00e9 sur l&rsquo;arrestation du journaliste Guin\u00e9en Amadou Djould\u00e9 Diallo. \u00ab Allergiques a\u0300 toute forme d\u2019opposition, de critique ou de contestation, Alpha Conde\u0301 et sa justice aux ordres viennent rallonger la longue liste des de\u0301tenus politiques en ordonnant l\u2019arrestation du journaliste Amadou Dioulde\u0301 Diallo [&hellip;]<\/p>\n","protected":false},"author":6,"featured_media":30533,"comment_status":"closed","ping_status":"open","sticky":false,"template":"","format":"standard","meta":{"_exactmetrics_skip_tracking":false,"_exactmetrics_sitenote_active":false,"_exactmetrics_sitenote_note":"","_exactmetrics_sitenote_category":0,"tdm_status":"","tdm_grid_status":"","footnotes":""},"categories":[254,14],"tags":[],"class_list":{"0":"post-30810","1":"post","2":"type-post","3":"status-publish","4":"format-standard","5":"has-post-thumbnail","7":"category-derniere-minute","8":"category-politique"},"yoast_head":"<!-- This site is optimized with the Yoast SEO plugin v24.2 - https:\/\/yoast.com\/wordpress\/plugins\/seo\/ -->\n<title>Arrestation du journaliste Amadou Djould\u00e9 Diallo: Cellou Dalein r\u00e9agit | Guin\u00e9e Diversit\u00e9<\/title>\n<meta name=\"robots\" content=\"index, follow, max-snippet:-1, max-image-preview:large, max-video-preview:-1\" \/>\n<link rel=\"canonical\" href=\"https:\/\/guineediversite.com\/index.php\/2021\/02\/27\/arrestation-du-journaliste-amadou-djoulde-diallo-cellou-dalein-reagit\/\" \/>\n<meta property=\"og:locale\" content=\"fr_FR\" \/>\n<meta property=\"og:type\" content=\"article\" \/>\n<meta property=\"og:title\" content=\"Arrestation du journaliste Amadou Djould\u00e9 Diallo: Cellou Dalein r\u00e9agit | Guin\u00e9e Diversit\u00e9\" \/>\n<meta property=\"og:description\" content=\"Dans une publication sur les r\u00e9seaux sociaux le Pr\u00e9sident de l&rsquo;UFDG s&rsquo;est exprim\u00e9 sur l&rsquo;arrestation du journaliste Guin\u00e9en Amadou Djould\u00e9 Diallo. \u00ab Allergiques a\u0300 toute forme d\u2019opposition, de critique ou de contestation, Alpha Conde\u0301 et sa justice aux ordres viennent rallonger la longue liste des de\u0301tenus politiques en ordonnant l\u2019arrestation du journaliste Amadou Dioulde\u0301 Diallo [&hellip;]\" \/>\n<meta property=\"og:url\" content=\"https:\/\/guineediversite.com\/index.php\/2021\/02\/27\/arrestation-du-journaliste-amadou-djoulde-diallo-cellou-dalein-reagit\/\" \/>\n<meta property=\"og:site_name\" content=\"Guin\u00e9e Diversit\u00e9\" \/>\n<meta property=\"article:publisher\" content=\"https:\/\/www.facebook.com\/guineediversite\/\" \/>\n<meta property=\"article:published_time\" content=\"2021-02-27T20:11:39+00:00\" \/>\n<meta property=\"article:modified_time\" content=\"2021-02-27T20:11:55+00:00\" \/>\n<meta property=\"og:image\" content=\"https:\/\/guineediversite.com\/wp-content\/uploads\/2020\/11\/cdd.jpg\" \/>\n\t<meta property=\"og:image:width\" content=\"1200\" \/>\n\t<meta property=\"og:image:height\" content=\"675\" \/>\n\t<meta property=\"og:image:type\" content=\"image\/jpeg\" \/>\n<meta name=\"author\" content=\"TMB\" \/>\n<meta name=\"twitter:card\" content=\"summary_large_image\" \/>\n<meta name=\"twitter:creator\" content=\"@TmoussaBah\" \/>\n<meta name=\"twitter:site\" content=\"@GuineeDiversite\" \/>\n<meta name=\"twitter:label1\" content=\"\u00c9crit par\" \/>\n\t<meta name=\"twitter:data1\" content=\"TMB\" \/>\n\t<meta name=\"twitter:label2\" content=\"Dur\u00e9e de lecture estim\u00e9e\" \/>\n\t<meta name=\"twitter:data2\" content=\"1 minute\" \/>\n<script type=\"application\/ld+json\" class=\"yoast-schema-graph\">{\"@context\":\"https:\/\/schema.org\",\"@graph\":[{\"@type\":\"Article\",\"@id\":\"https:\/\/guineediversite.com\/index.php\/2021\/02\/27\/arrestation-du-journaliste-amadou-djoulde-diallo-cellou-dalein-reagit\/#article\",\"isPartOf\":{\"@id\":\"https:\/\/guineediversite.com\/index.php\/2021\/02\/27\/arrestation-du-journaliste-amadou-djoulde-diallo-cellou-dalein-reagit\/\"},\"author\":{\"name\":\"TMB\",\"@id\":\"https:\/\/guineediversite.com\/#\/schema\/person\/93f07b8b19c6b61656d0edeba739b9e2\"},\"headline\":\"Arrestation du journaliste Amadou Djould\u00e9 Diallo: Cellou Dalein r\u00e9agit\",\"datePublished\":\"2021-02-27T20:11:39+00:00\",\"dateModified\":\"2021-02-27T20:11:55+00:00\",\"mainEntityOfPage\":{\"@id\":\"https:\/\/guineediversite.com\/index.php\/2021\/02\/27\/arrestation-du-journaliste-amadou-djoulde-diallo-cellou-dalein-reagit\/\"},\"wordCount\":209,\"publisher\":{\"@id\":\"https:\/\/guineediversite.com\/#organization\"},\"image\":{\"@id\":\"https:\/\/guineediversite.com\/index.php\/2021\/02\/27\/arrestation-du-journaliste-amadou-djoulde-diallo-cellou-dalein-reagit\/#primaryimage\"},\"thumbnailUrl\":\"https:\/\/guineediversite.com\/wp-content\/uploads\/2020\/11\/cdd.jpg\",\"articleSection\":[\"Derni\u00e8re minute\",\"Politique\"],\"inLanguage\":\"fr-FR\"},{\"@type\":\"WebPage\",\"@id\":\"https:\/\/guineediversite.com\/index.php\/2021\/02\/27\/arrestation-du-journaliste-amadou-djoulde-diallo-cellou-dalein-reagit\/\",\"url\":\"https:\/\/guineediversite.com\/index.php\/2021\/02\/27\/arrestation-du-journaliste-amadou-djoulde-diallo-cellou-dalein-reagit\/\",\"name\":\"Arrestation du journaliste Amadou Djould\u00e9 Diallo: Cellou Dalein r\u00e9agit | Guin\u00e9e Diversit\u00e9\",\"isPartOf\":{\"@id\":\"https:\/\/guineediversite.com\/#website\"},\"primaryImageOfPage\":{\"@id\":\"https:\/\/guineediversite.com\/index.php\/2021\/02\/27\/arrestation-du-journaliste-amadou-djoulde-diallo-cellou-dalein-reagit\/#primaryimage\"},\"image\":{\"@id\":\"https:\/\/guineediversite.com\/index.php\/2021\/02\/27\/arrestation-du-journaliste-amadou-djoulde-diallo-cellou-dalein-reagit\/#primaryimage\"},\"thumbnailUrl\":\"https:\/\/guineediversite.com\/wp-content\/uploads\/2020\/11\/cdd.jpg\",\"datePublished\":\"2021-02-27T20:11:39+00:00\",\"dateModified\":\"2021-02-27T20:11:55+00:00\",\"breadcrumb\":{\"@id\":\"https:\/\/guineediversite.com\/index.php\/2021\/02\/27\/arrestation-du-journaliste-amadou-djoulde-diallo-cellou-dalein-reagit\/#breadcrumb\"},\"inLanguage\":\"fr-FR\",\"potentialAction\":[{\"@type\":\"ReadAction\",\"target\":[\"https:\/\/guineediversite.com\/index.php\/2021\/02\/27\/arrestation-du-journaliste-amadou-djoulde-diallo-cellou-dalein-reagit\/\"]}]},{\"@type\":\"ImageObject\",\"inLanguage\":\"fr-FR\",\"@id\":\"https:\/\/guineediversite.com\/index.php\/2021\/02\/27\/arrestation-du-journaliste-amadou-djoulde-diallo-cellou-dalein-reagit\/#primaryimage\",\"url\":\"https:\/\/guineediversite.com\/wp-content\/uploads\/2020\/11\/cdd.jpg\",\"contentUrl\":\"https:\/\/guineediversite.com\/wp-content\/uploads\/2020\/11\/cdd.jpg\",\"width\":1200,\"height\":675},{\"@type\":\"BreadcrumbList\",\"@id\":\"https:\/\/guineediversite.com\/index.php\/2021\/02\/27\/arrestation-du-journaliste-amadou-djoulde-diallo-cellou-dalein-reagit\/#breadcrumb\",\"itemListElement\":[{\"@type\":\"ListItem\",\"position\":1,\"name\":\"Accueil\",\"item\":\"https:\/\/guineediversite.com\/\"},{\"@type\":\"ListItem\",\"position\":2,\"name\":\"Arrestation du journaliste Amadou Djould\u00e9 Diallo: Cellou Dalein r\u00e9agit\"}]},{\"@type\":\"WebSite\",\"@id\":\"https:\/\/guineediversite.com\/#website\",\"url\":\"https:\/\/guineediversite.com\/\",\"name\":\"Guin\u00e9e Diversit\u00e9\",\"description\":\"L&#039;Info dans toute sa diversit\u00e9\",\"publisher\":{\"@id\":\"https:\/\/guineediversite.com\/#organization\"},\"potentialAction\":[{\"@type\":\"SearchAction\",\"target\":{\"@type\":\"EntryPoint\",\"urlTemplate\":\"https:\/\/guineediversite.com\/?s={search_term_string}\"},\"query-input\":{\"@type\":\"PropertyValueSpecification\",\"valueRequired\":true,\"valueName\":\"search_term_string\"}}],\"inLanguage\":\"fr-FR\"},{\"@type\":\"Organization\",\"@id\":\"https:\/\/guineediversite.com\/#organization\",\"name\":\"Guin\u00e9e Diversit\u00e9\",\"url\":\"https:\/\/guineediversite.com\/\",\"logo\":{\"@type\":\"ImageObject\",\"inLanguage\":\"fr-FR\",\"@id\":\"https:\/\/guineediversite.com\/#\/schema\/logo\/image\/\",\"url\":\"https:\/\/guineediversite.com\/wp-content\/uploads\/2017\/04\/cropped-1jojlxEOMkX9Wyqfhe43D6kjPOGqBBKmx3EwWJqZ0cMrFF54yM49.png\",\"contentUrl\":\"https:\/\/guineediversite.com\/wp-content\/uploads\/2017\/04\/cropped-1jojlxEOMkX9Wyqfhe43D6kjPOGqBBKmx3EwWJqZ0cMrFF54yM49.png\",\"width\":186,\"height\":112,\"caption\":\"Guin\u00e9e Diversit\u00e9\"},\"image\":{\"@id\":\"https:\/\/guineediversite.com\/#\/schema\/logo\/image\/\"},\"sameAs\":[\"https:\/\/www.facebook.com\/guineediversite\/\",\"https:\/\/x.com\/GuineeDiversite\",\"https:\/\/www.youtube.com\/channel\/UC8sUY16qelG5ge6_D5SB83g\"]},{\"@type\":\"Person\",\"@id\":\"https:\/\/guineediversite.com\/#\/schema\/person\/93f07b8b19c6b61656d0edeba739b9e2\",\"name\":\"TMB\",\"image\":{\"@type\":\"ImageObject\",\"inLanguage\":\"fr-FR\",\"@id\":\"https:\/\/guineediversite.com\/#\/schema\/person\/image\/\",\"url\":\"https:\/\/secure.gravatar.com\/avatar\/2bbb03bec976020eaf4dfa0af0a5259f?s=96&d=mm&r=g\",\"contentUrl\":\"https:\/\/secure.gravatar.com\/avatar\/2bbb03bec976020eaf4dfa0af0a5259f?s=96&d=mm&r=g\",\"caption\":\"TMB\"},\"sameAs\":[\"https:\/\/x.com\/TmoussaBah\"],\"url\":\"https:\/\/guineediversite.com\/index.php\/author\/thierno\/\"}]}<\/script>\n<!-- \/ Yoast SEO plugin. -->","yoast_head_json":{"title":"Arrestation du journaliste Amadou Djould\u00e9 Diallo: Cellou Dalein r\u00e9agit | Guin\u00e9e Diversit\u00e9","robots":{"index":"index","follow":"follow","max-snippet":"max-snippet:-1","max-image-preview":"max-image-preview:large","max-video-preview":"max-video-preview:-1"},"canonical":"https:\/\/guineediversite.com\/index.php\/2021\/02\/27\/arrestation-du-journaliste-amadou-djoulde-diallo-cellou-dalein-reagit\/","og_locale":"fr_FR","og_type":"article","og_title":"Arrestation du journaliste Amadou Djould\u00e9 Diallo: Cellou Dalein r\u00e9agit | Guin\u00e9e Diversit\u00e9","og_description":"Dans une publication sur les r\u00e9seaux sociaux le Pr\u00e9sident de l&rsquo;UFDG s&rsquo;est exprim\u00e9 sur l&rsquo;arrestation du journaliste Guin\u00e9en Amadou Djould\u00e9 Diallo. \u00ab Allergiques a\u0300 toute forme d\u2019opposition, de critique ou de contestation, Alpha Conde\u0301 et sa justice aux ordres viennent rallonger la longue liste des de\u0301tenus politiques en ordonnant l\u2019arrestation du journaliste Amadou Dioulde\u0301 Diallo [&hellip;]","og_url":"https:\/\/guineediversite.com\/index.php\/2021\/02\/27\/arrestation-du-journaliste-amadou-djoulde-diallo-cellou-dalein-reagit\/","og_site_name":"Guin\u00e9e Diversit\u00e9","article_publisher":"https:\/\/www.facebook.com\/guineediversite\/","article_published_time":"2021-02-27T20:11:39+00:00","article_modified_time":"2021-02-27T20:11:55+00:00","og_image":[{"width":1200,"height":675,"url":"https:\/\/guineediversite.com\/wp-content\/uploads\/2020\/11\/cdd.jpg","type":"image\/jpeg"}],"author":"TMB","twitter_card":"summary_large_image","twitter_creator":"@TmoussaBah","twitter_site":"@GuineeDiversite","twitter_misc":{"\u00c9crit par":"TMB","Dur\u00e9e de lecture estim\u00e9e":"1 minute"},"schema":{"@context":"https:\/\/schema.org","@graph":[{"@type":"Article","@id":"https:\/\/guineediversite.com\/index.php\/2021\/02\/27\/arrestation-du-journaliste-amadou-djoulde-diallo-cellou-dalein-reagit\/#article","isPartOf":{"@id":"https:\/\/guineediversite.com\/index.php\/2021\/02\/27\/arrestation-du-journaliste-amadou-djoulde-diallo-cellou-dalein-reagit\/"},"author":{"name":"TMB","@id":"https:\/\/guineediversite.com\/#\/schema\/person\/93f07b8b19c6b61656d0edeba739b9e2"},"headline":"Arrestation du journaliste Amadou Djould\u00e9 Diallo: Cellou Dalein r\u00e9agit","datePublished":"2021-02-27T20:11:39+00:00","dateModified":"2021-02-27T20:11:55+00:00","mainEntityOfPage":{"@id":"https:\/\/guineediversite.com\/index.php\/2021\/02\/27\/arrestation-du-journaliste-amadou-djoulde-diallo-cellou-dalein-reagit\/"},"wordCount":209,"publisher":{"@id":"https:\/\/guineediversite.com\/#organization"},"image":{"@id":"https:\/\/guineediversite.com\/index.php\/2021\/02\/27\/arrestation-du-journaliste-amadou-djoulde-diallo-cellou-dalein-reagit\/#primaryimage"},"thumbnailUrl":"https:\/\/guineediversite.com\/wp-content\/uploads\/2020\/11\/cdd.jpg","articleSection":["Derni\u00e8re minute","Politique"],"inLanguage":"fr-FR"},{"@type":"WebPage","@id":"https:\/\/guineediversite.com\/index.php\/2021\/02\/27\/arrestation-du-journaliste-amadou-djoulde-diallo-cellou-dalein-reagit\/","url":"https:\/\/guineediversite.com\/index.php\/2021\/02\/27\/arrestation-du-journaliste-amadou-djoulde-diallo-cellou-dalein-reagit\/","name":"Arrestation du journaliste Amadou Djould\u00e9 Diallo: Cellou Dalein r\u00e9agit | Guin\u00e9e Diversit\u00e9","isPartOf":{"@id":"https:\/\/guineediversite.com\/#website"},"primaryImageOfPage":{"@id":"https:\/\/guineediversite.com\/index.php\/2021\/02\/27\/arrestation-du-journaliste-amadou-djoulde-diallo-cellou-dalein-reagit\/#primaryimage"},"image":{"@id":"https:\/\/guineediversite.com\/index.php\/2021\/02\/27\/arrestation-du-journaliste-amadou-djoulde-diallo-cellou-dalein-reagit\/#primaryimage"},"thumbnailUrl":"https:\/\/guineediversite.com\/wp-content\/uploads\/2020\/11\/cdd.jpg","datePublished":"2021-02-27T20:11:39+00:00","dateModified":"2021-02-27T20:11:55+00:00","breadcrumb":{"@id":"https:\/\/guineediversite.com\/index.php\/2021\/02\/27\/arrestation-du-journaliste-amadou-djoulde-diallo-cellou-dalein-reagit\/#breadcrumb"},"inLanguage":"fr-FR","potentialAction":[{"@type":"ReadAction","target":["https:\/\/guineediversite.com\/index.php\/2021\/02\/27\/arrestation-du-journaliste-amadou-djoulde-diallo-cellou-dalein-reagit\/"]}]},{"@type":"ImageObject","inLanguage":"fr-FR","@id":"https:\/\/guineediversite.com\/index.php\/2021\/02\/27\/arrestation-du-journaliste-amadou-djoulde-diallo-cellou-dalein-reagit\/#primaryimage","url":"https:\/\/guineediversite.com\/wp-content\/uploads\/2020\/11\/cdd.jpg","contentUrl":"https:\/\/guineediversite.com\/wp-content\/uploads\/2020\/11\/cdd.jpg","width":1200,"height":675},{"@type":"BreadcrumbList","@id":"https:\/\/guineediversite.com\/index.php\/2021\/02\/27\/arrestation-du-journaliste-amadou-djoulde-diallo-cellou-dalein-reagit\/#breadcrumb","itemListElement":[{"@type":"ListItem","position":1,"name":"Accueil","item":"https:\/\/guineediversite.com\/"},{"@type":"ListItem","position":2,"name":"Arrestation du journaliste Amadou Djould\u00e9 Diallo: Cellou Dalein r\u00e9agit"}]},{"@type":"WebSite","@id":"https:\/\/guineediversite.com\/#website","url":"https:\/\/guineediversite.com\/","name":"Guin\u00e9e Diversit\u00e9","description":"L&#039;Info dans toute sa diversit\u00e9","publisher":{"@id":"https:\/\/guineediversite.com\/#organization"},"potentialAction":[{"@type":"SearchAction","target":{"@type":"EntryPoint","urlTemplate":"https:\/\/guineediversite.com\/?s={search_term_string}"},"query-input":{"@type":"PropertyValueSpecification","valueRequired":true,"valueName":"search_term_string"}}],"inLanguage":"fr-FR"},{"@type":"Organization","@id":"https:\/\/guineediversite.com\/#organization","name":"Guin\u00e9e Diversit\u00e9","url":"https:\/\/guineediversite.com\/","logo":{"@type":"ImageObject","inLanguage":"fr-FR","@id":"https:\/\/guineediversite.com\/#\/schema\/logo\/image\/","url":"https:\/\/guineediversite.com\/wp-content\/uploads\/2017\/04\/cropped-1jojlxEOMkX9Wyqfhe43D6kjPOGqBBKmx3EwWJqZ0cMrFF54yM49.png","contentUrl":"https:\/\/guineediversite.com\/wp-content\/uploads\/2017\/04\/cropped-1jojlxEOMkX9Wyqfhe43D6kjPOGqBBKmx3EwWJqZ0cMrFF54yM49.png","width":186,"height":112,"caption":"Guin\u00e9e Diversit\u00e9"},"image":{"@id":"https:\/\/guineediversite.com\/#\/schema\/logo\/image\/"},"sameAs":["https:\/\/www.facebook.com\/guineediversite\/","https:\/\/x.com\/GuineeDiversite","https:\/\/www.youtube.com\/channel\/UC8sUY16qelG5ge6_D5SB83g"]},{"@type":"Person","@id":"https:\/\/guineediversite.com\/#\/schema\/person\/93f07b8b19c6b61656d0edeba739b9e2","name":"TMB","image":{"@type":"ImageObject","inLanguage":"fr-FR","@id":"https:\/\/guineediversite.com\/#\/schema\/person\/image\/","url":"https:\/\/secure.gravatar.com\/avatar\/2bbb03bec976020eaf4dfa0af0a5259f?s=96&d=mm&r=g","contentUrl":"https:\/\/secure.gravatar.com\/avatar\/2bbb03bec976020eaf4dfa0af0a5259f?s=96&d=mm&r=g","caption":"TMB"},"sameAs":["https:\/\/x.com\/TmoussaBah"],"url":"https:\/\/guineediversite.com\/index.php\/author\/thierno\/"}]}},"_links":{"self":[{"href":"https:\/\/guineediversite.com\/index.php\/wp-json\/wp\/v2\/posts\/30810"}],"collection":[{"href":"https:\/\/guineediversite.com\/index.php\/wp-json\/wp\/v2\/posts"}],"about":[{"href":"https:\/\/guineediversite.com\/index.php\/wp-json\/wp\/v2\/types\/post"}],"author":[{"embeddable":true,"href":"https:\/\/guineediversite.com\/index.php\/wp-json\/wp\/v2\/users\/6"}],"replies":[{"embeddable":true,"href":"https:\/\/guineediversite.com\/index.php\/wp-json\/wp\/v2\/comments?post=30810"}],"version-history":[{"count":2,"href":"https:\/\/guineediversite.com\/index.php\/wp-json\/wp\/v2\/posts\/30810\/revisions"}],"predecessor-version":[{"id":30812,"href":"https:\/\/guineediversite.com\/index.php\/wp-json\/wp\/v2\/posts\/30810\/revisions\/30812"}],"wp:featuredmedia":[{"embeddable":true,"href":"https:\/\/guineediversite.com\/index.php\/wp-json\/wp\/v2\/media\/30533"}],"wp:attachment":[{"href":"https:\/\/guineediversite.com\/index.php\/wp-json\/wp\/v2\/media?parent=30810"}],"wp:term":[{"taxonomy":"category","embeddable":true,"href":"https:\/\/guineediversite.com\/index.php\/wp-json\/wp\/v2\/categories?post=30810"},{"taxonomy":"post_tag","embeddable":true,"href":"https:\/\/guineediversite.com\/index.php\/wp-json\/wp\/v2\/tags?post=30810"}],"curies":[{"name":"wp","href":"https:\/\/api.w.org\/{rel}","templated":true}]}}