{"id":30690,"date":"2021-02-17T16:45:58","date_gmt":"2021-02-17T15:45:58","guid":{"rendered":"https:\/\/guineediversite.com\/?p=30690"},"modified":"2021-02-17T16:51:38","modified_gmt":"2021-02-17T15:51:38","slug":"la-reouverture-des-frontieres-fermees-cherif-abdallah-donne-des-pistes-de-solutions","status":"publish","type":"post","link":"https:\/\/guineediversite.com\/index.php\/2021\/02\/17\/la-reouverture-des-frontieres-fermees-cherif-abdallah-donne-des-pistes-de-solutions\/","title":{"rendered":"La r\u00e9ouverture des fronti\u00e8res ferm\u00e9es : Ch\u00e9rif Abdallah donne des pistes de solutions"},"content":{"rendered":"<p><strong>Le pr\u00e9sident du Groupe Organis\u00e9 des Hommes d\u2019Affaires, (GOHA) en abr\u00e9g\u00e9, s\u2019est exprim\u00e9 sur la r\u00e9ouverture des fronti\u00e8res entre la Guin\u00e9e et la Sierra Leone pr\u00e9vue pour ce jeudi 18 f\u00e9vrier 2021. <\/strong><\/p>\n<p>Ch\u00e9rif Abdalah Haidara joint au t\u00e9l\u00e9phone par notre r\u00e9daction, affirme qu\u2019il aurait souhait\u00e9 une synergie d\u2019action entre les chefs d\u2019\u00c9tat africains pour la r\u00e9ouverture de toutes les fronti\u00e8res ferm\u00e9es par la Guin\u00e9e.<\/p>\n<p>\u00ab <em>La d\u00e9marche du pr\u00e9sident l\u00e9onais Mr Julius Maada Bio n\u2019est pas mauvaise en soi, mais nous, on aurait souhait\u00e9s \u00e0 ce qu\u2019il y ait des synergies d\u2019actions entre les chefs d\u2019\u00c9tat de la sous \u2013r\u00e9gion. Parce qu\u2019il faut savoir que, les fronti\u00e8res entre la Guin\u00e9e et le S\u00e9n\u00e9gal, entre la Guin\u00e9e et la Guin\u00e9e Bissau (\u2026), que si le S\u00e9n\u00e9gal ferme la Gambie qui est derri\u00e8re est aussi bloqu\u00e9e. Donc, il y a quatre pays qui sont directement concern\u00e9s et d\u2019ailleurs tous les pays de la CEDEAO sont concern\u00e9s peut-\u00eatre, donc il faut qu\u2019il ait une synergie d\u2019action entre les chefs d\u2019\u00c9tat pour que les fronti\u00e8res s\u2019ouvrent <\/em>\u00bb, ont sollicit\u00e9 Cherif Abdalah Haidara.<\/p>\n<p>Et de poursuivre : \u00ab <em>cette situation ne fait ni chaud, ni froid, parce que si la fronti\u00e8re sierra l\u00e9onaise seulement s\u2019ouvre, \u00e7a ne sert \u00e0 rien. Le commerce est une chaine et les op\u00e9rateurs \u00e9conomiques ont d\u00e9j\u00e0 perdu leur bien, parce que les marchandises sont d\u00e9j\u00e0 bloqu\u00e9es au niveau des fronti\u00e8res<\/em> \u00bb.<\/p>\n<p>Dans la m\u00eame perspective, le pr\u00e9sident du Groupe Organis\u00e9 des Hommes d\u2019Affaires est reste droit dans ses bottes, face au refus de coop\u00e9ration des autorit\u00e9s guin\u00e9enne avec les commer\u00e7ants au niveau des diff\u00e9rentes fronti\u00e8res ferm\u00e9es.<\/p>\n<p><strong>\u00ab\u00a0<\/strong><em>Ce ne sont pas des enfants, s\u2019ils ont ferm\u00e9 des fronti\u00e8res unilat\u00e9ralement, ils n\u2019ont qu\u2019\u00e0 rouvrir. Nous on n\u2019a pas \u00e0 venir prier devant qui que ce soit par rapport \u00e0 cette situation, nous ne le ferons pas (\u2026). Ils ont bloqu\u00e9 les op\u00e9rateurs \u00e9conomiques en faisant souffrir les citoyens de la Guin\u00e9e, et ils ont export\u00e9 cela aussi dans la sous-r\u00e9gion (\u2026).Les caf\u00e9s, les cacaos et m\u00eame les bananes que nous sommes en train de produire en C\u00f4te d\u2019Ivoire, on fait traverser ces produits en transit en Guin\u00e9e et les transport\u00e9s en Gambie et le S\u00e9n\u00e9gal. Maintenant les commer\u00e7ants se d\u00e9brouiller pour faire entrer ces produits au Mali, et l\u2019argent que la douane guin\u00e9enne devrait faire rentrer dans les caisses, maintenant c\u2019est le Mali qui en b\u00e9n\u00e9ficie. Quand les commer\u00e7ants sont bloqu\u00e9s ici, ils cherchent toujours des solutions ailleurs (\u2026) <\/em>\u00bb, r\u00e9torque Ch\u00e9rif Abdalah Haidara.<\/p>\n","protected":false},"excerpt":{"rendered":"<p>Le pr\u00e9sident du Groupe Organis\u00e9 des Hommes d\u2019Affaires, (GOHA) en abr\u00e9g\u00e9, s\u2019est exprim\u00e9 sur la r\u00e9ouverture des fronti\u00e8res entre la Guin\u00e9e et la Sierra Leone pr\u00e9vue pour ce jeudi 18 f\u00e9vrier 2021. Ch\u00e9rif Abdalah Haidara joint au t\u00e9l\u00e9phone par notre r\u00e9daction, affirme qu\u2019il aurait souhait\u00e9 une synergie d\u2019action entre les chefs d\u2019\u00c9tat africains pour la [&hellip;]<\/p>\n","protected":false},"author":7,"featured_media":30691,"comment_status":"closed","ping_status":"open","sticky":false,"template":"","format":"standard","meta":{"_exactmetrics_skip_tracking":false,"_exactmetrics_sitenote_active":false,"_exactmetrics_sitenote_note":"","_exactmetrics_sitenote_category":0,"tdm_status":"","tdm_grid_status":"","footnotes":""},"categories":[16],"tags":[],"class_list":{"0":"post-30690","1":"post","2":"type-post","3":"status-publish","4":"format-standard","5":"has-post-thumbnail","7":"category-societe"},"yoast_head":"<!-- This site is optimized with the Yoast SEO plugin v24.2 - https:\/\/yoast.com\/wordpress\/plugins\/seo\/ -->\n<title>La r\u00e9ouverture des fronti\u00e8res ferm\u00e9es : Ch\u00e9rif Abdallah donne des pistes de solutions | Guin\u00e9e Diversit\u00e9<\/title>\n<meta name=\"robots\" content=\"index, follow, max-snippet:-1, max-image-preview:large, max-video-preview:-1\" \/>\n<link rel=\"canonical\" href=\"https:\/\/guineediversite.com\/index.php\/2021\/02\/17\/la-reouverture-des-frontieres-fermees-cherif-abdallah-donne-des-pistes-de-solutions\/\" \/>\n<meta property=\"og:locale\" content=\"fr_FR\" \/>\n<meta property=\"og:type\" content=\"article\" \/>\n<meta property=\"og:title\" content=\"La r\u00e9ouverture des fronti\u00e8res ferm\u00e9es : Ch\u00e9rif Abdallah donne des pistes de solutions | Guin\u00e9e Diversit\u00e9\" \/>\n<meta property=\"og:description\" content=\"Le pr\u00e9sident du Groupe Organis\u00e9 des Hommes d\u2019Affaires, (GOHA) en abr\u00e9g\u00e9, s\u2019est exprim\u00e9 sur la r\u00e9ouverture des fronti\u00e8res entre la Guin\u00e9e et la Sierra Leone pr\u00e9vue pour ce jeudi 18 f\u00e9vrier 2021. Ch\u00e9rif Abdalah Haidara joint au t\u00e9l\u00e9phone par notre r\u00e9daction, affirme qu\u2019il aurait souhait\u00e9 une synergie d\u2019action entre les chefs d\u2019\u00c9tat africains pour la [&hellip;]\" \/>\n<meta property=\"og:url\" content=\"https:\/\/guineediversite.com\/index.php\/2021\/02\/17\/la-reouverture-des-frontieres-fermees-cherif-abdallah-donne-des-pistes-de-solutions\/\" \/>\n<meta property=\"og:site_name\" content=\"Guin\u00e9e Diversit\u00e9\" \/>\n<meta property=\"article:publisher\" content=\"https:\/\/www.facebook.com\/guineediversite\/\" \/>\n<meta property=\"article:published_time\" content=\"2021-02-17T15:45:58+00:00\" \/>\n<meta property=\"article:modified_time\" content=\"2021-02-17T15:51:38+00:00\" \/>\n<meta property=\"og:image\" content=\"https:\/\/guineediversite.com\/wp-content\/uploads\/2021\/02\/WhatsApp-Image-2021-02-17-at-14.37.10.jpeg\" \/>\n\t<meta property=\"og:image:width\" content=\"1080\" \/>\n\t<meta property=\"og:image:height\" content=\"810\" \/>\n\t<meta property=\"og:image:type\" content=\"image\/jpeg\" \/>\n<meta name=\"author\" content=\"Bilguissa Diallo\" \/>\n<meta name=\"twitter:card\" content=\"summary_large_image\" \/>\n<meta name=\"twitter:creator\" content=\"@GuineeDiversite\" \/>\n<meta name=\"twitter:site\" content=\"@GuineeDiversite\" \/>\n<meta name=\"twitter:label1\" content=\"\u00c9crit par\" \/>\n\t<meta name=\"twitter:data1\" content=\"Bilguissa Diallo\" \/>\n\t<meta name=\"twitter:label2\" content=\"Dur\u00e9e de lecture estim\u00e9e\" \/>\n\t<meta name=\"twitter:data2\" content=\"2 minutes\" \/>\n<script type=\"application\/ld+json\" class=\"yoast-schema-graph\">{\"@context\":\"https:\/\/schema.org\",\"@graph\":[{\"@type\":\"Article\",\"@id\":\"https:\/\/guineediversite.com\/index.php\/2021\/02\/17\/la-reouverture-des-frontieres-fermees-cherif-abdallah-donne-des-pistes-de-solutions\/#article\",\"isPartOf\":{\"@id\":\"https:\/\/guineediversite.com\/index.php\/2021\/02\/17\/la-reouverture-des-frontieres-fermees-cherif-abdallah-donne-des-pistes-de-solutions\/\"},\"author\":{\"name\":\"Bilguissa Diallo\",\"@id\":\"https:\/\/guineediversite.com\/#\/schema\/person\/0e0e3e424768a50d025ac2218ccca73f\"},\"headline\":\"La r\u00e9ouverture des fronti\u00e8res ferm\u00e9es : Ch\u00e9rif Abdallah donne des pistes de solutions\",\"datePublished\":\"2021-02-17T15:45:58+00:00\",\"dateModified\":\"2021-02-17T15:51:38+00:00\",\"mainEntityOfPage\":{\"@id\":\"https:\/\/guineediversite.com\/index.php\/2021\/02\/17\/la-reouverture-des-frontieres-fermees-cherif-abdallah-donne-des-pistes-de-solutions\/\"},\"wordCount\":507,\"publisher\":{\"@id\":\"https:\/\/guineediversite.com\/#organization\"},\"image\":{\"@id\":\"https:\/\/guineediversite.com\/index.php\/2021\/02\/17\/la-reouverture-des-frontieres-fermees-cherif-abdallah-donne-des-pistes-de-solutions\/#primaryimage\"},\"thumbnailUrl\":\"https:\/\/guineediversite.com\/wp-content\/uploads\/2021\/02\/WhatsApp-Image-2021-02-17-at-14.37.10.jpeg\",\"articleSection\":[\"Soci\u00e9t\u00e9\"],\"inLanguage\":\"fr-FR\"},{\"@type\":\"WebPage\",\"@id\":\"https:\/\/guineediversite.com\/index.php\/2021\/02\/17\/la-reouverture-des-frontieres-fermees-cherif-abdallah-donne-des-pistes-de-solutions\/\",\"url\":\"https:\/\/guineediversite.com\/index.php\/2021\/02\/17\/la-reouverture-des-frontieres-fermees-cherif-abdallah-donne-des-pistes-de-solutions\/\",\"name\":\"La r\u00e9ouverture des fronti\u00e8res ferm\u00e9es : Ch\u00e9rif Abdallah donne des pistes de solutions | Guin\u00e9e Diversit\u00e9\",\"isPartOf\":{\"@id\":\"https:\/\/guineediversite.com\/#website\"},\"primaryImageOfPage\":{\"@id\":\"https:\/\/guineediversite.com\/index.php\/2021\/02\/17\/la-reouverture-des-frontieres-fermees-cherif-abdallah-donne-des-pistes-de-solutions\/#primaryimage\"},\"image\":{\"@id\":\"https:\/\/guineediversite.com\/index.php\/2021\/02\/17\/la-reouverture-des-frontieres-fermees-cherif-abdallah-donne-des-pistes-de-solutions\/#primaryimage\"},\"thumbnailUrl\":\"https:\/\/guineediversite.com\/wp-content\/uploads\/2021\/02\/WhatsApp-Image-2021-02-17-at-14.37.10.jpeg\",\"datePublished\":\"2021-02-17T15:45:58+00:00\",\"dateModified\":\"2021-02-17T15:51:38+00:00\",\"breadcrumb\":{\"@id\":\"https:\/\/guineediversite.com\/index.php\/2021\/02\/17\/la-reouverture-des-frontieres-fermees-cherif-abdallah-donne-des-pistes-de-solutions\/#breadcrumb\"},\"inLanguage\":\"fr-FR\",\"potentialAction\":[{\"@type\":\"ReadAction\",\"target\":[\"https:\/\/guineediversite.com\/index.php\/2021\/02\/17\/la-reouverture-des-frontieres-fermees-cherif-abdallah-donne-des-pistes-de-solutions\/\"]}]},{\"@type\":\"ImageObject\",\"inLanguage\":\"fr-FR\",\"@id\":\"https:\/\/guineediversite.com\/index.php\/2021\/02\/17\/la-reouverture-des-frontieres-fermees-cherif-abdallah-donne-des-pistes-de-solutions\/#primaryimage\",\"url\":\"https:\/\/guineediversite.com\/wp-content\/uploads\/2021\/02\/WhatsApp-Image-2021-02-17-at-14.37.10.jpeg\",\"contentUrl\":\"https:\/\/guineediversite.com\/wp-content\/uploads\/2021\/02\/WhatsApp-Image-2021-02-17-at-14.37.10.jpeg\",\"width\":1080,\"height\":810},{\"@type\":\"BreadcrumbList\",\"@id\":\"https:\/\/guineediversite.com\/index.php\/2021\/02\/17\/la-reouverture-des-frontieres-fermees-cherif-abdallah-donne-des-pistes-de-solutions\/#breadcrumb\",\"itemListElement\":[{\"@type\":\"ListItem\",\"position\":1,\"name\":\"Accueil\",\"item\":\"https:\/\/guineediversite.com\/\"},{\"@type\":\"ListItem\",\"position\":2,\"name\":\"La r\u00e9ouverture des fronti\u00e8res ferm\u00e9es : Ch\u00e9rif Abdallah donne des pistes de solutions\"}]},{\"@type\":\"WebSite\",\"@id\":\"https:\/\/guineediversite.com\/#website\",\"url\":\"https:\/\/guineediversite.com\/\",\"name\":\"Guin\u00e9e Diversit\u00e9\",\"description\":\"L&#039;Info dans toute sa diversit\u00e9\",\"publisher\":{\"@id\":\"https:\/\/guineediversite.com\/#organization\"},\"potentialAction\":[{\"@type\":\"SearchAction\",\"target\":{\"@type\":\"EntryPoint\",\"urlTemplate\":\"https:\/\/guineediversite.com\/?s={search_term_string}\"},\"query-input\":{\"@type\":\"PropertyValueSpecification\",\"valueRequired\":true,\"valueName\":\"search_term_string\"}}],\"inLanguage\":\"fr-FR\"},{\"@type\":\"Organization\",\"@id\":\"https:\/\/guineediversite.com\/#organization\",\"name\":\"Guin\u00e9e Diversit\u00e9\",\"url\":\"https:\/\/guineediversite.com\/\",\"logo\":{\"@type\":\"ImageObject\",\"inLanguage\":\"fr-FR\",\"@id\":\"https:\/\/guineediversite.com\/#\/schema\/logo\/image\/\",\"url\":\"https:\/\/guineediversite.com\/wp-content\/uploads\/2017\/04\/cropped-1jojlxEOMkX9Wyqfhe43D6kjPOGqBBKmx3EwWJqZ0cMrFF54yM49.png\",\"contentUrl\":\"https:\/\/guineediversite.com\/wp-content\/uploads\/2017\/04\/cropped-1jojlxEOMkX9Wyqfhe43D6kjPOGqBBKmx3EwWJqZ0cMrFF54yM49.png\",\"width\":186,\"height\":112,\"caption\":\"Guin\u00e9e Diversit\u00e9\"},\"image\":{\"@id\":\"https:\/\/guineediversite.com\/#\/schema\/logo\/image\/\"},\"sameAs\":[\"https:\/\/www.facebook.com\/guineediversite\/\",\"https:\/\/x.com\/GuineeDiversite\",\"https:\/\/www.youtube.com\/channel\/UC8sUY16qelG5ge6_D5SB83g\"]},{\"@type\":\"Person\",\"@id\":\"https:\/\/guineediversite.com\/#\/schema\/person\/0e0e3e424768a50d025ac2218ccca73f\",\"name\":\"Bilguissa Diallo\",\"image\":{\"@type\":\"ImageObject\",\"inLanguage\":\"fr-FR\",\"@id\":\"https:\/\/guineediversite.com\/#\/schema\/person\/image\/\",\"url\":\"https:\/\/secure.gravatar.com\/avatar\/49bbbd2420ee34d62b1b191791f4b5df?s=96&d=mm&r=g\",\"contentUrl\":\"https:\/\/secure.gravatar.com\/avatar\/49bbbd2420ee34d62b1b191791f4b5df?s=96&d=mm&r=g\",\"caption\":\"Bilguissa Diallo\"},\"url\":\"https:\/\/guineediversite.com\/index.php\/author\/bilguissa\/\"}]}<\/script>\n<!-- \/ Yoast SEO plugin. -->","yoast_head_json":{"title":"La r\u00e9ouverture des fronti\u00e8res ferm\u00e9es : Ch\u00e9rif Abdallah donne des pistes de solutions | Guin\u00e9e Diversit\u00e9","robots":{"index":"index","follow":"follow","max-snippet":"max-snippet:-1","max-image-preview":"max-image-preview:large","max-video-preview":"max-video-preview:-1"},"canonical":"https:\/\/guineediversite.com\/index.php\/2021\/02\/17\/la-reouverture-des-frontieres-fermees-cherif-abdallah-donne-des-pistes-de-solutions\/","og_locale":"fr_FR","og_type":"article","og_title":"La r\u00e9ouverture des fronti\u00e8res ferm\u00e9es : Ch\u00e9rif Abdallah donne des pistes de solutions | Guin\u00e9e Diversit\u00e9","og_description":"Le pr\u00e9sident du Groupe Organis\u00e9 des Hommes d\u2019Affaires, (GOHA) en abr\u00e9g\u00e9, s\u2019est exprim\u00e9 sur la r\u00e9ouverture des fronti\u00e8res entre la Guin\u00e9e et la Sierra Leone pr\u00e9vue pour ce jeudi 18 f\u00e9vrier 2021. Ch\u00e9rif Abdalah Haidara joint au t\u00e9l\u00e9phone par notre r\u00e9daction, affirme qu\u2019il aurait souhait\u00e9 une synergie d\u2019action entre les chefs d\u2019\u00c9tat africains pour la [&hellip;]","og_url":"https:\/\/guineediversite.com\/index.php\/2021\/02\/17\/la-reouverture-des-frontieres-fermees-cherif-abdallah-donne-des-pistes-de-solutions\/","og_site_name":"Guin\u00e9e Diversit\u00e9","article_publisher":"https:\/\/www.facebook.com\/guineediversite\/","article_published_time":"2021-02-17T15:45:58+00:00","article_modified_time":"2021-02-17T15:51:38+00:00","og_image":[{"width":1080,"height":810,"url":"https:\/\/guineediversite.com\/wp-content\/uploads\/2021\/02\/WhatsApp-Image-2021-02-17-at-14.37.10.jpeg","type":"image\/jpeg"}],"author":"Bilguissa Diallo","twitter_card":"summary_large_image","twitter_creator":"@GuineeDiversite","twitter_site":"@GuineeDiversite","twitter_misc":{"\u00c9crit par":"Bilguissa Diallo","Dur\u00e9e de lecture estim\u00e9e":"2 minutes"},"schema":{"@context":"https:\/\/schema.org","@graph":[{"@type":"Article","@id":"https:\/\/guineediversite.com\/index.php\/2021\/02\/17\/la-reouverture-des-frontieres-fermees-cherif-abdallah-donne-des-pistes-de-solutions\/#article","isPartOf":{"@id":"https:\/\/guineediversite.com\/index.php\/2021\/02\/17\/la-reouverture-des-frontieres-fermees-cherif-abdallah-donne-des-pistes-de-solutions\/"},"author":{"name":"Bilguissa Diallo","@id":"https:\/\/guineediversite.com\/#\/schema\/person\/0e0e3e424768a50d025ac2218ccca73f"},"headline":"La r\u00e9ouverture des fronti\u00e8res ferm\u00e9es : Ch\u00e9rif Abdallah donne des pistes de solutions","datePublished":"2021-02-17T15:45:58+00:00","dateModified":"2021-02-17T15:51:38+00:00","mainEntityOfPage":{"@id":"https:\/\/guineediversite.com\/index.php\/2021\/02\/17\/la-reouverture-des-frontieres-fermees-cherif-abdallah-donne-des-pistes-de-solutions\/"},"wordCount":507,"publisher":{"@id":"https:\/\/guineediversite.com\/#organization"},"image":{"@id":"https:\/\/guineediversite.com\/index.php\/2021\/02\/17\/la-reouverture-des-frontieres-fermees-cherif-abdallah-donne-des-pistes-de-solutions\/#primaryimage"},"thumbnailUrl":"https:\/\/guineediversite.com\/wp-content\/uploads\/2021\/02\/WhatsApp-Image-2021-02-17-at-14.37.10.jpeg","articleSection":["Soci\u00e9t\u00e9"],"inLanguage":"fr-FR"},{"@type":"WebPage","@id":"https:\/\/guineediversite.com\/index.php\/2021\/02\/17\/la-reouverture-des-frontieres-fermees-cherif-abdallah-donne-des-pistes-de-solutions\/","url":"https:\/\/guineediversite.com\/index.php\/2021\/02\/17\/la-reouverture-des-frontieres-fermees-cherif-abdallah-donne-des-pistes-de-solutions\/","name":"La r\u00e9ouverture des fronti\u00e8res ferm\u00e9es : Ch\u00e9rif Abdallah donne des pistes de solutions | Guin\u00e9e Diversit\u00e9","isPartOf":{"@id":"https:\/\/guineediversite.com\/#website"},"primaryImageOfPage":{"@id":"https:\/\/guineediversite.com\/index.php\/2021\/02\/17\/la-reouverture-des-frontieres-fermees-cherif-abdallah-donne-des-pistes-de-solutions\/#primaryimage"},"image":{"@id":"https:\/\/guineediversite.com\/index.php\/2021\/02\/17\/la-reouverture-des-frontieres-fermees-cherif-abdallah-donne-des-pistes-de-solutions\/#primaryimage"},"thumbnailUrl":"https:\/\/guineediversite.com\/wp-content\/uploads\/2021\/02\/WhatsApp-Image-2021-02-17-at-14.37.10.jpeg","datePublished":"2021-02-17T15:45:58+00:00","dateModified":"2021-02-17T15:51:38+00:00","breadcrumb":{"@id":"https:\/\/guineediversite.com\/index.php\/2021\/02\/17\/la-reouverture-des-frontieres-fermees-cherif-abdallah-donne-des-pistes-de-solutions\/#breadcrumb"},"inLanguage":"fr-FR","potentialAction":[{"@type":"ReadAction","target":["https:\/\/guineediversite.com\/index.php\/2021\/02\/17\/la-reouverture-des-frontieres-fermees-cherif-abdallah-donne-des-pistes-de-solutions\/"]}]},{"@type":"ImageObject","inLanguage":"fr-FR","@id":"https:\/\/guineediversite.com\/index.php\/2021\/02\/17\/la-reouverture-des-frontieres-fermees-cherif-abdallah-donne-des-pistes-de-solutions\/#primaryimage","url":"https:\/\/guineediversite.com\/wp-content\/uploads\/2021\/02\/WhatsApp-Image-2021-02-17-at-14.37.10.jpeg","contentUrl":"https:\/\/guineediversite.com\/wp-content\/uploads\/2021\/02\/WhatsApp-Image-2021-02-17-at-14.37.10.jpeg","width":1080,"height":810},{"@type":"BreadcrumbList","@id":"https:\/\/guineediversite.com\/index.php\/2021\/02\/17\/la-reouverture-des-frontieres-fermees-cherif-abdallah-donne-des-pistes-de-solutions\/#breadcrumb","itemListElement":[{"@type":"ListItem","position":1,"name":"Accueil","item":"https:\/\/guineediversite.com\/"},{"@type":"ListItem","position":2,"name":"La r\u00e9ouverture des fronti\u00e8res ferm\u00e9es : Ch\u00e9rif Abdallah donne des pistes de solutions"}]},{"@type":"WebSite","@id":"https:\/\/guineediversite.com\/#website","url":"https:\/\/guineediversite.com\/","name":"Guin\u00e9e Diversit\u00e9","description":"L&#039;Info dans toute sa diversit\u00e9","publisher":{"@id":"https:\/\/guineediversite.com\/#organization"},"potentialAction":[{"@type":"SearchAction","target":{"@type":"EntryPoint","urlTemplate":"https:\/\/guineediversite.com\/?s={search_term_string}"},"query-input":{"@type":"PropertyValueSpecification","valueRequired":true,"valueName":"search_term_string"}}],"inLanguage":"fr-FR"},{"@type":"Organization","@id":"https:\/\/guineediversite.com\/#organization","name":"Guin\u00e9e Diversit\u00e9","url":"https:\/\/guineediversite.com\/","logo":{"@type":"ImageObject","inLanguage":"fr-FR","@id":"https:\/\/guineediversite.com\/#\/schema\/logo\/image\/","url":"https:\/\/guineediversite.com\/wp-content\/uploads\/2017\/04\/cropped-1jojlxEOMkX9Wyqfhe43D6kjPOGqBBKmx3EwWJqZ0cMrFF54yM49.png","contentUrl":"https:\/\/guineediversite.com\/wp-content\/uploads\/2017\/04\/cropped-1jojlxEOMkX9Wyqfhe43D6kjPOGqBBKmx3EwWJqZ0cMrFF54yM49.png","width":186,"height":112,"caption":"Guin\u00e9e Diversit\u00e9"},"image":{"@id":"https:\/\/guineediversite.com\/#\/schema\/logo\/image\/"},"sameAs":["https:\/\/www.facebook.com\/guineediversite\/","https:\/\/x.com\/GuineeDiversite","https:\/\/www.youtube.com\/channel\/UC8sUY16qelG5ge6_D5SB83g"]},{"@type":"Person","@id":"https:\/\/guineediversite.com\/#\/schema\/person\/0e0e3e424768a50d025ac2218ccca73f","name":"Bilguissa Diallo","image":{"@type":"ImageObject","inLanguage":"fr-FR","@id":"https:\/\/guineediversite.com\/#\/schema\/person\/image\/","url":"https:\/\/secure.gravatar.com\/avatar\/49bbbd2420ee34d62b1b191791f4b5df?s=96&d=mm&r=g","contentUrl":"https:\/\/secure.gravatar.com\/avatar\/49bbbd2420ee34d62b1b191791f4b5df?s=96&d=mm&r=g","caption":"Bilguissa Diallo"},"url":"https:\/\/guineediversite.com\/index.php\/author\/bilguissa\/"}]}},"_links":{"self":[{"href":"https:\/\/guineediversite.com\/index.php\/wp-json\/wp\/v2\/posts\/30690"}],"collection":[{"href":"https:\/\/guineediversite.com\/index.php\/wp-json\/wp\/v2\/posts"}],"about":[{"href":"https:\/\/guineediversite.com\/index.php\/wp-json\/wp\/v2\/types\/post"}],"author":[{"embeddable":true,"href":"https:\/\/guineediversite.com\/index.php\/wp-json\/wp\/v2\/users\/7"}],"replies":[{"embeddable":true,"href":"https:\/\/guineediversite.com\/index.php\/wp-json\/wp\/v2\/comments?post=30690"}],"version-history":[{"count":3,"href":"https:\/\/guineediversite.com\/index.php\/wp-json\/wp\/v2\/posts\/30690\/revisions"}],"predecessor-version":[{"id":30694,"href":"https:\/\/guineediversite.com\/index.php\/wp-json\/wp\/v2\/posts\/30690\/revisions\/30694"}],"wp:featuredmedia":[{"embeddable":true,"href":"https:\/\/guineediversite.com\/index.php\/wp-json\/wp\/v2\/media\/30691"}],"wp:attachment":[{"href":"https:\/\/guineediversite.com\/index.php\/wp-json\/wp\/v2\/media?parent=30690"}],"wp:term":[{"taxonomy":"category","embeddable":true,"href":"https:\/\/guineediversite.com\/index.php\/wp-json\/wp\/v2\/categories?post=30690"},{"taxonomy":"post_tag","embeddable":true,"href":"https:\/\/guineediversite.com\/index.php\/wp-json\/wp\/v2\/tags?post=30690"}],"curies":[{"name":"wp","href":"https:\/\/api.w.org\/{rel}","templated":true}]}}