{"id":30672,"date":"2021-02-16T18:26:17","date_gmt":"2021-02-16T17:26:17","guid":{"rendered":"https:\/\/guineediversite.com\/?p=30672"},"modified":"2021-02-16T19:06:59","modified_gmt":"2021-02-16T18:06:59","slug":"a-partir-dhier-lundi-15-fevrier-letat-durgence-sanitaire-et-le-couvre-feu-ne-sont-plus-en-vigueur","status":"publish","type":"post","link":"https:\/\/guineediversite.com\/index.php\/2021\/02\/16\/a-partir-dhier-lundi-15-fevrier-letat-durgence-sanitaire-et-le-couvre-feu-ne-sont-plus-en-vigueur\/","title":{"rendered":"Guin\u00e9e: l&rsquo;\u00e9tat d&rsquo;urgence sanitaire et le couvre-feu sont ils lev\u00e9s?"},"content":{"rendered":"<p><strong>Instaur\u00e9 sur l\u2019ensemble du territoire national depuis le 30 mars 2020, l\u2019\u00e9tat d\u2019urgence sanitaire a \u00e9t\u00e9 plusieurs fois reconduit en Guin\u00e9e pour cause de Covid-19. La derni\u00e8re reconduction en date a lieu le 14 janvier 2021 pour une dur\u00e9e d\u2019un mois \u00e0 compter du 15 janvier 2021.<\/strong><\/p>\n<p>L\u2019\u00e9tat d\u2019urgence est une restriction des libert\u00e9s publiques. Il est d\u00e9cr\u00e9t\u00e9 par le pr\u00e9sident de la R\u00e9publique apr\u00e8s avis du Pr\u00e9sident de l\u2019Assembl\u00e9e nationale et le Pr\u00e9sident de la Cour Constitutionnelle. La loi pr\u00e9voit que le d\u00e9cret proclamant l\u2019\u00e9tat d\u2019urgence cesse d\u2019\u00eatre en vigueur apr\u00e8s 12 jours, \u00e0 moins que l\u2019Assembl\u00e9e nationale, saisie par le Pr\u00e9sident de la r\u00e9publique, n\u2019en autorise la prolongation.<\/p>\n<p>Dans le cas guin\u00e9en,\u00a0 apr\u00e8s l\u2019autorisation de l\u2019Assembl\u00e9e nationale, le Pr\u00e9sident de la r\u00e9publique a, \u00e0 travers une ordonnance, prolong\u00e9 l\u2019\u00e9tat d\u2019urgence sanitaire pour une p\u00e9riode d\u2019un mois \u00e0 compter du 15 janvier 2021. Ce d\u00e9lai s\u2019est \u00e9coul\u00e9 hier lundi 15 f\u00e9vrier 2021.<\/p>\n<p>Contrairement au d\u00e9lai de 12 jours pr\u00e9vu pour d\u00e9cr\u00e9ter\u00a0 l\u2019\u00e9tat d\u2019urgence par le Pr\u00e9sident de la r\u00e9publique, la constitution du 14 avril 2020 ne fixe pas de d\u00e9lai pour l\u2019Assembl\u00e9e nationale quant \u00e0 la prolongation.<\/p>\n<p>Cependant, l\u2019\u00e9tat d\u2019urgence cesse d\u2019\u00eatre en vigueur \u00e0 l\u2019expiration du d\u00e9lai pr\u00e9vu dans l\u2019ordonnance prise en application. Et pour qu\u2019il y ait prolongation, il faut une autorisation de l\u2019Assembl\u00e9e nationale, une ordonnance prise \u00e0 cet effet par le pr\u00e9sident de la r\u00e9publique et une annonce de prolongation dans le journal officiel.<\/p>\n<p>Alors qu\u2019\u00e0 date du 16 f\u00e9vrier, aucune autorisation de l\u2019Assembl\u00e9e nationale n\u2019est intervenue pour la prolongation de l\u2019\u00e9tat d\u2019urgence et aucune annonce de prolongation n\u2019a \u00e9t\u00e9 faite dans le journal officiel.<\/p>\n<p>Cette situation rend de facto caduques, les ordonnances prises en application de l\u2019\u00e9tat d\u2019urgence (sanitaire)\u00a0 en R\u00e9publique de Guin\u00e9e. Ainsi, s\u2019il faut encore instaurer l\u2019\u00e9tat d\u2019urgence, il ne s\u2019agira plus d\u2019une prolongation mais plut\u00f4t un nouveau d\u00e9cret pour un nouveau d\u00e9part de l\u2019\u00e9tat d\u2019urgence pour une p\u00e9riode de 12 jours au maximum.<\/p>\n<p>Quant au couvre-feu, puisqu\u2019il a \u00e9t\u00e9 instaur\u00e9 dans le cadre de l\u2019\u00e9tat d\u2019urgence, la caducit\u00e9 de cette mesure entraine de facto sa lev\u00e9e.<\/p>\n<p>Ibrahima Kalil Camara, juriste, journaliste<\/p>\n","protected":false},"excerpt":{"rendered":"<p>Instaur\u00e9 sur l\u2019ensemble du territoire national depuis le 30 mars 2020, l\u2019\u00e9tat d\u2019urgence sanitaire a \u00e9t\u00e9 plusieurs fois reconduit en Guin\u00e9e pour cause de Covid-19. La derni\u00e8re reconduction en date a lieu le 14 janvier 2021 pour une dur\u00e9e d\u2019un mois \u00e0 compter du 15 janvier 2021. L\u2019\u00e9tat d\u2019urgence est une restriction des libert\u00e9s publiques. [&hellip;]<\/p>\n","protected":false},"author":12,"featured_media":30673,"comment_status":"closed","ping_status":"open","sticky":false,"template":"","format":"standard","meta":{"_exactmetrics_skip_tracking":false,"_exactmetrics_sitenote_active":false,"_exactmetrics_sitenote_note":"","_exactmetrics_sitenote_category":0,"tdm_status":"","tdm_grid_status":"","footnotes":""},"categories":[14],"tags":[],"class_list":{"0":"post-30672","1":"post","2":"type-post","3":"status-publish","4":"format-standard","5":"has-post-thumbnail","7":"category-politique"},"yoast_head":"<!-- This site is optimized with the Yoast SEO plugin v24.2 - https:\/\/yoast.com\/wordpress\/plugins\/seo\/ -->\n<title>Guin\u00e9e: l&#039;\u00e9tat d&#039;urgence sanitaire et le couvre-feu sont ils lev\u00e9s? | Guin\u00e9e Diversit\u00e9<\/title>\n<meta name=\"robots\" content=\"index, follow, max-snippet:-1, max-image-preview:large, max-video-preview:-1\" \/>\n<link rel=\"canonical\" href=\"https:\/\/guineediversite.com\/index.php\/2021\/02\/16\/a-partir-dhier-lundi-15-fevrier-letat-durgence-sanitaire-et-le-couvre-feu-ne-sont-plus-en-vigueur\/\" \/>\n<meta property=\"og:locale\" content=\"fr_FR\" \/>\n<meta property=\"og:type\" content=\"article\" \/>\n<meta property=\"og:title\" content=\"Guin\u00e9e: l&#039;\u00e9tat d&#039;urgence sanitaire et le couvre-feu sont ils lev\u00e9s? | Guin\u00e9e Diversit\u00e9\" \/>\n<meta property=\"og:description\" content=\"Instaur\u00e9 sur l\u2019ensemble du territoire national depuis le 30 mars 2020, l\u2019\u00e9tat d\u2019urgence sanitaire a \u00e9t\u00e9 plusieurs fois reconduit en Guin\u00e9e pour cause de Covid-19. La derni\u00e8re reconduction en date a lieu le 14 janvier 2021 pour une dur\u00e9e d\u2019un mois \u00e0 compter du 15 janvier 2021. L\u2019\u00e9tat d\u2019urgence est une restriction des libert\u00e9s publiques. [&hellip;]\" \/>\n<meta property=\"og:url\" content=\"https:\/\/guineediversite.com\/index.php\/2021\/02\/16\/a-partir-dhier-lundi-15-fevrier-letat-durgence-sanitaire-et-le-couvre-feu-ne-sont-plus-en-vigueur\/\" \/>\n<meta property=\"og:site_name\" content=\"Guin\u00e9e Diversit\u00e9\" \/>\n<meta property=\"article:publisher\" content=\"https:\/\/www.facebook.com\/guineediversite\/\" \/>\n<meta property=\"article:published_time\" content=\"2021-02-16T17:26:17+00:00\" \/>\n<meta property=\"article:modified_time\" content=\"2021-02-16T18:06:59+00:00\" \/>\n<meta property=\"og:image\" content=\"https:\/\/guineediversite.com\/wp-content\/uploads\/2021\/02\/WhatsApp-Image-2021-02-16-at-17.22.57.jpeg\" \/>\n\t<meta property=\"og:image:width\" content=\"1093\" \/>\n\t<meta property=\"og:image:height\" content=\"1500\" \/>\n\t<meta property=\"og:image:type\" content=\"image\/jpeg\" \/>\n<meta name=\"author\" content=\"Guin\u00e9e Diversit\u00e9\" \/>\n<meta name=\"twitter:card\" content=\"summary_large_image\" \/>\n<meta name=\"twitter:creator\" content=\"@GuineeDiversite\" \/>\n<meta name=\"twitter:site\" content=\"@GuineeDiversite\" \/>\n<meta name=\"twitter:label1\" content=\"\u00c9crit par\" \/>\n\t<meta name=\"twitter:data1\" content=\"Guin\u00e9e Diversit\u00e9\" \/>\n\t<meta name=\"twitter:label2\" content=\"Dur\u00e9e de lecture estim\u00e9e\" \/>\n\t<meta name=\"twitter:data2\" content=\"2 minutes\" \/>\n<script type=\"application\/ld+json\" class=\"yoast-schema-graph\">{\"@context\":\"https:\/\/schema.org\",\"@graph\":[{\"@type\":\"Article\",\"@id\":\"https:\/\/guineediversite.com\/index.php\/2021\/02\/16\/a-partir-dhier-lundi-15-fevrier-letat-durgence-sanitaire-et-le-couvre-feu-ne-sont-plus-en-vigueur\/#article\",\"isPartOf\":{\"@id\":\"https:\/\/guineediversite.com\/index.php\/2021\/02\/16\/a-partir-dhier-lundi-15-fevrier-letat-durgence-sanitaire-et-le-couvre-feu-ne-sont-plus-en-vigueur\/\"},\"author\":{\"name\":\"Guin\u00e9e Diversit\u00e9\",\"@id\":\"https:\/\/guineediversite.com\/#\/schema\/person\/afa08fb34e7fc6e1feafc892612bc836\"},\"headline\":\"Guin\u00e9e: l&rsquo;\u00e9tat d&rsquo;urgence sanitaire et le couvre-feu sont ils lev\u00e9s?\",\"datePublished\":\"2021-02-16T17:26:17+00:00\",\"dateModified\":\"2021-02-16T18:06:59+00:00\",\"mainEntityOfPage\":{\"@id\":\"https:\/\/guineediversite.com\/index.php\/2021\/02\/16\/a-partir-dhier-lundi-15-fevrier-letat-durgence-sanitaire-et-le-couvre-feu-ne-sont-plus-en-vigueur\/\"},\"wordCount\":434,\"publisher\":{\"@id\":\"https:\/\/guineediversite.com\/#organization\"},\"image\":{\"@id\":\"https:\/\/guineediversite.com\/index.php\/2021\/02\/16\/a-partir-dhier-lundi-15-fevrier-letat-durgence-sanitaire-et-le-couvre-feu-ne-sont-plus-en-vigueur\/#primaryimage\"},\"thumbnailUrl\":\"https:\/\/guineediversite.com\/wp-content\/uploads\/2021\/02\/WhatsApp-Image-2021-02-16-at-17.22.57.jpeg\",\"articleSection\":[\"Politique\"],\"inLanguage\":\"fr-FR\"},{\"@type\":\"WebPage\",\"@id\":\"https:\/\/guineediversite.com\/index.php\/2021\/02\/16\/a-partir-dhier-lundi-15-fevrier-letat-durgence-sanitaire-et-le-couvre-feu-ne-sont-plus-en-vigueur\/\",\"url\":\"https:\/\/guineediversite.com\/index.php\/2021\/02\/16\/a-partir-dhier-lundi-15-fevrier-letat-durgence-sanitaire-et-le-couvre-feu-ne-sont-plus-en-vigueur\/\",\"name\":\"Guin\u00e9e: l'\u00e9tat d'urgence sanitaire et le couvre-feu sont ils lev\u00e9s? | Guin\u00e9e Diversit\u00e9\",\"isPartOf\":{\"@id\":\"https:\/\/guineediversite.com\/#website\"},\"primaryImageOfPage\":{\"@id\":\"https:\/\/guineediversite.com\/index.php\/2021\/02\/16\/a-partir-dhier-lundi-15-fevrier-letat-durgence-sanitaire-et-le-couvre-feu-ne-sont-plus-en-vigueur\/#primaryimage\"},\"image\":{\"@id\":\"https:\/\/guineediversite.com\/index.php\/2021\/02\/16\/a-partir-dhier-lundi-15-fevrier-letat-durgence-sanitaire-et-le-couvre-feu-ne-sont-plus-en-vigueur\/#primaryimage\"},\"thumbnailUrl\":\"https:\/\/guineediversite.com\/wp-content\/uploads\/2021\/02\/WhatsApp-Image-2021-02-16-at-17.22.57.jpeg\",\"datePublished\":\"2021-02-16T17:26:17+00:00\",\"dateModified\":\"2021-02-16T18:06:59+00:00\",\"breadcrumb\":{\"@id\":\"https:\/\/guineediversite.com\/index.php\/2021\/02\/16\/a-partir-dhier-lundi-15-fevrier-letat-durgence-sanitaire-et-le-couvre-feu-ne-sont-plus-en-vigueur\/#breadcrumb\"},\"inLanguage\":\"fr-FR\",\"potentialAction\":[{\"@type\":\"ReadAction\",\"target\":[\"https:\/\/guineediversite.com\/index.php\/2021\/02\/16\/a-partir-dhier-lundi-15-fevrier-letat-durgence-sanitaire-et-le-couvre-feu-ne-sont-plus-en-vigueur\/\"]}]},{\"@type\":\"ImageObject\",\"inLanguage\":\"fr-FR\",\"@id\":\"https:\/\/guineediversite.com\/index.php\/2021\/02\/16\/a-partir-dhier-lundi-15-fevrier-letat-durgence-sanitaire-et-le-couvre-feu-ne-sont-plus-en-vigueur\/#primaryimage\",\"url\":\"https:\/\/guineediversite.com\/wp-content\/uploads\/2021\/02\/WhatsApp-Image-2021-02-16-at-17.22.57.jpeg\",\"contentUrl\":\"https:\/\/guineediversite.com\/wp-content\/uploads\/2021\/02\/WhatsApp-Image-2021-02-16-at-17.22.57.jpeg\",\"width\":1093,\"height\":1500},{\"@type\":\"BreadcrumbList\",\"@id\":\"https:\/\/guineediversite.com\/index.php\/2021\/02\/16\/a-partir-dhier-lundi-15-fevrier-letat-durgence-sanitaire-et-le-couvre-feu-ne-sont-plus-en-vigueur\/#breadcrumb\",\"itemListElement\":[{\"@type\":\"ListItem\",\"position\":1,\"name\":\"Accueil\",\"item\":\"https:\/\/guineediversite.com\/\"},{\"@type\":\"ListItem\",\"position\":2,\"name\":\"Guin\u00e9e: l&rsquo;\u00e9tat d&rsquo;urgence sanitaire et le couvre-feu sont ils lev\u00e9s?\"}]},{\"@type\":\"WebSite\",\"@id\":\"https:\/\/guineediversite.com\/#website\",\"url\":\"https:\/\/guineediversite.com\/\",\"name\":\"Guin\u00e9e Diversit\u00e9\",\"description\":\"L&#039;Info dans toute sa diversit\u00e9\",\"publisher\":{\"@id\":\"https:\/\/guineediversite.com\/#organization\"},\"potentialAction\":[{\"@type\":\"SearchAction\",\"target\":{\"@type\":\"EntryPoint\",\"urlTemplate\":\"https:\/\/guineediversite.com\/?s={search_term_string}\"},\"query-input\":{\"@type\":\"PropertyValueSpecification\",\"valueRequired\":true,\"valueName\":\"search_term_string\"}}],\"inLanguage\":\"fr-FR\"},{\"@type\":\"Organization\",\"@id\":\"https:\/\/guineediversite.com\/#organization\",\"name\":\"Guin\u00e9e Diversit\u00e9\",\"url\":\"https:\/\/guineediversite.com\/\",\"logo\":{\"@type\":\"ImageObject\",\"inLanguage\":\"fr-FR\",\"@id\":\"https:\/\/guineediversite.com\/#\/schema\/logo\/image\/\",\"url\":\"https:\/\/guineediversite.com\/wp-content\/uploads\/2017\/04\/cropped-1jojlxEOMkX9Wyqfhe43D6kjPOGqBBKmx3EwWJqZ0cMrFF54yM49.png\",\"contentUrl\":\"https:\/\/guineediversite.com\/wp-content\/uploads\/2017\/04\/cropped-1jojlxEOMkX9Wyqfhe43D6kjPOGqBBKmx3EwWJqZ0cMrFF54yM49.png\",\"width\":186,\"height\":112,\"caption\":\"Guin\u00e9e Diversit\u00e9\"},\"image\":{\"@id\":\"https:\/\/guineediversite.com\/#\/schema\/logo\/image\/\"},\"sameAs\":[\"https:\/\/www.facebook.com\/guineediversite\/\",\"https:\/\/x.com\/GuineeDiversite\",\"https:\/\/www.youtube.com\/channel\/UC8sUY16qelG5ge6_D5SB83g\"]},{\"@type\":\"Person\",\"@id\":\"https:\/\/guineediversite.com\/#\/schema\/person\/afa08fb34e7fc6e1feafc892612bc836\",\"name\":\"Guin\u00e9e Diversit\u00e9\",\"image\":{\"@type\":\"ImageObject\",\"inLanguage\":\"fr-FR\",\"@id\":\"https:\/\/guineediversite.com\/#\/schema\/person\/image\/\",\"url\":\"https:\/\/secure.gravatar.com\/avatar\/50d5eb5b390f8b65ac30ac6f898eb83a?s=96&d=mm&r=g\",\"contentUrl\":\"https:\/\/secure.gravatar.com\/avatar\/50d5eb5b390f8b65ac30ac6f898eb83a?s=96&d=mm&r=g\",\"caption\":\"Guin\u00e9e Diversit\u00e9\"},\"url\":\"https:\/\/guineediversite.com\/index.php\/author\/guineediversite\/\"}]}<\/script>\n<!-- \/ Yoast SEO plugin. -->","yoast_head_json":{"title":"Guin\u00e9e: l'\u00e9tat d'urgence sanitaire et le couvre-feu sont ils lev\u00e9s? | Guin\u00e9e Diversit\u00e9","robots":{"index":"index","follow":"follow","max-snippet":"max-snippet:-1","max-image-preview":"max-image-preview:large","max-video-preview":"max-video-preview:-1"},"canonical":"https:\/\/guineediversite.com\/index.php\/2021\/02\/16\/a-partir-dhier-lundi-15-fevrier-letat-durgence-sanitaire-et-le-couvre-feu-ne-sont-plus-en-vigueur\/","og_locale":"fr_FR","og_type":"article","og_title":"Guin\u00e9e: l'\u00e9tat d'urgence sanitaire et le couvre-feu sont ils lev\u00e9s? | Guin\u00e9e Diversit\u00e9","og_description":"Instaur\u00e9 sur l\u2019ensemble du territoire national depuis le 30 mars 2020, l\u2019\u00e9tat d\u2019urgence sanitaire a \u00e9t\u00e9 plusieurs fois reconduit en Guin\u00e9e pour cause de Covid-19. La derni\u00e8re reconduction en date a lieu le 14 janvier 2021 pour une dur\u00e9e d\u2019un mois \u00e0 compter du 15 janvier 2021. L\u2019\u00e9tat d\u2019urgence est une restriction des libert\u00e9s publiques. [&hellip;]","og_url":"https:\/\/guineediversite.com\/index.php\/2021\/02\/16\/a-partir-dhier-lundi-15-fevrier-letat-durgence-sanitaire-et-le-couvre-feu-ne-sont-plus-en-vigueur\/","og_site_name":"Guin\u00e9e Diversit\u00e9","article_publisher":"https:\/\/www.facebook.com\/guineediversite\/","article_published_time":"2021-02-16T17:26:17+00:00","article_modified_time":"2021-02-16T18:06:59+00:00","og_image":[{"width":1093,"height":1500,"url":"https:\/\/guineediversite.com\/wp-content\/uploads\/2021\/02\/WhatsApp-Image-2021-02-16-at-17.22.57.jpeg","type":"image\/jpeg"}],"author":"Guin\u00e9e Diversit\u00e9","twitter_card":"summary_large_image","twitter_creator":"@GuineeDiversite","twitter_site":"@GuineeDiversite","twitter_misc":{"\u00c9crit par":"Guin\u00e9e Diversit\u00e9","Dur\u00e9e de lecture estim\u00e9e":"2 minutes"},"schema":{"@context":"https:\/\/schema.org","@graph":[{"@type":"Article","@id":"https:\/\/guineediversite.com\/index.php\/2021\/02\/16\/a-partir-dhier-lundi-15-fevrier-letat-durgence-sanitaire-et-le-couvre-feu-ne-sont-plus-en-vigueur\/#article","isPartOf":{"@id":"https:\/\/guineediversite.com\/index.php\/2021\/02\/16\/a-partir-dhier-lundi-15-fevrier-letat-durgence-sanitaire-et-le-couvre-feu-ne-sont-plus-en-vigueur\/"},"author":{"name":"Guin\u00e9e Diversit\u00e9","@id":"https:\/\/guineediversite.com\/#\/schema\/person\/afa08fb34e7fc6e1feafc892612bc836"},"headline":"Guin\u00e9e: l&rsquo;\u00e9tat d&rsquo;urgence sanitaire et le couvre-feu sont ils lev\u00e9s?","datePublished":"2021-02-16T17:26:17+00:00","dateModified":"2021-02-16T18:06:59+00:00","mainEntityOfPage":{"@id":"https:\/\/guineediversite.com\/index.php\/2021\/02\/16\/a-partir-dhier-lundi-15-fevrier-letat-durgence-sanitaire-et-le-couvre-feu-ne-sont-plus-en-vigueur\/"},"wordCount":434,"publisher":{"@id":"https:\/\/guineediversite.com\/#organization"},"image":{"@id":"https:\/\/guineediversite.com\/index.php\/2021\/02\/16\/a-partir-dhier-lundi-15-fevrier-letat-durgence-sanitaire-et-le-couvre-feu-ne-sont-plus-en-vigueur\/#primaryimage"},"thumbnailUrl":"https:\/\/guineediversite.com\/wp-content\/uploads\/2021\/02\/WhatsApp-Image-2021-02-16-at-17.22.57.jpeg","articleSection":["Politique"],"inLanguage":"fr-FR"},{"@type":"WebPage","@id":"https:\/\/guineediversite.com\/index.php\/2021\/02\/16\/a-partir-dhier-lundi-15-fevrier-letat-durgence-sanitaire-et-le-couvre-feu-ne-sont-plus-en-vigueur\/","url":"https:\/\/guineediversite.com\/index.php\/2021\/02\/16\/a-partir-dhier-lundi-15-fevrier-letat-durgence-sanitaire-et-le-couvre-feu-ne-sont-plus-en-vigueur\/","name":"Guin\u00e9e: l'\u00e9tat d'urgence sanitaire et le couvre-feu sont ils lev\u00e9s? | Guin\u00e9e Diversit\u00e9","isPartOf":{"@id":"https:\/\/guineediversite.com\/#website"},"primaryImageOfPage":{"@id":"https:\/\/guineediversite.com\/index.php\/2021\/02\/16\/a-partir-dhier-lundi-15-fevrier-letat-durgence-sanitaire-et-le-couvre-feu-ne-sont-plus-en-vigueur\/#primaryimage"},"image":{"@id":"https:\/\/guineediversite.com\/index.php\/2021\/02\/16\/a-partir-dhier-lundi-15-fevrier-letat-durgence-sanitaire-et-le-couvre-feu-ne-sont-plus-en-vigueur\/#primaryimage"},"thumbnailUrl":"https:\/\/guineediversite.com\/wp-content\/uploads\/2021\/02\/WhatsApp-Image-2021-02-16-at-17.22.57.jpeg","datePublished":"2021-02-16T17:26:17+00:00","dateModified":"2021-02-16T18:06:59+00:00","breadcrumb":{"@id":"https:\/\/guineediversite.com\/index.php\/2021\/02\/16\/a-partir-dhier-lundi-15-fevrier-letat-durgence-sanitaire-et-le-couvre-feu-ne-sont-plus-en-vigueur\/#breadcrumb"},"inLanguage":"fr-FR","potentialAction":[{"@type":"ReadAction","target":["https:\/\/guineediversite.com\/index.php\/2021\/02\/16\/a-partir-dhier-lundi-15-fevrier-letat-durgence-sanitaire-et-le-couvre-feu-ne-sont-plus-en-vigueur\/"]}]},{"@type":"ImageObject","inLanguage":"fr-FR","@id":"https:\/\/guineediversite.com\/index.php\/2021\/02\/16\/a-partir-dhier-lundi-15-fevrier-letat-durgence-sanitaire-et-le-couvre-feu-ne-sont-plus-en-vigueur\/#primaryimage","url":"https:\/\/guineediversite.com\/wp-content\/uploads\/2021\/02\/WhatsApp-Image-2021-02-16-at-17.22.57.jpeg","contentUrl":"https:\/\/guineediversite.com\/wp-content\/uploads\/2021\/02\/WhatsApp-Image-2021-02-16-at-17.22.57.jpeg","width":1093,"height":1500},{"@type":"BreadcrumbList","@id":"https:\/\/guineediversite.com\/index.php\/2021\/02\/16\/a-partir-dhier-lundi-15-fevrier-letat-durgence-sanitaire-et-le-couvre-feu-ne-sont-plus-en-vigueur\/#breadcrumb","itemListElement":[{"@type":"ListItem","position":1,"name":"Accueil","item":"https:\/\/guineediversite.com\/"},{"@type":"ListItem","position":2,"name":"Guin\u00e9e: l&rsquo;\u00e9tat d&rsquo;urgence sanitaire et le couvre-feu sont ils lev\u00e9s?"}]},{"@type":"WebSite","@id":"https:\/\/guineediversite.com\/#website","url":"https:\/\/guineediversite.com\/","name":"Guin\u00e9e Diversit\u00e9","description":"L&#039;Info dans toute sa diversit\u00e9","publisher":{"@id":"https:\/\/guineediversite.com\/#organization"},"potentialAction":[{"@type":"SearchAction","target":{"@type":"EntryPoint","urlTemplate":"https:\/\/guineediversite.com\/?s={search_term_string}"},"query-input":{"@type":"PropertyValueSpecification","valueRequired":true,"valueName":"search_term_string"}}],"inLanguage":"fr-FR"},{"@type":"Organization","@id":"https:\/\/guineediversite.com\/#organization","name":"Guin\u00e9e Diversit\u00e9","url":"https:\/\/guineediversite.com\/","logo":{"@type":"ImageObject","inLanguage":"fr-FR","@id":"https:\/\/guineediversite.com\/#\/schema\/logo\/image\/","url":"https:\/\/guineediversite.com\/wp-content\/uploads\/2017\/04\/cropped-1jojlxEOMkX9Wyqfhe43D6kjPOGqBBKmx3EwWJqZ0cMrFF54yM49.png","contentUrl":"https:\/\/guineediversite.com\/wp-content\/uploads\/2017\/04\/cropped-1jojlxEOMkX9Wyqfhe43D6kjPOGqBBKmx3EwWJqZ0cMrFF54yM49.png","width":186,"height":112,"caption":"Guin\u00e9e Diversit\u00e9"},"image":{"@id":"https:\/\/guineediversite.com\/#\/schema\/logo\/image\/"},"sameAs":["https:\/\/www.facebook.com\/guineediversite\/","https:\/\/x.com\/GuineeDiversite","https:\/\/www.youtube.com\/channel\/UC8sUY16qelG5ge6_D5SB83g"]},{"@type":"Person","@id":"https:\/\/guineediversite.com\/#\/schema\/person\/afa08fb34e7fc6e1feafc892612bc836","name":"Guin\u00e9e Diversit\u00e9","image":{"@type":"ImageObject","inLanguage":"fr-FR","@id":"https:\/\/guineediversite.com\/#\/schema\/person\/image\/","url":"https:\/\/secure.gravatar.com\/avatar\/50d5eb5b390f8b65ac30ac6f898eb83a?s=96&d=mm&r=g","contentUrl":"https:\/\/secure.gravatar.com\/avatar\/50d5eb5b390f8b65ac30ac6f898eb83a?s=96&d=mm&r=g","caption":"Guin\u00e9e Diversit\u00e9"},"url":"https:\/\/guineediversite.com\/index.php\/author\/guineediversite\/"}]}},"_links":{"self":[{"href":"https:\/\/guineediversite.com\/index.php\/wp-json\/wp\/v2\/posts\/30672"}],"collection":[{"href":"https:\/\/guineediversite.com\/index.php\/wp-json\/wp\/v2\/posts"}],"about":[{"href":"https:\/\/guineediversite.com\/index.php\/wp-json\/wp\/v2\/types\/post"}],"author":[{"embeddable":true,"href":"https:\/\/guineediversite.com\/index.php\/wp-json\/wp\/v2\/users\/12"}],"replies":[{"embeddable":true,"href":"https:\/\/guineediversite.com\/index.php\/wp-json\/wp\/v2\/comments?post=30672"}],"version-history":[{"count":3,"href":"https:\/\/guineediversite.com\/index.php\/wp-json\/wp\/v2\/posts\/30672\/revisions"}],"predecessor-version":[{"id":30676,"href":"https:\/\/guineediversite.com\/index.php\/wp-json\/wp\/v2\/posts\/30672\/revisions\/30676"}],"wp:featuredmedia":[{"embeddable":true,"href":"https:\/\/guineediversite.com\/index.php\/wp-json\/wp\/v2\/media\/30673"}],"wp:attachment":[{"href":"https:\/\/guineediversite.com\/index.php\/wp-json\/wp\/v2\/media?parent=30672"}],"wp:term":[{"taxonomy":"category","embeddable":true,"href":"https:\/\/guineediversite.com\/index.php\/wp-json\/wp\/v2\/categories?post=30672"},{"taxonomy":"post_tag","embeddable":true,"href":"https:\/\/guineediversite.com\/index.php\/wp-json\/wp\/v2\/tags?post=30672"}],"curies":[{"name":"wp","href":"https:\/\/api.w.org\/{rel}","templated":true}]}}