{"id":30595,"date":"2020-12-22T09:00:18","date_gmt":"2020-12-22T08:00:18","guid":{"rendered":"https:\/\/guineediversite.com\/?p=30595"},"modified":"2020-12-22T09:07:50","modified_gmt":"2020-12-22T08:07:50","slug":"madic-100-frontiere-son-pere-se-confie-sur-son-etat-de-sante","status":"publish","type":"post","link":"https:\/\/guineediversite.com\/index.php\/2020\/12\/22\/madic-100-frontiere-son-pere-se-confie-sur-son-etat-de-sante\/","title":{"rendered":"Madic 100 fronti\u00e8re: son p\u00e8re se confie sur son \u00e9tat de sant\u00e9"},"content":{"rendered":"<p><strong>La sant\u00e9 de Malick Cond\u00e9 alias Madic 100 Fronti\u00e8re s&rsquo;est beaucoup d\u00e9grad\u00e9e ces derniers jours en prison. Evacu\u00e9 au moins deux fois dans la semaine \u00e0 l&rsquo;h\u00f4pital Ignace-Deen, l&rsquo;\u00e9tat de sant\u00e9 du militant et youtubeur de l&rsquo;UFDG inqui\u00e8te. Pour en savoir plus sur les conditions de sa d\u00e9tention, la r\u00e9daction de guineediverte.com a joint le p\u00e8re de Madic sans fronti\u00e8re Mr Mamady Cond\u00e9 dans la soir\u00e9e de lundi 21 novembre 2020. <\/strong><\/p>\n<p>Le ton rassurant, la voix grave, Mamady Cond\u00e9 v\u00e9t\u00e9rinaire \u00e0 la retraite raconte avoir vu son fils ce lundi matin: \u00ab <em>il \u00e9tait apparemment en bonne sant\u00e9<\/em>\u00bb explique ce militant de premi\u00e8re heure du RPG avant d&rsquo;expliquer que son fils <em>Madic avait  subit une op\u00e9ration chirurgicale il y a quelques mois avant d&rsquo;\u00eatre arr\u00eat\u00e9 et conduit en prison le 27 novembre dernier\u00bb<\/em>.<\/p>\n<blockquote><p>Je pense qu\u2019en rencontrant le Pr\u00e9sident, il va me reconnaitre<\/p><\/blockquote>\n<p>\u00ab <em>J\u2019ai toujours \u00e9t\u00e9 un rpgiste, c\u2019est nous qui avions sem\u00e9 le RPG en Guin\u00e9e depuis les ann\u00e9es 1990, d\u2019abord la r\u00e9volte de 1985 j\u2019\u00e9tais \u00e0 Kissoudougou o\u00f9 j\u2019\u00e9tais chef de service d\u2019\u00e9levage. J\u2019ai install\u00e9 le RPG partout o\u00f9 j\u2019ai \u00e9t\u00e9 mut\u00e9. Pour rappel, le professeur est venu avec le MMD, et on avait un cercle \u00e0 Kissidougou dirig\u00e9 par feue monsieur Souley Mara qui \u00e9tait \u00e0 la t\u00eate de nos activit\u00e9s l\u00e0-bas et c\u2019est dans \u00e7a que je me suis retrouv\u00e9 \u00e0 la retraite et jusqu\u2019\u00e0 pr\u00e9sent je suis dans le RPG<\/em>\u00bb, explique Mamady Cond\u00e9.<\/p>\n<p>Un p\u00e8re qui milite pour le RPG et un fils qui est dans l&rsquo;opposition, Mr Cond\u00e9 le p\u00e8re du d\u00e9tenu explique que c&rsquo;est certainement parce qu&rsquo;il s&rsquo;est battu toute sa vie pour le RPG et qu&rsquo;il n&rsquo;a eu aucune r\u00e9compense que son fils, frustr\u00e9 a rejoint l&rsquo;UFDG le principal parti de l&rsquo;opposition.<\/p>\n<p>Sur la question de savoir si Mr Mamady Cond\u00e9 a tent\u00e9 de rencontrer l\u2019autorit\u00e9 ou les cadres du parti RPG pour la lib\u00e9ration de son fils, il d\u00e9clare : \u00ab <em>Depuis mon arriv\u00e9 \u00e0 Conakry, j\u2019ai essay\u00e9 \u00e0 plusieurs reprise de rencontrer mon fr\u00e8re le pr\u00e9sident Alpha Cond\u00e9 mais tout est herm\u00e9tiquement ferm\u00e9 autour de lui. Je pense qu\u2019en le rencontrant il va me reconnaitre, parce que sa derni\u00e8re venu \u00e0 Dabola, il \u00e9tait venu chez moi. Mais  pour l&rsquo;instant, je n&rsquo;arrive pas \u00e0 voir le pr\u00e9sident<\/em>\u00bb.<\/p>\n<h2>Inquiet<\/h2>\n<p>Le p\u00e8re de Madic sans fronti\u00e8re, n\u2019a pas cach\u00e9 son inqui\u00e9tude sur les conditions de d\u00e9tentions de son fils Mamady Cond\u00e9 \u00e0 la maison centrale de Conakry. D&rsquo;autant plus qu&rsquo;il y a quelques jours, Roger Bamba, un autre prisonnier et militant de l&rsquo;UFDG est mort en prison apr\u00e8s s&rsquo;\u00eatre plaint de maux de ventre.<\/p>\n<p>Pour rappel, Malick Cond\u00e9 alias Madic 100 fronti\u00e8re a \u00e9t\u00e9 arr\u00eat\u00e9 le 27 novembre 2020 Pamalap, alors qu&rsquo;il voulait rallier la Sierra L\u00e9one quelques jours apr\u00e8s l&rsquo;\u00e9lection pr\u00e9sidentielle tr\u00e8s contest\u00e9 du 18 octobre.  A ce jour, il est en d\u00e9tention  \u00e0 la maison centrale de Conakry avec une sant\u00e9 d\u00e9grad\u00e9e.<\/p>\n","protected":false},"excerpt":{"rendered":"<p>La sant\u00e9 de Malick Cond\u00e9 alias Madic 100 Fronti\u00e8re s&rsquo;est beaucoup d\u00e9grad\u00e9e ces derniers jours en prison. Evacu\u00e9 au moins deux fois dans la semaine \u00e0 l&rsquo;h\u00f4pital Ignace-Deen, l&rsquo;\u00e9tat de sant\u00e9 du militant et youtubeur de l&rsquo;UFDG inqui\u00e8te. Pour en savoir plus sur les conditions de sa d\u00e9tention, la r\u00e9daction de guineediverte.com a joint le [&hellip;]<\/p>\n","protected":false},"author":10,"featured_media":30596,"comment_status":"closed","ping_status":"open","sticky":false,"template":"","format":"standard","meta":{"_exactmetrics_skip_tracking":false,"_exactmetrics_sitenote_active":false,"_exactmetrics_sitenote_note":"","_exactmetrics_sitenote_category":0,"tdm_status":"","tdm_grid_status":"","footnotes":""},"categories":[254,14],"tags":[41,469,467,468],"class_list":{"0":"post-30595","1":"post","2":"type-post","3":"status-publish","4":"format-standard","5":"has-post-thumbnail","7":"category-derniere-minute","8":"category-politique","9":"tag-guinee","10":"tag-madic-100-frontiere","11":"tag-madic-sans-frontiere","12":"tag-prison"},"yoast_head":"<!-- This site is optimized with the Yoast SEO plugin v24.2 - https:\/\/yoast.com\/wordpress\/plugins\/seo\/ -->\n<title>Madic 100 fronti\u00e8re: son p\u00e8re se confie sur son \u00e9tat de sant\u00e9 | Guin\u00e9e Diversit\u00e9<\/title>\n<meta name=\"robots\" content=\"index, follow, max-snippet:-1, max-image-preview:large, max-video-preview:-1\" \/>\n<link rel=\"canonical\" href=\"https:\/\/guineediversite.com\/index.php\/2020\/12\/22\/madic-100-frontiere-son-pere-se-confie-sur-son-etat-de-sante\/\" \/>\n<meta property=\"og:locale\" content=\"fr_FR\" \/>\n<meta property=\"og:type\" content=\"article\" \/>\n<meta property=\"og:title\" content=\"Madic 100 fronti\u00e8re: son p\u00e8re se confie sur son \u00e9tat de sant\u00e9 | Guin\u00e9e Diversit\u00e9\" \/>\n<meta property=\"og:description\" content=\"La sant\u00e9 de Malick Cond\u00e9 alias Madic 100 Fronti\u00e8re s&rsquo;est beaucoup d\u00e9grad\u00e9e ces derniers jours en prison. Evacu\u00e9 au moins deux fois dans la semaine \u00e0 l&rsquo;h\u00f4pital Ignace-Deen, l&rsquo;\u00e9tat de sant\u00e9 du militant et youtubeur de l&rsquo;UFDG inqui\u00e8te. Pour en savoir plus sur les conditions de sa d\u00e9tention, la r\u00e9daction de guineediverte.com a joint le [&hellip;]\" \/>\n<meta property=\"og:url\" content=\"https:\/\/guineediversite.com\/index.php\/2020\/12\/22\/madic-100-frontiere-son-pere-se-confie-sur-son-etat-de-sante\/\" \/>\n<meta property=\"og:site_name\" content=\"Guin\u00e9e Diversit\u00e9\" \/>\n<meta property=\"article:publisher\" content=\"https:\/\/www.facebook.com\/guineediversite\/\" \/>\n<meta property=\"article:published_time\" content=\"2020-12-22T08:00:18+00:00\" \/>\n<meta property=\"article:modified_time\" content=\"2020-12-22T08:07:50+00:00\" \/>\n<meta property=\"og:image\" content=\"https:\/\/guineediversite.com\/wp-content\/uploads\/2020\/12\/madic.jpeg\" \/>\n\t<meta property=\"og:image:width\" content=\"1280\" \/>\n\t<meta property=\"og:image:height\" content=\"720\" \/>\n\t<meta property=\"og:image:type\" content=\"image\/jpeg\" \/>\n<meta name=\"author\" content=\"Morcire Camara\" \/>\n<meta name=\"twitter:card\" content=\"summary_large_image\" \/>\n<meta name=\"twitter:creator\" content=\"@GuineeDiversite\" \/>\n<meta name=\"twitter:site\" content=\"@GuineeDiversite\" \/>\n<meta name=\"twitter:label1\" content=\"\u00c9crit par\" \/>\n\t<meta name=\"twitter:data1\" content=\"Morcire Camara\" \/>\n\t<meta name=\"twitter:label2\" content=\"Dur\u00e9e de lecture estim\u00e9e\" \/>\n\t<meta name=\"twitter:data2\" content=\"3 minutes\" \/>\n<script type=\"application\/ld+json\" class=\"yoast-schema-graph\">{\"@context\":\"https:\/\/schema.org\",\"@graph\":[{\"@type\":\"Article\",\"@id\":\"https:\/\/guineediversite.com\/index.php\/2020\/12\/22\/madic-100-frontiere-son-pere-se-confie-sur-son-etat-de-sante\/#article\",\"isPartOf\":{\"@id\":\"https:\/\/guineediversite.com\/index.php\/2020\/12\/22\/madic-100-frontiere-son-pere-se-confie-sur-son-etat-de-sante\/\"},\"author\":{\"name\":\"Morcire Camara\",\"@id\":\"https:\/\/guineediversite.com\/#\/schema\/person\/fa362494c47202ce4b3adf55abcc9d01\"},\"headline\":\"Madic 100 fronti\u00e8re: son p\u00e8re se confie sur son \u00e9tat de sant\u00e9\",\"datePublished\":\"2020-12-22T08:00:18+00:00\",\"dateModified\":\"2020-12-22T08:07:50+00:00\",\"mainEntityOfPage\":{\"@id\":\"https:\/\/guineediversite.com\/index.php\/2020\/12\/22\/madic-100-frontiere-son-pere-se-confie-sur-son-etat-de-sante\/\"},\"wordCount\":555,\"publisher\":{\"@id\":\"https:\/\/guineediversite.com\/#organization\"},\"image\":{\"@id\":\"https:\/\/guineediversite.com\/index.php\/2020\/12\/22\/madic-100-frontiere-son-pere-se-confie-sur-son-etat-de-sante\/#primaryimage\"},\"thumbnailUrl\":\"https:\/\/guineediversite.com\/wp-content\/uploads\/2020\/12\/madic.jpeg\",\"keywords\":[\"Guin\u00e9e\",\"Madic 100 fronti\u00e8re\",\"Madic Sans Fronti\u00e8re\",\"Prison\"],\"articleSection\":[\"Derni\u00e8re minute\",\"Politique\"],\"inLanguage\":\"fr-FR\"},{\"@type\":\"WebPage\",\"@id\":\"https:\/\/guineediversite.com\/index.php\/2020\/12\/22\/madic-100-frontiere-son-pere-se-confie-sur-son-etat-de-sante\/\",\"url\":\"https:\/\/guineediversite.com\/index.php\/2020\/12\/22\/madic-100-frontiere-son-pere-se-confie-sur-son-etat-de-sante\/\",\"name\":\"Madic 100 fronti\u00e8re: son p\u00e8re se confie sur son \u00e9tat de sant\u00e9 | Guin\u00e9e Diversit\u00e9\",\"isPartOf\":{\"@id\":\"https:\/\/guineediversite.com\/#website\"},\"primaryImageOfPage\":{\"@id\":\"https:\/\/guineediversite.com\/index.php\/2020\/12\/22\/madic-100-frontiere-son-pere-se-confie-sur-son-etat-de-sante\/#primaryimage\"},\"image\":{\"@id\":\"https:\/\/guineediversite.com\/index.php\/2020\/12\/22\/madic-100-frontiere-son-pere-se-confie-sur-son-etat-de-sante\/#primaryimage\"},\"thumbnailUrl\":\"https:\/\/guineediversite.com\/wp-content\/uploads\/2020\/12\/madic.jpeg\",\"datePublished\":\"2020-12-22T08:00:18+00:00\",\"dateModified\":\"2020-12-22T08:07:50+00:00\",\"breadcrumb\":{\"@id\":\"https:\/\/guineediversite.com\/index.php\/2020\/12\/22\/madic-100-frontiere-son-pere-se-confie-sur-son-etat-de-sante\/#breadcrumb\"},\"inLanguage\":\"fr-FR\",\"potentialAction\":[{\"@type\":\"ReadAction\",\"target\":[\"https:\/\/guineediversite.com\/index.php\/2020\/12\/22\/madic-100-frontiere-son-pere-se-confie-sur-son-etat-de-sante\/\"]}]},{\"@type\":\"ImageObject\",\"inLanguage\":\"fr-FR\",\"@id\":\"https:\/\/guineediversite.com\/index.php\/2020\/12\/22\/madic-100-frontiere-son-pere-se-confie-sur-son-etat-de-sante\/#primaryimage\",\"url\":\"https:\/\/guineediversite.com\/wp-content\/uploads\/2020\/12\/madic.jpeg\",\"contentUrl\":\"https:\/\/guineediversite.com\/wp-content\/uploads\/2020\/12\/madic.jpeg\",\"width\":1280,\"height\":720},{\"@type\":\"BreadcrumbList\",\"@id\":\"https:\/\/guineediversite.com\/index.php\/2020\/12\/22\/madic-100-frontiere-son-pere-se-confie-sur-son-etat-de-sante\/#breadcrumb\",\"itemListElement\":[{\"@type\":\"ListItem\",\"position\":1,\"name\":\"Accueil\",\"item\":\"https:\/\/guineediversite.com\/\"},{\"@type\":\"ListItem\",\"position\":2,\"name\":\"Madic 100 fronti\u00e8re: son p\u00e8re se confie sur son \u00e9tat de sant\u00e9\"}]},{\"@type\":\"WebSite\",\"@id\":\"https:\/\/guineediversite.com\/#website\",\"url\":\"https:\/\/guineediversite.com\/\",\"name\":\"Guin\u00e9e Diversit\u00e9\",\"description\":\"L&#039;Info dans toute sa diversit\u00e9\",\"publisher\":{\"@id\":\"https:\/\/guineediversite.com\/#organization\"},\"potentialAction\":[{\"@type\":\"SearchAction\",\"target\":{\"@type\":\"EntryPoint\",\"urlTemplate\":\"https:\/\/guineediversite.com\/?s={search_term_string}\"},\"query-input\":{\"@type\":\"PropertyValueSpecification\",\"valueRequired\":true,\"valueName\":\"search_term_string\"}}],\"inLanguage\":\"fr-FR\"},{\"@type\":\"Organization\",\"@id\":\"https:\/\/guineediversite.com\/#organization\",\"name\":\"Guin\u00e9e Diversit\u00e9\",\"url\":\"https:\/\/guineediversite.com\/\",\"logo\":{\"@type\":\"ImageObject\",\"inLanguage\":\"fr-FR\",\"@id\":\"https:\/\/guineediversite.com\/#\/schema\/logo\/image\/\",\"url\":\"https:\/\/guineediversite.com\/wp-content\/uploads\/2017\/04\/cropped-1jojlxEOMkX9Wyqfhe43D6kjPOGqBBKmx3EwWJqZ0cMrFF54yM49.png\",\"contentUrl\":\"https:\/\/guineediversite.com\/wp-content\/uploads\/2017\/04\/cropped-1jojlxEOMkX9Wyqfhe43D6kjPOGqBBKmx3EwWJqZ0cMrFF54yM49.png\",\"width\":186,\"height\":112,\"caption\":\"Guin\u00e9e Diversit\u00e9\"},\"image\":{\"@id\":\"https:\/\/guineediversite.com\/#\/schema\/logo\/image\/\"},\"sameAs\":[\"https:\/\/www.facebook.com\/guineediversite\/\",\"https:\/\/x.com\/GuineeDiversite\",\"https:\/\/www.youtube.com\/channel\/UC8sUY16qelG5ge6_D5SB83g\"]},{\"@type\":\"Person\",\"@id\":\"https:\/\/guineediversite.com\/#\/schema\/person\/fa362494c47202ce4b3adf55abcc9d01\",\"name\":\"Morcire Camara\",\"image\":{\"@type\":\"ImageObject\",\"inLanguage\":\"fr-FR\",\"@id\":\"https:\/\/guineediversite.com\/#\/schema\/person\/image\/\",\"url\":\"https:\/\/secure.gravatar.com\/avatar\/3ec324f02295bbcebe03d99b39330ab4?s=96&d=mm&r=g\",\"contentUrl\":\"https:\/\/secure.gravatar.com\/avatar\/3ec324f02295bbcebe03d99b39330ab4?s=96&d=mm&r=g\",\"caption\":\"Morcire Camara\"},\"url\":\"https:\/\/guineediversite.com\/index.php\/author\/morcire\/\"}]}<\/script>\n<!-- \/ Yoast SEO plugin. -->","yoast_head_json":{"title":"Madic 100 fronti\u00e8re: son p\u00e8re se confie sur son \u00e9tat de sant\u00e9 | Guin\u00e9e Diversit\u00e9","robots":{"index":"index","follow":"follow","max-snippet":"max-snippet:-1","max-image-preview":"max-image-preview:large","max-video-preview":"max-video-preview:-1"},"canonical":"https:\/\/guineediversite.com\/index.php\/2020\/12\/22\/madic-100-frontiere-son-pere-se-confie-sur-son-etat-de-sante\/","og_locale":"fr_FR","og_type":"article","og_title":"Madic 100 fronti\u00e8re: son p\u00e8re se confie sur son \u00e9tat de sant\u00e9 | Guin\u00e9e Diversit\u00e9","og_description":"La sant\u00e9 de Malick Cond\u00e9 alias Madic 100 Fronti\u00e8re s&rsquo;est beaucoup d\u00e9grad\u00e9e ces derniers jours en prison. Evacu\u00e9 au moins deux fois dans la semaine \u00e0 l&rsquo;h\u00f4pital Ignace-Deen, l&rsquo;\u00e9tat de sant\u00e9 du militant et youtubeur de l&rsquo;UFDG inqui\u00e8te. Pour en savoir plus sur les conditions de sa d\u00e9tention, la r\u00e9daction de guineediverte.com a joint le [&hellip;]","og_url":"https:\/\/guineediversite.com\/index.php\/2020\/12\/22\/madic-100-frontiere-son-pere-se-confie-sur-son-etat-de-sante\/","og_site_name":"Guin\u00e9e Diversit\u00e9","article_publisher":"https:\/\/www.facebook.com\/guineediversite\/","article_published_time":"2020-12-22T08:00:18+00:00","article_modified_time":"2020-12-22T08:07:50+00:00","og_image":[{"width":1280,"height":720,"url":"https:\/\/guineediversite.com\/wp-content\/uploads\/2020\/12\/madic.jpeg","type":"image\/jpeg"}],"author":"Morcire Camara","twitter_card":"summary_large_image","twitter_creator":"@GuineeDiversite","twitter_site":"@GuineeDiversite","twitter_misc":{"\u00c9crit par":"Morcire Camara","Dur\u00e9e de lecture estim\u00e9e":"3 minutes"},"schema":{"@context":"https:\/\/schema.org","@graph":[{"@type":"Article","@id":"https:\/\/guineediversite.com\/index.php\/2020\/12\/22\/madic-100-frontiere-son-pere-se-confie-sur-son-etat-de-sante\/#article","isPartOf":{"@id":"https:\/\/guineediversite.com\/index.php\/2020\/12\/22\/madic-100-frontiere-son-pere-se-confie-sur-son-etat-de-sante\/"},"author":{"name":"Morcire Camara","@id":"https:\/\/guineediversite.com\/#\/schema\/person\/fa362494c47202ce4b3adf55abcc9d01"},"headline":"Madic 100 fronti\u00e8re: son p\u00e8re se confie sur son \u00e9tat de sant\u00e9","datePublished":"2020-12-22T08:00:18+00:00","dateModified":"2020-12-22T08:07:50+00:00","mainEntityOfPage":{"@id":"https:\/\/guineediversite.com\/index.php\/2020\/12\/22\/madic-100-frontiere-son-pere-se-confie-sur-son-etat-de-sante\/"},"wordCount":555,"publisher":{"@id":"https:\/\/guineediversite.com\/#organization"},"image":{"@id":"https:\/\/guineediversite.com\/index.php\/2020\/12\/22\/madic-100-frontiere-son-pere-se-confie-sur-son-etat-de-sante\/#primaryimage"},"thumbnailUrl":"https:\/\/guineediversite.com\/wp-content\/uploads\/2020\/12\/madic.jpeg","keywords":["Guin\u00e9e","Madic 100 fronti\u00e8re","Madic Sans Fronti\u00e8re","Prison"],"articleSection":["Derni\u00e8re minute","Politique"],"inLanguage":"fr-FR"},{"@type":"WebPage","@id":"https:\/\/guineediversite.com\/index.php\/2020\/12\/22\/madic-100-frontiere-son-pere-se-confie-sur-son-etat-de-sante\/","url":"https:\/\/guineediversite.com\/index.php\/2020\/12\/22\/madic-100-frontiere-son-pere-se-confie-sur-son-etat-de-sante\/","name":"Madic 100 fronti\u00e8re: son p\u00e8re se confie sur son \u00e9tat de sant\u00e9 | Guin\u00e9e Diversit\u00e9","isPartOf":{"@id":"https:\/\/guineediversite.com\/#website"},"primaryImageOfPage":{"@id":"https:\/\/guineediversite.com\/index.php\/2020\/12\/22\/madic-100-frontiere-son-pere-se-confie-sur-son-etat-de-sante\/#primaryimage"},"image":{"@id":"https:\/\/guineediversite.com\/index.php\/2020\/12\/22\/madic-100-frontiere-son-pere-se-confie-sur-son-etat-de-sante\/#primaryimage"},"thumbnailUrl":"https:\/\/guineediversite.com\/wp-content\/uploads\/2020\/12\/madic.jpeg","datePublished":"2020-12-22T08:00:18+00:00","dateModified":"2020-12-22T08:07:50+00:00","breadcrumb":{"@id":"https:\/\/guineediversite.com\/index.php\/2020\/12\/22\/madic-100-frontiere-son-pere-se-confie-sur-son-etat-de-sante\/#breadcrumb"},"inLanguage":"fr-FR","potentialAction":[{"@type":"ReadAction","target":["https:\/\/guineediversite.com\/index.php\/2020\/12\/22\/madic-100-frontiere-son-pere-se-confie-sur-son-etat-de-sante\/"]}]},{"@type":"ImageObject","inLanguage":"fr-FR","@id":"https:\/\/guineediversite.com\/index.php\/2020\/12\/22\/madic-100-frontiere-son-pere-se-confie-sur-son-etat-de-sante\/#primaryimage","url":"https:\/\/guineediversite.com\/wp-content\/uploads\/2020\/12\/madic.jpeg","contentUrl":"https:\/\/guineediversite.com\/wp-content\/uploads\/2020\/12\/madic.jpeg","width":1280,"height":720},{"@type":"BreadcrumbList","@id":"https:\/\/guineediversite.com\/index.php\/2020\/12\/22\/madic-100-frontiere-son-pere-se-confie-sur-son-etat-de-sante\/#breadcrumb","itemListElement":[{"@type":"ListItem","position":1,"name":"Accueil","item":"https:\/\/guineediversite.com\/"},{"@type":"ListItem","position":2,"name":"Madic 100 fronti\u00e8re: son p\u00e8re se confie sur son \u00e9tat de sant\u00e9"}]},{"@type":"WebSite","@id":"https:\/\/guineediversite.com\/#website","url":"https:\/\/guineediversite.com\/","name":"Guin\u00e9e Diversit\u00e9","description":"L&#039;Info dans toute sa diversit\u00e9","publisher":{"@id":"https:\/\/guineediversite.com\/#organization"},"potentialAction":[{"@type":"SearchAction","target":{"@type":"EntryPoint","urlTemplate":"https:\/\/guineediversite.com\/?s={search_term_string}"},"query-input":{"@type":"PropertyValueSpecification","valueRequired":true,"valueName":"search_term_string"}}],"inLanguage":"fr-FR"},{"@type":"Organization","@id":"https:\/\/guineediversite.com\/#organization","name":"Guin\u00e9e Diversit\u00e9","url":"https:\/\/guineediversite.com\/","logo":{"@type":"ImageObject","inLanguage":"fr-FR","@id":"https:\/\/guineediversite.com\/#\/schema\/logo\/image\/","url":"https:\/\/guineediversite.com\/wp-content\/uploads\/2017\/04\/cropped-1jojlxEOMkX9Wyqfhe43D6kjPOGqBBKmx3EwWJqZ0cMrFF54yM49.png","contentUrl":"https:\/\/guineediversite.com\/wp-content\/uploads\/2017\/04\/cropped-1jojlxEOMkX9Wyqfhe43D6kjPOGqBBKmx3EwWJqZ0cMrFF54yM49.png","width":186,"height":112,"caption":"Guin\u00e9e Diversit\u00e9"},"image":{"@id":"https:\/\/guineediversite.com\/#\/schema\/logo\/image\/"},"sameAs":["https:\/\/www.facebook.com\/guineediversite\/","https:\/\/x.com\/GuineeDiversite","https:\/\/www.youtube.com\/channel\/UC8sUY16qelG5ge6_D5SB83g"]},{"@type":"Person","@id":"https:\/\/guineediversite.com\/#\/schema\/person\/fa362494c47202ce4b3adf55abcc9d01","name":"Morcire Camara","image":{"@type":"ImageObject","inLanguage":"fr-FR","@id":"https:\/\/guineediversite.com\/#\/schema\/person\/image\/","url":"https:\/\/secure.gravatar.com\/avatar\/3ec324f02295bbcebe03d99b39330ab4?s=96&d=mm&r=g","contentUrl":"https:\/\/secure.gravatar.com\/avatar\/3ec324f02295bbcebe03d99b39330ab4?s=96&d=mm&r=g","caption":"Morcire Camara"},"url":"https:\/\/guineediversite.com\/index.php\/author\/morcire\/"}]}},"_links":{"self":[{"href":"https:\/\/guineediversite.com\/index.php\/wp-json\/wp\/v2\/posts\/30595"}],"collection":[{"href":"https:\/\/guineediversite.com\/index.php\/wp-json\/wp\/v2\/posts"}],"about":[{"href":"https:\/\/guineediversite.com\/index.php\/wp-json\/wp\/v2\/types\/post"}],"author":[{"embeddable":true,"href":"https:\/\/guineediversite.com\/index.php\/wp-json\/wp\/v2\/users\/10"}],"replies":[{"embeddable":true,"href":"https:\/\/guineediversite.com\/index.php\/wp-json\/wp\/v2\/comments?post=30595"}],"version-history":[{"count":2,"href":"https:\/\/guineediversite.com\/index.php\/wp-json\/wp\/v2\/posts\/30595\/revisions"}],"predecessor-version":[{"id":30598,"href":"https:\/\/guineediversite.com\/index.php\/wp-json\/wp\/v2\/posts\/30595\/revisions\/30598"}],"wp:featuredmedia":[{"embeddable":true,"href":"https:\/\/guineediversite.com\/index.php\/wp-json\/wp\/v2\/media\/30596"}],"wp:attachment":[{"href":"https:\/\/guineediversite.com\/index.php\/wp-json\/wp\/v2\/media?parent=30595"}],"wp:term":[{"taxonomy":"category","embeddable":true,"href":"https:\/\/guineediversite.com\/index.php\/wp-json\/wp\/v2\/categories?post=30595"},{"taxonomy":"post_tag","embeddable":true,"href":"https:\/\/guineediversite.com\/index.php\/wp-json\/wp\/v2\/tags?post=30595"}],"curies":[{"name":"wp","href":"https:\/\/api.w.org\/{rel}","templated":true}]}}