{"id":30588,"date":"2020-12-17T14:17:55","date_gmt":"2020-12-17T13:17:55","guid":{"rendered":"https:\/\/guineediversite.com\/?p=30588"},"modified":"2020-12-17T14:36:53","modified_gmt":"2020-12-17T13:36:53","slug":"education-des-etudiants-de-luniversite-general-lansana-conte-de-sonfonia-manifestent-contre-la-hausse-du-prix-de-linscription-et-de-la-reinscription","status":"publish","type":"post","link":"https:\/\/guineediversite.com\/index.php\/2020\/12\/17\/education-des-etudiants-de-luniversite-general-lansana-conte-de-sonfonia-manifestent-contre-la-hausse-du-prix-de-linscription-et-de-la-reinscription\/","title":{"rendered":"\u00c9ducation : Des \u00e9tudiants de l\u2019universit\u00e9 g\u00e9n\u00e9ral Lansana Cont\u00e9 de Sonfonia manifestent"},"content":{"rendered":"<p><strong>Des \u00e9tudiants de l\u2019universit\u00e9 G\u00e9n\u00e9ral Lansana Cont\u00e9 de Sonfonia ont\u00a0 manifest\u00e9 ce jeudi. Ils protestent contre la hausse du prix de l\u2019inscription et la r\u00e9inscription pour cette ann\u00e9e universitaire.<\/strong><\/p>\n<p>Selon Kabinet Keita , pr\u00e9sident de l\u2019association scolaire et estudiantine de Guin\u00e9e,\u00a0 membre de la coalition pour la d\u00e9fense des droits des \u00e9tudiants , le d\u00e9partement peut r\u00e9soudre le probl\u00e8me.<\/p>\n<p><em>\u00ab Nous avions plusieurs fois demand\u00e9 aux autorit\u00e9s de revoir \u00e0 la baisse le prix d\u2019inscription et de r\u00e9inscription dans les universit\u00e9s publiques. Le lundi dernier nous avions rencontr\u00e9 le ministre de l&rsquo;enseignement Sup\u00e9rieur et de la recherche scientifique, et les pourparlers ont tourn\u00e9 autour de cette question. Mais le ministre se dit incomp\u00e9tent de trancher sur ce sujet. Alors les camarades non pas compris cet \u00e9tat de fait, et pourquoi aujourd\u2019hui nous sommes en train de manifester et \u00e7a d\u00e9g\u00e9n\u00e9rer. Il y a eu l\u2019intervention des forces de s\u00e9curit\u00e9 , nous voulons que les frais d\u2019inscription et de r\u00e9inscription soient revus au moins \u00e0 50.000 Gnf, au lieu de 250.000 Gnf la licence 1 et 210.000 Gnf pour la licence 2 et 3<\/em>\u00a0\u00bb, a-t-il soulign\u00e9.<\/p>\n<p><img loading=\"lazy\" decoding=\"async\" class=\"alignnone wp-image-30590\" src=\"https:\/\/guineediversite.com.bwjx4292.odns.fr\/wp-content\/uploads\/2020\/12\/IMG-20201217-WA0006-225x300.jpg\" alt=\"\" width=\"625\" height=\"833\" srcset=\"https:\/\/guineediversite.com\/wp-content\/uploads\/2020\/12\/IMG-20201217-WA0006-225x300.jpg 225w, https:\/\/guineediversite.com\/wp-content\/uploads\/2020\/12\/IMG-20201217-WA0006-768x1024.jpg 768w, https:\/\/guineediversite.com\/wp-content\/uploads\/2020\/12\/IMG-20201217-WA0006-600x800.jpg 600w, https:\/\/guineediversite.com\/wp-content\/uploads\/2020\/12\/IMG-20201217-WA0006-696x928.jpg 696w, https:\/\/guineediversite.com\/wp-content\/uploads\/2020\/12\/IMG-20201217-WA0006-1068x1424.jpg 1068w, https:\/\/guineediversite.com\/wp-content\/uploads\/2020\/12\/IMG-20201217-WA0006-315x420.jpg 315w, https:\/\/guineediversite.com\/wp-content\/uploads\/2020\/12\/IMG-20201217-WA0006.jpg 1125w\" sizes=\"(max-width: 625px) 100vw, 625px\" \/><\/p>\n<p>La tension est vive entre force de l\u2019ordre et \u00e9tudiants manifestants. Kabinet Keita indique que si rien n&rsquo;est fait dans les heures qui suivent , les \u00e9tudiants poursuivront la manifestation par une r\u00e9sistance Pacifique.<\/p>\n<p>\u00ab\u00a0<em>Si nous ne sommes pas entendus, nous passerons \u00e0 une r\u00e9sistance Pacifique. C\u2019est vrai que nous d\u00e9plorons la violence qui se passe ce matin, ne ressemble pas au milieu scolaire. Mais de toute fa\u00e7on l\u2019autorit\u00e9 devrait pr\u00e9voir tout cela en amont. L\u2019autorit\u00e9 de l\u2019universit\u00e9 a voulu nous rencontrer le matin, mais puisqu&rsquo;il avait un nombre important de personnes dehors, c\u2019\u00e9tait impossible de les rencontrer en ce moment , il a fallu l\u2019intervention des forces de l\u2019ordre. Maintenant l\u00e0 je pense que le dialogue est rompu et il nous faut une autre occasion<\/em>\u00a0\u00bb, pr\u00e9cise Kabinet Keita.<\/p>\n<p>&nbsp;<\/p>\n","protected":false},"excerpt":{"rendered":"<p>Des \u00e9tudiants de l\u2019universit\u00e9 G\u00e9n\u00e9ral Lansana Cont\u00e9 de Sonfonia ont\u00a0 manifest\u00e9 ce jeudi. Ils protestent contre la hausse du prix de l\u2019inscription et la r\u00e9inscription pour cette ann\u00e9e universitaire. Selon Kabinet Keita , pr\u00e9sident de l\u2019association scolaire et estudiantine de Guin\u00e9e,\u00a0 membre de la coalition pour la d\u00e9fense des droits des \u00e9tudiants , le d\u00e9partement [&hellip;]<\/p>\n","protected":false},"author":10,"featured_media":30589,"comment_status":"closed","ping_status":"open","sticky":false,"template":"","format":"standard","meta":{"_exactmetrics_skip_tracking":false,"_exactmetrics_sitenote_active":false,"_exactmetrics_sitenote_note":"","_exactmetrics_sitenote_category":0,"tdm_status":"","tdm_grid_status":"","footnotes":""},"categories":[254,16],"tags":[],"class_list":{"0":"post-30588","1":"post","2":"type-post","3":"status-publish","4":"format-standard","5":"has-post-thumbnail","7":"category-derniere-minute","8":"category-societe"},"yoast_head":"<!-- This site is optimized with the Yoast SEO plugin v24.2 - https:\/\/yoast.com\/wordpress\/plugins\/seo\/ -->\n<title>\u00c9ducation : Des \u00e9tudiants de l\u2019universit\u00e9 g\u00e9n\u00e9ral Lansana Cont\u00e9 de Sonfonia manifestent | Guin\u00e9e Diversit\u00e9<\/title>\n<meta name=\"robots\" content=\"index, follow, max-snippet:-1, max-image-preview:large, max-video-preview:-1\" \/>\n<link rel=\"canonical\" href=\"https:\/\/guineediversite.com\/index.php\/2020\/12\/17\/education-des-etudiants-de-luniversite-general-lansana-conte-de-sonfonia-manifestent-contre-la-hausse-du-prix-de-linscription-et-de-la-reinscription\/\" \/>\n<meta property=\"og:locale\" content=\"fr_FR\" \/>\n<meta property=\"og:type\" content=\"article\" \/>\n<meta property=\"og:title\" content=\"\u00c9ducation : Des \u00e9tudiants de l\u2019universit\u00e9 g\u00e9n\u00e9ral Lansana Cont\u00e9 de Sonfonia manifestent | Guin\u00e9e Diversit\u00e9\" \/>\n<meta property=\"og:description\" content=\"Des \u00e9tudiants de l\u2019universit\u00e9 G\u00e9n\u00e9ral Lansana Cont\u00e9 de Sonfonia ont\u00a0 manifest\u00e9 ce jeudi. Ils protestent contre la hausse du prix de l\u2019inscription et la r\u00e9inscription pour cette ann\u00e9e universitaire. Selon Kabinet Keita , pr\u00e9sident de l\u2019association scolaire et estudiantine de Guin\u00e9e,\u00a0 membre de la coalition pour la d\u00e9fense des droits des \u00e9tudiants , le d\u00e9partement [&hellip;]\" \/>\n<meta property=\"og:url\" content=\"https:\/\/guineediversite.com\/index.php\/2020\/12\/17\/education-des-etudiants-de-luniversite-general-lansana-conte-de-sonfonia-manifestent-contre-la-hausse-du-prix-de-linscription-et-de-la-reinscription\/\" \/>\n<meta property=\"og:site_name\" content=\"Guin\u00e9e Diversit\u00e9\" \/>\n<meta property=\"article:publisher\" content=\"https:\/\/www.facebook.com\/guineediversite\/\" \/>\n<meta property=\"article:published_time\" content=\"2020-12-17T13:17:55+00:00\" \/>\n<meta property=\"article:modified_time\" content=\"2020-12-17T13:36:53+00:00\" \/>\n<meta property=\"og:image\" content=\"https:\/\/guineediversite.com\/wp-content\/uploads\/2020\/12\/IMG-20201217-WA0005.jpg\" \/>\n\t<meta property=\"og:image:width\" content=\"1125\" \/>\n\t<meta property=\"og:image:height\" content=\"1500\" \/>\n\t<meta property=\"og:image:type\" content=\"image\/jpeg\" \/>\n<meta name=\"author\" content=\"Morcire Camara\" \/>\n<meta name=\"twitter:card\" content=\"summary_large_image\" \/>\n<meta name=\"twitter:creator\" content=\"@GuineeDiversite\" \/>\n<meta name=\"twitter:site\" content=\"@GuineeDiversite\" \/>\n<meta name=\"twitter:label1\" content=\"\u00c9crit par\" \/>\n\t<meta name=\"twitter:data1\" content=\"Morcire Camara\" \/>\n\t<meta name=\"twitter:label2\" content=\"Dur\u00e9e de lecture estim\u00e9e\" \/>\n\t<meta name=\"twitter:data2\" content=\"2 minutes\" \/>\n<script type=\"application\/ld+json\" class=\"yoast-schema-graph\">{\"@context\":\"https:\/\/schema.org\",\"@graph\":[{\"@type\":\"Article\",\"@id\":\"https:\/\/guineediversite.com\/index.php\/2020\/12\/17\/education-des-etudiants-de-luniversite-general-lansana-conte-de-sonfonia-manifestent-contre-la-hausse-du-prix-de-linscription-et-de-la-reinscription\/#article\",\"isPartOf\":{\"@id\":\"https:\/\/guineediversite.com\/index.php\/2020\/12\/17\/education-des-etudiants-de-luniversite-general-lansana-conte-de-sonfonia-manifestent-contre-la-hausse-du-prix-de-linscription-et-de-la-reinscription\/\"},\"author\":{\"name\":\"Morcire Camara\",\"@id\":\"https:\/\/guineediversite.com\/#\/schema\/person\/fa362494c47202ce4b3adf55abcc9d01\"},\"headline\":\"\u00c9ducation : Des \u00e9tudiants de l\u2019universit\u00e9 g\u00e9n\u00e9ral Lansana Cont\u00e9 de Sonfonia manifestent\",\"datePublished\":\"2020-12-17T13:17:55+00:00\",\"dateModified\":\"2020-12-17T13:36:53+00:00\",\"mainEntityOfPage\":{\"@id\":\"https:\/\/guineediversite.com\/index.php\/2020\/12\/17\/education-des-etudiants-de-luniversite-general-lansana-conte-de-sonfonia-manifestent-contre-la-hausse-du-prix-de-linscription-et-de-la-reinscription\/\"},\"wordCount\":358,\"publisher\":{\"@id\":\"https:\/\/guineediversite.com\/#organization\"},\"image\":{\"@id\":\"https:\/\/guineediversite.com\/index.php\/2020\/12\/17\/education-des-etudiants-de-luniversite-general-lansana-conte-de-sonfonia-manifestent-contre-la-hausse-du-prix-de-linscription-et-de-la-reinscription\/#primaryimage\"},\"thumbnailUrl\":\"https:\/\/guineediversite.com\/wp-content\/uploads\/2020\/12\/IMG-20201217-WA0005.jpg\",\"articleSection\":[\"Derni\u00e8re minute\",\"Soci\u00e9t\u00e9\"],\"inLanguage\":\"fr-FR\"},{\"@type\":\"WebPage\",\"@id\":\"https:\/\/guineediversite.com\/index.php\/2020\/12\/17\/education-des-etudiants-de-luniversite-general-lansana-conte-de-sonfonia-manifestent-contre-la-hausse-du-prix-de-linscription-et-de-la-reinscription\/\",\"url\":\"https:\/\/guineediversite.com\/index.php\/2020\/12\/17\/education-des-etudiants-de-luniversite-general-lansana-conte-de-sonfonia-manifestent-contre-la-hausse-du-prix-de-linscription-et-de-la-reinscription\/\",\"name\":\"\u00c9ducation : Des \u00e9tudiants de l\u2019universit\u00e9 g\u00e9n\u00e9ral Lansana Cont\u00e9 de Sonfonia manifestent | Guin\u00e9e Diversit\u00e9\",\"isPartOf\":{\"@id\":\"https:\/\/guineediversite.com\/#website\"},\"primaryImageOfPage\":{\"@id\":\"https:\/\/guineediversite.com\/index.php\/2020\/12\/17\/education-des-etudiants-de-luniversite-general-lansana-conte-de-sonfonia-manifestent-contre-la-hausse-du-prix-de-linscription-et-de-la-reinscription\/#primaryimage\"},\"image\":{\"@id\":\"https:\/\/guineediversite.com\/index.php\/2020\/12\/17\/education-des-etudiants-de-luniversite-general-lansana-conte-de-sonfonia-manifestent-contre-la-hausse-du-prix-de-linscription-et-de-la-reinscription\/#primaryimage\"},\"thumbnailUrl\":\"https:\/\/guineediversite.com\/wp-content\/uploads\/2020\/12\/IMG-20201217-WA0005.jpg\",\"datePublished\":\"2020-12-17T13:17:55+00:00\",\"dateModified\":\"2020-12-17T13:36:53+00:00\",\"breadcrumb\":{\"@id\":\"https:\/\/guineediversite.com\/index.php\/2020\/12\/17\/education-des-etudiants-de-luniversite-general-lansana-conte-de-sonfonia-manifestent-contre-la-hausse-du-prix-de-linscription-et-de-la-reinscription\/#breadcrumb\"},\"inLanguage\":\"fr-FR\",\"potentialAction\":[{\"@type\":\"ReadAction\",\"target\":[\"https:\/\/guineediversite.com\/index.php\/2020\/12\/17\/education-des-etudiants-de-luniversite-general-lansana-conte-de-sonfonia-manifestent-contre-la-hausse-du-prix-de-linscription-et-de-la-reinscription\/\"]}]},{\"@type\":\"ImageObject\",\"inLanguage\":\"fr-FR\",\"@id\":\"https:\/\/guineediversite.com\/index.php\/2020\/12\/17\/education-des-etudiants-de-luniversite-general-lansana-conte-de-sonfonia-manifestent-contre-la-hausse-du-prix-de-linscription-et-de-la-reinscription\/#primaryimage\",\"url\":\"https:\/\/guineediversite.com\/wp-content\/uploads\/2020\/12\/IMG-20201217-WA0005.jpg\",\"contentUrl\":\"https:\/\/guineediversite.com\/wp-content\/uploads\/2020\/12\/IMG-20201217-WA0005.jpg\",\"width\":1125,\"height\":1500},{\"@type\":\"BreadcrumbList\",\"@id\":\"https:\/\/guineediversite.com\/index.php\/2020\/12\/17\/education-des-etudiants-de-luniversite-general-lansana-conte-de-sonfonia-manifestent-contre-la-hausse-du-prix-de-linscription-et-de-la-reinscription\/#breadcrumb\",\"itemListElement\":[{\"@type\":\"ListItem\",\"position\":1,\"name\":\"Accueil\",\"item\":\"https:\/\/guineediversite.com\/\"},{\"@type\":\"ListItem\",\"position\":2,\"name\":\"\u00c9ducation : Des \u00e9tudiants de l\u2019universit\u00e9 g\u00e9n\u00e9ral Lansana Cont\u00e9 de Sonfonia manifestent\"}]},{\"@type\":\"WebSite\",\"@id\":\"https:\/\/guineediversite.com\/#website\",\"url\":\"https:\/\/guineediversite.com\/\",\"name\":\"Guin\u00e9e Diversit\u00e9\",\"description\":\"L&#039;Info dans toute sa diversit\u00e9\",\"publisher\":{\"@id\":\"https:\/\/guineediversite.com\/#organization\"},\"potentialAction\":[{\"@type\":\"SearchAction\",\"target\":{\"@type\":\"EntryPoint\",\"urlTemplate\":\"https:\/\/guineediversite.com\/?s={search_term_string}\"},\"query-input\":{\"@type\":\"PropertyValueSpecification\",\"valueRequired\":true,\"valueName\":\"search_term_string\"}}],\"inLanguage\":\"fr-FR\"},{\"@type\":\"Organization\",\"@id\":\"https:\/\/guineediversite.com\/#organization\",\"name\":\"Guin\u00e9e Diversit\u00e9\",\"url\":\"https:\/\/guineediversite.com\/\",\"logo\":{\"@type\":\"ImageObject\",\"inLanguage\":\"fr-FR\",\"@id\":\"https:\/\/guineediversite.com\/#\/schema\/logo\/image\/\",\"url\":\"https:\/\/guineediversite.com\/wp-content\/uploads\/2017\/04\/cropped-1jojlxEOMkX9Wyqfhe43D6kjPOGqBBKmx3EwWJqZ0cMrFF54yM49.png\",\"contentUrl\":\"https:\/\/guineediversite.com\/wp-content\/uploads\/2017\/04\/cropped-1jojlxEOMkX9Wyqfhe43D6kjPOGqBBKmx3EwWJqZ0cMrFF54yM49.png\",\"width\":186,\"height\":112,\"caption\":\"Guin\u00e9e Diversit\u00e9\"},\"image\":{\"@id\":\"https:\/\/guineediversite.com\/#\/schema\/logo\/image\/\"},\"sameAs\":[\"https:\/\/www.facebook.com\/guineediversite\/\",\"https:\/\/x.com\/GuineeDiversite\",\"https:\/\/www.youtube.com\/channel\/UC8sUY16qelG5ge6_D5SB83g\"]},{\"@type\":\"Person\",\"@id\":\"https:\/\/guineediversite.com\/#\/schema\/person\/fa362494c47202ce4b3adf55abcc9d01\",\"name\":\"Morcire Camara\",\"image\":{\"@type\":\"ImageObject\",\"inLanguage\":\"fr-FR\",\"@id\":\"https:\/\/guineediversite.com\/#\/schema\/person\/image\/\",\"url\":\"https:\/\/secure.gravatar.com\/avatar\/3ec324f02295bbcebe03d99b39330ab4?s=96&d=mm&r=g\",\"contentUrl\":\"https:\/\/secure.gravatar.com\/avatar\/3ec324f02295bbcebe03d99b39330ab4?s=96&d=mm&r=g\",\"caption\":\"Morcire Camara\"},\"url\":\"https:\/\/guineediversite.com\/index.php\/author\/morcire\/\"}]}<\/script>\n<!-- \/ Yoast SEO plugin. -->","yoast_head_json":{"title":"\u00c9ducation : Des \u00e9tudiants de l\u2019universit\u00e9 g\u00e9n\u00e9ral Lansana Cont\u00e9 de Sonfonia manifestent | Guin\u00e9e Diversit\u00e9","robots":{"index":"index","follow":"follow","max-snippet":"max-snippet:-1","max-image-preview":"max-image-preview:large","max-video-preview":"max-video-preview:-1"},"canonical":"https:\/\/guineediversite.com\/index.php\/2020\/12\/17\/education-des-etudiants-de-luniversite-general-lansana-conte-de-sonfonia-manifestent-contre-la-hausse-du-prix-de-linscription-et-de-la-reinscription\/","og_locale":"fr_FR","og_type":"article","og_title":"\u00c9ducation : Des \u00e9tudiants de l\u2019universit\u00e9 g\u00e9n\u00e9ral Lansana Cont\u00e9 de Sonfonia manifestent | Guin\u00e9e Diversit\u00e9","og_description":"Des \u00e9tudiants de l\u2019universit\u00e9 G\u00e9n\u00e9ral Lansana Cont\u00e9 de Sonfonia ont\u00a0 manifest\u00e9 ce jeudi. Ils protestent contre la hausse du prix de l\u2019inscription et la r\u00e9inscription pour cette ann\u00e9e universitaire. Selon Kabinet Keita , pr\u00e9sident de l\u2019association scolaire et estudiantine de Guin\u00e9e,\u00a0 membre de la coalition pour la d\u00e9fense des droits des \u00e9tudiants , le d\u00e9partement [&hellip;]","og_url":"https:\/\/guineediversite.com\/index.php\/2020\/12\/17\/education-des-etudiants-de-luniversite-general-lansana-conte-de-sonfonia-manifestent-contre-la-hausse-du-prix-de-linscription-et-de-la-reinscription\/","og_site_name":"Guin\u00e9e Diversit\u00e9","article_publisher":"https:\/\/www.facebook.com\/guineediversite\/","article_published_time":"2020-12-17T13:17:55+00:00","article_modified_time":"2020-12-17T13:36:53+00:00","og_image":[{"width":1125,"height":1500,"url":"https:\/\/guineediversite.com\/wp-content\/uploads\/2020\/12\/IMG-20201217-WA0005.jpg","type":"image\/jpeg"}],"author":"Morcire Camara","twitter_card":"summary_large_image","twitter_creator":"@GuineeDiversite","twitter_site":"@GuineeDiversite","twitter_misc":{"\u00c9crit par":"Morcire Camara","Dur\u00e9e de lecture estim\u00e9e":"2 minutes"},"schema":{"@context":"https:\/\/schema.org","@graph":[{"@type":"Article","@id":"https:\/\/guineediversite.com\/index.php\/2020\/12\/17\/education-des-etudiants-de-luniversite-general-lansana-conte-de-sonfonia-manifestent-contre-la-hausse-du-prix-de-linscription-et-de-la-reinscription\/#article","isPartOf":{"@id":"https:\/\/guineediversite.com\/index.php\/2020\/12\/17\/education-des-etudiants-de-luniversite-general-lansana-conte-de-sonfonia-manifestent-contre-la-hausse-du-prix-de-linscription-et-de-la-reinscription\/"},"author":{"name":"Morcire Camara","@id":"https:\/\/guineediversite.com\/#\/schema\/person\/fa362494c47202ce4b3adf55abcc9d01"},"headline":"\u00c9ducation : Des \u00e9tudiants de l\u2019universit\u00e9 g\u00e9n\u00e9ral Lansana Cont\u00e9 de Sonfonia manifestent","datePublished":"2020-12-17T13:17:55+00:00","dateModified":"2020-12-17T13:36:53+00:00","mainEntityOfPage":{"@id":"https:\/\/guineediversite.com\/index.php\/2020\/12\/17\/education-des-etudiants-de-luniversite-general-lansana-conte-de-sonfonia-manifestent-contre-la-hausse-du-prix-de-linscription-et-de-la-reinscription\/"},"wordCount":358,"publisher":{"@id":"https:\/\/guineediversite.com\/#organization"},"image":{"@id":"https:\/\/guineediversite.com\/index.php\/2020\/12\/17\/education-des-etudiants-de-luniversite-general-lansana-conte-de-sonfonia-manifestent-contre-la-hausse-du-prix-de-linscription-et-de-la-reinscription\/#primaryimage"},"thumbnailUrl":"https:\/\/guineediversite.com\/wp-content\/uploads\/2020\/12\/IMG-20201217-WA0005.jpg","articleSection":["Derni\u00e8re minute","Soci\u00e9t\u00e9"],"inLanguage":"fr-FR"},{"@type":"WebPage","@id":"https:\/\/guineediversite.com\/index.php\/2020\/12\/17\/education-des-etudiants-de-luniversite-general-lansana-conte-de-sonfonia-manifestent-contre-la-hausse-du-prix-de-linscription-et-de-la-reinscription\/","url":"https:\/\/guineediversite.com\/index.php\/2020\/12\/17\/education-des-etudiants-de-luniversite-general-lansana-conte-de-sonfonia-manifestent-contre-la-hausse-du-prix-de-linscription-et-de-la-reinscription\/","name":"\u00c9ducation : Des \u00e9tudiants de l\u2019universit\u00e9 g\u00e9n\u00e9ral Lansana Cont\u00e9 de Sonfonia manifestent | Guin\u00e9e Diversit\u00e9","isPartOf":{"@id":"https:\/\/guineediversite.com\/#website"},"primaryImageOfPage":{"@id":"https:\/\/guineediversite.com\/index.php\/2020\/12\/17\/education-des-etudiants-de-luniversite-general-lansana-conte-de-sonfonia-manifestent-contre-la-hausse-du-prix-de-linscription-et-de-la-reinscription\/#primaryimage"},"image":{"@id":"https:\/\/guineediversite.com\/index.php\/2020\/12\/17\/education-des-etudiants-de-luniversite-general-lansana-conte-de-sonfonia-manifestent-contre-la-hausse-du-prix-de-linscription-et-de-la-reinscription\/#primaryimage"},"thumbnailUrl":"https:\/\/guineediversite.com\/wp-content\/uploads\/2020\/12\/IMG-20201217-WA0005.jpg","datePublished":"2020-12-17T13:17:55+00:00","dateModified":"2020-12-17T13:36:53+00:00","breadcrumb":{"@id":"https:\/\/guineediversite.com\/index.php\/2020\/12\/17\/education-des-etudiants-de-luniversite-general-lansana-conte-de-sonfonia-manifestent-contre-la-hausse-du-prix-de-linscription-et-de-la-reinscription\/#breadcrumb"},"inLanguage":"fr-FR","potentialAction":[{"@type":"ReadAction","target":["https:\/\/guineediversite.com\/index.php\/2020\/12\/17\/education-des-etudiants-de-luniversite-general-lansana-conte-de-sonfonia-manifestent-contre-la-hausse-du-prix-de-linscription-et-de-la-reinscription\/"]}]},{"@type":"ImageObject","inLanguage":"fr-FR","@id":"https:\/\/guineediversite.com\/index.php\/2020\/12\/17\/education-des-etudiants-de-luniversite-general-lansana-conte-de-sonfonia-manifestent-contre-la-hausse-du-prix-de-linscription-et-de-la-reinscription\/#primaryimage","url":"https:\/\/guineediversite.com\/wp-content\/uploads\/2020\/12\/IMG-20201217-WA0005.jpg","contentUrl":"https:\/\/guineediversite.com\/wp-content\/uploads\/2020\/12\/IMG-20201217-WA0005.jpg","width":1125,"height":1500},{"@type":"BreadcrumbList","@id":"https:\/\/guineediversite.com\/index.php\/2020\/12\/17\/education-des-etudiants-de-luniversite-general-lansana-conte-de-sonfonia-manifestent-contre-la-hausse-du-prix-de-linscription-et-de-la-reinscription\/#breadcrumb","itemListElement":[{"@type":"ListItem","position":1,"name":"Accueil","item":"https:\/\/guineediversite.com\/"},{"@type":"ListItem","position":2,"name":"\u00c9ducation : Des \u00e9tudiants de l\u2019universit\u00e9 g\u00e9n\u00e9ral Lansana Cont\u00e9 de Sonfonia manifestent"}]},{"@type":"WebSite","@id":"https:\/\/guineediversite.com\/#website","url":"https:\/\/guineediversite.com\/","name":"Guin\u00e9e Diversit\u00e9","description":"L&#039;Info dans toute sa diversit\u00e9","publisher":{"@id":"https:\/\/guineediversite.com\/#organization"},"potentialAction":[{"@type":"SearchAction","target":{"@type":"EntryPoint","urlTemplate":"https:\/\/guineediversite.com\/?s={search_term_string}"},"query-input":{"@type":"PropertyValueSpecification","valueRequired":true,"valueName":"search_term_string"}}],"inLanguage":"fr-FR"},{"@type":"Organization","@id":"https:\/\/guineediversite.com\/#organization","name":"Guin\u00e9e Diversit\u00e9","url":"https:\/\/guineediversite.com\/","logo":{"@type":"ImageObject","inLanguage":"fr-FR","@id":"https:\/\/guineediversite.com\/#\/schema\/logo\/image\/","url":"https:\/\/guineediversite.com\/wp-content\/uploads\/2017\/04\/cropped-1jojlxEOMkX9Wyqfhe43D6kjPOGqBBKmx3EwWJqZ0cMrFF54yM49.png","contentUrl":"https:\/\/guineediversite.com\/wp-content\/uploads\/2017\/04\/cropped-1jojlxEOMkX9Wyqfhe43D6kjPOGqBBKmx3EwWJqZ0cMrFF54yM49.png","width":186,"height":112,"caption":"Guin\u00e9e Diversit\u00e9"},"image":{"@id":"https:\/\/guineediversite.com\/#\/schema\/logo\/image\/"},"sameAs":["https:\/\/www.facebook.com\/guineediversite\/","https:\/\/x.com\/GuineeDiversite","https:\/\/www.youtube.com\/channel\/UC8sUY16qelG5ge6_D5SB83g"]},{"@type":"Person","@id":"https:\/\/guineediversite.com\/#\/schema\/person\/fa362494c47202ce4b3adf55abcc9d01","name":"Morcire Camara","image":{"@type":"ImageObject","inLanguage":"fr-FR","@id":"https:\/\/guineediversite.com\/#\/schema\/person\/image\/","url":"https:\/\/secure.gravatar.com\/avatar\/3ec324f02295bbcebe03d99b39330ab4?s=96&d=mm&r=g","contentUrl":"https:\/\/secure.gravatar.com\/avatar\/3ec324f02295bbcebe03d99b39330ab4?s=96&d=mm&r=g","caption":"Morcire Camara"},"url":"https:\/\/guineediversite.com\/index.php\/author\/morcire\/"}]}},"_links":{"self":[{"href":"https:\/\/guineediversite.com\/index.php\/wp-json\/wp\/v2\/posts\/30588"}],"collection":[{"href":"https:\/\/guineediversite.com\/index.php\/wp-json\/wp\/v2\/posts"}],"about":[{"href":"https:\/\/guineediversite.com\/index.php\/wp-json\/wp\/v2\/types\/post"}],"author":[{"embeddable":true,"href":"https:\/\/guineediversite.com\/index.php\/wp-json\/wp\/v2\/users\/10"}],"replies":[{"embeddable":true,"href":"https:\/\/guineediversite.com\/index.php\/wp-json\/wp\/v2\/comments?post=30588"}],"version-history":[{"count":4,"href":"https:\/\/guineediversite.com\/index.php\/wp-json\/wp\/v2\/posts\/30588\/revisions"}],"predecessor-version":[{"id":30594,"href":"https:\/\/guineediversite.com\/index.php\/wp-json\/wp\/v2\/posts\/30588\/revisions\/30594"}],"wp:featuredmedia":[{"embeddable":true,"href":"https:\/\/guineediversite.com\/index.php\/wp-json\/wp\/v2\/media\/30589"}],"wp:attachment":[{"href":"https:\/\/guineediversite.com\/index.php\/wp-json\/wp\/v2\/media?parent=30588"}],"wp:term":[{"taxonomy":"category","embeddable":true,"href":"https:\/\/guineediversite.com\/index.php\/wp-json\/wp\/v2\/categories?post=30588"},{"taxonomy":"post_tag","embeddable":true,"href":"https:\/\/guineediversite.com\/index.php\/wp-json\/wp\/v2\/tags?post=30588"}],"curies":[{"name":"wp","href":"https:\/\/api.w.org\/{rel}","templated":true}]}}