{"id":30584,"date":"2020-12-15T15:50:35","date_gmt":"2020-12-15T14:50:35","guid":{"rendered":"https:\/\/guineediversite.com\/?p=30584"},"modified":"2020-12-15T15:52:17","modified_gmt":"2020-12-15T14:52:17","slug":"discours-dalpha-conde-je-suis-le-president-de-tous-les-guineens","status":"publish","type":"post","link":"https:\/\/guineediversite.com\/index.php\/2020\/12\/15\/discours-dalpha-conde-je-suis-le-president-de-tous-les-guineens\/","title":{"rendered":"Discours d&rsquo;Alpha Cond\u00e9: \u00ab\u00a0Je suis le pr\u00e9sident de tous les Guin\u00e9ens\u00a0\u00bb"},"content":{"rendered":"<p><strong>Alpha Cond\u00e9 le pr\u00e9sident Guin\u00e9en a pr\u00eat\u00e9 serment pour la troisi\u00e8me fois sur la constitution guin\u00e9enne \u00e0 l&rsquo;occasion de son investiture qui s&rsquo;est tenue ce mardi 15 d\u00e9cembre 2020 devant 11 chefs d&rsquo;Etat africain et une centaine d&rsquo;invit\u00e9s.<\/strong><\/p>\n<p>Dans son discourt le pr\u00e9sident Alpha Cond\u00e9 a pris l&rsquo;engagement d&rsquo;\u0153uvrer pour la paix et le d\u00e9veloppement tout en rassurant que personne ne sera oubli\u00e9.<\/p>\n<blockquote><p>Oublier \u00ab\u00a0<em>le pass\u00e9 qui divise<\/em>\u00ab\u00a0, au profit d&rsquo;un avenir d&rsquo;unit\u00e9 et d&rsquo;esp\u00e9rances<\/p><\/blockquote>\n<p>\u00ab<em>Je r\u00e9it\u00e8re devant la nation mon engagement de continuer \u00e0 \u0153uvrer pour tous,\u00a0\u00a0\u00a0en cette phase de\u00a0\u00a0notre histoire et pour notre\u00a0\u00a0avenir commun,\u00a0\u00a0car le pays \u00a0a besoin d&rsquo;un v\u00e9ritable sursaut national,\u00a0\u00a0dans l\u2019objectif de consolider notre pacte r\u00e9publicain<\/em>\u00bb, a d\u00e9clar\u00e9 Alpha Cond\u00e9 avant d&rsquo;ajouter: \u00ab<em>je suis le Pr\u00e9sident de tous les Guin\u00e9ens, au service de tous les Guin\u00e9ens. \u00a0Dans la\u00a0\u00a0r\u00e9alisation de notre id\u00e9al commun, personne ne sera oubli\u00e9, \u00a0aucune partie du pays ne sera exclue. Chaque Guin\u00e9en aura sa place, car c&rsquo;est ensemble que nous pourrons surmonter les difficult\u00e9s<\/em>.\u00bb<\/p>\n<h3><em>Chacun doit respecter la loi<\/em><\/h3>\n<p>Le pr\u00e9sident guin\u00e9en dit croire aux vertus du dialogue et de la concertation qu&rsquo;il a acquis depuis longtemps, la conviction que la Guin\u00e9e se fera avec tous. \u00ab<em>Mais chacun doit respecter la loi et soustraire la violence de notre environnement, afin que notre pays\u00a0\u00a0demeure une soci\u00e9t\u00e9 de libert\u00e9<\/em>.\u00bb<\/p>\n<blockquote><p><em>Je mesure le poids des exigences, le poids des attentes sociales qui p\u00e8sent sur ma fonction<\/em><\/p><\/blockquote>\n<p>Pour cela, Alpha Cond\u00e9 exhorte chaque Guin\u00e9en \u00e0 oublier \u00ab\u00a0<em>le pass\u00e9 qui divise<\/em>\u00ab\u00a0, au profit d&rsquo;un avenir d&rsquo;unit\u00e9 et d&rsquo;esp\u00e9rances.\u00a0 \u00abC\u2019est le devoir\u00a0\u00a0qui nous incombe \u00e0 chacun d\u2019entre nous.<\/p>\n<p>\u00ab<em>Je mesure le poids des exigences, le poids des attentes sociales qui p\u00e8sent sur ma fonction.\u00a0\u00a0Je sais l\u2019engagement pris avec chacun d\u2019entre vous en faveur d\u2019un pacte r\u00e9publicain, celui de Gouverner autrement<\/em>\u00bb poursuit le Pr\u00e9sident Alpha Cond\u00e9.<\/p>\n<p>Alpha Cond\u00e9 se dit\u00a0 d\u00e9termin\u00e9 \u00e0 lutter, sans merci, \u00a0contre l&rsquo;impunit\u00e9, \u00a0la corruption, \u00a0la gabegie financi\u00e8re, tous les travers qui minent notre soci\u00e9t\u00e9, freinent notre \u00e9lan \u00a0de d\u00e9veloppement \u00e9conomique et social.<\/p>\n","protected":false},"excerpt":{"rendered":"<p>Alpha Cond\u00e9 le pr\u00e9sident Guin\u00e9en a pr\u00eat\u00e9 serment pour la troisi\u00e8me fois sur la constitution guin\u00e9enne \u00e0 l&rsquo;occasion de son investiture qui s&rsquo;est tenue ce mardi 15 d\u00e9cembre 2020 devant 11 chefs d&rsquo;Etat africain et une centaine d&rsquo;invit\u00e9s. Dans son discourt le pr\u00e9sident Alpha Cond\u00e9 a pris l&rsquo;engagement d&rsquo;\u0153uvrer pour la paix et le d\u00e9veloppement [&hellip;]<\/p>\n","protected":false},"author":6,"featured_media":30585,"comment_status":"closed","ping_status":"open","sticky":false,"template":"","format":"standard","meta":{"_exactmetrics_skip_tracking":false,"_exactmetrics_sitenote_active":false,"_exactmetrics_sitenote_note":"","_exactmetrics_sitenote_category":0,"tdm_status":"","tdm_grid_status":"","footnotes":""},"categories":[254,14],"tags":[226,41,466],"class_list":{"0":"post-30584","1":"post","2":"type-post","3":"status-publish","4":"format-standard","5":"has-post-thumbnail","7":"category-derniere-minute","8":"category-politique","9":"tag-alpha-conde","10":"tag-guinee","11":"tag-investiture"},"yoast_head":"<!-- This site is optimized with the Yoast SEO plugin v24.2 - https:\/\/yoast.com\/wordpress\/plugins\/seo\/ -->\n<title>Discours d&#039;Alpha Cond\u00e9: &quot;Je suis le pr\u00e9sident de tous les Guin\u00e9ens&quot; | Guin\u00e9e Diversit\u00e9<\/title>\n<meta name=\"robots\" content=\"index, follow, max-snippet:-1, max-image-preview:large, max-video-preview:-1\" \/>\n<link rel=\"canonical\" href=\"https:\/\/guineediversite.com\/index.php\/2020\/12\/15\/discours-dalpha-conde-je-suis-le-president-de-tous-les-guineens\/\" \/>\n<meta property=\"og:locale\" content=\"fr_FR\" \/>\n<meta property=\"og:type\" content=\"article\" \/>\n<meta property=\"og:title\" content=\"Discours d&#039;Alpha Cond\u00e9: &quot;Je suis le pr\u00e9sident de tous les Guin\u00e9ens&quot; | Guin\u00e9e Diversit\u00e9\" \/>\n<meta property=\"og:description\" content=\"Alpha Cond\u00e9 le pr\u00e9sident Guin\u00e9en a pr\u00eat\u00e9 serment pour la troisi\u00e8me fois sur la constitution guin\u00e9enne \u00e0 l&rsquo;occasion de son investiture qui s&rsquo;est tenue ce mardi 15 d\u00e9cembre 2020 devant 11 chefs d&rsquo;Etat africain et une centaine d&rsquo;invit\u00e9s. Dans son discourt le pr\u00e9sident Alpha Cond\u00e9 a pris l&rsquo;engagement d&rsquo;\u0153uvrer pour la paix et le d\u00e9veloppement [&hellip;]\" \/>\n<meta property=\"og:url\" content=\"https:\/\/guineediversite.com\/index.php\/2020\/12\/15\/discours-dalpha-conde-je-suis-le-president-de-tous-les-guineens\/\" \/>\n<meta property=\"og:site_name\" content=\"Guin\u00e9e Diversit\u00e9\" \/>\n<meta property=\"article:publisher\" content=\"https:\/\/www.facebook.com\/guineediversite\/\" \/>\n<meta property=\"article:published_time\" content=\"2020-12-15T14:50:35+00:00\" \/>\n<meta property=\"article:modified_time\" content=\"2020-12-15T14:52:17+00:00\" \/>\n<meta property=\"og:image\" content=\"https:\/\/guineediversite.com\/wp-content\/uploads\/2020\/12\/Alpha-_conde_serment.jpeg\" \/>\n\t<meta property=\"og:image:width\" content=\"1080\" \/>\n\t<meta property=\"og:image:height\" content=\"720\" \/>\n\t<meta property=\"og:image:type\" content=\"image\/jpeg\" \/>\n<meta name=\"author\" content=\"TMB\" \/>\n<meta name=\"twitter:card\" content=\"summary_large_image\" \/>\n<meta name=\"twitter:creator\" content=\"@TmoussaBah\" \/>\n<meta name=\"twitter:site\" content=\"@GuineeDiversite\" \/>\n<meta name=\"twitter:label1\" content=\"\u00c9crit par\" \/>\n\t<meta name=\"twitter:data1\" content=\"TMB\" \/>\n\t<meta name=\"twitter:label2\" content=\"Dur\u00e9e de lecture estim\u00e9e\" \/>\n\t<meta name=\"twitter:data2\" content=\"2 minutes\" \/>\n<script type=\"application\/ld+json\" class=\"yoast-schema-graph\">{\"@context\":\"https:\/\/schema.org\",\"@graph\":[{\"@type\":\"Article\",\"@id\":\"https:\/\/guineediversite.com\/index.php\/2020\/12\/15\/discours-dalpha-conde-je-suis-le-president-de-tous-les-guineens\/#article\",\"isPartOf\":{\"@id\":\"https:\/\/guineediversite.com\/index.php\/2020\/12\/15\/discours-dalpha-conde-je-suis-le-president-de-tous-les-guineens\/\"},\"author\":{\"name\":\"TMB\",\"@id\":\"https:\/\/guineediversite.com\/#\/schema\/person\/93f07b8b19c6b61656d0edeba739b9e2\"},\"headline\":\"Discours d&rsquo;Alpha Cond\u00e9: \u00ab\u00a0Je suis le pr\u00e9sident de tous les Guin\u00e9ens\u00a0\u00bb\",\"datePublished\":\"2020-12-15T14:50:35+00:00\",\"dateModified\":\"2020-12-15T14:52:17+00:00\",\"mainEntityOfPage\":{\"@id\":\"https:\/\/guineediversite.com\/index.php\/2020\/12\/15\/discours-dalpha-conde-je-suis-le-president-de-tous-les-guineens\/\"},\"wordCount\":401,\"publisher\":{\"@id\":\"https:\/\/guineediversite.com\/#organization\"},\"image\":{\"@id\":\"https:\/\/guineediversite.com\/index.php\/2020\/12\/15\/discours-dalpha-conde-je-suis-le-president-de-tous-les-guineens\/#primaryimage\"},\"thumbnailUrl\":\"https:\/\/guineediversite.com\/wp-content\/uploads\/2020\/12\/Alpha-_conde_serment.jpeg\",\"keywords\":[\"Alpha Cond\u00e9\",\"Guin\u00e9e\",\"Investiture\"],\"articleSection\":[\"Derni\u00e8re minute\",\"Politique\"],\"inLanguage\":\"fr-FR\"},{\"@type\":\"WebPage\",\"@id\":\"https:\/\/guineediversite.com\/index.php\/2020\/12\/15\/discours-dalpha-conde-je-suis-le-president-de-tous-les-guineens\/\",\"url\":\"https:\/\/guineediversite.com\/index.php\/2020\/12\/15\/discours-dalpha-conde-je-suis-le-president-de-tous-les-guineens\/\",\"name\":\"Discours d'Alpha Cond\u00e9: \\\"Je suis le pr\u00e9sident de tous les Guin\u00e9ens\\\" | Guin\u00e9e Diversit\u00e9\",\"isPartOf\":{\"@id\":\"https:\/\/guineediversite.com\/#website\"},\"primaryImageOfPage\":{\"@id\":\"https:\/\/guineediversite.com\/index.php\/2020\/12\/15\/discours-dalpha-conde-je-suis-le-president-de-tous-les-guineens\/#primaryimage\"},\"image\":{\"@id\":\"https:\/\/guineediversite.com\/index.php\/2020\/12\/15\/discours-dalpha-conde-je-suis-le-president-de-tous-les-guineens\/#primaryimage\"},\"thumbnailUrl\":\"https:\/\/guineediversite.com\/wp-content\/uploads\/2020\/12\/Alpha-_conde_serment.jpeg\",\"datePublished\":\"2020-12-15T14:50:35+00:00\",\"dateModified\":\"2020-12-15T14:52:17+00:00\",\"breadcrumb\":{\"@id\":\"https:\/\/guineediversite.com\/index.php\/2020\/12\/15\/discours-dalpha-conde-je-suis-le-president-de-tous-les-guineens\/#breadcrumb\"},\"inLanguage\":\"fr-FR\",\"potentialAction\":[{\"@type\":\"ReadAction\",\"target\":[\"https:\/\/guineediversite.com\/index.php\/2020\/12\/15\/discours-dalpha-conde-je-suis-le-president-de-tous-les-guineens\/\"]}]},{\"@type\":\"ImageObject\",\"inLanguage\":\"fr-FR\",\"@id\":\"https:\/\/guineediversite.com\/index.php\/2020\/12\/15\/discours-dalpha-conde-je-suis-le-president-de-tous-les-guineens\/#primaryimage\",\"url\":\"https:\/\/guineediversite.com\/wp-content\/uploads\/2020\/12\/Alpha-_conde_serment.jpeg\",\"contentUrl\":\"https:\/\/guineediversite.com\/wp-content\/uploads\/2020\/12\/Alpha-_conde_serment.jpeg\",\"width\":1080,\"height\":720},{\"@type\":\"BreadcrumbList\",\"@id\":\"https:\/\/guineediversite.com\/index.php\/2020\/12\/15\/discours-dalpha-conde-je-suis-le-president-de-tous-les-guineens\/#breadcrumb\",\"itemListElement\":[{\"@type\":\"ListItem\",\"position\":1,\"name\":\"Accueil\",\"item\":\"https:\/\/guineediversite.com\/\"},{\"@type\":\"ListItem\",\"position\":2,\"name\":\"Discours d&rsquo;Alpha Cond\u00e9: \u00ab\u00a0Je suis le pr\u00e9sident de tous les Guin\u00e9ens\u00a0\u00bb\"}]},{\"@type\":\"WebSite\",\"@id\":\"https:\/\/guineediversite.com\/#website\",\"url\":\"https:\/\/guineediversite.com\/\",\"name\":\"Guin\u00e9e Diversit\u00e9\",\"description\":\"L&#039;Info dans toute sa diversit\u00e9\",\"publisher\":{\"@id\":\"https:\/\/guineediversite.com\/#organization\"},\"potentialAction\":[{\"@type\":\"SearchAction\",\"target\":{\"@type\":\"EntryPoint\",\"urlTemplate\":\"https:\/\/guineediversite.com\/?s={search_term_string}\"},\"query-input\":{\"@type\":\"PropertyValueSpecification\",\"valueRequired\":true,\"valueName\":\"search_term_string\"}}],\"inLanguage\":\"fr-FR\"},{\"@type\":\"Organization\",\"@id\":\"https:\/\/guineediversite.com\/#organization\",\"name\":\"Guin\u00e9e Diversit\u00e9\",\"url\":\"https:\/\/guineediversite.com\/\",\"logo\":{\"@type\":\"ImageObject\",\"inLanguage\":\"fr-FR\",\"@id\":\"https:\/\/guineediversite.com\/#\/schema\/logo\/image\/\",\"url\":\"https:\/\/guineediversite.com\/wp-content\/uploads\/2017\/04\/cropped-1jojlxEOMkX9Wyqfhe43D6kjPOGqBBKmx3EwWJqZ0cMrFF54yM49.png\",\"contentUrl\":\"https:\/\/guineediversite.com\/wp-content\/uploads\/2017\/04\/cropped-1jojlxEOMkX9Wyqfhe43D6kjPOGqBBKmx3EwWJqZ0cMrFF54yM49.png\",\"width\":186,\"height\":112,\"caption\":\"Guin\u00e9e Diversit\u00e9\"},\"image\":{\"@id\":\"https:\/\/guineediversite.com\/#\/schema\/logo\/image\/\"},\"sameAs\":[\"https:\/\/www.facebook.com\/guineediversite\/\",\"https:\/\/x.com\/GuineeDiversite\",\"https:\/\/www.youtube.com\/channel\/UC8sUY16qelG5ge6_D5SB83g\"]},{\"@type\":\"Person\",\"@id\":\"https:\/\/guineediversite.com\/#\/schema\/person\/93f07b8b19c6b61656d0edeba739b9e2\",\"name\":\"TMB\",\"image\":{\"@type\":\"ImageObject\",\"inLanguage\":\"fr-FR\",\"@id\":\"https:\/\/guineediversite.com\/#\/schema\/person\/image\/\",\"url\":\"https:\/\/secure.gravatar.com\/avatar\/2bbb03bec976020eaf4dfa0af0a5259f?s=96&d=mm&r=g\",\"contentUrl\":\"https:\/\/secure.gravatar.com\/avatar\/2bbb03bec976020eaf4dfa0af0a5259f?s=96&d=mm&r=g\",\"caption\":\"TMB\"},\"sameAs\":[\"https:\/\/x.com\/TmoussaBah\"],\"url\":\"https:\/\/guineediversite.com\/index.php\/author\/thierno\/\"}]}<\/script>\n<!-- \/ Yoast SEO plugin. -->","yoast_head_json":{"title":"Discours d'Alpha Cond\u00e9: \"Je suis le pr\u00e9sident de tous les Guin\u00e9ens\" | Guin\u00e9e Diversit\u00e9","robots":{"index":"index","follow":"follow","max-snippet":"max-snippet:-1","max-image-preview":"max-image-preview:large","max-video-preview":"max-video-preview:-1"},"canonical":"https:\/\/guineediversite.com\/index.php\/2020\/12\/15\/discours-dalpha-conde-je-suis-le-president-de-tous-les-guineens\/","og_locale":"fr_FR","og_type":"article","og_title":"Discours d'Alpha Cond\u00e9: \"Je suis le pr\u00e9sident de tous les Guin\u00e9ens\" | Guin\u00e9e Diversit\u00e9","og_description":"Alpha Cond\u00e9 le pr\u00e9sident Guin\u00e9en a pr\u00eat\u00e9 serment pour la troisi\u00e8me fois sur la constitution guin\u00e9enne \u00e0 l&rsquo;occasion de son investiture qui s&rsquo;est tenue ce mardi 15 d\u00e9cembre 2020 devant 11 chefs d&rsquo;Etat africain et une centaine d&rsquo;invit\u00e9s. Dans son discourt le pr\u00e9sident Alpha Cond\u00e9 a pris l&rsquo;engagement d&rsquo;\u0153uvrer pour la paix et le d\u00e9veloppement [&hellip;]","og_url":"https:\/\/guineediversite.com\/index.php\/2020\/12\/15\/discours-dalpha-conde-je-suis-le-president-de-tous-les-guineens\/","og_site_name":"Guin\u00e9e Diversit\u00e9","article_publisher":"https:\/\/www.facebook.com\/guineediversite\/","article_published_time":"2020-12-15T14:50:35+00:00","article_modified_time":"2020-12-15T14:52:17+00:00","og_image":[{"width":1080,"height":720,"url":"https:\/\/guineediversite.com\/wp-content\/uploads\/2020\/12\/Alpha-_conde_serment.jpeg","type":"image\/jpeg"}],"author":"TMB","twitter_card":"summary_large_image","twitter_creator":"@TmoussaBah","twitter_site":"@GuineeDiversite","twitter_misc":{"\u00c9crit par":"TMB","Dur\u00e9e de lecture estim\u00e9e":"2 minutes"},"schema":{"@context":"https:\/\/schema.org","@graph":[{"@type":"Article","@id":"https:\/\/guineediversite.com\/index.php\/2020\/12\/15\/discours-dalpha-conde-je-suis-le-president-de-tous-les-guineens\/#article","isPartOf":{"@id":"https:\/\/guineediversite.com\/index.php\/2020\/12\/15\/discours-dalpha-conde-je-suis-le-president-de-tous-les-guineens\/"},"author":{"name":"TMB","@id":"https:\/\/guineediversite.com\/#\/schema\/person\/93f07b8b19c6b61656d0edeba739b9e2"},"headline":"Discours d&rsquo;Alpha Cond\u00e9: \u00ab\u00a0Je suis le pr\u00e9sident de tous les Guin\u00e9ens\u00a0\u00bb","datePublished":"2020-12-15T14:50:35+00:00","dateModified":"2020-12-15T14:52:17+00:00","mainEntityOfPage":{"@id":"https:\/\/guineediversite.com\/index.php\/2020\/12\/15\/discours-dalpha-conde-je-suis-le-president-de-tous-les-guineens\/"},"wordCount":401,"publisher":{"@id":"https:\/\/guineediversite.com\/#organization"},"image":{"@id":"https:\/\/guineediversite.com\/index.php\/2020\/12\/15\/discours-dalpha-conde-je-suis-le-president-de-tous-les-guineens\/#primaryimage"},"thumbnailUrl":"https:\/\/guineediversite.com\/wp-content\/uploads\/2020\/12\/Alpha-_conde_serment.jpeg","keywords":["Alpha Cond\u00e9","Guin\u00e9e","Investiture"],"articleSection":["Derni\u00e8re minute","Politique"],"inLanguage":"fr-FR"},{"@type":"WebPage","@id":"https:\/\/guineediversite.com\/index.php\/2020\/12\/15\/discours-dalpha-conde-je-suis-le-president-de-tous-les-guineens\/","url":"https:\/\/guineediversite.com\/index.php\/2020\/12\/15\/discours-dalpha-conde-je-suis-le-president-de-tous-les-guineens\/","name":"Discours d'Alpha Cond\u00e9: \"Je suis le pr\u00e9sident de tous les Guin\u00e9ens\" | Guin\u00e9e Diversit\u00e9","isPartOf":{"@id":"https:\/\/guineediversite.com\/#website"},"primaryImageOfPage":{"@id":"https:\/\/guineediversite.com\/index.php\/2020\/12\/15\/discours-dalpha-conde-je-suis-le-president-de-tous-les-guineens\/#primaryimage"},"image":{"@id":"https:\/\/guineediversite.com\/index.php\/2020\/12\/15\/discours-dalpha-conde-je-suis-le-president-de-tous-les-guineens\/#primaryimage"},"thumbnailUrl":"https:\/\/guineediversite.com\/wp-content\/uploads\/2020\/12\/Alpha-_conde_serment.jpeg","datePublished":"2020-12-15T14:50:35+00:00","dateModified":"2020-12-15T14:52:17+00:00","breadcrumb":{"@id":"https:\/\/guineediversite.com\/index.php\/2020\/12\/15\/discours-dalpha-conde-je-suis-le-president-de-tous-les-guineens\/#breadcrumb"},"inLanguage":"fr-FR","potentialAction":[{"@type":"ReadAction","target":["https:\/\/guineediversite.com\/index.php\/2020\/12\/15\/discours-dalpha-conde-je-suis-le-president-de-tous-les-guineens\/"]}]},{"@type":"ImageObject","inLanguage":"fr-FR","@id":"https:\/\/guineediversite.com\/index.php\/2020\/12\/15\/discours-dalpha-conde-je-suis-le-president-de-tous-les-guineens\/#primaryimage","url":"https:\/\/guineediversite.com\/wp-content\/uploads\/2020\/12\/Alpha-_conde_serment.jpeg","contentUrl":"https:\/\/guineediversite.com\/wp-content\/uploads\/2020\/12\/Alpha-_conde_serment.jpeg","width":1080,"height":720},{"@type":"BreadcrumbList","@id":"https:\/\/guineediversite.com\/index.php\/2020\/12\/15\/discours-dalpha-conde-je-suis-le-president-de-tous-les-guineens\/#breadcrumb","itemListElement":[{"@type":"ListItem","position":1,"name":"Accueil","item":"https:\/\/guineediversite.com\/"},{"@type":"ListItem","position":2,"name":"Discours d&rsquo;Alpha Cond\u00e9: \u00ab\u00a0Je suis le pr\u00e9sident de tous les Guin\u00e9ens\u00a0\u00bb"}]},{"@type":"WebSite","@id":"https:\/\/guineediversite.com\/#website","url":"https:\/\/guineediversite.com\/","name":"Guin\u00e9e Diversit\u00e9","description":"L&#039;Info dans toute sa diversit\u00e9","publisher":{"@id":"https:\/\/guineediversite.com\/#organization"},"potentialAction":[{"@type":"SearchAction","target":{"@type":"EntryPoint","urlTemplate":"https:\/\/guineediversite.com\/?s={search_term_string}"},"query-input":{"@type":"PropertyValueSpecification","valueRequired":true,"valueName":"search_term_string"}}],"inLanguage":"fr-FR"},{"@type":"Organization","@id":"https:\/\/guineediversite.com\/#organization","name":"Guin\u00e9e Diversit\u00e9","url":"https:\/\/guineediversite.com\/","logo":{"@type":"ImageObject","inLanguage":"fr-FR","@id":"https:\/\/guineediversite.com\/#\/schema\/logo\/image\/","url":"https:\/\/guineediversite.com\/wp-content\/uploads\/2017\/04\/cropped-1jojlxEOMkX9Wyqfhe43D6kjPOGqBBKmx3EwWJqZ0cMrFF54yM49.png","contentUrl":"https:\/\/guineediversite.com\/wp-content\/uploads\/2017\/04\/cropped-1jojlxEOMkX9Wyqfhe43D6kjPOGqBBKmx3EwWJqZ0cMrFF54yM49.png","width":186,"height":112,"caption":"Guin\u00e9e Diversit\u00e9"},"image":{"@id":"https:\/\/guineediversite.com\/#\/schema\/logo\/image\/"},"sameAs":["https:\/\/www.facebook.com\/guineediversite\/","https:\/\/x.com\/GuineeDiversite","https:\/\/www.youtube.com\/channel\/UC8sUY16qelG5ge6_D5SB83g"]},{"@type":"Person","@id":"https:\/\/guineediversite.com\/#\/schema\/person\/93f07b8b19c6b61656d0edeba739b9e2","name":"TMB","image":{"@type":"ImageObject","inLanguage":"fr-FR","@id":"https:\/\/guineediversite.com\/#\/schema\/person\/image\/","url":"https:\/\/secure.gravatar.com\/avatar\/2bbb03bec976020eaf4dfa0af0a5259f?s=96&d=mm&r=g","contentUrl":"https:\/\/secure.gravatar.com\/avatar\/2bbb03bec976020eaf4dfa0af0a5259f?s=96&d=mm&r=g","caption":"TMB"},"sameAs":["https:\/\/x.com\/TmoussaBah"],"url":"https:\/\/guineediversite.com\/index.php\/author\/thierno\/"}]}},"_links":{"self":[{"href":"https:\/\/guineediversite.com\/index.php\/wp-json\/wp\/v2\/posts\/30584"}],"collection":[{"href":"https:\/\/guineediversite.com\/index.php\/wp-json\/wp\/v2\/posts"}],"about":[{"href":"https:\/\/guineediversite.com\/index.php\/wp-json\/wp\/v2\/types\/post"}],"author":[{"embeddable":true,"href":"https:\/\/guineediversite.com\/index.php\/wp-json\/wp\/v2\/users\/6"}],"replies":[{"embeddable":true,"href":"https:\/\/guineediversite.com\/index.php\/wp-json\/wp\/v2\/comments?post=30584"}],"version-history":[{"count":1,"href":"https:\/\/guineediversite.com\/index.php\/wp-json\/wp\/v2\/posts\/30584\/revisions"}],"predecessor-version":[{"id":30586,"href":"https:\/\/guineediversite.com\/index.php\/wp-json\/wp\/v2\/posts\/30584\/revisions\/30586"}],"wp:featuredmedia":[{"embeddable":true,"href":"https:\/\/guineediversite.com\/index.php\/wp-json\/wp\/v2\/media\/30585"}],"wp:attachment":[{"href":"https:\/\/guineediversite.com\/index.php\/wp-json\/wp\/v2\/media?parent=30584"}],"wp:term":[{"taxonomy":"category","embeddable":true,"href":"https:\/\/guineediversite.com\/index.php\/wp-json\/wp\/v2\/categories?post=30584"},{"taxonomy":"post_tag","embeddable":true,"href":"https:\/\/guineediversite.com\/index.php\/wp-json\/wp\/v2\/tags?post=30584"}],"curies":[{"name":"wp","href":"https:\/\/api.w.org\/{rel}","templated":true}]}}